{"id":99559,"date":"2018-01-09T00:00:00","date_gmt":"2018-01-09T00:00:00","guid":{"rendered":"https:\/\/mwc-cmm.org\/stories\/mennonites-in-quito-pray-and-work-for-peace\/"},"modified":"2024-12-06T03:17:44","modified_gmt":"2024-12-06T03:17:44","slug":"mennonites-in-quito-pray-and-work-for-peace","status":"publish","type":"post","link":"https:\/\/mwc-cmm.org\/pt-pt\/stories\/mennonites-in-quito-pray-and-work-for-peace\/","title":{"rendered":"Menonitas em Quito oram e trabalham pela paz"},"content":{"rendered":"<p>Ana (n\u00e3o o seu verdadeiro nome), veio para o Equador de Medell\u00edn, Col\u00f4mbia, em 2016 depois de fugir de paramilitares que a mantiveram ref\u00e9m por dois anos. Ela foi submetida a v\u00e1rios tipos de abuso e viol\u00eancia, inclusive o estupro que levou a sua gravidez. Al\u00e9m disso, ela foi for\u00e7ada a cometer v\u00e1rios crimes. Embora esta mulher tenha fugido da viol\u00eancia em seu pa\u00eds, a dor e a raiva a acompanharam durante a sua estadia no Equador.<\/p>\n<p>Quando a Igreja Menonita de Quito a acolheu, ela era insegura, temerosa, triste, exausta, sem energia ou vontade de viver. No entanto, a igreja e o projeto para Refugiados a receberam e a capacitaram, iniciando um processo de cura.<\/p>\n<p>Desde o in\u00edcio, a igreja foi formada a partir de uma comunidade multicultural e inclusiva, inspirada pela vida de Jesus para assumir a miss\u00e3o de orar e trabalhar pela justi\u00e7a e construir a paz. A Igreja Menonita de Quito no Equador abriu suas portas em 2002 como uma iniciativa da Rede Menonita de Miss\u00e3es, a Igreja Menonita da Colombia e a Confer\u00eancia Menonita das Plan\u00edcies Centrais (Iowa-Nebraska).<\/p>\n<p>A igreja recebeu o chamado de acompanhar a popula\u00e7\u00e3o refugiada que fugiu do conflito na Col\u00f4mbia, e por isso o projeto de Refugiados foi criado. Atualmente, o projeto atende 100 fam\u00edlias por m\u00eas que recebem orienta\u00e7\u00e3o, roupas, alimentos, apoio psicol\u00f3gico, ferramentas e suprimentos b\u00e1sicos para come\u00e7ar uma nova vida. \u00c9 importante notar que a ajuda concedida \u00e0s fam\u00edlias mais vulner\u00e1veis \u201a\u00c4\u00e3\u201a\u00c4\u00e3vai al\u00e9m da simples ajuda material e busca fornecer solu\u00e7\u00e3es duradouras que oferecem alternativas para levar uma vida digna no Equador.<\/p>\n<p>A cada m\u00eas, oficinas de paz e valores s\u00e3o facilitadas com refugiados, pessoas locais, crian\u00e7as, com o objetivo de construir a paz atrav\u00e9s da educa\u00e7\u00e3o. Tamb\u00e9m s\u00e3o realizadas reuni\u00e3es com mulheres de diferentes culturas e lugares. Aqui elas compartilham suas hist\u00f3rias, aprendem a cuidar uma da outra e acham sua voz prof\u00e9tica enquanto procuram seguir, sem medo,&nbsp; nos passos de Cristo.<\/p>\n<p>A partir deste ano, a igreja \u00e9 dirigida por uma equipe pastoral nacional composta por 4 mulheres leigas que realizam o trabalho pastoral de forma volunt\u00e1ria e que desejam fortalecer a lideran\u00e7a local por meio do acompanhamento pastoral e de discipulado.<\/p>\n<p>A natureza multicultural da igreja oferece uma rica diversidade de pessoas que participam e que descobriram no Anabatismo a vontade de p\u00f4r em pr\u00e1tica o amor de Deus atrav\u00e9s de express\u00e3es concretas de solidariedade, reconcilia\u00e7\u00e3o, perd\u00e3o, buscando alternativas para a paz e querendo curar as feridas causadas pela viol\u00eancia em seu pa\u00eds.<\/p>\n<p>O Projeto para Refugiados recebe apoio econ\u00f4mico do Comit\u00ea Central Menonita (MCC), de muitas fam\u00edlias equatorianas e igrejas que doam roupas e outros suprimentos. Este trabalho nos permitiu descobrir que a combina\u00e7\u00e3o de miss\u00e3o e coopera\u00e7\u00e3o \u00e9 um bom caminho a seguir para fornecer ajuda humanit\u00e1ria e alcan\u00e7ar metas.<\/p>\n<p>Atrav\u00e9s do projeto, a igreja tem testemunhado sua f\u00e9 e servi\u00e7o, perd\u00e3o e reconcilia\u00e7\u00e3o, e o encontro harmonioso entre diferentes culturas.<\/p>\n<p>Passamos meses acompanhando a Ana,&nbsp; atrav\u00e9s de um intenso acompanhamento terap\u00eautico,&nbsp; descobrimos que a viol\u00eancia e a injusti\u00e7a n\u00e3o conseguiram destruir a capacidade de perdoar, nem a alegria e os sonhos.<\/p>\n<p>Agora, Ana aspira e trabalha para obter uma bolsa de estudo para estudar filosofia na universidade e decidiu que, acima de tudo, ficar\u00e1 feliz. Damos gra\u00e7as a Deus por nos permitir ser o canal atrav\u00e9s do qual a gra\u00e7a e o amor de Deus podem fluir para pessoas que sofreram devido a alguma forma de viol\u00eancia.<\/p>\n<p>&nbsp;<\/p>\n<p>\u2014<em>Um comunicado da Confer\u00eancia Mundial Menonita por Daniela S\u00e1nchez e Alexandra Meneses, Coordenadoras do Projeto de Refugiados, Igreja Menonita de Quito.<\/em><\/p>\n<p><a href=\"https:\/\/www.mwc-cmm.org\/blog\/mennonites-quito-pray-and-work-peace\">Click here<\/a>&nbsp;to read this in English<\/p>\n","protected":false},"excerpt":{"rendered":"<p>Ana (n\u00e3o o seu verdadeiro nome), veio para o Equador de Medell\u00edn, Col\u00f4mbia, em 2016 depois de fugir de paramilitares que a mantiveram ref\u00e9m por dois anos. Ela foi submetida a v\u00e1rios tipos de abuso e viol\u00eancia, inclusive o estupro que levou a sua gravidez. Al\u00e9m disso, ela foi for\u00e7ada a cometer v\u00e1rios crimes. Embora [&hellip;]<\/p>\n","protected":false},"author":1,"featured_media":88899,"comment_status":"closed","ping_status":"closed","sticky":false,"template":"","format":"standard","meta":{"_acf_changed":false,"footnotes":""},"categories":[50],"tags":[],"network":[],"eventcategory":[],"class_list":["post-99559","post","type-post","status-publish","format-standard","has-post-thumbnail","hentry","category-sem-categoria"],"acf":[],"yoast_head":"<!-- This site is optimized with the Yoast SEO plugin v27.2 - https:\/\/yoast.com\/product\/yoast-seo-wordpress\/ -->\n<title>Menonitas em Quito oram e trabalham pela paz - Mennonite World Conference<\/title>\n<meta name=\"robots\" content=\"index, follow, max-snippet:-1, max-image-preview:large, max-video-preview:-1\" \/>\n<link rel=\"canonical\" href=\"https:\/\/mwc-cmm.org\/pt-pt\/stories\/mennonites-in-quito-pray-and-work-for-peace\/\" \/>\n<meta property=\"og:locale\" content=\"pt_PT\" \/>\n<meta property=\"og:type\" content=\"article\" \/>\n<meta property=\"og:title\" content=\"Menonitas em Quito oram e trabalham pela paz - Mennonite World Conference\" \/>\n<meta property=\"og:description\" content=\"Ana (n\u00e3o o seu verdadeiro nome), veio para o Equador de Medell\u00edn, Col\u00f4mbia, em 2016 depois de fugir de paramilitares que a mantiveram ref\u00e9m por dois anos. Ela foi submetida a v\u00e1rios tipos de abuso e viol\u00eancia, inclusive o estupro que levou a sua gravidez. Al\u00e9m disso, ela foi for\u00e7ada a cometer v\u00e1rios crimes. Embora [&hellip;]\" \/>\n<meta property=\"og:url\" content=\"https:\/\/mwc-cmm.org\/pt-pt\/stories\/mennonites-in-quito-pray-and-work-for-peace\/\" \/>\n<meta property=\"og:site_name\" content=\"Mennonite World Conference\" \/>\n<meta property=\"article:publisher\" content=\"https:\/\/www.facebook.com\/MennoniteWorldConference\" \/>\n<meta property=\"article:published_time\" content=\"2018-01-09T00:00:00+00:00\" \/>\n<meta property=\"article:modified_time\" content=\"2024-12-06T03:17:44+00:00\" \/>\n<meta property=\"og:image\" content=\"https:\/\/mwc-cmm.org\/wp-content\/uploads\/2024\/11\/20170926danielasanchezimg_0099_0.jpg\" \/>\n\t<meta property=\"og:image:width\" content=\"750\" \/>\n\t<meta property=\"og:image:height\" content=\"1000\" \/>\n\t<meta property=\"og:image:type\" content=\"image\/jpeg\" \/>\n<meta name=\"author\" content=\"mennworldcon\" \/>\n<script type=\"application\/ld+json\" class=\"yoast-schema-graph\">{\"@context\":\"https:\/\/schema.org\",\"@graph\":[{\"@type\":\"Article\",\"@id\":\"https:\/\/mwc-cmm.org\/pt-pt\/stories\/mennonites-in-quito-pray-and-work-for-peace\/#article\",\"isPartOf\":{\"@id\":\"https:\/\/mwc-cmm.org\/pt-pt\/stories\/mennonites-in-quito-pray-and-work-for-peace\/\"},\"author\":{\"name\":\"mennworldcon\",\"@id\":\"https:\/\/mwc-cmm.org\/en\/#\/schema\/person\/11f6ae0d7d1868ba20a1cc27f067c836\"},\"headline\":\"Menonitas em Quito oram e trabalham pela paz\",\"datePublished\":\"2018-01-09T00:00:00+00:00\",\"dateModified\":\"2024-12-06T03:17:44+00:00\",\"mainEntityOfPage\":{\"@id\":\"https:\/\/mwc-cmm.org\/pt-pt\/stories\/mennonites-in-quito-pray-and-work-for-peace\/\"},\"wordCount\":680,\"publisher\":{\"@id\":\"https:\/\/mwc-cmm.org\/en\/#organization\"},\"image\":{\"@id\":\"https:\/\/mwc-cmm.org\/pt-pt\/stories\/mennonites-in-quito-pray-and-work-for-peace\/#primaryimage\"},\"thumbnailUrl\":\"https:\/\/mwc-cmm.org\/wp-content\/uploads\/2024\/11\/20170926danielasanchezimg_0099_0.jpg\",\"inLanguage\":\"pt-PT\"},{\"@type\":\"WebPage\",\"@id\":\"https:\/\/mwc-cmm.org\/pt-pt\/stories\/mennonites-in-quito-pray-and-work-for-peace\/\",\"url\":\"https:\/\/mwc-cmm.org\/pt-pt\/stories\/mennonites-in-quito-pray-and-work-for-peace\/\",\"name\":\"Menonitas em Quito oram e trabalham pela paz - Mennonite World Conference\",\"isPartOf\":{\"@id\":\"https:\/\/mwc-cmm.org\/en\/#website\"},\"primaryImageOfPage\":{\"@id\":\"https:\/\/mwc-cmm.org\/pt-pt\/stories\/mennonites-in-quito-pray-and-work-for-peace\/#primaryimage\"},\"image\":{\"@id\":\"https:\/\/mwc-cmm.org\/pt-pt\/stories\/mennonites-in-quito-pray-and-work-for-peace\/#primaryimage\"},\"thumbnailUrl\":\"https:\/\/mwc-cmm.org\/wp-content\/uploads\/2024\/11\/20170926danielasanchezimg_0099_0.jpg\",\"datePublished\":\"2018-01-09T00:00:00+00:00\",\"dateModified\":\"2024-12-06T03:17:44+00:00\",\"breadcrumb\":{\"@id\":\"https:\/\/mwc-cmm.org\/pt-pt\/stories\/mennonites-in-quito-pray-and-work-for-peace\/#breadcrumb\"},\"inLanguage\":\"pt-PT\",\"potentialAction\":[{\"@type\":\"ReadAction\",\"target\":[\"https:\/\/mwc-cmm.org\/pt-pt\/stories\/mennonites-in-quito-pray-and-work-for-peace\/\"]}]},{\"@type\":\"ImageObject\",\"inLanguage\":\"pt-PT\",\"@id\":\"https:\/\/mwc-cmm.org\/pt-pt\/stories\/mennonites-in-quito-pray-and-work-for-peace\/#primaryimage\",\"url\":\"https:\/\/mwc-cmm.org\/wp-content\/uploads\/2024\/11\/20170926danielasanchezimg_0099_0.jpg\",\"contentUrl\":\"https:\/\/mwc-cmm.org\/wp-content\/uploads\/2024\/11\/20170926danielasanchezimg_0099_0.jpg\",\"width\":750,\"height\":1000,\"caption\":\"Quito \u9580\u8afe\u6703\u7684\u96e3\u6c11\u6551\u52a9\u8a08\u756b\u70ba\u96e3\u6c11\u8207\u5384\u74dc\u7684\u7684\u5b69\u7ae5\u8209\u8fa6\u548c\u5e73\u8207\u50f9\u503c\u5de5\u4f5c\u574a\"},{\"@type\":\"BreadcrumbList\",\"@id\":\"https:\/\/mwc-cmm.org\/pt-pt\/stories\/mennonites-in-quito-pray-and-work-for-peace\/#breadcrumb\",\"itemListElement\":[{\"@type\":\"ListItem\",\"position\":1,\"name\":\"Home\",\"item\":\"https:\/\/mwc-cmm.org\/pt-pt\/homepage\/\"},{\"@type\":\"ListItem\",\"position\":2,\"name\":\"Menonitas em Quito oram e trabalham pela paz\"}]},{\"@type\":\"WebSite\",\"@id\":\"https:\/\/mwc-cmm.org\/en\/#website\",\"url\":\"https:\/\/mwc-cmm.org\/en\/\",\"name\":\"Mennonite World Conference\",\"description\":\"A communion of Anabaptist-related churches\",\"publisher\":{\"@id\":\"https:\/\/mwc-cmm.org\/en\/#organization\"},\"alternateName\":\"MWC\",\"potentialAction\":[{\"@type\":\"SearchAction\",\"target\":{\"@type\":\"EntryPoint\",\"urlTemplate\":\"https:\/\/mwc-cmm.org\/en\/?s={search_term_string}\"},\"query-input\":{\"@type\":\"PropertyValueSpecification\",\"valueRequired\":true,\"valueName\":\"search_term_string\"}}],\"inLanguage\":\"pt-PT\"},{\"@type\":\"Organization\",\"@id\":\"https:\/\/mwc-cmm.org\/en\/#organization\",\"name\":\"Mennonite World Conference\",\"alternateName\":\"MWC\",\"url\":\"https:\/\/mwc-cmm.org\/en\/\",\"logo\":{\"@type\":\"ImageObject\",\"inLanguage\":\"pt-PT\",\"@id\":\"https:\/\/mwc-cmm.org\/en\/#\/schema\/logo\/image\/\",\"url\":\"https:\/\/mwc-cmm.org\/wp-content\/uploads\/2026\/01\/MWC_Sig_Blue_Horiz_webheader1-logo.svg\",\"contentUrl\":\"https:\/\/mwc-cmm.org\/wp-content\/uploads\/2026\/01\/MWC_Sig_Blue_Horiz_webheader1-logo.svg\",\"width\":786,\"height\":82,\"caption\":\"Mennonite World Conference\"},\"image\":{\"@id\":\"https:\/\/mwc-cmm.org\/en\/#\/schema\/logo\/image\/\"},\"sameAs\":[\"https:\/\/www.facebook.com\/MennoniteWorldConference\",\"https:\/\/www.linkedin.com\/company\/mennonite-world-conference-mwc\/\",\"https:\/\/www.instagram.com\/mwcmm\/\",\"https:\/\/www.youtube.com\/user\/mwccmm\",\"https:\/\/bsky.app\/profile\/mwcmm.bsky.social\"]},{\"@type\":\"Person\",\"@id\":\"https:\/\/mwc-cmm.org\/en\/#\/schema\/person\/11f6ae0d7d1868ba20a1cc27f067c836\",\"name\":\"mennworldcon\",\"image\":{\"@type\":\"ImageObject\",\"inLanguage\":\"pt-PT\",\"@id\":\"https:\/\/secure.gravatar.com\/avatar\/06fdc0dc81c157dfdb82ec42f252178a22307808988d22c043f9eb96f1e0fe80?s=96&d=mm&r=g\",\"url\":\"https:\/\/secure.gravatar.com\/avatar\/06fdc0dc81c157dfdb82ec42f252178a22307808988d22c043f9eb96f1e0fe80?s=96&d=mm&r=g\",\"contentUrl\":\"https:\/\/secure.gravatar.com\/avatar\/06fdc0dc81c157dfdb82ec42f252178a22307808988d22c043f9eb96f1e0fe80?s=96&d=mm&r=g\",\"caption\":\"mennworldcon\"},\"sameAs\":[\"https:\/\/mwc-cmm.org\"],\"url\":\"https:\/\/mwc-cmm.org\/pt-pt\/stories\/author\/mennworldcon\/\"}]}<\/script>\n<!-- \/ Yoast SEO plugin. -->","yoast_head_json":{"title":"Menonitas em Quito oram e trabalham pela paz - Mennonite World Conference","robots":{"index":"index","follow":"follow","max-snippet":"max-snippet:-1","max-image-preview":"max-image-preview:large","max-video-preview":"max-video-preview:-1"},"canonical":"https:\/\/mwc-cmm.org\/pt-pt\/stories\/mennonites-in-quito-pray-and-work-for-peace\/","og_locale":"pt_PT","og_type":"article","og_title":"Menonitas em Quito oram e trabalham pela paz - Mennonite World Conference","og_description":"Ana (n\u00e3o o seu verdadeiro nome), veio para o Equador de Medell\u00edn, Col\u00f4mbia, em 2016 depois de fugir de paramilitares que a mantiveram ref\u00e9m por dois anos. Ela foi submetida a v\u00e1rios tipos de abuso e viol\u00eancia, inclusive o estupro que levou a sua gravidez. Al\u00e9m disso, ela foi for\u00e7ada a cometer v\u00e1rios crimes. Embora [&hellip;]","og_url":"https:\/\/mwc-cmm.org\/pt-pt\/stories\/mennonites-in-quito-pray-and-work-for-peace\/","og_site_name":"Mennonite World Conference","article_publisher":"https:\/\/www.facebook.com\/MennoniteWorldConference","article_published_time":"2018-01-09T00:00:00+00:00","article_modified_time":"2024-12-06T03:17:44+00:00","og_image":[{"width":750,"height":1000,"url":"https:\/\/mwc-cmm.org\/wp-content\/uploads\/2024\/11\/20170926danielasanchezimg_0099_0.jpg","type":"image\/jpeg"}],"author":"mennworldcon","schema":{"@context":"https:\/\/schema.org","@graph":[{"@type":"Article","@id":"https:\/\/mwc-cmm.org\/pt-pt\/stories\/mennonites-in-quito-pray-and-work-for-peace\/#article","isPartOf":{"@id":"https:\/\/mwc-cmm.org\/pt-pt\/stories\/mennonites-in-quito-pray-and-work-for-peace\/"},"author":{"name":"mennworldcon","@id":"https:\/\/mwc-cmm.org\/en\/#\/schema\/person\/11f6ae0d7d1868ba20a1cc27f067c836"},"headline":"Menonitas em Quito oram e trabalham pela paz","datePublished":"2018-01-09T00:00:00+00:00","dateModified":"2024-12-06T03:17:44+00:00","mainEntityOfPage":{"@id":"https:\/\/mwc-cmm.org\/pt-pt\/stories\/mennonites-in-quito-pray-and-work-for-peace\/"},"wordCount":680,"publisher":{"@id":"https:\/\/mwc-cmm.org\/en\/#organization"},"image":{"@id":"https:\/\/mwc-cmm.org\/pt-pt\/stories\/mennonites-in-quito-pray-and-work-for-peace\/#primaryimage"},"thumbnailUrl":"https:\/\/mwc-cmm.org\/wp-content\/uploads\/2024\/11\/20170926danielasanchezimg_0099_0.jpg","inLanguage":"pt-PT"},{"@type":"WebPage","@id":"https:\/\/mwc-cmm.org\/pt-pt\/stories\/mennonites-in-quito-pray-and-work-for-peace\/","url":"https:\/\/mwc-cmm.org\/pt-pt\/stories\/mennonites-in-quito-pray-and-work-for-peace\/","name":"Menonitas em Quito oram e trabalham pela paz - Mennonite World Conference","isPartOf":{"@id":"https:\/\/mwc-cmm.org\/en\/#website"},"primaryImageOfPage":{"@id":"https:\/\/mwc-cmm.org\/pt-pt\/stories\/mennonites-in-quito-pray-and-work-for-peace\/#primaryimage"},"image":{"@id":"https:\/\/mwc-cmm.org\/pt-pt\/stories\/mennonites-in-quito-pray-and-work-for-peace\/#primaryimage"},"thumbnailUrl":"https:\/\/mwc-cmm.org\/wp-content\/uploads\/2024\/11\/20170926danielasanchezimg_0099_0.jpg","datePublished":"2018-01-09T00:00:00+00:00","dateModified":"2024-12-06T03:17:44+00:00","breadcrumb":{"@id":"https:\/\/mwc-cmm.org\/pt-pt\/stories\/mennonites-in-quito-pray-and-work-for-peace\/#breadcrumb"},"inLanguage":"pt-PT","potentialAction":[{"@type":"ReadAction","target":["https:\/\/mwc-cmm.org\/pt-pt\/stories\/mennonites-in-quito-pray-and-work-for-peace\/"]}]},{"@type":"ImageObject","inLanguage":"pt-PT","@id":"https:\/\/mwc-cmm.org\/pt-pt\/stories\/mennonites-in-quito-pray-and-work-for-peace\/#primaryimage","url":"https:\/\/mwc-cmm.org\/wp-content\/uploads\/2024\/11\/20170926danielasanchezimg_0099_0.jpg","contentUrl":"https:\/\/mwc-cmm.org\/wp-content\/uploads\/2024\/11\/20170926danielasanchezimg_0099_0.jpg","width":750,"height":1000,"caption":"Quito \u9580\u8afe\u6703\u7684\u96e3\u6c11\u6551\u52a9\u8a08\u756b\u70ba\u96e3\u6c11\u8207\u5384\u74dc\u7684\u7684\u5b69\u7ae5\u8209\u8fa6\u548c\u5e73\u8207\u50f9\u503c\u5de5\u4f5c\u574a"},{"@type":"BreadcrumbList","@id":"https:\/\/mwc-cmm.org\/pt-pt\/stories\/mennonites-in-quito-pray-and-work-for-peace\/#breadcrumb","itemListElement":[{"@type":"ListItem","position":1,"name":"Home","item":"https:\/\/mwc-cmm.org\/pt-pt\/homepage\/"},{"@type":"ListItem","position":2,"name":"Menonitas em Quito oram e trabalham pela paz"}]},{"@type":"WebSite","@id":"https:\/\/mwc-cmm.org\/en\/#website","url":"https:\/\/mwc-cmm.org\/en\/","name":"Mennonite World Conference","description":"A communion of Anabaptist-related churches","publisher":{"@id":"https:\/\/mwc-cmm.org\/en\/#organization"},"alternateName":"MWC","potentialAction":[{"@type":"SearchAction","target":{"@type":"EntryPoint","urlTemplate":"https:\/\/mwc-cmm.org\/en\/?s={search_term_string}"},"query-input":{"@type":"PropertyValueSpecification","valueRequired":true,"valueName":"search_term_string"}}],"inLanguage":"pt-PT"},{"@type":"Organization","@id":"https:\/\/mwc-cmm.org\/en\/#organization","name":"Mennonite World Conference","alternateName":"MWC","url":"https:\/\/mwc-cmm.org\/en\/","logo":{"@type":"ImageObject","inLanguage":"pt-PT","@id":"https:\/\/mwc-cmm.org\/en\/#\/schema\/logo\/image\/","url":"https:\/\/mwc-cmm.org\/wp-content\/uploads\/2026\/01\/MWC_Sig_Blue_Horiz_webheader1-logo.svg","contentUrl":"https:\/\/mwc-cmm.org\/wp-content\/uploads\/2026\/01\/MWC_Sig_Blue_Horiz_webheader1-logo.svg","width":786,"height":82,"caption":"Mennonite World Conference"},"image":{"@id":"https:\/\/mwc-cmm.org\/en\/#\/schema\/logo\/image\/"},"sameAs":["https:\/\/www.facebook.com\/MennoniteWorldConference","https:\/\/www.linkedin.com\/company\/mennonite-world-conference-mwc\/","https:\/\/www.instagram.com\/mwcmm\/","https:\/\/www.youtube.com\/user\/mwccmm","https:\/\/bsky.app\/profile\/mwcmm.bsky.social"]},{"@type":"Person","@id":"https:\/\/mwc-cmm.org\/en\/#\/schema\/person\/11f6ae0d7d1868ba20a1cc27f067c836","name":"mennworldcon","image":{"@type":"ImageObject","inLanguage":"pt-PT","@id":"https:\/\/secure.gravatar.com\/avatar\/06fdc0dc81c157dfdb82ec42f252178a22307808988d22c043f9eb96f1e0fe80?s=96&d=mm&r=g","url":"https:\/\/secure.gravatar.com\/avatar\/06fdc0dc81c157dfdb82ec42f252178a22307808988d22c043f9eb96f1e0fe80?s=96&d=mm&r=g","contentUrl":"https:\/\/secure.gravatar.com\/avatar\/06fdc0dc81c157dfdb82ec42f252178a22307808988d22c043f9eb96f1e0fe80?s=96&d=mm&r=g","caption":"mennworldcon"},"sameAs":["https:\/\/mwc-cmm.org"],"url":"https:\/\/mwc-cmm.org\/pt-pt\/stories\/author\/mennworldcon\/"}]}},"_links":{"self":[{"href":"https:\/\/mwc-cmm.org\/pt-pt\/wp-json\/wp\/v2\/posts\/99559","targetHints":{"allow":["GET"]}}],"collection":[{"href":"https:\/\/mwc-cmm.org\/pt-pt\/wp-json\/wp\/v2\/posts"}],"about":[{"href":"https:\/\/mwc-cmm.org\/pt-pt\/wp-json\/wp\/v2\/types\/post"}],"author":[{"embeddable":true,"href":"https:\/\/mwc-cmm.org\/pt-pt\/wp-json\/wp\/v2\/users\/1"}],"replies":[{"embeddable":true,"href":"https:\/\/mwc-cmm.org\/pt-pt\/wp-json\/wp\/v2\/comments?post=99559"}],"version-history":[{"count":0,"href":"https:\/\/mwc-cmm.org\/pt-pt\/wp-json\/wp\/v2\/posts\/99559\/revisions"}],"wp:featuredmedia":[{"embeddable":true,"href":"https:\/\/mwc-cmm.org\/pt-pt\/wp-json\/wp\/v2\/media\/88899"}],"wp:attachment":[{"href":"https:\/\/mwc-cmm.org\/pt-pt\/wp-json\/wp\/v2\/media?parent=99559"}],"wp:term":[{"taxonomy":"category","embeddable":true,"href":"https:\/\/mwc-cmm.org\/pt-pt\/wp-json\/wp\/v2\/categories?post=99559"},{"taxonomy":"post_tag","embeddable":true,"href":"https:\/\/mwc-cmm.org\/pt-pt\/wp-json\/wp\/v2\/tags?post=99559"},{"taxonomy":"network","embeddable":true,"href":"https:\/\/mwc-cmm.org\/pt-pt\/wp-json\/wp\/v2\/network?post=99559"},{"taxonomy":"eventcategory","embeddable":true,"href":"https:\/\/mwc-cmm.org\/pt-pt\/wp-json\/wp\/v2\/eventcategory?post=99559"}],"curies":[{"name":"wp","href":"https:\/\/api.w.org\/{rel}","templated":true}]}}