{"id":99503,"date":"2018-06-07T00:00:00","date_gmt":"2018-06-07T00:00:00","guid":{"rendered":"https:\/\/mwc-cmm.org\/stories\/benni-rianna-a-gys-love-story\/"},"modified":"2024-12-09T20:06:27","modified_gmt":"2024-12-09T20:06:27","slug":"benni-rianna-a-gys-love-story","status":"publish","type":"post","link":"https:\/\/mwc-cmm.org\/pt-pt\/stories\/benni-rianna-a-gys-love-story\/","title":{"rendered":"Benni &#038; Rianna: uma hist\u00f3ria de amor da GYS"},"content":{"rendered":"<p>Pais crist\u00e3os costumam encorajar seus filhos e filhas a buscar um companheiro de vida nas atividades da igreja. Eles tamb\u00e9m encorajam os jovens a conhecerem a igreja mundial atrav\u00e9s de experi\u00eancias internacionais. \u00c0s vezes essas situa\u00e7\u00e3es se coincidem.<\/p>\n<p>Os estudantes de teologia Benni e Rianna Isaak-Krauss v\u00e3o comemorar o anivers\u00e1rio de um ano de casamento nesse ver\u00e3o, tr\u00eas anos depois da C\u00fapula Mundial da Juventude (GYS) e da Assembleia do Congresso Mundial Menonita, onde eles se conheceram.<\/p>\n<h3><strong>A\u00e7\u00e3o radical de Deus<\/strong><\/h3>\n<p>\u201cEu tive um pressentimento que seria uma experi\u00eancia muito legal\u201d, diz a canadense-estadunidense Rianna Isaak. Entretanto, como diretora de um acampamento de ver\u00e3o, comparecer a uma confer\u00eancia no meio do m\u00eas de Julho parecia imposs\u00edvel.<\/p>\n<p>\u201cConseguir duas semanas de folga do trabalho foi uma parte fundamental da a\u00e7\u00e3o de Deus\u201d, disse Rianna.<\/p>\n<p>De maneira providencial, ela acabou recebendo licen\u00e7a de mais ou menos um m\u00eas para ir \u00e0 Confer\u00eancia. Ela preencheu a vaga na Delega\u00e7\u00e3o dos Irm\u00e3o Menonitas do Canad\u00e1 e rapidamente conseguiu reunir uma pesquisa sobre os jovens da sua igreja nacional.<\/p>\n<h3><strong>Experi\u00eancia transformadora da igreja<\/strong><\/h3>\n<p>O alem\u00e3o Benni Krauss, selecionado dois anos antes para representar sua igreja nacional, fez parte da organiza\u00e7\u00e3o para a participa\u00e7\u00e3o de mais de 12 pessoas da Alemanha e da Su\u00ed\u00e7a na GYS. Era a segunda vez que ele participava na GYS. Ele passou meio ano no Paraguai estudando, aprendendo espanhol e conhecendo o contexto para entender aspectos mundiais e locais da Assembleia Mundial em Assun\u00e7\u00e3o em 2009.<\/p>\n<p>&#8220;O tempo que passei no Paraguai foi uma experi\u00eancia transformadora\u201d, conta.<\/p>\n<p>Com seu companheiro de lideran\u00e7a do evento em 2015, Benni planejou um extenso programa para seu grupo que tinha como objetivo &#8220;contextualizar a experi\u00eancia&#8221; para jovens de l\u00edngua alem\u00e3. Antes do evento do CMM, eles passaram um per\u00edodo extra nos Estados Unidos para aprender sobre os desafios que amea\u00e7am dividir a Igreja Menonita nos Estados Unidos, quebrando a proximidade dos jovens. Visitaram tamb\u00e9m igrejas liberais e conservadoras.<\/p>\n<p>Benni recomenda que interessados no evento comecem a se planejar com um bom tempo de anteced\u00eancia \u201cReserve tempo para construir relacionamentos&#8221;.<\/p>\n<h3><strong>Os delegados tomam responsabilidades<\/strong><\/h3>\n<p>O papel do delegado na GYS n\u00e3o est\u00e1 bem definido, explica Benni, mas a maioria assumiu a responsabilidade \u00e0 sua maneira. &#8220;Isso faz com que as pessoas avancem na lideran\u00e7a e se conscientizem do alcance da igreja&#8221;, disse ele.<\/p>\n<p>Rianna diz que, por ser jovem, ter sido eleita como delegada foi como receber uma mensagem da igreja: &#8220;Precisamos de voc\u00ea; voc\u00ea \u00e9 importante&#8221;.<\/p>\n<p>&#8220;Eu me senti valorizado como l\u00edder ao poder colaborar e n\u00e3o apenas receber&#8221;, disse Benni.<\/p>\n<p>No intervalo entre as Assembl\u00e9ias, apurou-se que os delegados norte americanos da GYS de 2015 cursavam gradua\u00e7\u00e3o e p\u00f3s-gradua\u00e7\u00e3o em teologia (incluindo Rianna no semin\u00e1rio&nbsp; Anabaptist Mennonite Biblical Seminary, Elkhart, Indiana,EUA), ou serviam a igreja como pastores ou participantes do comit\u00ea do YAB (Jovens Anabatistas).<\/p>\n<p>Na GYS, sentimos como se estivessemos em um acampamento de jovens, diz Benni. &#8220;\u00c9 divertido, \u00e9 participativo &#8230; [mas] os delegados tamb\u00e9m est\u00e3o conscientes da import\u00e2ncia de considerar as diferen\u00e7as&#8221;<\/p>\n<p>Por exemplo, um delegado da Am\u00e9rica Latina se aproximou da Rianna para discutir perspectivas de sexualidade. A conversa respeitosa que eles tiveram criou &#8220;um espa\u00e7o interessante para curiosidade e respeito&#8221;, disse Rianna. &#8220;Tamb\u00e9m pudemos compartilhar essas conversas com nossos grupos continentais: Para mim foi uma experi\u00eancia de humildade e aprendizagem&#8221;.<\/p>\n<p>A GYS e a Assembl\u00e9ia s\u00e3o, \u00e9 claro, reuni\u00e3es da igreja mundial. &#8220;H\u00e1 um profundo amor pela igreja, n\u00e3o simplesmente pelos meus pr\u00f3prios projetos mesmo que eles funcionem bem&#8221;, explica Benni. Os participantes percebem que &#8220;a igreja mundial n\u00e3o \u00e9 apenas um sonho&#8221;.<\/p>\n<p>Benni saiu com ricas experi\u00eancias&nbsp; e mais perguntas. &#8220;Como, tendo consci\u00eancia da nossa diversidade, podemos construir relacionamentos?&#8221;<\/p>\n<h3><strong>Impacto pessoal<\/strong><\/h3>\n<p>Particulamente, Benni e Rianna formaram seu pr\u00f3prio relacionamento apesar da diversidade de suas origens. A centelha de interesse que se acendeu na Assembleia entre esses dois anabatistas inconformados, durante o ano seguinte foi transformada em chamas de amor. Depois da Assembleia, Benni visitou Rianna e sua comunidade no Canad\u00e1; Rianna, por sua vez, mudou-se para a comunidade dos pais de Benni na Alemanha por v\u00e1rios meses. Isso permitiu que eles colocassem em pr\u00e1tica outra li\u00e7\u00e3o aprendida na Assembl\u00e9ia: aprender uma nova l\u00edngua.<\/p>\n<p>&#8220;Conhecer apenas um idioma pode deixar voc\u00ea de fora&#8221;, diz Rianna, reconhecendo que a falta de compreens\u00e3o de qualquer outra l\u00edngua al\u00e9m do ingl\u00eas a exclu\u00eda de algumas conversas, mesmo sabendo que falar ingl\u00eas a coloca em uma posi\u00e7\u00e3o de privil\u00e9gio em rela\u00e7\u00e3o a outros e outras.<\/p>\n<p>Podemos dizer que todos que participaram na GYS t\u00eam duas coisas em comum, diz Benni: Eles compartilham uma identidade anabatista mas tamb\u00e9m possuem suas identidades \u00fanicas e pessoais que variam de acordo com seus contextos. E a partir disso, voc\u00ea pode cultivar amizades, mentoria e talvez at\u00e9 um pouco de romance.<\/p>\n<p>&#8220;Isso \u00e9 a sua parte. A partir da\u00ed, voc\u00ea tem que depender do Esp\u00edrito Santo&#8221;, diz Benni.<\/p>\n<p><em>\u2014Uma publica\u00e7\u00e3o do Congresso Mundial Menonita escrita por Karla Braun<\/em><\/p>\n","protected":false},"excerpt":{"rendered":"<p>Pais crist\u00e3os costumam encorajar seus filhos e filhas a buscar um companheiro de vida nas atividades da igreja. Eles tamb\u00e9m encorajam os jovens a conhecerem a igreja mundial atrav\u00e9s de experi\u00eancias internacionais. \u00c0s vezes essas situa\u00e7\u00e3es se coincidem. Os estudantes de teologia Benni e Rianna Isaak-Krauss v\u00e3o comemorar o anivers\u00e1rio de um ano de casamento [&hellip;]<\/p>\n","protected":false},"author":1,"featured_media":89291,"comment_status":"closed","ping_status":"closed","sticky":false,"template":"","format":"standard","meta":{"_acf_changed":false,"footnotes":""},"categories":[50],"tags":[],"network":[1290],"eventcategory":[],"class_list":["post-99503","post","type-post","status-publish","format-standard","has-post-thumbnail","hentry","category-sem-categoria","network-young-anabaptists-pt-pt"],"acf":[],"yoast_head":"<!-- This site is optimized with the Yoast SEO plugin v27.5 - https:\/\/yoast.com\/product\/yoast-seo-wordpress\/ -->\n<title>Benni &amp; Rianna: uma hist\u00f3ria de amor da GYS - Mennonite World Conference<\/title>\n<meta name=\"robots\" content=\"index, follow, max-snippet:-1, max-image-preview:large, max-video-preview:-1\" \/>\n<link rel=\"canonical\" href=\"https:\/\/mwc-cmm.org\/pt-pt\/stories\/benni-rianna-a-gys-love-story\/\" \/>\n<meta property=\"og:locale\" content=\"pt_PT\" \/>\n<meta property=\"og:type\" content=\"article\" \/>\n<meta property=\"og:title\" content=\"Benni &amp; Rianna: uma hist\u00f3ria de amor da GYS - Mennonite World Conference\" \/>\n<meta property=\"og:description\" content=\"Pais crist\u00e3os costumam encorajar seus filhos e filhas a buscar um companheiro de vida nas atividades da igreja. Eles tamb\u00e9m encorajam os jovens a conhecerem a igreja mundial atrav\u00e9s de experi\u00eancias internacionais. \u00c0s vezes essas situa\u00e7\u00e3es se coincidem. Os estudantes de teologia Benni e Rianna Isaak-Krauss v\u00e3o comemorar o anivers\u00e1rio de um ano de casamento [&hellip;]\" \/>\n<meta property=\"og:url\" content=\"https:\/\/mwc-cmm.org\/pt-pt\/stories\/benni-rianna-a-gys-love-story\/\" \/>\n<meta property=\"og:site_name\" content=\"Mennonite World Conference\" \/>\n<meta property=\"article:publisher\" content=\"https:\/\/www.facebook.com\/MennoniteWorldConference\" \/>\n<meta property=\"article:published_time\" content=\"2018-06-07T00:00:00+00:00\" \/>\n<meta property=\"article:modified_time\" content=\"2024-12-09T20:06:27+00:00\" \/>\n<meta property=\"og:image\" content=\"https:\/\/mwc-cmm.org\/wp-content\/uploads\/2024\/11\/benni_and_rianna.jpg\" \/>\n\t<meta property=\"og:image:width\" content=\"822\" \/>\n\t<meta property=\"og:image:height\" content=\"370\" \/>\n\t<meta property=\"og:image:type\" content=\"image\/jpeg\" \/>\n<meta name=\"author\" content=\"mennworldcon\" \/>\n<script type=\"application\/ld+json\" class=\"yoast-schema-graph\">{\"@context\":\"https:\\\/\\\/schema.org\",\"@graph\":[{\"@type\":\"Article\",\"@id\":\"https:\\\/\\\/mwc-cmm.org\\\/pt-pt\\\/stories\\\/benni-rianna-a-gys-love-story\\\/#article\",\"isPartOf\":{\"@id\":\"https:\\\/\\\/mwc-cmm.org\\\/pt-pt\\\/stories\\\/benni-rianna-a-gys-love-story\\\/\"},\"author\":{\"name\":\"mennworldcon\",\"@id\":\"https:\\\/\\\/mwc-cmm.org\\\/en\\\/#\\\/schema\\\/person\\\/11f6ae0d7d1868ba20a1cc27f067c836\"},\"headline\":\"Benni &#038; Rianna: uma hist\u00f3ria de amor da GYS\",\"datePublished\":\"2018-06-07T00:00:00+00:00\",\"dateModified\":\"2024-12-09T20:06:27+00:00\",\"mainEntityOfPage\":{\"@id\":\"https:\\\/\\\/mwc-cmm.org\\\/pt-pt\\\/stories\\\/benni-rianna-a-gys-love-story\\\/\"},\"wordCount\":899,\"publisher\":{\"@id\":\"https:\\\/\\\/mwc-cmm.org\\\/en\\\/#organization\"},\"image\":{\"@id\":\"https:\\\/\\\/mwc-cmm.org\\\/pt-pt\\\/stories\\\/benni-rianna-a-gys-love-story\\\/#primaryimage\"},\"thumbnailUrl\":\"https:\\\/\\\/mwc-cmm.org\\\/wp-content\\\/uploads\\\/2024\\\/11\\\/benni_and_rianna.jpg\",\"inLanguage\":\"pt-PT\"},{\"@type\":\"WebPage\",\"@id\":\"https:\\\/\\\/mwc-cmm.org\\\/pt-pt\\\/stories\\\/benni-rianna-a-gys-love-story\\\/\",\"url\":\"https:\\\/\\\/mwc-cmm.org\\\/pt-pt\\\/stories\\\/benni-rianna-a-gys-love-story\\\/\",\"name\":\"Benni & Rianna: uma hist\u00f3ria de amor da GYS - Mennonite World Conference\",\"isPartOf\":{\"@id\":\"https:\\\/\\\/mwc-cmm.org\\\/en\\\/#website\"},\"primaryImageOfPage\":{\"@id\":\"https:\\\/\\\/mwc-cmm.org\\\/pt-pt\\\/stories\\\/benni-rianna-a-gys-love-story\\\/#primaryimage\"},\"image\":{\"@id\":\"https:\\\/\\\/mwc-cmm.org\\\/pt-pt\\\/stories\\\/benni-rianna-a-gys-love-story\\\/#primaryimage\"},\"thumbnailUrl\":\"https:\\\/\\\/mwc-cmm.org\\\/wp-content\\\/uploads\\\/2024\\\/11\\\/benni_and_rianna.jpg\",\"datePublished\":\"2018-06-07T00:00:00+00:00\",\"dateModified\":\"2024-12-09T20:06:27+00:00\",\"breadcrumb\":{\"@id\":\"https:\\\/\\\/mwc-cmm.org\\\/pt-pt\\\/stories\\\/benni-rianna-a-gys-love-story\\\/#breadcrumb\"},\"inLanguage\":\"pt-PT\",\"potentialAction\":[{\"@type\":\"ReadAction\",\"target\":[\"https:\\\/\\\/mwc-cmm.org\\\/pt-pt\\\/stories\\\/benni-rianna-a-gys-love-story\\\/\"]}]},{\"@type\":\"ImageObject\",\"inLanguage\":\"pt-PT\",\"@id\":\"https:\\\/\\\/mwc-cmm.org\\\/pt-pt\\\/stories\\\/benni-rianna-a-gys-love-story\\\/#primaryimage\",\"url\":\"https:\\\/\\\/mwc-cmm.org\\\/wp-content\\\/uploads\\\/2024\\\/11\\\/benni_and_rianna.jpg\",\"contentUrl\":\"https:\\\/\\\/mwc-cmm.org\\\/wp-content\\\/uploads\\\/2024\\\/11\\\/benni_and_rianna.jpg\",\"width\":822,\"height\":370,\"caption\":\"\u5de6\u7167\uff1a\u73ed\u5c3c(\u4e2d)\u8207\u745e\u5b89\u5a1c(\u53f3)\u5728\u9752\u5e74\u9ad8\u5cf0\u6703\u6642\u8207\u4ee3\u8868\u5b89\u745e\u96c5(\u5de6)\u5408\u5f71\u3002 \u53f3\u7167\uff1a\u73ed\u5c3c\u5728\u5a5a\u79ae\u6642\u70ba\u745e\u5b89\u5a1c\u884c\u6d17\u8173\u79ae\u3002 Photo: Matthew Veith\"},{\"@type\":\"BreadcrumbList\",\"@id\":\"https:\\\/\\\/mwc-cmm.org\\\/pt-pt\\\/stories\\\/benni-rianna-a-gys-love-story\\\/#breadcrumb\",\"itemListElement\":[{\"@type\":\"ListItem\",\"position\":1,\"name\":\"Home\",\"item\":\"https:\\\/\\\/mwc-cmm.org\\\/pt-pt\\\/homepage\\\/\"},{\"@type\":\"ListItem\",\"position\":2,\"name\":\"Benni &#038; Rianna: uma hist\u00f3ria de amor da GYS\"}]},{\"@type\":\"WebSite\",\"@id\":\"https:\\\/\\\/mwc-cmm.org\\\/en\\\/#website\",\"url\":\"https:\\\/\\\/mwc-cmm.org\\\/en\\\/\",\"name\":\"Mennonite World Conference\",\"description\":\"A communion of Anabaptist-related churches\",\"publisher\":{\"@id\":\"https:\\\/\\\/mwc-cmm.org\\\/en\\\/#organization\"},\"alternateName\":\"MWC\",\"potentialAction\":[{\"@type\":\"SearchAction\",\"target\":{\"@type\":\"EntryPoint\",\"urlTemplate\":\"https:\\\/\\\/mwc-cmm.org\\\/en\\\/?s={search_term_string}\"},\"query-input\":{\"@type\":\"PropertyValueSpecification\",\"valueRequired\":true,\"valueName\":\"search_term_string\"}}],\"inLanguage\":\"pt-PT\"},{\"@type\":\"Organization\",\"@id\":\"https:\\\/\\\/mwc-cmm.org\\\/en\\\/#organization\",\"name\":\"Mennonite World Conference\",\"alternateName\":\"MWC\",\"url\":\"https:\\\/\\\/mwc-cmm.org\\\/en\\\/\",\"logo\":{\"@type\":\"ImageObject\",\"inLanguage\":\"pt-PT\",\"@id\":\"https:\\\/\\\/mwc-cmm.org\\\/en\\\/#\\\/schema\\\/logo\\\/image\\\/\",\"url\":\"https:\\\/\\\/mwc-cmm.org\\\/wp-content\\\/uploads\\\/2026\\\/01\\\/MWC_Sig_Blue_Horiz_webheader1-logo.svg\",\"contentUrl\":\"https:\\\/\\\/mwc-cmm.org\\\/wp-content\\\/uploads\\\/2026\\\/01\\\/MWC_Sig_Blue_Horiz_webheader1-logo.svg\",\"width\":786,\"height\":82,\"caption\":\"Mennonite World Conference\"},\"image\":{\"@id\":\"https:\\\/\\\/mwc-cmm.org\\\/en\\\/#\\\/schema\\\/logo\\\/image\\\/\"},\"sameAs\":[\"https:\\\/\\\/www.facebook.com\\\/MennoniteWorldConference\",\"https:\\\/\\\/www.linkedin.com\\\/company\\\/mennonite-world-conference-mwc\\\/\",\"https:\\\/\\\/www.instagram.com\\\/mwcmm\\\/\",\"https:\\\/\\\/www.youtube.com\\\/user\\\/mwccmm\",\"https:\\\/\\\/bsky.app\\\/profile\\\/mwcmm.bsky.social\"]},{\"@type\":\"Person\",\"@id\":\"https:\\\/\\\/mwc-cmm.org\\\/en\\\/#\\\/schema\\\/person\\\/11f6ae0d7d1868ba20a1cc27f067c836\",\"name\":\"mennworldcon\",\"image\":{\"@type\":\"ImageObject\",\"inLanguage\":\"pt-PT\",\"@id\":\"https:\\\/\\\/secure.gravatar.com\\\/avatar\\\/06fdc0dc81c157dfdb82ec42f252178a22307808988d22c043f9eb96f1e0fe80?s=96&d=mm&r=g\",\"url\":\"https:\\\/\\\/secure.gravatar.com\\\/avatar\\\/06fdc0dc81c157dfdb82ec42f252178a22307808988d22c043f9eb96f1e0fe80?s=96&d=mm&r=g\",\"contentUrl\":\"https:\\\/\\\/secure.gravatar.com\\\/avatar\\\/06fdc0dc81c157dfdb82ec42f252178a22307808988d22c043f9eb96f1e0fe80?s=96&d=mm&r=g\",\"caption\":\"mennworldcon\"},\"sameAs\":[\"https:\\\/\\\/mwc-cmm.org\"],\"url\":\"https:\\\/\\\/mwc-cmm.org\\\/pt-pt\\\/stories\\\/author\\\/mennworldcon\\\/\"}]}<\/script>\n<!-- \/ Yoast SEO plugin. -->","yoast_head_json":{"title":"Benni & Rianna: uma hist\u00f3ria de amor da GYS - Mennonite World Conference","robots":{"index":"index","follow":"follow","max-snippet":"max-snippet:-1","max-image-preview":"max-image-preview:large","max-video-preview":"max-video-preview:-1"},"canonical":"https:\/\/mwc-cmm.org\/pt-pt\/stories\/benni-rianna-a-gys-love-story\/","og_locale":"pt_PT","og_type":"article","og_title":"Benni & Rianna: uma hist\u00f3ria de amor da GYS - Mennonite World Conference","og_description":"Pais crist\u00e3os costumam encorajar seus filhos e filhas a buscar um companheiro de vida nas atividades da igreja. Eles tamb\u00e9m encorajam os jovens a conhecerem a igreja mundial atrav\u00e9s de experi\u00eancias internacionais. \u00c0s vezes essas situa\u00e7\u00e3es se coincidem. Os estudantes de teologia Benni e Rianna Isaak-Krauss v\u00e3o comemorar o anivers\u00e1rio de um ano de casamento [&hellip;]","og_url":"https:\/\/mwc-cmm.org\/pt-pt\/stories\/benni-rianna-a-gys-love-story\/","og_site_name":"Mennonite World Conference","article_publisher":"https:\/\/www.facebook.com\/MennoniteWorldConference","article_published_time":"2018-06-07T00:00:00+00:00","article_modified_time":"2024-12-09T20:06:27+00:00","og_image":[{"width":822,"height":370,"url":"https:\/\/mwc-cmm.org\/wp-content\/uploads\/2024\/11\/benni_and_rianna.jpg","type":"image\/jpeg"}],"author":"mennworldcon","schema":{"@context":"https:\/\/schema.org","@graph":[{"@type":"Article","@id":"https:\/\/mwc-cmm.org\/pt-pt\/stories\/benni-rianna-a-gys-love-story\/#article","isPartOf":{"@id":"https:\/\/mwc-cmm.org\/pt-pt\/stories\/benni-rianna-a-gys-love-story\/"},"author":{"name":"mennworldcon","@id":"https:\/\/mwc-cmm.org\/en\/#\/schema\/person\/11f6ae0d7d1868ba20a1cc27f067c836"},"headline":"Benni &#038; Rianna: uma hist\u00f3ria de amor da GYS","datePublished":"2018-06-07T00:00:00+00:00","dateModified":"2024-12-09T20:06:27+00:00","mainEntityOfPage":{"@id":"https:\/\/mwc-cmm.org\/pt-pt\/stories\/benni-rianna-a-gys-love-story\/"},"wordCount":899,"publisher":{"@id":"https:\/\/mwc-cmm.org\/en\/#organization"},"image":{"@id":"https:\/\/mwc-cmm.org\/pt-pt\/stories\/benni-rianna-a-gys-love-story\/#primaryimage"},"thumbnailUrl":"https:\/\/mwc-cmm.org\/wp-content\/uploads\/2024\/11\/benni_and_rianna.jpg","inLanguage":"pt-PT"},{"@type":"WebPage","@id":"https:\/\/mwc-cmm.org\/pt-pt\/stories\/benni-rianna-a-gys-love-story\/","url":"https:\/\/mwc-cmm.org\/pt-pt\/stories\/benni-rianna-a-gys-love-story\/","name":"Benni & Rianna: uma hist\u00f3ria de amor da GYS - Mennonite World Conference","isPartOf":{"@id":"https:\/\/mwc-cmm.org\/en\/#website"},"primaryImageOfPage":{"@id":"https:\/\/mwc-cmm.org\/pt-pt\/stories\/benni-rianna-a-gys-love-story\/#primaryimage"},"image":{"@id":"https:\/\/mwc-cmm.org\/pt-pt\/stories\/benni-rianna-a-gys-love-story\/#primaryimage"},"thumbnailUrl":"https:\/\/mwc-cmm.org\/wp-content\/uploads\/2024\/11\/benni_and_rianna.jpg","datePublished":"2018-06-07T00:00:00+00:00","dateModified":"2024-12-09T20:06:27+00:00","breadcrumb":{"@id":"https:\/\/mwc-cmm.org\/pt-pt\/stories\/benni-rianna-a-gys-love-story\/#breadcrumb"},"inLanguage":"pt-PT","potentialAction":[{"@type":"ReadAction","target":["https:\/\/mwc-cmm.org\/pt-pt\/stories\/benni-rianna-a-gys-love-story\/"]}]},{"@type":"ImageObject","inLanguage":"pt-PT","@id":"https:\/\/mwc-cmm.org\/pt-pt\/stories\/benni-rianna-a-gys-love-story\/#primaryimage","url":"https:\/\/mwc-cmm.org\/wp-content\/uploads\/2024\/11\/benni_and_rianna.jpg","contentUrl":"https:\/\/mwc-cmm.org\/wp-content\/uploads\/2024\/11\/benni_and_rianna.jpg","width":822,"height":370,"caption":"\u5de6\u7167\uff1a\u73ed\u5c3c(\u4e2d)\u8207\u745e\u5b89\u5a1c(\u53f3)\u5728\u9752\u5e74\u9ad8\u5cf0\u6703\u6642\u8207\u4ee3\u8868\u5b89\u745e\u96c5(\u5de6)\u5408\u5f71\u3002 \u53f3\u7167\uff1a\u73ed\u5c3c\u5728\u5a5a\u79ae\u6642\u70ba\u745e\u5b89\u5a1c\u884c\u6d17\u8173\u79ae\u3002 Photo: Matthew Veith"},{"@type":"BreadcrumbList","@id":"https:\/\/mwc-cmm.org\/pt-pt\/stories\/benni-rianna-a-gys-love-story\/#breadcrumb","itemListElement":[{"@type":"ListItem","position":1,"name":"Home","item":"https:\/\/mwc-cmm.org\/pt-pt\/homepage\/"},{"@type":"ListItem","position":2,"name":"Benni &#038; Rianna: uma hist\u00f3ria de amor da GYS"}]},{"@type":"WebSite","@id":"https:\/\/mwc-cmm.org\/en\/#website","url":"https:\/\/mwc-cmm.org\/en\/","name":"Mennonite World Conference","description":"A communion of Anabaptist-related churches","publisher":{"@id":"https:\/\/mwc-cmm.org\/en\/#organization"},"alternateName":"MWC","potentialAction":[{"@type":"SearchAction","target":{"@type":"EntryPoint","urlTemplate":"https:\/\/mwc-cmm.org\/en\/?s={search_term_string}"},"query-input":{"@type":"PropertyValueSpecification","valueRequired":true,"valueName":"search_term_string"}}],"inLanguage":"pt-PT"},{"@type":"Organization","@id":"https:\/\/mwc-cmm.org\/en\/#organization","name":"Mennonite World Conference","alternateName":"MWC","url":"https:\/\/mwc-cmm.org\/en\/","logo":{"@type":"ImageObject","inLanguage":"pt-PT","@id":"https:\/\/mwc-cmm.org\/en\/#\/schema\/logo\/image\/","url":"https:\/\/mwc-cmm.org\/wp-content\/uploads\/2026\/01\/MWC_Sig_Blue_Horiz_webheader1-logo.svg","contentUrl":"https:\/\/mwc-cmm.org\/wp-content\/uploads\/2026\/01\/MWC_Sig_Blue_Horiz_webheader1-logo.svg","width":786,"height":82,"caption":"Mennonite World Conference"},"image":{"@id":"https:\/\/mwc-cmm.org\/en\/#\/schema\/logo\/image\/"},"sameAs":["https:\/\/www.facebook.com\/MennoniteWorldConference","https:\/\/www.linkedin.com\/company\/mennonite-world-conference-mwc\/","https:\/\/www.instagram.com\/mwcmm\/","https:\/\/www.youtube.com\/user\/mwccmm","https:\/\/bsky.app\/profile\/mwcmm.bsky.social"]},{"@type":"Person","@id":"https:\/\/mwc-cmm.org\/en\/#\/schema\/person\/11f6ae0d7d1868ba20a1cc27f067c836","name":"mennworldcon","image":{"@type":"ImageObject","inLanguage":"pt-PT","@id":"https:\/\/secure.gravatar.com\/avatar\/06fdc0dc81c157dfdb82ec42f252178a22307808988d22c043f9eb96f1e0fe80?s=96&d=mm&r=g","url":"https:\/\/secure.gravatar.com\/avatar\/06fdc0dc81c157dfdb82ec42f252178a22307808988d22c043f9eb96f1e0fe80?s=96&d=mm&r=g","contentUrl":"https:\/\/secure.gravatar.com\/avatar\/06fdc0dc81c157dfdb82ec42f252178a22307808988d22c043f9eb96f1e0fe80?s=96&d=mm&r=g","caption":"mennworldcon"},"sameAs":["https:\/\/mwc-cmm.org"],"url":"https:\/\/mwc-cmm.org\/pt-pt\/stories\/author\/mennworldcon\/"}]}},"_links":{"self":[{"href":"https:\/\/mwc-cmm.org\/pt-pt\/wp-json\/wp\/v2\/posts\/99503","targetHints":{"allow":["GET"]}}],"collection":[{"href":"https:\/\/mwc-cmm.org\/pt-pt\/wp-json\/wp\/v2\/posts"}],"about":[{"href":"https:\/\/mwc-cmm.org\/pt-pt\/wp-json\/wp\/v2\/types\/post"}],"author":[{"embeddable":true,"href":"https:\/\/mwc-cmm.org\/pt-pt\/wp-json\/wp\/v2\/users\/1"}],"replies":[{"embeddable":true,"href":"https:\/\/mwc-cmm.org\/pt-pt\/wp-json\/wp\/v2\/comments?post=99503"}],"version-history":[{"count":0,"href":"https:\/\/mwc-cmm.org\/pt-pt\/wp-json\/wp\/v2\/posts\/99503\/revisions"}],"wp:featuredmedia":[{"embeddable":true,"href":"https:\/\/mwc-cmm.org\/pt-pt\/wp-json\/wp\/v2\/media\/89291"}],"wp:attachment":[{"href":"https:\/\/mwc-cmm.org\/pt-pt\/wp-json\/wp\/v2\/media?parent=99503"}],"wp:term":[{"taxonomy":"category","embeddable":true,"href":"https:\/\/mwc-cmm.org\/pt-pt\/wp-json\/wp\/v2\/categories?post=99503"},{"taxonomy":"post_tag","embeddable":true,"href":"https:\/\/mwc-cmm.org\/pt-pt\/wp-json\/wp\/v2\/tags?post=99503"},{"taxonomy":"network","embeddable":true,"href":"https:\/\/mwc-cmm.org\/pt-pt\/wp-json\/wp\/v2\/network?post=99503"},{"taxonomy":"eventcategory","embeddable":true,"href":"https:\/\/mwc-cmm.org\/pt-pt\/wp-json\/wp\/v2\/eventcategory?post=99503"}],"curies":[{"name":"wp","href":"https:\/\/api.w.org\/{rel}","templated":true}]}}