{"id":99473,"date":"2022-09-16T00:00:00","date_gmt":"2022-09-16T00:00:00","guid":{"rendered":"https:\/\/mwc-cmm.org\/stories\/ministry-partner-update-icomb-september-2022\/"},"modified":"2024-12-06T03:17:56","modified_gmt":"2024-12-06T03:17:56","slug":"ministry-partner-update-icomb-september-2022","status":"publish","type":"post","link":"https:\/\/mwc-cmm.org\/pt-pt\/stories\/ministry-partner-update-icomb-september-2022\/","title":{"rendered":"Atualiza\u00e7\u00e3o do s\u00f3cio do Minist\u00e9rio: ICOMB \u2013 Setembro 2022"},"content":{"rendered":"<h3>Apresentando a Fam\u00edlia Global&nbsp;<\/h3>\n<h2>Igreja Evang\u00e9lica Unida &#8211; Irm\u00e3os Menonitas do Panam\u00e1<\/h2>\n<p><em>ICOMB: Confer\u00eancia dos Membros&nbsp;&nbsp;<\/em><\/p>\n<p>IEU tem dezesseis igrejas locais. Servir as igrejas, devido \u00e0 dist\u00e2ncia entre elas, \u00e9 um pouco dif\u00edcil para a confer\u00eancia. Por essa raz\u00e3o, a confer\u00eancia no Panam\u00e1 funciona por regi\u00e3o. Eles t\u00eam cinco regi\u00e3es e cada regi\u00e3o tem um ou dois coordenadores. Seu prop\u00f3sito \u00e9 monitorar o trabalho atribu\u00eddo pela Assembleia. O foco \u00e9 discipular os membros, os l\u00edderes e coordenar o trabalho entre as igrejas da regi\u00e3o.&nbsp;<\/p>\n<p><strong>OS MINIST\u00c9RIOS<\/strong><br \/>\nAl\u00e9m dos minist\u00e9rios que cada igreja local realiza, existem tr\u00eas minist\u00e9rios gerais para atender \u00e0s necessidades espec\u00edficas de cada grupo.&nbsp;<\/p>\n<p><strong>SENHORAS<\/strong><br \/>\nConseguimos nos reunir com todas as senhoras e realizamos workshops sobre temas espec\u00edficos, como intimidade com Deus e outros temas relacionados. Agora, cada l\u00edder reproduz essas oficinas em sua igreja local. Os testemunhos que as irm\u00e3s compartilham s\u00e3o impressionantes, de como superaram e fortaleceram sua f\u00e9. No futuro, eles continuar\u00e3o a desenvolver temas de acordo com suas necessidades at\u00e9 que entendam o que \u00e9 viver a f\u00e9 na vida com Jesus e o que \u00e9 viver a f\u00e9 com seus irm\u00e3os e irm\u00e3s at\u00e9 que todos alcancem a plenitude de Cristo.&nbsp;<\/p>\n<p><strong>JUVENTUDE<\/strong><br \/>\nO Minist\u00e9rio da Juventude foi criado sob a dire\u00e7\u00e3o dos irm\u00e3os: Giovany e Aurita Pe\u00f1a com planos chamados Ruta Josu\u00e9, que at\u00e9 hoje \u00e9 o que est\u00e1 sendo desenvolvido. Este minist\u00e9rio segue o curso at\u00e9 atingir seu objetivo de formar e capacitar jovens para alcan\u00e7ar a juventude n\u00e3o convertida. Precisamos de muitas ora\u00e7\u00e3es para este minist\u00e9rio.&nbsp;<\/p>\n<p><strong>CRIAN\u00c7AS<img decoding=\"async\" alt=\"\" height=\"188\" data-src=\"https:\/\/mwc-cmm.org\/wp-content\/uploads\/2024\/10\/icomb-sept4.jpg\" style=\"--smush-placeholder-width: 250px; --smush-placeholder-aspect-ratio: 250\/188;float:right\" width=\"250\" src=\"data:image\/svg+xml;base64,PHN2ZyB3aWR0aD0iMSIgaGVpZ2h0PSIxIiB4bWxucz0iaHR0cDovL3d3dy53My5vcmcvMjAwMC9zdmciPjwvc3ZnPg==\" class=\"lazyload\"><\/strong><br \/>\nRecentemente, um novo minist\u00e9rio infantil foi criado. V\u00e1rios grupos de l\u00edderes foram treinados por uma equipe de forma\u00e7\u00e3o, um grupo de jovens da igreja canadense. Est\u00e1 sob a dire\u00e7\u00e3o geral da Irm\u00e3 Girlesa Zuluaga.<\/p>\n<p><strong>DISCIPULADO DE <\/strong><strong>YAVIZA<\/strong><br \/>\nUma iniciativa do irm\u00e3o mission\u00e1rio Einer Zuluaga e hoje sob a dire\u00e7\u00e3o do pastor Dalecio Os\u00f3rio. Come\u00e7ou apenas com estudantes da IUE e, com o tempo, muitos dos irm\u00e3os Guna, dos irm\u00e3os Wounaan e Latinos da Col\u00f4mbia, e dos irm\u00e3os Rama da Nicar\u00e1gua quiseram participar do discipulado e treinar seus l\u00edderes. O interesse&nbsp; deve-se ao testemunho vivo dos graduados que compartilham em suas igrejas, uma vez que o foco da Escola \u00e9 discipular com fundamentos b\u00edblicos b\u00e1sicos com \u00eanfase na forma\u00e7\u00e3o do car\u00e1ter crist\u00e3o e com pr\u00e1tica real. No ano de 2021, fecharam devido ao Covid-19 e este ano retomaram. Vamos orar por este minist\u00e9rio.&nbsp;<\/p>\n<p><strong>GEST\u00ceO DAS FINAN\u00c7AS<\/strong><br \/>\nO IEU possui dois projetos que est\u00e3o sendo desenvolvidos sob a dire\u00e7\u00e3o do irm\u00e3o Obdulio Isarama, denominado Casa Del Sembrador e Acampamento Yaviza, como assist\u00eancia social em abrigos para l\u00edderes do IEU, l\u00edderes de diferentes grupos \u00e9tnicos da Comarca, nacionalmente, e tamb\u00e9m para l\u00edderes de nossos parceiros, internacionalmente, ao mesmo tempo geram renda para a proclama\u00e7\u00e3o do evangelho, abrem novas igrejas e outras obras relacionadas. Acima de tudo, pela autossustentabilidade do IEU.&nbsp;<\/p>\n<p><strong>MISSION\u00c1RIOS E MISS\u00d5ES<\/strong><br \/>\nOs irm\u00e3os Einer e Girlesa Zuluaga t\u00eam sido uma b\u00ean\u00e7\u00e3o para a igreja porque, por meio deles, receberam um bom acompanhamento pastoral, treinamento e bons conselhos. A irm\u00e3 Laverna Pratt tamb\u00e9m come\u00e7ou a apoiar a confer\u00eancia. Agradecemos a Deus por esses mission\u00e1rios.&nbsp;<\/p>\n<p>Agora, a IUE concentra sua vis\u00e3o e miss\u00e3o na popula\u00e7\u00e3o Embera sob a coordena\u00e7\u00e3o geral do Pastor Ricardo Membache, eles selecionaram uma regi\u00e3o muito remota chamada Jaqu\u00e9 sob a dire\u00e7\u00e3o de um casal mission\u00e1rio nacional, Clemente e Narsi Donisabe. Como resultado, eles j\u00e1 t\u00eam uma igreja estabelecida. Em outra \u00e1rea chamada Bajo Lepe, a constru\u00e7\u00e3o de uma capela j\u00e1 come\u00e7ou, j\u00e1 que h\u00e1 muitos participantes e \u00e9 necess\u00e1rio um espa\u00e7o para se reunir. H\u00e1 outras \u00e1reas dentro da Comarca onde eles est\u00e3o come\u00e7ando com o trabalho mission\u00e1rio, \u00e9 em uma regi\u00e3o onde eles estar\u00e3o explorando novos campos para estabelecer igrejas.&nbsp;<\/p>\n<p>Al\u00e9m disso, eles tamb\u00e9m est\u00e3o trabalhando com os irm\u00e3os Wounaan na Col\u00f4mbia, onde a situa\u00e7\u00e3o \u00e9 mais complicada porque a cultura tem ra\u00edzes ancestrais muito fortes. O progresso \u00e9 muito lento. Mas eles confiam que, cedo ou tarde, Deus abrir\u00e1 portas em todas essas regi\u00e3es. Deus j\u00e1 est\u00e1 enviando l\u00edderes para a Escola de Discipulado Yaviza UIS, Panam\u00e1. Ore pela Col\u00f4mbia.&nbsp;<\/p>\n<p><strong>COVID-19&nbsp;<img decoding=\"async\" alt=\"\" height=\"141\" data-src=\"https:\/\/mwc-cmm.org\/wp-content\/uploads\/2024\/10\/icomb-sept2.jpg\" style=\"--smush-placeholder-width: 250px; --smush-placeholder-aspect-ratio: 250\/141;float:right\" width=\"250\" src=\"data:image\/svg+xml;base64,PHN2ZyB3aWR0aD0iMSIgaGVpZ2h0PSIxIiB4bWxucz0iaHR0cDovL3d3dy53My5vcmcvMjAwMC9zdmciPjwvc3ZnPg==\" class=\"lazyload\"><\/strong><br \/>\nPara o IEU, especialmente para as cinco igrejas da cidade, os anos da pandemia foram muito dif\u00edceis. A ang\u00fastia reinou no pa\u00eds, os empregos foram paralisados e os membros preocupados em como lidar durante esse tempo. Muitos membros, l\u00edderes e pastores faleceram durante nesse per\u00edodo. Gra\u00e7as a Deus, pelos irm\u00e3os das igrejas no Canad\u00e1 e da Confer\u00eancia Mundial Menonitas que estenderam suas m\u00e3os para ajudar durante este tempo. As igrejas locais do interior, que tiveram alguns anos mais calmos em termos de covid, ajudaram com produtos agr\u00edcolas. Este ano a situa\u00e7\u00e3o mudou um pouco. Tudo foi por causa da bondade e miseric\u00f3rdia de nosso Deus que nos fez sobreviver. Para ele seja a gl\u00f3ria.&nbsp;<\/p>\n<p>Oremos pela confer\u00eancia no Panam\u00e1, para que Deus lhe d\u00ea for\u00e7a e sa\u00fade para continuar com as obras que lhes foram confiadas. Igrejas que desejam participar das obras acima mencionadas, seja em ora\u00e7\u00e3o ou finan\u00e7as, s\u00e3o bem-vindas.&nbsp;<\/p>\n<hr>\n<h5><img decoding=\"async\" alt=\"ICOMB\" data-src=\"https:\/\/mwc-cmm.org\/wp-content\/uploads\/2024\/10\/icomb_new_logo.png\" width=\"691\" class=\"smush-dimensions lazyload\" style=\"--smush-image-width: 691px; --smush-image-aspect-ratio: 691\/260;\" src=\"data:image\/svg+xml;base64,PHN2ZyB3aWR0aD0iMSIgaGVpZ2h0PSIxIiB4bWxucz0iaHR0cDovL3d3dy53My5vcmcvMjAwMC9zdmciPjwvc3ZnPg==\"><\/h5>\n<h5>A Comunidade Internacional dos Irm\u00e3os Menonitas (ICOMB) \u00e9 composta por 22 igrejas nacionais em 19 pa\u00edses. O ICOMB tamb\u00e9m tem membros associados em mais de 20 pa\u00edses, todos em diferentes pontos ao longo do caminho para a ades\u00e3o plena. O ICOMB existe para facilitar relacionamentos e minist\u00e9rios para aumentar o testemunho e discipulado de suas igrejas nacionais membros &#8211; conectando, fortalecendo e expandindo. &nbsp;<\/h5>\n","protected":false},"excerpt":{"rendered":"<p>IEU tem dezesseis igrejas locais. Servir as igrejas, devido \u00e0 dist\u00e2ncia entre elas, \u00e9 um pouco dif\u00edcil para a confer\u00eancia. Por essa raz\u00e3o, a confer\u00eancia no Panam\u00e1 funciona por regi\u00e3o. Eles t\u00eam cinco regi\u00e3es e cada regi\u00e3o tem um ou dois coordenadores. Seu prop\u00f3sito \u00e9 monitorar o trabalho atribu\u00eddo pela Assembleia. O foco \u00e9 discipular os membros, os l\u00edderes e coordenar o trabalho entre as igrejas da regi\u00e3o.&nbsp;<\/p>\n","protected":false},"author":1,"featured_media":0,"comment_status":"closed","ping_status":"closed","sticky":false,"template":"","format":"standard","meta":{"_acf_changed":false,"footnotes":""},"categories":[50],"tags":[],"network":[],"eventcategory":[],"class_list":["post-99473","post","type-post","status-publish","format-standard","hentry","category-sem-categoria"],"acf":[],"yoast_head":"<!-- This site is optimized with the Yoast SEO plugin v27.5 - https:\/\/yoast.com\/product\/yoast-seo-wordpress\/ -->\n<title>Atualiza\u00e7\u00e3o do s\u00f3cio do Minist\u00e9rio: ICOMB \u2013 Setembro 2022 - Mennonite World Conference<\/title>\n<meta name=\"robots\" content=\"index, follow, max-snippet:-1, max-image-preview:large, max-video-preview:-1\" \/>\n<link rel=\"canonical\" href=\"https:\/\/mwc-cmm.org\/pt-pt\/stories\/ministry-partner-update-icomb-september-2022\/\" \/>\n<meta property=\"og:locale\" content=\"pt_PT\" \/>\n<meta property=\"og:type\" content=\"article\" \/>\n<meta property=\"og:title\" content=\"Atualiza\u00e7\u00e3o do s\u00f3cio do Minist\u00e9rio: ICOMB \u2013 Setembro 2022 - Mennonite World Conference\" \/>\n<meta property=\"og:description\" content=\"IEU tem dezesseis igrejas locais. Servir as igrejas, devido \u00e0 dist\u00e2ncia entre elas, \u00e9 um pouco dif\u00edcil para a confer\u00eancia. Por essa raz\u00e3o, a confer\u00eancia no Panam\u00e1 funciona por regi\u00e3o. Eles t\u00eam cinco regi\u00e3es e cada regi\u00e3o tem um ou dois coordenadores. Seu prop\u00f3sito \u00e9 monitorar o trabalho atribu\u00eddo pela Assembleia. O foco \u00e9 discipular os membros, os l\u00edderes e coordenar o trabalho entre as igrejas da regi\u00e3o.&nbsp;\" \/>\n<meta property=\"og:url\" content=\"https:\/\/mwc-cmm.org\/pt-pt\/stories\/ministry-partner-update-icomb-september-2022\/\" \/>\n<meta property=\"og:site_name\" content=\"Mennonite World Conference\" \/>\n<meta property=\"article:publisher\" content=\"https:\/\/www.facebook.com\/MennoniteWorldConference\" \/>\n<meta property=\"article:published_time\" content=\"2022-09-16T00:00:00+00:00\" \/>\n<meta property=\"article:modified_time\" content=\"2024-12-06T03:17:56+00:00\" \/>\n<meta property=\"og:image\" content=\"https:\/\/mwc-cmm.org\/wp-content\/uploads\/2024\/10\/icomb-sept4.jpg\" \/>\n<meta name=\"author\" content=\"mennworldcon\" \/>\n<script type=\"application\/ld+json\" class=\"yoast-schema-graph\">{\"@context\":\"https:\\\/\\\/schema.org\",\"@graph\":[{\"@type\":\"Article\",\"@id\":\"https:\\\/\\\/mwc-cmm.org\\\/pt-pt\\\/stories\\\/ministry-partner-update-icomb-september-2022\\\/#article\",\"isPartOf\":{\"@id\":\"https:\\\/\\\/mwc-cmm.org\\\/pt-pt\\\/stories\\\/ministry-partner-update-icomb-september-2022\\\/\"},\"author\":{\"name\":\"mennworldcon\",\"@id\":\"https:\\\/\\\/mwc-cmm.org\\\/en\\\/#\\\/schema\\\/person\\\/11f6ae0d7d1868ba20a1cc27f067c836\"},\"headline\":\"Atualiza\u00e7\u00e3o do s\u00f3cio do Minist\u00e9rio: ICOMB \u2013 Setembro 2022\",\"datePublished\":\"2022-09-16T00:00:00+00:00\",\"dateModified\":\"2024-12-06T03:17:56+00:00\",\"mainEntityOfPage\":{\"@id\":\"https:\\\/\\\/mwc-cmm.org\\\/pt-pt\\\/stories\\\/ministry-partner-update-icomb-september-2022\\\/\"},\"wordCount\":1040,\"publisher\":{\"@id\":\"https:\\\/\\\/mwc-cmm.org\\\/en\\\/#organization\"},\"image\":{\"@id\":\"https:\\\/\\\/mwc-cmm.org\\\/pt-pt\\\/stories\\\/ministry-partner-update-icomb-september-2022\\\/#primaryimage\"},\"thumbnailUrl\":\"https:\\\/\\\/mwc-cmm.org\\\/wp-content\\\/uploads\\\/2024\\\/10\\\/icomb-sept4.jpg\",\"inLanguage\":\"pt-PT\"},{\"@type\":\"WebPage\",\"@id\":\"https:\\\/\\\/mwc-cmm.org\\\/pt-pt\\\/stories\\\/ministry-partner-update-icomb-september-2022\\\/\",\"url\":\"https:\\\/\\\/mwc-cmm.org\\\/pt-pt\\\/stories\\\/ministry-partner-update-icomb-september-2022\\\/\",\"name\":\"Atualiza\u00e7\u00e3o do s\u00f3cio do Minist\u00e9rio: ICOMB \u2013 Setembro 2022 - Mennonite World Conference\",\"isPartOf\":{\"@id\":\"https:\\\/\\\/mwc-cmm.org\\\/en\\\/#website\"},\"primaryImageOfPage\":{\"@id\":\"https:\\\/\\\/mwc-cmm.org\\\/pt-pt\\\/stories\\\/ministry-partner-update-icomb-september-2022\\\/#primaryimage\"},\"image\":{\"@id\":\"https:\\\/\\\/mwc-cmm.org\\\/pt-pt\\\/stories\\\/ministry-partner-update-icomb-september-2022\\\/#primaryimage\"},\"thumbnailUrl\":\"https:\\\/\\\/mwc-cmm.org\\\/wp-content\\\/uploads\\\/2024\\\/10\\\/icomb-sept4.jpg\",\"datePublished\":\"2022-09-16T00:00:00+00:00\",\"dateModified\":\"2024-12-06T03:17:56+00:00\",\"breadcrumb\":{\"@id\":\"https:\\\/\\\/mwc-cmm.org\\\/pt-pt\\\/stories\\\/ministry-partner-update-icomb-september-2022\\\/#breadcrumb\"},\"inLanguage\":\"pt-PT\",\"potentialAction\":[{\"@type\":\"ReadAction\",\"target\":[\"https:\\\/\\\/mwc-cmm.org\\\/pt-pt\\\/stories\\\/ministry-partner-update-icomb-september-2022\\\/\"]}]},{\"@type\":\"ImageObject\",\"inLanguage\":\"pt-PT\",\"@id\":\"https:\\\/\\\/mwc-cmm.org\\\/pt-pt\\\/stories\\\/ministry-partner-update-icomb-september-2022\\\/#primaryimage\",\"url\":\"https:\\\/\\\/mwc-cmm.org\\\/wp-content\\\/uploads\\\/2024\\\/10\\\/icomb-sept4.jpg\",\"contentUrl\":\"https:\\\/\\\/mwc-cmm.org\\\/wp-content\\\/uploads\\\/2024\\\/10\\\/icomb-sept4.jpg\"},{\"@type\":\"BreadcrumbList\",\"@id\":\"https:\\\/\\\/mwc-cmm.org\\\/pt-pt\\\/stories\\\/ministry-partner-update-icomb-september-2022\\\/#breadcrumb\",\"itemListElement\":[{\"@type\":\"ListItem\",\"position\":1,\"name\":\"Home\",\"item\":\"https:\\\/\\\/mwc-cmm.org\\\/pt-pt\\\/homepage\\\/\"},{\"@type\":\"ListItem\",\"position\":2,\"name\":\"Atualiza\u00e7\u00e3o do s\u00f3cio do Minist\u00e9rio: ICOMB \u2013 Setembro 2022\"}]},{\"@type\":\"WebSite\",\"@id\":\"https:\\\/\\\/mwc-cmm.org\\\/en\\\/#website\",\"url\":\"https:\\\/\\\/mwc-cmm.org\\\/en\\\/\",\"name\":\"Mennonite World Conference\",\"description\":\"A communion of Anabaptist-related churches\",\"publisher\":{\"@id\":\"https:\\\/\\\/mwc-cmm.org\\\/en\\\/#organization\"},\"alternateName\":\"MWC\",\"potentialAction\":[{\"@type\":\"SearchAction\",\"target\":{\"@type\":\"EntryPoint\",\"urlTemplate\":\"https:\\\/\\\/mwc-cmm.org\\\/en\\\/?s={search_term_string}\"},\"query-input\":{\"@type\":\"PropertyValueSpecification\",\"valueRequired\":true,\"valueName\":\"search_term_string\"}}],\"inLanguage\":\"pt-PT\"},{\"@type\":\"Organization\",\"@id\":\"https:\\\/\\\/mwc-cmm.org\\\/en\\\/#organization\",\"name\":\"Mennonite World Conference\",\"alternateName\":\"MWC\",\"url\":\"https:\\\/\\\/mwc-cmm.org\\\/en\\\/\",\"logo\":{\"@type\":\"ImageObject\",\"inLanguage\":\"pt-PT\",\"@id\":\"https:\\\/\\\/mwc-cmm.org\\\/en\\\/#\\\/schema\\\/logo\\\/image\\\/\",\"url\":\"https:\\\/\\\/mwc-cmm.org\\\/wp-content\\\/uploads\\\/2026\\\/01\\\/MWC_Sig_Blue_Horiz_webheader1-logo.svg\",\"contentUrl\":\"https:\\\/\\\/mwc-cmm.org\\\/wp-content\\\/uploads\\\/2026\\\/01\\\/MWC_Sig_Blue_Horiz_webheader1-logo.svg\",\"width\":786,\"height\":82,\"caption\":\"Mennonite World Conference\"},\"image\":{\"@id\":\"https:\\\/\\\/mwc-cmm.org\\\/en\\\/#\\\/schema\\\/logo\\\/image\\\/\"},\"sameAs\":[\"https:\\\/\\\/www.facebook.com\\\/MennoniteWorldConference\",\"https:\\\/\\\/www.linkedin.com\\\/company\\\/mennonite-world-conference-mwc\\\/\",\"https:\\\/\\\/www.instagram.com\\\/mwcmm\\\/\",\"https:\\\/\\\/www.youtube.com\\\/user\\\/mwccmm\",\"https:\\\/\\\/bsky.app\\\/profile\\\/mwcmm.bsky.social\"]},{\"@type\":\"Person\",\"@id\":\"https:\\\/\\\/mwc-cmm.org\\\/en\\\/#\\\/schema\\\/person\\\/11f6ae0d7d1868ba20a1cc27f067c836\",\"name\":\"mennworldcon\",\"image\":{\"@type\":\"ImageObject\",\"inLanguage\":\"pt-PT\",\"@id\":\"https:\\\/\\\/secure.gravatar.com\\\/avatar\\\/06fdc0dc81c157dfdb82ec42f252178a22307808988d22c043f9eb96f1e0fe80?s=96&d=mm&r=g\",\"url\":\"https:\\\/\\\/secure.gravatar.com\\\/avatar\\\/06fdc0dc81c157dfdb82ec42f252178a22307808988d22c043f9eb96f1e0fe80?s=96&d=mm&r=g\",\"contentUrl\":\"https:\\\/\\\/secure.gravatar.com\\\/avatar\\\/06fdc0dc81c157dfdb82ec42f252178a22307808988d22c043f9eb96f1e0fe80?s=96&d=mm&r=g\",\"caption\":\"mennworldcon\"},\"sameAs\":[\"https:\\\/\\\/mwc-cmm.org\"],\"url\":\"https:\\\/\\\/mwc-cmm.org\\\/pt-pt\\\/stories\\\/author\\\/mennworldcon\\\/\"}]}<\/script>\n<!-- \/ Yoast SEO plugin. -->","yoast_head_json":{"title":"Atualiza\u00e7\u00e3o do s\u00f3cio do Minist\u00e9rio: ICOMB \u2013 Setembro 2022 - Mennonite World Conference","robots":{"index":"index","follow":"follow","max-snippet":"max-snippet:-1","max-image-preview":"max-image-preview:large","max-video-preview":"max-video-preview:-1"},"canonical":"https:\/\/mwc-cmm.org\/pt-pt\/stories\/ministry-partner-update-icomb-september-2022\/","og_locale":"pt_PT","og_type":"article","og_title":"Atualiza\u00e7\u00e3o do s\u00f3cio do Minist\u00e9rio: ICOMB \u2013 Setembro 2022 - Mennonite World Conference","og_description":"IEU tem dezesseis igrejas locais. Servir as igrejas, devido \u00e0 dist\u00e2ncia entre elas, \u00e9 um pouco dif\u00edcil para a confer\u00eancia. Por essa raz\u00e3o, a confer\u00eancia no Panam\u00e1 funciona por regi\u00e3o. Eles t\u00eam cinco regi\u00e3es e cada regi\u00e3o tem um ou dois coordenadores. Seu prop\u00f3sito \u00e9 monitorar o trabalho atribu\u00eddo pela Assembleia. O foco \u00e9 discipular os membros, os l\u00edderes e coordenar o trabalho entre as igrejas da regi\u00e3o.&nbsp;","og_url":"https:\/\/mwc-cmm.org\/pt-pt\/stories\/ministry-partner-update-icomb-september-2022\/","og_site_name":"Mennonite World Conference","article_publisher":"https:\/\/www.facebook.com\/MennoniteWorldConference","article_published_time":"2022-09-16T00:00:00+00:00","article_modified_time":"2024-12-06T03:17:56+00:00","og_image":[{"url":"https:\/\/mwc-cmm.org\/wp-content\/uploads\/2024\/10\/icomb-sept4.jpg","type":"","width":"","height":""}],"author":"mennworldcon","schema":{"@context":"https:\/\/schema.org","@graph":[{"@type":"Article","@id":"https:\/\/mwc-cmm.org\/pt-pt\/stories\/ministry-partner-update-icomb-september-2022\/#article","isPartOf":{"@id":"https:\/\/mwc-cmm.org\/pt-pt\/stories\/ministry-partner-update-icomb-september-2022\/"},"author":{"name":"mennworldcon","@id":"https:\/\/mwc-cmm.org\/en\/#\/schema\/person\/11f6ae0d7d1868ba20a1cc27f067c836"},"headline":"Atualiza\u00e7\u00e3o do s\u00f3cio do Minist\u00e9rio: ICOMB \u2013 Setembro 2022","datePublished":"2022-09-16T00:00:00+00:00","dateModified":"2024-12-06T03:17:56+00:00","mainEntityOfPage":{"@id":"https:\/\/mwc-cmm.org\/pt-pt\/stories\/ministry-partner-update-icomb-september-2022\/"},"wordCount":1040,"publisher":{"@id":"https:\/\/mwc-cmm.org\/en\/#organization"},"image":{"@id":"https:\/\/mwc-cmm.org\/pt-pt\/stories\/ministry-partner-update-icomb-september-2022\/#primaryimage"},"thumbnailUrl":"https:\/\/mwc-cmm.org\/wp-content\/uploads\/2024\/10\/icomb-sept4.jpg","inLanguage":"pt-PT"},{"@type":"WebPage","@id":"https:\/\/mwc-cmm.org\/pt-pt\/stories\/ministry-partner-update-icomb-september-2022\/","url":"https:\/\/mwc-cmm.org\/pt-pt\/stories\/ministry-partner-update-icomb-september-2022\/","name":"Atualiza\u00e7\u00e3o do s\u00f3cio do Minist\u00e9rio: ICOMB \u2013 Setembro 2022 - Mennonite World Conference","isPartOf":{"@id":"https:\/\/mwc-cmm.org\/en\/#website"},"primaryImageOfPage":{"@id":"https:\/\/mwc-cmm.org\/pt-pt\/stories\/ministry-partner-update-icomb-september-2022\/#primaryimage"},"image":{"@id":"https:\/\/mwc-cmm.org\/pt-pt\/stories\/ministry-partner-update-icomb-september-2022\/#primaryimage"},"thumbnailUrl":"https:\/\/mwc-cmm.org\/wp-content\/uploads\/2024\/10\/icomb-sept4.jpg","datePublished":"2022-09-16T00:00:00+00:00","dateModified":"2024-12-06T03:17:56+00:00","breadcrumb":{"@id":"https:\/\/mwc-cmm.org\/pt-pt\/stories\/ministry-partner-update-icomb-september-2022\/#breadcrumb"},"inLanguage":"pt-PT","potentialAction":[{"@type":"ReadAction","target":["https:\/\/mwc-cmm.org\/pt-pt\/stories\/ministry-partner-update-icomb-september-2022\/"]}]},{"@type":"ImageObject","inLanguage":"pt-PT","@id":"https:\/\/mwc-cmm.org\/pt-pt\/stories\/ministry-partner-update-icomb-september-2022\/#primaryimage","url":"https:\/\/mwc-cmm.org\/wp-content\/uploads\/2024\/10\/icomb-sept4.jpg","contentUrl":"https:\/\/mwc-cmm.org\/wp-content\/uploads\/2024\/10\/icomb-sept4.jpg"},{"@type":"BreadcrumbList","@id":"https:\/\/mwc-cmm.org\/pt-pt\/stories\/ministry-partner-update-icomb-september-2022\/#breadcrumb","itemListElement":[{"@type":"ListItem","position":1,"name":"Home","item":"https:\/\/mwc-cmm.org\/pt-pt\/homepage\/"},{"@type":"ListItem","position":2,"name":"Atualiza\u00e7\u00e3o do s\u00f3cio do Minist\u00e9rio: ICOMB \u2013 Setembro 2022"}]},{"@type":"WebSite","@id":"https:\/\/mwc-cmm.org\/en\/#website","url":"https:\/\/mwc-cmm.org\/en\/","name":"Mennonite World Conference","description":"A communion of Anabaptist-related churches","publisher":{"@id":"https:\/\/mwc-cmm.org\/en\/#organization"},"alternateName":"MWC","potentialAction":[{"@type":"SearchAction","target":{"@type":"EntryPoint","urlTemplate":"https:\/\/mwc-cmm.org\/en\/?s={search_term_string}"},"query-input":{"@type":"PropertyValueSpecification","valueRequired":true,"valueName":"search_term_string"}}],"inLanguage":"pt-PT"},{"@type":"Organization","@id":"https:\/\/mwc-cmm.org\/en\/#organization","name":"Mennonite World Conference","alternateName":"MWC","url":"https:\/\/mwc-cmm.org\/en\/","logo":{"@type":"ImageObject","inLanguage":"pt-PT","@id":"https:\/\/mwc-cmm.org\/en\/#\/schema\/logo\/image\/","url":"https:\/\/mwc-cmm.org\/wp-content\/uploads\/2026\/01\/MWC_Sig_Blue_Horiz_webheader1-logo.svg","contentUrl":"https:\/\/mwc-cmm.org\/wp-content\/uploads\/2026\/01\/MWC_Sig_Blue_Horiz_webheader1-logo.svg","width":786,"height":82,"caption":"Mennonite World Conference"},"image":{"@id":"https:\/\/mwc-cmm.org\/en\/#\/schema\/logo\/image\/"},"sameAs":["https:\/\/www.facebook.com\/MennoniteWorldConference","https:\/\/www.linkedin.com\/company\/mennonite-world-conference-mwc\/","https:\/\/www.instagram.com\/mwcmm\/","https:\/\/www.youtube.com\/user\/mwccmm","https:\/\/bsky.app\/profile\/mwcmm.bsky.social"]},{"@type":"Person","@id":"https:\/\/mwc-cmm.org\/en\/#\/schema\/person\/11f6ae0d7d1868ba20a1cc27f067c836","name":"mennworldcon","image":{"@type":"ImageObject","inLanguage":"pt-PT","@id":"https:\/\/secure.gravatar.com\/avatar\/06fdc0dc81c157dfdb82ec42f252178a22307808988d22c043f9eb96f1e0fe80?s=96&d=mm&r=g","url":"https:\/\/secure.gravatar.com\/avatar\/06fdc0dc81c157dfdb82ec42f252178a22307808988d22c043f9eb96f1e0fe80?s=96&d=mm&r=g","contentUrl":"https:\/\/secure.gravatar.com\/avatar\/06fdc0dc81c157dfdb82ec42f252178a22307808988d22c043f9eb96f1e0fe80?s=96&d=mm&r=g","caption":"mennworldcon"},"sameAs":["https:\/\/mwc-cmm.org"],"url":"https:\/\/mwc-cmm.org\/pt-pt\/stories\/author\/mennworldcon\/"}]}},"_links":{"self":[{"href":"https:\/\/mwc-cmm.org\/pt-pt\/wp-json\/wp\/v2\/posts\/99473","targetHints":{"allow":["GET"]}}],"collection":[{"href":"https:\/\/mwc-cmm.org\/pt-pt\/wp-json\/wp\/v2\/posts"}],"about":[{"href":"https:\/\/mwc-cmm.org\/pt-pt\/wp-json\/wp\/v2\/types\/post"}],"author":[{"embeddable":true,"href":"https:\/\/mwc-cmm.org\/pt-pt\/wp-json\/wp\/v2\/users\/1"}],"replies":[{"embeddable":true,"href":"https:\/\/mwc-cmm.org\/pt-pt\/wp-json\/wp\/v2\/comments?post=99473"}],"version-history":[{"count":0,"href":"https:\/\/mwc-cmm.org\/pt-pt\/wp-json\/wp\/v2\/posts\/99473\/revisions"}],"wp:attachment":[{"href":"https:\/\/mwc-cmm.org\/pt-pt\/wp-json\/wp\/v2\/media?parent=99473"}],"wp:term":[{"taxonomy":"category","embeddable":true,"href":"https:\/\/mwc-cmm.org\/pt-pt\/wp-json\/wp\/v2\/categories?post=99473"},{"taxonomy":"post_tag","embeddable":true,"href":"https:\/\/mwc-cmm.org\/pt-pt\/wp-json\/wp\/v2\/tags?post=99473"},{"taxonomy":"network","embeddable":true,"href":"https:\/\/mwc-cmm.org\/pt-pt\/wp-json\/wp\/v2\/network?post=99473"},{"taxonomy":"eventcategory","embeddable":true,"href":"https:\/\/mwc-cmm.org\/pt-pt\/wp-json\/wp\/v2\/eventcategory?post=99473"}],"curies":[{"name":"wp","href":"https:\/\/api.w.org\/{rel}","templated":true}]}}