{"id":99430,"date":"2021-11-16T00:00:00","date_gmt":"2021-11-16T00:00:00","guid":{"rendered":"https:\/\/mwc-cmm.org\/stories\/ministry-partner-update-icomb-november-2021\/"},"modified":"2024-12-06T03:17:54","modified_gmt":"2024-12-06T03:17:54","slug":"ministry-partner-update-icomb-november-2021","status":"publish","type":"post","link":"https:\/\/mwc-cmm.org\/pt-pt\/stories\/ministry-partner-update-icomb-november-2021\/","title":{"rendered":"Atualiza\u00e7\u00e3o do s\u00f3cio do Minist\u00e9rio: ICOMB &#8211; Agosto 2021"},"content":{"rendered":"<h3>Apresentando a Fam\u00edlia Global: Filipinas<\/h3>\n<h2>Kapatirang Menonita Ng Pilipinas Incorporated&nbsp;<\/h2>\n<p><em>Confer\u00eancia Emergente<\/em><\/p>\n<p><strong>Kapatirang Menonita Ng Pilipinas Incorporated ou Irm\u00e3os Menonitas das Filipinas<\/strong> \u00e9 uma Confer\u00eancia Emergente em parceria com o ICOMB. A Confer\u00eancia \u00e9 composta por 8 igrejas locais ou congrega\u00e7\u00e3es localizadas em diferentes regi\u00e3es do pa\u00eds, com um total de aproximadamente 670 membros.&nbsp;<\/p>\n<p>Embora ainda seja uma confer\u00eancia relativamente pequena, os Irm\u00e3os Menonitas das Filipinas louvam a Deus pelas fam\u00edlias e indiv\u00edduos aos quais Ele permite que as igrejas ministrem. A Confer\u00eancia espera retomar \u00e0s atividades presenciais, como estudos b\u00edblicos domiciliares, visitas, evangelismo em campus e outros minist\u00e9rios.&nbsp;<\/p>\n<p>Em setembro de 2021, os seguintes eventos aconteceram no Minist\u00e9rio de Planta\u00e7\u00e3o de Igrejas das Filipinas:&nbsp;<\/p>\n<h4>Pastoral Juvenil da Costa do Tagusao&nbsp;<\/h4>\n<p>Foi um dia feliz e aben\u00e7oado quando 16 jovens e 1 adulto decidiram seguir Jesus no batismo, os quais est\u00e3o sendo conduzidos pelo Pastor Shown no discipulado e no aprendizado de instrumentos musicais, fruto do interesse dos jovens pela m\u00fasica. Alguns desses novos crentes foram apresentados ao Evangelho por equipes TREK que vieram visitar o minist\u00e9rio em Palawan.&nbsp;&nbsp;<\/p>\n<div style=\"text-align:center\">\n<figure class=\"image\" style=\"display:inline-block\"><img decoding=\"async\" alt=\"\" height=\"225\" data-src=\"https:\/\/mwc-cmm.org\/wp-content\/uploads\/2024\/10\/icomb-nov-21-baptism.png\" width=\"600\" src=\"data:image\/svg+xml;base64,PHN2ZyB3aWR0aD0iMSIgaGVpZ2h0PSIxIiB4bWxucz0iaHR0cDovL3d3dy53My5vcmcvMjAwMC9zdmciPjwvc3ZnPg==\" class=\"lazyload\" style=\"--smush-placeholder-width: 600px; --smush-placeholder-aspect-ratio: 600\/225;\" \/><figcaption>16 jovens e 1 adulto decidiram seguir Jesus no batismo<\/figcaption><\/figure>\n<\/div>\n<h4>10\u00ba anivers\u00e1rio da Costa do Tagusao&nbsp;<\/h4>\n<p>\u201cDakila ang iyong katapatan\u201d,&nbsp;Grande \u00e9 a tua fidelidade, ecoou por toda a congrega\u00e7\u00e3o enquanto cantavam com gratid\u00e3o \u00e0 fidelidade de Deus em apoiar o minist\u00e9rio na costa do Tagusao, Brooke\u2019s Point, Palawan. Os jovens realizaram uma dan\u00e7a interpretativa que foi apreciada por quase uma centena de pessoas, membros e convidados, que agraciaram a alegre celebra\u00e7\u00e3o. Ora\u00e7\u00e3es pela provis\u00e3o cont\u00ednua de Deus para as v\u00e1rias coisas necess\u00e1rias para a conclus\u00e3o da constru\u00e7\u00e3o da igreja s\u00e3o muito apreciadas.&nbsp;<\/p>\n<h4>Treinamento de Lideran\u00e7a Missional (MLT) &#8211; M\u00f3dulos 1 e 2&nbsp;<\/h4>\n<p>Louve a Deus pela oportunidade de ensinar pastores, l\u00edderes de igrejas e l\u00edderes jovens de v\u00e1rias igrejas e congrega\u00e7\u00e3es de Brooke\u2019s Point. No M\u00f3dulo 1, houve 58 participantes e, no M\u00f3dulo 2, 37.&nbsp;<\/p>\n<p>\u201cPessoalmente, este treinamento enriqueceu minha vida espiritual e o conhecimento que adquiri ajudar\u00e1 a me tornar mais eficaz como l\u00edder em nossa igreja.\u201d&nbsp;\u2013&nbsp;Ronnie Conde&nbsp;<\/p>\n<p>\u201cA ora\u00e7\u00e3o do Senhor (disc\u00edpulo) como forma de construir intimidade com Deus \u00e9 algo que realmente me aben\u00e7oou.\u201d&nbsp;\u2013&nbsp;Keeya, JCLHC&nbsp;<\/p>\n<p>\u201cApreciei muito o treinamento que recebemos. \u00c9 por isso que incentivei nossos jovens a participarem da forma\u00e7\u00e3o. Louvado seja Deus!\u201d&nbsp;\u2013&nbsp;Vilfred, l\u00edder da Juventude, GDP&nbsp;<\/p>\n<h4>Centro Juvenil de Brooke\u2019s Point&nbsp;<\/h4>\n<p>As aulas ainda est\u00e3o suspensas neste momento. No entanto, os alunos da Palawan State University t\u00eam permiss\u00e3o para frequentar o campus para requisitos de trabalho escolar dentro e fora do campus. Embora tenhamos come\u00e7ado a trabalhar com os l\u00edderes de jovens das sete igrejas locais, estamos aguardando a abertura das aulas para prosseguir com a reforma do Centro de Estudantes proposto ao lado do campus da PSU. Por favor, ore conosco pela b\u00ean\u00e7\u00e3o e orienta\u00e7\u00e3o de Deus enquanto planejamos a renova\u00e7\u00e3o de nosso Centro de Estudantes.<\/p>\n<p>&nbsp;<\/p>\n<p>&nbsp;<\/p>\n<hr \/>\n<h5><img decoding=\"async\" alt=\"ICOMB\" data-src=\"https:\/\/mwc-cmm.org\/wp-content\/uploads\/2024\/10\/icomb_new_logo.png\" width=\"691\" class=\"smush-dimensions lazyload\" style=\"--smush-image-width: 691px; --smush-image-aspect-ratio: 691\/260;\" src=\"data:image\/svg+xml;base64,PHN2ZyB3aWR0aD0iMSIgaGVpZ2h0PSIxIiB4bWxucz0iaHR0cDovL3d3dy53My5vcmcvMjAwMC9zdmciPjwvc3ZnPg==\" \/><\/h5>\n<h5>A Comunidade Internacional dos Irm\u00e3os Menonitas (ICOMB) \u00e9 composta por 22 igrejas nacionais em 19 pa\u00edses. O ICOMB tamb\u00e9m tem membros associados em mais de 20 pa\u00edses, todos em diferentes pontos ao longo do caminho para a ades\u00e3o plena. O ICOMB existe para facilitar relacionamentos e minist\u00e9rios para aumentar o testemunho e discipulado de suas igrejas nacionais membros &#8211; conectando, fortalecendo e expandindo.<\/h5>\n","protected":false},"excerpt":{"rendered":"<p>Apresentando a Fam\u00edlia Global: Filipinas Kapatirang Menonita Ng Pilipinas Incorporated&nbsp; Confer\u00eancia Emergente Kapatirang Menonita Ng Pilipinas Incorporated ou Irm\u00e3os Menonitas das Filipinas \u00e9 uma Confer\u00eancia Emergente em parceria com o ICOMB. A Confer\u00eancia \u00e9 composta por 8 igrejas locais ou congrega\u00e7\u00e3es localizadas em diferentes regi\u00e3es do pa\u00eds, com um total de aproximadamente 670 membros.&nbsp; Embora [&hellip;]<\/p>\n","protected":false},"author":1,"featured_media":0,"comment_status":"closed","ping_status":"closed","sticky":false,"template":"","format":"standard","meta":{"_acf_changed":false,"footnotes":""},"categories":[50],"tags":[],"network":[],"eventcategory":[],"class_list":["post-99430","post","type-post","status-publish","format-standard","hentry","category-sem-categoria"],"acf":[],"yoast_head":"<!-- This site is optimized with the Yoast SEO plugin v27.5 - https:\/\/yoast.com\/product\/yoast-seo-wordpress\/ -->\n<title>Atualiza\u00e7\u00e3o do s\u00f3cio do Minist\u00e9rio: ICOMB - Agosto 2021 - Mennonite World Conference<\/title>\n<meta name=\"robots\" content=\"index, follow, max-snippet:-1, max-image-preview:large, max-video-preview:-1\" \/>\n<link rel=\"canonical\" href=\"https:\/\/mwc-cmm.org\/pt-pt\/stories\/ministry-partner-update-icomb-november-2021\/\" \/>\n<meta property=\"og:locale\" content=\"pt_PT\" \/>\n<meta property=\"og:type\" content=\"article\" \/>\n<meta property=\"og:title\" content=\"Atualiza\u00e7\u00e3o do s\u00f3cio do Minist\u00e9rio: ICOMB - Agosto 2021 - Mennonite World Conference\" \/>\n<meta property=\"og:description\" content=\"Apresentando a Fam\u00edlia Global: Filipinas Kapatirang Menonita Ng Pilipinas Incorporated&nbsp; Confer\u00eancia Emergente Kapatirang Menonita Ng Pilipinas Incorporated ou Irm\u00e3os Menonitas das Filipinas \u00e9 uma Confer\u00eancia Emergente em parceria com o ICOMB. A Confer\u00eancia \u00e9 composta por 8 igrejas locais ou congrega\u00e7\u00e3es localizadas em diferentes regi\u00e3es do pa\u00eds, com um total de aproximadamente 670 membros.&nbsp; Embora [&hellip;]\" \/>\n<meta property=\"og:url\" content=\"https:\/\/mwc-cmm.org\/pt-pt\/stories\/ministry-partner-update-icomb-november-2021\/\" \/>\n<meta property=\"og:site_name\" content=\"Mennonite World Conference\" \/>\n<meta property=\"article:publisher\" content=\"https:\/\/www.facebook.com\/MennoniteWorldConference\" \/>\n<meta property=\"article:published_time\" content=\"2021-11-16T00:00:00+00:00\" \/>\n<meta property=\"article:modified_time\" content=\"2024-12-06T03:17:54+00:00\" \/>\n<meta property=\"og:image\" content=\"https:\/\/mwc-cmm.org\/wp-content\/uploads\/2024\/10\/icomb-nov-21-baptism.png\" \/>\n<meta name=\"author\" content=\"mennworldcon\" \/>\n<script type=\"application\/ld+json\" class=\"yoast-schema-graph\">{\"@context\":\"https:\\\/\\\/schema.org\",\"@graph\":[{\"@type\":\"Article\",\"@id\":\"https:\\\/\\\/mwc-cmm.org\\\/pt-pt\\\/stories\\\/ministry-partner-update-icomb-november-2021\\\/#article\",\"isPartOf\":{\"@id\":\"https:\\\/\\\/mwc-cmm.org\\\/pt-pt\\\/stories\\\/ministry-partner-update-icomb-november-2021\\\/\"},\"author\":{\"name\":\"mennworldcon\",\"@id\":\"https:\\\/\\\/mwc-cmm.org\\\/en\\\/#\\\/schema\\\/person\\\/11f6ae0d7d1868ba20a1cc27f067c836\"},\"headline\":\"Atualiza\u00e7\u00e3o do s\u00f3cio do Minist\u00e9rio: ICOMB &#8211; Agosto 2021\",\"datePublished\":\"2021-11-16T00:00:00+00:00\",\"dateModified\":\"2024-12-06T03:17:54+00:00\",\"mainEntityOfPage\":{\"@id\":\"https:\\\/\\\/mwc-cmm.org\\\/pt-pt\\\/stories\\\/ministry-partner-update-icomb-november-2021\\\/\"},\"wordCount\":617,\"publisher\":{\"@id\":\"https:\\\/\\\/mwc-cmm.org\\\/en\\\/#organization\"},\"image\":{\"@id\":\"https:\\\/\\\/mwc-cmm.org\\\/pt-pt\\\/stories\\\/ministry-partner-update-icomb-november-2021\\\/#primaryimage\"},\"thumbnailUrl\":\"https:\\\/\\\/mwc-cmm.org\\\/wp-content\\\/uploads\\\/2024\\\/10\\\/icomb-nov-21-baptism.png\",\"inLanguage\":\"pt-PT\"},{\"@type\":\"WebPage\",\"@id\":\"https:\\\/\\\/mwc-cmm.org\\\/pt-pt\\\/stories\\\/ministry-partner-update-icomb-november-2021\\\/\",\"url\":\"https:\\\/\\\/mwc-cmm.org\\\/pt-pt\\\/stories\\\/ministry-partner-update-icomb-november-2021\\\/\",\"name\":\"Atualiza\u00e7\u00e3o do s\u00f3cio do Minist\u00e9rio: ICOMB - Agosto 2021 - Mennonite World Conference\",\"isPartOf\":{\"@id\":\"https:\\\/\\\/mwc-cmm.org\\\/en\\\/#website\"},\"primaryImageOfPage\":{\"@id\":\"https:\\\/\\\/mwc-cmm.org\\\/pt-pt\\\/stories\\\/ministry-partner-update-icomb-november-2021\\\/#primaryimage\"},\"image\":{\"@id\":\"https:\\\/\\\/mwc-cmm.org\\\/pt-pt\\\/stories\\\/ministry-partner-update-icomb-november-2021\\\/#primaryimage\"},\"thumbnailUrl\":\"https:\\\/\\\/mwc-cmm.org\\\/wp-content\\\/uploads\\\/2024\\\/10\\\/icomb-nov-21-baptism.png\",\"datePublished\":\"2021-11-16T00:00:00+00:00\",\"dateModified\":\"2024-12-06T03:17:54+00:00\",\"breadcrumb\":{\"@id\":\"https:\\\/\\\/mwc-cmm.org\\\/pt-pt\\\/stories\\\/ministry-partner-update-icomb-november-2021\\\/#breadcrumb\"},\"inLanguage\":\"pt-PT\",\"potentialAction\":[{\"@type\":\"ReadAction\",\"target\":[\"https:\\\/\\\/mwc-cmm.org\\\/pt-pt\\\/stories\\\/ministry-partner-update-icomb-november-2021\\\/\"]}]},{\"@type\":\"ImageObject\",\"inLanguage\":\"pt-PT\",\"@id\":\"https:\\\/\\\/mwc-cmm.org\\\/pt-pt\\\/stories\\\/ministry-partner-update-icomb-november-2021\\\/#primaryimage\",\"url\":\"https:\\\/\\\/mwc-cmm.org\\\/wp-content\\\/uploads\\\/2024\\\/10\\\/icomb-nov-21-baptism.png\",\"contentUrl\":\"https:\\\/\\\/mwc-cmm.org\\\/wp-content\\\/uploads\\\/2024\\\/10\\\/icomb-nov-21-baptism.png\"},{\"@type\":\"BreadcrumbList\",\"@id\":\"https:\\\/\\\/mwc-cmm.org\\\/pt-pt\\\/stories\\\/ministry-partner-update-icomb-november-2021\\\/#breadcrumb\",\"itemListElement\":[{\"@type\":\"ListItem\",\"position\":1,\"name\":\"Home\",\"item\":\"https:\\\/\\\/mwc-cmm.org\\\/pt-pt\\\/homepage\\\/\"},{\"@type\":\"ListItem\",\"position\":2,\"name\":\"Atualiza\u00e7\u00e3o do s\u00f3cio do Minist\u00e9rio: ICOMB &#8211; Agosto 2021\"}]},{\"@type\":\"WebSite\",\"@id\":\"https:\\\/\\\/mwc-cmm.org\\\/en\\\/#website\",\"url\":\"https:\\\/\\\/mwc-cmm.org\\\/en\\\/\",\"name\":\"Mennonite World Conference\",\"description\":\"A communion of Anabaptist-related churches\",\"publisher\":{\"@id\":\"https:\\\/\\\/mwc-cmm.org\\\/en\\\/#organization\"},\"alternateName\":\"MWC\",\"potentialAction\":[{\"@type\":\"SearchAction\",\"target\":{\"@type\":\"EntryPoint\",\"urlTemplate\":\"https:\\\/\\\/mwc-cmm.org\\\/en\\\/?s={search_term_string}\"},\"query-input\":{\"@type\":\"PropertyValueSpecification\",\"valueRequired\":true,\"valueName\":\"search_term_string\"}}],\"inLanguage\":\"pt-PT\"},{\"@type\":\"Organization\",\"@id\":\"https:\\\/\\\/mwc-cmm.org\\\/en\\\/#organization\",\"name\":\"Mennonite World Conference\",\"alternateName\":\"MWC\",\"url\":\"https:\\\/\\\/mwc-cmm.org\\\/en\\\/\",\"logo\":{\"@type\":\"ImageObject\",\"inLanguage\":\"pt-PT\",\"@id\":\"https:\\\/\\\/mwc-cmm.org\\\/en\\\/#\\\/schema\\\/logo\\\/image\\\/\",\"url\":\"https:\\\/\\\/mwc-cmm.org\\\/wp-content\\\/uploads\\\/2026\\\/01\\\/MWC_Sig_Blue_Horiz_webheader1-logo.svg\",\"contentUrl\":\"https:\\\/\\\/mwc-cmm.org\\\/wp-content\\\/uploads\\\/2026\\\/01\\\/MWC_Sig_Blue_Horiz_webheader1-logo.svg\",\"width\":786,\"height\":82,\"caption\":\"Mennonite World Conference\"},\"image\":{\"@id\":\"https:\\\/\\\/mwc-cmm.org\\\/en\\\/#\\\/schema\\\/logo\\\/image\\\/\"},\"sameAs\":[\"https:\\\/\\\/www.facebook.com\\\/MennoniteWorldConference\",\"https:\\\/\\\/www.linkedin.com\\\/company\\\/mennonite-world-conference-mwc\\\/\",\"https:\\\/\\\/www.instagram.com\\\/mwcmm\\\/\",\"https:\\\/\\\/www.youtube.com\\\/user\\\/mwccmm\",\"https:\\\/\\\/bsky.app\\\/profile\\\/mwcmm.bsky.social\"]},{\"@type\":\"Person\",\"@id\":\"https:\\\/\\\/mwc-cmm.org\\\/en\\\/#\\\/schema\\\/person\\\/11f6ae0d7d1868ba20a1cc27f067c836\",\"name\":\"mennworldcon\",\"image\":{\"@type\":\"ImageObject\",\"inLanguage\":\"pt-PT\",\"@id\":\"https:\\\/\\\/secure.gravatar.com\\\/avatar\\\/06fdc0dc81c157dfdb82ec42f252178a22307808988d22c043f9eb96f1e0fe80?s=96&d=mm&r=g\",\"url\":\"https:\\\/\\\/secure.gravatar.com\\\/avatar\\\/06fdc0dc81c157dfdb82ec42f252178a22307808988d22c043f9eb96f1e0fe80?s=96&d=mm&r=g\",\"contentUrl\":\"https:\\\/\\\/secure.gravatar.com\\\/avatar\\\/06fdc0dc81c157dfdb82ec42f252178a22307808988d22c043f9eb96f1e0fe80?s=96&d=mm&r=g\",\"caption\":\"mennworldcon\"},\"sameAs\":[\"https:\\\/\\\/mwc-cmm.org\"],\"url\":\"https:\\\/\\\/mwc-cmm.org\\\/pt-pt\\\/stories\\\/author\\\/mennworldcon\\\/\"}]}<\/script>\n<!-- \/ Yoast SEO plugin. -->","yoast_head_json":{"title":"Atualiza\u00e7\u00e3o do s\u00f3cio do Minist\u00e9rio: ICOMB - Agosto 2021 - Mennonite World Conference","robots":{"index":"index","follow":"follow","max-snippet":"max-snippet:-1","max-image-preview":"max-image-preview:large","max-video-preview":"max-video-preview:-1"},"canonical":"https:\/\/mwc-cmm.org\/pt-pt\/stories\/ministry-partner-update-icomb-november-2021\/","og_locale":"pt_PT","og_type":"article","og_title":"Atualiza\u00e7\u00e3o do s\u00f3cio do Minist\u00e9rio: ICOMB - Agosto 2021 - Mennonite World Conference","og_description":"Apresentando a Fam\u00edlia Global: Filipinas Kapatirang Menonita Ng Pilipinas Incorporated&nbsp; Confer\u00eancia Emergente Kapatirang Menonita Ng Pilipinas Incorporated ou Irm\u00e3os Menonitas das Filipinas \u00e9 uma Confer\u00eancia Emergente em parceria com o ICOMB. A Confer\u00eancia \u00e9 composta por 8 igrejas locais ou congrega\u00e7\u00e3es localizadas em diferentes regi\u00e3es do pa\u00eds, com um total de aproximadamente 670 membros.&nbsp; Embora [&hellip;]","og_url":"https:\/\/mwc-cmm.org\/pt-pt\/stories\/ministry-partner-update-icomb-november-2021\/","og_site_name":"Mennonite World Conference","article_publisher":"https:\/\/www.facebook.com\/MennoniteWorldConference","article_published_time":"2021-11-16T00:00:00+00:00","article_modified_time":"2024-12-06T03:17:54+00:00","og_image":[{"url":"https:\/\/mwc-cmm.org\/wp-content\/uploads\/2024\/10\/icomb-nov-21-baptism.png","type":"","width":"","height":""}],"author":"mennworldcon","schema":{"@context":"https:\/\/schema.org","@graph":[{"@type":"Article","@id":"https:\/\/mwc-cmm.org\/pt-pt\/stories\/ministry-partner-update-icomb-november-2021\/#article","isPartOf":{"@id":"https:\/\/mwc-cmm.org\/pt-pt\/stories\/ministry-partner-update-icomb-november-2021\/"},"author":{"name":"mennworldcon","@id":"https:\/\/mwc-cmm.org\/en\/#\/schema\/person\/11f6ae0d7d1868ba20a1cc27f067c836"},"headline":"Atualiza\u00e7\u00e3o do s\u00f3cio do Minist\u00e9rio: ICOMB &#8211; Agosto 2021","datePublished":"2021-11-16T00:00:00+00:00","dateModified":"2024-12-06T03:17:54+00:00","mainEntityOfPage":{"@id":"https:\/\/mwc-cmm.org\/pt-pt\/stories\/ministry-partner-update-icomb-november-2021\/"},"wordCount":617,"publisher":{"@id":"https:\/\/mwc-cmm.org\/en\/#organization"},"image":{"@id":"https:\/\/mwc-cmm.org\/pt-pt\/stories\/ministry-partner-update-icomb-november-2021\/#primaryimage"},"thumbnailUrl":"https:\/\/mwc-cmm.org\/wp-content\/uploads\/2024\/10\/icomb-nov-21-baptism.png","inLanguage":"pt-PT"},{"@type":"WebPage","@id":"https:\/\/mwc-cmm.org\/pt-pt\/stories\/ministry-partner-update-icomb-november-2021\/","url":"https:\/\/mwc-cmm.org\/pt-pt\/stories\/ministry-partner-update-icomb-november-2021\/","name":"Atualiza\u00e7\u00e3o do s\u00f3cio do Minist\u00e9rio: ICOMB - Agosto 2021 - Mennonite World Conference","isPartOf":{"@id":"https:\/\/mwc-cmm.org\/en\/#website"},"primaryImageOfPage":{"@id":"https:\/\/mwc-cmm.org\/pt-pt\/stories\/ministry-partner-update-icomb-november-2021\/#primaryimage"},"image":{"@id":"https:\/\/mwc-cmm.org\/pt-pt\/stories\/ministry-partner-update-icomb-november-2021\/#primaryimage"},"thumbnailUrl":"https:\/\/mwc-cmm.org\/wp-content\/uploads\/2024\/10\/icomb-nov-21-baptism.png","datePublished":"2021-11-16T00:00:00+00:00","dateModified":"2024-12-06T03:17:54+00:00","breadcrumb":{"@id":"https:\/\/mwc-cmm.org\/pt-pt\/stories\/ministry-partner-update-icomb-november-2021\/#breadcrumb"},"inLanguage":"pt-PT","potentialAction":[{"@type":"ReadAction","target":["https:\/\/mwc-cmm.org\/pt-pt\/stories\/ministry-partner-update-icomb-november-2021\/"]}]},{"@type":"ImageObject","inLanguage":"pt-PT","@id":"https:\/\/mwc-cmm.org\/pt-pt\/stories\/ministry-partner-update-icomb-november-2021\/#primaryimage","url":"https:\/\/mwc-cmm.org\/wp-content\/uploads\/2024\/10\/icomb-nov-21-baptism.png","contentUrl":"https:\/\/mwc-cmm.org\/wp-content\/uploads\/2024\/10\/icomb-nov-21-baptism.png"},{"@type":"BreadcrumbList","@id":"https:\/\/mwc-cmm.org\/pt-pt\/stories\/ministry-partner-update-icomb-november-2021\/#breadcrumb","itemListElement":[{"@type":"ListItem","position":1,"name":"Home","item":"https:\/\/mwc-cmm.org\/pt-pt\/homepage\/"},{"@type":"ListItem","position":2,"name":"Atualiza\u00e7\u00e3o do s\u00f3cio do Minist\u00e9rio: ICOMB &#8211; Agosto 2021"}]},{"@type":"WebSite","@id":"https:\/\/mwc-cmm.org\/en\/#website","url":"https:\/\/mwc-cmm.org\/en\/","name":"Mennonite World Conference","description":"A communion of Anabaptist-related churches","publisher":{"@id":"https:\/\/mwc-cmm.org\/en\/#organization"},"alternateName":"MWC","potentialAction":[{"@type":"SearchAction","target":{"@type":"EntryPoint","urlTemplate":"https:\/\/mwc-cmm.org\/en\/?s={search_term_string}"},"query-input":{"@type":"PropertyValueSpecification","valueRequired":true,"valueName":"search_term_string"}}],"inLanguage":"pt-PT"},{"@type":"Organization","@id":"https:\/\/mwc-cmm.org\/en\/#organization","name":"Mennonite World Conference","alternateName":"MWC","url":"https:\/\/mwc-cmm.org\/en\/","logo":{"@type":"ImageObject","inLanguage":"pt-PT","@id":"https:\/\/mwc-cmm.org\/en\/#\/schema\/logo\/image\/","url":"https:\/\/mwc-cmm.org\/wp-content\/uploads\/2026\/01\/MWC_Sig_Blue_Horiz_webheader1-logo.svg","contentUrl":"https:\/\/mwc-cmm.org\/wp-content\/uploads\/2026\/01\/MWC_Sig_Blue_Horiz_webheader1-logo.svg","width":786,"height":82,"caption":"Mennonite World Conference"},"image":{"@id":"https:\/\/mwc-cmm.org\/en\/#\/schema\/logo\/image\/"},"sameAs":["https:\/\/www.facebook.com\/MennoniteWorldConference","https:\/\/www.linkedin.com\/company\/mennonite-world-conference-mwc\/","https:\/\/www.instagram.com\/mwcmm\/","https:\/\/www.youtube.com\/user\/mwccmm","https:\/\/bsky.app\/profile\/mwcmm.bsky.social"]},{"@type":"Person","@id":"https:\/\/mwc-cmm.org\/en\/#\/schema\/person\/11f6ae0d7d1868ba20a1cc27f067c836","name":"mennworldcon","image":{"@type":"ImageObject","inLanguage":"pt-PT","@id":"https:\/\/secure.gravatar.com\/avatar\/06fdc0dc81c157dfdb82ec42f252178a22307808988d22c043f9eb96f1e0fe80?s=96&d=mm&r=g","url":"https:\/\/secure.gravatar.com\/avatar\/06fdc0dc81c157dfdb82ec42f252178a22307808988d22c043f9eb96f1e0fe80?s=96&d=mm&r=g","contentUrl":"https:\/\/secure.gravatar.com\/avatar\/06fdc0dc81c157dfdb82ec42f252178a22307808988d22c043f9eb96f1e0fe80?s=96&d=mm&r=g","caption":"mennworldcon"},"sameAs":["https:\/\/mwc-cmm.org"],"url":"https:\/\/mwc-cmm.org\/pt-pt\/stories\/author\/mennworldcon\/"}]}},"_links":{"self":[{"href":"https:\/\/mwc-cmm.org\/pt-pt\/wp-json\/wp\/v2\/posts\/99430","targetHints":{"allow":["GET"]}}],"collection":[{"href":"https:\/\/mwc-cmm.org\/pt-pt\/wp-json\/wp\/v2\/posts"}],"about":[{"href":"https:\/\/mwc-cmm.org\/pt-pt\/wp-json\/wp\/v2\/types\/post"}],"author":[{"embeddable":true,"href":"https:\/\/mwc-cmm.org\/pt-pt\/wp-json\/wp\/v2\/users\/1"}],"replies":[{"embeddable":true,"href":"https:\/\/mwc-cmm.org\/pt-pt\/wp-json\/wp\/v2\/comments?post=99430"}],"version-history":[{"count":0,"href":"https:\/\/mwc-cmm.org\/pt-pt\/wp-json\/wp\/v2\/posts\/99430\/revisions"}],"wp:attachment":[{"href":"https:\/\/mwc-cmm.org\/pt-pt\/wp-json\/wp\/v2\/media?parent=99430"}],"wp:term":[{"taxonomy":"category","embeddable":true,"href":"https:\/\/mwc-cmm.org\/pt-pt\/wp-json\/wp\/v2\/categories?post=99430"},{"taxonomy":"post_tag","embeddable":true,"href":"https:\/\/mwc-cmm.org\/pt-pt\/wp-json\/wp\/v2\/tags?post=99430"},{"taxonomy":"network","embeddable":true,"href":"https:\/\/mwc-cmm.org\/pt-pt\/wp-json\/wp\/v2\/network?post=99430"},{"taxonomy":"eventcategory","embeddable":true,"href":"https:\/\/mwc-cmm.org\/pt-pt\/wp-json\/wp\/v2\/eventcategory?post=99430"}],"curies":[{"name":"wp","href":"https:\/\/api.w.org\/{rel}","templated":true}]}}