{"id":9997,"date":"2018-11-01T00:00:00","date_gmt":"2018-11-01T00:00:00","guid":{"rendered":"https:\/\/mwc-cmm.org\/standing-in-solidarity-with-indigenous-people-in-canada-4\/"},"modified":"2024-12-10T17:15:45","modified_gmt":"2024-12-10T17:15:45","slug":"solidarite-avec-les-peuples-autochtones-du-canada","status":"publish","type":"post","link":"https:\/\/mwc-cmm.org\/fr\/stories\/solidarite-avec-les-peuples-autochtones-du-canada\/","title":{"rendered":"Solidarit\u00e9 avec les peuples autochtones du Canada"},"content":{"rendered":"<p>\u00ab Dans la D\u00e9claration de solidarit\u00e9 avec les peuples autochtones, nous retrouvons une valeur que nous partageons mondialement, la construction de la paix. \u00bb Le secr\u00e9taire g\u00e9n\u00e9ral de la Conf\u00e9rence Mennonite Mondiale, C\u00e9sar Garc\u00eda explique : \u00ab Nous ne pouvons r\u00e9glementer la mani\u00e8re dont une \u00c9glise en Cor\u00e9e du Sud ou en Colombie l\u2019exprime et le vit. C\u2019est un sujet que les \u00c9glises dans leurs contextes sp\u00e9cifiques doivent soumettre \u00e0 leur propre discernement. \u00bb<\/p>\n<p>Pour Steve Heinrichs, directeur des relations entre les peuples autochtones et les colons, pour l&rsquo;\u00c9glise mennonite du Canada, membre de la CMM, la solidarit\u00e9 avec les peuples autochtones rime avec action.<\/p>\n<p>Le 20 avril 2018, les leaders autochtones et les anciens de la nation Tsleil Waututh ont invit\u00e9 Steve et d&rsquo;autres responsables d&rsquo;\u00c9glise \u00e0 participer \u00e0 une pri\u00e8re publique afin de soutenir leur lutte. Le collectif s&rsquo;oppose au projet d&rsquo;\u00e9largissement d&rsquo;un pipeline de transport de p\u00e9trole brut et de bitume dilu\u00e9.<\/p>\n<p>La construction d&rsquo;un pipeline de 1 150 km pour l\u2019acheminement du p\u00e9trole de la source au terminal d&rsquo;exp\u00e9dition a soulev\u00e9 une pol\u00e9mique au Canada. De nombreux groupes autochtones oppos\u00e9s au pipeline d\u00e9noncent la d\u00e9gradation de l&rsquo;environnement et l&rsquo;utilisation de terres non c\u00e9d\u00e9es.<\/p>\n<p>Dans l&rsquo;ensemble de la soci\u00e9t\u00e9 canadienne, certains s&rsquo;opposent au pipeline pour des raisons environnementales, d&rsquo;autres y sont favorables pour des raisons \u00e9conomiques.<\/p>\n<p>Ce qui avait commenc\u00e9 par une pri\u00e8re publique s&rsquo;est sold\u00e9 par l\u2019arrestation de certains participants. Ils bloqu\u00e8rent l&rsquo;entr\u00e9e du terminal maritime Westridge \u00e0 Burnaby, en Colombie Britannique, pendant plusieurs heures, jusqu&rsquo;\u00e0 l&rsquo;intervention de la police, dispersant le rassemblement apr\u00e8s avoir inculp\u00e9 de d\u00e9lit p\u00e9nal certains participants.<\/p>\n<p>Steve fut arr\u00eat\u00e9, jug\u00e9 et condamn\u00e9. Il passa six jours en prison au mois d\u2019ao\u00fbt.<\/p>\n<p>\u00ab J&rsquo;ai choisi d&rsquo;agir parce que, au centre de la foi chr\u00e9tienne, il y a la conviction que le Cr\u00e9ateur souffre avec les opprim\u00e9s ; que Dieu prend parti pour les victimes contre les puissances dominantes ; et que les personnes qui voient le mieux les probl\u00e8mes de notre \u00e9poque sont celles qui sont marginalis\u00e9es sur le plan socio-politique \u00bb, a d\u00e9clar\u00e9 Steve devant le tribunal lors de l&rsquo;audience de d\u00e9termination de sa peine.<\/p>\n<p>Ces mots font \u00e9cho \u00e0 la d\u00e9claration de solidarit\u00e9 de la CMM, r\u00e9cemment approuv\u00e9e lors des r\u00e9unions du Conseil G\u00e9n\u00e9ral au Kenya : \u00ab Dans les \u00e9vangiles, J\u00e9sus-Christ, exemple vivant pour l&rsquo;\u00c9glise, incarne la pr\u00e9sence privil\u00e9gi\u00e9e de Dieu aupr\u00e8s du prochain exclu, opprim\u00e9, ignor\u00e9, rejet\u00e9 ou trait\u00e9 comme un \u00e9tranger. \u00bb<\/p>\n<p>\u00ab Il y a un consensus mondial pour que nous agissions en faveur des groupes autochtones [voir la d\u00e9claration de la CMM <a href=\"https:\/\/mwc-cmm.org\/sites\/default\/files\/website_files\/statement_declaration_of_solidarity_with_indigenous_peoples-fr.pdf\">ici<\/a>] \u00bb, a d\u00e9clar\u00e9 le secr\u00e9taire g\u00e9n\u00e9ral de la CMM, C\u00e9sar Garc\u00eda. \u00ab Voici l\u2019exemple d\u2019une personne qui a agi au nom d\u2019un groupe autochtone local et de l\u2019\u00c9glise qu\u2019il repr\u00e9sente, peu importe la pol\u00e9mique. \u00bb<\/p>\n<p><em>\u2014Communiqu\u00e9 de la Conf\u00e9rence Mennonite Mondiale<\/em><\/p>\n<p><a href=\"https:\/\/www.commonword.ca\/ResourceView\/43\/19911\">Cliquez ici<\/a> pour lire l\u2019histoire en anglais.<\/p>\n","protected":false},"excerpt":{"rendered":"<p>NULL<\/p>\n","protected":false},"author":1,"featured_media":89830,"comment_status":"closed","ping_status":"closed","sticky":false,"template":"","format":"standard","meta":{"_acf_changed":false,"footnotes":""},"categories":[7],"tags":[],"network":[],"eventcategory":[],"class_list":["post-9997","post","type-post","status-publish","format-standard","has-post-thumbnail","hentry","category-non-classifiee"],"acf":[],"yoast_head":"<!-- This site is optimized with the Yoast SEO plugin v27.5 - https:\/\/yoast.com\/product\/yoast-seo-wordpress\/ -->\n<title>Solidarit\u00e9 avec les peuples autochtones du Canada - Mennonite World Conference<\/title>\n<meta name=\"robots\" content=\"index, follow, max-snippet:-1, max-image-preview:large, max-video-preview:-1\" \/>\n<link rel=\"canonical\" href=\"https:\/\/mwc-cmm.org\/fr\/stories\/solidarite-avec-les-peuples-autochtones-du-canada\/\" \/>\n<meta property=\"og:locale\" content=\"fr_FR\" \/>\n<meta property=\"og:type\" content=\"article\" \/>\n<meta property=\"og:title\" content=\"Solidarit\u00e9 avec les peuples autochtones du Canada - Mennonite World Conference\" \/>\n<meta property=\"og:description\" content=\"NULL\" \/>\n<meta property=\"og:url\" content=\"https:\/\/mwc-cmm.org\/fr\/stories\/solidarite-avec-les-peuples-autochtones-du-canada\/\" \/>\n<meta property=\"og:site_name\" content=\"Mennonite World Conference\" \/>\n<meta property=\"article:publisher\" content=\"https:\/\/www.facebook.com\/MennoniteWorldConference\" \/>\n<meta property=\"article:published_time\" content=\"2018-11-01T00:00:00+00:00\" \/>\n<meta property=\"article:modified_time\" content=\"2024-12-10T17:15:45+00:00\" \/>\n<meta property=\"og:image\" content=\"https:\/\/mwc-cmm.org\/wp-content\/uploads\/2024\/11\/kathymoorheadthiessen-2018-solidary-scaled.jpg\" \/>\n\t<meta property=\"og:image:width\" content=\"2560\" \/>\n\t<meta property=\"og:image:height\" content=\"1707\" \/>\n\t<meta property=\"og:image:type\" content=\"image\/jpeg\" \/>\n<meta name=\"author\" content=\"mennworldcon\" \/>\n<script type=\"application\/ld+json\" class=\"yoast-schema-graph\">{\"@context\":\"https:\\\/\\\/schema.org\",\"@graph\":[{\"@type\":\"Article\",\"@id\":\"https:\\\/\\\/mwc-cmm.org\\\/fr\\\/stories\\\/solidarite-avec-les-peuples-autochtones-du-canada\\\/#article\",\"isPartOf\":{\"@id\":\"https:\\\/\\\/mwc-cmm.org\\\/fr\\\/stories\\\/solidarite-avec-les-peuples-autochtones-du-canada\\\/\"},\"author\":{\"name\":\"mennworldcon\",\"@id\":\"https:\\\/\\\/mwc-cmm.org\\\/en\\\/#\\\/schema\\\/person\\\/11f6ae0d7d1868ba20a1cc27f067c836\"},\"headline\":\"Solidarit\u00e9 avec les peuples autochtones du Canada\",\"datePublished\":\"2018-11-01T00:00:00+00:00\",\"dateModified\":\"2024-12-10T17:15:45+00:00\",\"mainEntityOfPage\":{\"@id\":\"https:\\\/\\\/mwc-cmm.org\\\/fr\\\/stories\\\/solidarite-avec-les-peuples-autochtones-du-canada\\\/\"},\"wordCount\":547,\"publisher\":{\"@id\":\"https:\\\/\\\/mwc-cmm.org\\\/en\\\/#organization\"},\"image\":{\"@id\":\"https:\\\/\\\/mwc-cmm.org\\\/fr\\\/stories\\\/solidarite-avec-les-peuples-autochtones-du-canada\\\/#primaryimage\"},\"thumbnailUrl\":\"https:\\\/\\\/mwc-cmm.org\\\/wp-content\\\/uploads\\\/2024\\\/11\\\/kathymoorheadthiessen-2018-solidary-scaled.jpg\",\"articleSection\":[\"Non classifi\u00e9(e)\"],\"inLanguage\":\"fr-FR\"},{\"@type\":\"WebPage\",\"@id\":\"https:\\\/\\\/mwc-cmm.org\\\/fr\\\/stories\\\/solidarite-avec-les-peuples-autochtones-du-canada\\\/\",\"url\":\"https:\\\/\\\/mwc-cmm.org\\\/fr\\\/stories\\\/solidarite-avec-les-peuples-autochtones-du-canada\\\/\",\"name\":\"Solidarit\u00e9 avec les peuples autochtones du Canada - Mennonite World Conference\",\"isPartOf\":{\"@id\":\"https:\\\/\\\/mwc-cmm.org\\\/en\\\/#website\"},\"primaryImageOfPage\":{\"@id\":\"https:\\\/\\\/mwc-cmm.org\\\/fr\\\/stories\\\/solidarite-avec-les-peuples-autochtones-du-canada\\\/#primaryimage\"},\"image\":{\"@id\":\"https:\\\/\\\/mwc-cmm.org\\\/fr\\\/stories\\\/solidarite-avec-les-peuples-autochtones-du-canada\\\/#primaryimage\"},\"thumbnailUrl\":\"https:\\\/\\\/mwc-cmm.org\\\/wp-content\\\/uploads\\\/2024\\\/11\\\/kathymoorheadthiessen-2018-solidary-scaled.jpg\",\"datePublished\":\"2018-11-01T00:00:00+00:00\",\"dateModified\":\"2024-12-10T17:15:45+00:00\",\"breadcrumb\":{\"@id\":\"https:\\\/\\\/mwc-cmm.org\\\/fr\\\/stories\\\/solidarite-avec-les-peuples-autochtones-du-canada\\\/#breadcrumb\"},\"inLanguage\":\"fr-FR\",\"potentialAction\":[{\"@type\":\"ReadAction\",\"target\":[\"https:\\\/\\\/mwc-cmm.org\\\/fr\\\/stories\\\/solidarite-avec-les-peuples-autochtones-du-canada\\\/\"]}]},{\"@type\":\"ImageObject\",\"inLanguage\":\"fr-FR\",\"@id\":\"https:\\\/\\\/mwc-cmm.org\\\/fr\\\/stories\\\/solidarite-avec-les-peuples-autochtones-du-canada\\\/#primaryimage\",\"url\":\"https:\\\/\\\/mwc-cmm.org\\\/wp-content\\\/uploads\\\/2024\\\/11\\\/kathymoorheadthiessen-2018-solidary-scaled.jpg\",\"contentUrl\":\"https:\\\/\\\/mwc-cmm.org\\\/wp-content\\\/uploads\\\/2024\\\/11\\\/kathymoorheadthiessen-2018-solidary-scaled.jpg\",\"width\":2560,\"height\":1707},{\"@type\":\"BreadcrumbList\",\"@id\":\"https:\\\/\\\/mwc-cmm.org\\\/fr\\\/stories\\\/solidarite-avec-les-peuples-autochtones-du-canada\\\/#breadcrumb\",\"itemListElement\":[{\"@type\":\"ListItem\",\"position\":1,\"name\":\"Home\",\"item\":\"https:\\\/\\\/mwc-cmm.org\\\/fr\\\/\"},{\"@type\":\"ListItem\",\"position\":2,\"name\":\"Solidarit\u00e9 avec les peuples autochtones du Canada\"}]},{\"@type\":\"WebSite\",\"@id\":\"https:\\\/\\\/mwc-cmm.org\\\/en\\\/#website\",\"url\":\"https:\\\/\\\/mwc-cmm.org\\\/en\\\/\",\"name\":\"Mennonite World Conference\",\"description\":\"A communion of Anabaptist-related churches\",\"publisher\":{\"@id\":\"https:\\\/\\\/mwc-cmm.org\\\/en\\\/#organization\"},\"alternateName\":\"MWC\",\"potentialAction\":[{\"@type\":\"SearchAction\",\"target\":{\"@type\":\"EntryPoint\",\"urlTemplate\":\"https:\\\/\\\/mwc-cmm.org\\\/en\\\/?s={search_term_string}\"},\"query-input\":{\"@type\":\"PropertyValueSpecification\",\"valueRequired\":true,\"valueName\":\"search_term_string\"}}],\"inLanguage\":\"fr-FR\"},{\"@type\":\"Organization\",\"@id\":\"https:\\\/\\\/mwc-cmm.org\\\/en\\\/#organization\",\"name\":\"Mennonite World Conference\",\"alternateName\":\"MWC\",\"url\":\"https:\\\/\\\/mwc-cmm.org\\\/en\\\/\",\"logo\":{\"@type\":\"ImageObject\",\"inLanguage\":\"fr-FR\",\"@id\":\"https:\\\/\\\/mwc-cmm.org\\\/en\\\/#\\\/schema\\\/logo\\\/image\\\/\",\"url\":\"https:\\\/\\\/mwc-cmm.org\\\/wp-content\\\/uploads\\\/2026\\\/01\\\/MWC_Sig_Blue_Horiz_webheader1-logo.svg\",\"contentUrl\":\"https:\\\/\\\/mwc-cmm.org\\\/wp-content\\\/uploads\\\/2026\\\/01\\\/MWC_Sig_Blue_Horiz_webheader1-logo.svg\",\"width\":786,\"height\":82,\"caption\":\"Mennonite World Conference\"},\"image\":{\"@id\":\"https:\\\/\\\/mwc-cmm.org\\\/en\\\/#\\\/schema\\\/logo\\\/image\\\/\"},\"sameAs\":[\"https:\\\/\\\/www.facebook.com\\\/MennoniteWorldConference\",\"https:\\\/\\\/www.linkedin.com\\\/company\\\/mennonite-world-conference-mwc\\\/\",\"https:\\\/\\\/www.instagram.com\\\/mwcmm\\\/\",\"https:\\\/\\\/www.youtube.com\\\/user\\\/mwccmm\",\"https:\\\/\\\/bsky.app\\\/profile\\\/mwcmm.bsky.social\"]},{\"@type\":\"Person\",\"@id\":\"https:\\\/\\\/mwc-cmm.org\\\/en\\\/#\\\/schema\\\/person\\\/11f6ae0d7d1868ba20a1cc27f067c836\",\"name\":\"mennworldcon\",\"image\":{\"@type\":\"ImageObject\",\"inLanguage\":\"fr-FR\",\"@id\":\"https:\\\/\\\/secure.gravatar.com\\\/avatar\\\/06fdc0dc81c157dfdb82ec42f252178a22307808988d22c043f9eb96f1e0fe80?s=96&d=mm&r=g\",\"url\":\"https:\\\/\\\/secure.gravatar.com\\\/avatar\\\/06fdc0dc81c157dfdb82ec42f252178a22307808988d22c043f9eb96f1e0fe80?s=96&d=mm&r=g\",\"contentUrl\":\"https:\\\/\\\/secure.gravatar.com\\\/avatar\\\/06fdc0dc81c157dfdb82ec42f252178a22307808988d22c043f9eb96f1e0fe80?s=96&d=mm&r=g\",\"caption\":\"mennworldcon\"},\"sameAs\":[\"https:\\\/\\\/mwc-cmm.org\"],\"url\":\"https:\\\/\\\/mwc-cmm.org\\\/fr\\\/stories\\\/author\\\/mennworldcon\\\/\"}]}<\/script>\n<!-- \/ Yoast SEO plugin. -->","yoast_head_json":{"title":"Solidarit\u00e9 avec les peuples autochtones du Canada - Mennonite World Conference","robots":{"index":"index","follow":"follow","max-snippet":"max-snippet:-1","max-image-preview":"max-image-preview:large","max-video-preview":"max-video-preview:-1"},"canonical":"https:\/\/mwc-cmm.org\/fr\/stories\/solidarite-avec-les-peuples-autochtones-du-canada\/","og_locale":"fr_FR","og_type":"article","og_title":"Solidarit\u00e9 avec les peuples autochtones du Canada - Mennonite World Conference","og_description":"NULL","og_url":"https:\/\/mwc-cmm.org\/fr\/stories\/solidarite-avec-les-peuples-autochtones-du-canada\/","og_site_name":"Mennonite World Conference","article_publisher":"https:\/\/www.facebook.com\/MennoniteWorldConference","article_published_time":"2018-11-01T00:00:00+00:00","article_modified_time":"2024-12-10T17:15:45+00:00","og_image":[{"width":2560,"height":1707,"url":"https:\/\/mwc-cmm.org\/wp-content\/uploads\/2024\/11\/kathymoorheadthiessen-2018-solidary-scaled.jpg","type":"image\/jpeg"}],"author":"mennworldcon","schema":{"@context":"https:\/\/schema.org","@graph":[{"@type":"Article","@id":"https:\/\/mwc-cmm.org\/fr\/stories\/solidarite-avec-les-peuples-autochtones-du-canada\/#article","isPartOf":{"@id":"https:\/\/mwc-cmm.org\/fr\/stories\/solidarite-avec-les-peuples-autochtones-du-canada\/"},"author":{"name":"mennworldcon","@id":"https:\/\/mwc-cmm.org\/en\/#\/schema\/person\/11f6ae0d7d1868ba20a1cc27f067c836"},"headline":"Solidarit\u00e9 avec les peuples autochtones du Canada","datePublished":"2018-11-01T00:00:00+00:00","dateModified":"2024-12-10T17:15:45+00:00","mainEntityOfPage":{"@id":"https:\/\/mwc-cmm.org\/fr\/stories\/solidarite-avec-les-peuples-autochtones-du-canada\/"},"wordCount":547,"publisher":{"@id":"https:\/\/mwc-cmm.org\/en\/#organization"},"image":{"@id":"https:\/\/mwc-cmm.org\/fr\/stories\/solidarite-avec-les-peuples-autochtones-du-canada\/#primaryimage"},"thumbnailUrl":"https:\/\/mwc-cmm.org\/wp-content\/uploads\/2024\/11\/kathymoorheadthiessen-2018-solidary-scaled.jpg","articleSection":["Non classifi\u00e9(e)"],"inLanguage":"fr-FR"},{"@type":"WebPage","@id":"https:\/\/mwc-cmm.org\/fr\/stories\/solidarite-avec-les-peuples-autochtones-du-canada\/","url":"https:\/\/mwc-cmm.org\/fr\/stories\/solidarite-avec-les-peuples-autochtones-du-canada\/","name":"Solidarit\u00e9 avec les peuples autochtones du Canada - Mennonite World Conference","isPartOf":{"@id":"https:\/\/mwc-cmm.org\/en\/#website"},"primaryImageOfPage":{"@id":"https:\/\/mwc-cmm.org\/fr\/stories\/solidarite-avec-les-peuples-autochtones-du-canada\/#primaryimage"},"image":{"@id":"https:\/\/mwc-cmm.org\/fr\/stories\/solidarite-avec-les-peuples-autochtones-du-canada\/#primaryimage"},"thumbnailUrl":"https:\/\/mwc-cmm.org\/wp-content\/uploads\/2024\/11\/kathymoorheadthiessen-2018-solidary-scaled.jpg","datePublished":"2018-11-01T00:00:00+00:00","dateModified":"2024-12-10T17:15:45+00:00","breadcrumb":{"@id":"https:\/\/mwc-cmm.org\/fr\/stories\/solidarite-avec-les-peuples-autochtones-du-canada\/#breadcrumb"},"inLanguage":"fr-FR","potentialAction":[{"@type":"ReadAction","target":["https:\/\/mwc-cmm.org\/fr\/stories\/solidarite-avec-les-peuples-autochtones-du-canada\/"]}]},{"@type":"ImageObject","inLanguage":"fr-FR","@id":"https:\/\/mwc-cmm.org\/fr\/stories\/solidarite-avec-les-peuples-autochtones-du-canada\/#primaryimage","url":"https:\/\/mwc-cmm.org\/wp-content\/uploads\/2024\/11\/kathymoorheadthiessen-2018-solidary-scaled.jpg","contentUrl":"https:\/\/mwc-cmm.org\/wp-content\/uploads\/2024\/11\/kathymoorheadthiessen-2018-solidary-scaled.jpg","width":2560,"height":1707},{"@type":"BreadcrumbList","@id":"https:\/\/mwc-cmm.org\/fr\/stories\/solidarite-avec-les-peuples-autochtones-du-canada\/#breadcrumb","itemListElement":[{"@type":"ListItem","position":1,"name":"Home","item":"https:\/\/mwc-cmm.org\/fr\/"},{"@type":"ListItem","position":2,"name":"Solidarit\u00e9 avec les peuples autochtones du Canada"}]},{"@type":"WebSite","@id":"https:\/\/mwc-cmm.org\/en\/#website","url":"https:\/\/mwc-cmm.org\/en\/","name":"Mennonite World Conference","description":"A communion of Anabaptist-related churches","publisher":{"@id":"https:\/\/mwc-cmm.org\/en\/#organization"},"alternateName":"MWC","potentialAction":[{"@type":"SearchAction","target":{"@type":"EntryPoint","urlTemplate":"https:\/\/mwc-cmm.org\/en\/?s={search_term_string}"},"query-input":{"@type":"PropertyValueSpecification","valueRequired":true,"valueName":"search_term_string"}}],"inLanguage":"fr-FR"},{"@type":"Organization","@id":"https:\/\/mwc-cmm.org\/en\/#organization","name":"Mennonite World Conference","alternateName":"MWC","url":"https:\/\/mwc-cmm.org\/en\/","logo":{"@type":"ImageObject","inLanguage":"fr-FR","@id":"https:\/\/mwc-cmm.org\/en\/#\/schema\/logo\/image\/","url":"https:\/\/mwc-cmm.org\/wp-content\/uploads\/2026\/01\/MWC_Sig_Blue_Horiz_webheader1-logo.svg","contentUrl":"https:\/\/mwc-cmm.org\/wp-content\/uploads\/2026\/01\/MWC_Sig_Blue_Horiz_webheader1-logo.svg","width":786,"height":82,"caption":"Mennonite World Conference"},"image":{"@id":"https:\/\/mwc-cmm.org\/en\/#\/schema\/logo\/image\/"},"sameAs":["https:\/\/www.facebook.com\/MennoniteWorldConference","https:\/\/www.linkedin.com\/company\/mennonite-world-conference-mwc\/","https:\/\/www.instagram.com\/mwcmm\/","https:\/\/www.youtube.com\/user\/mwccmm","https:\/\/bsky.app\/profile\/mwcmm.bsky.social"]},{"@type":"Person","@id":"https:\/\/mwc-cmm.org\/en\/#\/schema\/person\/11f6ae0d7d1868ba20a1cc27f067c836","name":"mennworldcon","image":{"@type":"ImageObject","inLanguage":"fr-FR","@id":"https:\/\/secure.gravatar.com\/avatar\/06fdc0dc81c157dfdb82ec42f252178a22307808988d22c043f9eb96f1e0fe80?s=96&d=mm&r=g","url":"https:\/\/secure.gravatar.com\/avatar\/06fdc0dc81c157dfdb82ec42f252178a22307808988d22c043f9eb96f1e0fe80?s=96&d=mm&r=g","contentUrl":"https:\/\/secure.gravatar.com\/avatar\/06fdc0dc81c157dfdb82ec42f252178a22307808988d22c043f9eb96f1e0fe80?s=96&d=mm&r=g","caption":"mennworldcon"},"sameAs":["https:\/\/mwc-cmm.org"],"url":"https:\/\/mwc-cmm.org\/fr\/stories\/author\/mennworldcon\/"}]}},"_links":{"self":[{"href":"https:\/\/mwc-cmm.org\/fr\/wp-json\/wp\/v2\/posts\/9997","targetHints":{"allow":["GET"]}}],"collection":[{"href":"https:\/\/mwc-cmm.org\/fr\/wp-json\/wp\/v2\/posts"}],"about":[{"href":"https:\/\/mwc-cmm.org\/fr\/wp-json\/wp\/v2\/types\/post"}],"author":[{"embeddable":true,"href":"https:\/\/mwc-cmm.org\/fr\/wp-json\/wp\/v2\/users\/1"}],"replies":[{"embeddable":true,"href":"https:\/\/mwc-cmm.org\/fr\/wp-json\/wp\/v2\/comments?post=9997"}],"version-history":[{"count":0,"href":"https:\/\/mwc-cmm.org\/fr\/wp-json\/wp\/v2\/posts\/9997\/revisions"}],"wp:featuredmedia":[{"embeddable":true,"href":"https:\/\/mwc-cmm.org\/fr\/wp-json\/wp\/v2\/media\/89830"}],"wp:attachment":[{"href":"https:\/\/mwc-cmm.org\/fr\/wp-json\/wp\/v2\/media?parent=9997"}],"wp:term":[{"taxonomy":"category","embeddable":true,"href":"https:\/\/mwc-cmm.org\/fr\/wp-json\/wp\/v2\/categories?post=9997"},{"taxonomy":"post_tag","embeddable":true,"href":"https:\/\/mwc-cmm.org\/fr\/wp-json\/wp\/v2\/tags?post=9997"},{"taxonomy":"network","embeddable":true,"href":"https:\/\/mwc-cmm.org\/fr\/wp-json\/wp\/v2\/network?post=9997"},{"taxonomy":"eventcategory","embeddable":true,"href":"https:\/\/mwc-cmm.org\/fr\/wp-json\/wp\/v2\/eventcategory?post=9997"}],"curies":[{"name":"wp","href":"https:\/\/api.w.org\/{rel}","templated":true}]}}