{"id":9992,"date":"2018-10-16T00:00:00","date_gmt":"2018-10-16T00:00:00","guid":{"rendered":"https:\/\/mwc-cmm.org\/a-spirited-evangelist-4\/"},"modified":"2024-12-10T17:15:42","modified_gmt":"2024-12-10T17:15:42","slug":"un-evangeliste-zele","status":"publish","type":"post","link":"https:\/\/mwc-cmm.org\/fr\/stories\/un-evangeliste-zele\/","title":{"rendered":"Un \u00e9vang\u00e9liste z\u00e9l\u00e9"},"content":{"rendered":"<p><strong>T\u00e9moignage du Renouveau 2027 : Les anabaptistes aujourd\u2019hui<\/strong><\/p>\n<p><em>Renouveau 2027 est une s\u00e9rie d\u2019\u00e9v\u00e9nements \u00e9tal\u00e9s sur 10 ans, pour comm\u00e9morer le 500\u00e8me anniversaire des d\u00e9buts du mouvement anabaptiste. Cette s\u00e9rie met en lumi\u00e8re certains personnages historiques et figures contemporaines du mouvement.<\/em><\/p>\n<p>Il est discret et humble, doux et simple dans sa mani\u00e8re d\u2019\u00eatre. Mais, lorsqu&rsquo;il s&rsquo;adresse \u00e0 l&rsquo;\u00c9glise, il a toute son attention. Il chante et danse avec une vigueur et une \u00e9nergie qui surprend du haut de ses presque 60 ans.<\/p>\n<p>Laston Bissani Mitambo est un \u00e9vang\u00e9liste qui a plant\u00e9 de nombreuses \u00c9glises dans la r\u00e9gion de Palombe au Malawi et dans la province du Zamb\u00e8ze au Mozambique.<\/p>\n<p>Laston est n\u00e9 au Malawi en 1959. Lorsqu&rsquo;il \u00e9tait \u00e0 l&rsquo;\u00e9cole primaire, il aimait regarder les tailleurs coudre des v\u00eatements avec leurs machines. Apr\u00e8s ses \u00e9tudes secondaires, il a imm\u00e9diatement suivi une formation de tailleur.<\/p>\n<p>En 1979, il se marie avec Eniles. Plus tard, la famille d\u00e9m\u00e9nage \u00e0 Blantyre o\u00f9 il travaille comme tailleur.<\/p>\n<p>C&rsquo;est l\u00e0 qu&rsquo;il accepte Christ, le 11 janvier 1986, apr\u00e8s avoir entendu un pr\u00e9dicateur de rue. Il commence \u00e0 apprendre ce qu\u2019est l&rsquo;amour de J\u00e9sus, petit \u00e0 petit, jusqu&rsquo;\u00e0 ce qu&rsquo;il se sente appel\u00e9 \u00e0 se repentir et \u00e0 accepter le salut.<\/p>\n<p>Son fr\u00e8re qui fr\u00e9quentait une \u00c9glise Fr\u00e8res en Christ, y invite Laston. Il y grandit dans la foi et devient tr\u00e9sorier.<\/p>\n<p>\u00ab Mais je voulais aussi partager le message de l\u2019amour de Dieu. Je partageais l&rsquo;\u00e9vangile \u00e0 chaque fois que j\u2019en avais l\u2019occasion. \u00bb<\/p>\n<p>En 1990, la BICC Malawi consacre Laston entant qu\u2019\u00e9vang\u00e9liste national.<\/p>\n<p>\u00ab J\u2019aspire \u00e0 ce que d\u2019autres connaissent ce m\u00eame Sauveur qui m&rsquo;a donn\u00e9 une nouvelle et belle vie. J\u2019\u00e9prouve beaucoup de joie \u00e0 r\u00e9unir des gens qui ont rencontr\u00e9 le Christ afin qu&rsquo;ils commencent \u00e0 louer ensemble. \u00bb<\/p>\n<p>Apr\u00e8s ses \u00e9tudes au Evangelical Bible College du Malawi, la BIC Malawi envoie ce r\u00e9v\u00e9rend fraichement consacr\u00e9 au Mozambique en 2003 pour d\u00e9velopper l\u2019\u00c9glise malawienne de la province du Zamb\u00e8ze.<\/p>\n<p>\u00ab Il n&rsquo;est pas toujours facile de se rendre dans certaines zones \u00bb explique Laston, qui a dormi dans la rue ou dans la brousse au cours de ses voyages d&rsquo;\u00e9vang\u00e9lisation. \u00ab J&rsquo;ai perdu certaines de mes affaires aux mains des voleurs. \u00bb<\/p>\n<p>Il voyage seul ou avec un assistant. \u00ab Nous passons trois ou quatre jours \u00e0 faire des visites \u00e0 domicile, puis nous lan\u00e7ons une campagne. Nous laissons en place un pr\u00e9dicateur et nous revenons et assurons un suivit chaque fois que nous le pouvons. \u00bb<\/p>\n<p>Mais un jour, la BIC Malawi fut \u00e0 court d&rsquo;argent et se retrouva dans l\u2019incapacit\u00e9 de soutenir l&rsquo;implantation d&rsquo;\u00c9glises. Qu\u2019allait faire Laston chez lui ? Son c\u0153ur voulait continuer \u00e0 \u00e9vang\u00e9liser au Mozambique.<\/p>\n<p>Il se rappela que l&rsquo;ap\u00f4tre Paul \u00e9tait fabricant de tente. Utilisant ses comp\u00e9tences de tailleur, Laston pourrait subvenir aux besoins de sa famille tout en continuant le travail que le Seigneur lui avait demand\u00e9 de faire.<\/p>\n<p>Laston re\u00e7oit maintenant une allocation trimestrielle de la BICWM qui compl\u00e8te ce qu\u2019il gagne avec son entreprise de couture.<\/p>\n<p><img decoding=\"async\" alt=\"Laston Bissani, sa femme Carlotta et leur famille. Photo : Laston Bissani\" data-src=\"https:\/\/mwc-cmm.org\/wp-content\/uploads\/2024\/10\/lastoni_carlotta_bissani_with_children_and_grand_children.jpg\" style=\"--smush-image-width: 2000px; --smush-image-aspect-ratio: 2000\/1125;border: 0px; height: 169px; width: 300px; margin: 5px 10px; float: left;\" width=\"2000\" class=\"smush-dimensions lazyload\" src=\"data:image\/svg+xml;base64,PHN2ZyB3aWR0aD0iMSIgaGVpZ2h0PSIxIiB4bWxucz0iaHR0cDovL3d3dy53My5vcmcvMjAwMC9zdmciPjwvc3ZnPg==\" \/><\/p>\n<p>Eniles d\u00e9c\u00e9da d&rsquo;un cancer en 2009. Laston se remaria avec Carlotta, qui travaillait pour la BICC \u00e0 Beira, en 2010.<\/p>\n<p>R\u00e9cemment dipl\u00f4m\u00e9e en \u00e9ducation th\u00e9ologique par extension (Theological Education by Extension), Carlotta \u00ab a \u00e9t\u00e9 une \u00e9pouse et une partenaire formidable dans le minist\u00e8re \u00bb. Laston a eu un fils avec Carlotta ont un fils en plus des huit enfants qu\u2019il a eu avec Eniles.<\/p>\n<p>Le r\u00eave de Laston est de cr\u00e9er une \u00e9cole biblique dans la r\u00e9gion du nord du Mozambique afin de former de nombreux responsables \u00ab de mani\u00e8re \u00e0 pouvoir facilement passer le relais \u00bb.<\/p>\n<p>Actuellement, avec le soutien de l&rsquo;administrateur de la BICC au Mozambique, Laston forme des responsables d&rsquo;\u00c9glise au travers de s\u00e9minaires \u00e0 Milange sur le leadership, le salut, le Saint-Esprit, la vie chr\u00e9tienne, l&rsquo;\u00e9vang\u00e9lisation, l&rsquo;implantation d&rsquo;\u00c9glises et l&rsquo;eccl\u00e9siologie.<\/p>\n<p>L\u2019esprit d\u2019\u00e9vang\u00e9lisation est un feu qui br\u00fble dans le c\u0153ur de Laston. Son visage s&rsquo;anime lorsqu&rsquo;il parle de son travail d&rsquo;\u00e9vang\u00e9liste. Apr\u00e8s avoir partag\u00e9 l&rsquo;\u00e9vangile et implant\u00e9 des \u00c9glises pendant 16 ans au Malawi, puis pendant 15 ans au Mozambique, pense-t-il \u00e0 prendre sa retraite ? \u00ab J\u2019arr\u00eaterai ce travail quand Dieu me dira : Laston, arr\u00eate ! \u00bb<\/p>\n<p><em>\u2014Un communiqu\u00e9 de la Conf\u00e9rence Mennonite Mondiale \u00e9crit par Barbara Nkala. Barbara est la repr\u00e9sentante r\u00e9gionale de la CMM dans le Sud de l\u2019Afrique.<\/em><\/p>\n<\/p>\n<p>Laston Bissani a aid\u00e9 \u00e0 l\u2019implantation d\u2019\u00c9glises dans les r\u00e9gions suivantes :<\/p>\n<ul>\n<li>Milange<\/li>\n<li>Nyasa<\/li>\n<li>Moloque<\/li>\n<li>Mocuba<\/li>\n<li>Province de Zambezia<\/li>\n<li>Mulanje<\/li>\n<li>Zomba<\/li>\n<li>Chikwawa<\/li>\n<li>Palombe<\/li>\n<\/ul>\n","protected":false},"excerpt":{"rendered":"<p>NULL<\/p>\n","protected":false},"author":1,"featured_media":89760,"comment_status":"closed","ping_status":"closed","sticky":false,"template":"","format":"standard","meta":{"_acf_changed":false,"footnotes":""},"categories":[7],"tags":[],"network":[],"eventcategory":[],"class_list":["post-9992","post","type-post","status-publish","format-standard","has-post-thumbnail","hentry","category-non-classifiee"],"acf":[],"yoast_head":"<!-- This site is optimized with the Yoast SEO plugin v27.2 - https:\/\/yoast.com\/product\/yoast-seo-wordpress\/ -->\n<title>Un \u00e9vang\u00e9liste z\u00e9l\u00e9 - Mennonite World Conference<\/title>\n<meta name=\"robots\" content=\"index, follow, max-snippet:-1, max-image-preview:large, max-video-preview:-1\" \/>\n<link rel=\"canonical\" href=\"https:\/\/mwc-cmm.org\/fr\/stories\/un-evangeliste-zele\/\" \/>\n<meta property=\"og:locale\" content=\"fr_FR\" \/>\n<meta property=\"og:type\" content=\"article\" \/>\n<meta property=\"og:title\" content=\"Un \u00e9vang\u00e9liste z\u00e9l\u00e9 - Mennonite World Conference\" \/>\n<meta property=\"og:description\" content=\"NULL\" \/>\n<meta property=\"og:url\" content=\"https:\/\/mwc-cmm.org\/fr\/stories\/un-evangeliste-zele\/\" \/>\n<meta property=\"og:site_name\" content=\"Mennonite World Conference\" \/>\n<meta property=\"article:publisher\" content=\"https:\/\/www.facebook.com\/MennoniteWorldConference\" \/>\n<meta property=\"article:published_time\" content=\"2018-10-16T00:00:00+00:00\" \/>\n<meta property=\"article:modified_time\" content=\"2024-12-10T17:15:42+00:00\" \/>\n<meta property=\"og:image\" content=\"https:\/\/mwc-cmm.org\/wp-content\/uploads\/2024\/11\/l_bissani_praying_for_holy_communion_bread_1.jpg\" \/>\n\t<meta property=\"og:image:width\" content=\"1000\" \/>\n\t<meta property=\"og:image:height\" content=\"563\" \/>\n\t<meta property=\"og:image:type\" content=\"image\/jpeg\" \/>\n<meta name=\"author\" content=\"mennworldcon\" \/>\n<script type=\"application\/ld+json\" class=\"yoast-schema-graph\">{\"@context\":\"https:\/\/schema.org\",\"@graph\":[{\"@type\":\"Article\",\"@id\":\"https:\/\/mwc-cmm.org\/fr\/stories\/un-evangeliste-zele\/#article\",\"isPartOf\":{\"@id\":\"https:\/\/mwc-cmm.org\/fr\/stories\/un-evangeliste-zele\/\"},\"author\":{\"name\":\"mennworldcon\",\"@id\":\"https:\/\/mwc-cmm.org\/en\/#\/schema\/person\/11f6ae0d7d1868ba20a1cc27f067c836\"},\"headline\":\"Un \u00e9vang\u00e9liste z\u00e9l\u00e9\",\"datePublished\":\"2018-10-16T00:00:00+00:00\",\"dateModified\":\"2024-12-10T17:15:42+00:00\",\"mainEntityOfPage\":{\"@id\":\"https:\/\/mwc-cmm.org\/fr\/stories\/un-evangeliste-zele\/\"},\"wordCount\":812,\"publisher\":{\"@id\":\"https:\/\/mwc-cmm.org\/en\/#organization\"},\"image\":{\"@id\":\"https:\/\/mwc-cmm.org\/fr\/stories\/un-evangeliste-zele\/#primaryimage\"},\"thumbnailUrl\":\"https:\/\/mwc-cmm.org\/wp-content\/uploads\/2024\/11\/l_bissani_praying_for_holy_communion_bread_1.jpg\",\"articleSection\":[\"Non classifi\u00e9(e)\"],\"inLanguage\":\"fr-FR\"},{\"@type\":\"WebPage\",\"@id\":\"https:\/\/mwc-cmm.org\/fr\/stories\/un-evangeliste-zele\/\",\"url\":\"https:\/\/mwc-cmm.org\/fr\/stories\/un-evangeliste-zele\/\",\"name\":\"Un \u00e9vang\u00e9liste z\u00e9l\u00e9 - Mennonite World Conference\",\"isPartOf\":{\"@id\":\"https:\/\/mwc-cmm.org\/en\/#website\"},\"primaryImageOfPage\":{\"@id\":\"https:\/\/mwc-cmm.org\/fr\/stories\/un-evangeliste-zele\/#primaryimage\"},\"image\":{\"@id\":\"https:\/\/mwc-cmm.org\/fr\/stories\/un-evangeliste-zele\/#primaryimage\"},\"thumbnailUrl\":\"https:\/\/mwc-cmm.org\/wp-content\/uploads\/2024\/11\/l_bissani_praying_for_holy_communion_bread_1.jpg\",\"datePublished\":\"2018-10-16T00:00:00+00:00\",\"dateModified\":\"2024-12-10T17:15:42+00:00\",\"breadcrumb\":{\"@id\":\"https:\/\/mwc-cmm.org\/fr\/stories\/un-evangeliste-zele\/#breadcrumb\"},\"inLanguage\":\"fr-FR\",\"potentialAction\":[{\"@type\":\"ReadAction\",\"target\":[\"https:\/\/mwc-cmm.org\/fr\/stories\/un-evangeliste-zele\/\"]}]},{\"@type\":\"ImageObject\",\"inLanguage\":\"fr-FR\",\"@id\":\"https:\/\/mwc-cmm.org\/fr\/stories\/un-evangeliste-zele\/#primaryimage\",\"url\":\"https:\/\/mwc-cmm.org\/wp-content\/uploads\/2024\/11\/l_bissani_praying_for_holy_communion_bread_1.jpg\",\"contentUrl\":\"https:\/\/mwc-cmm.org\/wp-content\/uploads\/2024\/11\/l_bissani_praying_for_holy_communion_bread_1.jpg\",\"width\":1000,\"height\":563},{\"@type\":\"BreadcrumbList\",\"@id\":\"https:\/\/mwc-cmm.org\/fr\/stories\/un-evangeliste-zele\/#breadcrumb\",\"itemListElement\":[{\"@type\":\"ListItem\",\"position\":1,\"name\":\"Home\",\"item\":\"https:\/\/mwc-cmm.org\/fr\/\"},{\"@type\":\"ListItem\",\"position\":2,\"name\":\"Un \u00e9vang\u00e9liste z\u00e9l\u00e9\"}]},{\"@type\":\"WebSite\",\"@id\":\"https:\/\/mwc-cmm.org\/en\/#website\",\"url\":\"https:\/\/mwc-cmm.org\/en\/\",\"name\":\"Mennonite World Conference\",\"description\":\"A communion of Anabaptist-related churches\",\"publisher\":{\"@id\":\"https:\/\/mwc-cmm.org\/en\/#organization\"},\"alternateName\":\"MWC\",\"potentialAction\":[{\"@type\":\"SearchAction\",\"target\":{\"@type\":\"EntryPoint\",\"urlTemplate\":\"https:\/\/mwc-cmm.org\/en\/?s={search_term_string}\"},\"query-input\":{\"@type\":\"PropertyValueSpecification\",\"valueRequired\":true,\"valueName\":\"search_term_string\"}}],\"inLanguage\":\"fr-FR\"},{\"@type\":\"Organization\",\"@id\":\"https:\/\/mwc-cmm.org\/en\/#organization\",\"name\":\"Mennonite World Conference\",\"alternateName\":\"MWC\",\"url\":\"https:\/\/mwc-cmm.org\/en\/\",\"logo\":{\"@type\":\"ImageObject\",\"inLanguage\":\"fr-FR\",\"@id\":\"https:\/\/mwc-cmm.org\/en\/#\/schema\/logo\/image\/\",\"url\":\"https:\/\/mwc-cmm.org\/wp-content\/uploads\/2026\/01\/MWC_Sig_Blue_Horiz_webheader1-logo.svg\",\"contentUrl\":\"https:\/\/mwc-cmm.org\/wp-content\/uploads\/2026\/01\/MWC_Sig_Blue_Horiz_webheader1-logo.svg\",\"width\":786,\"height\":82,\"caption\":\"Mennonite World Conference\"},\"image\":{\"@id\":\"https:\/\/mwc-cmm.org\/en\/#\/schema\/logo\/image\/\"},\"sameAs\":[\"https:\/\/www.facebook.com\/MennoniteWorldConference\",\"https:\/\/www.linkedin.com\/company\/mennonite-world-conference-mwc\/\",\"https:\/\/www.instagram.com\/mwcmm\/\",\"https:\/\/www.youtube.com\/user\/mwccmm\",\"https:\/\/bsky.app\/profile\/mwcmm.bsky.social\"]},{\"@type\":\"Person\",\"@id\":\"https:\/\/mwc-cmm.org\/en\/#\/schema\/person\/11f6ae0d7d1868ba20a1cc27f067c836\",\"name\":\"mennworldcon\",\"image\":{\"@type\":\"ImageObject\",\"inLanguage\":\"fr-FR\",\"@id\":\"https:\/\/secure.gravatar.com\/avatar\/06fdc0dc81c157dfdb82ec42f252178a22307808988d22c043f9eb96f1e0fe80?s=96&d=mm&r=g\",\"url\":\"https:\/\/secure.gravatar.com\/avatar\/06fdc0dc81c157dfdb82ec42f252178a22307808988d22c043f9eb96f1e0fe80?s=96&d=mm&r=g\",\"contentUrl\":\"https:\/\/secure.gravatar.com\/avatar\/06fdc0dc81c157dfdb82ec42f252178a22307808988d22c043f9eb96f1e0fe80?s=96&d=mm&r=g\",\"caption\":\"mennworldcon\"},\"sameAs\":[\"https:\/\/mwc-cmm.org\"],\"url\":\"https:\/\/mwc-cmm.org\/fr\/stories\/author\/mennworldcon\/\"}]}<\/script>\n<!-- \/ Yoast SEO plugin. -->","yoast_head_json":{"title":"Un \u00e9vang\u00e9liste z\u00e9l\u00e9 - Mennonite World Conference","robots":{"index":"index","follow":"follow","max-snippet":"max-snippet:-1","max-image-preview":"max-image-preview:large","max-video-preview":"max-video-preview:-1"},"canonical":"https:\/\/mwc-cmm.org\/fr\/stories\/un-evangeliste-zele\/","og_locale":"fr_FR","og_type":"article","og_title":"Un \u00e9vang\u00e9liste z\u00e9l\u00e9 - Mennonite World Conference","og_description":"NULL","og_url":"https:\/\/mwc-cmm.org\/fr\/stories\/un-evangeliste-zele\/","og_site_name":"Mennonite World Conference","article_publisher":"https:\/\/www.facebook.com\/MennoniteWorldConference","article_published_time":"2018-10-16T00:00:00+00:00","article_modified_time":"2024-12-10T17:15:42+00:00","og_image":[{"width":1000,"height":563,"url":"https:\/\/mwc-cmm.org\/wp-content\/uploads\/2024\/11\/l_bissani_praying_for_holy_communion_bread_1.jpg","type":"image\/jpeg"}],"author":"mennworldcon","schema":{"@context":"https:\/\/schema.org","@graph":[{"@type":"Article","@id":"https:\/\/mwc-cmm.org\/fr\/stories\/un-evangeliste-zele\/#article","isPartOf":{"@id":"https:\/\/mwc-cmm.org\/fr\/stories\/un-evangeliste-zele\/"},"author":{"name":"mennworldcon","@id":"https:\/\/mwc-cmm.org\/en\/#\/schema\/person\/11f6ae0d7d1868ba20a1cc27f067c836"},"headline":"Un \u00e9vang\u00e9liste z\u00e9l\u00e9","datePublished":"2018-10-16T00:00:00+00:00","dateModified":"2024-12-10T17:15:42+00:00","mainEntityOfPage":{"@id":"https:\/\/mwc-cmm.org\/fr\/stories\/un-evangeliste-zele\/"},"wordCount":812,"publisher":{"@id":"https:\/\/mwc-cmm.org\/en\/#organization"},"image":{"@id":"https:\/\/mwc-cmm.org\/fr\/stories\/un-evangeliste-zele\/#primaryimage"},"thumbnailUrl":"https:\/\/mwc-cmm.org\/wp-content\/uploads\/2024\/11\/l_bissani_praying_for_holy_communion_bread_1.jpg","articleSection":["Non classifi\u00e9(e)"],"inLanguage":"fr-FR"},{"@type":"WebPage","@id":"https:\/\/mwc-cmm.org\/fr\/stories\/un-evangeliste-zele\/","url":"https:\/\/mwc-cmm.org\/fr\/stories\/un-evangeliste-zele\/","name":"Un \u00e9vang\u00e9liste z\u00e9l\u00e9 - Mennonite World Conference","isPartOf":{"@id":"https:\/\/mwc-cmm.org\/en\/#website"},"primaryImageOfPage":{"@id":"https:\/\/mwc-cmm.org\/fr\/stories\/un-evangeliste-zele\/#primaryimage"},"image":{"@id":"https:\/\/mwc-cmm.org\/fr\/stories\/un-evangeliste-zele\/#primaryimage"},"thumbnailUrl":"https:\/\/mwc-cmm.org\/wp-content\/uploads\/2024\/11\/l_bissani_praying_for_holy_communion_bread_1.jpg","datePublished":"2018-10-16T00:00:00+00:00","dateModified":"2024-12-10T17:15:42+00:00","breadcrumb":{"@id":"https:\/\/mwc-cmm.org\/fr\/stories\/un-evangeliste-zele\/#breadcrumb"},"inLanguage":"fr-FR","potentialAction":[{"@type":"ReadAction","target":["https:\/\/mwc-cmm.org\/fr\/stories\/un-evangeliste-zele\/"]}]},{"@type":"ImageObject","inLanguage":"fr-FR","@id":"https:\/\/mwc-cmm.org\/fr\/stories\/un-evangeliste-zele\/#primaryimage","url":"https:\/\/mwc-cmm.org\/wp-content\/uploads\/2024\/11\/l_bissani_praying_for_holy_communion_bread_1.jpg","contentUrl":"https:\/\/mwc-cmm.org\/wp-content\/uploads\/2024\/11\/l_bissani_praying_for_holy_communion_bread_1.jpg","width":1000,"height":563},{"@type":"BreadcrumbList","@id":"https:\/\/mwc-cmm.org\/fr\/stories\/un-evangeliste-zele\/#breadcrumb","itemListElement":[{"@type":"ListItem","position":1,"name":"Home","item":"https:\/\/mwc-cmm.org\/fr\/"},{"@type":"ListItem","position":2,"name":"Un \u00e9vang\u00e9liste z\u00e9l\u00e9"}]},{"@type":"WebSite","@id":"https:\/\/mwc-cmm.org\/en\/#website","url":"https:\/\/mwc-cmm.org\/en\/","name":"Mennonite World Conference","description":"A communion of Anabaptist-related churches","publisher":{"@id":"https:\/\/mwc-cmm.org\/en\/#organization"},"alternateName":"MWC","potentialAction":[{"@type":"SearchAction","target":{"@type":"EntryPoint","urlTemplate":"https:\/\/mwc-cmm.org\/en\/?s={search_term_string}"},"query-input":{"@type":"PropertyValueSpecification","valueRequired":true,"valueName":"search_term_string"}}],"inLanguage":"fr-FR"},{"@type":"Organization","@id":"https:\/\/mwc-cmm.org\/en\/#organization","name":"Mennonite World Conference","alternateName":"MWC","url":"https:\/\/mwc-cmm.org\/en\/","logo":{"@type":"ImageObject","inLanguage":"fr-FR","@id":"https:\/\/mwc-cmm.org\/en\/#\/schema\/logo\/image\/","url":"https:\/\/mwc-cmm.org\/wp-content\/uploads\/2026\/01\/MWC_Sig_Blue_Horiz_webheader1-logo.svg","contentUrl":"https:\/\/mwc-cmm.org\/wp-content\/uploads\/2026\/01\/MWC_Sig_Blue_Horiz_webheader1-logo.svg","width":786,"height":82,"caption":"Mennonite World Conference"},"image":{"@id":"https:\/\/mwc-cmm.org\/en\/#\/schema\/logo\/image\/"},"sameAs":["https:\/\/www.facebook.com\/MennoniteWorldConference","https:\/\/www.linkedin.com\/company\/mennonite-world-conference-mwc\/","https:\/\/www.instagram.com\/mwcmm\/","https:\/\/www.youtube.com\/user\/mwccmm","https:\/\/bsky.app\/profile\/mwcmm.bsky.social"]},{"@type":"Person","@id":"https:\/\/mwc-cmm.org\/en\/#\/schema\/person\/11f6ae0d7d1868ba20a1cc27f067c836","name":"mennworldcon","image":{"@type":"ImageObject","inLanguage":"fr-FR","@id":"https:\/\/secure.gravatar.com\/avatar\/06fdc0dc81c157dfdb82ec42f252178a22307808988d22c043f9eb96f1e0fe80?s=96&d=mm&r=g","url":"https:\/\/secure.gravatar.com\/avatar\/06fdc0dc81c157dfdb82ec42f252178a22307808988d22c043f9eb96f1e0fe80?s=96&d=mm&r=g","contentUrl":"https:\/\/secure.gravatar.com\/avatar\/06fdc0dc81c157dfdb82ec42f252178a22307808988d22c043f9eb96f1e0fe80?s=96&d=mm&r=g","caption":"mennworldcon"},"sameAs":["https:\/\/mwc-cmm.org"],"url":"https:\/\/mwc-cmm.org\/fr\/stories\/author\/mennworldcon\/"}]}},"_links":{"self":[{"href":"https:\/\/mwc-cmm.org\/fr\/wp-json\/wp\/v2\/posts\/9992","targetHints":{"allow":["GET"]}}],"collection":[{"href":"https:\/\/mwc-cmm.org\/fr\/wp-json\/wp\/v2\/posts"}],"about":[{"href":"https:\/\/mwc-cmm.org\/fr\/wp-json\/wp\/v2\/types\/post"}],"author":[{"embeddable":true,"href":"https:\/\/mwc-cmm.org\/fr\/wp-json\/wp\/v2\/users\/1"}],"replies":[{"embeddable":true,"href":"https:\/\/mwc-cmm.org\/fr\/wp-json\/wp\/v2\/comments?post=9992"}],"version-history":[{"count":0,"href":"https:\/\/mwc-cmm.org\/fr\/wp-json\/wp\/v2\/posts\/9992\/revisions"}],"wp:featuredmedia":[{"embeddable":true,"href":"https:\/\/mwc-cmm.org\/fr\/wp-json\/wp\/v2\/media\/89760"}],"wp:attachment":[{"href":"https:\/\/mwc-cmm.org\/fr\/wp-json\/wp\/v2\/media?parent=9992"}],"wp:term":[{"taxonomy":"category","embeddable":true,"href":"https:\/\/mwc-cmm.org\/fr\/wp-json\/wp\/v2\/categories?post=9992"},{"taxonomy":"post_tag","embeddable":true,"href":"https:\/\/mwc-cmm.org\/fr\/wp-json\/wp\/v2\/tags?post=9992"},{"taxonomy":"network","embeddable":true,"href":"https:\/\/mwc-cmm.org\/fr\/wp-json\/wp\/v2\/network?post=9992"},{"taxonomy":"eventcategory","embeddable":true,"href":"https:\/\/mwc-cmm.org\/fr\/wp-json\/wp\/v2\/eventcategory?post=9992"}],"curies":[{"name":"wp","href":"https:\/\/api.w.org\/{rel}","templated":true}]}}