{"id":9990,"date":"2018-10-04T00:00:00","date_gmt":"2018-10-04T00:00:00","guid":{"rendered":"https:\/\/mwc-cmm.org\/yamen-ambassador-of-peace-amid-violence-4\/"},"modified":"2025-03-11T19:26:24","modified_gmt":"2025-03-11T19:26:24","slug":"une-yamen-ambassadrice-de-la-paix-au-milieu-de-la-violence","status":"publish","type":"post","link":"https:\/\/mwc-cmm.org\/fr\/stories\/une-yamen-ambassadrice-de-la-paix-au-milieu-de-la-violence\/","title":{"rendered":"Une YAMEN, ambassadrice de la paix au milieu de la violence"},"content":{"rendered":"<p>Damaris Guaza Sandoval raconte que durant son ann\u00e9e de service \u00e0 La Ceiba, au Honduras, elle a aid\u00e9 les jeunes \u00e0 devenir des ambassadeurs de la paix de Dieu l\u00e0 o\u00f9 la violence est la norme. <img decoding=\"async\" alt=\"Damaris Guaza Sandoval de Colombie anime un atelier sur l\u2019estime de soi pour une classe de CM1 \u00e0 l\u2019\u00e9cole Francisco Moraz\u00e1n, \u00e0 La Ceiba, Honduras. Photo du MCC \/ Ilona Paganoni\" data-src=\"https:\/\/mwc-cmm.org\/wp-content\/uploads\/2024\/10\/rs86402_img_3762.jpg\" style=\"--smush-image-width: 2000px; --smush-image-aspect-ratio: 2000\/1333;width: 300px; height: 200px; margin: 5px 10px; float: right;\" width=\"2000\" class=\"smush-dimensions lazyload\" src=\"data:image\/svg+xml;base64,PHN2ZyB3aWR0aD0iMSIgaGVpZ2h0PSIxIiB4bWxucz0iaHR0cDovL3d3dy53My5vcmcvMjAwMC9zdmciPjwvc3ZnPg==\" \/><\/p>\n<p>La jeune fille de 26 ans, originaire de Cali, en Colombie, travaillait entant qu\u2019assistante sociale avec le Proyecto Paz y Justicia (PPyJ ; Projet Paix et Justice), un minist\u00e8re de l\u2019\u00c9glise membre de la CMM et partenaire du Comit\u00e9 Central Mennonite (MCC), Iglesia Evang\u00e9lica Menonita Hondure\u00f1a.<\/p>\n<p>Dans le cadre de son service de 2017 \u00e0 2018, Damaris pr\u00e9parait des ateliers pour les enfants sur les th\u00e8mes de la construction de la paix et de la pr\u00e9vention de la violence. Elle a \u00e9galement form\u00e9 les \u00e9l\u00e8ves plus \u00e2g\u00e9s pour qu\u2019ils puissent, \u00e0 leur tour, enseigner ce qu\u2019ils avaient appris. Certains des \u00e9l\u00e8ves plus \u00e2g\u00e9s devinrent m\u00e9diateurs scolaires.<\/p>\n<p>Damaris insiste sur l\u2019importance des comp\u00e9tences de construction de la paix. \u00ab La plupart des enfants avec lesquels nous travaillons viennent de quartiers o\u00f9 le taux de violence est \u00e9lev\u00e9 et il est n\u00e9cessaire de trouver d&rsquo;autres moyens de r\u00e9soudre les conflits sans recourir \u00e0 la violence. \u00bb<\/p>\n<p>Damaris est membre de l&rsquo;\u00c9glise membre de la CMM, Iglesias Hermanos Menonitas de Colombia et a servi au sein de YAMEN, un R\u00e9seau Anabaptiste Mondial d&rsquo;\u00c9change du MCC en partenariat avec la Conf\u00e9rence Mennonite Mondiale. YAMEN est un moyen pour les jeunes adultes chr\u00e9tiens qui ne sont ni du Canada ni des \u00c9tats-Unis, de servir pendant un an et de vivre dans une culture nouvelle tout en servant l\u2019\u00c9glise.<\/p>\n<p>Selon Damaris, il est important d\u2019\u00e9quiper les jeunes avec des outils de r\u00e9solution pacifique des conflits.<\/p>\n<p>\u00ab Dans beaucoup de nos communaut\u00e9s, nous avons appris \u00e0 r\u00e9soudre les conflits agressivement. Par cons\u00e9quent, en tant qu\u2019ambassadeurs de Dieu, il est essentiel que nous puissions proposer des alternatives aux communaut\u00e9s. \u00bb<\/p>\n<p>L\u2019histoire d\u2019un petit gar\u00e7on a particuli\u00e8rement touch\u00e9e Damaris. Elle raconte que c\u2019\u00e9tait un enfant difficile dont les probl\u00e8mes d\u2019estime de soi se traduisaient par un comportement violent, et cela jusqu\u2019\u00e0 ce qu\u2019il commence \u00e0 assister \u00e0 PPyJ.<\/p>\n<p><img decoding=\"async\" alt=\"Damaris Guaza Sandoval de Colombie anime un atelier sur l\u2019estime de soi pour une classe de CM1 \u00e0 l\u2019\u00e9cole Francisco Moraz\u00e1n, \u00e0 La Ceiba, Honduras. Photo du MCC \/ Ilona Paganoni\" data-src=\"https:\/\/mwc-cmm.org\/wp-content\/uploads\/2024\/10\/rs86404_img_3769.jpg\" style=\"--smush-image-width: 2000px; --smush-image-aspect-ratio: 2000\/1333;width: 300px; height: 200px; margin: 5px 10px; float: left;\" width=\"2000\" class=\"smush-dimensions lazyload\" src=\"data:image\/svg+xml;base64,PHN2ZyB3aWR0aD0iMSIgaGVpZ2h0PSIxIiB4bWxucz0iaHR0cDovL3d3dy53My5vcmcvMjAwMC9zdmciPjwvc3ZnPg==\" \/><\/p>\n<p>\u00ab Maintenant, c\u2019est un mod\u00e8le pour d\u2019autres \u00e0 l\u2019\u00e9cole, il aide ses camarades de classe et fait fructifier tout ce qu\u2019il a appris \u00bb, dit-elle \u00e0 propos du gar\u00e7on, qui, \u00e0 pr\u00e9sent, est m\u00e9diateur dans son \u00e9cole.<\/p>\n<p>Matthieu Dobler Paganoni, repr\u00e9sentant du MCC au Honduras avec sa femme, Ilona Paganoni, tous deux membres de la Konvenenz der Mennoniten der Schweiz \/ Conf\u00e9rence mennonite Suisse, explique que cette initiative est importante pour la r\u00e9gion parce que le Honduras a le taux d\u2019homicide le plus \u00e9lev\u00e9 dans le monde.<\/p>\n<p>\u00ab Il est important de soutenir des projets de ce type qui contribuent \u00e0 imaginer une autre forme de soci\u00e9t\u00e9 et qui ont le potentiel de cr\u00e9er des changements. \u00bb<\/p>\n<p>\u00ca la fin de son temps de service avec YAMEN, Damaris d\u00e9cida de rester au Honduras pour une ann\u00e9e de plus et de continuer son travail avec PPyJ en tant que membre de l\u2019\u00e9quipe du MCC. Elle dit que l\u2019exp\u00e9rience de cette ann\u00e9e pass\u00e9e lui a donn\u00e9 la sagesse qui l\u2019aidera \u00e0 mieux accompagner les gens et les processus de la communaut\u00e9.<\/p>\n<p>\u00ab C&rsquo;est vraiment un cadeau de Dieu de pouvoir continuer \u00e0 vivre et \u00e0 servir dans ce beau pays. J&rsquo;ai beaucoup appris des personnes que j\u2019ai rencontr\u00e9es. Je suis pleine d&rsquo;espoir et d&rsquo;amour pour poursuivre cette aventure. \u00bb<\/p>\n<p><em>\u2013Rachel Bergen est r\u00e9dactrice pour le MCC.<\/em><\/p>\n<p><em>Communiqu\u00e9 commun de la Conf\u00e9rence Mennonite Mondiale et du Comit\u00e9 Central Mennonite. <\/em><\/p>\n","protected":false},"excerpt":{"rendered":"<p>NULL<\/p>\n","protected":false},"author":1,"featured_media":13019,"comment_status":"closed","ping_status":"closed","sticky":false,"template":"","format":"standard","meta":{"_acf_changed":false,"footnotes":""},"categories":[7],"tags":[396],"network":[1302,1285],"eventcategory":[],"class_list":["post-9990","post","type-post","status-publish","format-standard","has-post-thumbnail","hentry","category-non-classifiee","tag-yabs-fr","network-yamen-fr","network-young-anabaptists-fr"],"acf":[],"yoast_head":"<!-- This site is optimized with the Yoast SEO plugin v27.5 - https:\/\/yoast.com\/product\/yoast-seo-wordpress\/ -->\n<title>Une YAMEN, ambassadrice de la paix au milieu de la violence - Mennonite World Conference<\/title>\n<meta name=\"robots\" content=\"index, follow, max-snippet:-1, max-image-preview:large, max-video-preview:-1\" \/>\n<link rel=\"canonical\" href=\"https:\/\/mwc-cmm.org\/fr\/stories\/une-yamen-ambassadrice-de-la-paix-au-milieu-de-la-violence\/\" \/>\n<meta property=\"og:locale\" content=\"fr_FR\" \/>\n<meta property=\"og:type\" content=\"article\" \/>\n<meta property=\"og:title\" content=\"Une YAMEN, ambassadrice de la paix au milieu de la violence - Mennonite World Conference\" \/>\n<meta property=\"og:description\" content=\"NULL\" \/>\n<meta property=\"og:url\" content=\"https:\/\/mwc-cmm.org\/fr\/stories\/une-yamen-ambassadrice-de-la-paix-au-milieu-de-la-violence\/\" \/>\n<meta property=\"og:site_name\" content=\"Mennonite World Conference\" \/>\n<meta property=\"article:publisher\" content=\"https:\/\/www.facebook.com\/MennoniteWorldConference\" \/>\n<meta property=\"article:published_time\" content=\"2018-10-04T00:00:00+00:00\" \/>\n<meta property=\"article:modified_time\" content=\"2025-03-11T19:26:24+00:00\" \/>\n<meta property=\"og:image\" content=\"https:\/\/mwc-cmm.org\/wp-content\/uploads\/2024\/10\/rs86398_img_3737_1.jpg\" \/>\n\t<meta property=\"og:image:width\" content=\"180\" \/>\n\t<meta property=\"og:image:height\" content=\"135\" \/>\n\t<meta property=\"og:image:type\" content=\"image\/jpeg\" \/>\n<meta name=\"author\" content=\"mennworldcon\" \/>\n<script type=\"application\/ld+json\" class=\"yoast-schema-graph\">{\"@context\":\"https:\\\/\\\/schema.org\",\"@graph\":[{\"@type\":\"Article\",\"@id\":\"https:\\\/\\\/mwc-cmm.org\\\/fr\\\/stories\\\/une-yamen-ambassadrice-de-la-paix-au-milieu-de-la-violence\\\/#article\",\"isPartOf\":{\"@id\":\"https:\\\/\\\/mwc-cmm.org\\\/fr\\\/stories\\\/une-yamen-ambassadrice-de-la-paix-au-milieu-de-la-violence\\\/\"},\"author\":{\"name\":\"mennworldcon\",\"@id\":\"https:\\\/\\\/mwc-cmm.org\\\/en\\\/#\\\/schema\\\/person\\\/11f6ae0d7d1868ba20a1cc27f067c836\"},\"headline\":\"Une YAMEN, ambassadrice de la paix au milieu de la violence\",\"datePublished\":\"2018-10-04T00:00:00+00:00\",\"dateModified\":\"2025-03-11T19:26:24+00:00\",\"mainEntityOfPage\":{\"@id\":\"https:\\\/\\\/mwc-cmm.org\\\/fr\\\/stories\\\/une-yamen-ambassadrice-de-la-paix-au-milieu-de-la-violence\\\/\"},\"wordCount\":634,\"publisher\":{\"@id\":\"https:\\\/\\\/mwc-cmm.org\\\/en\\\/#organization\"},\"image\":{\"@id\":\"https:\\\/\\\/mwc-cmm.org\\\/fr\\\/stories\\\/une-yamen-ambassadrice-de-la-paix-au-milieu-de-la-violence\\\/#primaryimage\"},\"thumbnailUrl\":\"https:\\\/\\\/mwc-cmm.org\\\/wp-content\\\/uploads\\\/2024\\\/10\\\/rs86398_img_3737_1.jpg\",\"keywords\":[\"YABs\"],\"articleSection\":[\"Non classifi\u00e9(e)\"],\"inLanguage\":\"fr-FR\"},{\"@type\":\"WebPage\",\"@id\":\"https:\\\/\\\/mwc-cmm.org\\\/fr\\\/stories\\\/une-yamen-ambassadrice-de-la-paix-au-milieu-de-la-violence\\\/\",\"url\":\"https:\\\/\\\/mwc-cmm.org\\\/fr\\\/stories\\\/une-yamen-ambassadrice-de-la-paix-au-milieu-de-la-violence\\\/\",\"name\":\"Une YAMEN, ambassadrice de la paix au milieu de la violence - Mennonite World Conference\",\"isPartOf\":{\"@id\":\"https:\\\/\\\/mwc-cmm.org\\\/en\\\/#website\"},\"primaryImageOfPage\":{\"@id\":\"https:\\\/\\\/mwc-cmm.org\\\/fr\\\/stories\\\/une-yamen-ambassadrice-de-la-paix-au-milieu-de-la-violence\\\/#primaryimage\"},\"image\":{\"@id\":\"https:\\\/\\\/mwc-cmm.org\\\/fr\\\/stories\\\/une-yamen-ambassadrice-de-la-paix-au-milieu-de-la-violence\\\/#primaryimage\"},\"thumbnailUrl\":\"https:\\\/\\\/mwc-cmm.org\\\/wp-content\\\/uploads\\\/2024\\\/10\\\/rs86398_img_3737_1.jpg\",\"datePublished\":\"2018-10-04T00:00:00+00:00\",\"dateModified\":\"2025-03-11T19:26:24+00:00\",\"breadcrumb\":{\"@id\":\"https:\\\/\\\/mwc-cmm.org\\\/fr\\\/stories\\\/une-yamen-ambassadrice-de-la-paix-au-milieu-de-la-violence\\\/#breadcrumb\"},\"inLanguage\":\"fr-FR\",\"potentialAction\":[{\"@type\":\"ReadAction\",\"target\":[\"https:\\\/\\\/mwc-cmm.org\\\/fr\\\/stories\\\/une-yamen-ambassadrice-de-la-paix-au-milieu-de-la-violence\\\/\"]}]},{\"@type\":\"ImageObject\",\"inLanguage\":\"fr-FR\",\"@id\":\"https:\\\/\\\/mwc-cmm.org\\\/fr\\\/stories\\\/une-yamen-ambassadrice-de-la-paix-au-milieu-de-la-violence\\\/#primaryimage\",\"url\":\"https:\\\/\\\/mwc-cmm.org\\\/wp-content\\\/uploads\\\/2024\\\/10\\\/rs86398_img_3737_1.jpg\",\"contentUrl\":\"https:\\\/\\\/mwc-cmm.org\\\/wp-content\\\/uploads\\\/2024\\\/10\\\/rs86398_img_3737_1.jpg\",\"width\":180,\"height\":135},{\"@type\":\"BreadcrumbList\",\"@id\":\"https:\\\/\\\/mwc-cmm.org\\\/fr\\\/stories\\\/une-yamen-ambassadrice-de-la-paix-au-milieu-de-la-violence\\\/#breadcrumb\",\"itemListElement\":[{\"@type\":\"ListItem\",\"position\":1,\"name\":\"Home\",\"item\":\"https:\\\/\\\/mwc-cmm.org\\\/fr\\\/\"},{\"@type\":\"ListItem\",\"position\":2,\"name\":\"Une YAMEN, ambassadrice de la paix au milieu de la violence\"}]},{\"@type\":\"WebSite\",\"@id\":\"https:\\\/\\\/mwc-cmm.org\\\/en\\\/#website\",\"url\":\"https:\\\/\\\/mwc-cmm.org\\\/en\\\/\",\"name\":\"Mennonite World Conference\",\"description\":\"A communion of Anabaptist-related churches\",\"publisher\":{\"@id\":\"https:\\\/\\\/mwc-cmm.org\\\/en\\\/#organization\"},\"alternateName\":\"MWC\",\"potentialAction\":[{\"@type\":\"SearchAction\",\"target\":{\"@type\":\"EntryPoint\",\"urlTemplate\":\"https:\\\/\\\/mwc-cmm.org\\\/en\\\/?s={search_term_string}\"},\"query-input\":{\"@type\":\"PropertyValueSpecification\",\"valueRequired\":true,\"valueName\":\"search_term_string\"}}],\"inLanguage\":\"fr-FR\"},{\"@type\":\"Organization\",\"@id\":\"https:\\\/\\\/mwc-cmm.org\\\/en\\\/#organization\",\"name\":\"Mennonite World Conference\",\"alternateName\":\"MWC\",\"url\":\"https:\\\/\\\/mwc-cmm.org\\\/en\\\/\",\"logo\":{\"@type\":\"ImageObject\",\"inLanguage\":\"fr-FR\",\"@id\":\"https:\\\/\\\/mwc-cmm.org\\\/en\\\/#\\\/schema\\\/logo\\\/image\\\/\",\"url\":\"https:\\\/\\\/mwc-cmm.org\\\/wp-content\\\/uploads\\\/2026\\\/01\\\/MWC_Sig_Blue_Horiz_webheader1-logo.svg\",\"contentUrl\":\"https:\\\/\\\/mwc-cmm.org\\\/wp-content\\\/uploads\\\/2026\\\/01\\\/MWC_Sig_Blue_Horiz_webheader1-logo.svg\",\"width\":786,\"height\":82,\"caption\":\"Mennonite World Conference\"},\"image\":{\"@id\":\"https:\\\/\\\/mwc-cmm.org\\\/en\\\/#\\\/schema\\\/logo\\\/image\\\/\"},\"sameAs\":[\"https:\\\/\\\/www.facebook.com\\\/MennoniteWorldConference\",\"https:\\\/\\\/www.linkedin.com\\\/company\\\/mennonite-world-conference-mwc\\\/\",\"https:\\\/\\\/www.instagram.com\\\/mwcmm\\\/\",\"https:\\\/\\\/www.youtube.com\\\/user\\\/mwccmm\",\"https:\\\/\\\/bsky.app\\\/profile\\\/mwcmm.bsky.social\"]},{\"@type\":\"Person\",\"@id\":\"https:\\\/\\\/mwc-cmm.org\\\/en\\\/#\\\/schema\\\/person\\\/11f6ae0d7d1868ba20a1cc27f067c836\",\"name\":\"mennworldcon\",\"image\":{\"@type\":\"ImageObject\",\"inLanguage\":\"fr-FR\",\"@id\":\"https:\\\/\\\/secure.gravatar.com\\\/avatar\\\/06fdc0dc81c157dfdb82ec42f252178a22307808988d22c043f9eb96f1e0fe80?s=96&d=mm&r=g\",\"url\":\"https:\\\/\\\/secure.gravatar.com\\\/avatar\\\/06fdc0dc81c157dfdb82ec42f252178a22307808988d22c043f9eb96f1e0fe80?s=96&d=mm&r=g\",\"contentUrl\":\"https:\\\/\\\/secure.gravatar.com\\\/avatar\\\/06fdc0dc81c157dfdb82ec42f252178a22307808988d22c043f9eb96f1e0fe80?s=96&d=mm&r=g\",\"caption\":\"mennworldcon\"},\"sameAs\":[\"https:\\\/\\\/mwc-cmm.org\"],\"url\":\"https:\\\/\\\/mwc-cmm.org\\\/fr\\\/stories\\\/author\\\/mennworldcon\\\/\"}]}<\/script>\n<!-- \/ Yoast SEO plugin. -->","yoast_head_json":{"title":"Une YAMEN, ambassadrice de la paix au milieu de la violence - Mennonite World Conference","robots":{"index":"index","follow":"follow","max-snippet":"max-snippet:-1","max-image-preview":"max-image-preview:large","max-video-preview":"max-video-preview:-1"},"canonical":"https:\/\/mwc-cmm.org\/fr\/stories\/une-yamen-ambassadrice-de-la-paix-au-milieu-de-la-violence\/","og_locale":"fr_FR","og_type":"article","og_title":"Une YAMEN, ambassadrice de la paix au milieu de la violence - Mennonite World Conference","og_description":"NULL","og_url":"https:\/\/mwc-cmm.org\/fr\/stories\/une-yamen-ambassadrice-de-la-paix-au-milieu-de-la-violence\/","og_site_name":"Mennonite World Conference","article_publisher":"https:\/\/www.facebook.com\/MennoniteWorldConference","article_published_time":"2018-10-04T00:00:00+00:00","article_modified_time":"2025-03-11T19:26:24+00:00","og_image":[{"width":180,"height":135,"url":"https:\/\/mwc-cmm.org\/wp-content\/uploads\/2024\/10\/rs86398_img_3737_1.jpg","type":"image\/jpeg"}],"author":"mennworldcon","schema":{"@context":"https:\/\/schema.org","@graph":[{"@type":"Article","@id":"https:\/\/mwc-cmm.org\/fr\/stories\/une-yamen-ambassadrice-de-la-paix-au-milieu-de-la-violence\/#article","isPartOf":{"@id":"https:\/\/mwc-cmm.org\/fr\/stories\/une-yamen-ambassadrice-de-la-paix-au-milieu-de-la-violence\/"},"author":{"name":"mennworldcon","@id":"https:\/\/mwc-cmm.org\/en\/#\/schema\/person\/11f6ae0d7d1868ba20a1cc27f067c836"},"headline":"Une YAMEN, ambassadrice de la paix au milieu de la violence","datePublished":"2018-10-04T00:00:00+00:00","dateModified":"2025-03-11T19:26:24+00:00","mainEntityOfPage":{"@id":"https:\/\/mwc-cmm.org\/fr\/stories\/une-yamen-ambassadrice-de-la-paix-au-milieu-de-la-violence\/"},"wordCount":634,"publisher":{"@id":"https:\/\/mwc-cmm.org\/en\/#organization"},"image":{"@id":"https:\/\/mwc-cmm.org\/fr\/stories\/une-yamen-ambassadrice-de-la-paix-au-milieu-de-la-violence\/#primaryimage"},"thumbnailUrl":"https:\/\/mwc-cmm.org\/wp-content\/uploads\/2024\/10\/rs86398_img_3737_1.jpg","keywords":["YABs"],"articleSection":["Non classifi\u00e9(e)"],"inLanguage":"fr-FR"},{"@type":"WebPage","@id":"https:\/\/mwc-cmm.org\/fr\/stories\/une-yamen-ambassadrice-de-la-paix-au-milieu-de-la-violence\/","url":"https:\/\/mwc-cmm.org\/fr\/stories\/une-yamen-ambassadrice-de-la-paix-au-milieu-de-la-violence\/","name":"Une YAMEN, ambassadrice de la paix au milieu de la violence - Mennonite World Conference","isPartOf":{"@id":"https:\/\/mwc-cmm.org\/en\/#website"},"primaryImageOfPage":{"@id":"https:\/\/mwc-cmm.org\/fr\/stories\/une-yamen-ambassadrice-de-la-paix-au-milieu-de-la-violence\/#primaryimage"},"image":{"@id":"https:\/\/mwc-cmm.org\/fr\/stories\/une-yamen-ambassadrice-de-la-paix-au-milieu-de-la-violence\/#primaryimage"},"thumbnailUrl":"https:\/\/mwc-cmm.org\/wp-content\/uploads\/2024\/10\/rs86398_img_3737_1.jpg","datePublished":"2018-10-04T00:00:00+00:00","dateModified":"2025-03-11T19:26:24+00:00","breadcrumb":{"@id":"https:\/\/mwc-cmm.org\/fr\/stories\/une-yamen-ambassadrice-de-la-paix-au-milieu-de-la-violence\/#breadcrumb"},"inLanguage":"fr-FR","potentialAction":[{"@type":"ReadAction","target":["https:\/\/mwc-cmm.org\/fr\/stories\/une-yamen-ambassadrice-de-la-paix-au-milieu-de-la-violence\/"]}]},{"@type":"ImageObject","inLanguage":"fr-FR","@id":"https:\/\/mwc-cmm.org\/fr\/stories\/une-yamen-ambassadrice-de-la-paix-au-milieu-de-la-violence\/#primaryimage","url":"https:\/\/mwc-cmm.org\/wp-content\/uploads\/2024\/10\/rs86398_img_3737_1.jpg","contentUrl":"https:\/\/mwc-cmm.org\/wp-content\/uploads\/2024\/10\/rs86398_img_3737_1.jpg","width":180,"height":135},{"@type":"BreadcrumbList","@id":"https:\/\/mwc-cmm.org\/fr\/stories\/une-yamen-ambassadrice-de-la-paix-au-milieu-de-la-violence\/#breadcrumb","itemListElement":[{"@type":"ListItem","position":1,"name":"Home","item":"https:\/\/mwc-cmm.org\/fr\/"},{"@type":"ListItem","position":2,"name":"Une YAMEN, ambassadrice de la paix au milieu de la violence"}]},{"@type":"WebSite","@id":"https:\/\/mwc-cmm.org\/en\/#website","url":"https:\/\/mwc-cmm.org\/en\/","name":"Mennonite World Conference","description":"A communion of Anabaptist-related churches","publisher":{"@id":"https:\/\/mwc-cmm.org\/en\/#organization"},"alternateName":"MWC","potentialAction":[{"@type":"SearchAction","target":{"@type":"EntryPoint","urlTemplate":"https:\/\/mwc-cmm.org\/en\/?s={search_term_string}"},"query-input":{"@type":"PropertyValueSpecification","valueRequired":true,"valueName":"search_term_string"}}],"inLanguage":"fr-FR"},{"@type":"Organization","@id":"https:\/\/mwc-cmm.org\/en\/#organization","name":"Mennonite World Conference","alternateName":"MWC","url":"https:\/\/mwc-cmm.org\/en\/","logo":{"@type":"ImageObject","inLanguage":"fr-FR","@id":"https:\/\/mwc-cmm.org\/en\/#\/schema\/logo\/image\/","url":"https:\/\/mwc-cmm.org\/wp-content\/uploads\/2026\/01\/MWC_Sig_Blue_Horiz_webheader1-logo.svg","contentUrl":"https:\/\/mwc-cmm.org\/wp-content\/uploads\/2026\/01\/MWC_Sig_Blue_Horiz_webheader1-logo.svg","width":786,"height":82,"caption":"Mennonite World Conference"},"image":{"@id":"https:\/\/mwc-cmm.org\/en\/#\/schema\/logo\/image\/"},"sameAs":["https:\/\/www.facebook.com\/MennoniteWorldConference","https:\/\/www.linkedin.com\/company\/mennonite-world-conference-mwc\/","https:\/\/www.instagram.com\/mwcmm\/","https:\/\/www.youtube.com\/user\/mwccmm","https:\/\/bsky.app\/profile\/mwcmm.bsky.social"]},{"@type":"Person","@id":"https:\/\/mwc-cmm.org\/en\/#\/schema\/person\/11f6ae0d7d1868ba20a1cc27f067c836","name":"mennworldcon","image":{"@type":"ImageObject","inLanguage":"fr-FR","@id":"https:\/\/secure.gravatar.com\/avatar\/06fdc0dc81c157dfdb82ec42f252178a22307808988d22c043f9eb96f1e0fe80?s=96&d=mm&r=g","url":"https:\/\/secure.gravatar.com\/avatar\/06fdc0dc81c157dfdb82ec42f252178a22307808988d22c043f9eb96f1e0fe80?s=96&d=mm&r=g","contentUrl":"https:\/\/secure.gravatar.com\/avatar\/06fdc0dc81c157dfdb82ec42f252178a22307808988d22c043f9eb96f1e0fe80?s=96&d=mm&r=g","caption":"mennworldcon"},"sameAs":["https:\/\/mwc-cmm.org"],"url":"https:\/\/mwc-cmm.org\/fr\/stories\/author\/mennworldcon\/"}]}},"_links":{"self":[{"href":"https:\/\/mwc-cmm.org\/fr\/wp-json\/wp\/v2\/posts\/9990","targetHints":{"allow":["GET"]}}],"collection":[{"href":"https:\/\/mwc-cmm.org\/fr\/wp-json\/wp\/v2\/posts"}],"about":[{"href":"https:\/\/mwc-cmm.org\/fr\/wp-json\/wp\/v2\/types\/post"}],"author":[{"embeddable":true,"href":"https:\/\/mwc-cmm.org\/fr\/wp-json\/wp\/v2\/users\/1"}],"replies":[{"embeddable":true,"href":"https:\/\/mwc-cmm.org\/fr\/wp-json\/wp\/v2\/comments?post=9990"}],"version-history":[{"count":0,"href":"https:\/\/mwc-cmm.org\/fr\/wp-json\/wp\/v2\/posts\/9990\/revisions"}],"wp:featuredmedia":[{"embeddable":true,"href":"https:\/\/mwc-cmm.org\/fr\/wp-json\/wp\/v2\/media\/13019"}],"wp:attachment":[{"href":"https:\/\/mwc-cmm.org\/fr\/wp-json\/wp\/v2\/media?parent=9990"}],"wp:term":[{"taxonomy":"category","embeddable":true,"href":"https:\/\/mwc-cmm.org\/fr\/wp-json\/wp\/v2\/categories?post=9990"},{"taxonomy":"post_tag","embeddable":true,"href":"https:\/\/mwc-cmm.org\/fr\/wp-json\/wp\/v2\/tags?post=9990"},{"taxonomy":"network","embeddable":true,"href":"https:\/\/mwc-cmm.org\/fr\/wp-json\/wp\/v2\/network?post=9990"},{"taxonomy":"eventcategory","embeddable":true,"href":"https:\/\/mwc-cmm.org\/fr\/wp-json\/wp\/v2\/eventcategory?post=9990"}],"curies":[{"name":"wp","href":"https:\/\/api.w.org\/{rel}","templated":true}]}}