{"id":9988,"date":"2018-10-03T00:00:00","date_gmt":"2018-10-03T00:00:00","guid":{"rendered":"https:\/\/mwc-cmm.org\/gapn-creates-space-for-relationship-4\/"},"modified":"2024-12-10T17:15:40","modified_gmt":"2024-12-10T17:15:40","slug":"le-gapn-faire-de-la-place-aux-relations","status":"publish","type":"post","link":"https:\/\/mwc-cmm.org\/fr\/stories\/le-gapn-faire-de-la-place-aux-relations\/","title":{"rendered":"Le GAPN : faire de la place aux relations"},"content":{"rendered":"<p>C\u2019est la pause-caf\u00e9 \u00e0 la rencontre du Conseil G\u00e9n\u00e9ral, des commissions et des r\u00e9seaux de la Conf\u00e9rence Mennonite Mondiale (CMM) au Kenya, en avril 2018. Et c\u2019est l\u2019occasion pour Ricardo Esquivia, constructeur de paix et d\u00e9fenseurs des droits humains, de discuter avec une vieille amie de sa vision pour le R\u00e9seau Anabaptiste Mondial pour la Paix (GAPN) : construire un r\u00e9seau qui soutienne les constructeurs de paix sur le terrain et qui communique avec la communaut\u00e9 mennonite au sens large.<\/p>\n<p>Apr\u00e8s des ann\u00e9es de planification et de continuation du travail accompli dans le pass\u00e9, le groupe de travail du nouveau GAPN s&rsquo;est r\u00e9uni pour la premi\u00e8re fois les 17 et 20 avril 2018 \u00e0 Limuru, au Kenya.<\/p>\n<p>Les repr\u00e9sentants du groupe de travail viennent d\u2019Asie, d\u2019Afrique, des Am\u00e9riques et d\u2019Europe et de diff\u00e9rentes \u00c9glises membres de la CMM. Chaque repr\u00e9sentant apporte une richesse de par son exp\u00e9rience de travail pour la paix dans le contexte de son organisation locale \/ r\u00e9gionale.<\/p>\n<p><img decoding=\"async\" alt=\" Karla Braun\" data-src=\"https:\/\/mwc-cmm.org\/wp-content\/uploads\/2024\/10\/img_0154-gapn-steering-committee-2018.jpg\" style=\"--smush-image-width: 2000px; --smush-image-aspect-ratio: 2000\/1500;width:300px; height:225px; margin:5px 10px; float:left\" width=\"2000\" class=\"smush-dimensions lazyload\" src=\"data:image\/svg+xml;base64,PHN2ZyB3aWR0aD0iMSIgaGVpZ2h0PSIxIiB4bWxucz0iaHR0cDovL3d3dy53My5vcmcvMjAwMC9zdmciPjwvc3ZnPg==\" \/><\/p>\n<p>Le but du GAPN est de fournir l&rsquo;infrastructure n\u00e9cessaire pour mettre en lien les nombreuses initiatives et organisations de paix qui sont le fruit du travail de construction de paix, de non-violence active et de transformation des conflits des \u00c9glises de la CMM. Souvent, ces organisations ne se connaissent pas les unes les autres, ce qui entra\u00eene une duplication des efforts et un manque d\u2019\u00e9changes mutuellement b\u00e9n\u00e9fiques et transformateurs.<\/p>\n<p>Les r\u00e9unions en personne ont permis au groupe de travail d\u2019explorer plus en profondeur la formation du GAPN et sa raison d\u2019\u00eatre, sa mission, ses actions potentielles et sa structure.<\/p>\n<p>Aujourd\u2019hui, ils se sont li\u00e9s \u00e0 nouveau lors des r\u00e9unions \u00e0 Limuru, au Kenya. \u00ab&nbsp;Cette fois, il y avait une diff\u00e9rence dans notre r\u00e9union&nbsp;\u00bb, explique Wendy, qui parle d\u00e9sormais plus couramment l&rsquo;espagnol. \u00ab&nbsp;Ricardo a partag\u00e9 avec nous les difficult\u00e9s r\u00e9currentes de son travail. Il a demand\u00e9 au GAPN d\u2019examiner comment nous pourrions cr\u00e9er des r\u00e9seaux pour soutenir les constructeurs de paix sur le terrain et alerter la communaut\u00e9 mennonite des difficult\u00e9s auxquelles sont confront\u00e9s les anabaptistes dans leurs communaut\u00e9s et contextes respectifs.<\/p>\n<p>&nbsp;\u00ab&nbsp;Je veux prendre cette demande au s\u00e9rieux dans le cadre de mon travail au sein de la Commission Paix et du GAPN&nbsp;\u00bb d\u00e9clare Wendy.<\/p>\n<p>La rencontre entre Wendy et Ricardo illustre la pertinence d\u2019un r\u00e9seau permettant aux constructeurs de paix de se rencontrer en chair et en os.<\/p>\n<p>Le GAPN a pour objectif de partager des nouvelles et des sujets de pri\u00e8re, de faciliter les \u00e9changes (mat\u00e9riel, personnel, stages, \u00e9tudes, etc.) et de cr\u00e9er un espace de relations mutuellement transformatrices, de solidarit\u00e9 et d\u2019aide aux initiatives de plaidoyer politique. Plut\u00f4t que de devenir une organisation \u00e0 part enti\u00e8re, le GAPN cr\u00e9era, favorisera et entretiendra la construction de relations.<\/p>\n<p>Le groupe de travail pr\u00e9voit de lancer officiellement le GAPN lors de la deuxi\u00e8me Conf\u00e9rence et Festival Mennonite Mondial de Construction de Paix qui aura lieu \u00e0 Elspeet, aux Pays-Bas, du 27 au 30 juin 2019.<\/p>\n<p><em>\u2014un communiqu\u00e9 de la Conf\u00e9rence Mennonite Mondiale \u00e9crit par Andr\u00e9s Pacheco Lozano, coordinateur du R\u00e9seau Anabaptiste Mondial pour la Paix<\/em><\/p>\n<hr \/>\n<p>Chaque septembre, la Commission Paix invite les \u00c9glises \u00e0 c\u00e9l\u00e9brer le dimanche de la paix avec l\u2019\u00c9glise anabaptiste mondiale.<\/p>\n<p><a href=\"\/fr\/node\/54\">Cliquez ici<\/a> pour acc\u00e9der au mat\u00e9riel pour le culte du Dimanche de la paix<\/p>\n<hr \/>\n<h3><strong>Membres du groupe de travail du GAPN :<\/strong><\/h3>\n<ul>\n<li>Andr\u00e9s Pacheco Lozano (Colombie\/Pays-Bas), coordinateur du GAPN<\/li>\n<li>Andrew Suderman (Canada\/USA), secr\u00e9taire de la Commission Paix<\/li>\n<li>Wendy Kroeker (Canada), membre de la Commission Paix<\/li>\n<li>Scott Holland (USA)<\/li>\n<li>Pascal Kulungu (RDC)<\/li>\n<li>Christina Asheervadam (Inde)<\/li>\n<li>Fulco van Hulst (Pays-Bas)<\/li>\n<\/ul>\n","protected":false},"excerpt":{"rendered":"<p>C\u2019est la pause-caf\u00e9 \u00e0 la rencontre du Conseil G\u00e9n\u00e9ral, des commissions et des r\u00e9seaux de la Conf\u00e9rence Mennonite Mondiale (CMM) au Kenya, en avril 2018. Et c\u2019est l\u2019occasion pour Ricardo Esquivia, constructeur de paix et d\u00e9fenseurs des droits humains, de discuter avec une vieille amie de sa vision pour le R\u00e9seau Anabaptiste Mondial pour la [&hellip;]<\/p>\n","protected":false},"author":1,"featured_media":89718,"comment_status":"closed","ping_status":"closed","sticky":false,"template":"","format":"standard","meta":{"_acf_changed":false,"footnotes":""},"categories":[7],"tags":[],"network":[1268],"eventcategory":[],"class_list":["post-9988","post","type-post","status-publish","format-standard","has-post-thumbnail","hentry","category-non-classifiee","network-global-anabaptist-peace-network-fr"],"acf":[],"yoast_head":"<!-- This site is optimized with the Yoast SEO plugin v27.2 - https:\/\/yoast.com\/product\/yoast-seo-wordpress\/ -->\n<title>Le GAPN : faire de la place aux relations - Mennonite World Conference<\/title>\n<meta name=\"robots\" content=\"index, follow, max-snippet:-1, max-image-preview:large, max-video-preview:-1\" \/>\n<link rel=\"canonical\" href=\"https:\/\/mwc-cmm.org\/fr\/stories\/le-gapn-faire-de-la-place-aux-relations\/\" \/>\n<meta property=\"og:locale\" content=\"fr_FR\" \/>\n<meta property=\"og:type\" content=\"article\" \/>\n<meta property=\"og:title\" content=\"Le GAPN : faire de la place aux relations - Mennonite World Conference\" \/>\n<meta property=\"og:description\" content=\"C\u2019est la pause-caf\u00e9 \u00e0 la rencontre du Conseil G\u00e9n\u00e9ral, des commissions et des r\u00e9seaux de la Conf\u00e9rence Mennonite Mondiale (CMM) au Kenya, en avril 2018. Et c\u2019est l\u2019occasion pour Ricardo Esquivia, constructeur de paix et d\u00e9fenseurs des droits humains, de discuter avec une vieille amie de sa vision pour le R\u00e9seau Anabaptiste Mondial pour la [&hellip;]\" \/>\n<meta property=\"og:url\" content=\"https:\/\/mwc-cmm.org\/fr\/stories\/le-gapn-faire-de-la-place-aux-relations\/\" \/>\n<meta property=\"og:site_name\" content=\"Mennonite World Conference\" \/>\n<meta property=\"article:publisher\" content=\"https:\/\/www.facebook.com\/MennoniteWorldConference\" \/>\n<meta property=\"article:published_time\" content=\"2018-10-03T00:00:00+00:00\" \/>\n<meta property=\"article:modified_time\" content=\"2024-12-10T17:15:40+00:00\" \/>\n<meta property=\"og:image\" content=\"https:\/\/mwc-cmm.org\/wp-content\/uploads\/2024\/11\/20180417karla_braunimg_0144-scaled.jpg\" \/>\n\t<meta property=\"og:image:width\" content=\"2560\" \/>\n\t<meta property=\"og:image:height\" content=\"1920\" \/>\n\t<meta property=\"og:image:type\" content=\"image\/jpeg\" \/>\n<meta name=\"author\" content=\"mennworldcon\" \/>\n<script type=\"application\/ld+json\" class=\"yoast-schema-graph\">{\"@context\":\"https:\/\/schema.org\",\"@graph\":[{\"@type\":\"Article\",\"@id\":\"https:\/\/mwc-cmm.org\/fr\/stories\/le-gapn-faire-de-la-place-aux-relations\/#article\",\"isPartOf\":{\"@id\":\"https:\/\/mwc-cmm.org\/fr\/stories\/le-gapn-faire-de-la-place-aux-relations\/\"},\"author\":{\"name\":\"mennworldcon\",\"@id\":\"https:\/\/mwc-cmm.org\/en\/#\/schema\/person\/11f6ae0d7d1868ba20a1cc27f067c836\"},\"headline\":\"Le GAPN : faire de la place aux relations\",\"datePublished\":\"2018-10-03T00:00:00+00:00\",\"dateModified\":\"2024-12-10T17:15:40+00:00\",\"mainEntityOfPage\":{\"@id\":\"https:\/\/mwc-cmm.org\/fr\/stories\/le-gapn-faire-de-la-place-aux-relations\/\"},\"wordCount\":654,\"publisher\":{\"@id\":\"https:\/\/mwc-cmm.org\/en\/#organization\"},\"image\":{\"@id\":\"https:\/\/mwc-cmm.org\/fr\/stories\/le-gapn-faire-de-la-place-aux-relations\/#primaryimage\"},\"thumbnailUrl\":\"https:\/\/mwc-cmm.org\/wp-content\/uploads\/2024\/11\/20180417karla_braunimg_0144-scaled.jpg\",\"articleSection\":[\"Non classifi\u00e9(e)\"],\"inLanguage\":\"fr-FR\"},{\"@type\":\"WebPage\",\"@id\":\"https:\/\/mwc-cmm.org\/fr\/stories\/le-gapn-faire-de-la-place-aux-relations\/\",\"url\":\"https:\/\/mwc-cmm.org\/fr\/stories\/le-gapn-faire-de-la-place-aux-relations\/\",\"name\":\"Le GAPN : faire de la place aux relations - Mennonite World Conference\",\"isPartOf\":{\"@id\":\"https:\/\/mwc-cmm.org\/en\/#website\"},\"primaryImageOfPage\":{\"@id\":\"https:\/\/mwc-cmm.org\/fr\/stories\/le-gapn-faire-de-la-place-aux-relations\/#primaryimage\"},\"image\":{\"@id\":\"https:\/\/mwc-cmm.org\/fr\/stories\/le-gapn-faire-de-la-place-aux-relations\/#primaryimage\"},\"thumbnailUrl\":\"https:\/\/mwc-cmm.org\/wp-content\/uploads\/2024\/11\/20180417karla_braunimg_0144-scaled.jpg\",\"datePublished\":\"2018-10-03T00:00:00+00:00\",\"dateModified\":\"2024-12-10T17:15:40+00:00\",\"breadcrumb\":{\"@id\":\"https:\/\/mwc-cmm.org\/fr\/stories\/le-gapn-faire-de-la-place-aux-relations\/#breadcrumb\"},\"inLanguage\":\"fr-FR\",\"potentialAction\":[{\"@type\":\"ReadAction\",\"target\":[\"https:\/\/mwc-cmm.org\/fr\/stories\/le-gapn-faire-de-la-place-aux-relations\/\"]}]},{\"@type\":\"ImageObject\",\"inLanguage\":\"fr-FR\",\"@id\":\"https:\/\/mwc-cmm.org\/fr\/stories\/le-gapn-faire-de-la-place-aux-relations\/#primaryimage\",\"url\":\"https:\/\/mwc-cmm.org\/wp-content\/uploads\/2024\/11\/20180417karla_braunimg_0144-scaled.jpg\",\"contentUrl\":\"https:\/\/mwc-cmm.org\/wp-content\/uploads\/2024\/11\/20180417karla_braunimg_0144-scaled.jpg\",\"width\":2560,\"height\":1920},{\"@type\":\"BreadcrumbList\",\"@id\":\"https:\/\/mwc-cmm.org\/fr\/stories\/le-gapn-faire-de-la-place-aux-relations\/#breadcrumb\",\"itemListElement\":[{\"@type\":\"ListItem\",\"position\":1,\"name\":\"Home\",\"item\":\"https:\/\/mwc-cmm.org\/fr\/\"},{\"@type\":\"ListItem\",\"position\":2,\"name\":\"Le GAPN : faire de la place aux relations\"}]},{\"@type\":\"WebSite\",\"@id\":\"https:\/\/mwc-cmm.org\/en\/#website\",\"url\":\"https:\/\/mwc-cmm.org\/en\/\",\"name\":\"Mennonite World Conference\",\"description\":\"A communion of Anabaptist-related churches\",\"publisher\":{\"@id\":\"https:\/\/mwc-cmm.org\/en\/#organization\"},\"alternateName\":\"MWC\",\"potentialAction\":[{\"@type\":\"SearchAction\",\"target\":{\"@type\":\"EntryPoint\",\"urlTemplate\":\"https:\/\/mwc-cmm.org\/en\/?s={search_term_string}\"},\"query-input\":{\"@type\":\"PropertyValueSpecification\",\"valueRequired\":true,\"valueName\":\"search_term_string\"}}],\"inLanguage\":\"fr-FR\"},{\"@type\":\"Organization\",\"@id\":\"https:\/\/mwc-cmm.org\/en\/#organization\",\"name\":\"Mennonite World Conference\",\"alternateName\":\"MWC\",\"url\":\"https:\/\/mwc-cmm.org\/en\/\",\"logo\":{\"@type\":\"ImageObject\",\"inLanguage\":\"fr-FR\",\"@id\":\"https:\/\/mwc-cmm.org\/en\/#\/schema\/logo\/image\/\",\"url\":\"https:\/\/mwc-cmm.org\/wp-content\/uploads\/2026\/01\/MWC_Sig_Blue_Horiz_webheader1-logo.svg\",\"contentUrl\":\"https:\/\/mwc-cmm.org\/wp-content\/uploads\/2026\/01\/MWC_Sig_Blue_Horiz_webheader1-logo.svg\",\"width\":786,\"height\":82,\"caption\":\"Mennonite World Conference\"},\"image\":{\"@id\":\"https:\/\/mwc-cmm.org\/en\/#\/schema\/logo\/image\/\"},\"sameAs\":[\"https:\/\/www.facebook.com\/MennoniteWorldConference\",\"https:\/\/www.linkedin.com\/company\/mennonite-world-conference-mwc\/\",\"https:\/\/www.instagram.com\/mwcmm\/\",\"https:\/\/www.youtube.com\/user\/mwccmm\",\"https:\/\/bsky.app\/profile\/mwcmm.bsky.social\"]},{\"@type\":\"Person\",\"@id\":\"https:\/\/mwc-cmm.org\/en\/#\/schema\/person\/11f6ae0d7d1868ba20a1cc27f067c836\",\"name\":\"mennworldcon\",\"image\":{\"@type\":\"ImageObject\",\"inLanguage\":\"fr-FR\",\"@id\":\"https:\/\/secure.gravatar.com\/avatar\/06fdc0dc81c157dfdb82ec42f252178a22307808988d22c043f9eb96f1e0fe80?s=96&d=mm&r=g\",\"url\":\"https:\/\/secure.gravatar.com\/avatar\/06fdc0dc81c157dfdb82ec42f252178a22307808988d22c043f9eb96f1e0fe80?s=96&d=mm&r=g\",\"contentUrl\":\"https:\/\/secure.gravatar.com\/avatar\/06fdc0dc81c157dfdb82ec42f252178a22307808988d22c043f9eb96f1e0fe80?s=96&d=mm&r=g\",\"caption\":\"mennworldcon\"},\"sameAs\":[\"https:\/\/mwc-cmm.org\"],\"url\":\"https:\/\/mwc-cmm.org\/fr\/stories\/author\/mennworldcon\/\"}]}<\/script>\n<!-- \/ Yoast SEO plugin. -->","yoast_head_json":{"title":"Le GAPN : faire de la place aux relations - Mennonite World Conference","robots":{"index":"index","follow":"follow","max-snippet":"max-snippet:-1","max-image-preview":"max-image-preview:large","max-video-preview":"max-video-preview:-1"},"canonical":"https:\/\/mwc-cmm.org\/fr\/stories\/le-gapn-faire-de-la-place-aux-relations\/","og_locale":"fr_FR","og_type":"article","og_title":"Le GAPN : faire de la place aux relations - Mennonite World Conference","og_description":"C\u2019est la pause-caf\u00e9 \u00e0 la rencontre du Conseil G\u00e9n\u00e9ral, des commissions et des r\u00e9seaux de la Conf\u00e9rence Mennonite Mondiale (CMM) au Kenya, en avril 2018. Et c\u2019est l\u2019occasion pour Ricardo Esquivia, constructeur de paix et d\u00e9fenseurs des droits humains, de discuter avec une vieille amie de sa vision pour le R\u00e9seau Anabaptiste Mondial pour la [&hellip;]","og_url":"https:\/\/mwc-cmm.org\/fr\/stories\/le-gapn-faire-de-la-place-aux-relations\/","og_site_name":"Mennonite World Conference","article_publisher":"https:\/\/www.facebook.com\/MennoniteWorldConference","article_published_time":"2018-10-03T00:00:00+00:00","article_modified_time":"2024-12-10T17:15:40+00:00","og_image":[{"width":2560,"height":1920,"url":"https:\/\/mwc-cmm.org\/wp-content\/uploads\/2024\/11\/20180417karla_braunimg_0144-scaled.jpg","type":"image\/jpeg"}],"author":"mennworldcon","schema":{"@context":"https:\/\/schema.org","@graph":[{"@type":"Article","@id":"https:\/\/mwc-cmm.org\/fr\/stories\/le-gapn-faire-de-la-place-aux-relations\/#article","isPartOf":{"@id":"https:\/\/mwc-cmm.org\/fr\/stories\/le-gapn-faire-de-la-place-aux-relations\/"},"author":{"name":"mennworldcon","@id":"https:\/\/mwc-cmm.org\/en\/#\/schema\/person\/11f6ae0d7d1868ba20a1cc27f067c836"},"headline":"Le GAPN : faire de la place aux relations","datePublished":"2018-10-03T00:00:00+00:00","dateModified":"2024-12-10T17:15:40+00:00","mainEntityOfPage":{"@id":"https:\/\/mwc-cmm.org\/fr\/stories\/le-gapn-faire-de-la-place-aux-relations\/"},"wordCount":654,"publisher":{"@id":"https:\/\/mwc-cmm.org\/en\/#organization"},"image":{"@id":"https:\/\/mwc-cmm.org\/fr\/stories\/le-gapn-faire-de-la-place-aux-relations\/#primaryimage"},"thumbnailUrl":"https:\/\/mwc-cmm.org\/wp-content\/uploads\/2024\/11\/20180417karla_braunimg_0144-scaled.jpg","articleSection":["Non classifi\u00e9(e)"],"inLanguage":"fr-FR"},{"@type":"WebPage","@id":"https:\/\/mwc-cmm.org\/fr\/stories\/le-gapn-faire-de-la-place-aux-relations\/","url":"https:\/\/mwc-cmm.org\/fr\/stories\/le-gapn-faire-de-la-place-aux-relations\/","name":"Le GAPN : faire de la place aux relations - Mennonite World Conference","isPartOf":{"@id":"https:\/\/mwc-cmm.org\/en\/#website"},"primaryImageOfPage":{"@id":"https:\/\/mwc-cmm.org\/fr\/stories\/le-gapn-faire-de-la-place-aux-relations\/#primaryimage"},"image":{"@id":"https:\/\/mwc-cmm.org\/fr\/stories\/le-gapn-faire-de-la-place-aux-relations\/#primaryimage"},"thumbnailUrl":"https:\/\/mwc-cmm.org\/wp-content\/uploads\/2024\/11\/20180417karla_braunimg_0144-scaled.jpg","datePublished":"2018-10-03T00:00:00+00:00","dateModified":"2024-12-10T17:15:40+00:00","breadcrumb":{"@id":"https:\/\/mwc-cmm.org\/fr\/stories\/le-gapn-faire-de-la-place-aux-relations\/#breadcrumb"},"inLanguage":"fr-FR","potentialAction":[{"@type":"ReadAction","target":["https:\/\/mwc-cmm.org\/fr\/stories\/le-gapn-faire-de-la-place-aux-relations\/"]}]},{"@type":"ImageObject","inLanguage":"fr-FR","@id":"https:\/\/mwc-cmm.org\/fr\/stories\/le-gapn-faire-de-la-place-aux-relations\/#primaryimage","url":"https:\/\/mwc-cmm.org\/wp-content\/uploads\/2024\/11\/20180417karla_braunimg_0144-scaled.jpg","contentUrl":"https:\/\/mwc-cmm.org\/wp-content\/uploads\/2024\/11\/20180417karla_braunimg_0144-scaled.jpg","width":2560,"height":1920},{"@type":"BreadcrumbList","@id":"https:\/\/mwc-cmm.org\/fr\/stories\/le-gapn-faire-de-la-place-aux-relations\/#breadcrumb","itemListElement":[{"@type":"ListItem","position":1,"name":"Home","item":"https:\/\/mwc-cmm.org\/fr\/"},{"@type":"ListItem","position":2,"name":"Le GAPN : faire de la place aux relations"}]},{"@type":"WebSite","@id":"https:\/\/mwc-cmm.org\/en\/#website","url":"https:\/\/mwc-cmm.org\/en\/","name":"Mennonite World Conference","description":"A communion of Anabaptist-related churches","publisher":{"@id":"https:\/\/mwc-cmm.org\/en\/#organization"},"alternateName":"MWC","potentialAction":[{"@type":"SearchAction","target":{"@type":"EntryPoint","urlTemplate":"https:\/\/mwc-cmm.org\/en\/?s={search_term_string}"},"query-input":{"@type":"PropertyValueSpecification","valueRequired":true,"valueName":"search_term_string"}}],"inLanguage":"fr-FR"},{"@type":"Organization","@id":"https:\/\/mwc-cmm.org\/en\/#organization","name":"Mennonite World Conference","alternateName":"MWC","url":"https:\/\/mwc-cmm.org\/en\/","logo":{"@type":"ImageObject","inLanguage":"fr-FR","@id":"https:\/\/mwc-cmm.org\/en\/#\/schema\/logo\/image\/","url":"https:\/\/mwc-cmm.org\/wp-content\/uploads\/2026\/01\/MWC_Sig_Blue_Horiz_webheader1-logo.svg","contentUrl":"https:\/\/mwc-cmm.org\/wp-content\/uploads\/2026\/01\/MWC_Sig_Blue_Horiz_webheader1-logo.svg","width":786,"height":82,"caption":"Mennonite World Conference"},"image":{"@id":"https:\/\/mwc-cmm.org\/en\/#\/schema\/logo\/image\/"},"sameAs":["https:\/\/www.facebook.com\/MennoniteWorldConference","https:\/\/www.linkedin.com\/company\/mennonite-world-conference-mwc\/","https:\/\/www.instagram.com\/mwcmm\/","https:\/\/www.youtube.com\/user\/mwccmm","https:\/\/bsky.app\/profile\/mwcmm.bsky.social"]},{"@type":"Person","@id":"https:\/\/mwc-cmm.org\/en\/#\/schema\/person\/11f6ae0d7d1868ba20a1cc27f067c836","name":"mennworldcon","image":{"@type":"ImageObject","inLanguage":"fr-FR","@id":"https:\/\/secure.gravatar.com\/avatar\/06fdc0dc81c157dfdb82ec42f252178a22307808988d22c043f9eb96f1e0fe80?s=96&d=mm&r=g","url":"https:\/\/secure.gravatar.com\/avatar\/06fdc0dc81c157dfdb82ec42f252178a22307808988d22c043f9eb96f1e0fe80?s=96&d=mm&r=g","contentUrl":"https:\/\/secure.gravatar.com\/avatar\/06fdc0dc81c157dfdb82ec42f252178a22307808988d22c043f9eb96f1e0fe80?s=96&d=mm&r=g","caption":"mennworldcon"},"sameAs":["https:\/\/mwc-cmm.org"],"url":"https:\/\/mwc-cmm.org\/fr\/stories\/author\/mennworldcon\/"}]}},"_links":{"self":[{"href":"https:\/\/mwc-cmm.org\/fr\/wp-json\/wp\/v2\/posts\/9988","targetHints":{"allow":["GET"]}}],"collection":[{"href":"https:\/\/mwc-cmm.org\/fr\/wp-json\/wp\/v2\/posts"}],"about":[{"href":"https:\/\/mwc-cmm.org\/fr\/wp-json\/wp\/v2\/types\/post"}],"author":[{"embeddable":true,"href":"https:\/\/mwc-cmm.org\/fr\/wp-json\/wp\/v2\/users\/1"}],"replies":[{"embeddable":true,"href":"https:\/\/mwc-cmm.org\/fr\/wp-json\/wp\/v2\/comments?post=9988"}],"version-history":[{"count":0,"href":"https:\/\/mwc-cmm.org\/fr\/wp-json\/wp\/v2\/posts\/9988\/revisions"}],"wp:featuredmedia":[{"embeddable":true,"href":"https:\/\/mwc-cmm.org\/fr\/wp-json\/wp\/v2\/media\/89718"}],"wp:attachment":[{"href":"https:\/\/mwc-cmm.org\/fr\/wp-json\/wp\/v2\/media?parent=9988"}],"wp:term":[{"taxonomy":"category","embeddable":true,"href":"https:\/\/mwc-cmm.org\/fr\/wp-json\/wp\/v2\/categories?post=9988"},{"taxonomy":"post_tag","embeddable":true,"href":"https:\/\/mwc-cmm.org\/fr\/wp-json\/wp\/v2\/tags?post=9988"},{"taxonomy":"network","embeddable":true,"href":"https:\/\/mwc-cmm.org\/fr\/wp-json\/wp\/v2\/network?post=9988"},{"taxonomy":"eventcategory","embeddable":true,"href":"https:\/\/mwc-cmm.org\/fr\/wp-json\/wp\/v2\/eventcategory?post=9988"}],"curies":[{"name":"wp","href":"https:\/\/api.w.org\/{rel}","templated":true}]}}