{"id":9982,"date":"2018-08-20T00:00:00","date_gmt":"2018-08-20T00:00:00","guid":{"rendered":"https:\/\/mwc-cmm.org\/the-holy-spirit-is-at-work-among-us-4\/"},"modified":"2024-12-10T17:15:38","modified_gmt":"2024-12-10T17:15:38","slug":"the-holy-spirit-is-at-work-among-us-4","status":"publish","type":"post","link":"https:\/\/mwc-cmm.org\/fr\/stories\/the-holy-spirit-is-at-work-among-us-4\/","title":{"rendered":"Le Saint Esprit est \u00e0 l\u2019\u0153uvre au milieu de nous"},"content":{"rendered":"<p><em>Comme les quatre cavit\u00e9s du c\u0153ur, les quatre commissions de la CMM servent la communaut\u00e9 mondiale des \u00e9glises anabaptistes dans les domaines suivants : diacres, foi et vie, paix et mission. Les commissions pr\u00e9parent du mat\u00e9riel \u00e0 l\u2019intention du Conseil G\u00e9n\u00e9ral, donnent des conseils et proposent des ressources aux \u00e9glises membres et facilitent le travail des r\u00e9seaux ou des fraternit\u00e9s de la CMM qui \u0153uvrent ensemble sur des questions et des pr\u00e9occupations d\u2019int\u00e9r\u00eat commun. Ci-dessous, une des commissions communique un message de leur minist\u00e8re.<\/em><\/p>\n<hr \/>\n<p>Ceux qui servent dans le domaine de l\u2019entraide sont en g\u00e9n\u00e9ral des personnes pratiques, bienveillantes, des personnes tourn\u00e9es vers l\u2019action. Bien s\u00fbr, ce qui les pousse \u00e0 servir est le d\u00e9sir de suivre J\u00e9sus et ses enseignements :  se pr\u00e9ocuper pour les faibles, la veuve et l\u2019orphelin, etc. (J\u00e9r\u00e9mie 22\/3, Jacques 1\/27).<\/p>\n<p>Ceux qui ont un c\u0153ur pour l\u2019\u00e9vang\u00e9lisation peuvent \u00eatre consid\u00e9r\u00e9s commes des proclamateurs. Ils se soucient de montrer le chemin vers J\u00e9sus. Ils ob\u00e9issent au commandement d\u2019aller vers les nations et de faire des disciples.<\/p>\n<p>Lorsqu\u2019on les accuse de ne pas se pr\u00e9ocuper de l\u2019\u00e2me des personnes, le premier groupe aurait tendance \u00e0 r\u00e9pondre que l\u2019on doit d\u2019abord alimenter les estomacs vides avant de donner des aliments spirituels.<\/p>\n<p>Et les autres de r\u00e9pliquer, \u00e0 quoi bon nourrir les gens si nous ne faisons rien pour leurs \u00e2mes ?<\/p>\n<p>Je sais que cette description est simpliste et binaire, mais elle contient une v\u00e9rit\u00e9, d\u2019apr\u00e8s mon exp\u00e9rience.<\/p>\n<p><strong>Une tension<\/strong><\/p>\n<p>Dans le pass\u00e9, je sentais une tension entre ces deux groupes : les proclamateurs et les agisseurs. Les deux pr\u00e9tendaient que leur mission \u00e9tait compl\u00e8te. Parfois, des conflits ont surgi. Il y a souvent eu beaucoup de jugement.<\/p>\n<p>Lorsque nous avons fond\u00e9 le R\u00e9seau Anabaptiste Mondial d\u2019Entraide (GASN) au sein de la Conf\u00e9rence Mennonite Mondiale (CMM), il a eu de grandes discussions \u00e0 propos de la commission qui devait l\u2019abriter : Mission ou Diacres. Les arguments pour l\u2019un ou l\u2019autre refl\u00e9taient cette tension.<\/p>\n<p>La d\u00e9cision fut prise de l\u2019int\u00e9grer \u00e0 la Commission Mission. Cette d\u00e9cision fut appuy\u00e9e par la volont\u00e9 de surmonter cette br\u00e8che entre la proclamation et l\u2019entraide, la parole et l\u2019action.<\/p>\n<p>Je n\u2019\u00e9tais pas tr\u00e8s contente. Entant que membre du comit\u00e9 de coordination du GASN, j\u2019ai \u00e9t\u00e9 nomm\u00e9e sp\u00e9cialiste au sein de la Commission Mission. Je ne me sens pas missionnaire. Je suis une servante. \u00ca pr\u00e9sent, il fallait que je m\u2019identifie avec la mission.<\/p>\n<p><strong>Une<\/strong><strong> transformation <\/strong><\/p>\n<p>Au d\u00e9but, j\u2019\u00e9tais un peu perdue. Mais avec le temps, je me suis rendue compte qu\u2019un changement s\u2019op\u00e9rait en moi. J\u2019ai commenc\u00e9 \u00e0 r\u00e9aliser que mes dons pour l\u2019entraide ont tout autant de valeur que les dons de ceux qui plantent des \u00e9glises, ceux des \u00e9vang\u00e9listes et des enseignants.<\/p>\n<p>Dieu veut que nous soyons tous dans sa mission. C\u2019est ensemble que nous pouvons \u00eatre au complet.<\/p>\n<p>Depuis, le GASN s\u2019est r\u00e9uni deux fois. Nous avons eu des r\u00e9unions communes avec la Fraternit\u00e9 Missionnaire Mondiale (GMF) o\u00f9 nous avons partag\u00e9 des t\u00e9moignages et des enseignements en pr\u00e9sence des deux groupe et nous avons aussi tenu des sessions s\u00e9par\u00e9es.<\/p>\n<p>En particulier lorsque les groupes se r\u00e9unirent s\u00e9par\u00e9ment, je sentis que nous avions encore besoin que l\u2019Esprit nous dise : c\u2019est ensemble que nous sommes appel\u00e9s \u00e0 \u0153uvrer \u00e0 la mission de Dieu selon nos dons, nos convictions et nos points de vue.<\/p>\n<p>Encourag\u00e9s par le souffle de Dieu (\u00ab esprit \u00bb et \u00ab souffle \u00bb sont tous deux des traductions du mot h\u00e9breux<em> ruach<\/em>), nous verrons le changement et nous verrons Dieu \u00e0 l\u2019\u0153uvre.<\/p>\n<p>Durant ces r\u00e9unions au Kenya, en avril 2018, un signe de cette unit\u00e9, pour moi, fut la carte de pri\u00e8re (voir la photo). Tous les membres du GMF et du GASN furent invit\u00e9s \u00e0 prendre un moment pour identifier un pays, d\u00e9poser une bougie \u00e0 son endroit et prier pour ce pays, pour son peuple ou pour quelqu\u2019un de l\u00e0-bas que l\u2019on connaitrait.<\/p>\n<p>Pendant ce temps de pri\u00e8re silencieuse autour de la grande carte du monde, c\u2019\u00e9tait une \u00e9vidence : nous sommes un dans l\u2019Esprit.<\/p>\n<p><em>\u2014Communiqu\u00e9 de la Conf\u00e9rence Mennonite Mondiale par Barbara Hege-Galle, membre de la Commission Mission.<\/em><em>Elle servit avec la <\/em><em>Christliche Dienste <\/em><em>pendant 32 ans et vit \u00e0 <\/em><em>Bammental, <\/em><em>en Allemagne. Elle y est aussi au service de l\u2019\u00c9glise locale.<\/em><em> <\/em><\/p>\n","protected":false},"excerpt":{"rendered":"<p>NULL<\/p>\n","protected":false},"author":1,"featured_media":89634,"comment_status":"closed","ping_status":"closed","sticky":false,"template":"","format":"standard","meta":{"_acf_changed":false,"footnotes":""},"categories":[7],"tags":[408],"network":[1279],"eventcategory":[],"class_list":["post-9982","post","type-post","status-publish","format-standard","has-post-thumbnail","hentry","category-non-classifiee","tag-mission-fr","network-mission-commission-fr"],"acf":[],"yoast_head":"<!-- This site is optimized with the Yoast SEO plugin v27.5 - https:\/\/yoast.com\/product\/yoast-seo-wordpress\/ -->\n<title>Le Saint Esprit est \u00e0 l\u2019\u0153uvre au milieu de nous - Mennonite World Conference<\/title>\n<meta name=\"robots\" content=\"index, follow, max-snippet:-1, max-image-preview:large, max-video-preview:-1\" \/>\n<link rel=\"canonical\" href=\"https:\/\/mwc-cmm.org\/en\/stories\/the-holy-spirit-is-at-work-among-us\/\" \/>\n<meta property=\"og:locale\" content=\"fr_FR\" \/>\n<meta property=\"og:type\" content=\"article\" \/>\n<meta property=\"og:title\" content=\"Le Saint Esprit est \u00e0 l\u2019\u0153uvre au milieu de nous - Mennonite World Conference\" \/>\n<meta property=\"og:description\" content=\"NULL\" \/>\n<meta property=\"og:url\" content=\"https:\/\/mwc-cmm.org\/en\/stories\/the-holy-spirit-is-at-work-among-us\/\" \/>\n<meta property=\"og:site_name\" content=\"Mennonite World Conference\" \/>\n<meta property=\"article:publisher\" content=\"https:\/\/www.facebook.com\/MennoniteWorldConference\" \/>\n<meta property=\"article:published_time\" content=\"2018-08-20T00:00:00+00:00\" \/>\n<meta property=\"article:modified_time\" content=\"2024-12-10T17:15:38+00:00\" \/>\n<meta property=\"og:image\" content=\"https:\/\/mwc-cmm.org\/wp-content\/uploads\/2024\/11\/p1120356crop-scaled.jpg\" \/>\n\t<meta property=\"og:image:width\" content=\"2560\" \/>\n\t<meta property=\"og:image:height\" content=\"1884\" \/>\n\t<meta property=\"og:image:type\" content=\"image\/jpeg\" \/>\n<meta name=\"author\" content=\"mennworldcon\" \/>\n<script type=\"application\/ld+json\" class=\"yoast-schema-graph\">{\"@context\":\"https:\\\/\\\/schema.org\",\"@graph\":[{\"@type\":\"Article\",\"@id\":\"https:\\\/\\\/mwc-cmm.org\\\/en\\\/stories\\\/the-holy-spirit-is-at-work-among-us\\\/#article\",\"isPartOf\":{\"@id\":\"https:\\\/\\\/mwc-cmm.org\\\/en\\\/stories\\\/the-holy-spirit-is-at-work-among-us\\\/\"},\"author\":{\"name\":\"mennworldcon\",\"@id\":\"https:\\\/\\\/mwc-cmm.org\\\/en\\\/#\\\/schema\\\/person\\\/11f6ae0d7d1868ba20a1cc27f067c836\"},\"headline\":\"Le Saint Esprit est \u00e0 l\u2019\u0153uvre au milieu de nous\",\"datePublished\":\"2018-08-20T00:00:00+00:00\",\"dateModified\":\"2024-12-10T17:15:38+00:00\",\"mainEntityOfPage\":{\"@id\":\"https:\\\/\\\/mwc-cmm.org\\\/en\\\/stories\\\/the-holy-spirit-is-at-work-among-us\\\/\"},\"wordCount\":795,\"publisher\":{\"@id\":\"https:\\\/\\\/mwc-cmm.org\\\/en\\\/#organization\"},\"image\":{\"@id\":\"https:\\\/\\\/mwc-cmm.org\\\/en\\\/stories\\\/the-holy-spirit-is-at-work-among-us\\\/#primaryimage\"},\"thumbnailUrl\":\"https:\\\/\\\/mwc-cmm.org\\\/wp-content\\\/uploads\\\/2024\\\/11\\\/p1120356crop-scaled.jpg\",\"keywords\":[\"mission\"],\"articleSection\":[\"Non classifi\u00e9(e)\"],\"inLanguage\":\"fr-FR\"},{\"@type\":\"WebPage\",\"@id\":\"https:\\\/\\\/mwc-cmm.org\\\/en\\\/stories\\\/the-holy-spirit-is-at-work-among-us\\\/\",\"url\":\"https:\\\/\\\/mwc-cmm.org\\\/en\\\/stories\\\/the-holy-spirit-is-at-work-among-us\\\/\",\"name\":\"Le Saint Esprit est \u00e0 l\u2019\u0153uvre au milieu de nous - Mennonite World Conference\",\"isPartOf\":{\"@id\":\"https:\\\/\\\/mwc-cmm.org\\\/en\\\/#website\"},\"primaryImageOfPage\":{\"@id\":\"https:\\\/\\\/mwc-cmm.org\\\/en\\\/stories\\\/the-holy-spirit-is-at-work-among-us\\\/#primaryimage\"},\"image\":{\"@id\":\"https:\\\/\\\/mwc-cmm.org\\\/en\\\/stories\\\/the-holy-spirit-is-at-work-among-us\\\/#primaryimage\"},\"thumbnailUrl\":\"https:\\\/\\\/mwc-cmm.org\\\/wp-content\\\/uploads\\\/2024\\\/11\\\/p1120356crop-scaled.jpg\",\"datePublished\":\"2018-08-20T00:00:00+00:00\",\"dateModified\":\"2024-12-10T17:15:38+00:00\",\"breadcrumb\":{\"@id\":\"https:\\\/\\\/mwc-cmm.org\\\/en\\\/stories\\\/the-holy-spirit-is-at-work-among-us\\\/#breadcrumb\"},\"inLanguage\":\"fr-FR\",\"potentialAction\":[{\"@type\":\"ReadAction\",\"target\":[\"https:\\\/\\\/mwc-cmm.org\\\/en\\\/stories\\\/the-holy-spirit-is-at-work-among-us\\\/\"]}]},{\"@type\":\"ImageObject\",\"inLanguage\":\"fr-FR\",\"@id\":\"https:\\\/\\\/mwc-cmm.org\\\/en\\\/stories\\\/the-holy-spirit-is-at-work-among-us\\\/#primaryimage\",\"url\":\"https:\\\/\\\/mwc-cmm.org\\\/wp-content\\\/uploads\\\/2024\\\/11\\\/p1120356crop-scaled.jpg\",\"contentUrl\":\"https:\\\/\\\/mwc-cmm.org\\\/wp-content\\\/uploads\\\/2024\\\/11\\\/p1120356crop-scaled.jpg\",\"width\":2560,\"height\":1884},{\"@type\":\"BreadcrumbList\",\"@id\":\"https:\\\/\\\/mwc-cmm.org\\\/en\\\/stories\\\/the-holy-spirit-is-at-work-among-us\\\/#breadcrumb\",\"itemListElement\":[{\"@type\":\"ListItem\",\"position\":1,\"name\":\"Home\",\"item\":\"https:\\\/\\\/mwc-cmm.org\\\/fr\\\/\"},{\"@type\":\"ListItem\",\"position\":2,\"name\":\"Le Saint Esprit est \u00e0 l\u2019\u0153uvre au milieu de nous\"}]},{\"@type\":\"WebSite\",\"@id\":\"https:\\\/\\\/mwc-cmm.org\\\/en\\\/#website\",\"url\":\"https:\\\/\\\/mwc-cmm.org\\\/en\\\/\",\"name\":\"Mennonite World Conference\",\"description\":\"A communion of Anabaptist-related churches\",\"publisher\":{\"@id\":\"https:\\\/\\\/mwc-cmm.org\\\/en\\\/#organization\"},\"alternateName\":\"MWC\",\"potentialAction\":[{\"@type\":\"SearchAction\",\"target\":{\"@type\":\"EntryPoint\",\"urlTemplate\":\"https:\\\/\\\/mwc-cmm.org\\\/en\\\/?s={search_term_string}\"},\"query-input\":{\"@type\":\"PropertyValueSpecification\",\"valueRequired\":true,\"valueName\":\"search_term_string\"}}],\"inLanguage\":\"fr-FR\"},{\"@type\":\"Organization\",\"@id\":\"https:\\\/\\\/mwc-cmm.org\\\/en\\\/#organization\",\"name\":\"Mennonite World Conference\",\"alternateName\":\"MWC\",\"url\":\"https:\\\/\\\/mwc-cmm.org\\\/en\\\/\",\"logo\":{\"@type\":\"ImageObject\",\"inLanguage\":\"fr-FR\",\"@id\":\"https:\\\/\\\/mwc-cmm.org\\\/en\\\/#\\\/schema\\\/logo\\\/image\\\/\",\"url\":\"https:\\\/\\\/mwc-cmm.org\\\/wp-content\\\/uploads\\\/2026\\\/01\\\/MWC_Sig_Blue_Horiz_webheader1-logo.svg\",\"contentUrl\":\"https:\\\/\\\/mwc-cmm.org\\\/wp-content\\\/uploads\\\/2026\\\/01\\\/MWC_Sig_Blue_Horiz_webheader1-logo.svg\",\"width\":786,\"height\":82,\"caption\":\"Mennonite World Conference\"},\"image\":{\"@id\":\"https:\\\/\\\/mwc-cmm.org\\\/en\\\/#\\\/schema\\\/logo\\\/image\\\/\"},\"sameAs\":[\"https:\\\/\\\/www.facebook.com\\\/MennoniteWorldConference\",\"https:\\\/\\\/www.linkedin.com\\\/company\\\/mennonite-world-conference-mwc\\\/\",\"https:\\\/\\\/www.instagram.com\\\/mwcmm\\\/\",\"https:\\\/\\\/www.youtube.com\\\/user\\\/mwccmm\",\"https:\\\/\\\/bsky.app\\\/profile\\\/mwcmm.bsky.social\"]},{\"@type\":\"Person\",\"@id\":\"https:\\\/\\\/mwc-cmm.org\\\/en\\\/#\\\/schema\\\/person\\\/11f6ae0d7d1868ba20a1cc27f067c836\",\"name\":\"mennworldcon\",\"image\":{\"@type\":\"ImageObject\",\"inLanguage\":\"fr-FR\",\"@id\":\"https:\\\/\\\/secure.gravatar.com\\\/avatar\\\/06fdc0dc81c157dfdb82ec42f252178a22307808988d22c043f9eb96f1e0fe80?s=96&d=mm&r=g\",\"url\":\"https:\\\/\\\/secure.gravatar.com\\\/avatar\\\/06fdc0dc81c157dfdb82ec42f252178a22307808988d22c043f9eb96f1e0fe80?s=96&d=mm&r=g\",\"contentUrl\":\"https:\\\/\\\/secure.gravatar.com\\\/avatar\\\/06fdc0dc81c157dfdb82ec42f252178a22307808988d22c043f9eb96f1e0fe80?s=96&d=mm&r=g\",\"caption\":\"mennworldcon\"},\"sameAs\":[\"https:\\\/\\\/mwc-cmm.org\"],\"url\":\"https:\\\/\\\/mwc-cmm.org\\\/fr\\\/stories\\\/author\\\/mennworldcon\\\/\"}]}<\/script>\n<!-- \/ Yoast SEO plugin. -->","yoast_head_json":{"title":"Le Saint Esprit est \u00e0 l\u2019\u0153uvre au milieu de nous - Mennonite World Conference","robots":{"index":"index","follow":"follow","max-snippet":"max-snippet:-1","max-image-preview":"max-image-preview:large","max-video-preview":"max-video-preview:-1"},"canonical":"https:\/\/mwc-cmm.org\/en\/stories\/the-holy-spirit-is-at-work-among-us\/","og_locale":"fr_FR","og_type":"article","og_title":"Le Saint Esprit est \u00e0 l\u2019\u0153uvre au milieu de nous - Mennonite World Conference","og_description":"NULL","og_url":"https:\/\/mwc-cmm.org\/en\/stories\/the-holy-spirit-is-at-work-among-us\/","og_site_name":"Mennonite World Conference","article_publisher":"https:\/\/www.facebook.com\/MennoniteWorldConference","article_published_time":"2018-08-20T00:00:00+00:00","article_modified_time":"2024-12-10T17:15:38+00:00","og_image":[{"width":2560,"height":1884,"url":"https:\/\/mwc-cmm.org\/wp-content\/uploads\/2024\/11\/p1120356crop-scaled.jpg","type":"image\/jpeg"}],"author":"mennworldcon","schema":{"@context":"https:\/\/schema.org","@graph":[{"@type":"Article","@id":"https:\/\/mwc-cmm.org\/en\/stories\/the-holy-spirit-is-at-work-among-us\/#article","isPartOf":{"@id":"https:\/\/mwc-cmm.org\/en\/stories\/the-holy-spirit-is-at-work-among-us\/"},"author":{"name":"mennworldcon","@id":"https:\/\/mwc-cmm.org\/en\/#\/schema\/person\/11f6ae0d7d1868ba20a1cc27f067c836"},"headline":"Le Saint Esprit est \u00e0 l\u2019\u0153uvre au milieu de nous","datePublished":"2018-08-20T00:00:00+00:00","dateModified":"2024-12-10T17:15:38+00:00","mainEntityOfPage":{"@id":"https:\/\/mwc-cmm.org\/en\/stories\/the-holy-spirit-is-at-work-among-us\/"},"wordCount":795,"publisher":{"@id":"https:\/\/mwc-cmm.org\/en\/#organization"},"image":{"@id":"https:\/\/mwc-cmm.org\/en\/stories\/the-holy-spirit-is-at-work-among-us\/#primaryimage"},"thumbnailUrl":"https:\/\/mwc-cmm.org\/wp-content\/uploads\/2024\/11\/p1120356crop-scaled.jpg","keywords":["mission"],"articleSection":["Non classifi\u00e9(e)"],"inLanguage":"fr-FR"},{"@type":"WebPage","@id":"https:\/\/mwc-cmm.org\/en\/stories\/the-holy-spirit-is-at-work-among-us\/","url":"https:\/\/mwc-cmm.org\/en\/stories\/the-holy-spirit-is-at-work-among-us\/","name":"Le Saint Esprit est \u00e0 l\u2019\u0153uvre au milieu de nous - Mennonite World Conference","isPartOf":{"@id":"https:\/\/mwc-cmm.org\/en\/#website"},"primaryImageOfPage":{"@id":"https:\/\/mwc-cmm.org\/en\/stories\/the-holy-spirit-is-at-work-among-us\/#primaryimage"},"image":{"@id":"https:\/\/mwc-cmm.org\/en\/stories\/the-holy-spirit-is-at-work-among-us\/#primaryimage"},"thumbnailUrl":"https:\/\/mwc-cmm.org\/wp-content\/uploads\/2024\/11\/p1120356crop-scaled.jpg","datePublished":"2018-08-20T00:00:00+00:00","dateModified":"2024-12-10T17:15:38+00:00","breadcrumb":{"@id":"https:\/\/mwc-cmm.org\/en\/stories\/the-holy-spirit-is-at-work-among-us\/#breadcrumb"},"inLanguage":"fr-FR","potentialAction":[{"@type":"ReadAction","target":["https:\/\/mwc-cmm.org\/en\/stories\/the-holy-spirit-is-at-work-among-us\/"]}]},{"@type":"ImageObject","inLanguage":"fr-FR","@id":"https:\/\/mwc-cmm.org\/en\/stories\/the-holy-spirit-is-at-work-among-us\/#primaryimage","url":"https:\/\/mwc-cmm.org\/wp-content\/uploads\/2024\/11\/p1120356crop-scaled.jpg","contentUrl":"https:\/\/mwc-cmm.org\/wp-content\/uploads\/2024\/11\/p1120356crop-scaled.jpg","width":2560,"height":1884},{"@type":"BreadcrumbList","@id":"https:\/\/mwc-cmm.org\/en\/stories\/the-holy-spirit-is-at-work-among-us\/#breadcrumb","itemListElement":[{"@type":"ListItem","position":1,"name":"Home","item":"https:\/\/mwc-cmm.org\/fr\/"},{"@type":"ListItem","position":2,"name":"Le Saint Esprit est \u00e0 l\u2019\u0153uvre au milieu de nous"}]},{"@type":"WebSite","@id":"https:\/\/mwc-cmm.org\/en\/#website","url":"https:\/\/mwc-cmm.org\/en\/","name":"Mennonite World Conference","description":"A communion of Anabaptist-related churches","publisher":{"@id":"https:\/\/mwc-cmm.org\/en\/#organization"},"alternateName":"MWC","potentialAction":[{"@type":"SearchAction","target":{"@type":"EntryPoint","urlTemplate":"https:\/\/mwc-cmm.org\/en\/?s={search_term_string}"},"query-input":{"@type":"PropertyValueSpecification","valueRequired":true,"valueName":"search_term_string"}}],"inLanguage":"fr-FR"},{"@type":"Organization","@id":"https:\/\/mwc-cmm.org\/en\/#organization","name":"Mennonite World Conference","alternateName":"MWC","url":"https:\/\/mwc-cmm.org\/en\/","logo":{"@type":"ImageObject","inLanguage":"fr-FR","@id":"https:\/\/mwc-cmm.org\/en\/#\/schema\/logo\/image\/","url":"https:\/\/mwc-cmm.org\/wp-content\/uploads\/2026\/01\/MWC_Sig_Blue_Horiz_webheader1-logo.svg","contentUrl":"https:\/\/mwc-cmm.org\/wp-content\/uploads\/2026\/01\/MWC_Sig_Blue_Horiz_webheader1-logo.svg","width":786,"height":82,"caption":"Mennonite World Conference"},"image":{"@id":"https:\/\/mwc-cmm.org\/en\/#\/schema\/logo\/image\/"},"sameAs":["https:\/\/www.facebook.com\/MennoniteWorldConference","https:\/\/www.linkedin.com\/company\/mennonite-world-conference-mwc\/","https:\/\/www.instagram.com\/mwcmm\/","https:\/\/www.youtube.com\/user\/mwccmm","https:\/\/bsky.app\/profile\/mwcmm.bsky.social"]},{"@type":"Person","@id":"https:\/\/mwc-cmm.org\/en\/#\/schema\/person\/11f6ae0d7d1868ba20a1cc27f067c836","name":"mennworldcon","image":{"@type":"ImageObject","inLanguage":"fr-FR","@id":"https:\/\/secure.gravatar.com\/avatar\/06fdc0dc81c157dfdb82ec42f252178a22307808988d22c043f9eb96f1e0fe80?s=96&d=mm&r=g","url":"https:\/\/secure.gravatar.com\/avatar\/06fdc0dc81c157dfdb82ec42f252178a22307808988d22c043f9eb96f1e0fe80?s=96&d=mm&r=g","contentUrl":"https:\/\/secure.gravatar.com\/avatar\/06fdc0dc81c157dfdb82ec42f252178a22307808988d22c043f9eb96f1e0fe80?s=96&d=mm&r=g","caption":"mennworldcon"},"sameAs":["https:\/\/mwc-cmm.org"],"url":"https:\/\/mwc-cmm.org\/fr\/stories\/author\/mennworldcon\/"}]}},"_links":{"self":[{"href":"https:\/\/mwc-cmm.org\/fr\/wp-json\/wp\/v2\/posts\/9982","targetHints":{"allow":["GET"]}}],"collection":[{"href":"https:\/\/mwc-cmm.org\/fr\/wp-json\/wp\/v2\/posts"}],"about":[{"href":"https:\/\/mwc-cmm.org\/fr\/wp-json\/wp\/v2\/types\/post"}],"author":[{"embeddable":true,"href":"https:\/\/mwc-cmm.org\/fr\/wp-json\/wp\/v2\/users\/1"}],"replies":[{"embeddable":true,"href":"https:\/\/mwc-cmm.org\/fr\/wp-json\/wp\/v2\/comments?post=9982"}],"version-history":[{"count":0,"href":"https:\/\/mwc-cmm.org\/fr\/wp-json\/wp\/v2\/posts\/9982\/revisions"}],"wp:featuredmedia":[{"embeddable":true,"href":"https:\/\/mwc-cmm.org\/fr\/wp-json\/wp\/v2\/media\/89634"}],"wp:attachment":[{"href":"https:\/\/mwc-cmm.org\/fr\/wp-json\/wp\/v2\/media?parent=9982"}],"wp:term":[{"taxonomy":"category","embeddable":true,"href":"https:\/\/mwc-cmm.org\/fr\/wp-json\/wp\/v2\/categories?post=9982"},{"taxonomy":"post_tag","embeddable":true,"href":"https:\/\/mwc-cmm.org\/fr\/wp-json\/wp\/v2\/tags?post=9982"},{"taxonomy":"network","embeddable":true,"href":"https:\/\/mwc-cmm.org\/fr\/wp-json\/wp\/v2\/network?post=9982"},{"taxonomy":"eventcategory","embeddable":true,"href":"https:\/\/mwc-cmm.org\/fr\/wp-json\/wp\/v2\/eventcategory?post=9982"}],"curies":[{"name":"wp","href":"https:\/\/api.w.org\/{rel}","templated":true}]}}