{"id":9980,"date":"2018-08-06T00:00:00","date_gmt":"2018-08-06T00:00:00","guid":{"rendered":"https:\/\/mwc-cmm.org\/south-korea-recognizes-rights-of-conscientious-objectors-4\/"},"modified":"2024-12-10T17:15:37","modified_gmt":"2024-12-10T17:15:37","slug":"la-coree-du-sud-reconnait-les-droits-des-objecteurs-de-conscience","status":"publish","type":"post","link":"https:\/\/mwc-cmm.org\/fr\/stories\/la-coree-du-sud-reconnait-les-droits-des-objecteurs-de-conscience\/","title":{"rendered":"La Cor\u00e9e du Sud reconnait les droits des objecteurs de conscience"},"content":{"rendered":"<p>La cour constitutionnelle cor\u00e9enne a mis fin \u00e0 70 ans d\u2019emprisonnement syst\u00e9matique des objecteurs de conscience (OC) lorsque, le 28 juin 2018, elle a jug\u00e9 qu\u2019il \u00e9tait inconstitutionnel en Cor\u00e9e du Sud de ne pas offrir d\u2019autres options de service aux OC.<\/p>\n<p>Il existe bien une alternative, mais elle requiert de quatre \u00e0 six semaines d\u2019entra\u00eenement militaire, et les participants qui le terminent sont consid\u00e9r\u00e9s r\u00e9servistes de l\u2019arm\u00e9e. Les hommes qui choisissent d\u2019aller en prison plut\u00f4t que de servir dans l\u2019arm\u00e9e sont exclus de nombreuses professions telles que les m\u00e9tiers de l\u2019enseignement. <\/p>\n<p>Les mennonites cor\u00e9ens ont applaudi le jugement. KyongJung Kim, repr\u00e9sentant r\u00e9gional de la Conf\u00e9rence Mennonite Mondiale pour l\u2019Asie du Nord-Est, raconte qu\u2019il attendait ce moment depuis qu\u2019il a commenc\u00e9 \u00e0 prendre au s\u00e9rieux les implications de l\u2019\u00c9vangile de paix.<\/p>\n<p>\u00ab J\u2019ai suivi avec beaucoup d\u2019int\u00e9r\u00eat le r\u00e9cent processus de paix entre la Cor\u00e9e du Nord et la Cor\u00e9e du Sud. J\u2019ai l\u2019impression que tout est entrain de se mettre en place, peu \u00e0 peu. Certes, il reste encore du chemin \u00e0 parcourir\u2026 [mais] nous pouvons d\u00e9j\u00e0 voir la lumi\u00e8re au bout du tunnel. \u00bb<\/p>\n<p>Kim a commenc\u00e9 \u00e0 contribuer \u00e0 ce changement social en 2001 depuis le Centre Anabaptiste Cor\u00e9en en Cor\u00e9e du Sud.<\/p>\n<p>Le Centre Anabaptiste Cor\u00e9en fourni des ouvrages anabaptistes, des traductions de textes et organise des s\u00e9minaires pour promouvoir l\u2019\u00e9vangile de paix au travers du prisme th\u00e9ologique. Les repr\u00e9sentants visitent les OC en prison et partagent leurs t\u00e9moignages pour que d\u2019autres puissent aussi prier pour eux.<\/p>\n<p>Le journal sud-cor\u00e9en <em>Hankyoreh<\/em> rapporte que six des neuf juges approuv\u00e8rent la d\u00e9cision d\u2019incorporer une liste d\u2019autres options de service pour les OC dans la Loi du Service Militaire. Le jugement demande la soumission, avant le 31 d\u00e9cembre 2019, d\u2019une nouvelle loi du service militaire r\u00e9vis\u00e9e et comportant une liste d\u2019options. <\/p>\n<p>KyongJung Kim pense, qu\u2019alors que l\u2019on voit apparaitre des espaces de conversation sur le th\u00e8me de l\u2019OC dans la sph\u00e8re publique,  les \u00e9glises mennonites auront de plus en plus d\u2019occasions de parler de paix et de justice dans la soci\u00e9t\u00e9.<\/p>\n<p>\u00ab La souffrance des OC est peut-\u00eatre termin\u00e9e d\u2019une certaine mani\u00e8re, mais il existe beaucoup d\u2019autres difficult\u00e9s. La vie de l\u2019\u00c9glise n\u2019est pas sens\u00e9e \u00eatre confortable, au contraire, c\u2019est un d\u00e9fi permanent. \u00bb<\/p>\n<p>La peine de prison pour refus de prendre part au service militaire s\u2019\u00e9l\u00e8ve \u00e0 18 mois en Cor\u00e9e du Sud. Ceux qui font appel \u00e0 des motifs religieux sont en g\u00e9n\u00e9ral t\u00e9moins de J\u00e9hovah ou bouddhistes.<\/p>\n<p>Le Haut Commissaire des Nations Unies aux droits de l\u2019homme estime qu\u2019en 2013, 93 pour cent des OC incarc\u00e9r\u00e9s dans le monde sont sud-cor\u00e9ens. Environ 660 personnes sont mises en prison chaque ann\u00e9e.<\/p>\n<p>SangMin Lee serait le seul mennonite sud-cor\u00e9en \u00e0 avoir pr\u00e9f\u00e9r\u00e9 la prison au service militaire. Il est membre de l\u2019\u00e9glise mennonite Gr\u00e2ce et Paix \u00e0 S\u00e9oul, il a \u00e9t\u00e9 lib\u00e9r\u00e9 le 30 juillet 2015.<\/p>\n<p><em>\u2014R\u00e9\u00e9dition<\/em><em> de la Conf\u00e9rence Mennonite Mondiale, \u00e9crite par <\/em><em>Tim Huber <\/em><em>du<\/em> <a href=\"http:\/\/mennoworld.org\/author\/mennonite-world-review\/\">Mennonite World Review<\/a><em>. <\/em><em>Utilis\u00e9e avec autorisation.<\/em><\/p>\n","protected":false},"excerpt":{"rendered":"<p>NULL<\/p>\n","protected":false},"author":1,"featured_media":89606,"comment_status":"closed","ping_status":"closed","sticky":false,"template":"","format":"standard","meta":{"_acf_changed":false,"footnotes":""},"categories":[7],"tags":[],"network":[],"eventcategory":[],"class_list":["post-9980","post","type-post","status-publish","format-standard","has-post-thumbnail","hentry","category-non-classifiee"],"acf":[],"yoast_head":"<!-- This site is optimized with the Yoast SEO plugin v27.2 - https:\/\/yoast.com\/product\/yoast-seo-wordpress\/ -->\n<title>La Cor\u00e9e du Sud reconnait les droits des objecteurs de conscience - Mennonite World Conference<\/title>\n<meta name=\"robots\" content=\"index, follow, max-snippet:-1, max-image-preview:large, max-video-preview:-1\" \/>\n<link rel=\"canonical\" href=\"https:\/\/mwc-cmm.org\/en\/stories\/south-korea-recognizes-rights-conscientious-objectors\/\" \/>\n<meta property=\"og:locale\" content=\"fr_FR\" \/>\n<meta property=\"og:type\" content=\"article\" \/>\n<meta property=\"og:title\" content=\"La Cor\u00e9e du Sud reconnait les droits des objecteurs de conscience - Mennonite World Conference\" \/>\n<meta property=\"og:description\" content=\"NULL\" \/>\n<meta property=\"og:url\" content=\"https:\/\/mwc-cmm.org\/en\/stories\/south-korea-recognizes-rights-conscientious-objectors\/\" \/>\n<meta property=\"og:site_name\" content=\"Mennonite World Conference\" \/>\n<meta property=\"article:publisher\" content=\"https:\/\/www.facebook.com\/MennoniteWorldConference\" \/>\n<meta property=\"article:published_time\" content=\"2018-08-06T00:00:00+00:00\" \/>\n<meta property=\"article:modified_time\" content=\"2024-12-10T17:15:37+00:00\" \/>\n<meta property=\"og:image\" content=\"https:\/\/mwc-cmm.org\/wp-content\/uploads\/2024\/11\/07182015dania_ciptadiimg_7587-scaled.jpg\" \/>\n\t<meta property=\"og:image:width\" content=\"2560\" \/>\n\t<meta property=\"og:image:height\" content=\"1707\" \/>\n\t<meta property=\"og:image:type\" content=\"image\/jpeg\" \/>\n<meta name=\"author\" content=\"mennworldcon\" \/>\n<script type=\"application\/ld+json\" class=\"yoast-schema-graph\">{\"@context\":\"https:\/\/schema.org\",\"@graph\":[{\"@type\":\"Article\",\"@id\":\"https:\/\/mwc-cmm.org\/en\/stories\/south-korea-recognizes-rights-conscientious-objectors\/#article\",\"isPartOf\":{\"@id\":\"https:\/\/mwc-cmm.org\/en\/stories\/south-korea-recognizes-rights-conscientious-objectors\/\"},\"author\":{\"name\":\"mennworldcon\",\"@id\":\"https:\/\/mwc-cmm.org\/en\/#\/schema\/person\/11f6ae0d7d1868ba20a1cc27f067c836\"},\"headline\":\"La Cor\u00e9e du Sud reconnait les droits des objecteurs de conscience\",\"datePublished\":\"2018-08-06T00:00:00+00:00\",\"dateModified\":\"2024-12-10T17:15:37+00:00\",\"mainEntityOfPage\":{\"@id\":\"https:\/\/mwc-cmm.org\/en\/stories\/south-korea-recognizes-rights-conscientious-objectors\/\"},\"wordCount\":579,\"publisher\":{\"@id\":\"https:\/\/mwc-cmm.org\/en\/#organization\"},\"image\":{\"@id\":\"https:\/\/mwc-cmm.org\/en\/stories\/south-korea-recognizes-rights-conscientious-objectors\/#primaryimage\"},\"thumbnailUrl\":\"https:\/\/mwc-cmm.org\/wp-content\/uploads\/2024\/11\/07182015dania_ciptadiimg_7587-scaled.jpg\",\"articleSection\":[\"Non classifi\u00e9(e)\"],\"inLanguage\":\"fr-FR\"},{\"@type\":\"WebPage\",\"@id\":\"https:\/\/mwc-cmm.org\/en\/stories\/south-korea-recognizes-rights-conscientious-objectors\/\",\"url\":\"https:\/\/mwc-cmm.org\/en\/stories\/south-korea-recognizes-rights-conscientious-objectors\/\",\"name\":\"La Cor\u00e9e du Sud reconnait les droits des objecteurs de conscience - Mennonite World Conference\",\"isPartOf\":{\"@id\":\"https:\/\/mwc-cmm.org\/en\/#website\"},\"primaryImageOfPage\":{\"@id\":\"https:\/\/mwc-cmm.org\/en\/stories\/south-korea-recognizes-rights-conscientious-objectors\/#primaryimage\"},\"image\":{\"@id\":\"https:\/\/mwc-cmm.org\/en\/stories\/south-korea-recognizes-rights-conscientious-objectors\/#primaryimage\"},\"thumbnailUrl\":\"https:\/\/mwc-cmm.org\/wp-content\/uploads\/2024\/11\/07182015dania_ciptadiimg_7587-scaled.jpg\",\"datePublished\":\"2018-08-06T00:00:00+00:00\",\"dateModified\":\"2024-12-10T17:15:37+00:00\",\"breadcrumb\":{\"@id\":\"https:\/\/mwc-cmm.org\/en\/stories\/south-korea-recognizes-rights-conscientious-objectors\/#breadcrumb\"},\"inLanguage\":\"fr-FR\",\"potentialAction\":[{\"@type\":\"ReadAction\",\"target\":[\"https:\/\/mwc-cmm.org\/en\/stories\/south-korea-recognizes-rights-conscientious-objectors\/\"]}]},{\"@type\":\"ImageObject\",\"inLanguage\":\"fr-FR\",\"@id\":\"https:\/\/mwc-cmm.org\/en\/stories\/south-korea-recognizes-rights-conscientious-objectors\/#primaryimage\",\"url\":\"https:\/\/mwc-cmm.org\/wp-content\/uploads\/2024\/11\/07182015dania_ciptadiimg_7587-scaled.jpg\",\"contentUrl\":\"https:\/\/mwc-cmm.org\/wp-content\/uploads\/2024\/11\/07182015dania_ciptadiimg_7587-scaled.jpg\",\"width\":2560,\"height\":1707},{\"@type\":\"BreadcrumbList\",\"@id\":\"https:\/\/mwc-cmm.org\/en\/stories\/south-korea-recognizes-rights-conscientious-objectors\/#breadcrumb\",\"itemListElement\":[{\"@type\":\"ListItem\",\"position\":1,\"name\":\"Home\",\"item\":\"https:\/\/mwc-cmm.org\/fr\/\"},{\"@type\":\"ListItem\",\"position\":2,\"name\":\"La Cor\u00e9e du Sud reconnait les droits des objecteurs de conscience\"}]},{\"@type\":\"WebSite\",\"@id\":\"https:\/\/mwc-cmm.org\/en\/#website\",\"url\":\"https:\/\/mwc-cmm.org\/en\/\",\"name\":\"Mennonite World Conference\",\"description\":\"A communion of Anabaptist-related churches\",\"publisher\":{\"@id\":\"https:\/\/mwc-cmm.org\/en\/#organization\"},\"alternateName\":\"MWC\",\"potentialAction\":[{\"@type\":\"SearchAction\",\"target\":{\"@type\":\"EntryPoint\",\"urlTemplate\":\"https:\/\/mwc-cmm.org\/en\/?s={search_term_string}\"},\"query-input\":{\"@type\":\"PropertyValueSpecification\",\"valueRequired\":true,\"valueName\":\"search_term_string\"}}],\"inLanguage\":\"fr-FR\"},{\"@type\":\"Organization\",\"@id\":\"https:\/\/mwc-cmm.org\/en\/#organization\",\"name\":\"Mennonite World Conference\",\"alternateName\":\"MWC\",\"url\":\"https:\/\/mwc-cmm.org\/en\/\",\"logo\":{\"@type\":\"ImageObject\",\"inLanguage\":\"fr-FR\",\"@id\":\"https:\/\/mwc-cmm.org\/en\/#\/schema\/logo\/image\/\",\"url\":\"https:\/\/mwc-cmm.org\/wp-content\/uploads\/2026\/01\/MWC_Sig_Blue_Horiz_webheader1-logo.svg\",\"contentUrl\":\"https:\/\/mwc-cmm.org\/wp-content\/uploads\/2026\/01\/MWC_Sig_Blue_Horiz_webheader1-logo.svg\",\"width\":786,\"height\":82,\"caption\":\"Mennonite World Conference\"},\"image\":{\"@id\":\"https:\/\/mwc-cmm.org\/en\/#\/schema\/logo\/image\/\"},\"sameAs\":[\"https:\/\/www.facebook.com\/MennoniteWorldConference\",\"https:\/\/www.linkedin.com\/company\/mennonite-world-conference-mwc\/\",\"https:\/\/www.instagram.com\/mwcmm\/\",\"https:\/\/www.youtube.com\/user\/mwccmm\",\"https:\/\/bsky.app\/profile\/mwcmm.bsky.social\"]},{\"@type\":\"Person\",\"@id\":\"https:\/\/mwc-cmm.org\/en\/#\/schema\/person\/11f6ae0d7d1868ba20a1cc27f067c836\",\"name\":\"mennworldcon\",\"image\":{\"@type\":\"ImageObject\",\"inLanguage\":\"fr-FR\",\"@id\":\"https:\/\/secure.gravatar.com\/avatar\/06fdc0dc81c157dfdb82ec42f252178a22307808988d22c043f9eb96f1e0fe80?s=96&d=mm&r=g\",\"url\":\"https:\/\/secure.gravatar.com\/avatar\/06fdc0dc81c157dfdb82ec42f252178a22307808988d22c043f9eb96f1e0fe80?s=96&d=mm&r=g\",\"contentUrl\":\"https:\/\/secure.gravatar.com\/avatar\/06fdc0dc81c157dfdb82ec42f252178a22307808988d22c043f9eb96f1e0fe80?s=96&d=mm&r=g\",\"caption\":\"mennworldcon\"},\"sameAs\":[\"https:\/\/mwc-cmm.org\"],\"url\":\"https:\/\/mwc-cmm.org\/fr\/stories\/author\/mennworldcon\/\"}]}<\/script>\n<!-- \/ Yoast SEO plugin. -->","yoast_head_json":{"title":"La Cor\u00e9e du Sud reconnait les droits des objecteurs de conscience - Mennonite World Conference","robots":{"index":"index","follow":"follow","max-snippet":"max-snippet:-1","max-image-preview":"max-image-preview:large","max-video-preview":"max-video-preview:-1"},"canonical":"https:\/\/mwc-cmm.org\/en\/stories\/south-korea-recognizes-rights-conscientious-objectors\/","og_locale":"fr_FR","og_type":"article","og_title":"La Cor\u00e9e du Sud reconnait les droits des objecteurs de conscience - Mennonite World Conference","og_description":"NULL","og_url":"https:\/\/mwc-cmm.org\/en\/stories\/south-korea-recognizes-rights-conscientious-objectors\/","og_site_name":"Mennonite World Conference","article_publisher":"https:\/\/www.facebook.com\/MennoniteWorldConference","article_published_time":"2018-08-06T00:00:00+00:00","article_modified_time":"2024-12-10T17:15:37+00:00","og_image":[{"width":2560,"height":1707,"url":"https:\/\/mwc-cmm.org\/wp-content\/uploads\/2024\/11\/07182015dania_ciptadiimg_7587-scaled.jpg","type":"image\/jpeg"}],"author":"mennworldcon","schema":{"@context":"https:\/\/schema.org","@graph":[{"@type":"Article","@id":"https:\/\/mwc-cmm.org\/en\/stories\/south-korea-recognizes-rights-conscientious-objectors\/#article","isPartOf":{"@id":"https:\/\/mwc-cmm.org\/en\/stories\/south-korea-recognizes-rights-conscientious-objectors\/"},"author":{"name":"mennworldcon","@id":"https:\/\/mwc-cmm.org\/en\/#\/schema\/person\/11f6ae0d7d1868ba20a1cc27f067c836"},"headline":"La Cor\u00e9e du Sud reconnait les droits des objecteurs de conscience","datePublished":"2018-08-06T00:00:00+00:00","dateModified":"2024-12-10T17:15:37+00:00","mainEntityOfPage":{"@id":"https:\/\/mwc-cmm.org\/en\/stories\/south-korea-recognizes-rights-conscientious-objectors\/"},"wordCount":579,"publisher":{"@id":"https:\/\/mwc-cmm.org\/en\/#organization"},"image":{"@id":"https:\/\/mwc-cmm.org\/en\/stories\/south-korea-recognizes-rights-conscientious-objectors\/#primaryimage"},"thumbnailUrl":"https:\/\/mwc-cmm.org\/wp-content\/uploads\/2024\/11\/07182015dania_ciptadiimg_7587-scaled.jpg","articleSection":["Non classifi\u00e9(e)"],"inLanguage":"fr-FR"},{"@type":"WebPage","@id":"https:\/\/mwc-cmm.org\/en\/stories\/south-korea-recognizes-rights-conscientious-objectors\/","url":"https:\/\/mwc-cmm.org\/en\/stories\/south-korea-recognizes-rights-conscientious-objectors\/","name":"La Cor\u00e9e du Sud reconnait les droits des objecteurs de conscience - Mennonite World Conference","isPartOf":{"@id":"https:\/\/mwc-cmm.org\/en\/#website"},"primaryImageOfPage":{"@id":"https:\/\/mwc-cmm.org\/en\/stories\/south-korea-recognizes-rights-conscientious-objectors\/#primaryimage"},"image":{"@id":"https:\/\/mwc-cmm.org\/en\/stories\/south-korea-recognizes-rights-conscientious-objectors\/#primaryimage"},"thumbnailUrl":"https:\/\/mwc-cmm.org\/wp-content\/uploads\/2024\/11\/07182015dania_ciptadiimg_7587-scaled.jpg","datePublished":"2018-08-06T00:00:00+00:00","dateModified":"2024-12-10T17:15:37+00:00","breadcrumb":{"@id":"https:\/\/mwc-cmm.org\/en\/stories\/south-korea-recognizes-rights-conscientious-objectors\/#breadcrumb"},"inLanguage":"fr-FR","potentialAction":[{"@type":"ReadAction","target":["https:\/\/mwc-cmm.org\/en\/stories\/south-korea-recognizes-rights-conscientious-objectors\/"]}]},{"@type":"ImageObject","inLanguage":"fr-FR","@id":"https:\/\/mwc-cmm.org\/en\/stories\/south-korea-recognizes-rights-conscientious-objectors\/#primaryimage","url":"https:\/\/mwc-cmm.org\/wp-content\/uploads\/2024\/11\/07182015dania_ciptadiimg_7587-scaled.jpg","contentUrl":"https:\/\/mwc-cmm.org\/wp-content\/uploads\/2024\/11\/07182015dania_ciptadiimg_7587-scaled.jpg","width":2560,"height":1707},{"@type":"BreadcrumbList","@id":"https:\/\/mwc-cmm.org\/en\/stories\/south-korea-recognizes-rights-conscientious-objectors\/#breadcrumb","itemListElement":[{"@type":"ListItem","position":1,"name":"Home","item":"https:\/\/mwc-cmm.org\/fr\/"},{"@type":"ListItem","position":2,"name":"La Cor\u00e9e du Sud reconnait les droits des objecteurs de conscience"}]},{"@type":"WebSite","@id":"https:\/\/mwc-cmm.org\/en\/#website","url":"https:\/\/mwc-cmm.org\/en\/","name":"Mennonite World Conference","description":"A communion of Anabaptist-related churches","publisher":{"@id":"https:\/\/mwc-cmm.org\/en\/#organization"},"alternateName":"MWC","potentialAction":[{"@type":"SearchAction","target":{"@type":"EntryPoint","urlTemplate":"https:\/\/mwc-cmm.org\/en\/?s={search_term_string}"},"query-input":{"@type":"PropertyValueSpecification","valueRequired":true,"valueName":"search_term_string"}}],"inLanguage":"fr-FR"},{"@type":"Organization","@id":"https:\/\/mwc-cmm.org\/en\/#organization","name":"Mennonite World Conference","alternateName":"MWC","url":"https:\/\/mwc-cmm.org\/en\/","logo":{"@type":"ImageObject","inLanguage":"fr-FR","@id":"https:\/\/mwc-cmm.org\/en\/#\/schema\/logo\/image\/","url":"https:\/\/mwc-cmm.org\/wp-content\/uploads\/2026\/01\/MWC_Sig_Blue_Horiz_webheader1-logo.svg","contentUrl":"https:\/\/mwc-cmm.org\/wp-content\/uploads\/2026\/01\/MWC_Sig_Blue_Horiz_webheader1-logo.svg","width":786,"height":82,"caption":"Mennonite World Conference"},"image":{"@id":"https:\/\/mwc-cmm.org\/en\/#\/schema\/logo\/image\/"},"sameAs":["https:\/\/www.facebook.com\/MennoniteWorldConference","https:\/\/www.linkedin.com\/company\/mennonite-world-conference-mwc\/","https:\/\/www.instagram.com\/mwcmm\/","https:\/\/www.youtube.com\/user\/mwccmm","https:\/\/bsky.app\/profile\/mwcmm.bsky.social"]},{"@type":"Person","@id":"https:\/\/mwc-cmm.org\/en\/#\/schema\/person\/11f6ae0d7d1868ba20a1cc27f067c836","name":"mennworldcon","image":{"@type":"ImageObject","inLanguage":"fr-FR","@id":"https:\/\/secure.gravatar.com\/avatar\/06fdc0dc81c157dfdb82ec42f252178a22307808988d22c043f9eb96f1e0fe80?s=96&d=mm&r=g","url":"https:\/\/secure.gravatar.com\/avatar\/06fdc0dc81c157dfdb82ec42f252178a22307808988d22c043f9eb96f1e0fe80?s=96&d=mm&r=g","contentUrl":"https:\/\/secure.gravatar.com\/avatar\/06fdc0dc81c157dfdb82ec42f252178a22307808988d22c043f9eb96f1e0fe80?s=96&d=mm&r=g","caption":"mennworldcon"},"sameAs":["https:\/\/mwc-cmm.org"],"url":"https:\/\/mwc-cmm.org\/fr\/stories\/author\/mennworldcon\/"}]}},"_links":{"self":[{"href":"https:\/\/mwc-cmm.org\/fr\/wp-json\/wp\/v2\/posts\/9980","targetHints":{"allow":["GET"]}}],"collection":[{"href":"https:\/\/mwc-cmm.org\/fr\/wp-json\/wp\/v2\/posts"}],"about":[{"href":"https:\/\/mwc-cmm.org\/fr\/wp-json\/wp\/v2\/types\/post"}],"author":[{"embeddable":true,"href":"https:\/\/mwc-cmm.org\/fr\/wp-json\/wp\/v2\/users\/1"}],"replies":[{"embeddable":true,"href":"https:\/\/mwc-cmm.org\/fr\/wp-json\/wp\/v2\/comments?post=9980"}],"version-history":[{"count":0,"href":"https:\/\/mwc-cmm.org\/fr\/wp-json\/wp\/v2\/posts\/9980\/revisions"}],"wp:featuredmedia":[{"embeddable":true,"href":"https:\/\/mwc-cmm.org\/fr\/wp-json\/wp\/v2\/media\/89606"}],"wp:attachment":[{"href":"https:\/\/mwc-cmm.org\/fr\/wp-json\/wp\/v2\/media?parent=9980"}],"wp:term":[{"taxonomy":"category","embeddable":true,"href":"https:\/\/mwc-cmm.org\/fr\/wp-json\/wp\/v2\/categories?post=9980"},{"taxonomy":"post_tag","embeddable":true,"href":"https:\/\/mwc-cmm.org\/fr\/wp-json\/wp\/v2\/tags?post=9980"},{"taxonomy":"network","embeddable":true,"href":"https:\/\/mwc-cmm.org\/fr\/wp-json\/wp\/v2\/network?post=9980"},{"taxonomy":"eventcategory","embeddable":true,"href":"https:\/\/mwc-cmm.org\/fr\/wp-json\/wp\/v2\/eventcategory?post=9980"}],"curies":[{"name":"wp","href":"https:\/\/api.w.org\/{rel}","templated":true}]}}