{"id":9979,"date":"2018-07-19T00:00:00","date_gmt":"2018-07-19T00:00:00","guid":{"rendered":"https:\/\/mwc-cmm.org\/welcoming-my-enemy-4\/"},"modified":"2025-04-10T17:54:25","modified_gmt":"2025-04-10T17:54:25","slug":"accueillir-mon-ennemi","status":"publish","type":"post","link":"https:\/\/mwc-cmm.org\/fr\/stories\/accueillir-mon-ennemi\/","title":{"rendered":"Accueillir mon ennemi"},"content":{"rendered":"\n<p>Je descends d\u2019un peuple qu\u2019on appelle les Banyamulenges. Nous sommes des \u00e9leveurs de bovins et nous vivons dans les hautes montagnes qui surplombent le lac Tanganyika dans l\u2019est du Congo.<\/p>\n\n\n\n<p>Au fil des ans, mon peuple a \u00e9t\u00e9 forc\u00e9 d\u2019aller d\u2019un endroit \u00e0 l\u2019autre \u00e0 la recherche de p\u00e2turages verts pour notre b\u00e9tail. Quand les Belges gouvernaient cette partie de l\u2019Afrique, nous vivions dans ce qu\u2019on appelle maintenant le Rwanda. Une terrible famine nous a toutefois forc\u00e9s \u00e0 quitter notre terre et nous nous sommes finalement install\u00e9s sur les pentes de Mulenge en R\u00e9publique d\u00e9mocratique du Congo (RDC).<\/p>\n\n\n\n<p>Apr\u00e8s des ann\u00e9es de paix, mon peuple a commenc\u00e9 \u00e0 subir les contrecoups des conflits ethniques et politiques dans la r\u00e9gion et nous avons \u00e9t\u00e9 maltrait\u00e9s en raison de notre origine ethnique. Au cours des 20 derni\u00e8res ann\u00e9es, plusieurs Banyamulenges ont \u00e9t\u00e9 pris pour cibles et tu\u00e9s. Mon peuple n\u2019est pas aim\u00e9 ni d\u00e9sir\u00e9.<\/p>\n\n\n\n<p>Dans ma propre maison, mon p\u00e8re \u00e9tait pasteur et je dirigeais la chorale de l\u2019\u00e9glise. J\u2019adorais apprendre aux jeunes \u00e0 chanter, mais un jour j\u2019ai fait un r\u00eave dans lequel Dieu m\u2019a parl\u00e9 : \u00ab Ton temps dans cette \u00e9glise est termin\u00e9. \u00bb<\/p>\n\n\n\n<p>J\u2019ai racont\u00e9 mon r\u00eave \u00e0 mon p\u00e8re et il m\u2019a donn\u00e9 l\u2019autorisation de partir. J\u2019ai donc march\u00e9 jusqu\u2019\u00e0 la ville la plus proche o\u00f9 j\u2019ai \u00e9t\u00e9 conduit vers une \u00e9glise mennonite. J\u2019ai imm\u00e9diatement su que c\u2019\u00e9tait ma nouvelle maison.<\/p>\n\n\n\n<p>Finalement, j\u2019ai commenc\u00e9 \u00e0 diriger une chorale et \u00e0 former des jeunes. C\u2019est parmi ces mennonites que j\u2019ai \u00e9galement appris l\u2019importance du pardon et du travail de paix et de r\u00e9conciliation.<\/p>\n\n\n\n<p>Je savais que cela ferait partie de mon futur minist\u00e8re.<\/p>\n\n\n\n<p>Pendant ce temps, ce n\u2019\u00e9tait pas facile d\u2019\u00eatre un Banyamulenge. Ma communaut\u00e9 \u00e9tait maltrait\u00e9e. Ma propre vie a \u00e9t\u00e9 menac\u00e9e tr\u00e8s souvent.<\/p>\n\n\n\n<p>Puis, en 2003, mes parents ont \u00e9t\u00e9 assassin\u00e9s alors qu\u2019ils fuyaient leur maison. J\u2019ai d\u00e9cid\u00e9 qu\u2019il \u00e9tait temps pour moi aussi de partir. J\u2019ai fui au Burundi o\u00f9 j\u2019ai v\u00e9cu trois ans dans un camp de r\u00e9fugi\u00e9s.<\/p>\n\n\n\n<p>Apr\u00e8s cela, je suis retourn\u00e9 au Congo pendant six mois pour voir si l\u2019\u00e9tat d\u2019esprit avait chang\u00e9 \u00e0 l\u2019\u00e9gard de ma communaut\u00e9. C\u2019\u00e9tait encore trop difficile. Cette fois-ci, j\u2019ai fui au Malawi o\u00f9 j\u2019ai de nouveau s\u00e9journ\u00e9 dans un camp de r\u00e9fugi\u00e9s.<\/p>\n\n\n\n<p>Au Malawi, le camp de r\u00e9fugi\u00e9s \u00e9tait envahi par les conflits et le d\u00e9sespoir. Il y avait beaucoup de divisions et de conflits, m\u00eame parmi les chr\u00e9tiens. Les gens de diff\u00e9rents groupes ethniques vivaient repli\u00e9s sur eux-m\u00eames. La sorcellerie \u00e9tait tr\u00e8s r\u00e9pandue.<\/p>\n\n\n\n<p>J\u2019ai commenc\u00e9 \u00e0 exercer mon don d\u2019\u00e9vang\u00e9liste parmi ces r\u00e9fugi\u00e9s, et les gens ont commenc\u00e9 \u00e0 r\u00e9pondre.<\/p>\n\n\n\n<p>D\u00e8s ma premi\u00e8re ann\u00e9e au camp, j\u2019ai d\u00e9marr\u00e9 une \u00e9glise. Moi et un petit groupe de disciples, nous allions de porte en porte dans le camp, invitant les gens \u00e0 suivre J\u00e9sus.<\/p>\n\n\n\n<p>Je citais souvent le livre d\u2019\u00c9z\u00e9chiel, dans lequel le proph\u00e8te raconte comment Dieu a chass\u00e9 son peuple de son pays, l\u2019a dispers\u00e9 parmi les nations parce qu\u2019il l\u2019avait abandonn\u00e9, et qu\u2019il lui offrirait aussi le pardon : \u00ab Je vous donnerai un c\u0153ur nouveau, et je mettrai en vous un esprit nouveau ; j\u2019\u00f4terai de votre corps le c\u0153ur de pierre, et je vous donnerai un c\u0153ur de chair \u00bb (36\/26).<\/p>\n\n\n\n<p>C\u2019est ainsi que la nouvelle \u00e9glise a \u00e9t\u00e9 un rassemblement de c\u0153urs doux. Nous avons mis l\u2019accent sur l\u2019enseignement du pardon de J\u00e9sus et de l\u2019amour de nos ennemis. Notre message \u00e9tait simple : parce que Dieu nous aime, nous devons nous aimer les uns les autres.<\/p>\n\n\n\n<p>Pendant ce temps, un homme s\u2019est joint \u00e0 notre \u00e9glise. Il \u00e9tait \u00e9galement un r\u00e9fugi\u00e9 du Congo. J\u2019ai re\u00e7u cet homme chez moi quand il est arriv\u00e9 dans notre camp. J\u2019ai appris, apr\u00e8s un certain temps, qu\u2019il \u00e9tait celui qui avait assassin\u00e9 mes parents au Congo.<\/p>\n\n\n\n<p>Je savais que mon propre enseignement, l\u2019enseignement de J\u00e9sus, \u00e9tait mis \u00e0 l\u2019\u00e9preuve. C\u2019\u00e9tait mon d\u00e9sir de faire partie d\u2019une \u00e9glise qui prenait les \u00c9critures au s\u00e9rieux et qui avait pour fondement la paix et la r\u00e9conciliation. Si Dieu m\u2019avait pardonn\u00e9, je devais pardonner aux autres.<\/p>\n\n\n\n<p>J\u2019ai donc pardonn\u00e9 \u00e0 cet homme ce qu\u2019il avait fait \u00e0 ma famille.<\/p>\n\n\n\n<p>Aujourd\u2019hui, notre \u00e9glise est \u00e9rig\u00e9e sur ce fondement de la paix et du pardon du Christ.<\/p>\n\n\n\n<p>Nous pr\u00eachons cet \u00e9vangile et Dieu nous b\u00e9nit. Il y a maintenant 11 autres \u00e9glises dans la r\u00e9gion. J\u2019aime ce que Dieu accomplit ici. Mon c\u0153ur est dans la joie quand je vois ces \u00e9glises grandir.<\/p>\n\n\n\n<p>\u00ca Dieu soit la gloire !<\/p>\n\n\n\n<p><em>\u2014Publi\u00e9 \u00e0 l\u2019origine par MB Mission dans <\/em>Witness<em> (Hiver 2017). Utilis\u00e9 avec permission.<\/em><\/p>\n\n\n\n<p>Ce t\u00e9moignage fait partie de la ressource de culte du dimanche de la paix pour 2018. Cliquez ici pour en savoir plus :<\/p>\n\n\n\n<div class=\"wp-block-buttons is-layout-flex wp-block-buttons-is-layout-flex\">\n<div class=\"wp-block-button\"><a class=\"wp-block-button__link wp-element-button\" href=\"https:\/\/mwc-cmm.org\/fr\/commissions-3\/commission-paix\/dimanche-de-la-paix\/\">Dimanche de la Paix<\/a><\/div>\n<\/div>\n\n\n\n<p><\/p>\n","protected":false},"excerpt":{"rendered":"<p>NULL<\/p>\n","protected":false},"author":1,"featured_media":89592,"comment_status":"closed","ping_status":"closed","sticky":false,"template":"","format":"standard","meta":{"_acf_changed":false,"footnotes":""},"categories":[7],"tags":[470],"network":[],"eventcategory":[],"class_list":["post-9979","post","type-post","status-publish","format-standard","has-post-thumbnail","hentry","category-non-classifiee","tag-paix"],"acf":[],"yoast_head":"<!-- This site is optimized with the Yoast SEO plugin v27.5 - https:\/\/yoast.com\/product\/yoast-seo-wordpress\/ -->\n<title>Accueillir mon ennemi - Mennonite World Conference<\/title>\n<meta name=\"robots\" content=\"index, follow, max-snippet:-1, max-image-preview:large, max-video-preview:-1\" \/>\n<link rel=\"canonical\" href=\"https:\/\/mwc-cmm.org\/fr\/stories\/accueillir-mon-ennemi\/\" \/>\n<meta property=\"og:locale\" content=\"fr_FR\" \/>\n<meta property=\"og:type\" content=\"article\" \/>\n<meta property=\"og:title\" content=\"Accueillir mon ennemi - Mennonite World Conference\" \/>\n<meta property=\"og:description\" content=\"NULL\" \/>\n<meta property=\"og:url\" content=\"https:\/\/mwc-cmm.org\/fr\/stories\/accueillir-mon-ennemi\/\" \/>\n<meta property=\"og:site_name\" content=\"Mennonite World Conference\" \/>\n<meta property=\"article:publisher\" content=\"https:\/\/www.facebook.com\/MennoniteWorldConference\" \/>\n<meta property=\"article:published_time\" content=\"2018-07-19T00:00:00+00:00\" \/>\n<meta property=\"article:modified_time\" content=\"2025-04-10T17:54:25+00:00\" \/>\n<meta property=\"og:image\" content=\"https:\/\/mwc-cmm.org\/wp-content\/uploads\/2024\/11\/20180121mb_church_6_malawi.jpg\" \/>\n\t<meta property=\"og:image:width\" content=\"1000\" \/>\n\t<meta property=\"og:image:height\" content=\"563\" \/>\n\t<meta property=\"og:image:type\" content=\"image\/jpeg\" \/>\n<meta name=\"author\" content=\"mennworldcon\" \/>\n<script type=\"application\/ld+json\" class=\"yoast-schema-graph\">{\"@context\":\"https:\\\/\\\/schema.org\",\"@graph\":[{\"@type\":\"Article\",\"@id\":\"https:\\\/\\\/mwc-cmm.org\\\/fr\\\/stories\\\/accueillir-mon-ennemi\\\/#article\",\"isPartOf\":{\"@id\":\"https:\\\/\\\/mwc-cmm.org\\\/fr\\\/stories\\\/accueillir-mon-ennemi\\\/\"},\"author\":{\"name\":\"mennworldcon\",\"@id\":\"https:\\\/\\\/mwc-cmm.org\\\/en\\\/#\\\/schema\\\/person\\\/11f6ae0d7d1868ba20a1cc27f067c836\"},\"headline\":\"Accueillir mon ennemi\",\"datePublished\":\"2018-07-19T00:00:00+00:00\",\"dateModified\":\"2025-04-10T17:54:25+00:00\",\"mainEntityOfPage\":{\"@id\":\"https:\\\/\\\/mwc-cmm.org\\\/fr\\\/stories\\\/accueillir-mon-ennemi\\\/\"},\"wordCount\":893,\"publisher\":{\"@id\":\"https:\\\/\\\/mwc-cmm.org\\\/en\\\/#organization\"},\"image\":{\"@id\":\"https:\\\/\\\/mwc-cmm.org\\\/fr\\\/stories\\\/accueillir-mon-ennemi\\\/#primaryimage\"},\"thumbnailUrl\":\"https:\\\/\\\/mwc-cmm.org\\\/wp-content\\\/uploads\\\/2024\\\/11\\\/20180121mb_church_6_malawi.jpg\",\"keywords\":[\"paix\"],\"articleSection\":[\"Non classifi\u00e9(e)\"],\"inLanguage\":\"fr-FR\"},{\"@type\":\"WebPage\",\"@id\":\"https:\\\/\\\/mwc-cmm.org\\\/fr\\\/stories\\\/accueillir-mon-ennemi\\\/\",\"url\":\"https:\\\/\\\/mwc-cmm.org\\\/fr\\\/stories\\\/accueillir-mon-ennemi\\\/\",\"name\":\"Accueillir mon ennemi - Mennonite World Conference\",\"isPartOf\":{\"@id\":\"https:\\\/\\\/mwc-cmm.org\\\/en\\\/#website\"},\"primaryImageOfPage\":{\"@id\":\"https:\\\/\\\/mwc-cmm.org\\\/fr\\\/stories\\\/accueillir-mon-ennemi\\\/#primaryimage\"},\"image\":{\"@id\":\"https:\\\/\\\/mwc-cmm.org\\\/fr\\\/stories\\\/accueillir-mon-ennemi\\\/#primaryimage\"},\"thumbnailUrl\":\"https:\\\/\\\/mwc-cmm.org\\\/wp-content\\\/uploads\\\/2024\\\/11\\\/20180121mb_church_6_malawi.jpg\",\"datePublished\":\"2018-07-19T00:00:00+00:00\",\"dateModified\":\"2025-04-10T17:54:25+00:00\",\"breadcrumb\":{\"@id\":\"https:\\\/\\\/mwc-cmm.org\\\/fr\\\/stories\\\/accueillir-mon-ennemi\\\/#breadcrumb\"},\"inLanguage\":\"fr-FR\",\"potentialAction\":[{\"@type\":\"ReadAction\",\"target\":[\"https:\\\/\\\/mwc-cmm.org\\\/fr\\\/stories\\\/accueillir-mon-ennemi\\\/\"]}]},{\"@type\":\"ImageObject\",\"inLanguage\":\"fr-FR\",\"@id\":\"https:\\\/\\\/mwc-cmm.org\\\/fr\\\/stories\\\/accueillir-mon-ennemi\\\/#primaryimage\",\"url\":\"https:\\\/\\\/mwc-cmm.org\\\/wp-content\\\/uploads\\\/2024\\\/11\\\/20180121mb_church_6_malawi.jpg\",\"contentUrl\":\"https:\\\/\\\/mwc-cmm.org\\\/wp-content\\\/uploads\\\/2024\\\/11\\\/20180121mb_church_6_malawi.jpg\",\"width\":1000,\"height\":563},{\"@type\":\"BreadcrumbList\",\"@id\":\"https:\\\/\\\/mwc-cmm.org\\\/fr\\\/stories\\\/accueillir-mon-ennemi\\\/#breadcrumb\",\"itemListElement\":[{\"@type\":\"ListItem\",\"position\":1,\"name\":\"Home\",\"item\":\"https:\\\/\\\/mwc-cmm.org\\\/fr\\\/\"},{\"@type\":\"ListItem\",\"position\":2,\"name\":\"Accueillir mon ennemi\"}]},{\"@type\":\"WebSite\",\"@id\":\"https:\\\/\\\/mwc-cmm.org\\\/en\\\/#website\",\"url\":\"https:\\\/\\\/mwc-cmm.org\\\/en\\\/\",\"name\":\"Mennonite World Conference\",\"description\":\"A communion of Anabaptist-related churches\",\"publisher\":{\"@id\":\"https:\\\/\\\/mwc-cmm.org\\\/en\\\/#organization\"},\"alternateName\":\"MWC\",\"potentialAction\":[{\"@type\":\"SearchAction\",\"target\":{\"@type\":\"EntryPoint\",\"urlTemplate\":\"https:\\\/\\\/mwc-cmm.org\\\/en\\\/?s={search_term_string}\"},\"query-input\":{\"@type\":\"PropertyValueSpecification\",\"valueRequired\":true,\"valueName\":\"search_term_string\"}}],\"inLanguage\":\"fr-FR\"},{\"@type\":\"Organization\",\"@id\":\"https:\\\/\\\/mwc-cmm.org\\\/en\\\/#organization\",\"name\":\"Mennonite World Conference\",\"alternateName\":\"MWC\",\"url\":\"https:\\\/\\\/mwc-cmm.org\\\/en\\\/\",\"logo\":{\"@type\":\"ImageObject\",\"inLanguage\":\"fr-FR\",\"@id\":\"https:\\\/\\\/mwc-cmm.org\\\/en\\\/#\\\/schema\\\/logo\\\/image\\\/\",\"url\":\"https:\\\/\\\/mwc-cmm.org\\\/wp-content\\\/uploads\\\/2026\\\/01\\\/MWC_Sig_Blue_Horiz_webheader1-logo.svg\",\"contentUrl\":\"https:\\\/\\\/mwc-cmm.org\\\/wp-content\\\/uploads\\\/2026\\\/01\\\/MWC_Sig_Blue_Horiz_webheader1-logo.svg\",\"width\":786,\"height\":82,\"caption\":\"Mennonite World Conference\"},\"image\":{\"@id\":\"https:\\\/\\\/mwc-cmm.org\\\/en\\\/#\\\/schema\\\/logo\\\/image\\\/\"},\"sameAs\":[\"https:\\\/\\\/www.facebook.com\\\/MennoniteWorldConference\",\"https:\\\/\\\/www.linkedin.com\\\/company\\\/mennonite-world-conference-mwc\\\/\",\"https:\\\/\\\/www.instagram.com\\\/mwcmm\\\/\",\"https:\\\/\\\/www.youtube.com\\\/user\\\/mwccmm\",\"https:\\\/\\\/bsky.app\\\/profile\\\/mwcmm.bsky.social\"]},{\"@type\":\"Person\",\"@id\":\"https:\\\/\\\/mwc-cmm.org\\\/en\\\/#\\\/schema\\\/person\\\/11f6ae0d7d1868ba20a1cc27f067c836\",\"name\":\"mennworldcon\",\"image\":{\"@type\":\"ImageObject\",\"inLanguage\":\"fr-FR\",\"@id\":\"https:\\\/\\\/secure.gravatar.com\\\/avatar\\\/06fdc0dc81c157dfdb82ec42f252178a22307808988d22c043f9eb96f1e0fe80?s=96&d=mm&r=g\",\"url\":\"https:\\\/\\\/secure.gravatar.com\\\/avatar\\\/06fdc0dc81c157dfdb82ec42f252178a22307808988d22c043f9eb96f1e0fe80?s=96&d=mm&r=g\",\"contentUrl\":\"https:\\\/\\\/secure.gravatar.com\\\/avatar\\\/06fdc0dc81c157dfdb82ec42f252178a22307808988d22c043f9eb96f1e0fe80?s=96&d=mm&r=g\",\"caption\":\"mennworldcon\"},\"sameAs\":[\"https:\\\/\\\/mwc-cmm.org\"],\"url\":\"https:\\\/\\\/mwc-cmm.org\\\/fr\\\/stories\\\/author\\\/mennworldcon\\\/\"}]}<\/script>\n<!-- \/ Yoast SEO plugin. -->","yoast_head_json":{"title":"Accueillir mon ennemi - Mennonite World Conference","robots":{"index":"index","follow":"follow","max-snippet":"max-snippet:-1","max-image-preview":"max-image-preview:large","max-video-preview":"max-video-preview:-1"},"canonical":"https:\/\/mwc-cmm.org\/fr\/stories\/accueillir-mon-ennemi\/","og_locale":"fr_FR","og_type":"article","og_title":"Accueillir mon ennemi - Mennonite World Conference","og_description":"NULL","og_url":"https:\/\/mwc-cmm.org\/fr\/stories\/accueillir-mon-ennemi\/","og_site_name":"Mennonite World Conference","article_publisher":"https:\/\/www.facebook.com\/MennoniteWorldConference","article_published_time":"2018-07-19T00:00:00+00:00","article_modified_time":"2025-04-10T17:54:25+00:00","og_image":[{"width":1000,"height":563,"url":"https:\/\/mwc-cmm.org\/wp-content\/uploads\/2024\/11\/20180121mb_church_6_malawi.jpg","type":"image\/jpeg"}],"author":"mennworldcon","schema":{"@context":"https:\/\/schema.org","@graph":[{"@type":"Article","@id":"https:\/\/mwc-cmm.org\/fr\/stories\/accueillir-mon-ennemi\/#article","isPartOf":{"@id":"https:\/\/mwc-cmm.org\/fr\/stories\/accueillir-mon-ennemi\/"},"author":{"name":"mennworldcon","@id":"https:\/\/mwc-cmm.org\/en\/#\/schema\/person\/11f6ae0d7d1868ba20a1cc27f067c836"},"headline":"Accueillir mon ennemi","datePublished":"2018-07-19T00:00:00+00:00","dateModified":"2025-04-10T17:54:25+00:00","mainEntityOfPage":{"@id":"https:\/\/mwc-cmm.org\/fr\/stories\/accueillir-mon-ennemi\/"},"wordCount":893,"publisher":{"@id":"https:\/\/mwc-cmm.org\/en\/#organization"},"image":{"@id":"https:\/\/mwc-cmm.org\/fr\/stories\/accueillir-mon-ennemi\/#primaryimage"},"thumbnailUrl":"https:\/\/mwc-cmm.org\/wp-content\/uploads\/2024\/11\/20180121mb_church_6_malawi.jpg","keywords":["paix"],"articleSection":["Non classifi\u00e9(e)"],"inLanguage":"fr-FR"},{"@type":"WebPage","@id":"https:\/\/mwc-cmm.org\/fr\/stories\/accueillir-mon-ennemi\/","url":"https:\/\/mwc-cmm.org\/fr\/stories\/accueillir-mon-ennemi\/","name":"Accueillir mon ennemi - Mennonite World Conference","isPartOf":{"@id":"https:\/\/mwc-cmm.org\/en\/#website"},"primaryImageOfPage":{"@id":"https:\/\/mwc-cmm.org\/fr\/stories\/accueillir-mon-ennemi\/#primaryimage"},"image":{"@id":"https:\/\/mwc-cmm.org\/fr\/stories\/accueillir-mon-ennemi\/#primaryimage"},"thumbnailUrl":"https:\/\/mwc-cmm.org\/wp-content\/uploads\/2024\/11\/20180121mb_church_6_malawi.jpg","datePublished":"2018-07-19T00:00:00+00:00","dateModified":"2025-04-10T17:54:25+00:00","breadcrumb":{"@id":"https:\/\/mwc-cmm.org\/fr\/stories\/accueillir-mon-ennemi\/#breadcrumb"},"inLanguage":"fr-FR","potentialAction":[{"@type":"ReadAction","target":["https:\/\/mwc-cmm.org\/fr\/stories\/accueillir-mon-ennemi\/"]}]},{"@type":"ImageObject","inLanguage":"fr-FR","@id":"https:\/\/mwc-cmm.org\/fr\/stories\/accueillir-mon-ennemi\/#primaryimage","url":"https:\/\/mwc-cmm.org\/wp-content\/uploads\/2024\/11\/20180121mb_church_6_malawi.jpg","contentUrl":"https:\/\/mwc-cmm.org\/wp-content\/uploads\/2024\/11\/20180121mb_church_6_malawi.jpg","width":1000,"height":563},{"@type":"BreadcrumbList","@id":"https:\/\/mwc-cmm.org\/fr\/stories\/accueillir-mon-ennemi\/#breadcrumb","itemListElement":[{"@type":"ListItem","position":1,"name":"Home","item":"https:\/\/mwc-cmm.org\/fr\/"},{"@type":"ListItem","position":2,"name":"Accueillir mon ennemi"}]},{"@type":"WebSite","@id":"https:\/\/mwc-cmm.org\/en\/#website","url":"https:\/\/mwc-cmm.org\/en\/","name":"Mennonite World Conference","description":"A communion of Anabaptist-related churches","publisher":{"@id":"https:\/\/mwc-cmm.org\/en\/#organization"},"alternateName":"MWC","potentialAction":[{"@type":"SearchAction","target":{"@type":"EntryPoint","urlTemplate":"https:\/\/mwc-cmm.org\/en\/?s={search_term_string}"},"query-input":{"@type":"PropertyValueSpecification","valueRequired":true,"valueName":"search_term_string"}}],"inLanguage":"fr-FR"},{"@type":"Organization","@id":"https:\/\/mwc-cmm.org\/en\/#organization","name":"Mennonite World Conference","alternateName":"MWC","url":"https:\/\/mwc-cmm.org\/en\/","logo":{"@type":"ImageObject","inLanguage":"fr-FR","@id":"https:\/\/mwc-cmm.org\/en\/#\/schema\/logo\/image\/","url":"https:\/\/mwc-cmm.org\/wp-content\/uploads\/2026\/01\/MWC_Sig_Blue_Horiz_webheader1-logo.svg","contentUrl":"https:\/\/mwc-cmm.org\/wp-content\/uploads\/2026\/01\/MWC_Sig_Blue_Horiz_webheader1-logo.svg","width":786,"height":82,"caption":"Mennonite World Conference"},"image":{"@id":"https:\/\/mwc-cmm.org\/en\/#\/schema\/logo\/image\/"},"sameAs":["https:\/\/www.facebook.com\/MennoniteWorldConference","https:\/\/www.linkedin.com\/company\/mennonite-world-conference-mwc\/","https:\/\/www.instagram.com\/mwcmm\/","https:\/\/www.youtube.com\/user\/mwccmm","https:\/\/bsky.app\/profile\/mwcmm.bsky.social"]},{"@type":"Person","@id":"https:\/\/mwc-cmm.org\/en\/#\/schema\/person\/11f6ae0d7d1868ba20a1cc27f067c836","name":"mennworldcon","image":{"@type":"ImageObject","inLanguage":"fr-FR","@id":"https:\/\/secure.gravatar.com\/avatar\/06fdc0dc81c157dfdb82ec42f252178a22307808988d22c043f9eb96f1e0fe80?s=96&d=mm&r=g","url":"https:\/\/secure.gravatar.com\/avatar\/06fdc0dc81c157dfdb82ec42f252178a22307808988d22c043f9eb96f1e0fe80?s=96&d=mm&r=g","contentUrl":"https:\/\/secure.gravatar.com\/avatar\/06fdc0dc81c157dfdb82ec42f252178a22307808988d22c043f9eb96f1e0fe80?s=96&d=mm&r=g","caption":"mennworldcon"},"sameAs":["https:\/\/mwc-cmm.org"],"url":"https:\/\/mwc-cmm.org\/fr\/stories\/author\/mennworldcon\/"}]}},"_links":{"self":[{"href":"https:\/\/mwc-cmm.org\/fr\/wp-json\/wp\/v2\/posts\/9979","targetHints":{"allow":["GET"]}}],"collection":[{"href":"https:\/\/mwc-cmm.org\/fr\/wp-json\/wp\/v2\/posts"}],"about":[{"href":"https:\/\/mwc-cmm.org\/fr\/wp-json\/wp\/v2\/types\/post"}],"author":[{"embeddable":true,"href":"https:\/\/mwc-cmm.org\/fr\/wp-json\/wp\/v2\/users\/1"}],"replies":[{"embeddable":true,"href":"https:\/\/mwc-cmm.org\/fr\/wp-json\/wp\/v2\/comments?post=9979"}],"version-history":[{"count":0,"href":"https:\/\/mwc-cmm.org\/fr\/wp-json\/wp\/v2\/posts\/9979\/revisions"}],"wp:featuredmedia":[{"embeddable":true,"href":"https:\/\/mwc-cmm.org\/fr\/wp-json\/wp\/v2\/media\/89592"}],"wp:attachment":[{"href":"https:\/\/mwc-cmm.org\/fr\/wp-json\/wp\/v2\/media?parent=9979"}],"wp:term":[{"taxonomy":"category","embeddable":true,"href":"https:\/\/mwc-cmm.org\/fr\/wp-json\/wp\/v2\/categories?post=9979"},{"taxonomy":"post_tag","embeddable":true,"href":"https:\/\/mwc-cmm.org\/fr\/wp-json\/wp\/v2\/tags?post=9979"},{"taxonomy":"network","embeddable":true,"href":"https:\/\/mwc-cmm.org\/fr\/wp-json\/wp\/v2\/network?post=9979"},{"taxonomy":"eventcategory","embeddable":true,"href":"https:\/\/mwc-cmm.org\/fr\/wp-json\/wp\/v2\/eventcategory?post=9979"}],"curies":[{"name":"wp","href":"https:\/\/api.w.org\/{rel}","templated":true}]}}