{"id":9967,"date":"2018-10-25T00:00:00","date_gmt":"2018-10-25T00:00:00","guid":{"rendered":"https:\/\/mwc-cmm.org\/a-day-peace-and-justice-kissed-4\/"},"modified":"2024-12-10T17:15:31","modified_gmt":"2024-12-10T17:15:31","slug":"le-jour-oi-paix-et-justice-se-sont-embrassees","status":"publish","type":"post","link":"https:\/\/mwc-cmm.org\/fr\/stories\/le-jour-oi-paix-et-justice-se-sont-embrassees\/","title":{"rendered":"Le jour o\u00f9 Paix et Justice se sont embrass\u00e9es"},"content":{"rendered":"<p><strong><em>Une \u00e9glise locale de Colombie exp\u00e9rimente la paix<\/em><\/strong><\/p>\n<p>Pourquoi un pays ne parvient-il pas \u00e0 pardonner ? Pourquoi y a-t-il des gens qui semblent pr\u00e9f\u00e9rer la guerre ? Voil\u00e0 des questions qui perturbent l\u2019\u00e2me et qui nous invitent \u00e0 chercher des r\u00e9ponses non pas dans les rues froides de la ville mais dans les campagnes oubli\u00e9es et dans les petits villages de Colombie directement affect\u00e9s par le conflit arm\u00e9.<\/p>\n<p>Le 19 juillet 2017, une \u00e9quipe de l\u2019organisation Fundaci\u00f3n Edupaz s\u2019est rendue \u00e0 La Esperanza,  un village entour\u00e9 de montagnes verdoyantes et d\u2019un ciel azure immense, \u00e0 la cherche de r\u00e9ponses \u00e0 ces questions.<\/p>\n<p>Compte tenu de sa proximit\u00e9 avec l\u2019oc\u00e9an pacifique, La Esperanza est une zone strat\u00e9gique pour la production et le transport de la coca\u00efne. Durant des d\u00e9cennies, plusieurs groupes arm\u00e9s ont exerc\u00e9 un contr\u00f4le violent sur la population avec l\u2019usage de mines anti-personnel, avec de nombreux cas de disparition forc\u00e9e et en combattant la population.<\/p>\n<p>Paradoxalement, ce fut tout de suite apr\u00e8s un incident violent qui eut lieu le 13 avril 2015 que cette communaut\u00e9 de 500 familles a commenc\u00e9 \u00e0 apercevoir la lumi\u00e8re. (<a href=\"https:\/\/mwc-cmm.org\/content\/une-priere-pour-lesperance?language=fr\">Lire la suite.<\/a>)<\/p>\n<p><img decoding=\"async\" alt=\"Misael y Luis Yonda. Installation de la plaque comm\u00e9morative dans le complexe sportif de La Esperanza. \u00ab Le pardon n\u2019est pas pour celui qui le m\u00e9rite, le cherche ou le demande, mais pour celui qui en a besoin, m\u00eame s\u2019il n\u2019en est pas conscient. Notre espoir c\u2019est la r\u00e9conciliation pour tous ! \u00c9glise des Fr\u00e8res mennonites, Christ le Seul Espoir. 20 juillet 2017. \u00bb Photo : Sebasti\u00e1n Navarro Medina\" data-src=\"https:\/\/mwc-cmm.org\/wp-content\/uploads\/2024\/10\/2-20170720_115713.jpg\" style=\"--smush-image-width: 2000px; --smush-image-aspect-ratio: 2000\/1500;width: 250px; height: 188px; float: left; margin: 5px;\" width=\"2000\" class=\"smush-dimensions lazyload\" src=\"data:image\/svg+xml;base64,PHN2ZyB3aWR0aD0iMSIgaGVpZ2h0PSIxIiB4bWxucz0iaHR0cDovL3d3dy53My5vcmcvMjAwMC9zdmciPjwvc3ZnPg==\" \/><\/p>\n<p>Edupaz a commenc\u00e9 \u00e0 travailler avec la communaut\u00e9 \u00e0 travers l\u2019\u00c9glise des Fr\u00e8res mennonites en facilitant le processus de gu\u00e9rison et de transformation. En cheminant avec eux, nous avons d\u00e9couvert une \u00e9glise pr\u00eate \u00e0 construire des espaces de paix et de r\u00e9conciliation, en travaillant en groupe et en s\u2019inspirant de la Parole de Dieu.<\/p>\n<p>Nous savions que nous allions rencontrer des difficult\u00e9s. Les habitants de La Esperanza ont encore des s\u00e9quelles dues \u00e0 la peur caus\u00e9e par 50 ann\u00e9es de conflit arm\u00e9.<\/p>\n<p>Dans cette situation, de nouvelle questions surgissent : que pouvons nous attendre d\u2019une population qui rejette la guerre ? Quel peut-\u00eatre le r\u00f4le d\u2019une \u00e9glise rurale pour gu\u00e9rir les blessures, partager le pardon et cr\u00e9er des espaces de reconciliation ? Quel exemple cette petite communaut\u00e9 chr\u00e9tienne peut-elle offrir pour les grandes \u00e9glises urbaines ?<\/p>\n<p>Nous voulions accompagner toute la communaut\u00e9 lors d\u2019un \u00e9v\u00e9nement pour la paix, la m\u00e9moire, le pardon et la r\u00e9conciliation &#8211; avec la participation d\u2019ex-guerrilleros des FARC-EP d\u2019une zone de d\u00e9mobilisation connue sous le nom de Carlos Pati\u00f1o ( les zones \u00ab veredales \u00bb sont des camps de d\u00e9sarmement et de r\u00e9insertion pour ex-guerrilleros).<\/p>\n<p>C\u2019est ainsi que le 20 juillet 2017, eut lieu cet \u00e9v\u00e9nement de r\u00e9conciliation. Les enfants \u00e9taient tout sourire et salu\u00e8rent le drapeau. Les combattants des FARC march\u00e8rent avec assurance vers un changement de vie. La communaut\u00e9 laissa de cot\u00e9 ses diff\u00e9rences politiques, religieuses, sociales et, au travers de chants au Dieu \u00e9ternel, firent place \u00e0 la repentance publique et au pardon sinc\u00e8re, pour arriver \u00e0 la r\u00e9conciliation entre victimes et pers\u00e9cuteurs.<\/p>\n<p><img decoding=\"async\" alt=\"Photo : Lina Maria Forero Segura\" data-src=\"https:\/\/mwc-cmm.org\/wp-content\/uploads\/2024\/10\/4-img_4234.jpg\" style=\"--smush-image-width: 640px; --smush-image-aspect-ratio: 640\/480;width: 250px; height: 188px; float: right; margin: 3px 5px;\" width=\"640\" class=\"smush-dimensions lazyload\" src=\"data:image\/svg+xml;base64,PHN2ZyB3aWR0aD0iMSIgaGVpZ2h0PSIxIiB4bWxucz0iaHR0cDovL3d3dy53My5vcmcvMjAwMC9zdmciPjwvc3ZnPg==\" \/><\/p>\n<p>Tous se rendirent au complexe sportif du village. On se rappellerait d\u00e9sormais de ce qui avait \u00e9t\u00e9 le d\u00e9cors de l\u2019infamie non plus comme un endroit o\u00f9 la mort, la terreur et les maux de la guerre se rencontr\u00e8rent une nuit pluvieuse d\u2019avril mais comme du lieu o\u00f9 la communaut\u00e9 se r\u00e9unit pour louer, pardonner et aimer.<\/p>\n<p>Durant la c\u00e9r\u00e9monie, tout se d\u00e9roula dans la plus parfaite harmonie. Les enfants donn\u00e8rent une repr\u00e9sentation de ce que la guerre repr\u00e9sentait pour eux. La foule entonna des chants de paix comme des pri\u00e8res lanc\u00e9es vers le ciel. L\u2019\u00e9glise invoqua la pr\u00e9sence et le soutient de Dieu. Les leaders sociaux et les repr\u00e9sentants de l\u2019\u00c9tat donn\u00e8rent des messages d\u2019esp\u00e9rance, un ex-combattant demanda pardon pour ce qui s\u2019\u00e9tait pass\u00e9 dans cet endroit.<\/p>\n<p>On apposa une plaque comm\u00e9morative sur laquelle on pouvait lire la devise de la journ\u00e9e : \u00ab Le pardon n\u2019est pas pour celui qui le m\u00e9rite, le cherche ou le demande, mais pour celui qui en a besoin, m\u00eame s\u2019il n\u2019en est pas conscient. \u00bb<\/p>\n<p><img decoding=\"async\" alt=\"Photo : Lina Maria Forero Segura\" data-src=\"https:\/\/mwc-cmm.org\/wp-content\/uploads\/2024\/10\/3-20170720_171813.jpg\" style=\"--smush-image-width: 2000px; --smush-image-aspect-ratio: 2000\/1513;width: 300px; height: 227px; float: left; margin: 3px 5px;\" width=\"2000\" class=\"smush-dimensions lazyload\" src=\"data:image\/svg+xml;base64,PHN2ZyB3aWR0aD0iMSIgaGVpZ2h0PSIxIiB4bWxucz0iaHR0cDovL3d3dy53My5vcmcvMjAwMC9zdmciPjwvc3ZnPg==\" \/><\/p>\n<p>Enfin, sous un ciel illumin\u00e9 d\u2019\u00e9toiles, des centaines d\u2019habitants du village allum\u00e8rent une bougie repr\u00e9sentant l\u2019\u00e9tincelle d\u2019esp\u00e9rance qui illumine le pays. Cette nuit-l\u00e0 n\u2019\u00e9tait qu\u2019embrassade, unit\u00e9 et message de r\u00e9conciliation. Ce fut la premi\u00e8re fois que ces fils, filles, et parents qui autrefois prirent part \u00e0 la guerre purent se rencontrer, parce que ce jour-ci, ils esp\u00e9raient pouvoir rentrer chez eux pour construire une nouvelle vie et gu\u00e9rir les blessures caus\u00e9es par la violence.<\/p>\n<p>Aujourd\u2019hui, cette communaut\u00e9 se transforme toujours plus en un endroit o\u00f9 les gens sont souriants et les portes ouvertes. Les gens sont pr\u00eats \u00e0 contribuer \u00e0 l\u2019\u00e9tablissement d\u2019une paix stable et durable. Fid\u00e8le \u00e0 son nom, La Esperanza s\u2019est convertie en un exemple pour les Colombiens, montrant que le pardon et la gu\u00e9rison sont possible, changeant une image grise et sombre en un ciel bleu d\u2019espoir.<\/p>\n<p>Ce jour l\u00e0, dans le stade, avec la pr\u00e9sence et la participation de beaucoup, Amour infaillible et V\u00e9rit\u00e9 se sont rencontr\u00e9s, Paix et Justice se sont embrass\u00e9. (Psaumes 85, 11).<\/p>\n<p><em>\u2014<\/em><em>Juan David Morales S\u00e1nchez, Coordinateur du programme de plaidoyer \u00ab Agir par la parole \u00bb de la <a href=\"https:\/\/fundacionedupaz.org\/\">Fundaci\u00f3n Edupaz<\/a>, une organisation \u00e0 but non-lucratif fond\u00e9e par l\u2019\u00c9glise des Fr\u00e8res mennonites en Colombie pour promouvoir la paix et la r\u00e9solution de conflits au travers de cours et d\u2019accompagnement. <\/em><\/p>\n","protected":false},"excerpt":{"rendered":"<p>NULL<\/p>\n","protected":false},"author":1,"featured_media":0,"comment_status":"closed","ping_status":"closed","sticky":false,"template":"","format":"standard","meta":{"_acf_changed":false,"footnotes":""},"categories":[7],"tags":[],"network":[],"eventcategory":[],"class_list":["post-9967","post","type-post","status-publish","format-standard","hentry","category-non-classifiee"],"acf":[],"yoast_head":"<!-- This site is optimized with the Yoast SEO plugin v27.2 - https:\/\/yoast.com\/product\/yoast-seo-wordpress\/ -->\n<title>Le jour o\u00f9 Paix et Justice se sont embrass\u00e9es - Mennonite World Conference<\/title>\n<meta name=\"robots\" content=\"index, follow, max-snippet:-1, max-image-preview:large, max-video-preview:-1\" \/>\n<link rel=\"canonical\" href=\"https:\/\/mwc-cmm.org\/fr\/stories\/le-jour-oi-paix-et-justice-se-sont-embrassees\/\" \/>\n<meta property=\"og:locale\" content=\"fr_FR\" \/>\n<meta property=\"og:type\" content=\"article\" \/>\n<meta property=\"og:title\" content=\"Le jour o\u00f9 Paix et Justice se sont embrass\u00e9es - Mennonite World Conference\" \/>\n<meta property=\"og:description\" content=\"NULL\" \/>\n<meta property=\"og:url\" content=\"https:\/\/mwc-cmm.org\/fr\/stories\/le-jour-oi-paix-et-justice-se-sont-embrassees\/\" \/>\n<meta property=\"og:site_name\" content=\"Mennonite World Conference\" \/>\n<meta property=\"article:publisher\" content=\"https:\/\/www.facebook.com\/MennoniteWorldConference\" \/>\n<meta property=\"article:published_time\" content=\"2018-10-25T00:00:00+00:00\" \/>\n<meta property=\"article:modified_time\" content=\"2024-12-10T17:15:31+00:00\" \/>\n<meta property=\"og:image\" content=\"https:\/\/mwc-cmm.org\/wp-content\/uploads\/2024\/10\/2-20170720_115713.jpg\" \/>\n<meta name=\"author\" content=\"mennworldcon\" \/>\n<script type=\"application\/ld+json\" class=\"yoast-schema-graph\">{\"@context\":\"https:\/\/schema.org\",\"@graph\":[{\"@type\":\"Article\",\"@id\":\"https:\/\/mwc-cmm.org\/fr\/stories\/le-jour-oi-paix-et-justice-se-sont-embrassees\/#article\",\"isPartOf\":{\"@id\":\"https:\/\/mwc-cmm.org\/fr\/stories\/le-jour-oi-paix-et-justice-se-sont-embrassees\/\"},\"author\":{\"name\":\"mennworldcon\",\"@id\":\"https:\/\/mwc-cmm.org\/en\/#\/schema\/person\/11f6ae0d7d1868ba20a1cc27f067c836\"},\"headline\":\"Le jour o\u00f9 Paix et Justice se sont embrass\u00e9es\",\"datePublished\":\"2018-10-25T00:00:00+00:00\",\"dateModified\":\"2024-12-10T17:15:31+00:00\",\"mainEntityOfPage\":{\"@id\":\"https:\/\/mwc-cmm.org\/fr\/stories\/le-jour-oi-paix-et-justice-se-sont-embrassees\/\"},\"wordCount\":929,\"publisher\":{\"@id\":\"https:\/\/mwc-cmm.org\/en\/#organization\"},\"image\":{\"@id\":\"https:\/\/mwc-cmm.org\/fr\/stories\/le-jour-oi-paix-et-justice-se-sont-embrassees\/#primaryimage\"},\"thumbnailUrl\":\"https:\/\/mwc-cmm.org\/wp-content\/uploads\/2024\/10\/2-20170720_115713.jpg\",\"articleSection\":[\"Non classifi\u00e9(e)\"],\"inLanguage\":\"fr-FR\"},{\"@type\":\"WebPage\",\"@id\":\"https:\/\/mwc-cmm.org\/fr\/stories\/le-jour-oi-paix-et-justice-se-sont-embrassees\/\",\"url\":\"https:\/\/mwc-cmm.org\/fr\/stories\/le-jour-oi-paix-et-justice-se-sont-embrassees\/\",\"name\":\"Le jour o\u00f9 Paix et Justice se sont embrass\u00e9es - Mennonite World Conference\",\"isPartOf\":{\"@id\":\"https:\/\/mwc-cmm.org\/en\/#website\"},\"primaryImageOfPage\":{\"@id\":\"https:\/\/mwc-cmm.org\/fr\/stories\/le-jour-oi-paix-et-justice-se-sont-embrassees\/#primaryimage\"},\"image\":{\"@id\":\"https:\/\/mwc-cmm.org\/fr\/stories\/le-jour-oi-paix-et-justice-se-sont-embrassees\/#primaryimage\"},\"thumbnailUrl\":\"https:\/\/mwc-cmm.org\/wp-content\/uploads\/2024\/10\/2-20170720_115713.jpg\",\"datePublished\":\"2018-10-25T00:00:00+00:00\",\"dateModified\":\"2024-12-10T17:15:31+00:00\",\"breadcrumb\":{\"@id\":\"https:\/\/mwc-cmm.org\/fr\/stories\/le-jour-oi-paix-et-justice-se-sont-embrassees\/#breadcrumb\"},\"inLanguage\":\"fr-FR\",\"potentialAction\":[{\"@type\":\"ReadAction\",\"target\":[\"https:\/\/mwc-cmm.org\/fr\/stories\/le-jour-oi-paix-et-justice-se-sont-embrassees\/\"]}]},{\"@type\":\"ImageObject\",\"inLanguage\":\"fr-FR\",\"@id\":\"https:\/\/mwc-cmm.org\/fr\/stories\/le-jour-oi-paix-et-justice-se-sont-embrassees\/#primaryimage\",\"url\":\"https:\/\/mwc-cmm.org\/wp-content\/uploads\/2024\/10\/2-20170720_115713.jpg\",\"contentUrl\":\"https:\/\/mwc-cmm.org\/wp-content\/uploads\/2024\/10\/2-20170720_115713.jpg\"},{\"@type\":\"BreadcrumbList\",\"@id\":\"https:\/\/mwc-cmm.org\/fr\/stories\/le-jour-oi-paix-et-justice-se-sont-embrassees\/#breadcrumb\",\"itemListElement\":[{\"@type\":\"ListItem\",\"position\":1,\"name\":\"Home\",\"item\":\"https:\/\/mwc-cmm.org\/fr\/\"},{\"@type\":\"ListItem\",\"position\":2,\"name\":\"Le jour o\u00f9 Paix et Justice se sont embrass\u00e9es\"}]},{\"@type\":\"WebSite\",\"@id\":\"https:\/\/mwc-cmm.org\/en\/#website\",\"url\":\"https:\/\/mwc-cmm.org\/en\/\",\"name\":\"Mennonite World Conference\",\"description\":\"A communion of Anabaptist-related churches\",\"publisher\":{\"@id\":\"https:\/\/mwc-cmm.org\/en\/#organization\"},\"alternateName\":\"MWC\",\"potentialAction\":[{\"@type\":\"SearchAction\",\"target\":{\"@type\":\"EntryPoint\",\"urlTemplate\":\"https:\/\/mwc-cmm.org\/en\/?s={search_term_string}\"},\"query-input\":{\"@type\":\"PropertyValueSpecification\",\"valueRequired\":true,\"valueName\":\"search_term_string\"}}],\"inLanguage\":\"fr-FR\"},{\"@type\":\"Organization\",\"@id\":\"https:\/\/mwc-cmm.org\/en\/#organization\",\"name\":\"Mennonite World Conference\",\"alternateName\":\"MWC\",\"url\":\"https:\/\/mwc-cmm.org\/en\/\",\"logo\":{\"@type\":\"ImageObject\",\"inLanguage\":\"fr-FR\",\"@id\":\"https:\/\/mwc-cmm.org\/en\/#\/schema\/logo\/image\/\",\"url\":\"https:\/\/mwc-cmm.org\/wp-content\/uploads\/2026\/01\/MWC_Sig_Blue_Horiz_webheader1-logo.svg\",\"contentUrl\":\"https:\/\/mwc-cmm.org\/wp-content\/uploads\/2026\/01\/MWC_Sig_Blue_Horiz_webheader1-logo.svg\",\"width\":786,\"height\":82,\"caption\":\"Mennonite World Conference\"},\"image\":{\"@id\":\"https:\/\/mwc-cmm.org\/en\/#\/schema\/logo\/image\/\"},\"sameAs\":[\"https:\/\/www.facebook.com\/MennoniteWorldConference\",\"https:\/\/www.linkedin.com\/company\/mennonite-world-conference-mwc\/\",\"https:\/\/www.instagram.com\/mwcmm\/\",\"https:\/\/www.youtube.com\/user\/mwccmm\",\"https:\/\/bsky.app\/profile\/mwcmm.bsky.social\"]},{\"@type\":\"Person\",\"@id\":\"https:\/\/mwc-cmm.org\/en\/#\/schema\/person\/11f6ae0d7d1868ba20a1cc27f067c836\",\"name\":\"mennworldcon\",\"image\":{\"@type\":\"ImageObject\",\"inLanguage\":\"fr-FR\",\"@id\":\"https:\/\/secure.gravatar.com\/avatar\/06fdc0dc81c157dfdb82ec42f252178a22307808988d22c043f9eb96f1e0fe80?s=96&d=mm&r=g\",\"url\":\"https:\/\/secure.gravatar.com\/avatar\/06fdc0dc81c157dfdb82ec42f252178a22307808988d22c043f9eb96f1e0fe80?s=96&d=mm&r=g\",\"contentUrl\":\"https:\/\/secure.gravatar.com\/avatar\/06fdc0dc81c157dfdb82ec42f252178a22307808988d22c043f9eb96f1e0fe80?s=96&d=mm&r=g\",\"caption\":\"mennworldcon\"},\"sameAs\":[\"https:\/\/mwc-cmm.org\"],\"url\":\"https:\/\/mwc-cmm.org\/fr\/stories\/author\/mennworldcon\/\"}]}<\/script>\n<!-- \/ Yoast SEO plugin. -->","yoast_head_json":{"title":"Le jour o\u00f9 Paix et Justice se sont embrass\u00e9es - Mennonite World Conference","robots":{"index":"index","follow":"follow","max-snippet":"max-snippet:-1","max-image-preview":"max-image-preview:large","max-video-preview":"max-video-preview:-1"},"canonical":"https:\/\/mwc-cmm.org\/fr\/stories\/le-jour-oi-paix-et-justice-se-sont-embrassees\/","og_locale":"fr_FR","og_type":"article","og_title":"Le jour o\u00f9 Paix et Justice se sont embrass\u00e9es - Mennonite World Conference","og_description":"NULL","og_url":"https:\/\/mwc-cmm.org\/fr\/stories\/le-jour-oi-paix-et-justice-se-sont-embrassees\/","og_site_name":"Mennonite World Conference","article_publisher":"https:\/\/www.facebook.com\/MennoniteWorldConference","article_published_time":"2018-10-25T00:00:00+00:00","article_modified_time":"2024-12-10T17:15:31+00:00","og_image":[{"url":"https:\/\/mwc-cmm.org\/wp-content\/uploads\/2024\/10\/2-20170720_115713.jpg","type":"","width":"","height":""}],"author":"mennworldcon","schema":{"@context":"https:\/\/schema.org","@graph":[{"@type":"Article","@id":"https:\/\/mwc-cmm.org\/fr\/stories\/le-jour-oi-paix-et-justice-se-sont-embrassees\/#article","isPartOf":{"@id":"https:\/\/mwc-cmm.org\/fr\/stories\/le-jour-oi-paix-et-justice-se-sont-embrassees\/"},"author":{"name":"mennworldcon","@id":"https:\/\/mwc-cmm.org\/en\/#\/schema\/person\/11f6ae0d7d1868ba20a1cc27f067c836"},"headline":"Le jour o\u00f9 Paix et Justice se sont embrass\u00e9es","datePublished":"2018-10-25T00:00:00+00:00","dateModified":"2024-12-10T17:15:31+00:00","mainEntityOfPage":{"@id":"https:\/\/mwc-cmm.org\/fr\/stories\/le-jour-oi-paix-et-justice-se-sont-embrassees\/"},"wordCount":929,"publisher":{"@id":"https:\/\/mwc-cmm.org\/en\/#organization"},"image":{"@id":"https:\/\/mwc-cmm.org\/fr\/stories\/le-jour-oi-paix-et-justice-se-sont-embrassees\/#primaryimage"},"thumbnailUrl":"https:\/\/mwc-cmm.org\/wp-content\/uploads\/2024\/10\/2-20170720_115713.jpg","articleSection":["Non classifi\u00e9(e)"],"inLanguage":"fr-FR"},{"@type":"WebPage","@id":"https:\/\/mwc-cmm.org\/fr\/stories\/le-jour-oi-paix-et-justice-se-sont-embrassees\/","url":"https:\/\/mwc-cmm.org\/fr\/stories\/le-jour-oi-paix-et-justice-se-sont-embrassees\/","name":"Le jour o\u00f9 Paix et Justice se sont embrass\u00e9es - Mennonite World Conference","isPartOf":{"@id":"https:\/\/mwc-cmm.org\/en\/#website"},"primaryImageOfPage":{"@id":"https:\/\/mwc-cmm.org\/fr\/stories\/le-jour-oi-paix-et-justice-se-sont-embrassees\/#primaryimage"},"image":{"@id":"https:\/\/mwc-cmm.org\/fr\/stories\/le-jour-oi-paix-et-justice-se-sont-embrassees\/#primaryimage"},"thumbnailUrl":"https:\/\/mwc-cmm.org\/wp-content\/uploads\/2024\/10\/2-20170720_115713.jpg","datePublished":"2018-10-25T00:00:00+00:00","dateModified":"2024-12-10T17:15:31+00:00","breadcrumb":{"@id":"https:\/\/mwc-cmm.org\/fr\/stories\/le-jour-oi-paix-et-justice-se-sont-embrassees\/#breadcrumb"},"inLanguage":"fr-FR","potentialAction":[{"@type":"ReadAction","target":["https:\/\/mwc-cmm.org\/fr\/stories\/le-jour-oi-paix-et-justice-se-sont-embrassees\/"]}]},{"@type":"ImageObject","inLanguage":"fr-FR","@id":"https:\/\/mwc-cmm.org\/fr\/stories\/le-jour-oi-paix-et-justice-se-sont-embrassees\/#primaryimage","url":"https:\/\/mwc-cmm.org\/wp-content\/uploads\/2024\/10\/2-20170720_115713.jpg","contentUrl":"https:\/\/mwc-cmm.org\/wp-content\/uploads\/2024\/10\/2-20170720_115713.jpg"},{"@type":"BreadcrumbList","@id":"https:\/\/mwc-cmm.org\/fr\/stories\/le-jour-oi-paix-et-justice-se-sont-embrassees\/#breadcrumb","itemListElement":[{"@type":"ListItem","position":1,"name":"Home","item":"https:\/\/mwc-cmm.org\/fr\/"},{"@type":"ListItem","position":2,"name":"Le jour o\u00f9 Paix et Justice se sont embrass\u00e9es"}]},{"@type":"WebSite","@id":"https:\/\/mwc-cmm.org\/en\/#website","url":"https:\/\/mwc-cmm.org\/en\/","name":"Mennonite World Conference","description":"A communion of Anabaptist-related churches","publisher":{"@id":"https:\/\/mwc-cmm.org\/en\/#organization"},"alternateName":"MWC","potentialAction":[{"@type":"SearchAction","target":{"@type":"EntryPoint","urlTemplate":"https:\/\/mwc-cmm.org\/en\/?s={search_term_string}"},"query-input":{"@type":"PropertyValueSpecification","valueRequired":true,"valueName":"search_term_string"}}],"inLanguage":"fr-FR"},{"@type":"Organization","@id":"https:\/\/mwc-cmm.org\/en\/#organization","name":"Mennonite World Conference","alternateName":"MWC","url":"https:\/\/mwc-cmm.org\/en\/","logo":{"@type":"ImageObject","inLanguage":"fr-FR","@id":"https:\/\/mwc-cmm.org\/en\/#\/schema\/logo\/image\/","url":"https:\/\/mwc-cmm.org\/wp-content\/uploads\/2026\/01\/MWC_Sig_Blue_Horiz_webheader1-logo.svg","contentUrl":"https:\/\/mwc-cmm.org\/wp-content\/uploads\/2026\/01\/MWC_Sig_Blue_Horiz_webheader1-logo.svg","width":786,"height":82,"caption":"Mennonite World Conference"},"image":{"@id":"https:\/\/mwc-cmm.org\/en\/#\/schema\/logo\/image\/"},"sameAs":["https:\/\/www.facebook.com\/MennoniteWorldConference","https:\/\/www.linkedin.com\/company\/mennonite-world-conference-mwc\/","https:\/\/www.instagram.com\/mwcmm\/","https:\/\/www.youtube.com\/user\/mwccmm","https:\/\/bsky.app\/profile\/mwcmm.bsky.social"]},{"@type":"Person","@id":"https:\/\/mwc-cmm.org\/en\/#\/schema\/person\/11f6ae0d7d1868ba20a1cc27f067c836","name":"mennworldcon","image":{"@type":"ImageObject","inLanguage":"fr-FR","@id":"https:\/\/secure.gravatar.com\/avatar\/06fdc0dc81c157dfdb82ec42f252178a22307808988d22c043f9eb96f1e0fe80?s=96&d=mm&r=g","url":"https:\/\/secure.gravatar.com\/avatar\/06fdc0dc81c157dfdb82ec42f252178a22307808988d22c043f9eb96f1e0fe80?s=96&d=mm&r=g","contentUrl":"https:\/\/secure.gravatar.com\/avatar\/06fdc0dc81c157dfdb82ec42f252178a22307808988d22c043f9eb96f1e0fe80?s=96&d=mm&r=g","caption":"mennworldcon"},"sameAs":["https:\/\/mwc-cmm.org"],"url":"https:\/\/mwc-cmm.org\/fr\/stories\/author\/mennworldcon\/"}]}},"_links":{"self":[{"href":"https:\/\/mwc-cmm.org\/fr\/wp-json\/wp\/v2\/posts\/9967","targetHints":{"allow":["GET"]}}],"collection":[{"href":"https:\/\/mwc-cmm.org\/fr\/wp-json\/wp\/v2\/posts"}],"about":[{"href":"https:\/\/mwc-cmm.org\/fr\/wp-json\/wp\/v2\/types\/post"}],"author":[{"embeddable":true,"href":"https:\/\/mwc-cmm.org\/fr\/wp-json\/wp\/v2\/users\/1"}],"replies":[{"embeddable":true,"href":"https:\/\/mwc-cmm.org\/fr\/wp-json\/wp\/v2\/comments?post=9967"}],"version-history":[{"count":0,"href":"https:\/\/mwc-cmm.org\/fr\/wp-json\/wp\/v2\/posts\/9967\/revisions"}],"wp:attachment":[{"href":"https:\/\/mwc-cmm.org\/fr\/wp-json\/wp\/v2\/media?parent=9967"}],"wp:term":[{"taxonomy":"category","embeddable":true,"href":"https:\/\/mwc-cmm.org\/fr\/wp-json\/wp\/v2\/categories?post=9967"},{"taxonomy":"post_tag","embeddable":true,"href":"https:\/\/mwc-cmm.org\/fr\/wp-json\/wp\/v2\/tags?post=9967"},{"taxonomy":"network","embeddable":true,"href":"https:\/\/mwc-cmm.org\/fr\/wp-json\/wp\/v2\/network?post=9967"},{"taxonomy":"eventcategory","embeddable":true,"href":"https:\/\/mwc-cmm.org\/fr\/wp-json\/wp\/v2\/eventcategory?post=9967"}],"curies":[{"name":"wp","href":"https:\/\/api.w.org\/{rel}","templated":true}]}}