{"id":9961,"date":"2018-05-23T00:00:00","date_gmt":"2018-05-23T00:00:00","guid":{"rendered":"https:\/\/mwc-cmm.org\/churches-together-for-climate-justice-4\/"},"modified":"2024-12-10T17:15:28","modified_gmt":"2024-12-10T17:15:28","slug":"des-eglises-sunissent-face-la-justice-climatique","status":"publish","type":"post","link":"https:\/\/mwc-cmm.org\/fr\/stories\/des-eglises-sunissent-face-la-justice-climatique\/","title":{"rendered":"Des \u00c9glises s\u2019unissent face \u00e0 la justice climatique"},"content":{"rendered":"<p>Ces slogans : \u2018Justice pour le climat maintenant !\u2019 \u2018Le pouvoir au peuple !\u2019 \u2018Laissez le p\u00e9trole dans le sol !\u2019 r\u00e9sonnaient dans les couloirs alors que je traversais la \u2018Zone bleue\u2019 \u2013 lieu o\u00f9 197 \u00c9tats membres de la Convention-cadre des Nations Unies sur les changements climatiques (UNFCCC) \u00e9taient r\u00e9unis en d\u00e9cembre 2015 pour d\u00e9cider de l\u2019avenir de notre climat. C\u2019\u00e9tait la premi\u00e8re fois que j\u2019assistais \u00e0 ces n\u00e9gociations sur le climat, et elles se sont av\u00e9r\u00e9es historiques : l\u2019Accord de Paris (un accord mondial pour sauvegarder \/ prot\u00e9ger le climat et les personnes vivant sur cette plan\u00e8te) a \u00e9t\u00e9 adopt\u00e9 !<\/p>\n<p>C\u2019\u00e9tait aussi la premi\u00e8re fois que j\u2019entrais en contact avec tant de communaut\u00e9s religieuses pr\u00f4nant un environnement durable et la r\u00e9silience aux changements climatiques, aux c\u00f4t\u00e9s des communaut\u00e9s et des personnes les plus vuln\u00e9rables. Invit\u00e9es en tant qu\u2019observatrices officielles, les communaut\u00e9s religieuses ont eu la possibilit\u00e9, non seulement d\u2019approcher les n\u00e9gociateurs \u00e0 un niveau individuel pour le difficile travail de plaidoyer, mais elles ont aussi eu un cr\u00e9neau pour faire entendre leur voix devant un public de ministres et de chefs d\u2019\u00c9tats lors d\u2019un \u2018dialogue de haut niveau\u2019.<\/p>\n<p>Le changement climatique, ce n\u2019est pas une \u2018fake news\u2019 (fausse nouvelle), mais une dure r\u00e9alit\u00e9 dans le monde, ressentie surtout par nos fr\u00e8res et s\u0153urs des pays du Sud. La destruction de l\u2019environnement et les changements climatiques, intensifi\u00e9s par le mode de vie des pays du Nord, sont des facteurs cl\u00e9s de la pauvret\u00e9. La pression continue sur nos ressources communes prive les plus pauvres et les plus vuln\u00e9rables de moyens de subsistance durables et dignes \u2013 souvent \u00e0 l\u2019origine de conflits.<\/p>\n<p>La crise climatique actuelle montre clairement qu\u2019un environnement durable, la dignit\u00e9 humaine et l\u2019am\u00e9lioration de la r\u00e9silience des communaut\u00e9s les plus vuln\u00e9rables sont \u00e9troitement li\u00e9es et interd\u00e9pendantes. Nous, mennonites et chr\u00e9tiens d\u2019Allemagne, nous nous sommes donc engag\u00e9s \u00e0 agir pour un [d\u00e9veloppement] durable afin de prot\u00e9ger la cr\u00e9ation de Dieu pour les g\u00e9n\u00e9rations futures et les moyens de subsistance de millions de personnes aujourd\u2019hui.<\/p>\n<p>Cela commence \u00e0 petite \u00e9chelle, dans certaines de nos assembl\u00e9es qui ont des panneaux solaires sur les toits pour r\u00e9duire la consommation d\u2019\u00e9nergie fossile.<\/p>\n<p>Cela continue avec certains de nos membres qui refusent de poss\u00e9der une voiture, parce que ce n\u2019est tout simplement pas n\u00e9cessaire dans les zones urbaines.<\/p>\n<p>Beaucoup de nos paroisses sont engag\u00e9es dans des activit\u00e9s de quartier pour renforcer les communaut\u00e9s locales et soutenir les moins privil\u00e9gi\u00e9s.<\/p>\n<p>Toutes ces initiatives d\u00e9coulent de l\u2019engagement \u00e0 prendre soin de la merveilleuse cr\u00e9ation qui nous a \u00e9t\u00e9 confi\u00e9e.<\/p>\n<p>Cependant, il fallait que ces questions pr\u00e9occupent encore davantage nos \u00e9glises \u2013 \u00e9nergie 100% renouvelable, consommation responsable, \u00e9ducation th\u00e9ologique sur le d\u00e9veloppement durable et travail de sensibilisation et de mobilisation sur le plan local. En outre, \u00eatre actif et impliqu\u00e9 dans la famille \u0153cum\u00e9nique peut \u00e9largir cet engagement local et le porter au niveau mondial. Gr\u00e2ce \u00e0 des activit\u00e9s cibl\u00e9es sur la sc\u00e8ne politique pour influencer les directives et les d\u00e9cisions, nous pouvons prot\u00e9ger tout enfant de Dieu, qui n\u2019est pas notre voisin au sens strict, mais qui est membre de la famille mondiale de Dieu.<\/p>\n<p>Revenons aux n\u00e9gociations sur le climat : En tant que communaut\u00e9 \u0153cum\u00e9nique mondiale d\u2019\u00e9glises, le Conseil \u0153cum\u00e9nique des \u00c9glises (COE) joue un r\u00f4le de premier plan parmi les communaut\u00e9s religieuses lors des n\u00e9gociations sur le climat. En 2013, l\u2019AMG (notre union d\u2019\u00e9glises) et d\u2019autres unions mennonites, membres du COE se sont jointes au \u2018P\u00e8lerinage Justice et Paix\u2019, qui est proche des valeurs anabaptistes. Dans le contexte climatique, cela est devenu \u2018P\u00e8lerinage Justice et Paix climatiques\u2019. Il s\u2019agit de sensibiliser \u00e0 la n\u00e9cessit\u00e9 de ne pas oublier la justice climatique et de faire entendre la voix des plus faibles et des plus vuln\u00e9rables dans notre communaut\u00e9 mondiale.<\/p>\n<p>\u00ab Nous avons besoin de la sagesse de la cr\u00e9ation \u00bb, a d\u00e9clar\u00e9 Olav Fykse Tveit, secr\u00e9taire g\u00e9n\u00e9ral du COE, lors d\u2019un office pour la justice climatique pendant les n\u00e9gociations climatiques r\u00e9cemment \u00e0 Bonn : \u00ab une sagesse qui voit la r\u00e9alit\u00e9 et qui comprend et reconna\u00eet l\u2019\u00e9poque dans laquelle nous vivons. Une sagesse qui [&#8230;] a le courage d\u2019agir et d\u2019innover afin que nous puissions pr\u00e9parer ensemble l\u2019avenir. \u00bb<\/p>\n<p>Notre amour pour Dieu et pour le peuple de Dieu nous incite \u00e0 \u00e9lever la voix, \u00e0 nous tenir aux c\u00f4t\u00e9s des personnes vuln\u00e9rables, \u00e0 \u00eatre politiquement actifs et \u00e0 \u0153uvrer pour un monde juste sur le plan climatique. C\u2019est pour ces raisons que nous nous joignons au mouvement \u0153cum\u00e9nique et que nous prions tout en continuant ce p\u00e8lerinage : \u00ab Dieu de la vie, conduis-nous \u00e0 la justice et \u00e0 la paix \u00bb.<\/p>\n<p><em>\u2013Rebecca Froese est membre d\u2019AMG \u2013 Arbeitsgemeinschaft Mennonitischer Gemeinden in Deutschland, une union d\u2019\u00e9glises mennonites en Allemagne.<\/em><\/p>\n<hr \/>\n<p><em>Cet article est paru pour la premi\u00e8re fois dans le num\u00e9ro&nbsp;<a href=\"https:\/\/mwc-cmm.org\/article\/courrier?language=fr\">d\u2019avril 2018 de&nbsp;Courier\/Correo\/Courrier.<\/a><\/em><\/p>\n<hr \/>\n<h2>Le groupe de travail pour la protection de la cr\u00e9ation collaborera avec les \u00e9glises de la CMM pour&nbsp;<\/h2>\n<p>a) accro\u00eetre la prise de conscience de la crise climatique.<\/p>\n<p>b) proposer des fa\u00e7ons concr\u00e8tes de vivre plus \u00e9cologiquement.<\/p>\n<p>c) \u00e9tudier les impacts de la crise climatique sur les pays repr\u00e9sent\u00e9s.<\/p>\n<p>d) encourager le d\u00e9veloppement de capacit\u00e9s bibliques et th\u00e9ologiques en lien avec la crise climatique.<\/p>\n<p>e) \u00e9laborer un plan strat\u00e9gique pour la CMM, d\u00e9taillant des objectifs concrets imm\u00e9diats, \u00e0 moyen-terme et \u00e0 long-terme.<\/p>\n<table border=\"1\" cellpadding=\"2\" cellspacing=\"2\" style=\"width:300px;\">\n<tbody>\n<tr>\n<td>\n<h4><a href=\"\/fr\/node\/3653\">En savoir plus<\/a><\/h4>\n<\/td>\n<\/tr>\n<\/tbody>\n<\/table>\n","protected":false},"excerpt":{"rendered":"<p>Ces slogans : \u2018Justice pour le climat maintenant !\u2019 \u2018Le pouvoir au peuple !\u2019 \u2018Laissez le p\u00e9trole dans le sol !\u2019 r\u00e9sonnaient dans les couloirs alors que je traversais la \u2018Zone bleue\u2019 \u2013 lieu o\u00f9 197 \u00c9tats membres de la Convention-cadre des Nations Unies sur les changements climatiques (UNFCCC) \u00e9taient r\u00e9unis en d\u00e9cembre 2015 pour [&hellip;]<\/p>\n","protected":false},"author":1,"featured_media":89396,"comment_status":"closed","ping_status":"closed","sticky":false,"template":"","format":"standard","meta":{"_acf_changed":false,"footnotes":""},"categories":[7],"tags":[],"network":[1307,1249],"eventcategory":[],"class_list":["post-9961","post","type-post","status-publish","format-standard","has-post-thumbnail","hentry","category-non-classifiee","network-courier-fr","network-creation-care-task-force-fr"],"acf":[],"yoast_head":"<!-- This site is optimized with the Yoast SEO plugin v27.5 - https:\/\/yoast.com\/product\/yoast-seo-wordpress\/ -->\n<title>Des \u00c9glises s\u2019unissent face \u00e0 la justice climatique - Mennonite World Conference<\/title>\n<meta name=\"robots\" content=\"index, follow, max-snippet:-1, max-image-preview:large, max-video-preview:-1\" \/>\n<link rel=\"canonical\" href=\"https:\/\/mwc-cmm.org\/fr\/stories\/des-eglises-sunissent-face-la-justice-climatique\/\" \/>\n<meta property=\"og:locale\" content=\"fr_FR\" \/>\n<meta property=\"og:type\" content=\"article\" \/>\n<meta property=\"og:title\" content=\"Des \u00c9glises s\u2019unissent face \u00e0 la justice climatique - Mennonite World Conference\" \/>\n<meta property=\"og:description\" content=\"Ces slogans : \u2018Justice pour le climat maintenant !\u2019 \u2018Le pouvoir au peuple !\u2019 \u2018Laissez le p\u00e9trole dans le sol !\u2019 r\u00e9sonnaient dans les couloirs alors que je traversais la \u2018Zone bleue\u2019 \u2013 lieu o\u00f9 197 \u00c9tats membres de la Convention-cadre des Nations Unies sur les changements climatiques (UNFCCC) \u00e9taient r\u00e9unis en d\u00e9cembre 2015 pour [&hellip;]\" \/>\n<meta property=\"og:url\" content=\"https:\/\/mwc-cmm.org\/fr\/stories\/des-eglises-sunissent-face-la-justice-climatique\/\" \/>\n<meta property=\"og:site_name\" content=\"Mennonite World Conference\" \/>\n<meta property=\"article:publisher\" content=\"https:\/\/www.facebook.com\/MennoniteWorldConference\" \/>\n<meta property=\"article:published_time\" content=\"2018-05-23T00:00:00+00:00\" \/>\n<meta property=\"article:modified_time\" content=\"2024-12-10T17:15:28+00:00\" \/>\n<meta property=\"og:image\" content=\"https:\/\/mwc-cmm.org\/wp-content\/uploads\/2024\/11\/shenayoder-nest.jpg\" \/>\n\t<meta property=\"og:image:width\" content=\"1200\" \/>\n\t<meta property=\"og:image:height\" content=\"800\" \/>\n\t<meta property=\"og:image:type\" content=\"image\/jpeg\" \/>\n<meta name=\"author\" content=\"mennworldcon\" \/>\n<script type=\"application\/ld+json\" class=\"yoast-schema-graph\">{\"@context\":\"https:\\\/\\\/schema.org\",\"@graph\":[{\"@type\":\"Article\",\"@id\":\"https:\\\/\\\/mwc-cmm.org\\\/fr\\\/stories\\\/des-eglises-sunissent-face-la-justice-climatique\\\/#article\",\"isPartOf\":{\"@id\":\"https:\\\/\\\/mwc-cmm.org\\\/fr\\\/stories\\\/des-eglises-sunissent-face-la-justice-climatique\\\/\"},\"author\":{\"name\":\"mennworldcon\",\"@id\":\"https:\\\/\\\/mwc-cmm.org\\\/en\\\/#\\\/schema\\\/person\\\/11f6ae0d7d1868ba20a1cc27f067c836\"},\"headline\":\"Des \u00c9glises s\u2019unissent face \u00e0 la justice climatique\",\"datePublished\":\"2018-05-23T00:00:00+00:00\",\"dateModified\":\"2024-12-10T17:15:28+00:00\",\"mainEntityOfPage\":{\"@id\":\"https:\\\/\\\/mwc-cmm.org\\\/fr\\\/stories\\\/des-eglises-sunissent-face-la-justice-climatique\\\/\"},\"wordCount\":996,\"publisher\":{\"@id\":\"https:\\\/\\\/mwc-cmm.org\\\/en\\\/#organization\"},\"image\":{\"@id\":\"https:\\\/\\\/mwc-cmm.org\\\/fr\\\/stories\\\/des-eglises-sunissent-face-la-justice-climatique\\\/#primaryimage\"},\"thumbnailUrl\":\"https:\\\/\\\/mwc-cmm.org\\\/wp-content\\\/uploads\\\/2024\\\/11\\\/shenayoder-nest.jpg\",\"articleSection\":[\"Non classifi\u00e9(e)\"],\"inLanguage\":\"fr-FR\"},{\"@type\":\"WebPage\",\"@id\":\"https:\\\/\\\/mwc-cmm.org\\\/fr\\\/stories\\\/des-eglises-sunissent-face-la-justice-climatique\\\/\",\"url\":\"https:\\\/\\\/mwc-cmm.org\\\/fr\\\/stories\\\/des-eglises-sunissent-face-la-justice-climatique\\\/\",\"name\":\"Des \u00c9glises s\u2019unissent face \u00e0 la justice climatique - Mennonite World Conference\",\"isPartOf\":{\"@id\":\"https:\\\/\\\/mwc-cmm.org\\\/en\\\/#website\"},\"primaryImageOfPage\":{\"@id\":\"https:\\\/\\\/mwc-cmm.org\\\/fr\\\/stories\\\/des-eglises-sunissent-face-la-justice-climatique\\\/#primaryimage\"},\"image\":{\"@id\":\"https:\\\/\\\/mwc-cmm.org\\\/fr\\\/stories\\\/des-eglises-sunissent-face-la-justice-climatique\\\/#primaryimage\"},\"thumbnailUrl\":\"https:\\\/\\\/mwc-cmm.org\\\/wp-content\\\/uploads\\\/2024\\\/11\\\/shenayoder-nest.jpg\",\"datePublished\":\"2018-05-23T00:00:00+00:00\",\"dateModified\":\"2024-12-10T17:15:28+00:00\",\"breadcrumb\":{\"@id\":\"https:\\\/\\\/mwc-cmm.org\\\/fr\\\/stories\\\/des-eglises-sunissent-face-la-justice-climatique\\\/#breadcrumb\"},\"inLanguage\":\"fr-FR\",\"potentialAction\":[{\"@type\":\"ReadAction\",\"target\":[\"https:\\\/\\\/mwc-cmm.org\\\/fr\\\/stories\\\/des-eglises-sunissent-face-la-justice-climatique\\\/\"]}]},{\"@type\":\"ImageObject\",\"inLanguage\":\"fr-FR\",\"@id\":\"https:\\\/\\\/mwc-cmm.org\\\/fr\\\/stories\\\/des-eglises-sunissent-face-la-justice-climatique\\\/#primaryimage\",\"url\":\"https:\\\/\\\/mwc-cmm.org\\\/wp-content\\\/uploads\\\/2024\\\/11\\\/shenayoder-nest.jpg\",\"contentUrl\":\"https:\\\/\\\/mwc-cmm.org\\\/wp-content\\\/uploads\\\/2024\\\/11\\\/shenayoder-nest.jpg\",\"width\":1200,\"height\":800},{\"@type\":\"BreadcrumbList\",\"@id\":\"https:\\\/\\\/mwc-cmm.org\\\/fr\\\/stories\\\/des-eglises-sunissent-face-la-justice-climatique\\\/#breadcrumb\",\"itemListElement\":[{\"@type\":\"ListItem\",\"position\":1,\"name\":\"Home\",\"item\":\"https:\\\/\\\/mwc-cmm.org\\\/fr\\\/\"},{\"@type\":\"ListItem\",\"position\":2,\"name\":\"Des \u00c9glises s\u2019unissent face \u00e0 la justice climatique\"}]},{\"@type\":\"WebSite\",\"@id\":\"https:\\\/\\\/mwc-cmm.org\\\/en\\\/#website\",\"url\":\"https:\\\/\\\/mwc-cmm.org\\\/en\\\/\",\"name\":\"Mennonite World Conference\",\"description\":\"A communion of Anabaptist-related churches\",\"publisher\":{\"@id\":\"https:\\\/\\\/mwc-cmm.org\\\/en\\\/#organization\"},\"alternateName\":\"MWC\",\"potentialAction\":[{\"@type\":\"SearchAction\",\"target\":{\"@type\":\"EntryPoint\",\"urlTemplate\":\"https:\\\/\\\/mwc-cmm.org\\\/en\\\/?s={search_term_string}\"},\"query-input\":{\"@type\":\"PropertyValueSpecification\",\"valueRequired\":true,\"valueName\":\"search_term_string\"}}],\"inLanguage\":\"fr-FR\"},{\"@type\":\"Organization\",\"@id\":\"https:\\\/\\\/mwc-cmm.org\\\/en\\\/#organization\",\"name\":\"Mennonite World Conference\",\"alternateName\":\"MWC\",\"url\":\"https:\\\/\\\/mwc-cmm.org\\\/en\\\/\",\"logo\":{\"@type\":\"ImageObject\",\"inLanguage\":\"fr-FR\",\"@id\":\"https:\\\/\\\/mwc-cmm.org\\\/en\\\/#\\\/schema\\\/logo\\\/image\\\/\",\"url\":\"https:\\\/\\\/mwc-cmm.org\\\/wp-content\\\/uploads\\\/2026\\\/01\\\/MWC_Sig_Blue_Horiz_webheader1-logo.svg\",\"contentUrl\":\"https:\\\/\\\/mwc-cmm.org\\\/wp-content\\\/uploads\\\/2026\\\/01\\\/MWC_Sig_Blue_Horiz_webheader1-logo.svg\",\"width\":786,\"height\":82,\"caption\":\"Mennonite World Conference\"},\"image\":{\"@id\":\"https:\\\/\\\/mwc-cmm.org\\\/en\\\/#\\\/schema\\\/logo\\\/image\\\/\"},\"sameAs\":[\"https:\\\/\\\/www.facebook.com\\\/MennoniteWorldConference\",\"https:\\\/\\\/www.linkedin.com\\\/company\\\/mennonite-world-conference-mwc\\\/\",\"https:\\\/\\\/www.instagram.com\\\/mwcmm\\\/\",\"https:\\\/\\\/www.youtube.com\\\/user\\\/mwccmm\",\"https:\\\/\\\/bsky.app\\\/profile\\\/mwcmm.bsky.social\"]},{\"@type\":\"Person\",\"@id\":\"https:\\\/\\\/mwc-cmm.org\\\/en\\\/#\\\/schema\\\/person\\\/11f6ae0d7d1868ba20a1cc27f067c836\",\"name\":\"mennworldcon\",\"image\":{\"@type\":\"ImageObject\",\"inLanguage\":\"fr-FR\",\"@id\":\"https:\\\/\\\/secure.gravatar.com\\\/avatar\\\/06fdc0dc81c157dfdb82ec42f252178a22307808988d22c043f9eb96f1e0fe80?s=96&d=mm&r=g\",\"url\":\"https:\\\/\\\/secure.gravatar.com\\\/avatar\\\/06fdc0dc81c157dfdb82ec42f252178a22307808988d22c043f9eb96f1e0fe80?s=96&d=mm&r=g\",\"contentUrl\":\"https:\\\/\\\/secure.gravatar.com\\\/avatar\\\/06fdc0dc81c157dfdb82ec42f252178a22307808988d22c043f9eb96f1e0fe80?s=96&d=mm&r=g\",\"caption\":\"mennworldcon\"},\"sameAs\":[\"https:\\\/\\\/mwc-cmm.org\"],\"url\":\"https:\\\/\\\/mwc-cmm.org\\\/fr\\\/stories\\\/author\\\/mennworldcon\\\/\"}]}<\/script>\n<!-- \/ Yoast SEO plugin. -->","yoast_head_json":{"title":"Des \u00c9glises s\u2019unissent face \u00e0 la justice climatique - Mennonite World Conference","robots":{"index":"index","follow":"follow","max-snippet":"max-snippet:-1","max-image-preview":"max-image-preview:large","max-video-preview":"max-video-preview:-1"},"canonical":"https:\/\/mwc-cmm.org\/fr\/stories\/des-eglises-sunissent-face-la-justice-climatique\/","og_locale":"fr_FR","og_type":"article","og_title":"Des \u00c9glises s\u2019unissent face \u00e0 la justice climatique - Mennonite World Conference","og_description":"Ces slogans : \u2018Justice pour le climat maintenant !\u2019 \u2018Le pouvoir au peuple !\u2019 \u2018Laissez le p\u00e9trole dans le sol !\u2019 r\u00e9sonnaient dans les couloirs alors que je traversais la \u2018Zone bleue\u2019 \u2013 lieu o\u00f9 197 \u00c9tats membres de la Convention-cadre des Nations Unies sur les changements climatiques (UNFCCC) \u00e9taient r\u00e9unis en d\u00e9cembre 2015 pour [&hellip;]","og_url":"https:\/\/mwc-cmm.org\/fr\/stories\/des-eglises-sunissent-face-la-justice-climatique\/","og_site_name":"Mennonite World Conference","article_publisher":"https:\/\/www.facebook.com\/MennoniteWorldConference","article_published_time":"2018-05-23T00:00:00+00:00","article_modified_time":"2024-12-10T17:15:28+00:00","og_image":[{"width":1200,"height":800,"url":"https:\/\/mwc-cmm.org\/wp-content\/uploads\/2024\/11\/shenayoder-nest.jpg","type":"image\/jpeg"}],"author":"mennworldcon","schema":{"@context":"https:\/\/schema.org","@graph":[{"@type":"Article","@id":"https:\/\/mwc-cmm.org\/fr\/stories\/des-eglises-sunissent-face-la-justice-climatique\/#article","isPartOf":{"@id":"https:\/\/mwc-cmm.org\/fr\/stories\/des-eglises-sunissent-face-la-justice-climatique\/"},"author":{"name":"mennworldcon","@id":"https:\/\/mwc-cmm.org\/en\/#\/schema\/person\/11f6ae0d7d1868ba20a1cc27f067c836"},"headline":"Des \u00c9glises s\u2019unissent face \u00e0 la justice climatique","datePublished":"2018-05-23T00:00:00+00:00","dateModified":"2024-12-10T17:15:28+00:00","mainEntityOfPage":{"@id":"https:\/\/mwc-cmm.org\/fr\/stories\/des-eglises-sunissent-face-la-justice-climatique\/"},"wordCount":996,"publisher":{"@id":"https:\/\/mwc-cmm.org\/en\/#organization"},"image":{"@id":"https:\/\/mwc-cmm.org\/fr\/stories\/des-eglises-sunissent-face-la-justice-climatique\/#primaryimage"},"thumbnailUrl":"https:\/\/mwc-cmm.org\/wp-content\/uploads\/2024\/11\/shenayoder-nest.jpg","articleSection":["Non classifi\u00e9(e)"],"inLanguage":"fr-FR"},{"@type":"WebPage","@id":"https:\/\/mwc-cmm.org\/fr\/stories\/des-eglises-sunissent-face-la-justice-climatique\/","url":"https:\/\/mwc-cmm.org\/fr\/stories\/des-eglises-sunissent-face-la-justice-climatique\/","name":"Des \u00c9glises s\u2019unissent face \u00e0 la justice climatique - Mennonite World Conference","isPartOf":{"@id":"https:\/\/mwc-cmm.org\/en\/#website"},"primaryImageOfPage":{"@id":"https:\/\/mwc-cmm.org\/fr\/stories\/des-eglises-sunissent-face-la-justice-climatique\/#primaryimage"},"image":{"@id":"https:\/\/mwc-cmm.org\/fr\/stories\/des-eglises-sunissent-face-la-justice-climatique\/#primaryimage"},"thumbnailUrl":"https:\/\/mwc-cmm.org\/wp-content\/uploads\/2024\/11\/shenayoder-nest.jpg","datePublished":"2018-05-23T00:00:00+00:00","dateModified":"2024-12-10T17:15:28+00:00","breadcrumb":{"@id":"https:\/\/mwc-cmm.org\/fr\/stories\/des-eglises-sunissent-face-la-justice-climatique\/#breadcrumb"},"inLanguage":"fr-FR","potentialAction":[{"@type":"ReadAction","target":["https:\/\/mwc-cmm.org\/fr\/stories\/des-eglises-sunissent-face-la-justice-climatique\/"]}]},{"@type":"ImageObject","inLanguage":"fr-FR","@id":"https:\/\/mwc-cmm.org\/fr\/stories\/des-eglises-sunissent-face-la-justice-climatique\/#primaryimage","url":"https:\/\/mwc-cmm.org\/wp-content\/uploads\/2024\/11\/shenayoder-nest.jpg","contentUrl":"https:\/\/mwc-cmm.org\/wp-content\/uploads\/2024\/11\/shenayoder-nest.jpg","width":1200,"height":800},{"@type":"BreadcrumbList","@id":"https:\/\/mwc-cmm.org\/fr\/stories\/des-eglises-sunissent-face-la-justice-climatique\/#breadcrumb","itemListElement":[{"@type":"ListItem","position":1,"name":"Home","item":"https:\/\/mwc-cmm.org\/fr\/"},{"@type":"ListItem","position":2,"name":"Des \u00c9glises s\u2019unissent face \u00e0 la justice climatique"}]},{"@type":"WebSite","@id":"https:\/\/mwc-cmm.org\/en\/#website","url":"https:\/\/mwc-cmm.org\/en\/","name":"Mennonite World Conference","description":"A communion of Anabaptist-related churches","publisher":{"@id":"https:\/\/mwc-cmm.org\/en\/#organization"},"alternateName":"MWC","potentialAction":[{"@type":"SearchAction","target":{"@type":"EntryPoint","urlTemplate":"https:\/\/mwc-cmm.org\/en\/?s={search_term_string}"},"query-input":{"@type":"PropertyValueSpecification","valueRequired":true,"valueName":"search_term_string"}}],"inLanguage":"fr-FR"},{"@type":"Organization","@id":"https:\/\/mwc-cmm.org\/en\/#organization","name":"Mennonite World Conference","alternateName":"MWC","url":"https:\/\/mwc-cmm.org\/en\/","logo":{"@type":"ImageObject","inLanguage":"fr-FR","@id":"https:\/\/mwc-cmm.org\/en\/#\/schema\/logo\/image\/","url":"https:\/\/mwc-cmm.org\/wp-content\/uploads\/2026\/01\/MWC_Sig_Blue_Horiz_webheader1-logo.svg","contentUrl":"https:\/\/mwc-cmm.org\/wp-content\/uploads\/2026\/01\/MWC_Sig_Blue_Horiz_webheader1-logo.svg","width":786,"height":82,"caption":"Mennonite World Conference"},"image":{"@id":"https:\/\/mwc-cmm.org\/en\/#\/schema\/logo\/image\/"},"sameAs":["https:\/\/www.facebook.com\/MennoniteWorldConference","https:\/\/www.linkedin.com\/company\/mennonite-world-conference-mwc\/","https:\/\/www.instagram.com\/mwcmm\/","https:\/\/www.youtube.com\/user\/mwccmm","https:\/\/bsky.app\/profile\/mwcmm.bsky.social"]},{"@type":"Person","@id":"https:\/\/mwc-cmm.org\/en\/#\/schema\/person\/11f6ae0d7d1868ba20a1cc27f067c836","name":"mennworldcon","image":{"@type":"ImageObject","inLanguage":"fr-FR","@id":"https:\/\/secure.gravatar.com\/avatar\/06fdc0dc81c157dfdb82ec42f252178a22307808988d22c043f9eb96f1e0fe80?s=96&d=mm&r=g","url":"https:\/\/secure.gravatar.com\/avatar\/06fdc0dc81c157dfdb82ec42f252178a22307808988d22c043f9eb96f1e0fe80?s=96&d=mm&r=g","contentUrl":"https:\/\/secure.gravatar.com\/avatar\/06fdc0dc81c157dfdb82ec42f252178a22307808988d22c043f9eb96f1e0fe80?s=96&d=mm&r=g","caption":"mennworldcon"},"sameAs":["https:\/\/mwc-cmm.org"],"url":"https:\/\/mwc-cmm.org\/fr\/stories\/author\/mennworldcon\/"}]}},"_links":{"self":[{"href":"https:\/\/mwc-cmm.org\/fr\/wp-json\/wp\/v2\/posts\/9961","targetHints":{"allow":["GET"]}}],"collection":[{"href":"https:\/\/mwc-cmm.org\/fr\/wp-json\/wp\/v2\/posts"}],"about":[{"href":"https:\/\/mwc-cmm.org\/fr\/wp-json\/wp\/v2\/types\/post"}],"author":[{"embeddable":true,"href":"https:\/\/mwc-cmm.org\/fr\/wp-json\/wp\/v2\/users\/1"}],"replies":[{"embeddable":true,"href":"https:\/\/mwc-cmm.org\/fr\/wp-json\/wp\/v2\/comments?post=9961"}],"version-history":[{"count":0,"href":"https:\/\/mwc-cmm.org\/fr\/wp-json\/wp\/v2\/posts\/9961\/revisions"}],"wp:featuredmedia":[{"embeddable":true,"href":"https:\/\/mwc-cmm.org\/fr\/wp-json\/wp\/v2\/media\/89396"}],"wp:attachment":[{"href":"https:\/\/mwc-cmm.org\/fr\/wp-json\/wp\/v2\/media?parent=9961"}],"wp:term":[{"taxonomy":"category","embeddable":true,"href":"https:\/\/mwc-cmm.org\/fr\/wp-json\/wp\/v2\/categories?post=9961"},{"taxonomy":"post_tag","embeddable":true,"href":"https:\/\/mwc-cmm.org\/fr\/wp-json\/wp\/v2\/tags?post=9961"},{"taxonomy":"network","embeddable":true,"href":"https:\/\/mwc-cmm.org\/fr\/wp-json\/wp\/v2\/network?post=9961"},{"taxonomy":"eventcategory","embeddable":true,"href":"https:\/\/mwc-cmm.org\/fr\/wp-json\/wp\/v2\/eventcategory?post=9961"}],"curies":[{"name":"wp","href":"https:\/\/api.w.org\/{rel}","templated":true}]}}