{"id":9958,"date":"2018-09-18T00:00:00","date_gmt":"2018-09-18T00:00:00","guid":{"rendered":"https:\/\/mwc-cmm.org\/how-it-works-emergency-food-distribution-4\/"},"modified":"2025-03-11T19:26:25","modified_gmt":"2025-03-11T19:26:25","slug":"comment-ca-marche-la-distribution-daide-alimentaire","status":"publish","type":"post","link":"https:\/\/mwc-cmm.org\/fr\/stories\/comment-ca-marche-la-distribution-daide-alimentaire\/","title":{"rendered":"Comment \u00e7a marche : la distribution d\u2019aide alimentaire"},"content":{"rendered":"<p>Dans de nombreux endroits de la r\u00e9gion qui entoure Kibwezi, au Kenya, je vois du ma\u00efs ass\u00e9ch\u00e9. En se promenant dans les environs, il est difficile de voir du ma\u00efs que les gens pourront r\u00e9colter cette saison.<\/p>\n<p>En f\u00e9vrier 2018, le partenaire du MCC, Utooni Development Organisation (UDO), chez qui je suis b\u00e9n\u00e9vole, a lanc\u00e9 un projet d\u2019aide alimentaire dans l\u2019une des r\u00e9gions touch\u00e9es par la s\u00e9cheresse dans la partie orientale du Kenya pr\u00e8s de la ville de Kibwezi. La distribution se fait dans deux villages, Kathyaka et Ngulu et est financ\u00e9e par le compte du MCC \u00e0 la Banque Canadienne de Grains.<\/p>\n<p>J\u2019ai particip\u00e9 \u00e0 la distribution de nourriture en tant que photographe. Et j\u2019ai r\u00e9alis\u00e9 \u00e0 quel point il \u00e9tait facile d\u2019acc\u00e9der \u00e0 l\u2019eau potable dans mon pays d\u2019origine, la Cor\u00e9e du Sud, o\u00f9 il y a un syst\u00e8me de distribution d\u2019eau fiable.<\/p>\n<p>Mais ce n\u2019est pas courant dans le Kenya rural. Dans le village o\u00f9 je vis avec ma famille d\u2019accueil, les gens doivent aller chercher l\u2019eau et il n\u2019est pas facile de trouver de l\u2019eau propre. \u00ca Kibwezi, les gens cultivent, mais le climat sec signifie que la terre est st\u00e9rile. Ils travaillent dur pour une vie meilleure, mais souffrent malgr\u00e9 leurs efforts.<\/p>\n<p>UDO a d\u00e9j\u00e0 fait trois distributions de nourriture dans ces villages parce que la s\u00e9cheresse persiste. Les gens ici utilisent les techniques d\u2019agriculture de conservation enseign\u00e9es par l\u2019UDO, mais la s\u00e9cheresse a rendu la r\u00e9colte impossible cette ann\u00e9e.<\/p>\n<p>UDO cherche \u00e9galement \u00e0 am\u00e9liorer la s\u00e9curit\u00e9 alimentaire et les diff\u00e9rents moyens de subsistance durables des petits agriculteurs dans les comt\u00e9s de Machakos, Mukueni et Kajiado \u00e0 travers l\u2019agriculture de conservation.<\/p>\n<p>Lorsque nous sommes arriv\u00e9s sur les lieux de distribution, beaucoup de personnes \u00e9taient d\u00e9j\u00e0 rassembl\u00e9es pour nous attendre.<\/p>\n<p>Apr\u00e8s une br\u00e8ve pr\u00e9sentation, nous avons commenc\u00e9 \u00e0 distribuer l\u2019aide alimentaire.<\/p>\n<p>Les villageois avaient nomm\u00e9s certains d\u2019entre eux pour superviser chaque groupe, et un autre responsable aidait \u00e0 s\u2019assurer que tout le monde avait assez et pouvait le ramener chez lui. Parce que le soleil tapait fort, les gens travaillaient lentement, s\u2019aidant les uns les autres \u00e0 distribuer la nourriture. Chaque b\u00e9n\u00e9ficiaire a re\u00e7u 30 kilo de ma\u00efs, quatre kilo de haricots et un litre et demi d\u2019huile.<\/p>\n<p>Les gens du village s\u2019entraid\u00e8rent pour porter leurs rations chez eux.<\/p>\n<p>La plupart des gens avaient l\u2019air heureux de recevoir de la nourriture et beaucoup nous ont remerci\u00e9s pour l\u2019aide apport\u00e9e.<\/p>\n<p>Quand je retourne en Cor\u00e9e du Sud, je veux parler de la pauvret\u00e9 que j\u2019ai vue au Kenya avec mes amis et parler de ce que nous devrions faire \u00e0 ce sujet.<\/p>\n<p><em>\u2014Minyoung \u201cBlee\u201d Jung est une participante Sud-cor\u00e9en du r\u00e9seau anabaptiste mennonite d\u2019\u00e9change (YAMEN) au Kenya. De 2017 \u00e0 2018, elle sert entant que coordinatrice des relations publiques chez Utooni Development Organization (UDO), un partenaire du MCC. <\/em><em>YAMEN est un programme commun du Comit\u00e9 Central Mennonite (MCC) et de la Conf\u00e9rence Mennonite Mondiale<\/em>. <em>Communiqu\u00e9 commun de la Conf\u00e9rence Mennonite Mondiale et du Comit\u00e9 Central Mennonite.<\/em><\/p>\n<p><em>\u2014<\/em><em>Communiqu\u00e9 commun de la Conf\u00e9rence Mennonite Mondiale et du Comit\u00e9 Central Mennonite. <\/em><\/p>\n","protected":false},"excerpt":{"rendered":"<p>NULL<\/p>\n","protected":false},"author":1,"featured_media":91188,"comment_status":"closed","ping_status":"closed","sticky":false,"template":"","format":"standard","meta":{"_acf_changed":false,"footnotes":""},"categories":[7],"tags":[396],"network":[1302,1285],"eventcategory":[],"class_list":["post-9958","post","type-post","status-publish","format-standard","has-post-thumbnail","hentry","category-non-classifiee","tag-yabs-fr","network-yamen-fr","network-young-anabaptists-fr"],"acf":[],"yoast_head":"<!-- This site is optimized with the Yoast SEO plugin v27.2 - https:\/\/yoast.com\/product\/yoast-seo-wordpress\/ -->\n<title>Comment \u00e7a marche : la distribution d\u2019aide alimentaire - Mennonite World Conference<\/title>\n<meta name=\"robots\" content=\"index, follow, max-snippet:-1, max-image-preview:large, max-video-preview:-1\" \/>\n<link rel=\"canonical\" href=\"https:\/\/mwc-cmm.org\/fr\/stories\/comment-ca-marche-la-distribution-daide-alimentaire\/\" \/>\n<meta property=\"og:locale\" content=\"fr_FR\" \/>\n<meta property=\"og:type\" content=\"article\" \/>\n<meta property=\"og:title\" content=\"Comment \u00e7a marche : la distribution d\u2019aide alimentaire - Mennonite World Conference\" \/>\n<meta property=\"og:description\" content=\"NULL\" \/>\n<meta property=\"og:url\" content=\"https:\/\/mwc-cmm.org\/fr\/stories\/comment-ca-marche-la-distribution-daide-alimentaire\/\" \/>\n<meta property=\"og:site_name\" content=\"Mennonite World Conference\" \/>\n<meta property=\"article:publisher\" content=\"https:\/\/www.facebook.com\/MennoniteWorldConference\" \/>\n<meta property=\"article:published_time\" content=\"2018-09-18T00:00:00+00:00\" \/>\n<meta property=\"article:modified_time\" content=\"2025-03-11T19:26:25+00:00\" \/>\n<meta property=\"og:image\" content=\"https:\/\/mwc-cmm.org\/wp-content\/uploads\/2024\/11\/yamen-rs85757_sam_7878.jpg\" \/>\n\t<meta property=\"og:image:width\" content=\"1334\" \/>\n\t<meta property=\"og:image:height\" content=\"750\" \/>\n\t<meta property=\"og:image:type\" content=\"image\/jpeg\" \/>\n<meta name=\"author\" content=\"mennworldcon\" \/>\n<script type=\"application\/ld+json\" class=\"yoast-schema-graph\">{\"@context\":\"https:\/\/schema.org\",\"@graph\":[{\"@type\":\"Article\",\"@id\":\"https:\/\/mwc-cmm.org\/fr\/stories\/comment-ca-marche-la-distribution-daide-alimentaire\/#article\",\"isPartOf\":{\"@id\":\"https:\/\/mwc-cmm.org\/fr\/stories\/comment-ca-marche-la-distribution-daide-alimentaire\/\"},\"author\":{\"name\":\"mennworldcon\",\"@id\":\"https:\/\/mwc-cmm.org\/en\/#\/schema\/person\/11f6ae0d7d1868ba20a1cc27f067c836\"},\"headline\":\"Comment \u00e7a marche : la distribution d\u2019aide alimentaire\",\"datePublished\":\"2018-09-18T00:00:00+00:00\",\"dateModified\":\"2025-03-11T19:26:25+00:00\",\"mainEntityOfPage\":{\"@id\":\"https:\/\/mwc-cmm.org\/fr\/stories\/comment-ca-marche-la-distribution-daide-alimentaire\/\"},\"wordCount\":577,\"publisher\":{\"@id\":\"https:\/\/mwc-cmm.org\/en\/#organization\"},\"image\":{\"@id\":\"https:\/\/mwc-cmm.org\/fr\/stories\/comment-ca-marche-la-distribution-daide-alimentaire\/#primaryimage\"},\"thumbnailUrl\":\"https:\/\/mwc-cmm.org\/wp-content\/uploads\/2024\/11\/yamen-rs85757_sam_7878.jpg\",\"keywords\":[\"YABs\"],\"articleSection\":[\"Non classifi\u00e9(e)\"],\"inLanguage\":\"fr-FR\"},{\"@type\":\"WebPage\",\"@id\":\"https:\/\/mwc-cmm.org\/fr\/stories\/comment-ca-marche-la-distribution-daide-alimentaire\/\",\"url\":\"https:\/\/mwc-cmm.org\/fr\/stories\/comment-ca-marche-la-distribution-daide-alimentaire\/\",\"name\":\"Comment \u00e7a marche : la distribution d\u2019aide alimentaire - Mennonite World Conference\",\"isPartOf\":{\"@id\":\"https:\/\/mwc-cmm.org\/en\/#website\"},\"primaryImageOfPage\":{\"@id\":\"https:\/\/mwc-cmm.org\/fr\/stories\/comment-ca-marche-la-distribution-daide-alimentaire\/#primaryimage\"},\"image\":{\"@id\":\"https:\/\/mwc-cmm.org\/fr\/stories\/comment-ca-marche-la-distribution-daide-alimentaire\/#primaryimage\"},\"thumbnailUrl\":\"https:\/\/mwc-cmm.org\/wp-content\/uploads\/2024\/11\/yamen-rs85757_sam_7878.jpg\",\"datePublished\":\"2018-09-18T00:00:00+00:00\",\"dateModified\":\"2025-03-11T19:26:25+00:00\",\"breadcrumb\":{\"@id\":\"https:\/\/mwc-cmm.org\/fr\/stories\/comment-ca-marche-la-distribution-daide-alimentaire\/#breadcrumb\"},\"inLanguage\":\"fr-FR\",\"potentialAction\":[{\"@type\":\"ReadAction\",\"target\":[\"https:\/\/mwc-cmm.org\/fr\/stories\/comment-ca-marche-la-distribution-daide-alimentaire\/\"]}]},{\"@type\":\"ImageObject\",\"inLanguage\":\"fr-FR\",\"@id\":\"https:\/\/mwc-cmm.org\/fr\/stories\/comment-ca-marche-la-distribution-daide-alimentaire\/#primaryimage\",\"url\":\"https:\/\/mwc-cmm.org\/wp-content\/uploads\/2024\/11\/yamen-rs85757_sam_7878.jpg\",\"contentUrl\":\"https:\/\/mwc-cmm.org\/wp-content\/uploads\/2024\/11\/yamen-rs85757_sam_7878.jpg\",\"width\":1334,\"height\":750,\"caption\":\"MCC \u540c\u5de5James Kanyari \u8207\u98df\u7269\u914d\u9001\u7684\u53d7\u76ca\u8005\u8aaa\u8a71\uff0c\u63d0\u53caUDO\u5728\u4e7e\u65f1\u53d7\u707d\u5730\u5340Kathyaka \u8207Ngulu \u7684\u5de5\u4f5c\u3002\u76f8\u7247\u63d0\u4f9b\uff1aMinyoung \u201cBlee\u201d Jung.\"},{\"@type\":\"BreadcrumbList\",\"@id\":\"https:\/\/mwc-cmm.org\/fr\/stories\/comment-ca-marche-la-distribution-daide-alimentaire\/#breadcrumb\",\"itemListElement\":[{\"@type\":\"ListItem\",\"position\":1,\"name\":\"Home\",\"item\":\"https:\/\/mwc-cmm.org\/fr\/\"},{\"@type\":\"ListItem\",\"position\":2,\"name\":\"Comment \u00e7a marche : la distribution d\u2019aide alimentaire\"}]},{\"@type\":\"WebSite\",\"@id\":\"https:\/\/mwc-cmm.org\/en\/#website\",\"url\":\"https:\/\/mwc-cmm.org\/en\/\",\"name\":\"Mennonite World Conference\",\"description\":\"A communion of Anabaptist-related churches\",\"publisher\":{\"@id\":\"https:\/\/mwc-cmm.org\/en\/#organization\"},\"alternateName\":\"MWC\",\"potentialAction\":[{\"@type\":\"SearchAction\",\"target\":{\"@type\":\"EntryPoint\",\"urlTemplate\":\"https:\/\/mwc-cmm.org\/en\/?s={search_term_string}\"},\"query-input\":{\"@type\":\"PropertyValueSpecification\",\"valueRequired\":true,\"valueName\":\"search_term_string\"}}],\"inLanguage\":\"fr-FR\"},{\"@type\":\"Organization\",\"@id\":\"https:\/\/mwc-cmm.org\/en\/#organization\",\"name\":\"Mennonite World Conference\",\"alternateName\":\"MWC\",\"url\":\"https:\/\/mwc-cmm.org\/en\/\",\"logo\":{\"@type\":\"ImageObject\",\"inLanguage\":\"fr-FR\",\"@id\":\"https:\/\/mwc-cmm.org\/en\/#\/schema\/logo\/image\/\",\"url\":\"https:\/\/mwc-cmm.org\/wp-content\/uploads\/2026\/01\/MWC_Sig_Blue_Horiz_webheader1-logo.svg\",\"contentUrl\":\"https:\/\/mwc-cmm.org\/wp-content\/uploads\/2026\/01\/MWC_Sig_Blue_Horiz_webheader1-logo.svg\",\"width\":786,\"height\":82,\"caption\":\"Mennonite World Conference\"},\"image\":{\"@id\":\"https:\/\/mwc-cmm.org\/en\/#\/schema\/logo\/image\/\"},\"sameAs\":[\"https:\/\/www.facebook.com\/MennoniteWorldConference\",\"https:\/\/www.linkedin.com\/company\/mennonite-world-conference-mwc\/\",\"https:\/\/www.instagram.com\/mwcmm\/\",\"https:\/\/www.youtube.com\/user\/mwccmm\",\"https:\/\/bsky.app\/profile\/mwcmm.bsky.social\"]},{\"@type\":\"Person\",\"@id\":\"https:\/\/mwc-cmm.org\/en\/#\/schema\/person\/11f6ae0d7d1868ba20a1cc27f067c836\",\"name\":\"mennworldcon\",\"image\":{\"@type\":\"ImageObject\",\"inLanguage\":\"fr-FR\",\"@id\":\"https:\/\/secure.gravatar.com\/avatar\/06fdc0dc81c157dfdb82ec42f252178a22307808988d22c043f9eb96f1e0fe80?s=96&d=mm&r=g\",\"url\":\"https:\/\/secure.gravatar.com\/avatar\/06fdc0dc81c157dfdb82ec42f252178a22307808988d22c043f9eb96f1e0fe80?s=96&d=mm&r=g\",\"contentUrl\":\"https:\/\/secure.gravatar.com\/avatar\/06fdc0dc81c157dfdb82ec42f252178a22307808988d22c043f9eb96f1e0fe80?s=96&d=mm&r=g\",\"caption\":\"mennworldcon\"},\"sameAs\":[\"https:\/\/mwc-cmm.org\"],\"url\":\"https:\/\/mwc-cmm.org\/fr\/stories\/author\/mennworldcon\/\"}]}<\/script>\n<!-- \/ Yoast SEO plugin. -->","yoast_head_json":{"title":"Comment \u00e7a marche : la distribution d\u2019aide alimentaire - Mennonite World Conference","robots":{"index":"index","follow":"follow","max-snippet":"max-snippet:-1","max-image-preview":"max-image-preview:large","max-video-preview":"max-video-preview:-1"},"canonical":"https:\/\/mwc-cmm.org\/fr\/stories\/comment-ca-marche-la-distribution-daide-alimentaire\/","og_locale":"fr_FR","og_type":"article","og_title":"Comment \u00e7a marche : la distribution d\u2019aide alimentaire - Mennonite World Conference","og_description":"NULL","og_url":"https:\/\/mwc-cmm.org\/fr\/stories\/comment-ca-marche-la-distribution-daide-alimentaire\/","og_site_name":"Mennonite World Conference","article_publisher":"https:\/\/www.facebook.com\/MennoniteWorldConference","article_published_time":"2018-09-18T00:00:00+00:00","article_modified_time":"2025-03-11T19:26:25+00:00","og_image":[{"width":1334,"height":750,"url":"https:\/\/mwc-cmm.org\/wp-content\/uploads\/2024\/11\/yamen-rs85757_sam_7878.jpg","type":"image\/jpeg"}],"author":"mennworldcon","schema":{"@context":"https:\/\/schema.org","@graph":[{"@type":"Article","@id":"https:\/\/mwc-cmm.org\/fr\/stories\/comment-ca-marche-la-distribution-daide-alimentaire\/#article","isPartOf":{"@id":"https:\/\/mwc-cmm.org\/fr\/stories\/comment-ca-marche-la-distribution-daide-alimentaire\/"},"author":{"name":"mennworldcon","@id":"https:\/\/mwc-cmm.org\/en\/#\/schema\/person\/11f6ae0d7d1868ba20a1cc27f067c836"},"headline":"Comment \u00e7a marche : la distribution d\u2019aide alimentaire","datePublished":"2018-09-18T00:00:00+00:00","dateModified":"2025-03-11T19:26:25+00:00","mainEntityOfPage":{"@id":"https:\/\/mwc-cmm.org\/fr\/stories\/comment-ca-marche-la-distribution-daide-alimentaire\/"},"wordCount":577,"publisher":{"@id":"https:\/\/mwc-cmm.org\/en\/#organization"},"image":{"@id":"https:\/\/mwc-cmm.org\/fr\/stories\/comment-ca-marche-la-distribution-daide-alimentaire\/#primaryimage"},"thumbnailUrl":"https:\/\/mwc-cmm.org\/wp-content\/uploads\/2024\/11\/yamen-rs85757_sam_7878.jpg","keywords":["YABs"],"articleSection":["Non classifi\u00e9(e)"],"inLanguage":"fr-FR"},{"@type":"WebPage","@id":"https:\/\/mwc-cmm.org\/fr\/stories\/comment-ca-marche-la-distribution-daide-alimentaire\/","url":"https:\/\/mwc-cmm.org\/fr\/stories\/comment-ca-marche-la-distribution-daide-alimentaire\/","name":"Comment \u00e7a marche : la distribution d\u2019aide alimentaire - Mennonite World Conference","isPartOf":{"@id":"https:\/\/mwc-cmm.org\/en\/#website"},"primaryImageOfPage":{"@id":"https:\/\/mwc-cmm.org\/fr\/stories\/comment-ca-marche-la-distribution-daide-alimentaire\/#primaryimage"},"image":{"@id":"https:\/\/mwc-cmm.org\/fr\/stories\/comment-ca-marche-la-distribution-daide-alimentaire\/#primaryimage"},"thumbnailUrl":"https:\/\/mwc-cmm.org\/wp-content\/uploads\/2024\/11\/yamen-rs85757_sam_7878.jpg","datePublished":"2018-09-18T00:00:00+00:00","dateModified":"2025-03-11T19:26:25+00:00","breadcrumb":{"@id":"https:\/\/mwc-cmm.org\/fr\/stories\/comment-ca-marche-la-distribution-daide-alimentaire\/#breadcrumb"},"inLanguage":"fr-FR","potentialAction":[{"@type":"ReadAction","target":["https:\/\/mwc-cmm.org\/fr\/stories\/comment-ca-marche-la-distribution-daide-alimentaire\/"]}]},{"@type":"ImageObject","inLanguage":"fr-FR","@id":"https:\/\/mwc-cmm.org\/fr\/stories\/comment-ca-marche-la-distribution-daide-alimentaire\/#primaryimage","url":"https:\/\/mwc-cmm.org\/wp-content\/uploads\/2024\/11\/yamen-rs85757_sam_7878.jpg","contentUrl":"https:\/\/mwc-cmm.org\/wp-content\/uploads\/2024\/11\/yamen-rs85757_sam_7878.jpg","width":1334,"height":750,"caption":"MCC \u540c\u5de5James Kanyari \u8207\u98df\u7269\u914d\u9001\u7684\u53d7\u76ca\u8005\u8aaa\u8a71\uff0c\u63d0\u53caUDO\u5728\u4e7e\u65f1\u53d7\u707d\u5730\u5340Kathyaka \u8207Ngulu \u7684\u5de5\u4f5c\u3002\u76f8\u7247\u63d0\u4f9b\uff1aMinyoung \u201cBlee\u201d Jung."},{"@type":"BreadcrumbList","@id":"https:\/\/mwc-cmm.org\/fr\/stories\/comment-ca-marche-la-distribution-daide-alimentaire\/#breadcrumb","itemListElement":[{"@type":"ListItem","position":1,"name":"Home","item":"https:\/\/mwc-cmm.org\/fr\/"},{"@type":"ListItem","position":2,"name":"Comment \u00e7a marche : la distribution d\u2019aide alimentaire"}]},{"@type":"WebSite","@id":"https:\/\/mwc-cmm.org\/en\/#website","url":"https:\/\/mwc-cmm.org\/en\/","name":"Mennonite World Conference","description":"A communion of Anabaptist-related churches","publisher":{"@id":"https:\/\/mwc-cmm.org\/en\/#organization"},"alternateName":"MWC","potentialAction":[{"@type":"SearchAction","target":{"@type":"EntryPoint","urlTemplate":"https:\/\/mwc-cmm.org\/en\/?s={search_term_string}"},"query-input":{"@type":"PropertyValueSpecification","valueRequired":true,"valueName":"search_term_string"}}],"inLanguage":"fr-FR"},{"@type":"Organization","@id":"https:\/\/mwc-cmm.org\/en\/#organization","name":"Mennonite World Conference","alternateName":"MWC","url":"https:\/\/mwc-cmm.org\/en\/","logo":{"@type":"ImageObject","inLanguage":"fr-FR","@id":"https:\/\/mwc-cmm.org\/en\/#\/schema\/logo\/image\/","url":"https:\/\/mwc-cmm.org\/wp-content\/uploads\/2026\/01\/MWC_Sig_Blue_Horiz_webheader1-logo.svg","contentUrl":"https:\/\/mwc-cmm.org\/wp-content\/uploads\/2026\/01\/MWC_Sig_Blue_Horiz_webheader1-logo.svg","width":786,"height":82,"caption":"Mennonite World Conference"},"image":{"@id":"https:\/\/mwc-cmm.org\/en\/#\/schema\/logo\/image\/"},"sameAs":["https:\/\/www.facebook.com\/MennoniteWorldConference","https:\/\/www.linkedin.com\/company\/mennonite-world-conference-mwc\/","https:\/\/www.instagram.com\/mwcmm\/","https:\/\/www.youtube.com\/user\/mwccmm","https:\/\/bsky.app\/profile\/mwcmm.bsky.social"]},{"@type":"Person","@id":"https:\/\/mwc-cmm.org\/en\/#\/schema\/person\/11f6ae0d7d1868ba20a1cc27f067c836","name":"mennworldcon","image":{"@type":"ImageObject","inLanguage":"fr-FR","@id":"https:\/\/secure.gravatar.com\/avatar\/06fdc0dc81c157dfdb82ec42f252178a22307808988d22c043f9eb96f1e0fe80?s=96&d=mm&r=g","url":"https:\/\/secure.gravatar.com\/avatar\/06fdc0dc81c157dfdb82ec42f252178a22307808988d22c043f9eb96f1e0fe80?s=96&d=mm&r=g","contentUrl":"https:\/\/secure.gravatar.com\/avatar\/06fdc0dc81c157dfdb82ec42f252178a22307808988d22c043f9eb96f1e0fe80?s=96&d=mm&r=g","caption":"mennworldcon"},"sameAs":["https:\/\/mwc-cmm.org"],"url":"https:\/\/mwc-cmm.org\/fr\/stories\/author\/mennworldcon\/"}]}},"_links":{"self":[{"href":"https:\/\/mwc-cmm.org\/fr\/wp-json\/wp\/v2\/posts\/9958","targetHints":{"allow":["GET"]}}],"collection":[{"href":"https:\/\/mwc-cmm.org\/fr\/wp-json\/wp\/v2\/posts"}],"about":[{"href":"https:\/\/mwc-cmm.org\/fr\/wp-json\/wp\/v2\/types\/post"}],"author":[{"embeddable":true,"href":"https:\/\/mwc-cmm.org\/fr\/wp-json\/wp\/v2\/users\/1"}],"replies":[{"embeddable":true,"href":"https:\/\/mwc-cmm.org\/fr\/wp-json\/wp\/v2\/comments?post=9958"}],"version-history":[{"count":0,"href":"https:\/\/mwc-cmm.org\/fr\/wp-json\/wp\/v2\/posts\/9958\/revisions"}],"wp:featuredmedia":[{"embeddable":true,"href":"https:\/\/mwc-cmm.org\/fr\/wp-json\/wp\/v2\/media\/91188"}],"wp:attachment":[{"href":"https:\/\/mwc-cmm.org\/fr\/wp-json\/wp\/v2\/media?parent=9958"}],"wp:term":[{"taxonomy":"category","embeddable":true,"href":"https:\/\/mwc-cmm.org\/fr\/wp-json\/wp\/v2\/categories?post=9958"},{"taxonomy":"post_tag","embeddable":true,"href":"https:\/\/mwc-cmm.org\/fr\/wp-json\/wp\/v2\/tags?post=9958"},{"taxonomy":"network","embeddable":true,"href":"https:\/\/mwc-cmm.org\/fr\/wp-json\/wp\/v2\/network?post=9958"},{"taxonomy":"eventcategory","embeddable":true,"href":"https:\/\/mwc-cmm.org\/fr\/wp-json\/wp\/v2\/eventcategory?post=9958"}],"curies":[{"name":"wp","href":"https:\/\/api.w.org\/{rel}","templated":true}]}}