{"id":9922,"date":"2017-11-22T00:00:00","date_gmt":"2017-11-22T00:00:00","guid":{"rendered":"https:\/\/mwc-cmm.org\/healing-by-the-spirit-4\/"},"modified":"2024-12-10T17:15:07","modified_gmt":"2024-12-10T17:15:07","slug":"healing-by-the-spirit-4","status":"publish","type":"post","link":"https:\/\/mwc-cmm.org\/fr\/stories\/healing-by-the-spirit-4\/","title":{"rendered":"Gu\u00e9rit par l\u2019Esprit"},"content":{"rendered":"<p><strong>Il y a beaucoup de personnes en Afrique qui ont v\u00e9cu une gu\u00e9rison physique par le pouvoir de l&rsquo;Esprit Saint.<\/strong><\/p>\n<p><em>C\u2019est l\u2019histoire de deux gu\u00e9risons physiques diff\u00e9rentes, \u00e0 l&rsquo;\u00e9glise de Meserete Kristos \u00e0 Addis Abeba, en Ethiopie. De Tesfatsion Dalellew.<\/em><\/p>\n<p>Il y a quelques ann\u00e9es, il y avait une campagne de renouveau tous les soirs pendant une semaine, ce qui signifiait que le b\u00e2timent et le terrain de l&rsquo;\u00e9glise \u00e9taient remplis de gens. Tesfa est arriv\u00e9 un peu en retard, et \u00e0 cette heure, m\u00eame les tentes ext\u00e9rieures \u00e9taient pleines, alors il se glissa dans l\u2019une d\u2019elle, se tenant sur le c\u00f4t\u00e9. Il ne connaissait pas la personne \u00e0 sa droite, mais \u00e0 sa gauche, il y avait une jeune femme qu&rsquo;il connaissait d&rsquo;une chorale d&rsquo;\u00e9glise locale. Tous les membres de cette chorale avaient \u00e9t\u00e9 arr\u00eat\u00e9s pendant le temps de la pers\u00e9cution des chr\u00e9tiens en Ethiopie et tous avaient \u00e9t\u00e9 battus violemment. Cette femme avait \u00e9t\u00e9 particuli\u00e8rement frapp\u00e9e sur la plante de ses pieds, de sorte que ses nerfs avaient \u00e9t\u00e9 endommag\u00e9s et qu\u2019elle ne pouvait plus marcher.<\/p>\n<p>Le pr\u00e9dicateur pr\u00eachait quand Tesfa est arriv\u00e9, et ce fut un sermon tr\u00e8s court. Il termina son message, et demanda aux gens de mettre la main sur la partie de leur corps qui leur faisait mal et le pr\u00e9dicateur pria pour la gu\u00e9rison de tous. Tesfa avait des probl\u00e8mes de dos depuis plus de 25 ans, il posa donc sa main droite sur son dos. Au milieu de la pri\u00e8re, la jeune femme \u00e0 c\u00f4t\u00e9 de lui tomba et commen\u00e7a \u00e0 se convulser. Tesfa pensa qu&rsquo;elle \u00e9tait poss\u00e9d\u00e9e par un d\u00e9mon.<\/p>\n<p>Le pasteur termina la pri\u00e8re et dit : \u00ab Il y a une femme dans la tente ext\u00e9rieure qui a de fortes douleurs dans les pieds ; Le Seigneur vous a gu\u00e9rit. Veuillez vous pr\u00e9senter et t\u00e9moigner. \u00ca ce moment-l\u00e0, la femme que Tesfa pensait poss\u00e9d\u00e9e, s\u2019avan\u00e7a. \u00ca l&rsquo;\u00e9tonnement de tous, elle raconta comment elle avait \u00e9t\u00e9 tant battue que ses nerfs avaient \u00e9t\u00e9 endommag\u00e9s. Mais pendant la pri\u00e8re, elle avait senti un pouvoir qu&rsquo;elle ne pouvait contenir, et elle \u00e9tait tomb\u00e9e par terre en tremblant. \u00ca partir de ce moment-l\u00e0 et alors qu&rsquo;elle se dirigeait vers le devant de l&rsquo;\u00e9glise, elle se sentit bien. La gu\u00e9rison s&rsquo;\u00e9tait produite instantan\u00e9ment.<\/p>\n<p>Quant \u00e0 Tesfa, puisqu&rsquo;il n\u2019\u00e9tait pas tomb\u00e9, n\u2019avait pas trembl\u00e9 ni cri\u00e9 et qu\u2019il venait d&rsquo;\u00eatre t\u00e9moin d&rsquo;une gu\u00e9rison si impressionnante, il commen\u00e7a \u00e0 r\u00e9clamer \u00e0 Dieu qui ne l&rsquo;avait pas \u00e9t\u00e9 gu\u00e9ri apr\u00e8s avoir support\u00e9 cette douleur depuis tant d&rsquo;ann\u00e9es. Il continua ainsi pendant trois jours, jusqu&rsquo;\u00e0 ce qu&rsquo;il se rende compte qu&rsquo;il se plaignait de la douleur, mais qu&rsquo;il ne la sentait plus. Il essaya alors de faire des choses qu&rsquo;il n&rsquo;avait pu faire auparavant et qu&rsquo;il ne sentait aucune douleur. M\u00eame apr\u00e8s un jeu de tennis difficile, il ne sentait aucune douleur. Apr\u00e8s cela, Tesfa commen\u00e7a \u00e0 parler du pouvoir de gu\u00e9rison de Dieu dans sa propre vie.<\/p>\n<p><em>\u2014Tesfatsion Dalellew, Communiqu\u00e9 de la Conf\u00e9rence Mennonite Mondiale<\/em><\/p>\n<p>Ce t\u00e9moignage fait parti du materiel pour le culte du Dimanche de la Fraternit\u00e9 Mondiale 2018. Pour en savoir plus, cliquez ici : <a href=\"http:\/\/mwc-cmm.org\/dimanchefraternitemondiale\">mwc-cmm.org\/dimanchefraternitemondiale<\/a><\/p>\n","protected":false},"excerpt":{"rendered":"<p>NULL<\/p>\n","protected":false},"author":1,"featured_media":89032,"comment_status":"closed","ping_status":"closed","sticky":false,"template":"","format":"standard","meta":{"_acf_changed":false,"footnotes":""},"categories":[7],"tags":[],"network":[],"eventcategory":[1500],"class_list":["post-9922","post","type-post","status-publish","format-standard","has-post-thumbnail","hentry","category-non-classifiee","eventcategory-anabaptist-world-fellowship-sunday-fr"],"acf":[],"yoast_head":"<!-- This site is optimized with the Yoast SEO plugin v27.5 - https:\/\/yoast.com\/product\/yoast-seo-wordpress\/ -->\n<title>Gu\u00e9rit par l\u2019Esprit - Mennonite World Conference<\/title>\n<meta name=\"robots\" content=\"index, follow, max-snippet:-1, max-image-preview:large, max-video-preview:-1\" \/>\n<link rel=\"canonical\" href=\"https:\/\/mwc-cmm.org\/en\/stories\/healing-by-the-spirit\/\" \/>\n<meta property=\"og:locale\" content=\"fr_FR\" \/>\n<meta property=\"og:type\" content=\"article\" \/>\n<meta property=\"og:title\" content=\"Gu\u00e9rit par l\u2019Esprit - Mennonite World Conference\" \/>\n<meta property=\"og:description\" content=\"NULL\" \/>\n<meta property=\"og:url\" content=\"https:\/\/mwc-cmm.org\/en\/stories\/healing-by-the-spirit\/\" \/>\n<meta property=\"og:site_name\" content=\"Mennonite World Conference\" \/>\n<meta property=\"article:publisher\" content=\"https:\/\/www.facebook.com\/MennoniteWorldConference\" \/>\n<meta property=\"article:published_time\" content=\"2017-11-22T00:00:00+00:00\" \/>\n<meta property=\"article:modified_time\" content=\"2024-12-10T17:15:07+00:00\" \/>\n<meta property=\"og:image\" content=\"https:\/\/mwc-cmm.org\/wp-content\/uploads\/2024\/11\/36663009214_29354eabe5_o_1.jpg\" \/>\n\t<meta property=\"og:image:width\" content=\"480\" \/>\n\t<meta property=\"og:image:height\" content=\"640\" \/>\n\t<meta property=\"og:image:type\" content=\"image\/jpeg\" \/>\n<meta name=\"author\" content=\"mennworldcon\" \/>\n<script type=\"application\/ld+json\" class=\"yoast-schema-graph\">{\"@context\":\"https:\\\/\\\/schema.org\",\"@graph\":[{\"@type\":\"Article\",\"@id\":\"https:\\\/\\\/mwc-cmm.org\\\/en\\\/stories\\\/healing-by-the-spirit\\\/#article\",\"isPartOf\":{\"@id\":\"https:\\\/\\\/mwc-cmm.org\\\/en\\\/stories\\\/healing-by-the-spirit\\\/\"},\"author\":{\"name\":\"mennworldcon\",\"@id\":\"https:\\\/\\\/mwc-cmm.org\\\/en\\\/#\\\/schema\\\/person\\\/11f6ae0d7d1868ba20a1cc27f067c836\"},\"headline\":\"Gu\u00e9rit par l\u2019Esprit\",\"datePublished\":\"2017-11-22T00:00:00+00:00\",\"dateModified\":\"2024-12-10T17:15:07+00:00\",\"mainEntityOfPage\":{\"@id\":\"https:\\\/\\\/mwc-cmm.org\\\/en\\\/stories\\\/healing-by-the-spirit\\\/\"},\"wordCount\":596,\"publisher\":{\"@id\":\"https:\\\/\\\/mwc-cmm.org\\\/en\\\/#organization\"},\"image\":{\"@id\":\"https:\\\/\\\/mwc-cmm.org\\\/en\\\/stories\\\/healing-by-the-spirit\\\/#primaryimage\"},\"thumbnailUrl\":\"https:\\\/\\\/mwc-cmm.org\\\/wp-content\\\/uploads\\\/2024\\\/11\\\/36663009214_29354eabe5_o_1.jpg\",\"articleSection\":[\"Non classifi\u00e9(e)\"],\"inLanguage\":\"fr-FR\"},{\"@type\":\"WebPage\",\"@id\":\"https:\\\/\\\/mwc-cmm.org\\\/en\\\/stories\\\/healing-by-the-spirit\\\/\",\"url\":\"https:\\\/\\\/mwc-cmm.org\\\/en\\\/stories\\\/healing-by-the-spirit\\\/\",\"name\":\"Gu\u00e9rit par l\u2019Esprit - Mennonite World Conference\",\"isPartOf\":{\"@id\":\"https:\\\/\\\/mwc-cmm.org\\\/en\\\/#website\"},\"primaryImageOfPage\":{\"@id\":\"https:\\\/\\\/mwc-cmm.org\\\/en\\\/stories\\\/healing-by-the-spirit\\\/#primaryimage\"},\"image\":{\"@id\":\"https:\\\/\\\/mwc-cmm.org\\\/en\\\/stories\\\/healing-by-the-spirit\\\/#primaryimage\"},\"thumbnailUrl\":\"https:\\\/\\\/mwc-cmm.org\\\/wp-content\\\/uploads\\\/2024\\\/11\\\/36663009214_29354eabe5_o_1.jpg\",\"datePublished\":\"2017-11-22T00:00:00+00:00\",\"dateModified\":\"2024-12-10T17:15:07+00:00\",\"breadcrumb\":{\"@id\":\"https:\\\/\\\/mwc-cmm.org\\\/en\\\/stories\\\/healing-by-the-spirit\\\/#breadcrumb\"},\"inLanguage\":\"fr-FR\",\"potentialAction\":[{\"@type\":\"ReadAction\",\"target\":[\"https:\\\/\\\/mwc-cmm.org\\\/en\\\/stories\\\/healing-by-the-spirit\\\/\"]}]},{\"@type\":\"ImageObject\",\"inLanguage\":\"fr-FR\",\"@id\":\"https:\\\/\\\/mwc-cmm.org\\\/en\\\/stories\\\/healing-by-the-spirit\\\/#primaryimage\",\"url\":\"https:\\\/\\\/mwc-cmm.org\\\/wp-content\\\/uploads\\\/2024\\\/11\\\/36663009214_29354eabe5_o_1.jpg\",\"contentUrl\":\"https:\\\/\\\/mwc-cmm.org\\\/wp-content\\\/uploads\\\/2024\\\/11\\\/36663009214_29354eabe5_o_1.jpg\",\"width\":480,\"height\":640},{\"@type\":\"BreadcrumbList\",\"@id\":\"https:\\\/\\\/mwc-cmm.org\\\/en\\\/stories\\\/healing-by-the-spirit\\\/#breadcrumb\",\"itemListElement\":[{\"@type\":\"ListItem\",\"position\":1,\"name\":\"Home\",\"item\":\"https:\\\/\\\/mwc-cmm.org\\\/fr\\\/\"},{\"@type\":\"ListItem\",\"position\":2,\"name\":\"Gu\u00e9rit par l\u2019Esprit\"}]},{\"@type\":\"WebSite\",\"@id\":\"https:\\\/\\\/mwc-cmm.org\\\/en\\\/#website\",\"url\":\"https:\\\/\\\/mwc-cmm.org\\\/en\\\/\",\"name\":\"Mennonite World Conference\",\"description\":\"A communion of Anabaptist-related churches\",\"publisher\":{\"@id\":\"https:\\\/\\\/mwc-cmm.org\\\/en\\\/#organization\"},\"alternateName\":\"MWC\",\"potentialAction\":[{\"@type\":\"SearchAction\",\"target\":{\"@type\":\"EntryPoint\",\"urlTemplate\":\"https:\\\/\\\/mwc-cmm.org\\\/en\\\/?s={search_term_string}\"},\"query-input\":{\"@type\":\"PropertyValueSpecification\",\"valueRequired\":true,\"valueName\":\"search_term_string\"}}],\"inLanguage\":\"fr-FR\"},{\"@type\":\"Organization\",\"@id\":\"https:\\\/\\\/mwc-cmm.org\\\/en\\\/#organization\",\"name\":\"Mennonite World Conference\",\"alternateName\":\"MWC\",\"url\":\"https:\\\/\\\/mwc-cmm.org\\\/en\\\/\",\"logo\":{\"@type\":\"ImageObject\",\"inLanguage\":\"fr-FR\",\"@id\":\"https:\\\/\\\/mwc-cmm.org\\\/en\\\/#\\\/schema\\\/logo\\\/image\\\/\",\"url\":\"https:\\\/\\\/mwc-cmm.org\\\/wp-content\\\/uploads\\\/2026\\\/01\\\/MWC_Sig_Blue_Horiz_webheader1-logo.svg\",\"contentUrl\":\"https:\\\/\\\/mwc-cmm.org\\\/wp-content\\\/uploads\\\/2026\\\/01\\\/MWC_Sig_Blue_Horiz_webheader1-logo.svg\",\"width\":786,\"height\":82,\"caption\":\"Mennonite World Conference\"},\"image\":{\"@id\":\"https:\\\/\\\/mwc-cmm.org\\\/en\\\/#\\\/schema\\\/logo\\\/image\\\/\"},\"sameAs\":[\"https:\\\/\\\/www.facebook.com\\\/MennoniteWorldConference\",\"https:\\\/\\\/www.linkedin.com\\\/company\\\/mennonite-world-conference-mwc\\\/\",\"https:\\\/\\\/www.instagram.com\\\/mwcmm\\\/\",\"https:\\\/\\\/www.youtube.com\\\/user\\\/mwccmm\",\"https:\\\/\\\/bsky.app\\\/profile\\\/mwcmm.bsky.social\"]},{\"@type\":\"Person\",\"@id\":\"https:\\\/\\\/mwc-cmm.org\\\/en\\\/#\\\/schema\\\/person\\\/11f6ae0d7d1868ba20a1cc27f067c836\",\"name\":\"mennworldcon\",\"image\":{\"@type\":\"ImageObject\",\"inLanguage\":\"fr-FR\",\"@id\":\"https:\\\/\\\/secure.gravatar.com\\\/avatar\\\/06fdc0dc81c157dfdb82ec42f252178a22307808988d22c043f9eb96f1e0fe80?s=96&d=mm&r=g\",\"url\":\"https:\\\/\\\/secure.gravatar.com\\\/avatar\\\/06fdc0dc81c157dfdb82ec42f252178a22307808988d22c043f9eb96f1e0fe80?s=96&d=mm&r=g\",\"contentUrl\":\"https:\\\/\\\/secure.gravatar.com\\\/avatar\\\/06fdc0dc81c157dfdb82ec42f252178a22307808988d22c043f9eb96f1e0fe80?s=96&d=mm&r=g\",\"caption\":\"mennworldcon\"},\"sameAs\":[\"https:\\\/\\\/mwc-cmm.org\"],\"url\":\"https:\\\/\\\/mwc-cmm.org\\\/fr\\\/stories\\\/author\\\/mennworldcon\\\/\"}]}<\/script>\n<!-- \/ Yoast SEO plugin. -->","yoast_head_json":{"title":"Gu\u00e9rit par l\u2019Esprit - Mennonite World Conference","robots":{"index":"index","follow":"follow","max-snippet":"max-snippet:-1","max-image-preview":"max-image-preview:large","max-video-preview":"max-video-preview:-1"},"canonical":"https:\/\/mwc-cmm.org\/en\/stories\/healing-by-the-spirit\/","og_locale":"fr_FR","og_type":"article","og_title":"Gu\u00e9rit par l\u2019Esprit - Mennonite World Conference","og_description":"NULL","og_url":"https:\/\/mwc-cmm.org\/en\/stories\/healing-by-the-spirit\/","og_site_name":"Mennonite World Conference","article_publisher":"https:\/\/www.facebook.com\/MennoniteWorldConference","article_published_time":"2017-11-22T00:00:00+00:00","article_modified_time":"2024-12-10T17:15:07+00:00","og_image":[{"width":480,"height":640,"url":"https:\/\/mwc-cmm.org\/wp-content\/uploads\/2024\/11\/36663009214_29354eabe5_o_1.jpg","type":"image\/jpeg"}],"author":"mennworldcon","schema":{"@context":"https:\/\/schema.org","@graph":[{"@type":"Article","@id":"https:\/\/mwc-cmm.org\/en\/stories\/healing-by-the-spirit\/#article","isPartOf":{"@id":"https:\/\/mwc-cmm.org\/en\/stories\/healing-by-the-spirit\/"},"author":{"name":"mennworldcon","@id":"https:\/\/mwc-cmm.org\/en\/#\/schema\/person\/11f6ae0d7d1868ba20a1cc27f067c836"},"headline":"Gu\u00e9rit par l\u2019Esprit","datePublished":"2017-11-22T00:00:00+00:00","dateModified":"2024-12-10T17:15:07+00:00","mainEntityOfPage":{"@id":"https:\/\/mwc-cmm.org\/en\/stories\/healing-by-the-spirit\/"},"wordCount":596,"publisher":{"@id":"https:\/\/mwc-cmm.org\/en\/#organization"},"image":{"@id":"https:\/\/mwc-cmm.org\/en\/stories\/healing-by-the-spirit\/#primaryimage"},"thumbnailUrl":"https:\/\/mwc-cmm.org\/wp-content\/uploads\/2024\/11\/36663009214_29354eabe5_o_1.jpg","articleSection":["Non classifi\u00e9(e)"],"inLanguage":"fr-FR"},{"@type":"WebPage","@id":"https:\/\/mwc-cmm.org\/en\/stories\/healing-by-the-spirit\/","url":"https:\/\/mwc-cmm.org\/en\/stories\/healing-by-the-spirit\/","name":"Gu\u00e9rit par l\u2019Esprit - Mennonite World Conference","isPartOf":{"@id":"https:\/\/mwc-cmm.org\/en\/#website"},"primaryImageOfPage":{"@id":"https:\/\/mwc-cmm.org\/en\/stories\/healing-by-the-spirit\/#primaryimage"},"image":{"@id":"https:\/\/mwc-cmm.org\/en\/stories\/healing-by-the-spirit\/#primaryimage"},"thumbnailUrl":"https:\/\/mwc-cmm.org\/wp-content\/uploads\/2024\/11\/36663009214_29354eabe5_o_1.jpg","datePublished":"2017-11-22T00:00:00+00:00","dateModified":"2024-12-10T17:15:07+00:00","breadcrumb":{"@id":"https:\/\/mwc-cmm.org\/en\/stories\/healing-by-the-spirit\/#breadcrumb"},"inLanguage":"fr-FR","potentialAction":[{"@type":"ReadAction","target":["https:\/\/mwc-cmm.org\/en\/stories\/healing-by-the-spirit\/"]}]},{"@type":"ImageObject","inLanguage":"fr-FR","@id":"https:\/\/mwc-cmm.org\/en\/stories\/healing-by-the-spirit\/#primaryimage","url":"https:\/\/mwc-cmm.org\/wp-content\/uploads\/2024\/11\/36663009214_29354eabe5_o_1.jpg","contentUrl":"https:\/\/mwc-cmm.org\/wp-content\/uploads\/2024\/11\/36663009214_29354eabe5_o_1.jpg","width":480,"height":640},{"@type":"BreadcrumbList","@id":"https:\/\/mwc-cmm.org\/en\/stories\/healing-by-the-spirit\/#breadcrumb","itemListElement":[{"@type":"ListItem","position":1,"name":"Home","item":"https:\/\/mwc-cmm.org\/fr\/"},{"@type":"ListItem","position":2,"name":"Gu\u00e9rit par l\u2019Esprit"}]},{"@type":"WebSite","@id":"https:\/\/mwc-cmm.org\/en\/#website","url":"https:\/\/mwc-cmm.org\/en\/","name":"Mennonite World Conference","description":"A communion of Anabaptist-related churches","publisher":{"@id":"https:\/\/mwc-cmm.org\/en\/#organization"},"alternateName":"MWC","potentialAction":[{"@type":"SearchAction","target":{"@type":"EntryPoint","urlTemplate":"https:\/\/mwc-cmm.org\/en\/?s={search_term_string}"},"query-input":{"@type":"PropertyValueSpecification","valueRequired":true,"valueName":"search_term_string"}}],"inLanguage":"fr-FR"},{"@type":"Organization","@id":"https:\/\/mwc-cmm.org\/en\/#organization","name":"Mennonite World Conference","alternateName":"MWC","url":"https:\/\/mwc-cmm.org\/en\/","logo":{"@type":"ImageObject","inLanguage":"fr-FR","@id":"https:\/\/mwc-cmm.org\/en\/#\/schema\/logo\/image\/","url":"https:\/\/mwc-cmm.org\/wp-content\/uploads\/2026\/01\/MWC_Sig_Blue_Horiz_webheader1-logo.svg","contentUrl":"https:\/\/mwc-cmm.org\/wp-content\/uploads\/2026\/01\/MWC_Sig_Blue_Horiz_webheader1-logo.svg","width":786,"height":82,"caption":"Mennonite World Conference"},"image":{"@id":"https:\/\/mwc-cmm.org\/en\/#\/schema\/logo\/image\/"},"sameAs":["https:\/\/www.facebook.com\/MennoniteWorldConference","https:\/\/www.linkedin.com\/company\/mennonite-world-conference-mwc\/","https:\/\/www.instagram.com\/mwcmm\/","https:\/\/www.youtube.com\/user\/mwccmm","https:\/\/bsky.app\/profile\/mwcmm.bsky.social"]},{"@type":"Person","@id":"https:\/\/mwc-cmm.org\/en\/#\/schema\/person\/11f6ae0d7d1868ba20a1cc27f067c836","name":"mennworldcon","image":{"@type":"ImageObject","inLanguage":"fr-FR","@id":"https:\/\/secure.gravatar.com\/avatar\/06fdc0dc81c157dfdb82ec42f252178a22307808988d22c043f9eb96f1e0fe80?s=96&d=mm&r=g","url":"https:\/\/secure.gravatar.com\/avatar\/06fdc0dc81c157dfdb82ec42f252178a22307808988d22c043f9eb96f1e0fe80?s=96&d=mm&r=g","contentUrl":"https:\/\/secure.gravatar.com\/avatar\/06fdc0dc81c157dfdb82ec42f252178a22307808988d22c043f9eb96f1e0fe80?s=96&d=mm&r=g","caption":"mennworldcon"},"sameAs":["https:\/\/mwc-cmm.org"],"url":"https:\/\/mwc-cmm.org\/fr\/stories\/author\/mennworldcon\/"}]}},"_links":{"self":[{"href":"https:\/\/mwc-cmm.org\/fr\/wp-json\/wp\/v2\/posts\/9922","targetHints":{"allow":["GET"]}}],"collection":[{"href":"https:\/\/mwc-cmm.org\/fr\/wp-json\/wp\/v2\/posts"}],"about":[{"href":"https:\/\/mwc-cmm.org\/fr\/wp-json\/wp\/v2\/types\/post"}],"author":[{"embeddable":true,"href":"https:\/\/mwc-cmm.org\/fr\/wp-json\/wp\/v2\/users\/1"}],"replies":[{"embeddable":true,"href":"https:\/\/mwc-cmm.org\/fr\/wp-json\/wp\/v2\/comments?post=9922"}],"version-history":[{"count":0,"href":"https:\/\/mwc-cmm.org\/fr\/wp-json\/wp\/v2\/posts\/9922\/revisions"}],"wp:featuredmedia":[{"embeddable":true,"href":"https:\/\/mwc-cmm.org\/fr\/wp-json\/wp\/v2\/media\/89032"}],"wp:attachment":[{"href":"https:\/\/mwc-cmm.org\/fr\/wp-json\/wp\/v2\/media?parent=9922"}],"wp:term":[{"taxonomy":"category","embeddable":true,"href":"https:\/\/mwc-cmm.org\/fr\/wp-json\/wp\/v2\/categories?post=9922"},{"taxonomy":"post_tag","embeddable":true,"href":"https:\/\/mwc-cmm.org\/fr\/wp-json\/wp\/v2\/tags?post=9922"},{"taxonomy":"network","embeddable":true,"href":"https:\/\/mwc-cmm.org\/fr\/wp-json\/wp\/v2\/network?post=9922"},{"taxonomy":"eventcategory","embeddable":true,"href":"https:\/\/mwc-cmm.org\/fr\/wp-json\/wp\/v2\/eventcategory?post=9922"}],"curies":[{"name":"wp","href":"https:\/\/api.w.org\/{rel}","templated":true}]}}