{"id":9919,"date":"2018-02-26T00:00:00","date_gmt":"2018-02-26T00:00:00","guid":{"rendered":"https:\/\/mwc-cmm.org\/mission-commission-calls-anabaptists-to-urgency-in-mission-4\/"},"modified":"2024-12-10T17:15:05","modified_gmt":"2024-12-10T17:15:05","slug":"mission-commission-calls-anabaptists-to-urgency-in-mission-4","status":"publish","type":"post","link":"https:\/\/mwc-cmm.org\/fr\/stories\/mission-commission-calls-anabaptists-to-urgency-in-mission-4\/","title":{"rendered":"La commission Mission interp\u00e8le les anabaptiste au sujet de l&rsquo;urgence de la mission"},"content":{"rendered":"<p>&nbsp;<\/p>\n<hr \/>\n<p><em>Comme les quatre cavit\u00e9s du c\u0153ur, les quatre commissions de la CMM servent la communaut\u00e9 mondiale des&nbsp;<\/em><em>\u00c9glises<\/em><em>&nbsp;anabaptistes dans les domaines suivants : <\/em><em>diaconie<\/em><em>, foi et vie, paix et mission. Les commissions pr\u00e9parent du mat\u00e9<\/em><em>riel <\/em><em>\u00e0 <\/em><em>l\u2019<\/em><em>intention du Conseil G\u00e9<\/em><em>n<\/em><em>\u00e9ral, donnent des conseils, proposent des ressources aux&nbsp;\u00c9glises&nbsp;membres et facilitent le travail des r\u00e9seaux ou des fraternit\u00e9s de la CMM qui \u0153uvrent ensemble sur des questions et des pr\u00e9occupations d<\/em><em>\u2019int<\/em><em>\u00e9<\/em><em>r<\/em><em>\u00eat commun. Ci-dessous, une des commissions communique un message au sujet de l\u2019objectif de son travail<\/em><em>.<\/em><\/p>\n<div>\n<hr \/>\n<p>Ces derniers temps, les aspects retenus comme signes distinctifs des anabaptistes ont \u00e9t\u00e9&nbsp;: le travail pour la paix, la libert\u00e9 de choisir, la simplicit\u00e9 de vie, la communaut\u00e9 et la vie de disciple. Nous croyons cependant qu&rsquo;une caract\u00e9ristique-cl\u00e9 du mouvement anabaptiste \u00e0 ses d\u00e9buts \u00e9tait sa passion pour <em><strong>la mission<\/strong><\/em>.<\/p>\n<p>Nous continuons \u00e0 souligner le discipulat, mais nous avons mis en sourdine l&rsquo;engagement&nbsp; passionn\u00e9 allant jusqu&rsquo;au sacrifice dont faisaient preuve les premiers anabaptistes s&rsquo;agissant de l&rsquo;\u00e9vang\u00e9lisation. Depuis un demi si\u00e8cle, on assiste \u00e0 un renoncement inqui\u00e9tant \u00e0 l&rsquo;appel missionnaire, surtout dans les pays du Nord.<\/p>\n<p>Dans ce contexte, la commission Mission (CM) de la CMM a eu l&rsquo;id\u00e9e de publier un livre&nbsp;: \u00ab&nbsp;Le peuple de Dieu en mission&nbsp; un point de vue anabaptiste&nbsp;\u00bb.&nbsp;<\/p>\n<p>Le noyau central des convictions th\u00e9ologiques\/missiologiques partag\u00e9es de mani\u00e8re informelle par les membres de la commission Mission a abouti \u00e0 l&rsquo;id\u00e9e d&rsquo;\u00e9laborer un catalogue des convictions qui sous-tendent les bases et les approches de notre mission et les influencent. Le 24 mars 2014, apr\u00e8s avoir aspir\u00e9 pendant des ann\u00e9es \u00e0 pouvoir formuler une d\u00e9claration exhaustive de nos convictions communes concernant la mission, la CM a adopt\u00e9 <a href=\"https:\/\/mwc-cmm.org\/fr\/resources\/le-peuple-de-dieu-dans-la-mission-une-perspective-anabaptiste\">la d\u00e9claration \u00ab Le peuple de Dieu dans la mission \u00bb<\/a>&nbsp;\u00e0 Dopersduin, Schoorl, aux Pays-Bas. Il s&rsquo;agit d&rsquo;une compilation de 10 convictions missiologiques qui articulent ce que nous croyons ensemble au sujet de la mission dans la communaut\u00e9 anabaptiste mondiale.<\/p>\n<p>Nous croyons que si nous examinons ces convictions de mani\u00e8re plus approfondie dans un livre, nous pourrons r\u00e9fl\u00e9chir plus s\u00e9rieusement \u00e0 notre identit\u00e9 en tant que peuple de Dieu missionnaire. C&rsquo;est une n\u00e9cessit\u00e9 urgente.<\/p>\n<p>Nous esp\u00e9rons que les r\u00e9flexions de chaque chapitre encourageront les discussions qui s&rsquo;imposent et nous aideront \u00e0 nous mettre en accord avec le dessein de Dieu en vue de la r\u00e9conciliation de toute l&rsquo;humanit\u00e9 et de la restauration de l&rsquo;ordre de la Cr\u00e9ation. De plus, nous aspirons, par ces \u00e9changes, \u00e0 \u00eatre redynamis\u00e9s par l&rsquo;Esprit de Dieu pour la mission qui a envoy\u00e9 J\u00e9sus \u00e0 notre monde.<\/p>\n<p>La CM souhaite que \u00ab&nbsp;le peuple de Dieu en mission, un point de vue anabaptiste&nbsp;\u00bb puisse se faire l&rsquo;\u00e9cho de plusieurs voix et de plusieurs exp\u00e9riences issues des divers contextes de la famille mondiale de la CMM. Plusieurs manuscrits ont \u00e9t\u00e9 \u00e9crits dans les langues parl\u00e9es par les membres de la CMM. Souhaitant rendre le livre largement accessible, nous esp\u00e9rons pouvoir le diffuser \u00e0 terme dans les trois langues officielles de la CMM (anglais, espagnol et fran\u00e7ais).<\/p>\n<p>Un autre objectif est de publier le livre en plusieurs langues parl\u00e9es par les membres de la CMM. Nous travaillons \u00e0 terminer le livre avant la prochaine rencontre qui aura lieu au Kenya en 2018.<\/p>\n<p>Le public auquel le livre s&rsquo;adresse en priorit\u00e9 est la famille mondiale de la CMM, mais nous croyons que les fondements bibliques th\u00e9ologiques et les r\u00e9flexions contextuelles pourront \u00eatre utiles \u00e0 un public plus large. Nous esp\u00e9rons qu&rsquo;il pourra servir \u00e0 des groupes divers comme base pour l&rsquo;\u00e9tude et comme r\u00e9f\u00e9rence dans le cadre d&rsquo;ateliers, de formations, de classes d&rsquo;\u00e9cole du dimanche et de s\u00e9minaires et qu&rsquo;il cr\u00e9era et encouragera le dialogue, la r\u00e9flexion et l&rsquo;engagement.<\/p>\n<p>Nous croyons que toutes les parties de la communion de la CMM doivent red\u00e9couvrir la conviction que l&rsquo;\u00c9glise est par nature missionnaire. Nous concluons du texte biblique que le dessein de Dieu trouve son essence et sa signification dans la mission de J\u00e9sus et que l&rsquo;\u0153uvre du Saint-Esprit est de faire avancer cette mission au travers de l&rsquo;\u00c9glise. Dieu aspire \u00e0 ce que tous fassent l&rsquo;exp\u00e9rience du salut et l&rsquo;\u00c9glise est donc appel\u00e9e \u00e0 la mission sur tous les continents jusqu&rsquo;\u00e0 ce que J\u00e9sus revienne. Nous prions que chaque \u00c9glise-membre de la CMM soit transform\u00e9e en vue du dessein missionnaire de Dieu.<\/p>\n<p><em>\u2014<\/em><em>Communiqu\u00e9 de la Conf\u00e9rence Mennonite Mondiale de <\/em><em>Stanley W. Green et Rafael Zaracho,&nbsp;pr\u00e9sident&nbsp;et secretaire de la Commission Mission de la CMM<\/em><\/p>\n<p>&nbsp;<\/p>\n<p>Depuis quelques ann\u00e9es, pour promouvoir l&rsquo;unit\u00e9 au sein de la famille anabaptiste mondiale,<a href=\"https:\/\/mwc-cmm.org\/fr\/resources\/rayon-de-litt%C3%A9rature-anabaptiste-mennonite-mondiale\"> le rayon de litt\u00e9rature anabaptiste mennonite mondiale<\/a> aborde les questions touchant \u00e0 l&rsquo;identit\u00e9, la paix, le service, etc. Cet ouvrage sera le huiti\u00e8me de cette s\u00e9rie.<\/p>\n<\/div>\n<p>&nbsp;<\/p>\n","protected":false},"excerpt":{"rendered":"<p>&nbsp; Comme les quatre cavit\u00e9s du c\u0153ur, les quatre commissions de la CMM servent la communaut\u00e9 mondiale des&nbsp;\u00c9glises&nbsp;anabaptistes dans les domaines suivants : diaconie, foi et vie, paix et mission. Les commissions pr\u00e9parent du mat\u00e9riel \u00e0 l\u2019intention du Conseil G\u00e9n\u00e9ral, donnent des conseils, proposent des ressources aux&nbsp;\u00c9glises&nbsp;membres et facilitent le travail des r\u00e9seaux ou des [&hellip;]<\/p>\n","protected":false},"author":1,"featured_media":88990,"comment_status":"closed","ping_status":"closed","sticky":false,"template":"","format":"standard","meta":{"_acf_changed":false,"footnotes":""},"categories":[7],"tags":[408],"network":[1279],"eventcategory":[],"class_list":["post-9919","post","type-post","status-publish","format-standard","has-post-thumbnail","hentry","category-non-classifiee","tag-mission-fr","network-mission-commission-fr"],"acf":[],"yoast_head":"<!-- This site is optimized with the Yoast SEO plugin v27.5 - https:\/\/yoast.com\/product\/yoast-seo-wordpress\/ -->\n<title>La commission Mission interp\u00e8le les anabaptiste au sujet de l&#039;urgence de la mission - Mennonite World Conference<\/title>\n<meta name=\"robots\" content=\"index, follow, max-snippet:-1, max-image-preview:large, max-video-preview:-1\" \/>\n<link rel=\"canonical\" href=\"https:\/\/mwc-cmm.org\/fr\/stories\/mission-commission-calls-anabaptists-to-urgency-in-mission-4\/\" \/>\n<meta property=\"og:locale\" content=\"fr_FR\" \/>\n<meta property=\"og:type\" content=\"article\" \/>\n<meta property=\"og:title\" content=\"La commission Mission interp\u00e8le les anabaptiste au sujet de l&#039;urgence de la mission - Mennonite World Conference\" \/>\n<meta property=\"og:description\" content=\"&nbsp; Comme les quatre cavit\u00e9s du c\u0153ur, les quatre commissions de la CMM servent la communaut\u00e9 mondiale des&nbsp;\u00c9glises&nbsp;anabaptistes dans les domaines suivants : diaconie, foi et vie, paix et mission. Les commissions pr\u00e9parent du mat\u00e9riel \u00e0 l\u2019intention du Conseil G\u00e9n\u00e9ral, donnent des conseils, proposent des ressources aux&nbsp;\u00c9glises&nbsp;membres et facilitent le travail des r\u00e9seaux ou des [&hellip;]\" \/>\n<meta property=\"og:url\" content=\"https:\/\/mwc-cmm.org\/fr\/stories\/mission-commission-calls-anabaptists-to-urgency-in-mission-4\/\" \/>\n<meta property=\"og:site_name\" content=\"Mennonite World Conference\" \/>\n<meta property=\"article:publisher\" content=\"https:\/\/www.facebook.com\/MennoniteWorldConference\" \/>\n<meta property=\"article:published_time\" content=\"2018-02-26T00:00:00+00:00\" \/>\n<meta property=\"article:modified_time\" content=\"2024-12-10T17:15:05+00:00\" \/>\n<meta property=\"og:image\" content=\"https:\/\/mwc-cmm.org\/wp-content\/uploads\/2024\/11\/8572-scaled.jpg\" \/>\n\t<meta property=\"og:image:width\" content=\"1539\" \/>\n\t<meta property=\"og:image:height\" content=\"2560\" \/>\n\t<meta property=\"og:image:type\" content=\"image\/jpeg\" \/>\n<meta name=\"author\" content=\"mennworldcon\" \/>\n<script type=\"application\/ld+json\" class=\"yoast-schema-graph\">{\"@context\":\"https:\\\/\\\/schema.org\",\"@graph\":[{\"@type\":\"Article\",\"@id\":\"https:\\\/\\\/mwc-cmm.org\\\/fr\\\/stories\\\/mission-commission-calls-anabaptists-to-urgency-in-mission-4\\\/#article\",\"isPartOf\":{\"@id\":\"https:\\\/\\\/mwc-cmm.org\\\/fr\\\/stories\\\/mission-commission-calls-anabaptists-to-urgency-in-mission-4\\\/\"},\"author\":{\"name\":\"mennworldcon\",\"@id\":\"https:\\\/\\\/mwc-cmm.org\\\/en\\\/#\\\/schema\\\/person\\\/11f6ae0d7d1868ba20a1cc27f067c836\"},\"headline\":\"La commission Mission interp\u00e8le les anabaptiste au sujet de l&rsquo;urgence de la mission\",\"datePublished\":\"2018-02-26T00:00:00+00:00\",\"dateModified\":\"2024-12-10T17:15:05+00:00\",\"mainEntityOfPage\":{\"@id\":\"https:\\\/\\\/mwc-cmm.org\\\/fr\\\/stories\\\/mission-commission-calls-anabaptists-to-urgency-in-mission-4\\\/\"},\"wordCount\":874,\"publisher\":{\"@id\":\"https:\\\/\\\/mwc-cmm.org\\\/en\\\/#organization\"},\"image\":{\"@id\":\"https:\\\/\\\/mwc-cmm.org\\\/fr\\\/stories\\\/mission-commission-calls-anabaptists-to-urgency-in-mission-4\\\/#primaryimage\"},\"thumbnailUrl\":\"https:\\\/\\\/mwc-cmm.org\\\/wp-content\\\/uploads\\\/2024\\\/11\\\/8572-scaled.jpg\",\"keywords\":[\"mission\"],\"articleSection\":[\"Non classifi\u00e9(e)\"],\"inLanguage\":\"fr-FR\"},{\"@type\":\"WebPage\",\"@id\":\"https:\\\/\\\/mwc-cmm.org\\\/fr\\\/stories\\\/mission-commission-calls-anabaptists-to-urgency-in-mission-4\\\/\",\"url\":\"https:\\\/\\\/mwc-cmm.org\\\/fr\\\/stories\\\/mission-commission-calls-anabaptists-to-urgency-in-mission-4\\\/\",\"name\":\"La commission Mission interp\u00e8le les anabaptiste au sujet de l'urgence de la mission - Mennonite World Conference\",\"isPartOf\":{\"@id\":\"https:\\\/\\\/mwc-cmm.org\\\/en\\\/#website\"},\"primaryImageOfPage\":{\"@id\":\"https:\\\/\\\/mwc-cmm.org\\\/fr\\\/stories\\\/mission-commission-calls-anabaptists-to-urgency-in-mission-4\\\/#primaryimage\"},\"image\":{\"@id\":\"https:\\\/\\\/mwc-cmm.org\\\/fr\\\/stories\\\/mission-commission-calls-anabaptists-to-urgency-in-mission-4\\\/#primaryimage\"},\"thumbnailUrl\":\"https:\\\/\\\/mwc-cmm.org\\\/wp-content\\\/uploads\\\/2024\\\/11\\\/8572-scaled.jpg\",\"datePublished\":\"2018-02-26T00:00:00+00:00\",\"dateModified\":\"2024-12-10T17:15:05+00:00\",\"breadcrumb\":{\"@id\":\"https:\\\/\\\/mwc-cmm.org\\\/fr\\\/stories\\\/mission-commission-calls-anabaptists-to-urgency-in-mission-4\\\/#breadcrumb\"},\"inLanguage\":\"fr-FR\",\"potentialAction\":[{\"@type\":\"ReadAction\",\"target\":[\"https:\\\/\\\/mwc-cmm.org\\\/fr\\\/stories\\\/mission-commission-calls-anabaptists-to-urgency-in-mission-4\\\/\"]}]},{\"@type\":\"ImageObject\",\"inLanguage\":\"fr-FR\",\"@id\":\"https:\\\/\\\/mwc-cmm.org\\\/fr\\\/stories\\\/mission-commission-calls-anabaptists-to-urgency-in-mission-4\\\/#primaryimage\",\"url\":\"https:\\\/\\\/mwc-cmm.org\\\/wp-content\\\/uploads\\\/2024\\\/11\\\/8572-scaled.jpg\",\"contentUrl\":\"https:\\\/\\\/mwc-cmm.org\\\/wp-content\\\/uploads\\\/2024\\\/11\\\/8572-scaled.jpg\",\"width\":1539,\"height\":2560,\"caption\":\"\u8fea\u4e9e\u54e5\u98fe\u6f14\u7684\u57fa\u7763\u5e36\u9818\u863f\u62c9\u91cd\u65b0\u5728\u8056\u6f54\u7684\u751f\u6d3b\u88e1\u8df3\u821e \u76f8\u7247\u63d0\u4f9b J. Nelson Kraybill.\"},{\"@type\":\"BreadcrumbList\",\"@id\":\"https:\\\/\\\/mwc-cmm.org\\\/fr\\\/stories\\\/mission-commission-calls-anabaptists-to-urgency-in-mission-4\\\/#breadcrumb\",\"itemListElement\":[{\"@type\":\"ListItem\",\"position\":1,\"name\":\"Home\",\"item\":\"https:\\\/\\\/mwc-cmm.org\\\/fr\\\/\"},{\"@type\":\"ListItem\",\"position\":2,\"name\":\"La commission Mission interp\u00e8le les anabaptiste au sujet de l&rsquo;urgence de la mission\"}]},{\"@type\":\"WebSite\",\"@id\":\"https:\\\/\\\/mwc-cmm.org\\\/en\\\/#website\",\"url\":\"https:\\\/\\\/mwc-cmm.org\\\/en\\\/\",\"name\":\"Mennonite World Conference\",\"description\":\"A communion of Anabaptist-related churches\",\"publisher\":{\"@id\":\"https:\\\/\\\/mwc-cmm.org\\\/en\\\/#organization\"},\"alternateName\":\"MWC\",\"potentialAction\":[{\"@type\":\"SearchAction\",\"target\":{\"@type\":\"EntryPoint\",\"urlTemplate\":\"https:\\\/\\\/mwc-cmm.org\\\/en\\\/?s={search_term_string}\"},\"query-input\":{\"@type\":\"PropertyValueSpecification\",\"valueRequired\":true,\"valueName\":\"search_term_string\"}}],\"inLanguage\":\"fr-FR\"},{\"@type\":\"Organization\",\"@id\":\"https:\\\/\\\/mwc-cmm.org\\\/en\\\/#organization\",\"name\":\"Mennonite World Conference\",\"alternateName\":\"MWC\",\"url\":\"https:\\\/\\\/mwc-cmm.org\\\/en\\\/\",\"logo\":{\"@type\":\"ImageObject\",\"inLanguage\":\"fr-FR\",\"@id\":\"https:\\\/\\\/mwc-cmm.org\\\/en\\\/#\\\/schema\\\/logo\\\/image\\\/\",\"url\":\"https:\\\/\\\/mwc-cmm.org\\\/wp-content\\\/uploads\\\/2026\\\/01\\\/MWC_Sig_Blue_Horiz_webheader1-logo.svg\",\"contentUrl\":\"https:\\\/\\\/mwc-cmm.org\\\/wp-content\\\/uploads\\\/2026\\\/01\\\/MWC_Sig_Blue_Horiz_webheader1-logo.svg\",\"width\":786,\"height\":82,\"caption\":\"Mennonite World Conference\"},\"image\":{\"@id\":\"https:\\\/\\\/mwc-cmm.org\\\/en\\\/#\\\/schema\\\/logo\\\/image\\\/\"},\"sameAs\":[\"https:\\\/\\\/www.facebook.com\\\/MennoniteWorldConference\",\"https:\\\/\\\/www.linkedin.com\\\/company\\\/mennonite-world-conference-mwc\\\/\",\"https:\\\/\\\/www.instagram.com\\\/mwcmm\\\/\",\"https:\\\/\\\/www.youtube.com\\\/user\\\/mwccmm\",\"https:\\\/\\\/bsky.app\\\/profile\\\/mwcmm.bsky.social\"]},{\"@type\":\"Person\",\"@id\":\"https:\\\/\\\/mwc-cmm.org\\\/en\\\/#\\\/schema\\\/person\\\/11f6ae0d7d1868ba20a1cc27f067c836\",\"name\":\"mennworldcon\",\"image\":{\"@type\":\"ImageObject\",\"inLanguage\":\"fr-FR\",\"@id\":\"https:\\\/\\\/secure.gravatar.com\\\/avatar\\\/06fdc0dc81c157dfdb82ec42f252178a22307808988d22c043f9eb96f1e0fe80?s=96&d=mm&r=g\",\"url\":\"https:\\\/\\\/secure.gravatar.com\\\/avatar\\\/06fdc0dc81c157dfdb82ec42f252178a22307808988d22c043f9eb96f1e0fe80?s=96&d=mm&r=g\",\"contentUrl\":\"https:\\\/\\\/secure.gravatar.com\\\/avatar\\\/06fdc0dc81c157dfdb82ec42f252178a22307808988d22c043f9eb96f1e0fe80?s=96&d=mm&r=g\",\"caption\":\"mennworldcon\"},\"sameAs\":[\"https:\\\/\\\/mwc-cmm.org\"],\"url\":\"https:\\\/\\\/mwc-cmm.org\\\/fr\\\/stories\\\/author\\\/mennworldcon\\\/\"}]}<\/script>\n<!-- \/ Yoast SEO plugin. -->","yoast_head_json":{"title":"La commission Mission interp\u00e8le les anabaptiste au sujet de l'urgence de la mission - Mennonite World Conference","robots":{"index":"index","follow":"follow","max-snippet":"max-snippet:-1","max-image-preview":"max-image-preview:large","max-video-preview":"max-video-preview:-1"},"canonical":"https:\/\/mwc-cmm.org\/fr\/stories\/mission-commission-calls-anabaptists-to-urgency-in-mission-4\/","og_locale":"fr_FR","og_type":"article","og_title":"La commission Mission interp\u00e8le les anabaptiste au sujet de l'urgence de la mission - Mennonite World Conference","og_description":"&nbsp; Comme les quatre cavit\u00e9s du c\u0153ur, les quatre commissions de la CMM servent la communaut\u00e9 mondiale des&nbsp;\u00c9glises&nbsp;anabaptistes dans les domaines suivants : diaconie, foi et vie, paix et mission. Les commissions pr\u00e9parent du mat\u00e9riel \u00e0 l\u2019intention du Conseil G\u00e9n\u00e9ral, donnent des conseils, proposent des ressources aux&nbsp;\u00c9glises&nbsp;membres et facilitent le travail des r\u00e9seaux ou des [&hellip;]","og_url":"https:\/\/mwc-cmm.org\/fr\/stories\/mission-commission-calls-anabaptists-to-urgency-in-mission-4\/","og_site_name":"Mennonite World Conference","article_publisher":"https:\/\/www.facebook.com\/MennoniteWorldConference","article_published_time":"2018-02-26T00:00:00+00:00","article_modified_time":"2024-12-10T17:15:05+00:00","og_image":[{"width":1539,"height":2560,"url":"https:\/\/mwc-cmm.org\/wp-content\/uploads\/2024\/11\/8572-scaled.jpg","type":"image\/jpeg"}],"author":"mennworldcon","schema":{"@context":"https:\/\/schema.org","@graph":[{"@type":"Article","@id":"https:\/\/mwc-cmm.org\/fr\/stories\/mission-commission-calls-anabaptists-to-urgency-in-mission-4\/#article","isPartOf":{"@id":"https:\/\/mwc-cmm.org\/fr\/stories\/mission-commission-calls-anabaptists-to-urgency-in-mission-4\/"},"author":{"name":"mennworldcon","@id":"https:\/\/mwc-cmm.org\/en\/#\/schema\/person\/11f6ae0d7d1868ba20a1cc27f067c836"},"headline":"La commission Mission interp\u00e8le les anabaptiste au sujet de l&rsquo;urgence de la mission","datePublished":"2018-02-26T00:00:00+00:00","dateModified":"2024-12-10T17:15:05+00:00","mainEntityOfPage":{"@id":"https:\/\/mwc-cmm.org\/fr\/stories\/mission-commission-calls-anabaptists-to-urgency-in-mission-4\/"},"wordCount":874,"publisher":{"@id":"https:\/\/mwc-cmm.org\/en\/#organization"},"image":{"@id":"https:\/\/mwc-cmm.org\/fr\/stories\/mission-commission-calls-anabaptists-to-urgency-in-mission-4\/#primaryimage"},"thumbnailUrl":"https:\/\/mwc-cmm.org\/wp-content\/uploads\/2024\/11\/8572-scaled.jpg","keywords":["mission"],"articleSection":["Non classifi\u00e9(e)"],"inLanguage":"fr-FR"},{"@type":"WebPage","@id":"https:\/\/mwc-cmm.org\/fr\/stories\/mission-commission-calls-anabaptists-to-urgency-in-mission-4\/","url":"https:\/\/mwc-cmm.org\/fr\/stories\/mission-commission-calls-anabaptists-to-urgency-in-mission-4\/","name":"La commission Mission interp\u00e8le les anabaptiste au sujet de l'urgence de la mission - Mennonite World Conference","isPartOf":{"@id":"https:\/\/mwc-cmm.org\/en\/#website"},"primaryImageOfPage":{"@id":"https:\/\/mwc-cmm.org\/fr\/stories\/mission-commission-calls-anabaptists-to-urgency-in-mission-4\/#primaryimage"},"image":{"@id":"https:\/\/mwc-cmm.org\/fr\/stories\/mission-commission-calls-anabaptists-to-urgency-in-mission-4\/#primaryimage"},"thumbnailUrl":"https:\/\/mwc-cmm.org\/wp-content\/uploads\/2024\/11\/8572-scaled.jpg","datePublished":"2018-02-26T00:00:00+00:00","dateModified":"2024-12-10T17:15:05+00:00","breadcrumb":{"@id":"https:\/\/mwc-cmm.org\/fr\/stories\/mission-commission-calls-anabaptists-to-urgency-in-mission-4\/#breadcrumb"},"inLanguage":"fr-FR","potentialAction":[{"@type":"ReadAction","target":["https:\/\/mwc-cmm.org\/fr\/stories\/mission-commission-calls-anabaptists-to-urgency-in-mission-4\/"]}]},{"@type":"ImageObject","inLanguage":"fr-FR","@id":"https:\/\/mwc-cmm.org\/fr\/stories\/mission-commission-calls-anabaptists-to-urgency-in-mission-4\/#primaryimage","url":"https:\/\/mwc-cmm.org\/wp-content\/uploads\/2024\/11\/8572-scaled.jpg","contentUrl":"https:\/\/mwc-cmm.org\/wp-content\/uploads\/2024\/11\/8572-scaled.jpg","width":1539,"height":2560,"caption":"\u8fea\u4e9e\u54e5\u98fe\u6f14\u7684\u57fa\u7763\u5e36\u9818\u863f\u62c9\u91cd\u65b0\u5728\u8056\u6f54\u7684\u751f\u6d3b\u88e1\u8df3\u821e \u76f8\u7247\u63d0\u4f9b J. Nelson Kraybill."},{"@type":"BreadcrumbList","@id":"https:\/\/mwc-cmm.org\/fr\/stories\/mission-commission-calls-anabaptists-to-urgency-in-mission-4\/#breadcrumb","itemListElement":[{"@type":"ListItem","position":1,"name":"Home","item":"https:\/\/mwc-cmm.org\/fr\/"},{"@type":"ListItem","position":2,"name":"La commission Mission interp\u00e8le les anabaptiste au sujet de l&rsquo;urgence de la mission"}]},{"@type":"WebSite","@id":"https:\/\/mwc-cmm.org\/en\/#website","url":"https:\/\/mwc-cmm.org\/en\/","name":"Mennonite World Conference","description":"A communion of Anabaptist-related churches","publisher":{"@id":"https:\/\/mwc-cmm.org\/en\/#organization"},"alternateName":"MWC","potentialAction":[{"@type":"SearchAction","target":{"@type":"EntryPoint","urlTemplate":"https:\/\/mwc-cmm.org\/en\/?s={search_term_string}"},"query-input":{"@type":"PropertyValueSpecification","valueRequired":true,"valueName":"search_term_string"}}],"inLanguage":"fr-FR"},{"@type":"Organization","@id":"https:\/\/mwc-cmm.org\/en\/#organization","name":"Mennonite World Conference","alternateName":"MWC","url":"https:\/\/mwc-cmm.org\/en\/","logo":{"@type":"ImageObject","inLanguage":"fr-FR","@id":"https:\/\/mwc-cmm.org\/en\/#\/schema\/logo\/image\/","url":"https:\/\/mwc-cmm.org\/wp-content\/uploads\/2026\/01\/MWC_Sig_Blue_Horiz_webheader1-logo.svg","contentUrl":"https:\/\/mwc-cmm.org\/wp-content\/uploads\/2026\/01\/MWC_Sig_Blue_Horiz_webheader1-logo.svg","width":786,"height":82,"caption":"Mennonite World Conference"},"image":{"@id":"https:\/\/mwc-cmm.org\/en\/#\/schema\/logo\/image\/"},"sameAs":["https:\/\/www.facebook.com\/MennoniteWorldConference","https:\/\/www.linkedin.com\/company\/mennonite-world-conference-mwc\/","https:\/\/www.instagram.com\/mwcmm\/","https:\/\/www.youtube.com\/user\/mwccmm","https:\/\/bsky.app\/profile\/mwcmm.bsky.social"]},{"@type":"Person","@id":"https:\/\/mwc-cmm.org\/en\/#\/schema\/person\/11f6ae0d7d1868ba20a1cc27f067c836","name":"mennworldcon","image":{"@type":"ImageObject","inLanguage":"fr-FR","@id":"https:\/\/secure.gravatar.com\/avatar\/06fdc0dc81c157dfdb82ec42f252178a22307808988d22c043f9eb96f1e0fe80?s=96&d=mm&r=g","url":"https:\/\/secure.gravatar.com\/avatar\/06fdc0dc81c157dfdb82ec42f252178a22307808988d22c043f9eb96f1e0fe80?s=96&d=mm&r=g","contentUrl":"https:\/\/secure.gravatar.com\/avatar\/06fdc0dc81c157dfdb82ec42f252178a22307808988d22c043f9eb96f1e0fe80?s=96&d=mm&r=g","caption":"mennworldcon"},"sameAs":["https:\/\/mwc-cmm.org"],"url":"https:\/\/mwc-cmm.org\/fr\/stories\/author\/mennworldcon\/"}]}},"_links":{"self":[{"href":"https:\/\/mwc-cmm.org\/fr\/wp-json\/wp\/v2\/posts\/9919","targetHints":{"allow":["GET"]}}],"collection":[{"href":"https:\/\/mwc-cmm.org\/fr\/wp-json\/wp\/v2\/posts"}],"about":[{"href":"https:\/\/mwc-cmm.org\/fr\/wp-json\/wp\/v2\/types\/post"}],"author":[{"embeddable":true,"href":"https:\/\/mwc-cmm.org\/fr\/wp-json\/wp\/v2\/users\/1"}],"replies":[{"embeddable":true,"href":"https:\/\/mwc-cmm.org\/fr\/wp-json\/wp\/v2\/comments?post=9919"}],"version-history":[{"count":0,"href":"https:\/\/mwc-cmm.org\/fr\/wp-json\/wp\/v2\/posts\/9919\/revisions"}],"wp:featuredmedia":[{"embeddable":true,"href":"https:\/\/mwc-cmm.org\/fr\/wp-json\/wp\/v2\/media\/88990"}],"wp:attachment":[{"href":"https:\/\/mwc-cmm.org\/fr\/wp-json\/wp\/v2\/media?parent=9919"}],"wp:term":[{"taxonomy":"category","embeddable":true,"href":"https:\/\/mwc-cmm.org\/fr\/wp-json\/wp\/v2\/categories?post=9919"},{"taxonomy":"post_tag","embeddable":true,"href":"https:\/\/mwc-cmm.org\/fr\/wp-json\/wp\/v2\/tags?post=9919"},{"taxonomy":"network","embeddable":true,"href":"https:\/\/mwc-cmm.org\/fr\/wp-json\/wp\/v2\/network?post=9919"},{"taxonomy":"eventcategory","embeddable":true,"href":"https:\/\/mwc-cmm.org\/fr\/wp-json\/wp\/v2\/eventcategory?post=9919"}],"curies":[{"name":"wp","href":"https:\/\/api.w.org\/{rel}","templated":true}]}}