{"id":9911,"date":"2018-01-09T00:00:00","date_gmt":"2018-01-09T00:00:00","guid":{"rendered":"https:\/\/mwc-cmm.org\/deacons-servants-in-the-fathers-house-4\/"},"modified":"2024-12-10T17:15:00","modified_gmt":"2024-12-10T17:15:00","slug":"deacons-servants-in-the-fathers-house-4","status":"publish","type":"post","link":"https:\/\/mwc-cmm.org\/fr\/stories\/deacons-servants-in-the-fathers-house-4\/","title":{"rendered":"Les diacres : des servants dans la maison du P\u00e8re"},"content":{"rendered":"<hr \/>\n<p><em>Comme les quatre cavit\u00e9s du c\u0153ur, les quatre commissions de la CMM servent la communaut\u00e9 mondiale des \u00e9glises anabaptistes dans les domaines suivants : diacres, foi et vie, paix et mission. Les commissions pr\u00e9parent du mat\u00e9riel \u00e0 l\u2019intention du Conseil G\u00e9n\u00e9ral, donnent des conseils et proposent des ressources aux \u00e9glises membres et facilitent le travail des r\u00e9seaux ou des fraternit\u00e9s de la CMM qui \u0153uvrent ensemble sur des questions et des pr\u00e9occupations d\u2019int\u00e9r\u00eat commun. Ci-dessous, une des commissions communique un message de leur minist\u00e8re.<\/em><\/p>\n<hr \/>\n<p>O\u00f9 cherchez-vous lorsque vous vous demandez quel est le travail du diacre ? Souvent, nous nous tournons vers Actes 6,1-6, m\u00eame si le mot diacre ou servant (diakonos) n\u2019apparait pas dans ce texte. Dans ce passage, la communaut\u00e9 donne \u00e0 ceux d\u2019entre eux qui sont dans le besoin et plus l\u2019\u00e9glise grandit, plus les besoins grandissent \u00e9galement. La communaut\u00e9 d\u00e9signe des hommes pour organiser la distribution quotidienne de nourriture. Ces hommes \u2013 les diacres- \u00e9coutent les besoins et y r\u00e9pondent avec les moyens partag\u00e9s par la communaut\u00e9.<\/p>\n<p>Est-ce l\u00e0 l\u2019essence du travail des diacres ?<\/p>\n<p>Dans ce passage, je note deux points qui influencent notre perception du travail des diacres.<\/p>\n<p>D\u2019abord, il y a le raisonnement des ap\u00f4tres : \u00ab Il ne convient pas que nous d\u00e9laissions la parole de Dieu pour le service des tables. \u00bb (Actes 6,2)<\/p>\n<p>Est-ce que je per\u00e7ois ici l\u2019affirmation sous-entendue que pr\u00eacher est plus important que de s\u2019occuper des besoins physiques ? Le passage semble pr\u00e9senter une position antagoniste qui s\u00e9pare le service humanitaire de l\u2019enseignement de l\u2019\u00e9vangile. Une telle division peut nous emp\u00eacher de reconnaitre l\u2019aspect spirituel du travail des diacres. Il sert la parole tout autant que la pri\u00e8re ou la pr\u00e9dication, en fait, ce travail est comme prier ou pr\u00eacher.<\/p>\n<p>Deuxi\u00e8mement, dans les Actes, la t\u00e2che du diacre est d\u00e9finie par les besoins \u00e9vidents de la communaut\u00e9.<\/p>\n<p>On dirait que la t\u00e2che des diacres s\u2019accomplie uniquement lorsque ces besoins sont satisfaits. Il est \u00e9videmment tr\u00e8s important que les diacres \u00e9coutent les cris de ceux dans le besoin et cherchent des mani\u00e8res d\u2019y r\u00e9pondre. Mais souvent, lorsque j\u2019\u00e9coute les diacres des communaut\u00e9s locales, je sens qu\u2019ils sont d\u00e9pass\u00e9s par les attentes et sentent qu\u2019ils ne sont pas \u00e0 la hauteur de ce qu\u2019on attend d\u2019eux.<\/p>\n<p>Lorsque nous partageons nos exp\u00e9riences dans la commission, certain mentionnent ces attentes non satisfaites. Les besoins dans l\u2019\u00e9glise mondiale sont infinis. Il est difficile de choisir. Comment savoir ce qui est le plus urgent ?<\/p>\n<p>Mais d\u2019autres voix s\u2019\u00e9l\u00e8vent : Lorsque des membres de la commission diacre se tiennent aux c\u00f4t\u00e9s de ceux dans le besoin, ils sont eux aussi enrichis. La communaut\u00e9 leurs offre des cadeaux inattendus. Quelque chose se passe qui rompt la hi\u00e9rarchie de celui qui donne et de celui qui re\u00e7oit.<\/p>\n<p>De nouveau : o\u00f9 chercher le bon conseil pour les diacres ?<\/p>\n<p>Du point de vue de notre commission, le J\u00e9sus qui lave les pieds des disciples (Jean 13,1-20) nous donne une image plus compl\u00e8te du diacre.<\/p>\n<p>J\u00e9sus fait le travail d\u2019un esclave de maison. Ces servants sont facilement ignor\u00e9s parce que, d\u2019habitude, ils ne font pas partie des personnages principaux qui portent l\u2019intrigue. J\u00e9sus ne renie pas qu\u2019il est le Seigneur et le Ma\u00eetre, mais il est le Seigneur et le Ma\u00eetre entant qu\u2019esclave de maison. Il sert les besoins des disciples qui sont ses invit\u00e9s dans la maison du P\u00e8re. Il repr\u00e9sente ce qu\u2019est la maison du Dieu.<\/p>\n<p>J\u00e9sus montre ce qu\u2019il faut faire aux invit\u00e9s et non pas ce que les invit\u00e9s croient avoir besoin. Lorsque J\u00e9sus leur lave les pieds, ils participent ensemble \u00e0 cette action profonde qui d\u00e9finit ce qu\u2019est la maison de Dieu : J\u00e9sus les aime jusqu\u2019\u00e0 la fin (Jean 13, 1).<\/p>\n<p>\u00catre diacre, donc, c\u2019est le r\u00f4le de toutes les personnes qui servent la parole. On ne peut pas r\u00e9ellement pr\u00eacher l\u2019\u00e9vangile sans \u00eatre diacre. Vous ne pouvez pas servir l\u2019\u00e9glise en v\u00e9rit\u00e9, vous ne pouvez pas travailler pour la r\u00e9conciliation, la paix et la justice sans \u00eatre diacre.<\/p>\n<p>Donc oui, la t\u00e2che du diacre est de se tenir avec ceux de la communaut\u00e9 qui sont dans le besoin, tout en sachant que nous avons bien plus besoin d\u2019eux qu\u2019ils n\u2019ont besoin de ce que l\u2019on peut leur offrir. En faisant cela, nous participons tous a la vie dans la maison du P\u00e8re.  <\/p>\n<p>En r\u00e9fl\u00e9chissant \u00e0 ce passage, notre commission prend de plus en plus conscience de la difficult\u00e9 d\u2019\u00e9couter les voix de ceux qui ne parlent pas de leurs besoins. Comment pouvons-nous \u00eatre s\u00fbrs que notre perception n\u2019est pas influenc\u00e9e par ceux qui crient le plus fort ou par ce que les m\u00e9dias montrent comme \u00e9tant le plus urgent ? Comment voir ceux qui sont trop facilement ignor\u00e9s ?<\/p>\n<p>Nous d\u00e9pendons compl\u00e9ment de l\u2019esprit de Dieu pour d\u00e9passer notre aveuglement.<\/p>\n<p><em>\u2014un communiqu\u00e9 de la Conf\u00e9rence Mennonite Mondiale \u00e9crit par J\u00fcrg Br\u00e4ker, membre de la Commission Diacres. Il est secr\u00e9taire g\u00e9n\u00e9ral de la Konferenz der Mennoniten der Schweiz (Altt\u00e4ufer), Conf\u00e9rence mennonite suisse (Anabaptiste). <\/em><\/p>\n","protected":false},"excerpt":{"rendered":"<p>NULL<\/p>\n","protected":false},"author":1,"featured_media":91090,"comment_status":"closed","ping_status":"closed","sticky":false,"template":"","format":"standard","meta":{"_acf_changed":false,"footnotes":""},"categories":[7],"tags":[],"network":[1262],"eventcategory":[],"class_list":["post-9911","post","type-post","status-publish","format-standard","has-post-thumbnail","hentry","category-non-classifiee","network-deacons-commission-fr"],"acf":[],"yoast_head":"<!-- This site is optimized with the Yoast SEO plugin v27.2 - https:\/\/yoast.com\/product\/yoast-seo-wordpress\/ -->\n<title>Les diacres : des servants dans la maison du P\u00e8re - Mennonite World Conference<\/title>\n<meta name=\"robots\" content=\"index, follow, max-snippet:-1, max-image-preview:large, max-video-preview:-1\" \/>\n<link rel=\"canonical\" href=\"https:\/\/mwc-cmm.org\/fr\/stories\/deacons-servants-in-the-fathers-house-4\/\" \/>\n<meta property=\"og:locale\" content=\"fr_FR\" \/>\n<meta property=\"og:type\" content=\"article\" \/>\n<meta property=\"og:title\" content=\"Les diacres : des servants dans la maison du P\u00e8re - Mennonite World Conference\" \/>\n<meta property=\"og:description\" content=\"NULL\" \/>\n<meta property=\"og:url\" content=\"https:\/\/mwc-cmm.org\/fr\/stories\/deacons-servants-in-the-fathers-house-4\/\" \/>\n<meta property=\"og:site_name\" content=\"Mennonite World Conference\" \/>\n<meta property=\"article:publisher\" content=\"https:\/\/www.facebook.com\/MennoniteWorldConference\" \/>\n<meta property=\"article:published_time\" content=\"2018-01-09T00:00:00+00:00\" \/>\n<meta property=\"article:modified_time\" content=\"2024-12-10T17:15:00+00:00\" \/>\n<meta property=\"og:image\" content=\"https:\/\/mwc-cmm.org\/wp-content\/uploads\/2024\/11\/20170727liesaungergkmi_delegates_meeting2c_foot_washing_0_0.jpg\" \/>\n\t<meta property=\"og:image:width\" content=\"1000\" \/>\n\t<meta property=\"og:image:height\" content=\"667\" \/>\n\t<meta property=\"og:image:type\" content=\"image\/jpeg\" \/>\n<meta name=\"author\" content=\"mennworldcon\" \/>\n<script type=\"application\/ld+json\" class=\"yoast-schema-graph\">{\"@context\":\"https:\/\/schema.org\",\"@graph\":[{\"@type\":\"Article\",\"@id\":\"https:\/\/mwc-cmm.org\/fr\/stories\/deacons-servants-in-the-fathers-house-4\/#article\",\"isPartOf\":{\"@id\":\"https:\/\/mwc-cmm.org\/fr\/stories\/deacons-servants-in-the-fathers-house-4\/\"},\"author\":{\"name\":\"mennworldcon\",\"@id\":\"https:\/\/mwc-cmm.org\/en\/#\/schema\/person\/11f6ae0d7d1868ba20a1cc27f067c836\"},\"headline\":\"Les diacres : des servants dans la maison du P\u00e8re\",\"datePublished\":\"2018-01-09T00:00:00+00:00\",\"dateModified\":\"2024-12-10T17:15:00+00:00\",\"mainEntityOfPage\":{\"@id\":\"https:\/\/mwc-cmm.org\/fr\/stories\/deacons-servants-in-the-fathers-house-4\/\"},\"wordCount\":942,\"publisher\":{\"@id\":\"https:\/\/mwc-cmm.org\/en\/#organization\"},\"image\":{\"@id\":\"https:\/\/mwc-cmm.org\/fr\/stories\/deacons-servants-in-the-fathers-house-4\/#primaryimage\"},\"thumbnailUrl\":\"https:\/\/mwc-cmm.org\/wp-content\/uploads\/2024\/11\/20170727liesaungergkmi_delegates_meeting2c_foot_washing_0_0.jpg\",\"articleSection\":[\"Non classifi\u00e9(e)\"],\"inLanguage\":\"fr-FR\"},{\"@type\":\"WebPage\",\"@id\":\"https:\/\/mwc-cmm.org\/fr\/stories\/deacons-servants-in-the-fathers-house-4\/\",\"url\":\"https:\/\/mwc-cmm.org\/fr\/stories\/deacons-servants-in-the-fathers-house-4\/\",\"name\":\"Les diacres : des servants dans la maison du P\u00e8re - Mennonite World Conference\",\"isPartOf\":{\"@id\":\"https:\/\/mwc-cmm.org\/en\/#website\"},\"primaryImageOfPage\":{\"@id\":\"https:\/\/mwc-cmm.org\/fr\/stories\/deacons-servants-in-the-fathers-house-4\/#primaryimage\"},\"image\":{\"@id\":\"https:\/\/mwc-cmm.org\/fr\/stories\/deacons-servants-in-the-fathers-house-4\/#primaryimage\"},\"thumbnailUrl\":\"https:\/\/mwc-cmm.org\/wp-content\/uploads\/2024\/11\/20170727liesaungergkmi_delegates_meeting2c_foot_washing_0_0.jpg\",\"datePublished\":\"2018-01-09T00:00:00+00:00\",\"dateModified\":\"2024-12-10T17:15:00+00:00\",\"breadcrumb\":{\"@id\":\"https:\/\/mwc-cmm.org\/fr\/stories\/deacons-servants-in-the-fathers-house-4\/#breadcrumb\"},\"inLanguage\":\"fr-FR\",\"potentialAction\":[{\"@type\":\"ReadAction\",\"target\":[\"https:\/\/mwc-cmm.org\/fr\/stories\/deacons-servants-in-the-fathers-house-4\/\"]}]},{\"@type\":\"ImageObject\",\"inLanguage\":\"fr-FR\",\"@id\":\"https:\/\/mwc-cmm.org\/fr\/stories\/deacons-servants-in-the-fathers-house-4\/#primaryimage\",\"url\":\"https:\/\/mwc-cmm.org\/wp-content\/uploads\/2024\/11\/20170727liesaungergkmi_delegates_meeting2c_foot_washing_0_0.jpg\",\"contentUrl\":\"https:\/\/mwc-cmm.org\/wp-content\/uploads\/2024\/11\/20170727liesaungergkmi_delegates_meeting2c_foot_washing_0_0.jpg\",\"width\":1000,\"height\":667,\"caption\":\"\u5370\u5c3c\u7a46\u91cc\u4e9e\u57fa\u7763\u6559\u6703(GKMI)\u7684\u9818\u8896\u5011\u57282017\u5e74\u7684\u6703\u54e1\u5927\u6703\u4e2d\u5be6\u65bd\u6d17\u8173\u79ae\u3002\u76f8\u7247\u63d0\u4f9b\uff1aLiesa Unger\"},{\"@type\":\"BreadcrumbList\",\"@id\":\"https:\/\/mwc-cmm.org\/fr\/stories\/deacons-servants-in-the-fathers-house-4\/#breadcrumb\",\"itemListElement\":[{\"@type\":\"ListItem\",\"position\":1,\"name\":\"Home\",\"item\":\"https:\/\/mwc-cmm.org\/fr\/\"},{\"@type\":\"ListItem\",\"position\":2,\"name\":\"Les diacres : des servants dans la maison du P\u00e8re\"}]},{\"@type\":\"WebSite\",\"@id\":\"https:\/\/mwc-cmm.org\/en\/#website\",\"url\":\"https:\/\/mwc-cmm.org\/en\/\",\"name\":\"Mennonite World Conference\",\"description\":\"A communion of Anabaptist-related churches\",\"publisher\":{\"@id\":\"https:\/\/mwc-cmm.org\/en\/#organization\"},\"alternateName\":\"MWC\",\"potentialAction\":[{\"@type\":\"SearchAction\",\"target\":{\"@type\":\"EntryPoint\",\"urlTemplate\":\"https:\/\/mwc-cmm.org\/en\/?s={search_term_string}\"},\"query-input\":{\"@type\":\"PropertyValueSpecification\",\"valueRequired\":true,\"valueName\":\"search_term_string\"}}],\"inLanguage\":\"fr-FR\"},{\"@type\":\"Organization\",\"@id\":\"https:\/\/mwc-cmm.org\/en\/#organization\",\"name\":\"Mennonite World Conference\",\"alternateName\":\"MWC\",\"url\":\"https:\/\/mwc-cmm.org\/en\/\",\"logo\":{\"@type\":\"ImageObject\",\"inLanguage\":\"fr-FR\",\"@id\":\"https:\/\/mwc-cmm.org\/en\/#\/schema\/logo\/image\/\",\"url\":\"https:\/\/mwc-cmm.org\/wp-content\/uploads\/2026\/01\/MWC_Sig_Blue_Horiz_webheader1-logo.svg\",\"contentUrl\":\"https:\/\/mwc-cmm.org\/wp-content\/uploads\/2026\/01\/MWC_Sig_Blue_Horiz_webheader1-logo.svg\",\"width\":786,\"height\":82,\"caption\":\"Mennonite World Conference\"},\"image\":{\"@id\":\"https:\/\/mwc-cmm.org\/en\/#\/schema\/logo\/image\/\"},\"sameAs\":[\"https:\/\/www.facebook.com\/MennoniteWorldConference\",\"https:\/\/www.linkedin.com\/company\/mennonite-world-conference-mwc\/\",\"https:\/\/www.instagram.com\/mwcmm\/\",\"https:\/\/www.youtube.com\/user\/mwccmm\",\"https:\/\/bsky.app\/profile\/mwcmm.bsky.social\"]},{\"@type\":\"Person\",\"@id\":\"https:\/\/mwc-cmm.org\/en\/#\/schema\/person\/11f6ae0d7d1868ba20a1cc27f067c836\",\"name\":\"mennworldcon\",\"image\":{\"@type\":\"ImageObject\",\"inLanguage\":\"fr-FR\",\"@id\":\"https:\/\/secure.gravatar.com\/avatar\/06fdc0dc81c157dfdb82ec42f252178a22307808988d22c043f9eb96f1e0fe80?s=96&d=mm&r=g\",\"url\":\"https:\/\/secure.gravatar.com\/avatar\/06fdc0dc81c157dfdb82ec42f252178a22307808988d22c043f9eb96f1e0fe80?s=96&d=mm&r=g\",\"contentUrl\":\"https:\/\/secure.gravatar.com\/avatar\/06fdc0dc81c157dfdb82ec42f252178a22307808988d22c043f9eb96f1e0fe80?s=96&d=mm&r=g\",\"caption\":\"mennworldcon\"},\"sameAs\":[\"https:\/\/mwc-cmm.org\"],\"url\":\"https:\/\/mwc-cmm.org\/fr\/stories\/author\/mennworldcon\/\"}]}<\/script>\n<!-- \/ Yoast SEO plugin. -->","yoast_head_json":{"title":"Les diacres : des servants dans la maison du P\u00e8re - Mennonite World Conference","robots":{"index":"index","follow":"follow","max-snippet":"max-snippet:-1","max-image-preview":"max-image-preview:large","max-video-preview":"max-video-preview:-1"},"canonical":"https:\/\/mwc-cmm.org\/fr\/stories\/deacons-servants-in-the-fathers-house-4\/","og_locale":"fr_FR","og_type":"article","og_title":"Les diacres : des servants dans la maison du P\u00e8re - Mennonite World Conference","og_description":"NULL","og_url":"https:\/\/mwc-cmm.org\/fr\/stories\/deacons-servants-in-the-fathers-house-4\/","og_site_name":"Mennonite World Conference","article_publisher":"https:\/\/www.facebook.com\/MennoniteWorldConference","article_published_time":"2018-01-09T00:00:00+00:00","article_modified_time":"2024-12-10T17:15:00+00:00","og_image":[{"width":1000,"height":667,"url":"https:\/\/mwc-cmm.org\/wp-content\/uploads\/2024\/11\/20170727liesaungergkmi_delegates_meeting2c_foot_washing_0_0.jpg","type":"image\/jpeg"}],"author":"mennworldcon","schema":{"@context":"https:\/\/schema.org","@graph":[{"@type":"Article","@id":"https:\/\/mwc-cmm.org\/fr\/stories\/deacons-servants-in-the-fathers-house-4\/#article","isPartOf":{"@id":"https:\/\/mwc-cmm.org\/fr\/stories\/deacons-servants-in-the-fathers-house-4\/"},"author":{"name":"mennworldcon","@id":"https:\/\/mwc-cmm.org\/en\/#\/schema\/person\/11f6ae0d7d1868ba20a1cc27f067c836"},"headline":"Les diacres : des servants dans la maison du P\u00e8re","datePublished":"2018-01-09T00:00:00+00:00","dateModified":"2024-12-10T17:15:00+00:00","mainEntityOfPage":{"@id":"https:\/\/mwc-cmm.org\/fr\/stories\/deacons-servants-in-the-fathers-house-4\/"},"wordCount":942,"publisher":{"@id":"https:\/\/mwc-cmm.org\/en\/#organization"},"image":{"@id":"https:\/\/mwc-cmm.org\/fr\/stories\/deacons-servants-in-the-fathers-house-4\/#primaryimage"},"thumbnailUrl":"https:\/\/mwc-cmm.org\/wp-content\/uploads\/2024\/11\/20170727liesaungergkmi_delegates_meeting2c_foot_washing_0_0.jpg","articleSection":["Non classifi\u00e9(e)"],"inLanguage":"fr-FR"},{"@type":"WebPage","@id":"https:\/\/mwc-cmm.org\/fr\/stories\/deacons-servants-in-the-fathers-house-4\/","url":"https:\/\/mwc-cmm.org\/fr\/stories\/deacons-servants-in-the-fathers-house-4\/","name":"Les diacres : des servants dans la maison du P\u00e8re - Mennonite World Conference","isPartOf":{"@id":"https:\/\/mwc-cmm.org\/en\/#website"},"primaryImageOfPage":{"@id":"https:\/\/mwc-cmm.org\/fr\/stories\/deacons-servants-in-the-fathers-house-4\/#primaryimage"},"image":{"@id":"https:\/\/mwc-cmm.org\/fr\/stories\/deacons-servants-in-the-fathers-house-4\/#primaryimage"},"thumbnailUrl":"https:\/\/mwc-cmm.org\/wp-content\/uploads\/2024\/11\/20170727liesaungergkmi_delegates_meeting2c_foot_washing_0_0.jpg","datePublished":"2018-01-09T00:00:00+00:00","dateModified":"2024-12-10T17:15:00+00:00","breadcrumb":{"@id":"https:\/\/mwc-cmm.org\/fr\/stories\/deacons-servants-in-the-fathers-house-4\/#breadcrumb"},"inLanguage":"fr-FR","potentialAction":[{"@type":"ReadAction","target":["https:\/\/mwc-cmm.org\/fr\/stories\/deacons-servants-in-the-fathers-house-4\/"]}]},{"@type":"ImageObject","inLanguage":"fr-FR","@id":"https:\/\/mwc-cmm.org\/fr\/stories\/deacons-servants-in-the-fathers-house-4\/#primaryimage","url":"https:\/\/mwc-cmm.org\/wp-content\/uploads\/2024\/11\/20170727liesaungergkmi_delegates_meeting2c_foot_washing_0_0.jpg","contentUrl":"https:\/\/mwc-cmm.org\/wp-content\/uploads\/2024\/11\/20170727liesaungergkmi_delegates_meeting2c_foot_washing_0_0.jpg","width":1000,"height":667,"caption":"\u5370\u5c3c\u7a46\u91cc\u4e9e\u57fa\u7763\u6559\u6703(GKMI)\u7684\u9818\u8896\u5011\u57282017\u5e74\u7684\u6703\u54e1\u5927\u6703\u4e2d\u5be6\u65bd\u6d17\u8173\u79ae\u3002\u76f8\u7247\u63d0\u4f9b\uff1aLiesa Unger"},{"@type":"BreadcrumbList","@id":"https:\/\/mwc-cmm.org\/fr\/stories\/deacons-servants-in-the-fathers-house-4\/#breadcrumb","itemListElement":[{"@type":"ListItem","position":1,"name":"Home","item":"https:\/\/mwc-cmm.org\/fr\/"},{"@type":"ListItem","position":2,"name":"Les diacres : des servants dans la maison du P\u00e8re"}]},{"@type":"WebSite","@id":"https:\/\/mwc-cmm.org\/en\/#website","url":"https:\/\/mwc-cmm.org\/en\/","name":"Mennonite World Conference","description":"A communion of Anabaptist-related churches","publisher":{"@id":"https:\/\/mwc-cmm.org\/en\/#organization"},"alternateName":"MWC","potentialAction":[{"@type":"SearchAction","target":{"@type":"EntryPoint","urlTemplate":"https:\/\/mwc-cmm.org\/en\/?s={search_term_string}"},"query-input":{"@type":"PropertyValueSpecification","valueRequired":true,"valueName":"search_term_string"}}],"inLanguage":"fr-FR"},{"@type":"Organization","@id":"https:\/\/mwc-cmm.org\/en\/#organization","name":"Mennonite World Conference","alternateName":"MWC","url":"https:\/\/mwc-cmm.org\/en\/","logo":{"@type":"ImageObject","inLanguage":"fr-FR","@id":"https:\/\/mwc-cmm.org\/en\/#\/schema\/logo\/image\/","url":"https:\/\/mwc-cmm.org\/wp-content\/uploads\/2026\/01\/MWC_Sig_Blue_Horiz_webheader1-logo.svg","contentUrl":"https:\/\/mwc-cmm.org\/wp-content\/uploads\/2026\/01\/MWC_Sig_Blue_Horiz_webheader1-logo.svg","width":786,"height":82,"caption":"Mennonite World Conference"},"image":{"@id":"https:\/\/mwc-cmm.org\/en\/#\/schema\/logo\/image\/"},"sameAs":["https:\/\/www.facebook.com\/MennoniteWorldConference","https:\/\/www.linkedin.com\/company\/mennonite-world-conference-mwc\/","https:\/\/www.instagram.com\/mwcmm\/","https:\/\/www.youtube.com\/user\/mwccmm","https:\/\/bsky.app\/profile\/mwcmm.bsky.social"]},{"@type":"Person","@id":"https:\/\/mwc-cmm.org\/en\/#\/schema\/person\/11f6ae0d7d1868ba20a1cc27f067c836","name":"mennworldcon","image":{"@type":"ImageObject","inLanguage":"fr-FR","@id":"https:\/\/secure.gravatar.com\/avatar\/06fdc0dc81c157dfdb82ec42f252178a22307808988d22c043f9eb96f1e0fe80?s=96&d=mm&r=g","url":"https:\/\/secure.gravatar.com\/avatar\/06fdc0dc81c157dfdb82ec42f252178a22307808988d22c043f9eb96f1e0fe80?s=96&d=mm&r=g","contentUrl":"https:\/\/secure.gravatar.com\/avatar\/06fdc0dc81c157dfdb82ec42f252178a22307808988d22c043f9eb96f1e0fe80?s=96&d=mm&r=g","caption":"mennworldcon"},"sameAs":["https:\/\/mwc-cmm.org"],"url":"https:\/\/mwc-cmm.org\/fr\/stories\/author\/mennworldcon\/"}]}},"_links":{"self":[{"href":"https:\/\/mwc-cmm.org\/fr\/wp-json\/wp\/v2\/posts\/9911","targetHints":{"allow":["GET"]}}],"collection":[{"href":"https:\/\/mwc-cmm.org\/fr\/wp-json\/wp\/v2\/posts"}],"about":[{"href":"https:\/\/mwc-cmm.org\/fr\/wp-json\/wp\/v2\/types\/post"}],"author":[{"embeddable":true,"href":"https:\/\/mwc-cmm.org\/fr\/wp-json\/wp\/v2\/users\/1"}],"replies":[{"embeddable":true,"href":"https:\/\/mwc-cmm.org\/fr\/wp-json\/wp\/v2\/comments?post=9911"}],"version-history":[{"count":0,"href":"https:\/\/mwc-cmm.org\/fr\/wp-json\/wp\/v2\/posts\/9911\/revisions"}],"wp:featuredmedia":[{"embeddable":true,"href":"https:\/\/mwc-cmm.org\/fr\/wp-json\/wp\/v2\/media\/91090"}],"wp:attachment":[{"href":"https:\/\/mwc-cmm.org\/fr\/wp-json\/wp\/v2\/media?parent=9911"}],"wp:term":[{"taxonomy":"category","embeddable":true,"href":"https:\/\/mwc-cmm.org\/fr\/wp-json\/wp\/v2\/categories?post=9911"},{"taxonomy":"post_tag","embeddable":true,"href":"https:\/\/mwc-cmm.org\/fr\/wp-json\/wp\/v2\/tags?post=9911"},{"taxonomy":"network","embeddable":true,"href":"https:\/\/mwc-cmm.org\/fr\/wp-json\/wp\/v2\/network?post=9911"},{"taxonomy":"eventcategory","embeddable":true,"href":"https:\/\/mwc-cmm.org\/fr\/wp-json\/wp\/v2\/eventcategory?post=9911"}],"curies":[{"name":"wp","href":"https:\/\/api.w.org\/{rel}","templated":true}]}}