{"id":9897,"date":"2017-08-10T00:00:00","date_gmt":"2017-08-10T00:00:00","guid":{"rendered":"https:\/\/mwc-cmm.org\/ministry-partner-update-ibica-august-2017-4\/"},"modified":"2024-12-10T17:14:54","modified_gmt":"2024-12-10T17:14:54","slug":"ministry-partner-update-ibica-august-2017-4","status":"publish","type":"post","link":"https:\/\/mwc-cmm.org\/fr\/stories\/ministry-partner-update-ibica-august-2017-4\/","title":{"rendered":"Mise \u00e0 jour du minist\u00e8re partenaire : IBICA \u2013 Ao\u00fbt 2017"},"content":{"rendered":"<p><em>L&rsquo;Association Internationale des Fr\u00e8res en Christ (IBICA par son acronyme en anglais) est le r\u00e9seau commun \u00e0 toutes les associations d&rsquo;\u00e9glises Fr\u00e8res en Christ et a pour but de faciliter la communication, de construire la confiance et la coop\u00e9ration entre les membres de notre communaut\u00e9 mondiale ainsi que d&rsquo;\u00e9tablir des accords communs et mutuels au travers de notre liste de valeurs fondamentales. <\/em><em>IBICA, un membre associ\u00e9 de la CMM, r\u00e9unit environ 190 000 participants repr\u00e9sentant des douzaines d&rsquo;\u00e9glises nationales dans plus de 30 pays du monde entier.<\/em><\/p>\n<p><strong>Les pri\u00e8res de partout autour du monde :<\/strong><\/p>\n<p>Nous louons Dieu pour l\u2019int\u00e9r\u00eat exprim\u00e9 et pour la croissance v\u00e9cue dans un village en Tha\u00eflande o\u00f9 il y a un petit groupe form\u00e9 de quelques personnes qui cherchent \u00e0 conna\u00eetre Dieu et aussi de gens qui viennent de faire leurs premiers pas dans la foi. Prions pour eux afin qu\u2019ils prennent bient\u00f4t la d\u00e9cision de suivre J\u00e9sus dans le bapt\u00eame.<\/p>\n<p>Nous remercions Dieu pour son \u0153uvre dans l\u2019\u00c9glise au Malawi \u00e0 travers quelques situations o\u00f9 de nouveaux pasteurs ont \u00e9t\u00e9 r\u00e9cemment accueillis dans les \u00e9glises et aussi \u00e0 travers des enseignements bibliques fra\u00eechement d\u00e9velopp\u00e9s et des le\u00e7ons revaloris\u00e9es.<\/p>\n<p><strong>Les nouvelles du Canada : <\/strong><\/p>\n<p>Le 6 mai 2017, 476 d\u00e9l\u00e9gu\u00e9s et membres de la communaut\u00e9 venant de 67 \u00c9glises, ainsi que des groupes communautaires et des organisations-partenaires se sont r\u00e9unis \u00e0 l\u2019occasion de l\u2019Assembl\u00e9e g\u00e9n\u00e9rale annuelle du BIC Canada. Il y avait des moments de louange, de la pri\u00e8re, des conversations et aussi des pr\u00e9sentations en vid\u00e9o en plus de discussions au sujet des d\u00e9cisions op\u00e9rationnelles, incluant la d\u00e9cision de changer le nom de la d\u00e9nomination. La d\u00e9marche li\u00e9e \u00e0 ce changement de nom remonte plus loin qu\u2019au d\u00e9but de 2014 quand des leaders se sont rencontr\u00e9s pour la premi\u00e8re fois dans le but de discuter de certaines tensions associ\u00e9es au nom \u00ab Brethren in Christ Church \u00bb. C\u2019est dans la joie que nous vous annon\u00e7ons le nouveau nom de la d\u00e9nomination \u2013 \u00ab Be in Christ Church of Canada \u00bb. Nous avons h\u00e2te de saisir les occasions d\u2019entrer en conversation au sujet de ce que ce nouveau nom communique concernant l\u2019exp\u00e9rience de suivre J\u00e9sus.<\/p>\n<p><em>&#8211; Alex Nicholls, directeur des communications et de coordination des donateurs, BIC Canada<\/em><\/p><\/p>\n","protected":false},"excerpt":{"rendered":"<p>NULL<\/p>\n","protected":false},"author":1,"featured_media":88836,"comment_status":"closed","ping_status":"closed","sticky":false,"template":"","format":"standard","meta":{"_acf_changed":false,"footnotes":""},"categories":[7],"tags":[],"network":[],"eventcategory":[],"class_list":["post-9897","post","type-post","status-publish","format-standard","has-post-thumbnail","hentry","category-non-classifiee"],"acf":[],"yoast_head":"<!-- This site is optimized with the Yoast SEO plugin v27.5 - https:\/\/yoast.com\/product\/yoast-seo-wordpress\/ -->\n<title>Mise \u00e0 jour du minist\u00e8re partenaire : IBICA \u2013 Ao\u00fbt 2017 - Mennonite World Conference<\/title>\n<meta name=\"robots\" content=\"index, follow, max-snippet:-1, max-image-preview:large, max-video-preview:-1\" \/>\n<link rel=\"canonical\" href=\"https:\/\/mwc-cmm.org\/fr\/stories\/ministry-partner-update-ibica-august-2017-4\/\" \/>\n<meta property=\"og:locale\" content=\"fr_FR\" \/>\n<meta property=\"og:type\" content=\"article\" \/>\n<meta property=\"og:title\" content=\"Mise \u00e0 jour du minist\u00e8re partenaire : IBICA \u2013 Ao\u00fbt 2017 - Mennonite World Conference\" \/>\n<meta property=\"og:description\" content=\"NULL\" \/>\n<meta property=\"og:url\" content=\"https:\/\/mwc-cmm.org\/fr\/stories\/ministry-partner-update-ibica-august-2017-4\/\" \/>\n<meta property=\"og:site_name\" content=\"Mennonite World Conference\" \/>\n<meta property=\"article:publisher\" content=\"https:\/\/www.facebook.com\/MennoniteWorldConference\" \/>\n<meta property=\"article:published_time\" content=\"2017-08-10T00:00:00+00:00\" \/>\n<meta property=\"article:modified_time\" content=\"2024-12-10T17:14:54+00:00\" \/>\n<meta property=\"og:image\" content=\"https:\/\/mwc-cmm.org\/wp-content\/uploads\/2024\/11\/bicc_malawi_combined_women_choir-crop-1.jpg\" \/>\n\t<meta property=\"og:image:width\" content=\"1000\" \/>\n\t<meta property=\"og:image:height\" content=\"538\" \/>\n\t<meta property=\"og:image:type\" content=\"image\/jpeg\" \/>\n<meta name=\"author\" content=\"mennworldcon\" \/>\n<script type=\"application\/ld+json\" class=\"yoast-schema-graph\">{\"@context\":\"https:\\\/\\\/schema.org\",\"@graph\":[{\"@type\":\"Article\",\"@id\":\"https:\\\/\\\/mwc-cmm.org\\\/fr\\\/stories\\\/ministry-partner-update-ibica-august-2017-4\\\/#article\",\"isPartOf\":{\"@id\":\"https:\\\/\\\/mwc-cmm.org\\\/fr\\\/stories\\\/ministry-partner-update-ibica-august-2017-4\\\/\"},\"author\":{\"name\":\"mennworldcon\",\"@id\":\"https:\\\/\\\/mwc-cmm.org\\\/en\\\/#\\\/schema\\\/person\\\/11f6ae0d7d1868ba20a1cc27f067c836\"},\"headline\":\"Mise \u00e0 jour du minist\u00e8re partenaire : IBICA \u2013 Ao\u00fbt 2017\",\"datePublished\":\"2017-08-10T00:00:00+00:00\",\"dateModified\":\"2024-12-10T17:14:54+00:00\",\"mainEntityOfPage\":{\"@id\":\"https:\\\/\\\/mwc-cmm.org\\\/fr\\\/stories\\\/ministry-partner-update-ibica-august-2017-4\\\/\"},\"wordCount\":421,\"publisher\":{\"@id\":\"https:\\\/\\\/mwc-cmm.org\\\/en\\\/#organization\"},\"image\":{\"@id\":\"https:\\\/\\\/mwc-cmm.org\\\/fr\\\/stories\\\/ministry-partner-update-ibica-august-2017-4\\\/#primaryimage\"},\"thumbnailUrl\":\"https:\\\/\\\/mwc-cmm.org\\\/wp-content\\\/uploads\\\/2024\\\/11\\\/bicc_malawi_combined_women_choir-crop-1.jpg\",\"articleSection\":[\"Non classifi\u00e9(e)\"],\"inLanguage\":\"fr-FR\"},{\"@type\":\"WebPage\",\"@id\":\"https:\\\/\\\/mwc-cmm.org\\\/fr\\\/stories\\\/ministry-partner-update-ibica-august-2017-4\\\/\",\"url\":\"https:\\\/\\\/mwc-cmm.org\\\/fr\\\/stories\\\/ministry-partner-update-ibica-august-2017-4\\\/\",\"name\":\"Mise \u00e0 jour du minist\u00e8re partenaire : IBICA \u2013 Ao\u00fbt 2017 - Mennonite World Conference\",\"isPartOf\":{\"@id\":\"https:\\\/\\\/mwc-cmm.org\\\/en\\\/#website\"},\"primaryImageOfPage\":{\"@id\":\"https:\\\/\\\/mwc-cmm.org\\\/fr\\\/stories\\\/ministry-partner-update-ibica-august-2017-4\\\/#primaryimage\"},\"image\":{\"@id\":\"https:\\\/\\\/mwc-cmm.org\\\/fr\\\/stories\\\/ministry-partner-update-ibica-august-2017-4\\\/#primaryimage\"},\"thumbnailUrl\":\"https:\\\/\\\/mwc-cmm.org\\\/wp-content\\\/uploads\\\/2024\\\/11\\\/bicc_malawi_combined_women_choir-crop-1.jpg\",\"datePublished\":\"2017-08-10T00:00:00+00:00\",\"dateModified\":\"2024-12-10T17:14:54+00:00\",\"breadcrumb\":{\"@id\":\"https:\\\/\\\/mwc-cmm.org\\\/fr\\\/stories\\\/ministry-partner-update-ibica-august-2017-4\\\/#breadcrumb\"},\"inLanguage\":\"fr-FR\",\"potentialAction\":[{\"@type\":\"ReadAction\",\"target\":[\"https:\\\/\\\/mwc-cmm.org\\\/fr\\\/stories\\\/ministry-partner-update-ibica-august-2017-4\\\/\"]}]},{\"@type\":\"ImageObject\",\"inLanguage\":\"fr-FR\",\"@id\":\"https:\\\/\\\/mwc-cmm.org\\\/fr\\\/stories\\\/ministry-partner-update-ibica-august-2017-4\\\/#primaryimage\",\"url\":\"https:\\\/\\\/mwc-cmm.org\\\/wp-content\\\/uploads\\\/2024\\\/11\\\/bicc_malawi_combined_women_choir-crop-1.jpg\",\"contentUrl\":\"https:\\\/\\\/mwc-cmm.org\\\/wp-content\\\/uploads\\\/2024\\\/11\\\/bicc_malawi_combined_women_choir-crop-1.jpg\",\"width\":1000,\"height\":538},{\"@type\":\"BreadcrumbList\",\"@id\":\"https:\\\/\\\/mwc-cmm.org\\\/fr\\\/stories\\\/ministry-partner-update-ibica-august-2017-4\\\/#breadcrumb\",\"itemListElement\":[{\"@type\":\"ListItem\",\"position\":1,\"name\":\"Home\",\"item\":\"https:\\\/\\\/mwc-cmm.org\\\/fr\\\/\"},{\"@type\":\"ListItem\",\"position\":2,\"name\":\"Mise \u00e0 jour du minist\u00e8re partenaire : IBICA \u2013 Ao\u00fbt 2017\"}]},{\"@type\":\"WebSite\",\"@id\":\"https:\\\/\\\/mwc-cmm.org\\\/en\\\/#website\",\"url\":\"https:\\\/\\\/mwc-cmm.org\\\/en\\\/\",\"name\":\"Mennonite World Conference\",\"description\":\"A communion of Anabaptist-related churches\",\"publisher\":{\"@id\":\"https:\\\/\\\/mwc-cmm.org\\\/en\\\/#organization\"},\"alternateName\":\"MWC\",\"potentialAction\":[{\"@type\":\"SearchAction\",\"target\":{\"@type\":\"EntryPoint\",\"urlTemplate\":\"https:\\\/\\\/mwc-cmm.org\\\/en\\\/?s={search_term_string}\"},\"query-input\":{\"@type\":\"PropertyValueSpecification\",\"valueRequired\":true,\"valueName\":\"search_term_string\"}}],\"inLanguage\":\"fr-FR\"},{\"@type\":\"Organization\",\"@id\":\"https:\\\/\\\/mwc-cmm.org\\\/en\\\/#organization\",\"name\":\"Mennonite World Conference\",\"alternateName\":\"MWC\",\"url\":\"https:\\\/\\\/mwc-cmm.org\\\/en\\\/\",\"logo\":{\"@type\":\"ImageObject\",\"inLanguage\":\"fr-FR\",\"@id\":\"https:\\\/\\\/mwc-cmm.org\\\/en\\\/#\\\/schema\\\/logo\\\/image\\\/\",\"url\":\"https:\\\/\\\/mwc-cmm.org\\\/wp-content\\\/uploads\\\/2026\\\/01\\\/MWC_Sig_Blue_Horiz_webheader1-logo.svg\",\"contentUrl\":\"https:\\\/\\\/mwc-cmm.org\\\/wp-content\\\/uploads\\\/2026\\\/01\\\/MWC_Sig_Blue_Horiz_webheader1-logo.svg\",\"width\":786,\"height\":82,\"caption\":\"Mennonite World Conference\"},\"image\":{\"@id\":\"https:\\\/\\\/mwc-cmm.org\\\/en\\\/#\\\/schema\\\/logo\\\/image\\\/\"},\"sameAs\":[\"https:\\\/\\\/www.facebook.com\\\/MennoniteWorldConference\",\"https:\\\/\\\/www.linkedin.com\\\/company\\\/mennonite-world-conference-mwc\\\/\",\"https:\\\/\\\/www.instagram.com\\\/mwcmm\\\/\",\"https:\\\/\\\/www.youtube.com\\\/user\\\/mwccmm\",\"https:\\\/\\\/bsky.app\\\/profile\\\/mwcmm.bsky.social\"]},{\"@type\":\"Person\",\"@id\":\"https:\\\/\\\/mwc-cmm.org\\\/en\\\/#\\\/schema\\\/person\\\/11f6ae0d7d1868ba20a1cc27f067c836\",\"name\":\"mennworldcon\",\"image\":{\"@type\":\"ImageObject\",\"inLanguage\":\"fr-FR\",\"@id\":\"https:\\\/\\\/secure.gravatar.com\\\/avatar\\\/06fdc0dc81c157dfdb82ec42f252178a22307808988d22c043f9eb96f1e0fe80?s=96&d=mm&r=g\",\"url\":\"https:\\\/\\\/secure.gravatar.com\\\/avatar\\\/06fdc0dc81c157dfdb82ec42f252178a22307808988d22c043f9eb96f1e0fe80?s=96&d=mm&r=g\",\"contentUrl\":\"https:\\\/\\\/secure.gravatar.com\\\/avatar\\\/06fdc0dc81c157dfdb82ec42f252178a22307808988d22c043f9eb96f1e0fe80?s=96&d=mm&r=g\",\"caption\":\"mennworldcon\"},\"sameAs\":[\"https:\\\/\\\/mwc-cmm.org\"],\"url\":\"https:\\\/\\\/mwc-cmm.org\\\/fr\\\/stories\\\/author\\\/mennworldcon\\\/\"}]}<\/script>\n<!-- \/ Yoast SEO plugin. -->","yoast_head_json":{"title":"Mise \u00e0 jour du minist\u00e8re partenaire : IBICA \u2013 Ao\u00fbt 2017 - Mennonite World Conference","robots":{"index":"index","follow":"follow","max-snippet":"max-snippet:-1","max-image-preview":"max-image-preview:large","max-video-preview":"max-video-preview:-1"},"canonical":"https:\/\/mwc-cmm.org\/fr\/stories\/ministry-partner-update-ibica-august-2017-4\/","og_locale":"fr_FR","og_type":"article","og_title":"Mise \u00e0 jour du minist\u00e8re partenaire : IBICA \u2013 Ao\u00fbt 2017 - Mennonite World Conference","og_description":"NULL","og_url":"https:\/\/mwc-cmm.org\/fr\/stories\/ministry-partner-update-ibica-august-2017-4\/","og_site_name":"Mennonite World Conference","article_publisher":"https:\/\/www.facebook.com\/MennoniteWorldConference","article_published_time":"2017-08-10T00:00:00+00:00","article_modified_time":"2024-12-10T17:14:54+00:00","og_image":[{"width":1000,"height":538,"url":"https:\/\/mwc-cmm.org\/wp-content\/uploads\/2024\/11\/bicc_malawi_combined_women_choir-crop-1.jpg","type":"image\/jpeg"}],"author":"mennworldcon","schema":{"@context":"https:\/\/schema.org","@graph":[{"@type":"Article","@id":"https:\/\/mwc-cmm.org\/fr\/stories\/ministry-partner-update-ibica-august-2017-4\/#article","isPartOf":{"@id":"https:\/\/mwc-cmm.org\/fr\/stories\/ministry-partner-update-ibica-august-2017-4\/"},"author":{"name":"mennworldcon","@id":"https:\/\/mwc-cmm.org\/en\/#\/schema\/person\/11f6ae0d7d1868ba20a1cc27f067c836"},"headline":"Mise \u00e0 jour du minist\u00e8re partenaire : IBICA \u2013 Ao\u00fbt 2017","datePublished":"2017-08-10T00:00:00+00:00","dateModified":"2024-12-10T17:14:54+00:00","mainEntityOfPage":{"@id":"https:\/\/mwc-cmm.org\/fr\/stories\/ministry-partner-update-ibica-august-2017-4\/"},"wordCount":421,"publisher":{"@id":"https:\/\/mwc-cmm.org\/en\/#organization"},"image":{"@id":"https:\/\/mwc-cmm.org\/fr\/stories\/ministry-partner-update-ibica-august-2017-4\/#primaryimage"},"thumbnailUrl":"https:\/\/mwc-cmm.org\/wp-content\/uploads\/2024\/11\/bicc_malawi_combined_women_choir-crop-1.jpg","articleSection":["Non classifi\u00e9(e)"],"inLanguage":"fr-FR"},{"@type":"WebPage","@id":"https:\/\/mwc-cmm.org\/fr\/stories\/ministry-partner-update-ibica-august-2017-4\/","url":"https:\/\/mwc-cmm.org\/fr\/stories\/ministry-partner-update-ibica-august-2017-4\/","name":"Mise \u00e0 jour du minist\u00e8re partenaire : IBICA \u2013 Ao\u00fbt 2017 - Mennonite World Conference","isPartOf":{"@id":"https:\/\/mwc-cmm.org\/en\/#website"},"primaryImageOfPage":{"@id":"https:\/\/mwc-cmm.org\/fr\/stories\/ministry-partner-update-ibica-august-2017-4\/#primaryimage"},"image":{"@id":"https:\/\/mwc-cmm.org\/fr\/stories\/ministry-partner-update-ibica-august-2017-4\/#primaryimage"},"thumbnailUrl":"https:\/\/mwc-cmm.org\/wp-content\/uploads\/2024\/11\/bicc_malawi_combined_women_choir-crop-1.jpg","datePublished":"2017-08-10T00:00:00+00:00","dateModified":"2024-12-10T17:14:54+00:00","breadcrumb":{"@id":"https:\/\/mwc-cmm.org\/fr\/stories\/ministry-partner-update-ibica-august-2017-4\/#breadcrumb"},"inLanguage":"fr-FR","potentialAction":[{"@type":"ReadAction","target":["https:\/\/mwc-cmm.org\/fr\/stories\/ministry-partner-update-ibica-august-2017-4\/"]}]},{"@type":"ImageObject","inLanguage":"fr-FR","@id":"https:\/\/mwc-cmm.org\/fr\/stories\/ministry-partner-update-ibica-august-2017-4\/#primaryimage","url":"https:\/\/mwc-cmm.org\/wp-content\/uploads\/2024\/11\/bicc_malawi_combined_women_choir-crop-1.jpg","contentUrl":"https:\/\/mwc-cmm.org\/wp-content\/uploads\/2024\/11\/bicc_malawi_combined_women_choir-crop-1.jpg","width":1000,"height":538},{"@type":"BreadcrumbList","@id":"https:\/\/mwc-cmm.org\/fr\/stories\/ministry-partner-update-ibica-august-2017-4\/#breadcrumb","itemListElement":[{"@type":"ListItem","position":1,"name":"Home","item":"https:\/\/mwc-cmm.org\/fr\/"},{"@type":"ListItem","position":2,"name":"Mise \u00e0 jour du minist\u00e8re partenaire : IBICA \u2013 Ao\u00fbt 2017"}]},{"@type":"WebSite","@id":"https:\/\/mwc-cmm.org\/en\/#website","url":"https:\/\/mwc-cmm.org\/en\/","name":"Mennonite World Conference","description":"A communion of Anabaptist-related churches","publisher":{"@id":"https:\/\/mwc-cmm.org\/en\/#organization"},"alternateName":"MWC","potentialAction":[{"@type":"SearchAction","target":{"@type":"EntryPoint","urlTemplate":"https:\/\/mwc-cmm.org\/en\/?s={search_term_string}"},"query-input":{"@type":"PropertyValueSpecification","valueRequired":true,"valueName":"search_term_string"}}],"inLanguage":"fr-FR"},{"@type":"Organization","@id":"https:\/\/mwc-cmm.org\/en\/#organization","name":"Mennonite World Conference","alternateName":"MWC","url":"https:\/\/mwc-cmm.org\/en\/","logo":{"@type":"ImageObject","inLanguage":"fr-FR","@id":"https:\/\/mwc-cmm.org\/en\/#\/schema\/logo\/image\/","url":"https:\/\/mwc-cmm.org\/wp-content\/uploads\/2026\/01\/MWC_Sig_Blue_Horiz_webheader1-logo.svg","contentUrl":"https:\/\/mwc-cmm.org\/wp-content\/uploads\/2026\/01\/MWC_Sig_Blue_Horiz_webheader1-logo.svg","width":786,"height":82,"caption":"Mennonite World Conference"},"image":{"@id":"https:\/\/mwc-cmm.org\/en\/#\/schema\/logo\/image\/"},"sameAs":["https:\/\/www.facebook.com\/MennoniteWorldConference","https:\/\/www.linkedin.com\/company\/mennonite-world-conference-mwc\/","https:\/\/www.instagram.com\/mwcmm\/","https:\/\/www.youtube.com\/user\/mwccmm","https:\/\/bsky.app\/profile\/mwcmm.bsky.social"]},{"@type":"Person","@id":"https:\/\/mwc-cmm.org\/en\/#\/schema\/person\/11f6ae0d7d1868ba20a1cc27f067c836","name":"mennworldcon","image":{"@type":"ImageObject","inLanguage":"fr-FR","@id":"https:\/\/secure.gravatar.com\/avatar\/06fdc0dc81c157dfdb82ec42f252178a22307808988d22c043f9eb96f1e0fe80?s=96&d=mm&r=g","url":"https:\/\/secure.gravatar.com\/avatar\/06fdc0dc81c157dfdb82ec42f252178a22307808988d22c043f9eb96f1e0fe80?s=96&d=mm&r=g","contentUrl":"https:\/\/secure.gravatar.com\/avatar\/06fdc0dc81c157dfdb82ec42f252178a22307808988d22c043f9eb96f1e0fe80?s=96&d=mm&r=g","caption":"mennworldcon"},"sameAs":["https:\/\/mwc-cmm.org"],"url":"https:\/\/mwc-cmm.org\/fr\/stories\/author\/mennworldcon\/"}]}},"_links":{"self":[{"href":"https:\/\/mwc-cmm.org\/fr\/wp-json\/wp\/v2\/posts\/9897","targetHints":{"allow":["GET"]}}],"collection":[{"href":"https:\/\/mwc-cmm.org\/fr\/wp-json\/wp\/v2\/posts"}],"about":[{"href":"https:\/\/mwc-cmm.org\/fr\/wp-json\/wp\/v2\/types\/post"}],"author":[{"embeddable":true,"href":"https:\/\/mwc-cmm.org\/fr\/wp-json\/wp\/v2\/users\/1"}],"replies":[{"embeddable":true,"href":"https:\/\/mwc-cmm.org\/fr\/wp-json\/wp\/v2\/comments?post=9897"}],"version-history":[{"count":0,"href":"https:\/\/mwc-cmm.org\/fr\/wp-json\/wp\/v2\/posts\/9897\/revisions"}],"wp:featuredmedia":[{"embeddable":true,"href":"https:\/\/mwc-cmm.org\/fr\/wp-json\/wp\/v2\/media\/88836"}],"wp:attachment":[{"href":"https:\/\/mwc-cmm.org\/fr\/wp-json\/wp\/v2\/media?parent=9897"}],"wp:term":[{"taxonomy":"category","embeddable":true,"href":"https:\/\/mwc-cmm.org\/fr\/wp-json\/wp\/v2\/categories?post=9897"},{"taxonomy":"post_tag","embeddable":true,"href":"https:\/\/mwc-cmm.org\/fr\/wp-json\/wp\/v2\/tags?post=9897"},{"taxonomy":"network","embeddable":true,"href":"https:\/\/mwc-cmm.org\/fr\/wp-json\/wp\/v2\/network?post=9897"},{"taxonomy":"eventcategory","embeddable":true,"href":"https:\/\/mwc-cmm.org\/fr\/wp-json\/wp\/v2\/eventcategory?post=9897"}],"curies":[{"name":"wp","href":"https:\/\/api.w.org\/{rel}","templated":true}]}}