{"id":9875,"date":"2017-06-29T00:00:00","date_gmt":"2017-06-29T00:00:00","guid":{"rendered":"https:\/\/mwc-cmm.org\/mwc-provides-care-after-the-storm-4\/"},"modified":"2024-12-10T17:14:43","modified_gmt":"2024-12-10T17:14:43","slug":"mwc-provides-care-after-the-storm-4","status":"publish","type":"post","link":"https:\/\/mwc-cmm.org\/fr\/stories\/mwc-provides-care-after-the-storm-4\/","title":{"rendered":"La CMM apporte de l&rsquo;aide apr\u00e8s la temp\u00eate"},"content":{"rendered":"<p>Bogot\u00e1, Colombie \u2013 La c\u00e9l\u00e9bration d&rsquo;un quinzi\u00e8me anniversaire dans leur \u00e9glise, Casa de Oracion, fut la raison pour laquelle Ignacio, Liliana et leur famille sortirent de chez eux, \u00e0 Manta, en Equateur, plus t\u00f4t que d&rsquo;habitude ce 16 avril 2016, juste avant que le tremblement de terre ait lieu. Ce tremblement de terre de magnitude 7,8 sur l\u2019\u00e9chelle de Richter fit environ 700 morts et d\u00e9truisit plus de 6 500 foyers, y compris celui d&rsquo;Ignacio et Liliana qui durent emm\u00e9nager chez leurs parents apr\u00e8s que le mur de la maison des voisins soit tomb\u00e9 sur la leur.<\/p>\n<p>D&rsquo;habitude, Ignacio, responsable de la sonorisation de l&rsquo;\u00e9glise, part avant sa femme et leurs deux enfants, mais puisque le culte commen\u00e7ait plus t\u00f4t ce samedi soir l\u00e0, la famille parti toute ensemble.<\/p>\n<p>Ils \u00e9taient dans la rue lorsque cela commen\u00e7a \u00e0 trembler. Le plus jeune fils d&rsquo;Ignacio tomba sous la voiture et les roues manqu\u00e8rent de peu de lui \u00e9craser les jambes. Les secousses dur\u00e8rent \u00e0 peu pr\u00e8s une minute.<\/p>\n<p><img decoding=\"async\" alt=\" Oscar Su\u00e1rez\" height=\"184\" data-src=\"https:\/\/mwc-cmm.org\/wp-content\/uploads\/2024\/10\/image005.jpg\" style=\"--smush-placeholder-width: 326px; --smush-placeholder-aspect-ratio: 326\/184;width:300px; height:169px; margin:5px 10px; float:right\" width=\"326\" src=\"data:image\/svg+xml;base64,PHN2ZyB3aWR0aD0iMSIgaGVpZ2h0PSIxIiB4bWxucz0iaHR0cDovL3d3dy53My5vcmcvMjAwMC9zdmciPjwvc3ZnPg==\" class=\"lazyload\" \/><\/p>\n<p>Plusieurs familles comme celle d&rsquo;Ignacio et Liliana se retrouv\u00e8rent \u00e0 la rue, mais elles purent voir la main de Dieu \u00e0 l&rsquo;oeuvre au travers de l&rsquo;aide apport\u00e9e par les Fonds Diacres, le MCC, la mission Rosedale Mennonite et d&rsquo;autres.<\/p>\n<p>Envoy\u00e9s par la Commission Diacre de la Conf\u00e9rence Mennonite Mondiale, Henks Stenvers (secr\u00e9taire de la Commission Diacre de la CMM) des Pays-Bas, Ephraim Disi Mbewe (R\u00e9v\u00e9rend Fr\u00e8re en Christ) du Malawi et Oscar Su\u00e1rez (repr\u00e9sentant des YABs pour l&rsquo;Am\u00e9rique Latine) de Colombie visit\u00e8rent les villes de Manta et Portoviejo dans les r\u00e9gions les plus affect\u00e9es, du 25 au 29 janvier 2017, pour \u00e9couter des t\u00e9moignages comme celui d&rsquo;Ignacio et Liliana et pour encourager les membres de l&rsquo;Iglesia Evang\u00e9lica Menonita Ecuatoriana.<\/p>\n<p>La Commission Diacre est responsable du bien-\u00eatre de la communion mondiale ; elle accompagne les \u00e9glises membres lors de temps durs, qu&rsquo;ils soient caus\u00e9s par des catastrophes naturelles ou par des gouvernements oppressifs. La Commission Diacre organise une visite pour \u00ab mette la main sur l&rsquo;\u00e9paule des membres et leur dire : \u201c Nous sommes avec vous durant ces moments difficiles. \u201d \u00bb &nbsp; &nbsp; &nbsp;<\/p>\n<p>En Equateur, la r\u00e9ponse de l&rsquo;\u00e9glise mennonite fut \u00e0 la fois spirituelle et pratique. Des membres de l&rsquo;\u00e9glise de Guayaquil aid\u00e8rent \u00e0 la recherche de victimes. Les membres de l&rsquo;\u00e9glise de Manta et de Portoviejo form\u00e8rent des cercles d\u2019espoir en donnant de la nourriture et de l&rsquo;eau aux familles dans le plus grand besoin.<\/p>\n<p>Le pasteur Juan Altamirano \u00e0 Portoviejo d\u00e9crit le camp de fortune qui accueille les 2 800 personnes alors que 200 autres personnes sont toujours en attente d&rsquo;un abris. Beaucoup sont reconnaissants que la catastrophe ait eu lieu un weekend lorsqu&rsquo;il n&rsquo;y avait presque personne dans les tours de bureaux, raconte Altamirano.<\/p>\n<p>\u00ab Il y a beaucoup de travail pour tout r\u00e9parer et l&rsquo;ampleur des d\u00e9g\u00e2ts est telle que cela prendra beaucoup de temps pour que tout revienne \u00e0 la normale \u00bb explique Stenvers. \u00ab Il est \u00e9vident que la communaut\u00e9 de l&rsquo;\u00e9glise a jou\u00e9 un r\u00f4le important dans la r\u00e9ponse \u00e0 la catastrophe, [en offrant] un espace pour se lamenter et pour se soutenir mutuellement. \u00bb<\/p>\n<p>\u00ab Ces familles purent commencer \u00e0 surmonter les difficult\u00e9s et \u00e0 voir la main de Dieu qui les soutient \u00e0 chaque instant \u00bb raconte Stenvers.<\/p>\n<p>\u00ab Ils ont perdu leurs maisons, \u00bb dit Su\u00e1rez, \u00ab mais avec le soutient de la famille anabaptiste mondiale qui leur apporte une aide \u00e9conomique, psychologique et spirituelle, ils se remettent de cette trag\u00e9die. \u00bb<\/p>\n<p>\u00ab Nous pouvons compter sur notre famille \u00e9largie et sur la main de Dieu qui nous utilise lorsqu&rsquo;il y a des probl\u00e8mes. \u00bb<\/p>\n<p>Durant la visite des diacres de la CMM en Am\u00e9rique Latine, Stenvers et Su\u00e1rez assist\u00e8rent \u00e9galement aux r\u00e9unions dans le Cono Sur. Des membres d&rsquo;\u00e9glises mennonites d&rsquo;Argentine, Bolivie, Br\u00e9sil, Chili, Paraguay et Uruguay se rencontr\u00e8rent du 21 au 25 janvier 2017 \u00e0 Buenos Aires. Certains des th\u00e8mes abord\u00e9s : l&rsquo;identit\u00e9 anabaptiste, la formation des responsables d&rsquo;\u00e9glise, le r\u00f4le des femmes et des jeunes dans l&rsquo;\u00e9glise, la c\u00e9l\u00e9bration des 100 ans de la pr\u00e9sence anabaptiste en Argentine et des pr\u00e9sentations d&rsquo;organisations.<\/p>\n<p>\u00ab Les rencontres \u00e9taient parfois pleines de rires et de joies, parfois \u00e9mues, raconte Stenvers. Il y avait un fort sentiment de communaut\u00e9. \u00bb<\/p>\n<p>\u00ab Partager dans la simplicit\u00e9, dans l&rsquo;abondance, dans le rire, dans la tristesse fut une exp\u00e9rience qui a enrichie ma vision de ma famille \u00e9largie dans le monde, \u00bb raconte Su\u00e1rez.<\/p>\n<p>En Equateur, les encouragements et l&rsquo;accompagnement spirituel de la famille anabaptiste mondiale aident l&rsquo;\u00e9glise \u00e0 \u00ab ramasser les morceaux, sachant que rien ne peut les s\u00e9parer de l&rsquo;amour de Dieu en Christ, \u00bb constate Disi.<\/p>\n<p>Et Ignacio ? Il a finit de reconstruire sa maison, elle est plus grande et plus fonctionnelle qu&rsquo;avant le tremblement de terre.<\/p>\n<p><em>\u00ab Un membre souffre-t-il ? Tous les autres souffrent avec lui. Un membre est-il \u00e0 l\u2019honneur ? Tous les autres partagent sa joie \u00bb (1 Corinthiens 12\/26).<\/em><\/p>\n<p><em>\u2014Communiqu\u00e9 de la Conf\u00e9rence Mennonite Mondiale<\/em><\/p>\n<p>&nbsp;<\/p>\n","protected":false},"excerpt":{"rendered":"<p>Bogot\u00e1, Colombie \u2013 La c\u00e9l\u00e9bration d&rsquo;un quinzi\u00e8me anniversaire dans leur \u00e9glise, Casa de Oracion, fut la raison pour laquelle Ignacio, Liliana et leur famille sortirent de chez eux, \u00e0 Manta, en Equateur, plus t\u00f4t que d&rsquo;habitude ce 16 avril 2016, juste avant que le tremblement de terre ait lieu. Ce tremblement de terre de magnitude [&hellip;]<\/p>\n","protected":false},"author":1,"featured_media":91132,"comment_status":"closed","ping_status":"closed","sticky":false,"template":"","format":"standard","meta":{"_acf_changed":false,"footnotes":""},"categories":[7],"tags":[],"network":[1262],"eventcategory":[],"class_list":["post-9875","post","type-post","status-publish","format-standard","has-post-thumbnail","hentry","category-non-classifiee","network-deacons-commission-fr"],"acf":[],"yoast_head":"<!-- This site is optimized with the Yoast SEO plugin v27.5 - https:\/\/yoast.com\/product\/yoast-seo-wordpress\/ -->\n<title>La CMM apporte de l&#039;aide apr\u00e8s la temp\u00eate - Mennonite World Conference<\/title>\n<meta name=\"robots\" content=\"index, follow, max-snippet:-1, max-image-preview:large, max-video-preview:-1\" \/>\n<link rel=\"canonical\" href=\"https:\/\/mwc-cmm.org\/fr\/stories\/mwc-provides-care-after-the-storm-4\/\" \/>\n<meta property=\"og:locale\" content=\"fr_FR\" \/>\n<meta property=\"og:type\" content=\"article\" \/>\n<meta property=\"og:title\" content=\"La CMM apporte de l&#039;aide apr\u00e8s la temp\u00eate - Mennonite World Conference\" \/>\n<meta property=\"og:description\" content=\"Bogot\u00e1, Colombie \u2013 La c\u00e9l\u00e9bration d&rsquo;un quinzi\u00e8me anniversaire dans leur \u00e9glise, Casa de Oracion, fut la raison pour laquelle Ignacio, Liliana et leur famille sortirent de chez eux, \u00e0 Manta, en Equateur, plus t\u00f4t que d&rsquo;habitude ce 16 avril 2016, juste avant que le tremblement de terre ait lieu. Ce tremblement de terre de magnitude [&hellip;]\" \/>\n<meta property=\"og:url\" content=\"https:\/\/mwc-cmm.org\/fr\/stories\/mwc-provides-care-after-the-storm-4\/\" \/>\n<meta property=\"og:site_name\" content=\"Mennonite World Conference\" \/>\n<meta property=\"article:publisher\" content=\"https:\/\/www.facebook.com\/MennoniteWorldConference\" \/>\n<meta property=\"article:published_time\" content=\"2017-06-29T00:00:00+00:00\" \/>\n<meta property=\"article:modified_time\" content=\"2024-12-10T17:14:43+00:00\" \/>\n<meta property=\"og:image\" content=\"https:\/\/mwc-cmm.org\/wp-content\/uploads\/2024\/11\/2017-henk-stenvers-nr-ecuador_img_0399-scaled.jpg\" \/>\n\t<meta property=\"og:image:width\" content=\"2560\" \/>\n\t<meta property=\"og:image:height\" content=\"1707\" \/>\n\t<meta property=\"og:image:type\" content=\"image\/jpeg\" \/>\n<meta name=\"author\" content=\"mennworldcon\" \/>\n<script type=\"application\/ld+json\" class=\"yoast-schema-graph\">{\"@context\":\"https:\\\/\\\/schema.org\",\"@graph\":[{\"@type\":\"Article\",\"@id\":\"https:\\\/\\\/mwc-cmm.org\\\/fr\\\/stories\\\/mwc-provides-care-after-the-storm-4\\\/#article\",\"isPartOf\":{\"@id\":\"https:\\\/\\\/mwc-cmm.org\\\/fr\\\/stories\\\/mwc-provides-care-after-the-storm-4\\\/\"},\"author\":{\"name\":\"mennworldcon\",\"@id\":\"https:\\\/\\\/mwc-cmm.org\\\/en\\\/#\\\/schema\\\/person\\\/11f6ae0d7d1868ba20a1cc27f067c836\"},\"headline\":\"La CMM apporte de l&rsquo;aide apr\u00e8s la temp\u00eate\",\"datePublished\":\"2017-06-29T00:00:00+00:00\",\"dateModified\":\"2024-12-10T17:14:43+00:00\",\"mainEntityOfPage\":{\"@id\":\"https:\\\/\\\/mwc-cmm.org\\\/fr\\\/stories\\\/mwc-provides-care-after-the-storm-4\\\/\"},\"wordCount\":877,\"publisher\":{\"@id\":\"https:\\\/\\\/mwc-cmm.org\\\/en\\\/#organization\"},\"image\":{\"@id\":\"https:\\\/\\\/mwc-cmm.org\\\/fr\\\/stories\\\/mwc-provides-care-after-the-storm-4\\\/#primaryimage\"},\"thumbnailUrl\":\"https:\\\/\\\/mwc-cmm.org\\\/wp-content\\\/uploads\\\/2024\\\/11\\\/2017-henk-stenvers-nr-ecuador_img_0399-scaled.jpg\",\"articleSection\":[\"Non classifi\u00e9(e)\"],\"inLanguage\":\"fr-FR\"},{\"@type\":\"WebPage\",\"@id\":\"https:\\\/\\\/mwc-cmm.org\\\/fr\\\/stories\\\/mwc-provides-care-after-the-storm-4\\\/\",\"url\":\"https:\\\/\\\/mwc-cmm.org\\\/fr\\\/stories\\\/mwc-provides-care-after-the-storm-4\\\/\",\"name\":\"La CMM apporte de l'aide apr\u00e8s la temp\u00eate - Mennonite World Conference\",\"isPartOf\":{\"@id\":\"https:\\\/\\\/mwc-cmm.org\\\/en\\\/#website\"},\"primaryImageOfPage\":{\"@id\":\"https:\\\/\\\/mwc-cmm.org\\\/fr\\\/stories\\\/mwc-provides-care-after-the-storm-4\\\/#primaryimage\"},\"image\":{\"@id\":\"https:\\\/\\\/mwc-cmm.org\\\/fr\\\/stories\\\/mwc-provides-care-after-the-storm-4\\\/#primaryimage\"},\"thumbnailUrl\":\"https:\\\/\\\/mwc-cmm.org\\\/wp-content\\\/uploads\\\/2024\\\/11\\\/2017-henk-stenvers-nr-ecuador_img_0399-scaled.jpg\",\"datePublished\":\"2017-06-29T00:00:00+00:00\",\"dateModified\":\"2024-12-10T17:14:43+00:00\",\"breadcrumb\":{\"@id\":\"https:\\\/\\\/mwc-cmm.org\\\/fr\\\/stories\\\/mwc-provides-care-after-the-storm-4\\\/#breadcrumb\"},\"inLanguage\":\"fr-FR\",\"potentialAction\":[{\"@type\":\"ReadAction\",\"target\":[\"https:\\\/\\\/mwc-cmm.org\\\/fr\\\/stories\\\/mwc-provides-care-after-the-storm-4\\\/\"]}]},{\"@type\":\"ImageObject\",\"inLanguage\":\"fr-FR\",\"@id\":\"https:\\\/\\\/mwc-cmm.org\\\/fr\\\/stories\\\/mwc-provides-care-after-the-storm-4\\\/#primaryimage\",\"url\":\"https:\\\/\\\/mwc-cmm.org\\\/wp-content\\\/uploads\\\/2024\\\/11\\\/2017-henk-stenvers-nr-ecuador_img_0399-scaled.jpg\",\"contentUrl\":\"https:\\\/\\\/mwc-cmm.org\\\/wp-content\\\/uploads\\\/2024\\\/11\\\/2017-henk-stenvers-nr-ecuador_img_0399-scaled.jpg\",\"width\":2560,\"height\":1707},{\"@type\":\"BreadcrumbList\",\"@id\":\"https:\\\/\\\/mwc-cmm.org\\\/fr\\\/stories\\\/mwc-provides-care-after-the-storm-4\\\/#breadcrumb\",\"itemListElement\":[{\"@type\":\"ListItem\",\"position\":1,\"name\":\"Home\",\"item\":\"https:\\\/\\\/mwc-cmm.org\\\/fr\\\/\"},{\"@type\":\"ListItem\",\"position\":2,\"name\":\"La CMM apporte de l&rsquo;aide apr\u00e8s la temp\u00eate\"}]},{\"@type\":\"WebSite\",\"@id\":\"https:\\\/\\\/mwc-cmm.org\\\/en\\\/#website\",\"url\":\"https:\\\/\\\/mwc-cmm.org\\\/en\\\/\",\"name\":\"Mennonite World Conference\",\"description\":\"A communion of Anabaptist-related churches\",\"publisher\":{\"@id\":\"https:\\\/\\\/mwc-cmm.org\\\/en\\\/#organization\"},\"alternateName\":\"MWC\",\"potentialAction\":[{\"@type\":\"SearchAction\",\"target\":{\"@type\":\"EntryPoint\",\"urlTemplate\":\"https:\\\/\\\/mwc-cmm.org\\\/en\\\/?s={search_term_string}\"},\"query-input\":{\"@type\":\"PropertyValueSpecification\",\"valueRequired\":true,\"valueName\":\"search_term_string\"}}],\"inLanguage\":\"fr-FR\"},{\"@type\":\"Organization\",\"@id\":\"https:\\\/\\\/mwc-cmm.org\\\/en\\\/#organization\",\"name\":\"Mennonite World Conference\",\"alternateName\":\"MWC\",\"url\":\"https:\\\/\\\/mwc-cmm.org\\\/en\\\/\",\"logo\":{\"@type\":\"ImageObject\",\"inLanguage\":\"fr-FR\",\"@id\":\"https:\\\/\\\/mwc-cmm.org\\\/en\\\/#\\\/schema\\\/logo\\\/image\\\/\",\"url\":\"https:\\\/\\\/mwc-cmm.org\\\/wp-content\\\/uploads\\\/2026\\\/01\\\/MWC_Sig_Blue_Horiz_webheader1-logo.svg\",\"contentUrl\":\"https:\\\/\\\/mwc-cmm.org\\\/wp-content\\\/uploads\\\/2026\\\/01\\\/MWC_Sig_Blue_Horiz_webheader1-logo.svg\",\"width\":786,\"height\":82,\"caption\":\"Mennonite World Conference\"},\"image\":{\"@id\":\"https:\\\/\\\/mwc-cmm.org\\\/en\\\/#\\\/schema\\\/logo\\\/image\\\/\"},\"sameAs\":[\"https:\\\/\\\/www.facebook.com\\\/MennoniteWorldConference\",\"https:\\\/\\\/www.linkedin.com\\\/company\\\/mennonite-world-conference-mwc\\\/\",\"https:\\\/\\\/www.instagram.com\\\/mwcmm\\\/\",\"https:\\\/\\\/www.youtube.com\\\/user\\\/mwccmm\",\"https:\\\/\\\/bsky.app\\\/profile\\\/mwcmm.bsky.social\"]},{\"@type\":\"Person\",\"@id\":\"https:\\\/\\\/mwc-cmm.org\\\/en\\\/#\\\/schema\\\/person\\\/11f6ae0d7d1868ba20a1cc27f067c836\",\"name\":\"mennworldcon\",\"image\":{\"@type\":\"ImageObject\",\"inLanguage\":\"fr-FR\",\"@id\":\"https:\\\/\\\/secure.gravatar.com\\\/avatar\\\/06fdc0dc81c157dfdb82ec42f252178a22307808988d22c043f9eb96f1e0fe80?s=96&d=mm&r=g\",\"url\":\"https:\\\/\\\/secure.gravatar.com\\\/avatar\\\/06fdc0dc81c157dfdb82ec42f252178a22307808988d22c043f9eb96f1e0fe80?s=96&d=mm&r=g\",\"contentUrl\":\"https:\\\/\\\/secure.gravatar.com\\\/avatar\\\/06fdc0dc81c157dfdb82ec42f252178a22307808988d22c043f9eb96f1e0fe80?s=96&d=mm&r=g\",\"caption\":\"mennworldcon\"},\"sameAs\":[\"https:\\\/\\\/mwc-cmm.org\"],\"url\":\"https:\\\/\\\/mwc-cmm.org\\\/fr\\\/stories\\\/author\\\/mennworldcon\\\/\"}]}<\/script>\n<!-- \/ Yoast SEO plugin. -->","yoast_head_json":{"title":"La CMM apporte de l'aide apr\u00e8s la temp\u00eate - Mennonite World Conference","robots":{"index":"index","follow":"follow","max-snippet":"max-snippet:-1","max-image-preview":"max-image-preview:large","max-video-preview":"max-video-preview:-1"},"canonical":"https:\/\/mwc-cmm.org\/fr\/stories\/mwc-provides-care-after-the-storm-4\/","og_locale":"fr_FR","og_type":"article","og_title":"La CMM apporte de l'aide apr\u00e8s la temp\u00eate - Mennonite World Conference","og_description":"Bogot\u00e1, Colombie \u2013 La c\u00e9l\u00e9bration d&rsquo;un quinzi\u00e8me anniversaire dans leur \u00e9glise, Casa de Oracion, fut la raison pour laquelle Ignacio, Liliana et leur famille sortirent de chez eux, \u00e0 Manta, en Equateur, plus t\u00f4t que d&rsquo;habitude ce 16 avril 2016, juste avant que le tremblement de terre ait lieu. Ce tremblement de terre de magnitude [&hellip;]","og_url":"https:\/\/mwc-cmm.org\/fr\/stories\/mwc-provides-care-after-the-storm-4\/","og_site_name":"Mennonite World Conference","article_publisher":"https:\/\/www.facebook.com\/MennoniteWorldConference","article_published_time":"2017-06-29T00:00:00+00:00","article_modified_time":"2024-12-10T17:14:43+00:00","og_image":[{"width":2560,"height":1707,"url":"https:\/\/mwc-cmm.org\/wp-content\/uploads\/2024\/11\/2017-henk-stenvers-nr-ecuador_img_0399-scaled.jpg","type":"image\/jpeg"}],"author":"mennworldcon","schema":{"@context":"https:\/\/schema.org","@graph":[{"@type":"Article","@id":"https:\/\/mwc-cmm.org\/fr\/stories\/mwc-provides-care-after-the-storm-4\/#article","isPartOf":{"@id":"https:\/\/mwc-cmm.org\/fr\/stories\/mwc-provides-care-after-the-storm-4\/"},"author":{"name":"mennworldcon","@id":"https:\/\/mwc-cmm.org\/en\/#\/schema\/person\/11f6ae0d7d1868ba20a1cc27f067c836"},"headline":"La CMM apporte de l&rsquo;aide apr\u00e8s la temp\u00eate","datePublished":"2017-06-29T00:00:00+00:00","dateModified":"2024-12-10T17:14:43+00:00","mainEntityOfPage":{"@id":"https:\/\/mwc-cmm.org\/fr\/stories\/mwc-provides-care-after-the-storm-4\/"},"wordCount":877,"publisher":{"@id":"https:\/\/mwc-cmm.org\/en\/#organization"},"image":{"@id":"https:\/\/mwc-cmm.org\/fr\/stories\/mwc-provides-care-after-the-storm-4\/#primaryimage"},"thumbnailUrl":"https:\/\/mwc-cmm.org\/wp-content\/uploads\/2024\/11\/2017-henk-stenvers-nr-ecuador_img_0399-scaled.jpg","articleSection":["Non classifi\u00e9(e)"],"inLanguage":"fr-FR"},{"@type":"WebPage","@id":"https:\/\/mwc-cmm.org\/fr\/stories\/mwc-provides-care-after-the-storm-4\/","url":"https:\/\/mwc-cmm.org\/fr\/stories\/mwc-provides-care-after-the-storm-4\/","name":"La CMM apporte de l'aide apr\u00e8s la temp\u00eate - Mennonite World Conference","isPartOf":{"@id":"https:\/\/mwc-cmm.org\/en\/#website"},"primaryImageOfPage":{"@id":"https:\/\/mwc-cmm.org\/fr\/stories\/mwc-provides-care-after-the-storm-4\/#primaryimage"},"image":{"@id":"https:\/\/mwc-cmm.org\/fr\/stories\/mwc-provides-care-after-the-storm-4\/#primaryimage"},"thumbnailUrl":"https:\/\/mwc-cmm.org\/wp-content\/uploads\/2024\/11\/2017-henk-stenvers-nr-ecuador_img_0399-scaled.jpg","datePublished":"2017-06-29T00:00:00+00:00","dateModified":"2024-12-10T17:14:43+00:00","breadcrumb":{"@id":"https:\/\/mwc-cmm.org\/fr\/stories\/mwc-provides-care-after-the-storm-4\/#breadcrumb"},"inLanguage":"fr-FR","potentialAction":[{"@type":"ReadAction","target":["https:\/\/mwc-cmm.org\/fr\/stories\/mwc-provides-care-after-the-storm-4\/"]}]},{"@type":"ImageObject","inLanguage":"fr-FR","@id":"https:\/\/mwc-cmm.org\/fr\/stories\/mwc-provides-care-after-the-storm-4\/#primaryimage","url":"https:\/\/mwc-cmm.org\/wp-content\/uploads\/2024\/11\/2017-henk-stenvers-nr-ecuador_img_0399-scaled.jpg","contentUrl":"https:\/\/mwc-cmm.org\/wp-content\/uploads\/2024\/11\/2017-henk-stenvers-nr-ecuador_img_0399-scaled.jpg","width":2560,"height":1707},{"@type":"BreadcrumbList","@id":"https:\/\/mwc-cmm.org\/fr\/stories\/mwc-provides-care-after-the-storm-4\/#breadcrumb","itemListElement":[{"@type":"ListItem","position":1,"name":"Home","item":"https:\/\/mwc-cmm.org\/fr\/"},{"@type":"ListItem","position":2,"name":"La CMM apporte de l&rsquo;aide apr\u00e8s la temp\u00eate"}]},{"@type":"WebSite","@id":"https:\/\/mwc-cmm.org\/en\/#website","url":"https:\/\/mwc-cmm.org\/en\/","name":"Mennonite World Conference","description":"A communion of Anabaptist-related churches","publisher":{"@id":"https:\/\/mwc-cmm.org\/en\/#organization"},"alternateName":"MWC","potentialAction":[{"@type":"SearchAction","target":{"@type":"EntryPoint","urlTemplate":"https:\/\/mwc-cmm.org\/en\/?s={search_term_string}"},"query-input":{"@type":"PropertyValueSpecification","valueRequired":true,"valueName":"search_term_string"}}],"inLanguage":"fr-FR"},{"@type":"Organization","@id":"https:\/\/mwc-cmm.org\/en\/#organization","name":"Mennonite World Conference","alternateName":"MWC","url":"https:\/\/mwc-cmm.org\/en\/","logo":{"@type":"ImageObject","inLanguage":"fr-FR","@id":"https:\/\/mwc-cmm.org\/en\/#\/schema\/logo\/image\/","url":"https:\/\/mwc-cmm.org\/wp-content\/uploads\/2026\/01\/MWC_Sig_Blue_Horiz_webheader1-logo.svg","contentUrl":"https:\/\/mwc-cmm.org\/wp-content\/uploads\/2026\/01\/MWC_Sig_Blue_Horiz_webheader1-logo.svg","width":786,"height":82,"caption":"Mennonite World Conference"},"image":{"@id":"https:\/\/mwc-cmm.org\/en\/#\/schema\/logo\/image\/"},"sameAs":["https:\/\/www.facebook.com\/MennoniteWorldConference","https:\/\/www.linkedin.com\/company\/mennonite-world-conference-mwc\/","https:\/\/www.instagram.com\/mwcmm\/","https:\/\/www.youtube.com\/user\/mwccmm","https:\/\/bsky.app\/profile\/mwcmm.bsky.social"]},{"@type":"Person","@id":"https:\/\/mwc-cmm.org\/en\/#\/schema\/person\/11f6ae0d7d1868ba20a1cc27f067c836","name":"mennworldcon","image":{"@type":"ImageObject","inLanguage":"fr-FR","@id":"https:\/\/secure.gravatar.com\/avatar\/06fdc0dc81c157dfdb82ec42f252178a22307808988d22c043f9eb96f1e0fe80?s=96&d=mm&r=g","url":"https:\/\/secure.gravatar.com\/avatar\/06fdc0dc81c157dfdb82ec42f252178a22307808988d22c043f9eb96f1e0fe80?s=96&d=mm&r=g","contentUrl":"https:\/\/secure.gravatar.com\/avatar\/06fdc0dc81c157dfdb82ec42f252178a22307808988d22c043f9eb96f1e0fe80?s=96&d=mm&r=g","caption":"mennworldcon"},"sameAs":["https:\/\/mwc-cmm.org"],"url":"https:\/\/mwc-cmm.org\/fr\/stories\/author\/mennworldcon\/"}]}},"_links":{"self":[{"href":"https:\/\/mwc-cmm.org\/fr\/wp-json\/wp\/v2\/posts\/9875","targetHints":{"allow":["GET"]}}],"collection":[{"href":"https:\/\/mwc-cmm.org\/fr\/wp-json\/wp\/v2\/posts"}],"about":[{"href":"https:\/\/mwc-cmm.org\/fr\/wp-json\/wp\/v2\/types\/post"}],"author":[{"embeddable":true,"href":"https:\/\/mwc-cmm.org\/fr\/wp-json\/wp\/v2\/users\/1"}],"replies":[{"embeddable":true,"href":"https:\/\/mwc-cmm.org\/fr\/wp-json\/wp\/v2\/comments?post=9875"}],"version-history":[{"count":0,"href":"https:\/\/mwc-cmm.org\/fr\/wp-json\/wp\/v2\/posts\/9875\/revisions"}],"wp:featuredmedia":[{"embeddable":true,"href":"https:\/\/mwc-cmm.org\/fr\/wp-json\/wp\/v2\/media\/91132"}],"wp:attachment":[{"href":"https:\/\/mwc-cmm.org\/fr\/wp-json\/wp\/v2\/media?parent=9875"}],"wp:term":[{"taxonomy":"category","embeddable":true,"href":"https:\/\/mwc-cmm.org\/fr\/wp-json\/wp\/v2\/categories?post=9875"},{"taxonomy":"post_tag","embeddable":true,"href":"https:\/\/mwc-cmm.org\/fr\/wp-json\/wp\/v2\/tags?post=9875"},{"taxonomy":"network","embeddable":true,"href":"https:\/\/mwc-cmm.org\/fr\/wp-json\/wp\/v2\/network?post=9875"},{"taxonomy":"eventcategory","embeddable":true,"href":"https:\/\/mwc-cmm.org\/fr\/wp-json\/wp\/v2\/eventcategory?post=9875"}],"curies":[{"name":"wp","href":"https:\/\/api.w.org\/{rel}","templated":true}]}}