{"id":9867,"date":"2017-05-31T00:00:00","date_gmt":"2017-05-31T00:00:00","guid":{"rendered":"https:\/\/mwc-cmm.org\/the-perfect-placement-a-kenyan-mennonite-in-the-mcc-un-office-4\/"},"modified":"2024-12-10T17:14:39","modified_gmt":"2024-12-10T17:14:39","slug":"the-perfect-placement-a-kenyan-mennonite-in-the-mcc-un-office-4","status":"publish","type":"post","link":"https:\/\/mwc-cmm.org\/fr\/stories\/the-perfect-placement-a-kenyan-mennonite-in-the-mcc-un-office-4\/","title":{"rendered":"Le poste parfait : Un mennonite kenyan au bureau du MCC \u00e0 l&rsquo;ONU"},"content":{"rendered":"<p>New York, \u00c9tats-Unis \u2013 De l\u00e0 o\u00f9 je suis assis au bureau du MCC \u00e0 l&rsquo;ONU, au 10 \u00e8me \u00e9tage du Church Center for the United Nations, je peux voir par la fen\u00eatre l&rsquo;entr\u00e9e du b\u00e2timent de l&rsquo;ONU et le drapeau kenyan, qui, de mani\u00e8re inattendue, fait remonter en moi un sentiment patriotique ; j&rsquo;apprends \u00e0 mieux appr\u00e9cier mon pays lorsque je n&rsquo;y suis pas.<\/p>\n<p>Au Kenya, je fr\u00e9quente Eastleigh Fellowship Center, une \u00e9glise mennonite de Nairobi, la capitale. Mes parents sont tous deux responsables dans la communaut\u00e9 mennonite kenyane. En grandissant, la notion de paix a \u00e9t\u00e9 fortement ancr\u00e9e en moi et c&rsquo;est ce qui a motiv\u00e9 ma d\u00e9cision de poursuivre des \u00e9tudes universitaires en relations internationales.<\/p>\n<p>En 2015, j&rsquo;ai obtenu un dipl\u00f4me en relations internationales de l&rsquo;universit\u00e9 de Nairobi o\u00f9 j&rsquo;ai d\u00e9couvert un inter\u00eat pour la diplomatie et pour sa relation avec la th\u00e9ologie ; c&rsquo;est \u00e0 dire, comment appliquer les valeurs bibliques et les principes anabaptistes aux strat\u00e9gies diplomatiques dans le monde de la politique. Alors lorsque j&rsquo;ai pris connaissance du poste de stagiaire au bureau du MCC \u00e0 l&rsquo;ONU quand le MCC lan\u00e7a son appel \u00e0 candidats pour le programme IVEP, j&rsquo;en ai conclu que ce serait le placement id\u00e9al pour un mennonite d&rsquo;un pays du Sud qui cherche \u00e0 faire une diff\u00e9rence dans les affaires internationales.<\/p>\n<p>J&rsquo;avais pass\u00e9 quatre ans \u00e0 \u00e9tudier l&rsquo;ONU en d\u00e9tails, mais c&rsquo;est tr\u00e8s different de conna\u00eetre une institution en th\u00e9orie et en pratique. Au bureau du MCC, j&rsquo;ai d\u00e9couvert que le travail de plaidoyer politique n&rsquo;est pas aussi joli que je le pensais. Cela demande beaucoup de recherche et de coordination entre nous : Doug Hostetter, le directeur qui est aussi mon superviseur, Kati Garrison, associ\u00e9e au programme et au plaidoyer, et Emma Cabana, b\u00e9n\u00e9vole du Mennonite Volunteer Service. Lors de nos r\u00e9unions d&rsquo;\u00e9quipe du mardi, nous avons un temps de louange dirig\u00e9 par chacun \u00e0 tour de r\u00f4le et nous partageons avec l&rsquo;\u00e9quipe ce sur quoi nous travaillons. Entant que nouveau stagiaire, j&rsquo;ai choisi des priorit\u00e9s sp\u00e9cifiques par pays, dont la RPDC (Cor\u00e9e du Nord), Israel et Palestine.<\/p>\n<p><strong>D\u00e9fis<\/strong><\/p>\n<p>Le travail de plaidoyer politique est nouveau pour moi et donc c&rsquo;est un d\u00e9fi de participer \u00e0 des r\u00e9unions d&rsquo;ONGs, de groupes de travail sur Israel\/Palestine et du Conseil de S\u00e9curit\u00e9.<\/p>\n<p>1. Une exp\u00e9rience limit\u00e9e<\/p>\n<p>Les \u00e9tudes en relations internationales vous donnent seulement un aper\u00e7u de comment le syst\u00e8me international fonctionne. En approfondissant davantage, j&rsquo;ai d\u00fb confronter l&rsquo;information apprise durant mes \u00e9tudes avec l&rsquo;information acquise sur le terrain.<\/p>\n<p>2. Le sentiment d&rsquo;inutilit\u00e9<\/p>\n<p>Dans les groupes de travail, constitu\u00e9s de repr\u00e9sentants d&rsquo;ONGs tr\u00e8s bien inform\u00e9s, je me sentais souvent incapable de contribuer, pas par choix mais parce que j&rsquo;\u00e9tais encore en phase d&rsquo;apprentissage. Mais, plus j&rsquo;assiste \u00e0 ces r\u00e9unions et plus je comprends.<\/p>\n<p>3. M\u2019int\u00e9grer dans des amiti\u00e9s d\u00e9j\u00e0 form\u00e9es<\/p>\n<p>Travailler au Church Center for the United Nations est plus communautaire que professionnel. M\u2019int\u00e9grer dans le r\u00e9seau tr\u00e8s soud\u00e9 des organisations et de leurs \u00e9quipes est difficile ; mais j&rsquo;ai appris \u00e0 former mes propres amiti\u00e9s et \u00e0 les int\u00e9grer dans la communaut\u00e9 au sens large.<\/p>\n<p>L\u2019exp\u00e9rience globale de travailler au bureau du MCC \u00e0 l&rsquo;ONU et avec la communaut\u00e9 de l&rsquo;ONU a \u00e9t\u00e9 tout \u00e0 la fois, frustrante, \u00e9clairante, gratifiante et enrichissante sur le plan professionnel et sur le plan spirituel.<\/p>\n<p>Sur le plan professionnel, j&rsquo;ai beaucoup appris de comment le travail de plaidoyer politique peut s\u2019immiscer dans l&rsquo;agenda international. Ainsi \u00e9quip\u00e9, je suis maintenant capable d&rsquo;appliquer ces connaissances au niveau local, pour aider mon eglise, ma communaut\u00e9, et mon pays \u00e0 continuer son travail de paix et son travail humanitaire.<\/p>\n<p>Entant que mennonite, je sais que la paix est intrins\u00e8que et qu&rsquo;elle devrait \u00eatre atteinte au travers de la non-violence. Le plus grand d\u00e9fi a \u00e9t\u00e9 d&rsquo;essayer d&rsquo;incorporer ces croyances dans une organisation \u00e0 agenda politique. Lorsque certains pays veulent utiliser la violence pour freiner un conflit, le MCC et d&rsquo;autres organisations d&rsquo;inspiration spirituelle, ont travaill\u00e9 dur pour offrir des alternatives \u00e9tiques et non-violentes pour la construction de la paix. M\u00eame si c&rsquo;est difficile, travailler au bureau du MCC \u00e0 l&rsquo;ONU m&rsquo;a appris que concilier mes croyances entant que mennonite avec les d\u00e9fis de la politique internationale \u00e9tait possible.<\/p>\n<p><em>\u2014Moses Osiro du Kenya est le stagiaire IVEP\/CMM au bureau du MCC \u00e0 l&rsquo;ONU (2016\u20132017).<\/em><\/p>\n<p><strong>Nous cherchons des candidats d&rsquo;Am\u00e9rique Latine pour le poste de stagiaire IVEP\/CMM 2018-2019 au bureau du MCC \u00e0 l&rsquo;ONU<\/strong><\/p>\n<p>Les candidats doivent \u00eatre membres d&rsquo;une \u00e9glise affili\u00e9e \u00e0 la CMM, \u00eatre c\u00e9libataires et avoir entre 25 et 30 ans. Ils doivent parler anglais couramment, \u00eatre engag\u00e9s pour la paix et la justice dans les affaires internationales et avoir un dipl\u00f4me universitaire en affaires internationales, sciences politiques, sociologie, histoire, th\u00e9ologie ou dans une mati\u00e8re similaire. Ils doivent avoir une exp\u00e9rience pratique en travail humanitaire, inter-religieux, ou en travail de justice\/paix \u00e0 niveau local ou international.<\/p>\n<p>Le candidat doit remplir une demande d&rsquo;inscription au programme IVEP dans le bureau du MCC de son pays. La date limite d&rsquo;inscription est octobre 2017 pour le stage de 2018-2019.<\/p>\n","protected":false},"excerpt":{"rendered":"<p>New York, \u00c9tats-Unis \u2013 De l\u00e0 o\u00f9 je suis assis au bureau du MCC \u00e0 l&rsquo;ONU, au 10 \u00e8me \u00e9tage du Church Center for the United Nations, je peux voir par la fen\u00eatre l&rsquo;entr\u00e9e du b\u00e2timent de l&rsquo;ONU et le drapeau kenyan, qui, de mani\u00e8re inattendue, fait remonter en moi un sentiment patriotique ; j&rsquo;apprends [&hellip;]<\/p>\n","protected":false},"author":1,"featured_media":91216,"comment_status":"closed","ping_status":"closed","sticky":false,"template":"","format":"standard","meta":{"_acf_changed":false,"footnotes":""},"categories":[7],"tags":[1148,396,1132],"network":[1285],"eventcategory":[],"class_list":["post-9867","post","type-post","status-publish","format-standard","has-post-thumbnail","hentry","category-non-classifiee","tag-jeunes","tag-yabs-fr","tag-young-people-fr","network-young-anabaptists-fr"],"acf":[],"yoast_head":"<!-- This site is optimized with the Yoast SEO plugin v27.2 - https:\/\/yoast.com\/product\/yoast-seo-wordpress\/ -->\n<title>Le poste parfait : Un mennonite kenyan au bureau du MCC \u00e0 l&#039;ONU - Mennonite World Conference<\/title>\n<meta name=\"robots\" content=\"index, follow, max-snippet:-1, max-image-preview:large, max-video-preview:-1\" \/>\n<link rel=\"canonical\" href=\"https:\/\/mwc-cmm.org\/fr\/stories\/the-perfect-placement-a-kenyan-mennonite-in-the-mcc-un-office-4\/\" \/>\n<meta property=\"og:locale\" content=\"fr_FR\" \/>\n<meta property=\"og:type\" content=\"article\" \/>\n<meta property=\"og:title\" content=\"Le poste parfait : Un mennonite kenyan au bureau du MCC \u00e0 l&#039;ONU - Mennonite World Conference\" \/>\n<meta property=\"og:description\" content=\"New York, \u00c9tats-Unis \u2013 De l\u00e0 o\u00f9 je suis assis au bureau du MCC \u00e0 l&rsquo;ONU, au 10 \u00e8me \u00e9tage du Church Center for the United Nations, je peux voir par la fen\u00eatre l&rsquo;entr\u00e9e du b\u00e2timent de l&rsquo;ONU et le drapeau kenyan, qui, de mani\u00e8re inattendue, fait remonter en moi un sentiment patriotique ; j&rsquo;apprends [&hellip;]\" \/>\n<meta property=\"og:url\" content=\"https:\/\/mwc-cmm.org\/fr\/stories\/the-perfect-placement-a-kenyan-mennonite-in-the-mcc-un-office-4\/\" \/>\n<meta property=\"og:site_name\" content=\"Mennonite World Conference\" \/>\n<meta property=\"article:publisher\" content=\"https:\/\/www.facebook.com\/MennoniteWorldConference\" \/>\n<meta property=\"article:published_time\" content=\"2017-05-31T00:00:00+00:00\" \/>\n<meta property=\"article:modified_time\" content=\"2024-12-10T17:14:39+00:00\" \/>\n<meta property=\"og:image\" content=\"https:\/\/mwc-cmm.org\/wp-content\/uploads\/2024\/11\/nr-mcc-ivep-un_intern.jpg\" \/>\n\t<meta property=\"og:image:width\" content=\"1024\" \/>\n\t<meta property=\"og:image:height\" content=\"682\" \/>\n\t<meta property=\"og:image:type\" content=\"image\/jpeg\" \/>\n<meta name=\"author\" content=\"mennworldcon\" \/>\n<script type=\"application\/ld+json\" class=\"yoast-schema-graph\">{\"@context\":\"https:\/\/schema.org\",\"@graph\":[{\"@type\":\"Article\",\"@id\":\"https:\/\/mwc-cmm.org\/fr\/stories\/the-perfect-placement-a-kenyan-mennonite-in-the-mcc-un-office-4\/#article\",\"isPartOf\":{\"@id\":\"https:\/\/mwc-cmm.org\/fr\/stories\/the-perfect-placement-a-kenyan-mennonite-in-the-mcc-un-office-4\/\"},\"author\":{\"name\":\"mennworldcon\",\"@id\":\"https:\/\/mwc-cmm.org\/en\/#\/schema\/person\/11f6ae0d7d1868ba20a1cc27f067c836\"},\"headline\":\"Le poste parfait : Un mennonite kenyan au bureau du MCC \u00e0 l&rsquo;ONU\",\"datePublished\":\"2017-05-31T00:00:00+00:00\",\"dateModified\":\"2024-12-10T17:14:39+00:00\",\"mainEntityOfPage\":{\"@id\":\"https:\/\/mwc-cmm.org\/fr\/stories\/the-perfect-placement-a-kenyan-mennonite-in-the-mcc-un-office-4\/\"},\"wordCount\":940,\"publisher\":{\"@id\":\"https:\/\/mwc-cmm.org\/en\/#organization\"},\"image\":{\"@id\":\"https:\/\/mwc-cmm.org\/fr\/stories\/the-perfect-placement-a-kenyan-mennonite-in-the-mcc-un-office-4\/#primaryimage\"},\"thumbnailUrl\":\"https:\/\/mwc-cmm.org\/wp-content\/uploads\/2024\/11\/nr-mcc-ivep-un_intern.jpg\",\"keywords\":[\"jeunes\",\"YABs\",\"young people\"],\"articleSection\":[\"Non classifi\u00e9(e)\"],\"inLanguage\":\"fr-FR\"},{\"@type\":\"WebPage\",\"@id\":\"https:\/\/mwc-cmm.org\/fr\/stories\/the-perfect-placement-a-kenyan-mennonite-in-the-mcc-un-office-4\/\",\"url\":\"https:\/\/mwc-cmm.org\/fr\/stories\/the-perfect-placement-a-kenyan-mennonite-in-the-mcc-un-office-4\/\",\"name\":\"Le poste parfait : Un mennonite kenyan au bureau du MCC \u00e0 l'ONU - Mennonite World Conference\",\"isPartOf\":{\"@id\":\"https:\/\/mwc-cmm.org\/en\/#website\"},\"primaryImageOfPage\":{\"@id\":\"https:\/\/mwc-cmm.org\/fr\/stories\/the-perfect-placement-a-kenyan-mennonite-in-the-mcc-un-office-4\/#primaryimage\"},\"image\":{\"@id\":\"https:\/\/mwc-cmm.org\/fr\/stories\/the-perfect-placement-a-kenyan-mennonite-in-the-mcc-un-office-4\/#primaryimage\"},\"thumbnailUrl\":\"https:\/\/mwc-cmm.org\/wp-content\/uploads\/2024\/11\/nr-mcc-ivep-un_intern.jpg\",\"datePublished\":\"2017-05-31T00:00:00+00:00\",\"dateModified\":\"2024-12-10T17:14:39+00:00\",\"breadcrumb\":{\"@id\":\"https:\/\/mwc-cmm.org\/fr\/stories\/the-perfect-placement-a-kenyan-mennonite-in-the-mcc-un-office-4\/#breadcrumb\"},\"inLanguage\":\"fr-FR\",\"potentialAction\":[{\"@type\":\"ReadAction\",\"target\":[\"https:\/\/mwc-cmm.org\/fr\/stories\/the-perfect-placement-a-kenyan-mennonite-in-the-mcc-un-office-4\/\"]}]},{\"@type\":\"ImageObject\",\"inLanguage\":\"fr-FR\",\"@id\":\"https:\/\/mwc-cmm.org\/fr\/stories\/the-perfect-placement-a-kenyan-mennonite-in-the-mcc-un-office-4\/#primaryimage\",\"url\":\"https:\/\/mwc-cmm.org\/wp-content\/uploads\/2024\/11\/nr-mcc-ivep-un_intern.jpg\",\"contentUrl\":\"https:\/\/mwc-cmm.org\/wp-content\/uploads\/2024\/11\/nr-mcc-ivep-un_intern.jpg\",\"width\":1024,\"height\":682},{\"@type\":\"BreadcrumbList\",\"@id\":\"https:\/\/mwc-cmm.org\/fr\/stories\/the-perfect-placement-a-kenyan-mennonite-in-the-mcc-un-office-4\/#breadcrumb\",\"itemListElement\":[{\"@type\":\"ListItem\",\"position\":1,\"name\":\"Home\",\"item\":\"https:\/\/mwc-cmm.org\/fr\/\"},{\"@type\":\"ListItem\",\"position\":2,\"name\":\"Le poste parfait : Un mennonite kenyan au bureau du MCC \u00e0 l&rsquo;ONU\"}]},{\"@type\":\"WebSite\",\"@id\":\"https:\/\/mwc-cmm.org\/en\/#website\",\"url\":\"https:\/\/mwc-cmm.org\/en\/\",\"name\":\"Mennonite World Conference\",\"description\":\"A communion of Anabaptist-related churches\",\"publisher\":{\"@id\":\"https:\/\/mwc-cmm.org\/en\/#organization\"},\"alternateName\":\"MWC\",\"potentialAction\":[{\"@type\":\"SearchAction\",\"target\":{\"@type\":\"EntryPoint\",\"urlTemplate\":\"https:\/\/mwc-cmm.org\/en\/?s={search_term_string}\"},\"query-input\":{\"@type\":\"PropertyValueSpecification\",\"valueRequired\":true,\"valueName\":\"search_term_string\"}}],\"inLanguage\":\"fr-FR\"},{\"@type\":\"Organization\",\"@id\":\"https:\/\/mwc-cmm.org\/en\/#organization\",\"name\":\"Mennonite World Conference\",\"alternateName\":\"MWC\",\"url\":\"https:\/\/mwc-cmm.org\/en\/\",\"logo\":{\"@type\":\"ImageObject\",\"inLanguage\":\"fr-FR\",\"@id\":\"https:\/\/mwc-cmm.org\/en\/#\/schema\/logo\/image\/\",\"url\":\"https:\/\/mwc-cmm.org\/wp-content\/uploads\/2026\/01\/MWC_Sig_Blue_Horiz_webheader1-logo.svg\",\"contentUrl\":\"https:\/\/mwc-cmm.org\/wp-content\/uploads\/2026\/01\/MWC_Sig_Blue_Horiz_webheader1-logo.svg\",\"width\":786,\"height\":82,\"caption\":\"Mennonite World Conference\"},\"image\":{\"@id\":\"https:\/\/mwc-cmm.org\/en\/#\/schema\/logo\/image\/\"},\"sameAs\":[\"https:\/\/www.facebook.com\/MennoniteWorldConference\",\"https:\/\/www.linkedin.com\/company\/mennonite-world-conference-mwc\/\",\"https:\/\/www.instagram.com\/mwcmm\/\",\"https:\/\/www.youtube.com\/user\/mwccmm\",\"https:\/\/bsky.app\/profile\/mwcmm.bsky.social\"]},{\"@type\":\"Person\",\"@id\":\"https:\/\/mwc-cmm.org\/en\/#\/schema\/person\/11f6ae0d7d1868ba20a1cc27f067c836\",\"name\":\"mennworldcon\",\"image\":{\"@type\":\"ImageObject\",\"inLanguage\":\"fr-FR\",\"@id\":\"https:\/\/secure.gravatar.com\/avatar\/06fdc0dc81c157dfdb82ec42f252178a22307808988d22c043f9eb96f1e0fe80?s=96&d=mm&r=g\",\"url\":\"https:\/\/secure.gravatar.com\/avatar\/06fdc0dc81c157dfdb82ec42f252178a22307808988d22c043f9eb96f1e0fe80?s=96&d=mm&r=g\",\"contentUrl\":\"https:\/\/secure.gravatar.com\/avatar\/06fdc0dc81c157dfdb82ec42f252178a22307808988d22c043f9eb96f1e0fe80?s=96&d=mm&r=g\",\"caption\":\"mennworldcon\"},\"sameAs\":[\"https:\/\/mwc-cmm.org\"],\"url\":\"https:\/\/mwc-cmm.org\/fr\/stories\/author\/mennworldcon\/\"}]}<\/script>\n<!-- \/ Yoast SEO plugin. -->","yoast_head_json":{"title":"Le poste parfait : Un mennonite kenyan au bureau du MCC \u00e0 l'ONU - Mennonite World Conference","robots":{"index":"index","follow":"follow","max-snippet":"max-snippet:-1","max-image-preview":"max-image-preview:large","max-video-preview":"max-video-preview:-1"},"canonical":"https:\/\/mwc-cmm.org\/fr\/stories\/the-perfect-placement-a-kenyan-mennonite-in-the-mcc-un-office-4\/","og_locale":"fr_FR","og_type":"article","og_title":"Le poste parfait : Un mennonite kenyan au bureau du MCC \u00e0 l'ONU - Mennonite World Conference","og_description":"New York, \u00c9tats-Unis \u2013 De l\u00e0 o\u00f9 je suis assis au bureau du MCC \u00e0 l&rsquo;ONU, au 10 \u00e8me \u00e9tage du Church Center for the United Nations, je peux voir par la fen\u00eatre l&rsquo;entr\u00e9e du b\u00e2timent de l&rsquo;ONU et le drapeau kenyan, qui, de mani\u00e8re inattendue, fait remonter en moi un sentiment patriotique ; j&rsquo;apprends [&hellip;]","og_url":"https:\/\/mwc-cmm.org\/fr\/stories\/the-perfect-placement-a-kenyan-mennonite-in-the-mcc-un-office-4\/","og_site_name":"Mennonite World Conference","article_publisher":"https:\/\/www.facebook.com\/MennoniteWorldConference","article_published_time":"2017-05-31T00:00:00+00:00","article_modified_time":"2024-12-10T17:14:39+00:00","og_image":[{"width":1024,"height":682,"url":"https:\/\/mwc-cmm.org\/wp-content\/uploads\/2024\/11\/nr-mcc-ivep-un_intern.jpg","type":"image\/jpeg"}],"author":"mennworldcon","schema":{"@context":"https:\/\/schema.org","@graph":[{"@type":"Article","@id":"https:\/\/mwc-cmm.org\/fr\/stories\/the-perfect-placement-a-kenyan-mennonite-in-the-mcc-un-office-4\/#article","isPartOf":{"@id":"https:\/\/mwc-cmm.org\/fr\/stories\/the-perfect-placement-a-kenyan-mennonite-in-the-mcc-un-office-4\/"},"author":{"name":"mennworldcon","@id":"https:\/\/mwc-cmm.org\/en\/#\/schema\/person\/11f6ae0d7d1868ba20a1cc27f067c836"},"headline":"Le poste parfait : Un mennonite kenyan au bureau du MCC \u00e0 l&rsquo;ONU","datePublished":"2017-05-31T00:00:00+00:00","dateModified":"2024-12-10T17:14:39+00:00","mainEntityOfPage":{"@id":"https:\/\/mwc-cmm.org\/fr\/stories\/the-perfect-placement-a-kenyan-mennonite-in-the-mcc-un-office-4\/"},"wordCount":940,"publisher":{"@id":"https:\/\/mwc-cmm.org\/en\/#organization"},"image":{"@id":"https:\/\/mwc-cmm.org\/fr\/stories\/the-perfect-placement-a-kenyan-mennonite-in-the-mcc-un-office-4\/#primaryimage"},"thumbnailUrl":"https:\/\/mwc-cmm.org\/wp-content\/uploads\/2024\/11\/nr-mcc-ivep-un_intern.jpg","keywords":["jeunes","YABs","young people"],"articleSection":["Non classifi\u00e9(e)"],"inLanguage":"fr-FR"},{"@type":"WebPage","@id":"https:\/\/mwc-cmm.org\/fr\/stories\/the-perfect-placement-a-kenyan-mennonite-in-the-mcc-un-office-4\/","url":"https:\/\/mwc-cmm.org\/fr\/stories\/the-perfect-placement-a-kenyan-mennonite-in-the-mcc-un-office-4\/","name":"Le poste parfait : Un mennonite kenyan au bureau du MCC \u00e0 l'ONU - Mennonite World Conference","isPartOf":{"@id":"https:\/\/mwc-cmm.org\/en\/#website"},"primaryImageOfPage":{"@id":"https:\/\/mwc-cmm.org\/fr\/stories\/the-perfect-placement-a-kenyan-mennonite-in-the-mcc-un-office-4\/#primaryimage"},"image":{"@id":"https:\/\/mwc-cmm.org\/fr\/stories\/the-perfect-placement-a-kenyan-mennonite-in-the-mcc-un-office-4\/#primaryimage"},"thumbnailUrl":"https:\/\/mwc-cmm.org\/wp-content\/uploads\/2024\/11\/nr-mcc-ivep-un_intern.jpg","datePublished":"2017-05-31T00:00:00+00:00","dateModified":"2024-12-10T17:14:39+00:00","breadcrumb":{"@id":"https:\/\/mwc-cmm.org\/fr\/stories\/the-perfect-placement-a-kenyan-mennonite-in-the-mcc-un-office-4\/#breadcrumb"},"inLanguage":"fr-FR","potentialAction":[{"@type":"ReadAction","target":["https:\/\/mwc-cmm.org\/fr\/stories\/the-perfect-placement-a-kenyan-mennonite-in-the-mcc-un-office-4\/"]}]},{"@type":"ImageObject","inLanguage":"fr-FR","@id":"https:\/\/mwc-cmm.org\/fr\/stories\/the-perfect-placement-a-kenyan-mennonite-in-the-mcc-un-office-4\/#primaryimage","url":"https:\/\/mwc-cmm.org\/wp-content\/uploads\/2024\/11\/nr-mcc-ivep-un_intern.jpg","contentUrl":"https:\/\/mwc-cmm.org\/wp-content\/uploads\/2024\/11\/nr-mcc-ivep-un_intern.jpg","width":1024,"height":682},{"@type":"BreadcrumbList","@id":"https:\/\/mwc-cmm.org\/fr\/stories\/the-perfect-placement-a-kenyan-mennonite-in-the-mcc-un-office-4\/#breadcrumb","itemListElement":[{"@type":"ListItem","position":1,"name":"Home","item":"https:\/\/mwc-cmm.org\/fr\/"},{"@type":"ListItem","position":2,"name":"Le poste parfait : Un mennonite kenyan au bureau du MCC \u00e0 l&rsquo;ONU"}]},{"@type":"WebSite","@id":"https:\/\/mwc-cmm.org\/en\/#website","url":"https:\/\/mwc-cmm.org\/en\/","name":"Mennonite World Conference","description":"A communion of Anabaptist-related churches","publisher":{"@id":"https:\/\/mwc-cmm.org\/en\/#organization"},"alternateName":"MWC","potentialAction":[{"@type":"SearchAction","target":{"@type":"EntryPoint","urlTemplate":"https:\/\/mwc-cmm.org\/en\/?s={search_term_string}"},"query-input":{"@type":"PropertyValueSpecification","valueRequired":true,"valueName":"search_term_string"}}],"inLanguage":"fr-FR"},{"@type":"Organization","@id":"https:\/\/mwc-cmm.org\/en\/#organization","name":"Mennonite World Conference","alternateName":"MWC","url":"https:\/\/mwc-cmm.org\/en\/","logo":{"@type":"ImageObject","inLanguage":"fr-FR","@id":"https:\/\/mwc-cmm.org\/en\/#\/schema\/logo\/image\/","url":"https:\/\/mwc-cmm.org\/wp-content\/uploads\/2026\/01\/MWC_Sig_Blue_Horiz_webheader1-logo.svg","contentUrl":"https:\/\/mwc-cmm.org\/wp-content\/uploads\/2026\/01\/MWC_Sig_Blue_Horiz_webheader1-logo.svg","width":786,"height":82,"caption":"Mennonite World Conference"},"image":{"@id":"https:\/\/mwc-cmm.org\/en\/#\/schema\/logo\/image\/"},"sameAs":["https:\/\/www.facebook.com\/MennoniteWorldConference","https:\/\/www.linkedin.com\/company\/mennonite-world-conference-mwc\/","https:\/\/www.instagram.com\/mwcmm\/","https:\/\/www.youtube.com\/user\/mwccmm","https:\/\/bsky.app\/profile\/mwcmm.bsky.social"]},{"@type":"Person","@id":"https:\/\/mwc-cmm.org\/en\/#\/schema\/person\/11f6ae0d7d1868ba20a1cc27f067c836","name":"mennworldcon","image":{"@type":"ImageObject","inLanguage":"fr-FR","@id":"https:\/\/secure.gravatar.com\/avatar\/06fdc0dc81c157dfdb82ec42f252178a22307808988d22c043f9eb96f1e0fe80?s=96&d=mm&r=g","url":"https:\/\/secure.gravatar.com\/avatar\/06fdc0dc81c157dfdb82ec42f252178a22307808988d22c043f9eb96f1e0fe80?s=96&d=mm&r=g","contentUrl":"https:\/\/secure.gravatar.com\/avatar\/06fdc0dc81c157dfdb82ec42f252178a22307808988d22c043f9eb96f1e0fe80?s=96&d=mm&r=g","caption":"mennworldcon"},"sameAs":["https:\/\/mwc-cmm.org"],"url":"https:\/\/mwc-cmm.org\/fr\/stories\/author\/mennworldcon\/"}]}},"_links":{"self":[{"href":"https:\/\/mwc-cmm.org\/fr\/wp-json\/wp\/v2\/posts\/9867","targetHints":{"allow":["GET"]}}],"collection":[{"href":"https:\/\/mwc-cmm.org\/fr\/wp-json\/wp\/v2\/posts"}],"about":[{"href":"https:\/\/mwc-cmm.org\/fr\/wp-json\/wp\/v2\/types\/post"}],"author":[{"embeddable":true,"href":"https:\/\/mwc-cmm.org\/fr\/wp-json\/wp\/v2\/users\/1"}],"replies":[{"embeddable":true,"href":"https:\/\/mwc-cmm.org\/fr\/wp-json\/wp\/v2\/comments?post=9867"}],"version-history":[{"count":0,"href":"https:\/\/mwc-cmm.org\/fr\/wp-json\/wp\/v2\/posts\/9867\/revisions"}],"wp:featuredmedia":[{"embeddable":true,"href":"https:\/\/mwc-cmm.org\/fr\/wp-json\/wp\/v2\/media\/91216"}],"wp:attachment":[{"href":"https:\/\/mwc-cmm.org\/fr\/wp-json\/wp\/v2\/media?parent=9867"}],"wp:term":[{"taxonomy":"category","embeddable":true,"href":"https:\/\/mwc-cmm.org\/fr\/wp-json\/wp\/v2\/categories?post=9867"},{"taxonomy":"post_tag","embeddable":true,"href":"https:\/\/mwc-cmm.org\/fr\/wp-json\/wp\/v2\/tags?post=9867"},{"taxonomy":"network","embeddable":true,"href":"https:\/\/mwc-cmm.org\/fr\/wp-json\/wp\/v2\/network?post=9867"},{"taxonomy":"eventcategory","embeddable":true,"href":"https:\/\/mwc-cmm.org\/fr\/wp-json\/wp\/v2\/eventcategory?post=9867"}],"curies":[{"name":"wp","href":"https:\/\/api.w.org\/{rel}","templated":true}]}}