{"id":9861,"date":"2017-04-11T00:00:00","date_gmt":"2017-04-11T00:00:00","guid":{"rendered":"https:\/\/mwc-cmm.org\/songs-sermons-and-saucers-4\/"},"modified":"2024-12-10T17:14:38","modified_gmt":"2024-12-10T17:14:38","slug":"chansons-sermons-et-assiettes","status":"publish","type":"post","link":"https:\/\/mwc-cmm.org\/fr\/stories\/chansons-sermons-et-assiettes\/","title":{"rendered":"Chansons, sermons et assiettes"},"content":{"rendered":"<p>Bogota, Colombie \u2013 De la musique de diff\u00e9rentes cultures, la lecture des \u00c9critures sur un th\u00e8me commun, des repas de nourriture et des offrandes sp\u00e9ciales caract\u00e9risent le Dimanche de la Fraternit\u00e9 Mondiale, une f\u00eate de la famille anabaptiste des \u00c9glises Mennonites et Fr\u00e8res en Christ, c\u00e9l\u00e9br\u00e9e le 22 janvier 2017.<\/p>\n<p>En 2017, le th\u00e8me \u2018Mon cri est entendu\u2019 traitait de la fid\u00e9lit\u00e9 de Dieu au milieu des difficult\u00e9s provoqu\u00e9es par la crise des personnes d\u00e9plac\u00e9es dans le monde et des probl\u00e8mes personnels (Ps 40\/1\u201310, Gn 11\/1\u20139, Ac 2\/1\u201318). Il est possible de t\u00e9l\u00e9charger ces ressources &#8211; pr\u00e9par\u00e9es pour le culte &#8211; sur <a href=\"http:\/\/www.mwc-cmm.org\/dimanchefraternitemondiale\">www.mwc-cmm.org\/dimanchefraternitemondiale<\/a> ; elles peuvent aussi \u00eatre utilis\u00e9es n\u2019importe quel dimanche de l\u2019ann\u00e9e pour aider les \u00e9glises \u00e0 c\u00e9l\u00e9brer la communion anabaptiste mondiale.<\/p>\n<p>\u00ab Nous nous souvenons qu\u2019il y a 500 ans, des femmes et des hommes courageux, motiv\u00e9s par les enseignements de J\u00e9sus, ont d\u00e9cid\u00e9 de le suivre, m\u00eame au prix de leur vie \u00bb, dit Oscar Suarez, membre de l\u2019Iglesia Menonita de Ibagu\u00e9 (Colombie).<\/p>\n<p><img decoding=\"async\" alt=\"Les \u00e9glises mennonites de Groningen et de Drenthe (Pays-Bas), ont c\u00e9l\u00e9br\u00e9 le Dimanche de la Fraternit\u00e9 Mondiale \u00e0 Doopsgezind Gemeente Haren.       Photo par Jacob H Kikkert.\" data-src=\"https:\/\/mwc-cmm.org\/wp-content\/uploads\/2024\/10\/unknown_0.jpeg\" style=\"--smush-image-width: 1280px; --smush-image-aspect-ratio: 1280\/960;width: 300px; height: 225px; margin: 10px; float: right;\" width=\"1280\" class=\"smush-dimensions lazyload\" src=\"data:image\/svg+xml;base64,PHN2ZyB3aWR0aD0iMSIgaGVpZ2h0PSIxIiB4bWxucz0iaHR0cDovL3d3dy53My5vcmcvMjAwMC9zdmciPjwvc3ZnPg==\" \/><\/p>\n<div>\n<p>\u00ab Cela nous rappelle que rompre le pain signifie servir et r\u00e9pondre aux besoins des autres. Cela ne signifie pas qu\u2019il n\u2019y ait pas de probl\u00e8mes, mais que nous savons que nous sommes assur\u00e9s de la victoire avec, et par, Dieu \u00bb, dit Manjula Roul de L\u2019\u00e9glise Bethel BIC, Cuttack, Odisha (Inde).<\/p>\n<p>La pasteure Ofelia Garc\u00eda de Pedroza, de Chihuahua (Mexique) d\u00e9clare que le but du Dimanche de la Fraternit\u00e9 Mondiale est \u00ab d\u2019encourager et d\u2019exhorter les fr\u00e8res \u00e0 prendre des d\u00e9cisions qui cr\u00e9ent une br\u00e8che dans les murs que d\u2019autres voudraient b\u00e2tir \u00bb.<\/p>\n<p>Pour la petite assembl\u00e9e locale de Francfort (Allemagne), la c\u00e9l\u00e9bration met en avant la joie de faire partie de la communaut\u00e9 anabaptiste mondiale. \u00ab Nous avons port\u00e9 dans la pri\u00e8re les pr\u00e9occupations de notre famille mondiale spirituelle, ceux qui sont pers\u00e9cut\u00e9s et ceux qui sont d\u00e9courag\u00e9s par les \u00e9v\u00e9nements politiques \u00bb, dit Andrea Lange de Arbeitsgemeinschaft Mennonitischer Gemeinden.<\/p>\n<p>\u00ab C\u2019\u00e9tait une bonne chose de parler de la r\u00e9alit\u00e9 des r\u00e9fugi\u00e9s \u00bb, dit le pasteur Siaka Traor\u00e9 de l\u2019\u00e9glise mennonite de Bobo-Dioulasso (Burkina Faso), qui accueille ceux qui fuient le Mali. La c\u00e9l\u00e9bration de ce dimanche 29 janvier 2017 a aussi vu l\u2019inauguration d\u2019un nouveau b\u00e2timent. \u00ab Notre joie a \u00e9t\u00e9 d\u2019autant plus grande que notre nouvelle \u00e9glise a accueilli sept nouvelles personnes qui sont devenues membres de notre communaut\u00e9.<\/p>\n<p>Le Dimanche de la Fraternit\u00e9 Mondiale est \u00ab un \u00e9v\u00e9nement important, car il rappelle que l\u2019enseignement de J\u00e9sus constitue l\u2019autorit\u00e9 finale sur le mode de vie des chr\u00e9tiens \u00bb, dit Marvin Dyck, pasteur de Crossroads Mennonite Brethren Church \u00e0 Winnipeg, (Canada). \u00ab L\u2019important n\u2019est pas ce que le gouvernement ou la culture nous dit de faire, mais de suivre l\u2019enseignement et l\u2019exemple de J\u00e9sus \u00bb.<\/p>\n<p><em>\u2014Communiqu\u00e9 de la Conf\u00e9rence Mennonite Mondiale<\/em><\/p>\n<\/div>\n<p><a href=\"https:\/\/www.mwc-cmm.org\/gallery\/2065\">Cliquez ici<\/a> pour voir la galerie de photos de le Dimanche de la Fraternit\u00e9 Mondiale 2017 : Chansons, sermons et assiettes<\/p>\n","protected":false},"excerpt":{"rendered":"<p>NULL<\/p>\n","protected":false},"author":1,"featured_media":0,"comment_status":"closed","ping_status":"closed","sticky":false,"template":"","format":"standard","meta":{"_acf_changed":false,"footnotes":""},"categories":[7],"tags":[],"network":[],"eventcategory":[],"class_list":["post-9861","post","type-post","status-publish","format-standard","hentry","category-non-classifiee"],"acf":[],"yoast_head":"<!-- This site is optimized with the Yoast SEO plugin v27.2 - https:\/\/yoast.com\/product\/yoast-seo-wordpress\/ -->\n<title>Chansons, sermons et assiettes - Mennonite World Conference<\/title>\n<meta name=\"robots\" content=\"index, follow, max-snippet:-1, max-image-preview:large, max-video-preview:-1\" \/>\n<link rel=\"canonical\" href=\"https:\/\/mwc-cmm.org\/fr\/stories\/chansons-sermons-et-assiettes\/\" \/>\n<meta property=\"og:locale\" content=\"fr_FR\" \/>\n<meta property=\"og:type\" content=\"article\" \/>\n<meta property=\"og:title\" content=\"Chansons, sermons et assiettes - Mennonite World Conference\" \/>\n<meta property=\"og:description\" content=\"NULL\" \/>\n<meta property=\"og:url\" content=\"https:\/\/mwc-cmm.org\/fr\/stories\/chansons-sermons-et-assiettes\/\" \/>\n<meta property=\"og:site_name\" content=\"Mennonite World Conference\" \/>\n<meta property=\"article:publisher\" content=\"https:\/\/www.facebook.com\/MennoniteWorldConference\" \/>\n<meta property=\"article:published_time\" content=\"2017-04-11T00:00:00+00:00\" \/>\n<meta property=\"article:modified_time\" content=\"2024-12-10T17:14:38+00:00\" \/>\n<meta property=\"og:image\" content=\"https:\/\/mwc-cmm.org\/wp-content\/uploads\/2024\/10\/unknown_0.jpeg\" \/>\n<meta name=\"author\" content=\"mennworldcon\" \/>\n<script type=\"application\/ld+json\" class=\"yoast-schema-graph\">{\"@context\":\"https:\/\/schema.org\",\"@graph\":[{\"@type\":\"Article\",\"@id\":\"https:\/\/mwc-cmm.org\/fr\/stories\/chansons-sermons-et-assiettes\/#article\",\"isPartOf\":{\"@id\":\"https:\/\/mwc-cmm.org\/fr\/stories\/chansons-sermons-et-assiettes\/\"},\"author\":{\"name\":\"mennworldcon\",\"@id\":\"https:\/\/mwc-cmm.org\/en\/#\/schema\/person\/11f6ae0d7d1868ba20a1cc27f067c836\"},\"headline\":\"Chansons, sermons et assiettes\",\"datePublished\":\"2017-04-11T00:00:00+00:00\",\"dateModified\":\"2024-12-10T17:14:38+00:00\",\"mainEntityOfPage\":{\"@id\":\"https:\/\/mwc-cmm.org\/fr\/stories\/chansons-sermons-et-assiettes\/\"},\"wordCount\":538,\"publisher\":{\"@id\":\"https:\/\/mwc-cmm.org\/en\/#organization\"},\"image\":{\"@id\":\"https:\/\/mwc-cmm.org\/fr\/stories\/chansons-sermons-et-assiettes\/#primaryimage\"},\"thumbnailUrl\":\"https:\/\/mwc-cmm.org\/wp-content\/uploads\/2024\/10\/unknown_0.jpeg\",\"articleSection\":[\"Non classifi\u00e9(e)\"],\"inLanguage\":\"fr-FR\"},{\"@type\":\"WebPage\",\"@id\":\"https:\/\/mwc-cmm.org\/fr\/stories\/chansons-sermons-et-assiettes\/\",\"url\":\"https:\/\/mwc-cmm.org\/fr\/stories\/chansons-sermons-et-assiettes\/\",\"name\":\"Chansons, sermons et assiettes - Mennonite World Conference\",\"isPartOf\":{\"@id\":\"https:\/\/mwc-cmm.org\/en\/#website\"},\"primaryImageOfPage\":{\"@id\":\"https:\/\/mwc-cmm.org\/fr\/stories\/chansons-sermons-et-assiettes\/#primaryimage\"},\"image\":{\"@id\":\"https:\/\/mwc-cmm.org\/fr\/stories\/chansons-sermons-et-assiettes\/#primaryimage\"},\"thumbnailUrl\":\"https:\/\/mwc-cmm.org\/wp-content\/uploads\/2024\/10\/unknown_0.jpeg\",\"datePublished\":\"2017-04-11T00:00:00+00:00\",\"dateModified\":\"2024-12-10T17:14:38+00:00\",\"breadcrumb\":{\"@id\":\"https:\/\/mwc-cmm.org\/fr\/stories\/chansons-sermons-et-assiettes\/#breadcrumb\"},\"inLanguage\":\"fr-FR\",\"potentialAction\":[{\"@type\":\"ReadAction\",\"target\":[\"https:\/\/mwc-cmm.org\/fr\/stories\/chansons-sermons-et-assiettes\/\"]}]},{\"@type\":\"ImageObject\",\"inLanguage\":\"fr-FR\",\"@id\":\"https:\/\/mwc-cmm.org\/fr\/stories\/chansons-sermons-et-assiettes\/#primaryimage\",\"url\":\"https:\/\/mwc-cmm.org\/wp-content\/uploads\/2024\/10\/unknown_0.jpeg\",\"contentUrl\":\"https:\/\/mwc-cmm.org\/wp-content\/uploads\/2024\/10\/unknown_0.jpeg\"},{\"@type\":\"BreadcrumbList\",\"@id\":\"https:\/\/mwc-cmm.org\/fr\/stories\/chansons-sermons-et-assiettes\/#breadcrumb\",\"itemListElement\":[{\"@type\":\"ListItem\",\"position\":1,\"name\":\"Home\",\"item\":\"https:\/\/mwc-cmm.org\/fr\/\"},{\"@type\":\"ListItem\",\"position\":2,\"name\":\"Chansons, sermons et assiettes\"}]},{\"@type\":\"WebSite\",\"@id\":\"https:\/\/mwc-cmm.org\/en\/#website\",\"url\":\"https:\/\/mwc-cmm.org\/en\/\",\"name\":\"Mennonite World Conference\",\"description\":\"A communion of Anabaptist-related churches\",\"publisher\":{\"@id\":\"https:\/\/mwc-cmm.org\/en\/#organization\"},\"alternateName\":\"MWC\",\"potentialAction\":[{\"@type\":\"SearchAction\",\"target\":{\"@type\":\"EntryPoint\",\"urlTemplate\":\"https:\/\/mwc-cmm.org\/en\/?s={search_term_string}\"},\"query-input\":{\"@type\":\"PropertyValueSpecification\",\"valueRequired\":true,\"valueName\":\"search_term_string\"}}],\"inLanguage\":\"fr-FR\"},{\"@type\":\"Organization\",\"@id\":\"https:\/\/mwc-cmm.org\/en\/#organization\",\"name\":\"Mennonite World Conference\",\"alternateName\":\"MWC\",\"url\":\"https:\/\/mwc-cmm.org\/en\/\",\"logo\":{\"@type\":\"ImageObject\",\"inLanguage\":\"fr-FR\",\"@id\":\"https:\/\/mwc-cmm.org\/en\/#\/schema\/logo\/image\/\",\"url\":\"https:\/\/mwc-cmm.org\/wp-content\/uploads\/2026\/01\/MWC_Sig_Blue_Horiz_webheader1-logo.svg\",\"contentUrl\":\"https:\/\/mwc-cmm.org\/wp-content\/uploads\/2026\/01\/MWC_Sig_Blue_Horiz_webheader1-logo.svg\",\"width\":786,\"height\":82,\"caption\":\"Mennonite World Conference\"},\"image\":{\"@id\":\"https:\/\/mwc-cmm.org\/en\/#\/schema\/logo\/image\/\"},\"sameAs\":[\"https:\/\/www.facebook.com\/MennoniteWorldConference\",\"https:\/\/www.linkedin.com\/company\/mennonite-world-conference-mwc\/\",\"https:\/\/www.instagram.com\/mwcmm\/\",\"https:\/\/www.youtube.com\/user\/mwccmm\",\"https:\/\/bsky.app\/profile\/mwcmm.bsky.social\"]},{\"@type\":\"Person\",\"@id\":\"https:\/\/mwc-cmm.org\/en\/#\/schema\/person\/11f6ae0d7d1868ba20a1cc27f067c836\",\"name\":\"mennworldcon\",\"image\":{\"@type\":\"ImageObject\",\"inLanguage\":\"fr-FR\",\"@id\":\"https:\/\/secure.gravatar.com\/avatar\/06fdc0dc81c157dfdb82ec42f252178a22307808988d22c043f9eb96f1e0fe80?s=96&d=mm&r=g\",\"url\":\"https:\/\/secure.gravatar.com\/avatar\/06fdc0dc81c157dfdb82ec42f252178a22307808988d22c043f9eb96f1e0fe80?s=96&d=mm&r=g\",\"contentUrl\":\"https:\/\/secure.gravatar.com\/avatar\/06fdc0dc81c157dfdb82ec42f252178a22307808988d22c043f9eb96f1e0fe80?s=96&d=mm&r=g\",\"caption\":\"mennworldcon\"},\"sameAs\":[\"https:\/\/mwc-cmm.org\"],\"url\":\"https:\/\/mwc-cmm.org\/fr\/stories\/author\/mennworldcon\/\"}]}<\/script>\n<!-- \/ Yoast SEO plugin. -->","yoast_head_json":{"title":"Chansons, sermons et assiettes - Mennonite World Conference","robots":{"index":"index","follow":"follow","max-snippet":"max-snippet:-1","max-image-preview":"max-image-preview:large","max-video-preview":"max-video-preview:-1"},"canonical":"https:\/\/mwc-cmm.org\/fr\/stories\/chansons-sermons-et-assiettes\/","og_locale":"fr_FR","og_type":"article","og_title":"Chansons, sermons et assiettes - Mennonite World Conference","og_description":"NULL","og_url":"https:\/\/mwc-cmm.org\/fr\/stories\/chansons-sermons-et-assiettes\/","og_site_name":"Mennonite World Conference","article_publisher":"https:\/\/www.facebook.com\/MennoniteWorldConference","article_published_time":"2017-04-11T00:00:00+00:00","article_modified_time":"2024-12-10T17:14:38+00:00","og_image":[{"url":"https:\/\/mwc-cmm.org\/wp-content\/uploads\/2024\/10\/unknown_0.jpeg","type":"","width":"","height":""}],"author":"mennworldcon","schema":{"@context":"https:\/\/schema.org","@graph":[{"@type":"Article","@id":"https:\/\/mwc-cmm.org\/fr\/stories\/chansons-sermons-et-assiettes\/#article","isPartOf":{"@id":"https:\/\/mwc-cmm.org\/fr\/stories\/chansons-sermons-et-assiettes\/"},"author":{"name":"mennworldcon","@id":"https:\/\/mwc-cmm.org\/en\/#\/schema\/person\/11f6ae0d7d1868ba20a1cc27f067c836"},"headline":"Chansons, sermons et assiettes","datePublished":"2017-04-11T00:00:00+00:00","dateModified":"2024-12-10T17:14:38+00:00","mainEntityOfPage":{"@id":"https:\/\/mwc-cmm.org\/fr\/stories\/chansons-sermons-et-assiettes\/"},"wordCount":538,"publisher":{"@id":"https:\/\/mwc-cmm.org\/en\/#organization"},"image":{"@id":"https:\/\/mwc-cmm.org\/fr\/stories\/chansons-sermons-et-assiettes\/#primaryimage"},"thumbnailUrl":"https:\/\/mwc-cmm.org\/wp-content\/uploads\/2024\/10\/unknown_0.jpeg","articleSection":["Non classifi\u00e9(e)"],"inLanguage":"fr-FR"},{"@type":"WebPage","@id":"https:\/\/mwc-cmm.org\/fr\/stories\/chansons-sermons-et-assiettes\/","url":"https:\/\/mwc-cmm.org\/fr\/stories\/chansons-sermons-et-assiettes\/","name":"Chansons, sermons et assiettes - Mennonite World Conference","isPartOf":{"@id":"https:\/\/mwc-cmm.org\/en\/#website"},"primaryImageOfPage":{"@id":"https:\/\/mwc-cmm.org\/fr\/stories\/chansons-sermons-et-assiettes\/#primaryimage"},"image":{"@id":"https:\/\/mwc-cmm.org\/fr\/stories\/chansons-sermons-et-assiettes\/#primaryimage"},"thumbnailUrl":"https:\/\/mwc-cmm.org\/wp-content\/uploads\/2024\/10\/unknown_0.jpeg","datePublished":"2017-04-11T00:00:00+00:00","dateModified":"2024-12-10T17:14:38+00:00","breadcrumb":{"@id":"https:\/\/mwc-cmm.org\/fr\/stories\/chansons-sermons-et-assiettes\/#breadcrumb"},"inLanguage":"fr-FR","potentialAction":[{"@type":"ReadAction","target":["https:\/\/mwc-cmm.org\/fr\/stories\/chansons-sermons-et-assiettes\/"]}]},{"@type":"ImageObject","inLanguage":"fr-FR","@id":"https:\/\/mwc-cmm.org\/fr\/stories\/chansons-sermons-et-assiettes\/#primaryimage","url":"https:\/\/mwc-cmm.org\/wp-content\/uploads\/2024\/10\/unknown_0.jpeg","contentUrl":"https:\/\/mwc-cmm.org\/wp-content\/uploads\/2024\/10\/unknown_0.jpeg"},{"@type":"BreadcrumbList","@id":"https:\/\/mwc-cmm.org\/fr\/stories\/chansons-sermons-et-assiettes\/#breadcrumb","itemListElement":[{"@type":"ListItem","position":1,"name":"Home","item":"https:\/\/mwc-cmm.org\/fr\/"},{"@type":"ListItem","position":2,"name":"Chansons, sermons et assiettes"}]},{"@type":"WebSite","@id":"https:\/\/mwc-cmm.org\/en\/#website","url":"https:\/\/mwc-cmm.org\/en\/","name":"Mennonite World Conference","description":"A communion of Anabaptist-related churches","publisher":{"@id":"https:\/\/mwc-cmm.org\/en\/#organization"},"alternateName":"MWC","potentialAction":[{"@type":"SearchAction","target":{"@type":"EntryPoint","urlTemplate":"https:\/\/mwc-cmm.org\/en\/?s={search_term_string}"},"query-input":{"@type":"PropertyValueSpecification","valueRequired":true,"valueName":"search_term_string"}}],"inLanguage":"fr-FR"},{"@type":"Organization","@id":"https:\/\/mwc-cmm.org\/en\/#organization","name":"Mennonite World Conference","alternateName":"MWC","url":"https:\/\/mwc-cmm.org\/en\/","logo":{"@type":"ImageObject","inLanguage":"fr-FR","@id":"https:\/\/mwc-cmm.org\/en\/#\/schema\/logo\/image\/","url":"https:\/\/mwc-cmm.org\/wp-content\/uploads\/2026\/01\/MWC_Sig_Blue_Horiz_webheader1-logo.svg","contentUrl":"https:\/\/mwc-cmm.org\/wp-content\/uploads\/2026\/01\/MWC_Sig_Blue_Horiz_webheader1-logo.svg","width":786,"height":82,"caption":"Mennonite World Conference"},"image":{"@id":"https:\/\/mwc-cmm.org\/en\/#\/schema\/logo\/image\/"},"sameAs":["https:\/\/www.facebook.com\/MennoniteWorldConference","https:\/\/www.linkedin.com\/company\/mennonite-world-conference-mwc\/","https:\/\/www.instagram.com\/mwcmm\/","https:\/\/www.youtube.com\/user\/mwccmm","https:\/\/bsky.app\/profile\/mwcmm.bsky.social"]},{"@type":"Person","@id":"https:\/\/mwc-cmm.org\/en\/#\/schema\/person\/11f6ae0d7d1868ba20a1cc27f067c836","name":"mennworldcon","image":{"@type":"ImageObject","inLanguage":"fr-FR","@id":"https:\/\/secure.gravatar.com\/avatar\/06fdc0dc81c157dfdb82ec42f252178a22307808988d22c043f9eb96f1e0fe80?s=96&d=mm&r=g","url":"https:\/\/secure.gravatar.com\/avatar\/06fdc0dc81c157dfdb82ec42f252178a22307808988d22c043f9eb96f1e0fe80?s=96&d=mm&r=g","contentUrl":"https:\/\/secure.gravatar.com\/avatar\/06fdc0dc81c157dfdb82ec42f252178a22307808988d22c043f9eb96f1e0fe80?s=96&d=mm&r=g","caption":"mennworldcon"},"sameAs":["https:\/\/mwc-cmm.org"],"url":"https:\/\/mwc-cmm.org\/fr\/stories\/author\/mennworldcon\/"}]}},"_links":{"self":[{"href":"https:\/\/mwc-cmm.org\/fr\/wp-json\/wp\/v2\/posts\/9861","targetHints":{"allow":["GET"]}}],"collection":[{"href":"https:\/\/mwc-cmm.org\/fr\/wp-json\/wp\/v2\/posts"}],"about":[{"href":"https:\/\/mwc-cmm.org\/fr\/wp-json\/wp\/v2\/types\/post"}],"author":[{"embeddable":true,"href":"https:\/\/mwc-cmm.org\/fr\/wp-json\/wp\/v2\/users\/1"}],"replies":[{"embeddable":true,"href":"https:\/\/mwc-cmm.org\/fr\/wp-json\/wp\/v2\/comments?post=9861"}],"version-history":[{"count":0,"href":"https:\/\/mwc-cmm.org\/fr\/wp-json\/wp\/v2\/posts\/9861\/revisions"}],"wp:attachment":[{"href":"https:\/\/mwc-cmm.org\/fr\/wp-json\/wp\/v2\/media?parent=9861"}],"wp:term":[{"taxonomy":"category","embeddable":true,"href":"https:\/\/mwc-cmm.org\/fr\/wp-json\/wp\/v2\/categories?post=9861"},{"taxonomy":"post_tag","embeddable":true,"href":"https:\/\/mwc-cmm.org\/fr\/wp-json\/wp\/v2\/tags?post=9861"},{"taxonomy":"network","embeddable":true,"href":"https:\/\/mwc-cmm.org\/fr\/wp-json\/wp\/v2\/network?post=9861"},{"taxonomy":"eventcategory","embeddable":true,"href":"https:\/\/mwc-cmm.org\/fr\/wp-json\/wp\/v2\/eventcategory?post=9861"}],"curies":[{"name":"wp","href":"https:\/\/api.w.org\/{rel}","templated":true}]}}