{"id":9854,"date":"2017-04-21T00:00:00","date_gmt":"2017-04-21T00:00:00","guid":{"rendered":"https:\/\/mwc-cmm.org\/the-joy-of-christian-unity-4\/"},"modified":"2024-12-10T17:14:35","modified_gmt":"2024-12-10T17:14:35","slug":"the-joy-of-christian-unity-4","status":"publish","type":"post","link":"https:\/\/mwc-cmm.org\/fr\/stories\/the-joy-of-christian-unity-4\/","title":{"rendered":"La joie de l&rsquo;unit\u00e9 chr\u00e9tienne"},"content":{"rendered":"<p><strong>C\u00e9l\u00e9bration de la semaine de pri\u00e8re pour l&rsquo;unit\u00e9 des chr\u00e9tiens en Allemagne<\/strong><\/p>\n<p>Durant les 10 ann\u00e9es que j&rsquo;ai servi entant que pasteur \u00e0 l&rsquo;Evangelische Freikirche Mennonitengemeinde Regensburg, le quartier de Burgweinting a toujours tenu un culte \u0153cum\u00e9nique pendant la semaine de pri\u00e8re pour l&rsquo;unit\u00e9 des chr\u00e9tiens.* L&rsquo;\u00e9glise catholique romaine, l&rsquo;\u00e9glise luth\u00e9rienne \u00e9vang\u00e9lique et l&rsquo;\u00e9glise mennonite sont repr\u00e9sent\u00e9es.<\/p>\n<p>Cette ann\u00e9e nous avons transform\u00e9 le culte en une \u00e9tude biblique. Apr\u00e8s avoir commenc\u00e9 le culte avec des chants et un temps de pri\u00e8re, nous, les trois pasteurs, avons invit\u00e9 les personnes pr\u00e9sentes \u00e0 nous rejoindre dans trois pi\u00e8ces s\u00e9par\u00e9es pour discuter de diff\u00e9rents textes bibliques. Cette id\u00e9e nous est venue parce que nous pensons qu&rsquo;il est important de faire plus de place \u00e0 la bible et de d\u00e9montrer sa capacit\u00e9 \u00e0 inspirer.<\/p>\n<p>Les cultes sont connus pour leur atmosph\u00e8re unique. Je ressens de la joie \u00e0 faire quelque chose de sp\u00e9cial avec d&rsquo;autres. J&rsquo;\u00e9prouve un sentiment de r\u00e9jouissance, pratiquement un esprit d&rsquo;aventure, lorsque nous nous permettons de vivre des exp\u00e9riences qui nous sont si peu famili\u00e8res.<\/p>\n<p>Le fait que nous puissions si ouvertement et avec tant de confiance apporter des \u00e9l\u00e9ments diff\u00e9rents dans ces cultes est un signe pour moi que notre relation grandit peu \u00e0 peu. Au fil des ann\u00e9es, des activit\u00e9s ont \u00e9t\u00e9 rajout\u00e9es, comme la journ\u00e9e mondiale de pri\u00e8re des femmes, une semaine de la bible pour les enfants, parmi d&rsquo;autres.<\/p>\n<p>Chacun des pasteurs, bien s\u00fbr, pense qu&rsquo;il y a des aspects discutables dans les autres d\u00e9nominations, mais nous avons d\u00e9cid\u00e9 d&rsquo;ignorer ces sujets pol\u00e9miques. Trop souvent, l&rsquo;unit\u00e9 qui vient de notre appartenance \u00e0 Christ et de la bible entant que parole de Dieu est amoindrie par les points de conflit dont nous sommes conscients mais que nous ne pouvons pas r\u00e9gler.<\/p>\n<p>Au contraire, entant que pasteurs, nous aidons notre communaut\u00e9 en nous rendons compte qu&rsquo;il n&rsquo;y a pas d&rsquo;\u00e9glise parfaite et que chacune de nos traditions a ses propres faiblesses et transgressions. Faire partie de notre propre \u00e9glise locale est une exp\u00e9rience qui nous plait beaucoup et que nous partageons. De plus, nous pouvons voir que notre foi en Christ grandit lorsque nous posons des questions avec curiosit\u00e9 et que nous avons soif d&rsquo;apprendre des autres. Par exemple, un sujet passionnant et sans fin est celui de la culture d&rsquo;\u00e9glise. Je suis impressionn\u00e9 par la pr\u00e9paration d\u00e9taill\u00e9e et minutieuse des messes de l&rsquo;\u00e9glise catholique romaine, en particulier la semaine qui pr\u00e9c\u00e8de P\u00e2ques, avec ses nombreuses messes et ses \u00e9l\u00e9ments symboliques. Mon coll\u00e8gue, pasteur catholique, est lui impressionn\u00e9 par le nombre de femmes et d&rsquo;hommes, jeunes et vieux, qui se rassemblent dans notre \u00e9glise et partagent leurs vies les uns avec les autres.<\/p>\n<p>Mon \u00e9glise est reconnaissante pour ce chemin d&rsquo;unit\u00e9 avec d&rsquo;autres d\u00e9nominations. Il y a seulement 50 ans, les membres qui se mariaient avec quelqu&rsquo;un d&rsquo;une autre \u00e9glise chr\u00e9tienne,<\/p>\n<p>perdaient leur statut de membre. Plus tard, les couples mixtes \u00e9taient respect\u00e9s mais se sentaient trait\u00e9s comme des membres de seconde classe. Aujourd&rsquo;hui, on a d\u00e9pass\u00e9 ce probl\u00e8me, et ces familles peuvent vivre leur engagement \u0153cum\u00e9nique comme un souffle d&rsquo;air frais sanitaire.<\/p>\n<p>Un facteur significatif qui nous uni \u00e0 tous les chr\u00e9tiens de toutes confessions est notre douleur lorsque nous voyons que si peu de personnes dans notre soci\u00e9t\u00e9 sont dispos\u00e9es \u00e0 s&rsquo;ouvrir au tr\u00e9sor de la foi et \u00e0 suivre J\u00e9sus. Dans ce sens, nous sentons que nous sommes tous dans le m\u00eame bateau. Nous partageons un d\u00e9sir commun de voir le royaume de Dieu grandir.<\/p>\n<p><em>Wilhelm Unger est pasteur de l&rsquo;\u00e9glise mennonite de Regensburg-Burgweinting, en Allemagne. Texte traduit de l&rsquo;allemand par Jolene Wehner.<\/em><\/p>\n<p><em>*<strong>C\u00e9l\u00e9bration de la semaine de pri\u00e8re pour l&rsquo;unit\u00e9 des chr\u00e9tiens en Allemagne<\/strong><\/em><\/p>\n<p>La semaine de pri\u00e8re a lieu tous les ans du 18 au 25 janvier ou de l\u2019ascension jusqu&rsquo;\u00e0 la pentec\u00f4te.<\/p>\n<p>Cette ann\u00e9e, une \u00e9quipe d&rsquo;Allemagne (dont fait partie Ruth Raab-Zerger de la Mennonitengemeinden Weierhof) a pr\u00e9par\u00e9 la premi\u00e8re proposition de ressources pour le culte publi\u00e9es par le Conseil \u0152cum\u00e9nique des \u00c9glises et le Conseil Pontifical pour la promotion de l&rsquo;unit\u00e9 des chr\u00e9tiens (Vatican).<\/p>\n<p>Inspir\u00e9s par un esprit de libert\u00e9 et d&rsquo;aventure, les pasteurs de Burgweinting pr\u00e9parent le culte ensemble, chacun offrant les id\u00e9es et les accents uniques \u00e0 leur culture d&rsquo;\u00e9glise. Cela donne un groupe de pri\u00e8re typique des mennonites, avec des \u00e9l\u00e9ments de la liturgie catholique et luth\u00e9rienne. Les repr\u00e9sentants des d\u00e9nominations participantes, des pasteurs et des la\u00efcs, des hommes et des femmes, apportent chacun des \u00e9l\u00e9ments de la liturgie.<\/p><\/p>\n","protected":false},"excerpt":{"rendered":"<p>NULL<\/p>\n","protected":false},"author":1,"featured_media":88542,"comment_status":"closed","ping_status":"closed","sticky":false,"template":"","format":"standard","meta":{"_acf_changed":false,"footnotes":""},"categories":[7],"tags":[],"network":[],"eventcategory":[],"class_list":["post-9854","post","type-post","status-publish","format-standard","has-post-thumbnail","hentry","category-non-classifiee"],"acf":[],"yoast_head":"<!-- This site is optimized with the Yoast SEO plugin v27.5 - https:\/\/yoast.com\/product\/yoast-seo-wordpress\/ -->\n<title>La joie de l&#039;unit\u00e9 chr\u00e9tienne - Mennonite World Conference<\/title>\n<meta name=\"robots\" content=\"index, follow, max-snippet:-1, max-image-preview:large, max-video-preview:-1\" \/>\n<link rel=\"canonical\" href=\"https:\/\/mwc-cmm.org\/fr\/stories\/the-joy-of-christian-unity-4\/\" \/>\n<meta property=\"og:locale\" content=\"fr_FR\" \/>\n<meta property=\"og:type\" content=\"article\" \/>\n<meta property=\"og:title\" content=\"La joie de l&#039;unit\u00e9 chr\u00e9tienne - Mennonite World Conference\" \/>\n<meta property=\"og:description\" content=\"NULL\" \/>\n<meta property=\"og:url\" content=\"https:\/\/mwc-cmm.org\/fr\/stories\/the-joy-of-christian-unity-4\/\" \/>\n<meta property=\"og:site_name\" content=\"Mennonite World Conference\" \/>\n<meta property=\"article:publisher\" content=\"https:\/\/www.facebook.com\/MennoniteWorldConference\" \/>\n<meta property=\"article:published_time\" content=\"2017-04-21T00:00:00+00:00\" \/>\n<meta property=\"article:modified_time\" content=\"2024-12-10T17:14:35+00:00\" \/>\n<meta property=\"og:image\" content=\"https:\/\/mwc-cmm.org\/wp-content\/uploads\/2024\/11\/dsc_7273.jpg\" \/>\n\t<meta property=\"og:image:width\" content=\"1000\" \/>\n\t<meta property=\"og:image:height\" content=\"614\" \/>\n\t<meta property=\"og:image:type\" content=\"image\/jpeg\" \/>\n<meta name=\"author\" content=\"mennworldcon\" \/>\n<script type=\"application\/ld+json\" class=\"yoast-schema-graph\">{\"@context\":\"https:\\\/\\\/schema.org\",\"@graph\":[{\"@type\":\"Article\",\"@id\":\"https:\\\/\\\/mwc-cmm.org\\\/fr\\\/stories\\\/the-joy-of-christian-unity-4\\\/#article\",\"isPartOf\":{\"@id\":\"https:\\\/\\\/mwc-cmm.org\\\/fr\\\/stories\\\/the-joy-of-christian-unity-4\\\/\"},\"author\":{\"name\":\"mennworldcon\",\"@id\":\"https:\\\/\\\/mwc-cmm.org\\\/en\\\/#\\\/schema\\\/person\\\/11f6ae0d7d1868ba20a1cc27f067c836\"},\"headline\":\"La joie de l&rsquo;unit\u00e9 chr\u00e9tienne\",\"datePublished\":\"2017-04-21T00:00:00+00:00\",\"dateModified\":\"2024-12-10T17:14:35+00:00\",\"mainEntityOfPage\":{\"@id\":\"https:\\\/\\\/mwc-cmm.org\\\/fr\\\/stories\\\/the-joy-of-christian-unity-4\\\/\"},\"wordCount\":853,\"publisher\":{\"@id\":\"https:\\\/\\\/mwc-cmm.org\\\/en\\\/#organization\"},\"image\":{\"@id\":\"https:\\\/\\\/mwc-cmm.org\\\/fr\\\/stories\\\/the-joy-of-christian-unity-4\\\/#primaryimage\"},\"thumbnailUrl\":\"https:\\\/\\\/mwc-cmm.org\\\/wp-content\\\/uploads\\\/2024\\\/11\\\/dsc_7273.jpg\",\"articleSection\":[\"Non classifi\u00e9(e)\"],\"inLanguage\":\"fr-FR\"},{\"@type\":\"WebPage\",\"@id\":\"https:\\\/\\\/mwc-cmm.org\\\/fr\\\/stories\\\/the-joy-of-christian-unity-4\\\/\",\"url\":\"https:\\\/\\\/mwc-cmm.org\\\/fr\\\/stories\\\/the-joy-of-christian-unity-4\\\/\",\"name\":\"La joie de l'unit\u00e9 chr\u00e9tienne - Mennonite World Conference\",\"isPartOf\":{\"@id\":\"https:\\\/\\\/mwc-cmm.org\\\/en\\\/#website\"},\"primaryImageOfPage\":{\"@id\":\"https:\\\/\\\/mwc-cmm.org\\\/fr\\\/stories\\\/the-joy-of-christian-unity-4\\\/#primaryimage\"},\"image\":{\"@id\":\"https:\\\/\\\/mwc-cmm.org\\\/fr\\\/stories\\\/the-joy-of-christian-unity-4\\\/#primaryimage\"},\"thumbnailUrl\":\"https:\\\/\\\/mwc-cmm.org\\\/wp-content\\\/uploads\\\/2024\\\/11\\\/dsc_7273.jpg\",\"datePublished\":\"2017-04-21T00:00:00+00:00\",\"dateModified\":\"2024-12-10T17:14:35+00:00\",\"breadcrumb\":{\"@id\":\"https:\\\/\\\/mwc-cmm.org\\\/fr\\\/stories\\\/the-joy-of-christian-unity-4\\\/#breadcrumb\"},\"inLanguage\":\"fr-FR\",\"potentialAction\":[{\"@type\":\"ReadAction\",\"target\":[\"https:\\\/\\\/mwc-cmm.org\\\/fr\\\/stories\\\/the-joy-of-christian-unity-4\\\/\"]}]},{\"@type\":\"ImageObject\",\"inLanguage\":\"fr-FR\",\"@id\":\"https:\\\/\\\/mwc-cmm.org\\\/fr\\\/stories\\\/the-joy-of-christian-unity-4\\\/#primaryimage\",\"url\":\"https:\\\/\\\/mwc-cmm.org\\\/wp-content\\\/uploads\\\/2024\\\/11\\\/dsc_7273.jpg\",\"contentUrl\":\"https:\\\/\\\/mwc-cmm.org\\\/wp-content\\\/uploads\\\/2024\\\/11\\\/dsc_7273.jpg\",\"width\":1000,\"height\":614},{\"@type\":\"BreadcrumbList\",\"@id\":\"https:\\\/\\\/mwc-cmm.org\\\/fr\\\/stories\\\/the-joy-of-christian-unity-4\\\/#breadcrumb\",\"itemListElement\":[{\"@type\":\"ListItem\",\"position\":1,\"name\":\"Home\",\"item\":\"https:\\\/\\\/mwc-cmm.org\\\/fr\\\/\"},{\"@type\":\"ListItem\",\"position\":2,\"name\":\"La joie de l&rsquo;unit\u00e9 chr\u00e9tienne\"}]},{\"@type\":\"WebSite\",\"@id\":\"https:\\\/\\\/mwc-cmm.org\\\/en\\\/#website\",\"url\":\"https:\\\/\\\/mwc-cmm.org\\\/en\\\/\",\"name\":\"Mennonite World Conference\",\"description\":\"A communion of Anabaptist-related churches\",\"publisher\":{\"@id\":\"https:\\\/\\\/mwc-cmm.org\\\/en\\\/#organization\"},\"alternateName\":\"MWC\",\"potentialAction\":[{\"@type\":\"SearchAction\",\"target\":{\"@type\":\"EntryPoint\",\"urlTemplate\":\"https:\\\/\\\/mwc-cmm.org\\\/en\\\/?s={search_term_string}\"},\"query-input\":{\"@type\":\"PropertyValueSpecification\",\"valueRequired\":true,\"valueName\":\"search_term_string\"}}],\"inLanguage\":\"fr-FR\"},{\"@type\":\"Organization\",\"@id\":\"https:\\\/\\\/mwc-cmm.org\\\/en\\\/#organization\",\"name\":\"Mennonite World Conference\",\"alternateName\":\"MWC\",\"url\":\"https:\\\/\\\/mwc-cmm.org\\\/en\\\/\",\"logo\":{\"@type\":\"ImageObject\",\"inLanguage\":\"fr-FR\",\"@id\":\"https:\\\/\\\/mwc-cmm.org\\\/en\\\/#\\\/schema\\\/logo\\\/image\\\/\",\"url\":\"https:\\\/\\\/mwc-cmm.org\\\/wp-content\\\/uploads\\\/2026\\\/01\\\/MWC_Sig_Blue_Horiz_webheader1-logo.svg\",\"contentUrl\":\"https:\\\/\\\/mwc-cmm.org\\\/wp-content\\\/uploads\\\/2026\\\/01\\\/MWC_Sig_Blue_Horiz_webheader1-logo.svg\",\"width\":786,\"height\":82,\"caption\":\"Mennonite World Conference\"},\"image\":{\"@id\":\"https:\\\/\\\/mwc-cmm.org\\\/en\\\/#\\\/schema\\\/logo\\\/image\\\/\"},\"sameAs\":[\"https:\\\/\\\/www.facebook.com\\\/MennoniteWorldConference\",\"https:\\\/\\\/www.linkedin.com\\\/company\\\/mennonite-world-conference-mwc\\\/\",\"https:\\\/\\\/www.instagram.com\\\/mwcmm\\\/\",\"https:\\\/\\\/www.youtube.com\\\/user\\\/mwccmm\",\"https:\\\/\\\/bsky.app\\\/profile\\\/mwcmm.bsky.social\"]},{\"@type\":\"Person\",\"@id\":\"https:\\\/\\\/mwc-cmm.org\\\/en\\\/#\\\/schema\\\/person\\\/11f6ae0d7d1868ba20a1cc27f067c836\",\"name\":\"mennworldcon\",\"image\":{\"@type\":\"ImageObject\",\"inLanguage\":\"fr-FR\",\"@id\":\"https:\\\/\\\/secure.gravatar.com\\\/avatar\\\/06fdc0dc81c157dfdb82ec42f252178a22307808988d22c043f9eb96f1e0fe80?s=96&d=mm&r=g\",\"url\":\"https:\\\/\\\/secure.gravatar.com\\\/avatar\\\/06fdc0dc81c157dfdb82ec42f252178a22307808988d22c043f9eb96f1e0fe80?s=96&d=mm&r=g\",\"contentUrl\":\"https:\\\/\\\/secure.gravatar.com\\\/avatar\\\/06fdc0dc81c157dfdb82ec42f252178a22307808988d22c043f9eb96f1e0fe80?s=96&d=mm&r=g\",\"caption\":\"mennworldcon\"},\"sameAs\":[\"https:\\\/\\\/mwc-cmm.org\"],\"url\":\"https:\\\/\\\/mwc-cmm.org\\\/fr\\\/stories\\\/author\\\/mennworldcon\\\/\"}]}<\/script>\n<!-- \/ Yoast SEO plugin. -->","yoast_head_json":{"title":"La joie de l'unit\u00e9 chr\u00e9tienne - Mennonite World Conference","robots":{"index":"index","follow":"follow","max-snippet":"max-snippet:-1","max-image-preview":"max-image-preview:large","max-video-preview":"max-video-preview:-1"},"canonical":"https:\/\/mwc-cmm.org\/fr\/stories\/the-joy-of-christian-unity-4\/","og_locale":"fr_FR","og_type":"article","og_title":"La joie de l'unit\u00e9 chr\u00e9tienne - Mennonite World Conference","og_description":"NULL","og_url":"https:\/\/mwc-cmm.org\/fr\/stories\/the-joy-of-christian-unity-4\/","og_site_name":"Mennonite World Conference","article_publisher":"https:\/\/www.facebook.com\/MennoniteWorldConference","article_published_time":"2017-04-21T00:00:00+00:00","article_modified_time":"2024-12-10T17:14:35+00:00","og_image":[{"width":1000,"height":614,"url":"https:\/\/mwc-cmm.org\/wp-content\/uploads\/2024\/11\/dsc_7273.jpg","type":"image\/jpeg"}],"author":"mennworldcon","schema":{"@context":"https:\/\/schema.org","@graph":[{"@type":"Article","@id":"https:\/\/mwc-cmm.org\/fr\/stories\/the-joy-of-christian-unity-4\/#article","isPartOf":{"@id":"https:\/\/mwc-cmm.org\/fr\/stories\/the-joy-of-christian-unity-4\/"},"author":{"name":"mennworldcon","@id":"https:\/\/mwc-cmm.org\/en\/#\/schema\/person\/11f6ae0d7d1868ba20a1cc27f067c836"},"headline":"La joie de l&rsquo;unit\u00e9 chr\u00e9tienne","datePublished":"2017-04-21T00:00:00+00:00","dateModified":"2024-12-10T17:14:35+00:00","mainEntityOfPage":{"@id":"https:\/\/mwc-cmm.org\/fr\/stories\/the-joy-of-christian-unity-4\/"},"wordCount":853,"publisher":{"@id":"https:\/\/mwc-cmm.org\/en\/#organization"},"image":{"@id":"https:\/\/mwc-cmm.org\/fr\/stories\/the-joy-of-christian-unity-4\/#primaryimage"},"thumbnailUrl":"https:\/\/mwc-cmm.org\/wp-content\/uploads\/2024\/11\/dsc_7273.jpg","articleSection":["Non classifi\u00e9(e)"],"inLanguage":"fr-FR"},{"@type":"WebPage","@id":"https:\/\/mwc-cmm.org\/fr\/stories\/the-joy-of-christian-unity-4\/","url":"https:\/\/mwc-cmm.org\/fr\/stories\/the-joy-of-christian-unity-4\/","name":"La joie de l'unit\u00e9 chr\u00e9tienne - Mennonite World Conference","isPartOf":{"@id":"https:\/\/mwc-cmm.org\/en\/#website"},"primaryImageOfPage":{"@id":"https:\/\/mwc-cmm.org\/fr\/stories\/the-joy-of-christian-unity-4\/#primaryimage"},"image":{"@id":"https:\/\/mwc-cmm.org\/fr\/stories\/the-joy-of-christian-unity-4\/#primaryimage"},"thumbnailUrl":"https:\/\/mwc-cmm.org\/wp-content\/uploads\/2024\/11\/dsc_7273.jpg","datePublished":"2017-04-21T00:00:00+00:00","dateModified":"2024-12-10T17:14:35+00:00","breadcrumb":{"@id":"https:\/\/mwc-cmm.org\/fr\/stories\/the-joy-of-christian-unity-4\/#breadcrumb"},"inLanguage":"fr-FR","potentialAction":[{"@type":"ReadAction","target":["https:\/\/mwc-cmm.org\/fr\/stories\/the-joy-of-christian-unity-4\/"]}]},{"@type":"ImageObject","inLanguage":"fr-FR","@id":"https:\/\/mwc-cmm.org\/fr\/stories\/the-joy-of-christian-unity-4\/#primaryimage","url":"https:\/\/mwc-cmm.org\/wp-content\/uploads\/2024\/11\/dsc_7273.jpg","contentUrl":"https:\/\/mwc-cmm.org\/wp-content\/uploads\/2024\/11\/dsc_7273.jpg","width":1000,"height":614},{"@type":"BreadcrumbList","@id":"https:\/\/mwc-cmm.org\/fr\/stories\/the-joy-of-christian-unity-4\/#breadcrumb","itemListElement":[{"@type":"ListItem","position":1,"name":"Home","item":"https:\/\/mwc-cmm.org\/fr\/"},{"@type":"ListItem","position":2,"name":"La joie de l&rsquo;unit\u00e9 chr\u00e9tienne"}]},{"@type":"WebSite","@id":"https:\/\/mwc-cmm.org\/en\/#website","url":"https:\/\/mwc-cmm.org\/en\/","name":"Mennonite World Conference","description":"A communion of Anabaptist-related churches","publisher":{"@id":"https:\/\/mwc-cmm.org\/en\/#organization"},"alternateName":"MWC","potentialAction":[{"@type":"SearchAction","target":{"@type":"EntryPoint","urlTemplate":"https:\/\/mwc-cmm.org\/en\/?s={search_term_string}"},"query-input":{"@type":"PropertyValueSpecification","valueRequired":true,"valueName":"search_term_string"}}],"inLanguage":"fr-FR"},{"@type":"Organization","@id":"https:\/\/mwc-cmm.org\/en\/#organization","name":"Mennonite World Conference","alternateName":"MWC","url":"https:\/\/mwc-cmm.org\/en\/","logo":{"@type":"ImageObject","inLanguage":"fr-FR","@id":"https:\/\/mwc-cmm.org\/en\/#\/schema\/logo\/image\/","url":"https:\/\/mwc-cmm.org\/wp-content\/uploads\/2026\/01\/MWC_Sig_Blue_Horiz_webheader1-logo.svg","contentUrl":"https:\/\/mwc-cmm.org\/wp-content\/uploads\/2026\/01\/MWC_Sig_Blue_Horiz_webheader1-logo.svg","width":786,"height":82,"caption":"Mennonite World Conference"},"image":{"@id":"https:\/\/mwc-cmm.org\/en\/#\/schema\/logo\/image\/"},"sameAs":["https:\/\/www.facebook.com\/MennoniteWorldConference","https:\/\/www.linkedin.com\/company\/mennonite-world-conference-mwc\/","https:\/\/www.instagram.com\/mwcmm\/","https:\/\/www.youtube.com\/user\/mwccmm","https:\/\/bsky.app\/profile\/mwcmm.bsky.social"]},{"@type":"Person","@id":"https:\/\/mwc-cmm.org\/en\/#\/schema\/person\/11f6ae0d7d1868ba20a1cc27f067c836","name":"mennworldcon","image":{"@type":"ImageObject","inLanguage":"fr-FR","@id":"https:\/\/secure.gravatar.com\/avatar\/06fdc0dc81c157dfdb82ec42f252178a22307808988d22c043f9eb96f1e0fe80?s=96&d=mm&r=g","url":"https:\/\/secure.gravatar.com\/avatar\/06fdc0dc81c157dfdb82ec42f252178a22307808988d22c043f9eb96f1e0fe80?s=96&d=mm&r=g","contentUrl":"https:\/\/secure.gravatar.com\/avatar\/06fdc0dc81c157dfdb82ec42f252178a22307808988d22c043f9eb96f1e0fe80?s=96&d=mm&r=g","caption":"mennworldcon"},"sameAs":["https:\/\/mwc-cmm.org"],"url":"https:\/\/mwc-cmm.org\/fr\/stories\/author\/mennworldcon\/"}]}},"_links":{"self":[{"href":"https:\/\/mwc-cmm.org\/fr\/wp-json\/wp\/v2\/posts\/9854","targetHints":{"allow":["GET"]}}],"collection":[{"href":"https:\/\/mwc-cmm.org\/fr\/wp-json\/wp\/v2\/posts"}],"about":[{"href":"https:\/\/mwc-cmm.org\/fr\/wp-json\/wp\/v2\/types\/post"}],"author":[{"embeddable":true,"href":"https:\/\/mwc-cmm.org\/fr\/wp-json\/wp\/v2\/users\/1"}],"replies":[{"embeddable":true,"href":"https:\/\/mwc-cmm.org\/fr\/wp-json\/wp\/v2\/comments?post=9854"}],"version-history":[{"count":0,"href":"https:\/\/mwc-cmm.org\/fr\/wp-json\/wp\/v2\/posts\/9854\/revisions"}],"wp:featuredmedia":[{"embeddable":true,"href":"https:\/\/mwc-cmm.org\/fr\/wp-json\/wp\/v2\/media\/88542"}],"wp:attachment":[{"href":"https:\/\/mwc-cmm.org\/fr\/wp-json\/wp\/v2\/media?parent=9854"}],"wp:term":[{"taxonomy":"category","embeddable":true,"href":"https:\/\/mwc-cmm.org\/fr\/wp-json\/wp\/v2\/categories?post=9854"},{"taxonomy":"post_tag","embeddable":true,"href":"https:\/\/mwc-cmm.org\/fr\/wp-json\/wp\/v2\/tags?post=9854"},{"taxonomy":"network","embeddable":true,"href":"https:\/\/mwc-cmm.org\/fr\/wp-json\/wp\/v2\/network?post=9854"},{"taxonomy":"eventcategory","embeddable":true,"href":"https:\/\/mwc-cmm.org\/fr\/wp-json\/wp\/v2\/eventcategory?post=9854"}],"curies":[{"name":"wp","href":"https:\/\/api.w.org\/{rel}","templated":true}]}}