{"id":9850,"date":"2017-01-17T00:00:00","date_gmt":"2017-01-17T00:00:00","guid":{"rendered":"https:\/\/mwc-cmm.org\/we-cry-together-for-gods-mercy-4\/"},"modified":"2024-12-10T17:14:32","modified_gmt":"2024-12-10T17:14:32","slug":"we-cry-together-for-gods-mercy-4","status":"publish","type":"post","link":"https:\/\/mwc-cmm.org\/fr\/stories\/we-cry-together-for-gods-mercy-4\/","title":{"rendered":"Nous pleurons \u2013 ensemble \u2013 pour la mis\u00e9ricorde de Dieu"},"content":{"rendered":"<p><strong>Le Dimanche de la Fraternit\u00e9 Mondiale c\u00e9l\u00e8bre koinonia dans la souffrance<\/strong><\/p>\n<p>Bogota, Colombie \u2013 \u00ab Nous c\u00e9l\u00e9brons <a href=\"\/node\/151\">le Dimanche de la Fraternit\u00e9 Mondiale <\/a>parce que c&rsquo;est une mani\u00e8re de se rappeler que l&rsquo;\u00e9glise a une origine, bien s\u00fbr, d&rsquo;abord viennent les enseignements de J\u00e9sus, mais il y a environ 500 ans, des femmes et des hommes courageux, motiv\u00e9s par les enseignements r\u00e9els de Jesus, d\u00e9cid\u00e8rent de le suivre au p\u00e9ril de leur vie. \u00bb raconte Oscar Suarez, membre de Iglesia Menonita de Ibagu\u00e9, l&rsquo;\u00e9glise mennonite d&rsquo;Ibagu\u00e9, en Colombie.<\/p>\n<p>Chaque ann\u00e9e, les \u00e9glises anabaptistes du monde entier sont encourag\u00e9es \u00e0 prier, le dimanche le plus proche du 21 janvier, autour d\u2019un th\u00e8me commun. En 1525, en cette m\u00eame date, le premier bapt\u00eame anabaptiste avait eu lieu \u00e0 Zurich en Suisse. Le Dimanche de la Fraternit\u00e9 Mondiale de le Conf\u00e9rence Mennonite Mondiale (CMM) offre ainsi l\u2019occasion de se souvenir de nos racines communes et de c\u00e9l\u00e9brer notre koinonia mondiale.<\/p>\n<p>Pour le 22 janvier 2017, les \u00e9glises d&rsquo;Europe ont pr\u00e9par\u00e9 les ressources autour du th\u00e8me \u00ab Mon cris a \u00e9t\u00e9 entendu \u00bb.<\/p>\n<p>\u00ab Ce th\u00e8me est en rapport avec la situation actuelle de beaucoup de r\u00e9fugi\u00e9s et de migrants qui arrivent en Europe. Il se veut proche de la r\u00e9alit\u00e9 de nombreuses \u00e9glises et il parle d\u2019un contexte de souffrance et de douleur qui nous est familier, \u00bb dit le secr\u00e9taire g\u00e9n\u00e9ral de la CMM, C\u00e9sar Garc\u00eda.<\/p>\n<p><a href=\"\/node\/3163\">Les ressources<\/a> (avec une nouvelle pr\u00e9sentation) comprennent entre-autre, des passages bibliques, des pri\u00e8res, des suggestions de chants, des id\u00e9es pour la pr\u00e9dication, et des histoires.<\/p>\n<p>Une nouvelle vid\u00e9o de 4 minutes, <a href=\"\/node\/3536\">CMM : Revue de l\u2019ann\u00e9e 2016<\/a>, est maintenant disponible sur internet et en t\u00e9l\u00e9chargement, elle peut aussi \u00eatre utiliser pour le Dimanche de la Fraternit\u00e9 Mondiale.<\/p>\n<p>Emmanuel Mennonite Church \u00e9glise d&rsquo;Abbotsford, en Colombie Britannique, au Canada, utilisera ces ressources pour c\u00e9l\u00e9brer le Dimanche de la Fraternit\u00e9 Mondiale et la semaine de pri\u00e8re pour l&rsquo;unit\u00e9 des chr\u00e9tiens, le 22 janvier 2017. \u00ab Entant qu&rsquo;\u00e9glise locale, nous savons que nous faisons partie du corps du Christ au travers du monde qui inclu des disciples de J\u00e9sus de diff\u00e9rentes cultures et exp\u00e9riences de vie. \u00bb nous dit le pasteur April Yamasaki. \u00ab Le m\u00eame Esprit nous anime, nous conduit et nous unis : c&rsquo;est une bonne raison de c\u00e9l\u00e9brer, de prier les uns pour les autres et d&rsquo;apprendre les uns des autres. \u00bb<\/p>\n<p>\u00ab Nous nous rappelons des fondements de notre foi anabaptiste et que nous avons des fr\u00e8res et s\u0153urs partout dans le monde, des femmes et des hommes courageux, motiv\u00e9s par les enseignements de J\u00e9sus, \u00bb affirme Suarez.<\/p>\n<p>La CMM encourage les \u00e9glises qui c\u00e9l\u00e8brent le Dimanche de la Fraternit\u00e9 Mondiale \u00e0 d\u00e9signer une offrande \u00ab d&rsquo;un repas \u00bb \u00e0 la Conf\u00e9rence Mennonite Mondiale et de d\u00e9signer une personne pour envoyer des photos et un compte-rendu \u00e0 <a href=\"mailto:photos@mwc-cmm.org\">photos@mwc-cmm.org<\/a>.<\/p>\n<p><em>\u2014Communiqu\u00e9 de la Conf\u00e9rence Mennonite Mondiale<\/em><\/p>\n","protected":false},"excerpt":{"rendered":"<p>Le Dimanche de la Fraternit\u00e9 Mondiale c\u00e9l\u00e8bre koinonia dans la souffrance Bogota, Colombie \u2013 \u00ab Nous c\u00e9l\u00e9brons le Dimanche de la Fraternit\u00e9 Mondiale parce que c&rsquo;est une mani\u00e8re de se rappeler que l&rsquo;\u00e9glise a une origine, bien s\u00fbr, d&rsquo;abord viennent les enseignements de J\u00e9sus, mais il y a environ 500 ans, des femmes et des [&hellip;]<\/p>\n","protected":false},"author":1,"featured_media":88486,"comment_status":"closed","ping_status":"closed","sticky":false,"template":"","format":"standard","meta":{"_acf_changed":false,"footnotes":""},"categories":[7],"tags":[],"network":[],"eventcategory":[1500],"class_list":["post-9850","post","type-post","status-publish","format-standard","has-post-thumbnail","hentry","category-non-classifiee","eventcategory-anabaptist-world-fellowship-sunday-fr"],"acf":[],"yoast_head":"<!-- This site is optimized with the Yoast SEO plugin v27.2 - https:\/\/yoast.com\/product\/yoast-seo-wordpress\/ -->\n<title>Nous pleurons \u2013 ensemble \u2013 pour la mis\u00e9ricorde de Dieu - Mennonite World Conference<\/title>\n<meta name=\"robots\" content=\"index, follow, max-snippet:-1, max-image-preview:large, max-video-preview:-1\" \/>\n<link rel=\"canonical\" href=\"https:\/\/mwc-cmm.org\/en\/stories\/we-cry-together-for-gods-mercy\/\" \/>\n<meta property=\"og:locale\" content=\"fr_FR\" \/>\n<meta property=\"og:type\" content=\"article\" \/>\n<meta property=\"og:title\" content=\"Nous pleurons \u2013 ensemble \u2013 pour la mis\u00e9ricorde de Dieu - Mennonite World Conference\" \/>\n<meta property=\"og:description\" content=\"Le Dimanche de la Fraternit\u00e9 Mondiale c\u00e9l\u00e8bre koinonia dans la souffrance Bogota, Colombie \u2013 \u00ab Nous c\u00e9l\u00e9brons le Dimanche de la Fraternit\u00e9 Mondiale parce que c&rsquo;est une mani\u00e8re de se rappeler que l&rsquo;\u00e9glise a une origine, bien s\u00fbr, d&rsquo;abord viennent les enseignements de J\u00e9sus, mais il y a environ 500 ans, des femmes et des [&hellip;]\" \/>\n<meta property=\"og:url\" content=\"https:\/\/mwc-cmm.org\/en\/stories\/we-cry-together-for-gods-mercy\/\" \/>\n<meta property=\"og:site_name\" content=\"Mennonite World Conference\" \/>\n<meta property=\"article:publisher\" content=\"https:\/\/www.facebook.com\/MennoniteWorldConference\" \/>\n<meta property=\"article:published_time\" content=\"2017-01-17T00:00:00+00:00\" \/>\n<meta property=\"article:modified_time\" content=\"2024-12-10T17:14:32+00:00\" \/>\n<meta property=\"og:image\" content=\"https:\/\/mwc-cmm.org\/wp-content\/uploads\/2024\/11\/iglesia_costa_rica_ninos.jpg\" \/>\n\t<meta property=\"og:image:width\" content=\"650\" \/>\n\t<meta property=\"og:image:height\" content=\"425\" \/>\n\t<meta property=\"og:image:type\" content=\"image\/jpeg\" \/>\n<meta name=\"author\" content=\"mennworldcon\" \/>\n<script type=\"application\/ld+json\" class=\"yoast-schema-graph\">{\"@context\":\"https:\/\/schema.org\",\"@graph\":[{\"@type\":\"Article\",\"@id\":\"https:\/\/mwc-cmm.org\/en\/stories\/we-cry-together-for-gods-mercy\/#article\",\"isPartOf\":{\"@id\":\"https:\/\/mwc-cmm.org\/en\/stories\/we-cry-together-for-gods-mercy\/\"},\"author\":{\"name\":\"mennworldcon\",\"@id\":\"https:\/\/mwc-cmm.org\/en\/#\/schema\/person\/11f6ae0d7d1868ba20a1cc27f067c836\"},\"headline\":\"Nous pleurons \u2013 ensemble \u2013 pour la mis\u00e9ricorde de Dieu\",\"datePublished\":\"2017-01-17T00:00:00+00:00\",\"dateModified\":\"2024-12-10T17:14:32+00:00\",\"mainEntityOfPage\":{\"@id\":\"https:\/\/mwc-cmm.org\/en\/stories\/we-cry-together-for-gods-mercy\/\"},\"wordCount\":533,\"publisher\":{\"@id\":\"https:\/\/mwc-cmm.org\/en\/#organization\"},\"image\":{\"@id\":\"https:\/\/mwc-cmm.org\/en\/stories\/we-cry-together-for-gods-mercy\/#primaryimage\"},\"thumbnailUrl\":\"https:\/\/mwc-cmm.org\/wp-content\/uploads\/2024\/11\/iglesia_costa_rica_ninos.jpg\",\"articleSection\":[\"Non classifi\u00e9(e)\"],\"inLanguage\":\"fr-FR\"},{\"@type\":\"WebPage\",\"@id\":\"https:\/\/mwc-cmm.org\/en\/stories\/we-cry-together-for-gods-mercy\/\",\"url\":\"https:\/\/mwc-cmm.org\/en\/stories\/we-cry-together-for-gods-mercy\/\",\"name\":\"Nous pleurons \u2013 ensemble \u2013 pour la mis\u00e9ricorde de Dieu - Mennonite World Conference\",\"isPartOf\":{\"@id\":\"https:\/\/mwc-cmm.org\/en\/#website\"},\"primaryImageOfPage\":{\"@id\":\"https:\/\/mwc-cmm.org\/en\/stories\/we-cry-together-for-gods-mercy\/#primaryimage\"},\"image\":{\"@id\":\"https:\/\/mwc-cmm.org\/en\/stories\/we-cry-together-for-gods-mercy\/#primaryimage\"},\"thumbnailUrl\":\"https:\/\/mwc-cmm.org\/wp-content\/uploads\/2024\/11\/iglesia_costa_rica_ninos.jpg\",\"datePublished\":\"2017-01-17T00:00:00+00:00\",\"dateModified\":\"2024-12-10T17:14:32+00:00\",\"breadcrumb\":{\"@id\":\"https:\/\/mwc-cmm.org\/en\/stories\/we-cry-together-for-gods-mercy\/#breadcrumb\"},\"inLanguage\":\"fr-FR\",\"potentialAction\":[{\"@type\":\"ReadAction\",\"target\":[\"https:\/\/mwc-cmm.org\/en\/stories\/we-cry-together-for-gods-mercy\/\"]}]},{\"@type\":\"ImageObject\",\"inLanguage\":\"fr-FR\",\"@id\":\"https:\/\/mwc-cmm.org\/en\/stories\/we-cry-together-for-gods-mercy\/#primaryimage\",\"url\":\"https:\/\/mwc-cmm.org\/wp-content\/uploads\/2024\/11\/iglesia_costa_rica_ninos.jpg\",\"contentUrl\":\"https:\/\/mwc-cmm.org\/wp-content\/uploads\/2024\/11\/iglesia_costa_rica_ninos.jpg\",\"width\":650,\"height\":425},{\"@type\":\"BreadcrumbList\",\"@id\":\"https:\/\/mwc-cmm.org\/en\/stories\/we-cry-together-for-gods-mercy\/#breadcrumb\",\"itemListElement\":[{\"@type\":\"ListItem\",\"position\":1,\"name\":\"Home\",\"item\":\"https:\/\/mwc-cmm.org\/fr\/\"},{\"@type\":\"ListItem\",\"position\":2,\"name\":\"Nous pleurons \u2013 ensemble \u2013 pour la mis\u00e9ricorde de Dieu\"}]},{\"@type\":\"WebSite\",\"@id\":\"https:\/\/mwc-cmm.org\/en\/#website\",\"url\":\"https:\/\/mwc-cmm.org\/en\/\",\"name\":\"Mennonite World Conference\",\"description\":\"A communion of Anabaptist-related churches\",\"publisher\":{\"@id\":\"https:\/\/mwc-cmm.org\/en\/#organization\"},\"alternateName\":\"MWC\",\"potentialAction\":[{\"@type\":\"SearchAction\",\"target\":{\"@type\":\"EntryPoint\",\"urlTemplate\":\"https:\/\/mwc-cmm.org\/en\/?s={search_term_string}\"},\"query-input\":{\"@type\":\"PropertyValueSpecification\",\"valueRequired\":true,\"valueName\":\"search_term_string\"}}],\"inLanguage\":\"fr-FR\"},{\"@type\":\"Organization\",\"@id\":\"https:\/\/mwc-cmm.org\/en\/#organization\",\"name\":\"Mennonite World Conference\",\"alternateName\":\"MWC\",\"url\":\"https:\/\/mwc-cmm.org\/en\/\",\"logo\":{\"@type\":\"ImageObject\",\"inLanguage\":\"fr-FR\",\"@id\":\"https:\/\/mwc-cmm.org\/en\/#\/schema\/logo\/image\/\",\"url\":\"https:\/\/mwc-cmm.org\/wp-content\/uploads\/2026\/01\/MWC_Sig_Blue_Horiz_webheader1-logo.svg\",\"contentUrl\":\"https:\/\/mwc-cmm.org\/wp-content\/uploads\/2026\/01\/MWC_Sig_Blue_Horiz_webheader1-logo.svg\",\"width\":786,\"height\":82,\"caption\":\"Mennonite World Conference\"},\"image\":{\"@id\":\"https:\/\/mwc-cmm.org\/en\/#\/schema\/logo\/image\/\"},\"sameAs\":[\"https:\/\/www.facebook.com\/MennoniteWorldConference\",\"https:\/\/www.linkedin.com\/company\/mennonite-world-conference-mwc\/\",\"https:\/\/www.instagram.com\/mwcmm\/\",\"https:\/\/www.youtube.com\/user\/mwccmm\",\"https:\/\/bsky.app\/profile\/mwcmm.bsky.social\"]},{\"@type\":\"Person\",\"@id\":\"https:\/\/mwc-cmm.org\/en\/#\/schema\/person\/11f6ae0d7d1868ba20a1cc27f067c836\",\"name\":\"mennworldcon\",\"image\":{\"@type\":\"ImageObject\",\"inLanguage\":\"fr-FR\",\"@id\":\"https:\/\/secure.gravatar.com\/avatar\/06fdc0dc81c157dfdb82ec42f252178a22307808988d22c043f9eb96f1e0fe80?s=96&d=mm&r=g\",\"url\":\"https:\/\/secure.gravatar.com\/avatar\/06fdc0dc81c157dfdb82ec42f252178a22307808988d22c043f9eb96f1e0fe80?s=96&d=mm&r=g\",\"contentUrl\":\"https:\/\/secure.gravatar.com\/avatar\/06fdc0dc81c157dfdb82ec42f252178a22307808988d22c043f9eb96f1e0fe80?s=96&d=mm&r=g\",\"caption\":\"mennworldcon\"},\"sameAs\":[\"https:\/\/mwc-cmm.org\"],\"url\":\"https:\/\/mwc-cmm.org\/fr\/stories\/author\/mennworldcon\/\"}]}<\/script>\n<!-- \/ Yoast SEO plugin. -->","yoast_head_json":{"title":"Nous pleurons \u2013 ensemble \u2013 pour la mis\u00e9ricorde de Dieu - Mennonite World Conference","robots":{"index":"index","follow":"follow","max-snippet":"max-snippet:-1","max-image-preview":"max-image-preview:large","max-video-preview":"max-video-preview:-1"},"canonical":"https:\/\/mwc-cmm.org\/en\/stories\/we-cry-together-for-gods-mercy\/","og_locale":"fr_FR","og_type":"article","og_title":"Nous pleurons \u2013 ensemble \u2013 pour la mis\u00e9ricorde de Dieu - Mennonite World Conference","og_description":"Le Dimanche de la Fraternit\u00e9 Mondiale c\u00e9l\u00e8bre koinonia dans la souffrance Bogota, Colombie \u2013 \u00ab Nous c\u00e9l\u00e9brons le Dimanche de la Fraternit\u00e9 Mondiale parce que c&rsquo;est une mani\u00e8re de se rappeler que l&rsquo;\u00e9glise a une origine, bien s\u00fbr, d&rsquo;abord viennent les enseignements de J\u00e9sus, mais il y a environ 500 ans, des femmes et des [&hellip;]","og_url":"https:\/\/mwc-cmm.org\/en\/stories\/we-cry-together-for-gods-mercy\/","og_site_name":"Mennonite World Conference","article_publisher":"https:\/\/www.facebook.com\/MennoniteWorldConference","article_published_time":"2017-01-17T00:00:00+00:00","article_modified_time":"2024-12-10T17:14:32+00:00","og_image":[{"width":650,"height":425,"url":"https:\/\/mwc-cmm.org\/wp-content\/uploads\/2024\/11\/iglesia_costa_rica_ninos.jpg","type":"image\/jpeg"}],"author":"mennworldcon","schema":{"@context":"https:\/\/schema.org","@graph":[{"@type":"Article","@id":"https:\/\/mwc-cmm.org\/en\/stories\/we-cry-together-for-gods-mercy\/#article","isPartOf":{"@id":"https:\/\/mwc-cmm.org\/en\/stories\/we-cry-together-for-gods-mercy\/"},"author":{"name":"mennworldcon","@id":"https:\/\/mwc-cmm.org\/en\/#\/schema\/person\/11f6ae0d7d1868ba20a1cc27f067c836"},"headline":"Nous pleurons \u2013 ensemble \u2013 pour la mis\u00e9ricorde de Dieu","datePublished":"2017-01-17T00:00:00+00:00","dateModified":"2024-12-10T17:14:32+00:00","mainEntityOfPage":{"@id":"https:\/\/mwc-cmm.org\/en\/stories\/we-cry-together-for-gods-mercy\/"},"wordCount":533,"publisher":{"@id":"https:\/\/mwc-cmm.org\/en\/#organization"},"image":{"@id":"https:\/\/mwc-cmm.org\/en\/stories\/we-cry-together-for-gods-mercy\/#primaryimage"},"thumbnailUrl":"https:\/\/mwc-cmm.org\/wp-content\/uploads\/2024\/11\/iglesia_costa_rica_ninos.jpg","articleSection":["Non classifi\u00e9(e)"],"inLanguage":"fr-FR"},{"@type":"WebPage","@id":"https:\/\/mwc-cmm.org\/en\/stories\/we-cry-together-for-gods-mercy\/","url":"https:\/\/mwc-cmm.org\/en\/stories\/we-cry-together-for-gods-mercy\/","name":"Nous pleurons \u2013 ensemble \u2013 pour la mis\u00e9ricorde de Dieu - Mennonite World Conference","isPartOf":{"@id":"https:\/\/mwc-cmm.org\/en\/#website"},"primaryImageOfPage":{"@id":"https:\/\/mwc-cmm.org\/en\/stories\/we-cry-together-for-gods-mercy\/#primaryimage"},"image":{"@id":"https:\/\/mwc-cmm.org\/en\/stories\/we-cry-together-for-gods-mercy\/#primaryimage"},"thumbnailUrl":"https:\/\/mwc-cmm.org\/wp-content\/uploads\/2024\/11\/iglesia_costa_rica_ninos.jpg","datePublished":"2017-01-17T00:00:00+00:00","dateModified":"2024-12-10T17:14:32+00:00","breadcrumb":{"@id":"https:\/\/mwc-cmm.org\/en\/stories\/we-cry-together-for-gods-mercy\/#breadcrumb"},"inLanguage":"fr-FR","potentialAction":[{"@type":"ReadAction","target":["https:\/\/mwc-cmm.org\/en\/stories\/we-cry-together-for-gods-mercy\/"]}]},{"@type":"ImageObject","inLanguage":"fr-FR","@id":"https:\/\/mwc-cmm.org\/en\/stories\/we-cry-together-for-gods-mercy\/#primaryimage","url":"https:\/\/mwc-cmm.org\/wp-content\/uploads\/2024\/11\/iglesia_costa_rica_ninos.jpg","contentUrl":"https:\/\/mwc-cmm.org\/wp-content\/uploads\/2024\/11\/iglesia_costa_rica_ninos.jpg","width":650,"height":425},{"@type":"BreadcrumbList","@id":"https:\/\/mwc-cmm.org\/en\/stories\/we-cry-together-for-gods-mercy\/#breadcrumb","itemListElement":[{"@type":"ListItem","position":1,"name":"Home","item":"https:\/\/mwc-cmm.org\/fr\/"},{"@type":"ListItem","position":2,"name":"Nous pleurons \u2013 ensemble \u2013 pour la mis\u00e9ricorde de Dieu"}]},{"@type":"WebSite","@id":"https:\/\/mwc-cmm.org\/en\/#website","url":"https:\/\/mwc-cmm.org\/en\/","name":"Mennonite World Conference","description":"A communion of Anabaptist-related churches","publisher":{"@id":"https:\/\/mwc-cmm.org\/en\/#organization"},"alternateName":"MWC","potentialAction":[{"@type":"SearchAction","target":{"@type":"EntryPoint","urlTemplate":"https:\/\/mwc-cmm.org\/en\/?s={search_term_string}"},"query-input":{"@type":"PropertyValueSpecification","valueRequired":true,"valueName":"search_term_string"}}],"inLanguage":"fr-FR"},{"@type":"Organization","@id":"https:\/\/mwc-cmm.org\/en\/#organization","name":"Mennonite World Conference","alternateName":"MWC","url":"https:\/\/mwc-cmm.org\/en\/","logo":{"@type":"ImageObject","inLanguage":"fr-FR","@id":"https:\/\/mwc-cmm.org\/en\/#\/schema\/logo\/image\/","url":"https:\/\/mwc-cmm.org\/wp-content\/uploads\/2026\/01\/MWC_Sig_Blue_Horiz_webheader1-logo.svg","contentUrl":"https:\/\/mwc-cmm.org\/wp-content\/uploads\/2026\/01\/MWC_Sig_Blue_Horiz_webheader1-logo.svg","width":786,"height":82,"caption":"Mennonite World Conference"},"image":{"@id":"https:\/\/mwc-cmm.org\/en\/#\/schema\/logo\/image\/"},"sameAs":["https:\/\/www.facebook.com\/MennoniteWorldConference","https:\/\/www.linkedin.com\/company\/mennonite-world-conference-mwc\/","https:\/\/www.instagram.com\/mwcmm\/","https:\/\/www.youtube.com\/user\/mwccmm","https:\/\/bsky.app\/profile\/mwcmm.bsky.social"]},{"@type":"Person","@id":"https:\/\/mwc-cmm.org\/en\/#\/schema\/person\/11f6ae0d7d1868ba20a1cc27f067c836","name":"mennworldcon","image":{"@type":"ImageObject","inLanguage":"fr-FR","@id":"https:\/\/secure.gravatar.com\/avatar\/06fdc0dc81c157dfdb82ec42f252178a22307808988d22c043f9eb96f1e0fe80?s=96&d=mm&r=g","url":"https:\/\/secure.gravatar.com\/avatar\/06fdc0dc81c157dfdb82ec42f252178a22307808988d22c043f9eb96f1e0fe80?s=96&d=mm&r=g","contentUrl":"https:\/\/secure.gravatar.com\/avatar\/06fdc0dc81c157dfdb82ec42f252178a22307808988d22c043f9eb96f1e0fe80?s=96&d=mm&r=g","caption":"mennworldcon"},"sameAs":["https:\/\/mwc-cmm.org"],"url":"https:\/\/mwc-cmm.org\/fr\/stories\/author\/mennworldcon\/"}]}},"_links":{"self":[{"href":"https:\/\/mwc-cmm.org\/fr\/wp-json\/wp\/v2\/posts\/9850","targetHints":{"allow":["GET"]}}],"collection":[{"href":"https:\/\/mwc-cmm.org\/fr\/wp-json\/wp\/v2\/posts"}],"about":[{"href":"https:\/\/mwc-cmm.org\/fr\/wp-json\/wp\/v2\/types\/post"}],"author":[{"embeddable":true,"href":"https:\/\/mwc-cmm.org\/fr\/wp-json\/wp\/v2\/users\/1"}],"replies":[{"embeddable":true,"href":"https:\/\/mwc-cmm.org\/fr\/wp-json\/wp\/v2\/comments?post=9850"}],"version-history":[{"count":0,"href":"https:\/\/mwc-cmm.org\/fr\/wp-json\/wp\/v2\/posts\/9850\/revisions"}],"wp:featuredmedia":[{"embeddable":true,"href":"https:\/\/mwc-cmm.org\/fr\/wp-json\/wp\/v2\/media\/88486"}],"wp:attachment":[{"href":"https:\/\/mwc-cmm.org\/fr\/wp-json\/wp\/v2\/media?parent=9850"}],"wp:term":[{"taxonomy":"category","embeddable":true,"href":"https:\/\/mwc-cmm.org\/fr\/wp-json\/wp\/v2\/categories?post=9850"},{"taxonomy":"post_tag","embeddable":true,"href":"https:\/\/mwc-cmm.org\/fr\/wp-json\/wp\/v2\/tags?post=9850"},{"taxonomy":"network","embeddable":true,"href":"https:\/\/mwc-cmm.org\/fr\/wp-json\/wp\/v2\/network?post=9850"},{"taxonomy":"eventcategory","embeddable":true,"href":"https:\/\/mwc-cmm.org\/fr\/wp-json\/wp\/v2\/eventcategory?post=9850"}],"curies":[{"name":"wp","href":"https:\/\/api.w.org\/{rel}","templated":true}]}}