{"id":9848,"date":"2017-01-18T00:00:00","date_gmt":"2017-01-18T00:00:00","guid":{"rendered":"https:\/\/mwc-cmm.org\/canadian-renovation-builds-church-in-latin-america-4\/"},"modified":"2024-12-10T17:14:31","modified_gmt":"2024-12-10T17:14:31","slug":"canadian-renovation-builds-church-in-latin-america-4","status":"publish","type":"post","link":"https:\/\/mwc-cmm.org\/fr\/stories\/canadian-renovation-builds-church-in-latin-america-4\/","title":{"rendered":"Un projet de r\u00e9novation canadien construit une \u00e9glise en Am\u00e9rique Latine."},"content":{"rendered":"<p>Winnipeg, Manitoba, Canada \u2013 Lorsque l\u2019\u00e9glise de Toronto, United Mennonite Church (TUMC), d\u00e9cida qu\u2019il \u00e9tait temps de r\u00e9nover et d\u2019agrandir son b\u00e2timent, elle voulait que son projet ait un impact au del\u00e0 de sa sph\u00e8re d\u2019influence habituelle. Situ\u00e9 dans la ville multiculturelle la plus grande du Canada, TUMC accueille environ 200 personnes de 5 continents diff\u00e9rents parlant une vari\u00e9t\u00e9 de 10 langues maternelles et dont la plupart ont un lien fort avec l\u2019Am\u00e9rique centrale.<\/p>\n<p>\u00ab Nous avons demand\u00e9 \u00e0 Arli Klassen de quelle mani\u00e8re nous pourrions partager notre offrande avec la Conf\u00e9rence Mennonite Mondiale, \u00bb raconte Richard Ratzlaff, membre du comit\u00e9 de construction, et elle leur a propos\u00e9 de donner au compte du Fond de Partage de l\u2019\u00c9glise Mondiale (GCSF). La TUMC avait fait une collecte sur le m\u00eame principe de la d\u00eeme lors de la construction du b\u00e2timent 20 ans plus t\u00f4t.<\/p>\n<p>\u00ab Le GCSF est le compte de la CMM que les \u00e9glises membres peuvent solliciter pour l\u2019aide au financement d\u2019un projet de construction. \u00bb explique Klassen. Les demandes de bourses doivent \u00eatre approuv\u00e9es par le bureau national des \u00e9glises et le groupe b\u00e9n\u00e9ficiaire doit participer aux co\u00fbts du projet.<\/p>\n<p>Le but du Fond de Partage de l\u2019\u00c9glise Mondiale est de mettre en pratique les paroles de Paul \u00e0 propos de l\u2019\u00e9quit\u00e9 : \u00ab par votre superflu, vous pouvez venir en aide \u00e0 ceux qui sont dans le besoin. Aussi, par leur superflu, ils pourront un jour subvenir \u00e0 vos besoins. (2 Corinthiens 8:13-15). <\/p>\n<p>Les deux tiers des 1,8 millions de croyants anabaptistes vivent en Afrique, en Asie et en Am\u00e9rique Latine mais 95% de la richesse des anabaptistes se trouve en Am\u00e9rique du Nord et en Europe. Le GCSF constitue un moyen de \u00ab redistribuer la richesse dans l\u2019esprit biblique du jubil\u00e9. \u00bb<\/p>\n<table align=\"right\" cellpadding=\"1\" cellspacing=\"1\">\n<tbody>\n<tr>\n<td>\n<div style=\"text-align: center;\"><img decoding=\"async\" alt=\"\" data-src=\"https:\/\/mwc-cmm.org\/wp-content\/uploads\/2024\/10\/nicaragua.jpg\" style=\"--smush-image-width: 2000px; --smush-image-aspect-ratio: 2000\/1021;text-align: center; width: 350px; float: right; height: 179px; margin-left: 10px; margin-right: 10px;\" width=\"2000\" class=\"smush-dimensions lazyload\" src=\"data:image\/svg+xml;base64,PHN2ZyB3aWR0aD0iMSIgaGVpZ2h0PSIxIiB4bWxucz0iaHR0cDovL3d3dy53My5vcmcvMjAwMC9zdmciPjwvc3ZnPg==\" \/><br \/><span style=\"font-size:11px;\">Les bureaux et le centre de retraite de la FIEMN<\/span><\/div>\n<div style=\"text-align: center;\"><span style=\"font-size:11px;\">(Fraternidad de Iglesias Evang\u00e9licas Menonitas Nicaragua),<\/span><\/div>\n<div style=\"text-align: center;\"><span style=\"font-size:11px;\">au Nicaragua ont fait une demande de<\/span><\/div>\n<div style=\"text-align: center;\"><span style=\"font-size:11px;\">financement pour r\u00e9aliser leur projet d\u2019achat de<\/span><\/div>\n<div style=\"text-align: center;\"><span style=\"font-size:11px;\">terrain partag\u00e9 avec deux \u00e9glises, de r\u00e9novation des<\/span><\/div>\n<div style=\"text-align: center;\"><span style=\"font-size:11px;\">bureaux nationaux et d\u2019am\u00e9lioration de leur lieu de retraite.<\/span><\/div>\n<div style=\"text-align: center;\"><span style=\"font-size:11px;\">Photos :  FIEMN<\/span><\/div>\n<div style=\"text-align: center;\"><span style=\"font-size:11px;\">(Fraternidad de Iglesias Evang\u00e9licas Menonitas Nicaragua).<\/span><\/div>\n<\/td>\n<\/tr>\n<\/tbody>\n<\/table>\n<p>La TUMC a consacr\u00e9 2% (20 000 $) de sa collecte de fonds (900 000$) au GCSF de la CMM. Leur projet consiste en la transformation cr\u00e9ative de leur b\u00e2timent existant pour avoir plus de place \u00ab pour accueillir, rencontrer et apprendre ; offrir l\u2019hospitalit\u00e9 et jouer, \u00bb et ajouter une rampe d\u2019acc\u00e8s pour fauteuils roulants et un espace de bureaux pour les \u00e9glises partenaires.<\/p>\n<p>L\u2019id\u00e9e de partager la r\u00e9colte de fonds avec la CMM ne g\u00e9n\u00e9ra aucune h\u00e9sitation, raconte Ratzlaff. \u00ab Nous sommes une \u00e9glise tr\u00e8s riche, et nous le savons. Au contraire, certains trouvaient que nous d\u00e9pensions trop pour nous-m\u00eames et pas assez pour nos fr\u00e8res et s\u0153urs ailleurs. \u00bb<\/p>\n<p>Ironiquement, le pourcentage que la TUMC donne \u00e0 la CMM rendrait possible le financement d\u2019un plus grand projet de construction ailleurs que ce que permet le montant total au Canada.<\/p>\n<p>Lors de l\u2019inauguration du b\u00e2timent neuf et agrandi de la TUMC le 13 novembre 2016, 2 Corinthiens 8 :15 fut mentionn\u00e9 pendant le culte : \u00ab Celui qui avait ramass\u00e9 beaucoup de manne n\u2019en avait pas de trop, et celui qui en avait ramass\u00e9 peu ne manquait de rien \u00bb (2 Corinthiens 8\/15).<\/p>\n<p>\u00ab L\u2019objectif annuel du GCSF s\u2019\u00e9l\u00e8ve \u00e0 100 000 $, m\u00eame si la Commission Diacre ne peut d\u00e9penser que le montant r\u00e9el des donations re\u00e7ues \u00bb explique Klassen. Environ la moiti\u00e9 des donations sont destin\u00e9es \u00e0 des projets de construction, le reste finance les visites des diacres aux \u00e9glises membres en souffrance.<\/p>\n<p>En 2016, nous avons re\u00e7u cinq demandes d\u2019environ 10 000 $ chacune pour la construction de b\u00e2timents d\u2019\u00e9glises, d\u2019\u00e9coles et de bureaux en Afrique, en Asie et \u2013 ce qui int\u00e9ressa particuli\u00e8rement la TUMC \u2013 en Colombie et au Nicaragua.<\/p>\n<p>\u00ab Plusieurs familles de l\u2019\u00e9glise ont des racines en Colombie, \u00bb raconte Ratzlaff, et les deux \u00e9glises partenaires qui partagent le b\u00e2timent sont form\u00e9es par un nombre de r\u00e9fugi\u00e9s et de migrants d\u2019Am\u00e9rique centrale, ou par de personnes engag\u00e9es dans l\u2019aide aux migrants et aux refugi\u00e9s venant de cette r\u00e9gion.<\/p>\n<p>\u00ab Nous sommes heureux de savoir que nous pouvons participer aux projets des autres dans notre \u00e9glise mondiale \u00bb dit Ratzlaff.<\/p>\n<p><em>\u2014<\/em><em>Communiqu\u00e9 de la Conf\u00e9rence Mennonite Mondiale par <\/em><em>Karla Braun<\/em><\/p><\/p>\n","protected":false},"excerpt":{"rendered":"<p>NULL<\/p>\n","protected":false},"author":1,"featured_media":88458,"comment_status":"closed","ping_status":"closed","sticky":false,"template":"","format":"standard","meta":{"_acf_changed":false,"footnotes":""},"categories":[7],"tags":[],"network":[],"eventcategory":[],"class_list":["post-9848","post","type-post","status-publish","format-standard","has-post-thumbnail","hentry","category-non-classifiee"],"acf":[],"yoast_head":"<!-- This site is optimized with the Yoast SEO plugin v27.5 - https:\/\/yoast.com\/product\/yoast-seo-wordpress\/ -->\n<title>Un projet de r\u00e9novation canadien construit une \u00e9glise en Am\u00e9rique Latine. - Mennonite World Conference<\/title>\n<meta name=\"robots\" content=\"index, follow, max-snippet:-1, max-image-preview:large, max-video-preview:-1\" \/>\n<link rel=\"canonical\" href=\"https:\/\/mwc-cmm.org\/en\/stories\/canadian-renovation-builds-church-latin-america\/\" \/>\n<meta property=\"og:locale\" content=\"fr_FR\" \/>\n<meta property=\"og:type\" content=\"article\" \/>\n<meta property=\"og:title\" content=\"Un projet de r\u00e9novation canadien construit une \u00e9glise en Am\u00e9rique Latine. - Mennonite World Conference\" \/>\n<meta property=\"og:description\" content=\"NULL\" \/>\n<meta property=\"og:url\" content=\"https:\/\/mwc-cmm.org\/en\/stories\/canadian-renovation-builds-church-latin-america\/\" \/>\n<meta property=\"og:site_name\" content=\"Mennonite World Conference\" \/>\n<meta property=\"article:publisher\" content=\"https:\/\/www.facebook.com\/MennoniteWorldConference\" \/>\n<meta property=\"article:published_time\" content=\"2017-01-18T00:00:00+00:00\" \/>\n<meta property=\"article:modified_time\" content=\"2024-12-10T17:14:31+00:00\" \/>\n<meta property=\"og:image\" content=\"https:\/\/mwc-cmm.org\/wp-content\/uploads\/2024\/11\/cali_building_project_1_0.jpg\" \/>\n\t<meta property=\"og:image:width\" content=\"2560\" \/>\n\t<meta property=\"og:image:height\" content=\"1920\" \/>\n\t<meta property=\"og:image:type\" content=\"image\/jpeg\" \/>\n<meta name=\"author\" content=\"mennworldcon\" \/>\n<script type=\"application\/ld+json\" class=\"yoast-schema-graph\">{\"@context\":\"https:\\\/\\\/schema.org\",\"@graph\":[{\"@type\":\"Article\",\"@id\":\"https:\\\/\\\/mwc-cmm.org\\\/en\\\/stories\\\/canadian-renovation-builds-church-latin-america\\\/#article\",\"isPartOf\":{\"@id\":\"https:\\\/\\\/mwc-cmm.org\\\/en\\\/stories\\\/canadian-renovation-builds-church-latin-america\\\/\"},\"author\":{\"name\":\"mennworldcon\",\"@id\":\"https:\\\/\\\/mwc-cmm.org\\\/en\\\/#\\\/schema\\\/person\\\/11f6ae0d7d1868ba20a1cc27f067c836\"},\"headline\":\"Un projet de r\u00e9novation canadien construit une \u00e9glise en Am\u00e9rique Latine.\",\"datePublished\":\"2017-01-18T00:00:00+00:00\",\"dateModified\":\"2024-12-10T17:14:31+00:00\",\"mainEntityOfPage\":{\"@id\":\"https:\\\/\\\/mwc-cmm.org\\\/en\\\/stories\\\/canadian-renovation-builds-church-latin-america\\\/\"},\"wordCount\":756,\"publisher\":{\"@id\":\"https:\\\/\\\/mwc-cmm.org\\\/en\\\/#organization\"},\"image\":{\"@id\":\"https:\\\/\\\/mwc-cmm.org\\\/en\\\/stories\\\/canadian-renovation-builds-church-latin-america\\\/#primaryimage\"},\"thumbnailUrl\":\"https:\\\/\\\/mwc-cmm.org\\\/wp-content\\\/uploads\\\/2024\\\/11\\\/cali_building_project_1_0.jpg\",\"articleSection\":[\"Non classifi\u00e9(e)\"],\"inLanguage\":\"fr-FR\"},{\"@type\":\"WebPage\",\"@id\":\"https:\\\/\\\/mwc-cmm.org\\\/en\\\/stories\\\/canadian-renovation-builds-church-latin-america\\\/\",\"url\":\"https:\\\/\\\/mwc-cmm.org\\\/en\\\/stories\\\/canadian-renovation-builds-church-latin-america\\\/\",\"name\":\"Un projet de r\u00e9novation canadien construit une \u00e9glise en Am\u00e9rique Latine. - Mennonite World Conference\",\"isPartOf\":{\"@id\":\"https:\\\/\\\/mwc-cmm.org\\\/en\\\/#website\"},\"primaryImageOfPage\":{\"@id\":\"https:\\\/\\\/mwc-cmm.org\\\/en\\\/stories\\\/canadian-renovation-builds-church-latin-america\\\/#primaryimage\"},\"image\":{\"@id\":\"https:\\\/\\\/mwc-cmm.org\\\/en\\\/stories\\\/canadian-renovation-builds-church-latin-america\\\/#primaryimage\"},\"thumbnailUrl\":\"https:\\\/\\\/mwc-cmm.org\\\/wp-content\\\/uploads\\\/2024\\\/11\\\/cali_building_project_1_0.jpg\",\"datePublished\":\"2017-01-18T00:00:00+00:00\",\"dateModified\":\"2024-12-10T17:14:31+00:00\",\"breadcrumb\":{\"@id\":\"https:\\\/\\\/mwc-cmm.org\\\/en\\\/stories\\\/canadian-renovation-builds-church-latin-america\\\/#breadcrumb\"},\"inLanguage\":\"fr-FR\",\"potentialAction\":[{\"@type\":\"ReadAction\",\"target\":[\"https:\\\/\\\/mwc-cmm.org\\\/en\\\/stories\\\/canadian-renovation-builds-church-latin-america\\\/\"]}]},{\"@type\":\"ImageObject\",\"inLanguage\":\"fr-FR\",\"@id\":\"https:\\\/\\\/mwc-cmm.org\\\/en\\\/stories\\\/canadian-renovation-builds-church-latin-america\\\/#primaryimage\",\"url\":\"https:\\\/\\\/mwc-cmm.org\\\/wp-content\\\/uploads\\\/2024\\\/11\\\/cali_building_project_1_0.jpg\",\"contentUrl\":\"https:\\\/\\\/mwc-cmm.org\\\/wp-content\\\/uploads\\\/2024\\\/11\\\/cali_building_project_1_0.jpg\",\"width\":2560,\"height\":1920},{\"@type\":\"BreadcrumbList\",\"@id\":\"https:\\\/\\\/mwc-cmm.org\\\/en\\\/stories\\\/canadian-renovation-builds-church-latin-america\\\/#breadcrumb\",\"itemListElement\":[{\"@type\":\"ListItem\",\"position\":1,\"name\":\"Home\",\"item\":\"https:\\\/\\\/mwc-cmm.org\\\/fr\\\/\"},{\"@type\":\"ListItem\",\"position\":2,\"name\":\"Un projet de r\u00e9novation canadien construit une \u00e9glise en Am\u00e9rique Latine.\"}]},{\"@type\":\"WebSite\",\"@id\":\"https:\\\/\\\/mwc-cmm.org\\\/en\\\/#website\",\"url\":\"https:\\\/\\\/mwc-cmm.org\\\/en\\\/\",\"name\":\"Mennonite World Conference\",\"description\":\"A communion of Anabaptist-related churches\",\"publisher\":{\"@id\":\"https:\\\/\\\/mwc-cmm.org\\\/en\\\/#organization\"},\"alternateName\":\"MWC\",\"potentialAction\":[{\"@type\":\"SearchAction\",\"target\":{\"@type\":\"EntryPoint\",\"urlTemplate\":\"https:\\\/\\\/mwc-cmm.org\\\/en\\\/?s={search_term_string}\"},\"query-input\":{\"@type\":\"PropertyValueSpecification\",\"valueRequired\":true,\"valueName\":\"search_term_string\"}}],\"inLanguage\":\"fr-FR\"},{\"@type\":\"Organization\",\"@id\":\"https:\\\/\\\/mwc-cmm.org\\\/en\\\/#organization\",\"name\":\"Mennonite World Conference\",\"alternateName\":\"MWC\",\"url\":\"https:\\\/\\\/mwc-cmm.org\\\/en\\\/\",\"logo\":{\"@type\":\"ImageObject\",\"inLanguage\":\"fr-FR\",\"@id\":\"https:\\\/\\\/mwc-cmm.org\\\/en\\\/#\\\/schema\\\/logo\\\/image\\\/\",\"url\":\"https:\\\/\\\/mwc-cmm.org\\\/wp-content\\\/uploads\\\/2026\\\/01\\\/MWC_Sig_Blue_Horiz_webheader1-logo.svg\",\"contentUrl\":\"https:\\\/\\\/mwc-cmm.org\\\/wp-content\\\/uploads\\\/2026\\\/01\\\/MWC_Sig_Blue_Horiz_webheader1-logo.svg\",\"width\":786,\"height\":82,\"caption\":\"Mennonite World Conference\"},\"image\":{\"@id\":\"https:\\\/\\\/mwc-cmm.org\\\/en\\\/#\\\/schema\\\/logo\\\/image\\\/\"},\"sameAs\":[\"https:\\\/\\\/www.facebook.com\\\/MennoniteWorldConference\",\"https:\\\/\\\/www.linkedin.com\\\/company\\\/mennonite-world-conference-mwc\\\/\",\"https:\\\/\\\/www.instagram.com\\\/mwcmm\\\/\",\"https:\\\/\\\/www.youtube.com\\\/user\\\/mwccmm\",\"https:\\\/\\\/bsky.app\\\/profile\\\/mwcmm.bsky.social\"]},{\"@type\":\"Person\",\"@id\":\"https:\\\/\\\/mwc-cmm.org\\\/en\\\/#\\\/schema\\\/person\\\/11f6ae0d7d1868ba20a1cc27f067c836\",\"name\":\"mennworldcon\",\"image\":{\"@type\":\"ImageObject\",\"inLanguage\":\"fr-FR\",\"@id\":\"https:\\\/\\\/secure.gravatar.com\\\/avatar\\\/06fdc0dc81c157dfdb82ec42f252178a22307808988d22c043f9eb96f1e0fe80?s=96&d=mm&r=g\",\"url\":\"https:\\\/\\\/secure.gravatar.com\\\/avatar\\\/06fdc0dc81c157dfdb82ec42f252178a22307808988d22c043f9eb96f1e0fe80?s=96&d=mm&r=g\",\"contentUrl\":\"https:\\\/\\\/secure.gravatar.com\\\/avatar\\\/06fdc0dc81c157dfdb82ec42f252178a22307808988d22c043f9eb96f1e0fe80?s=96&d=mm&r=g\",\"caption\":\"mennworldcon\"},\"sameAs\":[\"https:\\\/\\\/mwc-cmm.org\"],\"url\":\"https:\\\/\\\/mwc-cmm.org\\\/fr\\\/stories\\\/author\\\/mennworldcon\\\/\"}]}<\/script>\n<!-- \/ Yoast SEO plugin. -->","yoast_head_json":{"title":"Un projet de r\u00e9novation canadien construit une \u00e9glise en Am\u00e9rique Latine. - Mennonite World Conference","robots":{"index":"index","follow":"follow","max-snippet":"max-snippet:-1","max-image-preview":"max-image-preview:large","max-video-preview":"max-video-preview:-1"},"canonical":"https:\/\/mwc-cmm.org\/en\/stories\/canadian-renovation-builds-church-latin-america\/","og_locale":"fr_FR","og_type":"article","og_title":"Un projet de r\u00e9novation canadien construit une \u00e9glise en Am\u00e9rique Latine. - Mennonite World Conference","og_description":"NULL","og_url":"https:\/\/mwc-cmm.org\/en\/stories\/canadian-renovation-builds-church-latin-america\/","og_site_name":"Mennonite World Conference","article_publisher":"https:\/\/www.facebook.com\/MennoniteWorldConference","article_published_time":"2017-01-18T00:00:00+00:00","article_modified_time":"2024-12-10T17:14:31+00:00","og_image":[{"width":2560,"height":1920,"url":"https:\/\/mwc-cmm.org\/wp-content\/uploads\/2024\/11\/cali_building_project_1_0.jpg","type":"image\/jpeg"}],"author":"mennworldcon","schema":{"@context":"https:\/\/schema.org","@graph":[{"@type":"Article","@id":"https:\/\/mwc-cmm.org\/en\/stories\/canadian-renovation-builds-church-latin-america\/#article","isPartOf":{"@id":"https:\/\/mwc-cmm.org\/en\/stories\/canadian-renovation-builds-church-latin-america\/"},"author":{"name":"mennworldcon","@id":"https:\/\/mwc-cmm.org\/en\/#\/schema\/person\/11f6ae0d7d1868ba20a1cc27f067c836"},"headline":"Un projet de r\u00e9novation canadien construit une \u00e9glise en Am\u00e9rique Latine.","datePublished":"2017-01-18T00:00:00+00:00","dateModified":"2024-12-10T17:14:31+00:00","mainEntityOfPage":{"@id":"https:\/\/mwc-cmm.org\/en\/stories\/canadian-renovation-builds-church-latin-america\/"},"wordCount":756,"publisher":{"@id":"https:\/\/mwc-cmm.org\/en\/#organization"},"image":{"@id":"https:\/\/mwc-cmm.org\/en\/stories\/canadian-renovation-builds-church-latin-america\/#primaryimage"},"thumbnailUrl":"https:\/\/mwc-cmm.org\/wp-content\/uploads\/2024\/11\/cali_building_project_1_0.jpg","articleSection":["Non classifi\u00e9(e)"],"inLanguage":"fr-FR"},{"@type":"WebPage","@id":"https:\/\/mwc-cmm.org\/en\/stories\/canadian-renovation-builds-church-latin-america\/","url":"https:\/\/mwc-cmm.org\/en\/stories\/canadian-renovation-builds-church-latin-america\/","name":"Un projet de r\u00e9novation canadien construit une \u00e9glise en Am\u00e9rique Latine. - Mennonite World Conference","isPartOf":{"@id":"https:\/\/mwc-cmm.org\/en\/#website"},"primaryImageOfPage":{"@id":"https:\/\/mwc-cmm.org\/en\/stories\/canadian-renovation-builds-church-latin-america\/#primaryimage"},"image":{"@id":"https:\/\/mwc-cmm.org\/en\/stories\/canadian-renovation-builds-church-latin-america\/#primaryimage"},"thumbnailUrl":"https:\/\/mwc-cmm.org\/wp-content\/uploads\/2024\/11\/cali_building_project_1_0.jpg","datePublished":"2017-01-18T00:00:00+00:00","dateModified":"2024-12-10T17:14:31+00:00","breadcrumb":{"@id":"https:\/\/mwc-cmm.org\/en\/stories\/canadian-renovation-builds-church-latin-america\/#breadcrumb"},"inLanguage":"fr-FR","potentialAction":[{"@type":"ReadAction","target":["https:\/\/mwc-cmm.org\/en\/stories\/canadian-renovation-builds-church-latin-america\/"]}]},{"@type":"ImageObject","inLanguage":"fr-FR","@id":"https:\/\/mwc-cmm.org\/en\/stories\/canadian-renovation-builds-church-latin-america\/#primaryimage","url":"https:\/\/mwc-cmm.org\/wp-content\/uploads\/2024\/11\/cali_building_project_1_0.jpg","contentUrl":"https:\/\/mwc-cmm.org\/wp-content\/uploads\/2024\/11\/cali_building_project_1_0.jpg","width":2560,"height":1920},{"@type":"BreadcrumbList","@id":"https:\/\/mwc-cmm.org\/en\/stories\/canadian-renovation-builds-church-latin-america\/#breadcrumb","itemListElement":[{"@type":"ListItem","position":1,"name":"Home","item":"https:\/\/mwc-cmm.org\/fr\/"},{"@type":"ListItem","position":2,"name":"Un projet de r\u00e9novation canadien construit une \u00e9glise en Am\u00e9rique Latine."}]},{"@type":"WebSite","@id":"https:\/\/mwc-cmm.org\/en\/#website","url":"https:\/\/mwc-cmm.org\/en\/","name":"Mennonite World Conference","description":"A communion of Anabaptist-related churches","publisher":{"@id":"https:\/\/mwc-cmm.org\/en\/#organization"},"alternateName":"MWC","potentialAction":[{"@type":"SearchAction","target":{"@type":"EntryPoint","urlTemplate":"https:\/\/mwc-cmm.org\/en\/?s={search_term_string}"},"query-input":{"@type":"PropertyValueSpecification","valueRequired":true,"valueName":"search_term_string"}}],"inLanguage":"fr-FR"},{"@type":"Organization","@id":"https:\/\/mwc-cmm.org\/en\/#organization","name":"Mennonite World Conference","alternateName":"MWC","url":"https:\/\/mwc-cmm.org\/en\/","logo":{"@type":"ImageObject","inLanguage":"fr-FR","@id":"https:\/\/mwc-cmm.org\/en\/#\/schema\/logo\/image\/","url":"https:\/\/mwc-cmm.org\/wp-content\/uploads\/2026\/01\/MWC_Sig_Blue_Horiz_webheader1-logo.svg","contentUrl":"https:\/\/mwc-cmm.org\/wp-content\/uploads\/2026\/01\/MWC_Sig_Blue_Horiz_webheader1-logo.svg","width":786,"height":82,"caption":"Mennonite World Conference"},"image":{"@id":"https:\/\/mwc-cmm.org\/en\/#\/schema\/logo\/image\/"},"sameAs":["https:\/\/www.facebook.com\/MennoniteWorldConference","https:\/\/www.linkedin.com\/company\/mennonite-world-conference-mwc\/","https:\/\/www.instagram.com\/mwcmm\/","https:\/\/www.youtube.com\/user\/mwccmm","https:\/\/bsky.app\/profile\/mwcmm.bsky.social"]},{"@type":"Person","@id":"https:\/\/mwc-cmm.org\/en\/#\/schema\/person\/11f6ae0d7d1868ba20a1cc27f067c836","name":"mennworldcon","image":{"@type":"ImageObject","inLanguage":"fr-FR","@id":"https:\/\/secure.gravatar.com\/avatar\/06fdc0dc81c157dfdb82ec42f252178a22307808988d22c043f9eb96f1e0fe80?s=96&d=mm&r=g","url":"https:\/\/secure.gravatar.com\/avatar\/06fdc0dc81c157dfdb82ec42f252178a22307808988d22c043f9eb96f1e0fe80?s=96&d=mm&r=g","contentUrl":"https:\/\/secure.gravatar.com\/avatar\/06fdc0dc81c157dfdb82ec42f252178a22307808988d22c043f9eb96f1e0fe80?s=96&d=mm&r=g","caption":"mennworldcon"},"sameAs":["https:\/\/mwc-cmm.org"],"url":"https:\/\/mwc-cmm.org\/fr\/stories\/author\/mennworldcon\/"}]}},"_links":{"self":[{"href":"https:\/\/mwc-cmm.org\/fr\/wp-json\/wp\/v2\/posts\/9848","targetHints":{"allow":["GET"]}}],"collection":[{"href":"https:\/\/mwc-cmm.org\/fr\/wp-json\/wp\/v2\/posts"}],"about":[{"href":"https:\/\/mwc-cmm.org\/fr\/wp-json\/wp\/v2\/types\/post"}],"author":[{"embeddable":true,"href":"https:\/\/mwc-cmm.org\/fr\/wp-json\/wp\/v2\/users\/1"}],"replies":[{"embeddable":true,"href":"https:\/\/mwc-cmm.org\/fr\/wp-json\/wp\/v2\/comments?post=9848"}],"version-history":[{"count":0,"href":"https:\/\/mwc-cmm.org\/fr\/wp-json\/wp\/v2\/posts\/9848\/revisions"}],"wp:featuredmedia":[{"embeddable":true,"href":"https:\/\/mwc-cmm.org\/fr\/wp-json\/wp\/v2\/media\/88458"}],"wp:attachment":[{"href":"https:\/\/mwc-cmm.org\/fr\/wp-json\/wp\/v2\/media?parent=9848"}],"wp:term":[{"taxonomy":"category","embeddable":true,"href":"https:\/\/mwc-cmm.org\/fr\/wp-json\/wp\/v2\/categories?post=9848"},{"taxonomy":"post_tag","embeddable":true,"href":"https:\/\/mwc-cmm.org\/fr\/wp-json\/wp\/v2\/tags?post=9848"},{"taxonomy":"network","embeddable":true,"href":"https:\/\/mwc-cmm.org\/fr\/wp-json\/wp\/v2\/network?post=9848"},{"taxonomy":"eventcategory","embeddable":true,"href":"https:\/\/mwc-cmm.org\/fr\/wp-json\/wp\/v2\/eventcategory?post=9848"}],"curies":[{"name":"wp","href":"https:\/\/api.w.org\/{rel}","templated":true}]}}