{"id":9838,"date":"2016-12-13T00:00:00","date_gmt":"2016-12-13T00:00:00","guid":{"rendered":"https:\/\/mwc-cmm.org\/praying-for-europe-4\/"},"modified":"2024-12-10T17:14:27","modified_gmt":"2024-12-10T17:14:27","slug":"praying-for-europe-4","status":"publish","type":"post","link":"https:\/\/mwc-cmm.org\/fr\/stories\/praying-for-europe-4\/","title":{"rendered":"Prions pour l&rsquo;Europe"},"content":{"rendered":"<div>\n<p>Les responsables des \u00e9glises mennonites nationales en Europe ont tenu leur rassemblement annuel du 28 au 30 octobre 2016 \u00e0 Vienne en Autriche. La Conf\u00e9rence Mennonite Mondiale \u00e9tait repr\u00e9sent\u00e9e par Liesa Unger, responsable des \u00e9v\u00e9nements, Henk Stenvers, repr\u00e9sentant r\u00e9gional pour l&rsquo;Europe, Jantine Huisman, membre du comit\u00e9 YABS et deux membres du comit\u00e9 ex\u00e9cutif, Rainer Burkart et Jean Paul Peterschmidt.<\/p>\n<p><strong>Prions pour <\/strong><strong>les besoins des \u00e9glises participantes (voir la liste ci-dessous)<\/strong> :<\/p>\n<div><strong>Mennonitische Freikirche \u00d6sterreich (Autriche) <\/strong>:<\/div>\n<ul>\n<li>Le renforcement de notre identit\u00e9 mennonite.<\/li>\n<li>Les responsables mennonites et les responsables de jeunes mennonites qui travaillent \u00e0 mi-temps en allemand.<\/li>\n<\/ul>\n<div><strong>Association des \u00e9glises \u00e9vang\u00e9liques mennonites de France (France) <\/strong>:<\/div>\n<ul>\n<li>\n<div>Pour l&rsquo;unit\u00e9 de l&rsquo;\u00e9glise durant ces temps de changements dans notre conf\u00e9rence.<\/div>\n<\/li>\n<\/ul>\n<div><strong>Arbeitsgemeinschaft Mennonitischer Br\u00fcdergemeinden in Deutschland (AMBD \u2013 Allemagne)<\/strong> :<\/div>\n<ul>\n<li>\n<div>La consolidation des petites \u00e9glises.<\/div>\n<\/li>\n<li>\n<div>Un minist\u00e8re complet aupr\u00e8s des r\u00e9fugi\u00e9s.<\/div>\n<\/li>\n<li>\n<div>L&rsquo;int\u00e9gration de nouveaux convertis d&rsquo;origine musulmane.<\/div>\n<\/li>\n<li>\n<div>Faire des disciples.<\/div>\n<\/li>\n<\/ul>\n<div><strong>Arbeitsgemeinschaft Mennonitischer Gemeinden in Deutschland (AMG \u2013 Allemagne<\/strong>) :<\/div>\n<ul>\n<li>\n<div>Les petites \u00e9glises en particulier craignent pour leur futur. Cette peur entraine une d\u00e9motivation.<\/div>\n<\/li>\n<\/ul>\n<div><strong>Verband der Evangelischen Freikirchen Mennonitischer Br\u00fcdergemeinden in Bayern (Allemagne)<\/strong> :<\/div>\n<ul>\n<li>\n<div>Solidification les \u00e9glises.<\/div>\n<\/li>\n<li>\n<div>Prions que nous ne nous satisfassions pas du status quo mais que nous ayons envie de cro\u00eetre.<\/div>\n<\/li>\n<\/ul>\n<div><strong>Laisv?j? krik_?ioni? ba_ny?ia (\u00c9glise chr\u00e9tienne libre de Lituanie)<\/strong> :<\/div>\n<ul>\n<li>\n<div>Que le discipulat se solidifie et que les nouveaux responsables soient plus engag\u00e9s dans la mission vers l&rsquo;int\u00e9rieur  et vers l\u2019ext\u00e9rieur.<\/div>\n<\/li>\n<li>\n<div>Nous sommes tr\u00e8s ouverts \u00e0 recevoir des missionnaires en Lituanie.<\/div>\n<\/li>\n<\/ul>\n<div><strong>Algemene Doopsgezinde Societeit (Pays-Bas)<\/strong> :<\/div>\n<ul>\n<li>\n<div>Que nous soyons encourag\u00e9s et inspir\u00e9s \u00e0 \u00eatre des chr\u00e9tiens \u00e0 chaque instant et partout o\u00f9 nous sommes.<\/div>\n<\/li>\n<\/ul>\n<div><strong>Associa\u00e7\u00e3o Irm\u00e3os Menonitas de Portugal (Portugal) <\/strong>:<\/div>\n<ul>\n<li>\n<div>Il y a une crise financi\u00e8re grave dans notre conf\u00e9rence qui pourrait en affecter le futur.<\/div>\n<\/li>\n<\/ul>\n<div><strong>Anabautistas, Menonitas y Hermanos en Cristo \u2013 Espa\u00f1a (Espagne)<\/strong> :<\/div>\n<ul>\n<li>\n<div>La croissance du nombre d&rsquo;\u00e9glises et de membres.<\/div>\n<\/li>\n<\/ul>\n<div><strong>Konferenz der Mennoniten der Schweiz (Altt\u00e4ufer) = Conf\u00e9rence Mennonite Suisse (Anabaptiste) (Suisse)<\/strong> :<\/div>\n<ul>\n<li>\n<div>Reconnaissance pour la solidarit\u00e9 grandissante parmi les \u00e9glises, en particulier dans l&rsquo;aide aux r\u00e9fugi\u00e9s en Suisse et \u00e0 l\u2019\u00e9tranger.<\/div>\n<\/li>\n<li>\n<div>Recherche d&rsquo;un coordinateur des jeunes pour la partie francophone de la conf\u00e9rence.<\/div>\n<\/li>\n<li>\n<div>L&rsquo;unit\u00e9 dans la diversit\u00e9 : cheminer vers une vision commune de la mission.<\/div>\n<\/li>\n<li>\n<div>Convergences : une nouvelle \u00e9glise est sur le point de voir le jour \u00e0 Gen\u00e8ve, fruit d&rsquo;un effort conjugu\u00e9 de la conf\u00e9rence mennonite suisse et de l&rsquo;\u00e9glise de Saint Genis en France.<\/div>\n<\/li>\n<\/ul>\n<div> <\/div>\n<\/div>\n<p><img decoding=\"async\" alt=\"\" data-src=\"https:\/\/mwc-cmm.org\/wp-content\/uploads\/2024\/10\/dsc_0036.jpg\" style=\"--smush-image-width: 1500px; --smush-image-aspect-ratio: 1500\/1000;width: 350px; height: 233px;\" width=\"1500\" class=\"smush-dimensions lazyload\" src=\"data:image\/svg+xml;base64,PHN2ZyB3aWR0aD0iMSIgaGVpZ2h0PSIxIiB4bWxucz0iaHR0cDovL3d3dy53My5vcmcvMjAwMC9zdmciPjwvc3ZnPg==\" \/><\/p>\n","protected":false},"excerpt":{"rendered":"<p>NULL<\/p>\n","protected":false},"author":1,"featured_media":88332,"comment_status":"closed","ping_status":"closed","sticky":false,"template":"","format":"standard","meta":{"_acf_changed":false,"footnotes":""},"categories":[7],"tags":[],"network":[],"eventcategory":[],"class_list":["post-9838","post","type-post","status-publish","format-standard","has-post-thumbnail","hentry","category-non-classifiee"],"acf":[],"yoast_head":"<!-- This site is optimized with the Yoast SEO plugin v27.5 - https:\/\/yoast.com\/product\/yoast-seo-wordpress\/ -->\n<title>Prions pour l&#039;Europe - Mennonite World Conference<\/title>\n<meta name=\"robots\" content=\"index, follow, max-snippet:-1, max-image-preview:large, max-video-preview:-1\" \/>\n<link rel=\"canonical\" href=\"https:\/\/mwc-cmm.org\/en\/stories\/praying-europe\/\" \/>\n<meta property=\"og:locale\" content=\"fr_FR\" \/>\n<meta property=\"og:type\" content=\"article\" \/>\n<meta property=\"og:title\" content=\"Prions pour l&#039;Europe - Mennonite World Conference\" \/>\n<meta property=\"og:description\" content=\"NULL\" \/>\n<meta property=\"og:url\" content=\"https:\/\/mwc-cmm.org\/en\/stories\/praying-europe\/\" \/>\n<meta property=\"og:site_name\" content=\"Mennonite World Conference\" \/>\n<meta property=\"article:publisher\" content=\"https:\/\/www.facebook.com\/MennoniteWorldConference\" \/>\n<meta property=\"article:published_time\" content=\"2016-12-13T00:00:00+00:00\" \/>\n<meta property=\"article:modified_time\" content=\"2024-12-10T17:14:27+00:00\" \/>\n<meta property=\"og:image\" content=\"https:\/\/mwc-cmm.org\/wp-content\/uploads\/2024\/11\/dsc_0031_0.jpg\" \/>\n\t<meta property=\"og:image:width\" content=\"1000\" \/>\n\t<meta property=\"og:image:height\" content=\"600\" \/>\n\t<meta property=\"og:image:type\" content=\"image\/jpeg\" \/>\n<meta name=\"author\" content=\"mennworldcon\" \/>\n<script type=\"application\/ld+json\" class=\"yoast-schema-graph\">{\"@context\":\"https:\\\/\\\/schema.org\",\"@graph\":[{\"@type\":\"Article\",\"@id\":\"https:\\\/\\\/mwc-cmm.org\\\/en\\\/stories\\\/praying-europe\\\/#article\",\"isPartOf\":{\"@id\":\"https:\\\/\\\/mwc-cmm.org\\\/en\\\/stories\\\/praying-europe\\\/\"},\"author\":{\"name\":\"mennworldcon\",\"@id\":\"https:\\\/\\\/mwc-cmm.org\\\/en\\\/#\\\/schema\\\/person\\\/11f6ae0d7d1868ba20a1cc27f067c836\"},\"headline\":\"Prions pour l&rsquo;Europe\",\"datePublished\":\"2016-12-13T00:00:00+00:00\",\"dateModified\":\"2024-12-10T17:14:27+00:00\",\"mainEntityOfPage\":{\"@id\":\"https:\\\/\\\/mwc-cmm.org\\\/en\\\/stories\\\/praying-europe\\\/\"},\"wordCount\":426,\"publisher\":{\"@id\":\"https:\\\/\\\/mwc-cmm.org\\\/en\\\/#organization\"},\"image\":{\"@id\":\"https:\\\/\\\/mwc-cmm.org\\\/en\\\/stories\\\/praying-europe\\\/#primaryimage\"},\"thumbnailUrl\":\"https:\\\/\\\/mwc-cmm.org\\\/wp-content\\\/uploads\\\/2024\\\/11\\\/dsc_0031_0.jpg\",\"articleSection\":[\"Non classifi\u00e9(e)\"],\"inLanguage\":\"fr-FR\"},{\"@type\":\"WebPage\",\"@id\":\"https:\\\/\\\/mwc-cmm.org\\\/en\\\/stories\\\/praying-europe\\\/\",\"url\":\"https:\\\/\\\/mwc-cmm.org\\\/en\\\/stories\\\/praying-europe\\\/\",\"name\":\"Prions pour l'Europe - Mennonite World Conference\",\"isPartOf\":{\"@id\":\"https:\\\/\\\/mwc-cmm.org\\\/en\\\/#website\"},\"primaryImageOfPage\":{\"@id\":\"https:\\\/\\\/mwc-cmm.org\\\/en\\\/stories\\\/praying-europe\\\/#primaryimage\"},\"image\":{\"@id\":\"https:\\\/\\\/mwc-cmm.org\\\/en\\\/stories\\\/praying-europe\\\/#primaryimage\"},\"thumbnailUrl\":\"https:\\\/\\\/mwc-cmm.org\\\/wp-content\\\/uploads\\\/2024\\\/11\\\/dsc_0031_0.jpg\",\"datePublished\":\"2016-12-13T00:00:00+00:00\",\"dateModified\":\"2024-12-10T17:14:27+00:00\",\"breadcrumb\":{\"@id\":\"https:\\\/\\\/mwc-cmm.org\\\/en\\\/stories\\\/praying-europe\\\/#breadcrumb\"},\"inLanguage\":\"fr-FR\",\"potentialAction\":[{\"@type\":\"ReadAction\",\"target\":[\"https:\\\/\\\/mwc-cmm.org\\\/en\\\/stories\\\/praying-europe\\\/\"]}]},{\"@type\":\"ImageObject\",\"inLanguage\":\"fr-FR\",\"@id\":\"https:\\\/\\\/mwc-cmm.org\\\/en\\\/stories\\\/praying-europe\\\/#primaryimage\",\"url\":\"https:\\\/\\\/mwc-cmm.org\\\/wp-content\\\/uploads\\\/2024\\\/11\\\/dsc_0031_0.jpg\",\"contentUrl\":\"https:\\\/\\\/mwc-cmm.org\\\/wp-content\\\/uploads\\\/2024\\\/11\\\/dsc_0031_0.jpg\",\"width\":1000,\"height\":600},{\"@type\":\"BreadcrumbList\",\"@id\":\"https:\\\/\\\/mwc-cmm.org\\\/en\\\/stories\\\/praying-europe\\\/#breadcrumb\",\"itemListElement\":[{\"@type\":\"ListItem\",\"position\":1,\"name\":\"Home\",\"item\":\"https:\\\/\\\/mwc-cmm.org\\\/fr\\\/\"},{\"@type\":\"ListItem\",\"position\":2,\"name\":\"Prions pour l&#8217;Europe\"}]},{\"@type\":\"WebSite\",\"@id\":\"https:\\\/\\\/mwc-cmm.org\\\/en\\\/#website\",\"url\":\"https:\\\/\\\/mwc-cmm.org\\\/en\\\/\",\"name\":\"Mennonite World Conference\",\"description\":\"A communion of Anabaptist-related churches\",\"publisher\":{\"@id\":\"https:\\\/\\\/mwc-cmm.org\\\/en\\\/#organization\"},\"alternateName\":\"MWC\",\"potentialAction\":[{\"@type\":\"SearchAction\",\"target\":{\"@type\":\"EntryPoint\",\"urlTemplate\":\"https:\\\/\\\/mwc-cmm.org\\\/en\\\/?s={search_term_string}\"},\"query-input\":{\"@type\":\"PropertyValueSpecification\",\"valueRequired\":true,\"valueName\":\"search_term_string\"}}],\"inLanguage\":\"fr-FR\"},{\"@type\":\"Organization\",\"@id\":\"https:\\\/\\\/mwc-cmm.org\\\/en\\\/#organization\",\"name\":\"Mennonite World Conference\",\"alternateName\":\"MWC\",\"url\":\"https:\\\/\\\/mwc-cmm.org\\\/en\\\/\",\"logo\":{\"@type\":\"ImageObject\",\"inLanguage\":\"fr-FR\",\"@id\":\"https:\\\/\\\/mwc-cmm.org\\\/en\\\/#\\\/schema\\\/logo\\\/image\\\/\",\"url\":\"https:\\\/\\\/mwc-cmm.org\\\/wp-content\\\/uploads\\\/2026\\\/01\\\/MWC_Sig_Blue_Horiz_webheader1-logo.svg\",\"contentUrl\":\"https:\\\/\\\/mwc-cmm.org\\\/wp-content\\\/uploads\\\/2026\\\/01\\\/MWC_Sig_Blue_Horiz_webheader1-logo.svg\",\"width\":786,\"height\":82,\"caption\":\"Mennonite World Conference\"},\"image\":{\"@id\":\"https:\\\/\\\/mwc-cmm.org\\\/en\\\/#\\\/schema\\\/logo\\\/image\\\/\"},\"sameAs\":[\"https:\\\/\\\/www.facebook.com\\\/MennoniteWorldConference\",\"https:\\\/\\\/www.linkedin.com\\\/company\\\/mennonite-world-conference-mwc\\\/\",\"https:\\\/\\\/www.instagram.com\\\/mwcmm\\\/\",\"https:\\\/\\\/www.youtube.com\\\/user\\\/mwccmm\",\"https:\\\/\\\/bsky.app\\\/profile\\\/mwcmm.bsky.social\"]},{\"@type\":\"Person\",\"@id\":\"https:\\\/\\\/mwc-cmm.org\\\/en\\\/#\\\/schema\\\/person\\\/11f6ae0d7d1868ba20a1cc27f067c836\",\"name\":\"mennworldcon\",\"image\":{\"@type\":\"ImageObject\",\"inLanguage\":\"fr-FR\",\"@id\":\"https:\\\/\\\/secure.gravatar.com\\\/avatar\\\/06fdc0dc81c157dfdb82ec42f252178a22307808988d22c043f9eb96f1e0fe80?s=96&d=mm&r=g\",\"url\":\"https:\\\/\\\/secure.gravatar.com\\\/avatar\\\/06fdc0dc81c157dfdb82ec42f252178a22307808988d22c043f9eb96f1e0fe80?s=96&d=mm&r=g\",\"contentUrl\":\"https:\\\/\\\/secure.gravatar.com\\\/avatar\\\/06fdc0dc81c157dfdb82ec42f252178a22307808988d22c043f9eb96f1e0fe80?s=96&d=mm&r=g\",\"caption\":\"mennworldcon\"},\"sameAs\":[\"https:\\\/\\\/mwc-cmm.org\"],\"url\":\"https:\\\/\\\/mwc-cmm.org\\\/fr\\\/stories\\\/author\\\/mennworldcon\\\/\"}]}<\/script>\n<!-- \/ Yoast SEO plugin. -->","yoast_head_json":{"title":"Prions pour l'Europe - Mennonite World Conference","robots":{"index":"index","follow":"follow","max-snippet":"max-snippet:-1","max-image-preview":"max-image-preview:large","max-video-preview":"max-video-preview:-1"},"canonical":"https:\/\/mwc-cmm.org\/en\/stories\/praying-europe\/","og_locale":"fr_FR","og_type":"article","og_title":"Prions pour l'Europe - Mennonite World Conference","og_description":"NULL","og_url":"https:\/\/mwc-cmm.org\/en\/stories\/praying-europe\/","og_site_name":"Mennonite World Conference","article_publisher":"https:\/\/www.facebook.com\/MennoniteWorldConference","article_published_time":"2016-12-13T00:00:00+00:00","article_modified_time":"2024-12-10T17:14:27+00:00","og_image":[{"width":1000,"height":600,"url":"https:\/\/mwc-cmm.org\/wp-content\/uploads\/2024\/11\/dsc_0031_0.jpg","type":"image\/jpeg"}],"author":"mennworldcon","schema":{"@context":"https:\/\/schema.org","@graph":[{"@type":"Article","@id":"https:\/\/mwc-cmm.org\/en\/stories\/praying-europe\/#article","isPartOf":{"@id":"https:\/\/mwc-cmm.org\/en\/stories\/praying-europe\/"},"author":{"name":"mennworldcon","@id":"https:\/\/mwc-cmm.org\/en\/#\/schema\/person\/11f6ae0d7d1868ba20a1cc27f067c836"},"headline":"Prions pour l&rsquo;Europe","datePublished":"2016-12-13T00:00:00+00:00","dateModified":"2024-12-10T17:14:27+00:00","mainEntityOfPage":{"@id":"https:\/\/mwc-cmm.org\/en\/stories\/praying-europe\/"},"wordCount":426,"publisher":{"@id":"https:\/\/mwc-cmm.org\/en\/#organization"},"image":{"@id":"https:\/\/mwc-cmm.org\/en\/stories\/praying-europe\/#primaryimage"},"thumbnailUrl":"https:\/\/mwc-cmm.org\/wp-content\/uploads\/2024\/11\/dsc_0031_0.jpg","articleSection":["Non classifi\u00e9(e)"],"inLanguage":"fr-FR"},{"@type":"WebPage","@id":"https:\/\/mwc-cmm.org\/en\/stories\/praying-europe\/","url":"https:\/\/mwc-cmm.org\/en\/stories\/praying-europe\/","name":"Prions pour l'Europe - Mennonite World Conference","isPartOf":{"@id":"https:\/\/mwc-cmm.org\/en\/#website"},"primaryImageOfPage":{"@id":"https:\/\/mwc-cmm.org\/en\/stories\/praying-europe\/#primaryimage"},"image":{"@id":"https:\/\/mwc-cmm.org\/en\/stories\/praying-europe\/#primaryimage"},"thumbnailUrl":"https:\/\/mwc-cmm.org\/wp-content\/uploads\/2024\/11\/dsc_0031_0.jpg","datePublished":"2016-12-13T00:00:00+00:00","dateModified":"2024-12-10T17:14:27+00:00","breadcrumb":{"@id":"https:\/\/mwc-cmm.org\/en\/stories\/praying-europe\/#breadcrumb"},"inLanguage":"fr-FR","potentialAction":[{"@type":"ReadAction","target":["https:\/\/mwc-cmm.org\/en\/stories\/praying-europe\/"]}]},{"@type":"ImageObject","inLanguage":"fr-FR","@id":"https:\/\/mwc-cmm.org\/en\/stories\/praying-europe\/#primaryimage","url":"https:\/\/mwc-cmm.org\/wp-content\/uploads\/2024\/11\/dsc_0031_0.jpg","contentUrl":"https:\/\/mwc-cmm.org\/wp-content\/uploads\/2024\/11\/dsc_0031_0.jpg","width":1000,"height":600},{"@type":"BreadcrumbList","@id":"https:\/\/mwc-cmm.org\/en\/stories\/praying-europe\/#breadcrumb","itemListElement":[{"@type":"ListItem","position":1,"name":"Home","item":"https:\/\/mwc-cmm.org\/fr\/"},{"@type":"ListItem","position":2,"name":"Prions pour l&#8217;Europe"}]},{"@type":"WebSite","@id":"https:\/\/mwc-cmm.org\/en\/#website","url":"https:\/\/mwc-cmm.org\/en\/","name":"Mennonite World Conference","description":"A communion of Anabaptist-related churches","publisher":{"@id":"https:\/\/mwc-cmm.org\/en\/#organization"},"alternateName":"MWC","potentialAction":[{"@type":"SearchAction","target":{"@type":"EntryPoint","urlTemplate":"https:\/\/mwc-cmm.org\/en\/?s={search_term_string}"},"query-input":{"@type":"PropertyValueSpecification","valueRequired":true,"valueName":"search_term_string"}}],"inLanguage":"fr-FR"},{"@type":"Organization","@id":"https:\/\/mwc-cmm.org\/en\/#organization","name":"Mennonite World Conference","alternateName":"MWC","url":"https:\/\/mwc-cmm.org\/en\/","logo":{"@type":"ImageObject","inLanguage":"fr-FR","@id":"https:\/\/mwc-cmm.org\/en\/#\/schema\/logo\/image\/","url":"https:\/\/mwc-cmm.org\/wp-content\/uploads\/2026\/01\/MWC_Sig_Blue_Horiz_webheader1-logo.svg","contentUrl":"https:\/\/mwc-cmm.org\/wp-content\/uploads\/2026\/01\/MWC_Sig_Blue_Horiz_webheader1-logo.svg","width":786,"height":82,"caption":"Mennonite World Conference"},"image":{"@id":"https:\/\/mwc-cmm.org\/en\/#\/schema\/logo\/image\/"},"sameAs":["https:\/\/www.facebook.com\/MennoniteWorldConference","https:\/\/www.linkedin.com\/company\/mennonite-world-conference-mwc\/","https:\/\/www.instagram.com\/mwcmm\/","https:\/\/www.youtube.com\/user\/mwccmm","https:\/\/bsky.app\/profile\/mwcmm.bsky.social"]},{"@type":"Person","@id":"https:\/\/mwc-cmm.org\/en\/#\/schema\/person\/11f6ae0d7d1868ba20a1cc27f067c836","name":"mennworldcon","image":{"@type":"ImageObject","inLanguage":"fr-FR","@id":"https:\/\/secure.gravatar.com\/avatar\/06fdc0dc81c157dfdb82ec42f252178a22307808988d22c043f9eb96f1e0fe80?s=96&d=mm&r=g","url":"https:\/\/secure.gravatar.com\/avatar\/06fdc0dc81c157dfdb82ec42f252178a22307808988d22c043f9eb96f1e0fe80?s=96&d=mm&r=g","contentUrl":"https:\/\/secure.gravatar.com\/avatar\/06fdc0dc81c157dfdb82ec42f252178a22307808988d22c043f9eb96f1e0fe80?s=96&d=mm&r=g","caption":"mennworldcon"},"sameAs":["https:\/\/mwc-cmm.org"],"url":"https:\/\/mwc-cmm.org\/fr\/stories\/author\/mennworldcon\/"}]}},"_links":{"self":[{"href":"https:\/\/mwc-cmm.org\/fr\/wp-json\/wp\/v2\/posts\/9838","targetHints":{"allow":["GET"]}}],"collection":[{"href":"https:\/\/mwc-cmm.org\/fr\/wp-json\/wp\/v2\/posts"}],"about":[{"href":"https:\/\/mwc-cmm.org\/fr\/wp-json\/wp\/v2\/types\/post"}],"author":[{"embeddable":true,"href":"https:\/\/mwc-cmm.org\/fr\/wp-json\/wp\/v2\/users\/1"}],"replies":[{"embeddable":true,"href":"https:\/\/mwc-cmm.org\/fr\/wp-json\/wp\/v2\/comments?post=9838"}],"version-history":[{"count":0,"href":"https:\/\/mwc-cmm.org\/fr\/wp-json\/wp\/v2\/posts\/9838\/revisions"}],"wp:featuredmedia":[{"embeddable":true,"href":"https:\/\/mwc-cmm.org\/fr\/wp-json\/wp\/v2\/media\/88332"}],"wp:attachment":[{"href":"https:\/\/mwc-cmm.org\/fr\/wp-json\/wp\/v2\/media?parent=9838"}],"wp:term":[{"taxonomy":"category","embeddable":true,"href":"https:\/\/mwc-cmm.org\/fr\/wp-json\/wp\/v2\/categories?post=9838"},{"taxonomy":"post_tag","embeddable":true,"href":"https:\/\/mwc-cmm.org\/fr\/wp-json\/wp\/v2\/tags?post=9838"},{"taxonomy":"network","embeddable":true,"href":"https:\/\/mwc-cmm.org\/fr\/wp-json\/wp\/v2\/network?post=9838"},{"taxonomy":"eventcategory","embeddable":true,"href":"https:\/\/mwc-cmm.org\/fr\/wp-json\/wp\/v2\/eventcategory?post=9838"}],"curies":[{"name":"wp","href":"https:\/\/api.w.org\/{rel}","templated":true}]}}