{"id":9830,"date":"2016-10-26T00:00:00","date_gmt":"2016-10-26T00:00:00","guid":{"rendered":"https:\/\/mwc-cmm.org\/the-miracle-of-unity-4\/"},"modified":"2024-12-10T17:14:23","modified_gmt":"2024-12-10T17:14:23","slug":"the-miracle-of-unity-4","status":"publish","type":"post","link":"https:\/\/mwc-cmm.org\/fr\/stories\/the-miracle-of-unity-4\/","title":{"rendered":"Le miracle de l\u2019unit\u00e9"},"content":{"rendered":"<p>Comment cr\u00e9er l\u2019unit\u00e9 entre les diff\u00e9rentes nations ou communaut\u00e9s ? Depuis la Tour de Babel, de nombreuses m\u00e9thodes ont \u00e9t\u00e9 essay\u00e9es. Dans cette histoire biblique, les peuples tentent de r\u00e9aliser l\u2019unit\u00e9 avec une vision commune et en travaillant pour un m\u00eame but, et, comme nous le savons, l\u2019entreprise \u00e9choue.<\/p>\n<p>Avoir une histoire commune est une autre strat\u00e9gie pour cr\u00e9er l\u2019unit\u00e9. Une histoire unifi\u00e9e d\u00e9crivant une origine commune positive peut se r\u00e9v\u00e9ler un \u00e9l\u00e9ment de coh\u00e9sion. Cependant, il est tr\u00e8s difficile de trouver un r\u00e9cit stimulant impliquant des peuples ou des cultures diff\u00e9rentes.<\/p>\n<p>Une alternative \u2013 parfois tent\u00e9e en politique et en religion \u2013 est d\u2019\u00e9liminer toutes les diff\u00e9rences et de promouvoir une seule mani\u00e8re de voir la vie, an\u00e9antissant ainsi la diversit\u00e9. L\u2019histoire a souvent montr\u00e9 l\u2019\u00e9chec cette alternative.<\/p>\n<p>Les \u00e9glises essaient parfois de r\u00e9diger une confession de foi \u00e0 laquelle un groupe de personnes doit adh\u00e9rer afin de d\u00e9terminer clairement qui appartient au groupe ou qui est \u00e0 l\u2019ext\u00e9rieur. Malheureusement, les confessions de foi ont parfois \u00e9t\u00e9 utilis\u00e9es dans ce sens.<\/p>\n<p>Lorsque l\u2019on consid\u00e8re les r\u00e9sultats des recherches du \u2018Profil anabaptiste mondial\u2019 (GAP), nous pouvons nous poser la question : Comment faciliter l\u2019unit\u00e9 entre les groupes si divers de la CMM ?<\/p>\n<p>Depuis plusieurs ann\u00e9es, les \u00e9glises membres de la CMM ont \u00e9t\u00e9 impliqu\u00e9es dans un processus de recherche destin\u00e9 \u00e0 d\u00e9finir leur identit\u00e9 aujourd\u2019hui en tant qu\u2019anabaptistes. Dans ce num\u00e9ro du Courrier, sont pr\u00e9sent\u00e9es des conclusions de cette enqu\u00eate. Comme l\u2019un des articles le sugg\u00e8re, cette diversit\u00e9 au sein de notre famille mondiale devient une occasion unique de plus grande unit\u00e9.<\/p>\n<p>Pourtant, comment cette unit\u00e9 est-elle possible ?<\/p>\n<p>Ce ne sont pas nos \u2018Convictions communes\u2019, qui ont \u00e9merg\u00e9 ces derni\u00e8res ann\u00e9es exprimant notre exp\u00e9rience de la suivance de J\u00e9sus dans chaque contexte, car les \u00e9glises membres de la CMM marchent dans l\u2019unit\u00e9 depuis plus de 75 ans sans ce texte.<\/p>\n<p>Ce n\u2019est pas non plus une histoire commune. Bien que les \u00e9glises anabaptistes s\u2019identifient \u00e0 la R\u00e9forme radicale du XVIe si\u00e8cle, la complexit\u00e9 des origines de notre foi est aussi \u00e9tonnante que notre diversit\u00e9 actuelle.<\/p>\n<p>Selon les \u00c9critures, il n\u2019y a qu\u2019une explication possible. L\u2019unit\u00e9 de notre communaut\u00e9 mondiale n\u2019est pas le r\u00e9sultat des efforts humains. C\u2019est le don de Dieu dont nous pouvons profiter aujourd\u2019hui gr\u00e2ce \u00e0 l\u2019\u0153uvre du Saint-Esprit parmi nous. La vraie communion n\u2019est pas le fruit de lois ou de formalit\u00e9s institutionnelles, mais de l\u2019\u0153uvre du Christ sur la croix, lorsque Dieu a cr\u00e9\u00e9 un nouveau peuple compos\u00e9 de nombreuses races, tribus, langues et cultures.<\/p>\n<p>Aujourd\u2019hui, il n\u2019est possible de s\u2019asseoir \u00e0 la m\u00eame table de communion et d\u2019appr\u00e9cier la beaut\u00e9 de notre diversit\u00e9 que si nous le faisons autour de l\u2019Agneau de Dieu, le centre de notre foi et le fondement de notre unit\u00e9.<\/p>\n<p>Venez c\u00e9l\u00e9brer avec nous le miracle de l\u2019unit\u00e9 et la beaut\u00e9 de notre diversit\u00e9 !<\/p>\n<p>\u2014<em>C\u00e9sar Garc\u00eda, secr\u00e9taire g\u00e9n\u00e9ral de la CMM, travaille au si\u00e8ge social \u00e0 Bogot\u00e1 (Colombie).<\/em><\/p>\n<p>Cet article est paru pour la premi\u00e8re fois dans le num\u00e9ro d\u2019octobre 2016 de <a href=\"https:\/\/www.mwc-cmm.org\/article\/courrier?language=fr\">Courier\/Correo\/Courrier.<\/a><\/p>\n","protected":false},"excerpt":{"rendered":"<p>Comment cr\u00e9er l\u2019unit\u00e9 entre les diff\u00e9rentes nations ou communaut\u00e9s ? Depuis la Tour de Babel, de nombreuses m\u00e9thodes ont \u00e9t\u00e9 essay\u00e9es. Dans cette histoire biblique, les peuples tentent de r\u00e9aliser l\u2019unit\u00e9 avec une vision commune et en travaillant pour un m\u00eame but, et, comme nous le savons, l\u2019entreprise \u00e9choue. Avoir une histoire commune est une [&hellip;]<\/p>\n","protected":false},"author":1,"featured_media":88262,"comment_status":"closed","ping_status":"closed","sticky":false,"template":"","format":"standard","meta":{"_acf_changed":false,"footnotes":""},"categories":[7],"tags":[],"network":[1307],"eventcategory":[],"class_list":["post-9830","post","type-post","status-publish","format-standard","has-post-thumbnail","hentry","category-non-classifiee","network-courier-fr"],"acf":[],"yoast_head":"<!-- This site is optimized with the Yoast SEO plugin v27.5 - https:\/\/yoast.com\/product\/yoast-seo-wordpress\/ -->\n<title>Le miracle de l\u2019unit\u00e9 - Mennonite World Conference<\/title>\n<meta name=\"robots\" content=\"index, follow, max-snippet:-1, max-image-preview:large, max-video-preview:-1\" \/>\n<link rel=\"canonical\" href=\"https:\/\/mwc-cmm.org\/fr\/stories\/the-miracle-of-unity-4\/\" \/>\n<meta property=\"og:locale\" content=\"fr_FR\" \/>\n<meta property=\"og:type\" content=\"article\" \/>\n<meta property=\"og:title\" content=\"Le miracle de l\u2019unit\u00e9 - Mennonite World Conference\" \/>\n<meta property=\"og:description\" content=\"Comment cr\u00e9er l\u2019unit\u00e9 entre les diff\u00e9rentes nations ou communaut\u00e9s ? Depuis la Tour de Babel, de nombreuses m\u00e9thodes ont \u00e9t\u00e9 essay\u00e9es. Dans cette histoire biblique, les peuples tentent de r\u00e9aliser l\u2019unit\u00e9 avec une vision commune et en travaillant pour un m\u00eame but, et, comme nous le savons, l\u2019entreprise \u00e9choue. Avoir une histoire commune est une [&hellip;]\" \/>\n<meta property=\"og:url\" content=\"https:\/\/mwc-cmm.org\/fr\/stories\/the-miracle-of-unity-4\/\" \/>\n<meta property=\"og:site_name\" content=\"Mennonite World Conference\" \/>\n<meta property=\"article:publisher\" content=\"https:\/\/www.facebook.com\/MennoniteWorldConference\" \/>\n<meta property=\"article:published_time\" content=\"2016-10-26T00:00:00+00:00\" \/>\n<meta property=\"article:modified_time\" content=\"2024-12-10T17:14:23+00:00\" \/>\n<meta property=\"og:image\" content=\"https:\/\/mwc-cmm.org\/wp-content\/uploads\/2024\/11\/cesar_3.jpg\" \/>\n\t<meta property=\"og:image:width\" content=\"2248\" \/>\n\t<meta property=\"og:image:height\" content=\"1220\" \/>\n\t<meta property=\"og:image:type\" content=\"image\/jpeg\" \/>\n<meta name=\"author\" content=\"mennworldcon\" \/>\n<script type=\"application\/ld+json\" class=\"yoast-schema-graph\">{\"@context\":\"https:\\\/\\\/schema.org\",\"@graph\":[{\"@type\":\"Article\",\"@id\":\"https:\\\/\\\/mwc-cmm.org\\\/fr\\\/stories\\\/the-miracle-of-unity-4\\\/#article\",\"isPartOf\":{\"@id\":\"https:\\\/\\\/mwc-cmm.org\\\/fr\\\/stories\\\/the-miracle-of-unity-4\\\/\"},\"author\":{\"name\":\"mennworldcon\",\"@id\":\"https:\\\/\\\/mwc-cmm.org\\\/en\\\/#\\\/schema\\\/person\\\/11f6ae0d7d1868ba20a1cc27f067c836\"},\"headline\":\"Le miracle de l\u2019unit\u00e9\",\"datePublished\":\"2016-10-26T00:00:00+00:00\",\"dateModified\":\"2024-12-10T17:14:23+00:00\",\"mainEntityOfPage\":{\"@id\":\"https:\\\/\\\/mwc-cmm.org\\\/fr\\\/stories\\\/the-miracle-of-unity-4\\\/\"},\"wordCount\":586,\"publisher\":{\"@id\":\"https:\\\/\\\/mwc-cmm.org\\\/en\\\/#organization\"},\"image\":{\"@id\":\"https:\\\/\\\/mwc-cmm.org\\\/fr\\\/stories\\\/the-miracle-of-unity-4\\\/#primaryimage\"},\"thumbnailUrl\":\"https:\\\/\\\/mwc-cmm.org\\\/wp-content\\\/uploads\\\/2024\\\/11\\\/cesar_3.jpg\",\"articleSection\":[\"Non classifi\u00e9(e)\"],\"inLanguage\":\"fr-FR\"},{\"@type\":\"WebPage\",\"@id\":\"https:\\\/\\\/mwc-cmm.org\\\/fr\\\/stories\\\/the-miracle-of-unity-4\\\/\",\"url\":\"https:\\\/\\\/mwc-cmm.org\\\/fr\\\/stories\\\/the-miracle-of-unity-4\\\/\",\"name\":\"Le miracle de l\u2019unit\u00e9 - Mennonite World Conference\",\"isPartOf\":{\"@id\":\"https:\\\/\\\/mwc-cmm.org\\\/en\\\/#website\"},\"primaryImageOfPage\":{\"@id\":\"https:\\\/\\\/mwc-cmm.org\\\/fr\\\/stories\\\/the-miracle-of-unity-4\\\/#primaryimage\"},\"image\":{\"@id\":\"https:\\\/\\\/mwc-cmm.org\\\/fr\\\/stories\\\/the-miracle-of-unity-4\\\/#primaryimage\"},\"thumbnailUrl\":\"https:\\\/\\\/mwc-cmm.org\\\/wp-content\\\/uploads\\\/2024\\\/11\\\/cesar_3.jpg\",\"datePublished\":\"2016-10-26T00:00:00+00:00\",\"dateModified\":\"2024-12-10T17:14:23+00:00\",\"breadcrumb\":{\"@id\":\"https:\\\/\\\/mwc-cmm.org\\\/fr\\\/stories\\\/the-miracle-of-unity-4\\\/#breadcrumb\"},\"inLanguage\":\"fr-FR\",\"potentialAction\":[{\"@type\":\"ReadAction\",\"target\":[\"https:\\\/\\\/mwc-cmm.org\\\/fr\\\/stories\\\/the-miracle-of-unity-4\\\/\"]}]},{\"@type\":\"ImageObject\",\"inLanguage\":\"fr-FR\",\"@id\":\"https:\\\/\\\/mwc-cmm.org\\\/fr\\\/stories\\\/the-miracle-of-unity-4\\\/#primaryimage\",\"url\":\"https:\\\/\\\/mwc-cmm.org\\\/wp-content\\\/uploads\\\/2024\\\/11\\\/cesar_3.jpg\",\"contentUrl\":\"https:\\\/\\\/mwc-cmm.org\\\/wp-content\\\/uploads\\\/2024\\\/11\\\/cesar_3.jpg\",\"width\":2248,\"height\":1220},{\"@type\":\"BreadcrumbList\",\"@id\":\"https:\\\/\\\/mwc-cmm.org\\\/fr\\\/stories\\\/the-miracle-of-unity-4\\\/#breadcrumb\",\"itemListElement\":[{\"@type\":\"ListItem\",\"position\":1,\"name\":\"Home\",\"item\":\"https:\\\/\\\/mwc-cmm.org\\\/fr\\\/\"},{\"@type\":\"ListItem\",\"position\":2,\"name\":\"Le miracle de l\u2019unit\u00e9\"}]},{\"@type\":\"WebSite\",\"@id\":\"https:\\\/\\\/mwc-cmm.org\\\/en\\\/#website\",\"url\":\"https:\\\/\\\/mwc-cmm.org\\\/en\\\/\",\"name\":\"Mennonite World Conference\",\"description\":\"A communion of Anabaptist-related churches\",\"publisher\":{\"@id\":\"https:\\\/\\\/mwc-cmm.org\\\/en\\\/#organization\"},\"alternateName\":\"MWC\",\"potentialAction\":[{\"@type\":\"SearchAction\",\"target\":{\"@type\":\"EntryPoint\",\"urlTemplate\":\"https:\\\/\\\/mwc-cmm.org\\\/en\\\/?s={search_term_string}\"},\"query-input\":{\"@type\":\"PropertyValueSpecification\",\"valueRequired\":true,\"valueName\":\"search_term_string\"}}],\"inLanguage\":\"fr-FR\"},{\"@type\":\"Organization\",\"@id\":\"https:\\\/\\\/mwc-cmm.org\\\/en\\\/#organization\",\"name\":\"Mennonite World Conference\",\"alternateName\":\"MWC\",\"url\":\"https:\\\/\\\/mwc-cmm.org\\\/en\\\/\",\"logo\":{\"@type\":\"ImageObject\",\"inLanguage\":\"fr-FR\",\"@id\":\"https:\\\/\\\/mwc-cmm.org\\\/en\\\/#\\\/schema\\\/logo\\\/image\\\/\",\"url\":\"https:\\\/\\\/mwc-cmm.org\\\/wp-content\\\/uploads\\\/2026\\\/01\\\/MWC_Sig_Blue_Horiz_webheader1-logo.svg\",\"contentUrl\":\"https:\\\/\\\/mwc-cmm.org\\\/wp-content\\\/uploads\\\/2026\\\/01\\\/MWC_Sig_Blue_Horiz_webheader1-logo.svg\",\"width\":786,\"height\":82,\"caption\":\"Mennonite World Conference\"},\"image\":{\"@id\":\"https:\\\/\\\/mwc-cmm.org\\\/en\\\/#\\\/schema\\\/logo\\\/image\\\/\"},\"sameAs\":[\"https:\\\/\\\/www.facebook.com\\\/MennoniteWorldConference\",\"https:\\\/\\\/www.linkedin.com\\\/company\\\/mennonite-world-conference-mwc\\\/\",\"https:\\\/\\\/www.instagram.com\\\/mwcmm\\\/\",\"https:\\\/\\\/www.youtube.com\\\/user\\\/mwccmm\",\"https:\\\/\\\/bsky.app\\\/profile\\\/mwcmm.bsky.social\"]},{\"@type\":\"Person\",\"@id\":\"https:\\\/\\\/mwc-cmm.org\\\/en\\\/#\\\/schema\\\/person\\\/11f6ae0d7d1868ba20a1cc27f067c836\",\"name\":\"mennworldcon\",\"image\":{\"@type\":\"ImageObject\",\"inLanguage\":\"fr-FR\",\"@id\":\"https:\\\/\\\/secure.gravatar.com\\\/avatar\\\/06fdc0dc81c157dfdb82ec42f252178a22307808988d22c043f9eb96f1e0fe80?s=96&d=mm&r=g\",\"url\":\"https:\\\/\\\/secure.gravatar.com\\\/avatar\\\/06fdc0dc81c157dfdb82ec42f252178a22307808988d22c043f9eb96f1e0fe80?s=96&d=mm&r=g\",\"contentUrl\":\"https:\\\/\\\/secure.gravatar.com\\\/avatar\\\/06fdc0dc81c157dfdb82ec42f252178a22307808988d22c043f9eb96f1e0fe80?s=96&d=mm&r=g\",\"caption\":\"mennworldcon\"},\"sameAs\":[\"https:\\\/\\\/mwc-cmm.org\"],\"url\":\"https:\\\/\\\/mwc-cmm.org\\\/fr\\\/stories\\\/author\\\/mennworldcon\\\/\"}]}<\/script>\n<!-- \/ Yoast SEO plugin. -->","yoast_head_json":{"title":"Le miracle de l\u2019unit\u00e9 - Mennonite World Conference","robots":{"index":"index","follow":"follow","max-snippet":"max-snippet:-1","max-image-preview":"max-image-preview:large","max-video-preview":"max-video-preview:-1"},"canonical":"https:\/\/mwc-cmm.org\/fr\/stories\/the-miracle-of-unity-4\/","og_locale":"fr_FR","og_type":"article","og_title":"Le miracle de l\u2019unit\u00e9 - Mennonite World Conference","og_description":"Comment cr\u00e9er l\u2019unit\u00e9 entre les diff\u00e9rentes nations ou communaut\u00e9s ? Depuis la Tour de Babel, de nombreuses m\u00e9thodes ont \u00e9t\u00e9 essay\u00e9es. Dans cette histoire biblique, les peuples tentent de r\u00e9aliser l\u2019unit\u00e9 avec une vision commune et en travaillant pour un m\u00eame but, et, comme nous le savons, l\u2019entreprise \u00e9choue. Avoir une histoire commune est une [&hellip;]","og_url":"https:\/\/mwc-cmm.org\/fr\/stories\/the-miracle-of-unity-4\/","og_site_name":"Mennonite World Conference","article_publisher":"https:\/\/www.facebook.com\/MennoniteWorldConference","article_published_time":"2016-10-26T00:00:00+00:00","article_modified_time":"2024-12-10T17:14:23+00:00","og_image":[{"width":2248,"height":1220,"url":"https:\/\/mwc-cmm.org\/wp-content\/uploads\/2024\/11\/cesar_3.jpg","type":"image\/jpeg"}],"author":"mennworldcon","schema":{"@context":"https:\/\/schema.org","@graph":[{"@type":"Article","@id":"https:\/\/mwc-cmm.org\/fr\/stories\/the-miracle-of-unity-4\/#article","isPartOf":{"@id":"https:\/\/mwc-cmm.org\/fr\/stories\/the-miracle-of-unity-4\/"},"author":{"name":"mennworldcon","@id":"https:\/\/mwc-cmm.org\/en\/#\/schema\/person\/11f6ae0d7d1868ba20a1cc27f067c836"},"headline":"Le miracle de l\u2019unit\u00e9","datePublished":"2016-10-26T00:00:00+00:00","dateModified":"2024-12-10T17:14:23+00:00","mainEntityOfPage":{"@id":"https:\/\/mwc-cmm.org\/fr\/stories\/the-miracle-of-unity-4\/"},"wordCount":586,"publisher":{"@id":"https:\/\/mwc-cmm.org\/en\/#organization"},"image":{"@id":"https:\/\/mwc-cmm.org\/fr\/stories\/the-miracle-of-unity-4\/#primaryimage"},"thumbnailUrl":"https:\/\/mwc-cmm.org\/wp-content\/uploads\/2024\/11\/cesar_3.jpg","articleSection":["Non classifi\u00e9(e)"],"inLanguage":"fr-FR"},{"@type":"WebPage","@id":"https:\/\/mwc-cmm.org\/fr\/stories\/the-miracle-of-unity-4\/","url":"https:\/\/mwc-cmm.org\/fr\/stories\/the-miracle-of-unity-4\/","name":"Le miracle de l\u2019unit\u00e9 - Mennonite World Conference","isPartOf":{"@id":"https:\/\/mwc-cmm.org\/en\/#website"},"primaryImageOfPage":{"@id":"https:\/\/mwc-cmm.org\/fr\/stories\/the-miracle-of-unity-4\/#primaryimage"},"image":{"@id":"https:\/\/mwc-cmm.org\/fr\/stories\/the-miracle-of-unity-4\/#primaryimage"},"thumbnailUrl":"https:\/\/mwc-cmm.org\/wp-content\/uploads\/2024\/11\/cesar_3.jpg","datePublished":"2016-10-26T00:00:00+00:00","dateModified":"2024-12-10T17:14:23+00:00","breadcrumb":{"@id":"https:\/\/mwc-cmm.org\/fr\/stories\/the-miracle-of-unity-4\/#breadcrumb"},"inLanguage":"fr-FR","potentialAction":[{"@type":"ReadAction","target":["https:\/\/mwc-cmm.org\/fr\/stories\/the-miracle-of-unity-4\/"]}]},{"@type":"ImageObject","inLanguage":"fr-FR","@id":"https:\/\/mwc-cmm.org\/fr\/stories\/the-miracle-of-unity-4\/#primaryimage","url":"https:\/\/mwc-cmm.org\/wp-content\/uploads\/2024\/11\/cesar_3.jpg","contentUrl":"https:\/\/mwc-cmm.org\/wp-content\/uploads\/2024\/11\/cesar_3.jpg","width":2248,"height":1220},{"@type":"BreadcrumbList","@id":"https:\/\/mwc-cmm.org\/fr\/stories\/the-miracle-of-unity-4\/#breadcrumb","itemListElement":[{"@type":"ListItem","position":1,"name":"Home","item":"https:\/\/mwc-cmm.org\/fr\/"},{"@type":"ListItem","position":2,"name":"Le miracle de l\u2019unit\u00e9"}]},{"@type":"WebSite","@id":"https:\/\/mwc-cmm.org\/en\/#website","url":"https:\/\/mwc-cmm.org\/en\/","name":"Mennonite World Conference","description":"A communion of Anabaptist-related churches","publisher":{"@id":"https:\/\/mwc-cmm.org\/en\/#organization"},"alternateName":"MWC","potentialAction":[{"@type":"SearchAction","target":{"@type":"EntryPoint","urlTemplate":"https:\/\/mwc-cmm.org\/en\/?s={search_term_string}"},"query-input":{"@type":"PropertyValueSpecification","valueRequired":true,"valueName":"search_term_string"}}],"inLanguage":"fr-FR"},{"@type":"Organization","@id":"https:\/\/mwc-cmm.org\/en\/#organization","name":"Mennonite World Conference","alternateName":"MWC","url":"https:\/\/mwc-cmm.org\/en\/","logo":{"@type":"ImageObject","inLanguage":"fr-FR","@id":"https:\/\/mwc-cmm.org\/en\/#\/schema\/logo\/image\/","url":"https:\/\/mwc-cmm.org\/wp-content\/uploads\/2026\/01\/MWC_Sig_Blue_Horiz_webheader1-logo.svg","contentUrl":"https:\/\/mwc-cmm.org\/wp-content\/uploads\/2026\/01\/MWC_Sig_Blue_Horiz_webheader1-logo.svg","width":786,"height":82,"caption":"Mennonite World Conference"},"image":{"@id":"https:\/\/mwc-cmm.org\/en\/#\/schema\/logo\/image\/"},"sameAs":["https:\/\/www.facebook.com\/MennoniteWorldConference","https:\/\/www.linkedin.com\/company\/mennonite-world-conference-mwc\/","https:\/\/www.instagram.com\/mwcmm\/","https:\/\/www.youtube.com\/user\/mwccmm","https:\/\/bsky.app\/profile\/mwcmm.bsky.social"]},{"@type":"Person","@id":"https:\/\/mwc-cmm.org\/en\/#\/schema\/person\/11f6ae0d7d1868ba20a1cc27f067c836","name":"mennworldcon","image":{"@type":"ImageObject","inLanguage":"fr-FR","@id":"https:\/\/secure.gravatar.com\/avatar\/06fdc0dc81c157dfdb82ec42f252178a22307808988d22c043f9eb96f1e0fe80?s=96&d=mm&r=g","url":"https:\/\/secure.gravatar.com\/avatar\/06fdc0dc81c157dfdb82ec42f252178a22307808988d22c043f9eb96f1e0fe80?s=96&d=mm&r=g","contentUrl":"https:\/\/secure.gravatar.com\/avatar\/06fdc0dc81c157dfdb82ec42f252178a22307808988d22c043f9eb96f1e0fe80?s=96&d=mm&r=g","caption":"mennworldcon"},"sameAs":["https:\/\/mwc-cmm.org"],"url":"https:\/\/mwc-cmm.org\/fr\/stories\/author\/mennworldcon\/"}]}},"_links":{"self":[{"href":"https:\/\/mwc-cmm.org\/fr\/wp-json\/wp\/v2\/posts\/9830","targetHints":{"allow":["GET"]}}],"collection":[{"href":"https:\/\/mwc-cmm.org\/fr\/wp-json\/wp\/v2\/posts"}],"about":[{"href":"https:\/\/mwc-cmm.org\/fr\/wp-json\/wp\/v2\/types\/post"}],"author":[{"embeddable":true,"href":"https:\/\/mwc-cmm.org\/fr\/wp-json\/wp\/v2\/users\/1"}],"replies":[{"embeddable":true,"href":"https:\/\/mwc-cmm.org\/fr\/wp-json\/wp\/v2\/comments?post=9830"}],"version-history":[{"count":0,"href":"https:\/\/mwc-cmm.org\/fr\/wp-json\/wp\/v2\/posts\/9830\/revisions"}],"wp:featuredmedia":[{"embeddable":true,"href":"https:\/\/mwc-cmm.org\/fr\/wp-json\/wp\/v2\/media\/88262"}],"wp:attachment":[{"href":"https:\/\/mwc-cmm.org\/fr\/wp-json\/wp\/v2\/media?parent=9830"}],"wp:term":[{"taxonomy":"category","embeddable":true,"href":"https:\/\/mwc-cmm.org\/fr\/wp-json\/wp\/v2\/categories?post=9830"},{"taxonomy":"post_tag","embeddable":true,"href":"https:\/\/mwc-cmm.org\/fr\/wp-json\/wp\/v2\/tags?post=9830"},{"taxonomy":"network","embeddable":true,"href":"https:\/\/mwc-cmm.org\/fr\/wp-json\/wp\/v2\/network?post=9830"},{"taxonomy":"eventcategory","embeddable":true,"href":"https:\/\/mwc-cmm.org\/fr\/wp-json\/wp\/v2\/eventcategory?post=9830"}],"curies":[{"name":"wp","href":"https:\/\/api.w.org\/{rel}","templated":true}]}}