{"id":9825,"date":"2016-09-29T00:00:00","date_gmt":"2016-09-29T00:00:00","guid":{"rendered":"https:\/\/mwc-cmm.org\/celebration-and-welcome-world-fellowship-sunday-and-mwc-team-changes-4\/"},"modified":"2024-12-10T17:14:21","modified_gmt":"2024-12-10T17:14:21","slug":"celebration-and-welcome-world-fellowship-sunday-and-mwc-team-changes-4","status":"publish","type":"post","link":"https:\/\/mwc-cmm.org\/fr\/stories\/celebration-and-welcome-world-fellowship-sunday-and-mwc-team-changes-4\/","title":{"rendered":"C\u00e9l\u00e9bration et bienvenue : Dimanche de la Fraternit\u00e9 Mondiale et changements dans l&rsquo;\u00e9quipe de la CMM"},"content":{"rendered":"<p>Bogota, en Colombie &#8211; \u00ab Comment l&rsquo;\u00e9glise va-t-elle r\u00e9pondre aux diff\u00e9rents besoins dont nous entendons parler et que nous voyons autour de nous ? \u00bb C&rsquo;est la question que les \u00e9glises mennonites europ\u00e9ennes se sont pos\u00e9e, en particulier par rapport \u00e0 la crise des r\u00e9fugi\u00e9s, lorsqu&rsquo;elles ont pr\u00e9par\u00e9 les ressources pour le culte pour le Dimanche de la Fraternit\u00e9 Mondiale (DFM) de la Conf\u00e9rence Mennonite Mondiale, pr\u00e9vu le 22 Janvier de 2017.<\/p>\n<p>\u00ab Mon cris a \u00e9t\u00e9 entendu \u00bb est le th\u00e8me du mat\u00e9riel de 2017, reformul\u00e9 dans un format plus engageant. Il contient des pri\u00e8res pour la famille de la Conf\u00e9rence Mennonite Mondiale (CMM) et des liturgies pour le culte, des suggestions de chants, des notes pour la pr\u00e9paration du message, des histoires de l\u2019accueil radical des r\u00e9fugi\u00e9s par les \u00e9glises mennonites europ\u00e9ennes, et des recettes.<\/p>\n<p>\u00ab Le Dimanche de la Fraternit\u00e9 Mondiale est l&rsquo;occasion de rappeler \u00e0 nos communaut\u00e9s que nous appartenons les uns aux autres comme des fr\u00e8res et s\u0153urs dans la maison de Dieu \u00bb, dit le secr\u00e9taire g\u00e9n\u00e9ral de la CMM, C\u00e9sar Garc\u00eda. \u00ab Chaque congr\u00e9gation locale appartient \u00e0 une communaut\u00e9 mondiale de foi qui transcende la langue, la nationalit\u00e9 et la culture. Nous sommes ici pour nous soutenir les uns les autres, d\u00e9fendre ceux qui souffrent et sont pers\u00e9cut\u00e9s et apprendre les uns des autres \u00bb.<\/p>\n<p>Le dimanche le plus proche du 21 janvier est d\u00e9sign\u00e9 comme le DFM pour rappeler le premier bapt\u00eame anabaptiste en 1525 ; cependant, les congr\u00e9gations sont invit\u00e9es \u00e0 c\u00e9l\u00e9brer la famille anabaptiste mondiale \u00e0 la date qui convient \u00e0 leur calendrier. <span class=\"s1\"><a href=\"http:\/\/www.mwc-cmm.org\/article\/dimanche-fraternite-mondiale?language=fr\">Cliquez ici<\/a><\/span><span class=\"s2\"> \u00e0 voir les mat\u00e9riels pour le culte pour le <\/span>Dimanche de la Fraternit\u00e9 Mondiale 2017.<\/p>\n<p>La CMM favorise les relations au sein de la famille anabaptiste toute l&rsquo;ann\u00e9e au travers de son d\u00e9partement de communication et des repr\u00e9sentants r\u00e9gionaux qui sont des b\u00e9n\u00e9voles \u00e0 temps partiel charg\u00e9s de d\u00e9velopper et de soutenir des relations avec les membres de la CMM, les membres-associ\u00e9s et les \u00e9glises membres-potentiels, les congr\u00e9gations locales et les agences en lien avec la CMM et les partenaires.<\/p>\n<p>En Septembre 2016, Pablo Stucky a rejoint l&rsquo;\u00e9quipe en tant que repr\u00e9sentant r\u00e9gional pour la r\u00e9gion andine de l&rsquo;Am\u00e9rique latine (Colombie, Equateur, P\u00e9rou, Venezuela). Stucky vit \u00e0 Bogota, en Colombie, o\u00f9 il sert en tant que directeur du CEAS (Coordinaci\u00f3n para la Acci\u00f3n eccl\u00e9sial Psicosocial), un minist\u00e8re des Mennonites, des Fr\u00e8res Mennonites et des Fr\u00e8res en Christ de la Colombie. CEAS sollicite les membres des congr\u00e9gations locales pour participer au minist\u00e8re du soutient \u00e9motionnel, social et spirituel aux victimes du conflit arm\u00e9 et d&rsquo;autres expressions de la violence en Colombie, et favorise les possibilit\u00e9s de transformation et de r\u00e9conciliation entre les \u00e9glises et les auteurs des violences.<\/p>\n<p>Le coordinateur, Arli Klassen, est reconnaissant pour le travail des 10 repr\u00e9sentants r\u00e9gionaux, et esp\u00e8re obtenir une repr\u00e9sentation pour les r\u00e9gions des Cara\u00efbes et de l&rsquo;Asie du Sud-Est.<\/p>\n<p>Danielle Gonzales est la nouvelle coordonnatrice de la communication Web pour la CMM, depuis Bogota, en Colombie, en tant que participante du programme du MCC, Serving And Learning Together (SALT). N\u00e9e de parents binationaux, sa m\u00e8re du Mexique et de son p\u00e8re des Etats-Unis, Gonzales a grandi entre deux cultures \u00e0 Los Angeles, en Californie. Elle a \u00e9tudi\u00e9 la th\u00e9ologie avec une sp\u00e9cialit\u00e9 en droits de l&rsquo;homme et en questions relatives aux femmes. Sa passion pour la justice lui a donn\u00e9 l&rsquo;occasion de travailler avec des migrants en provenance du Mexique et d&rsquo;Am\u00e9rique centrale \u00e0 la fronti\u00e8re des \u00c9tats-Unis et du Mexique ainsi que dans sa propre ville. Gr\u00e2ce \u00e0 SALT, elle r\u00e9alise son r\u00eave de vivre en Am\u00e9rique du Sud, d&rsquo;apprendre l&rsquo;espagnol et d&rsquo;approfondir sa compr\u00e9hension des droits de l&rsquo;homme dans le contexte latino-am\u00e9ricain.<\/p>\n<p><img decoding=\"async\" alt=\"\" data-src=\"https:\/\/mwc-cmm.org\/wp-content\/uploads\/2024\/10\/ps-dg_1.png\" style=\"--smush-image-width: 1555px; --smush-image-aspect-ratio: 1555\/924;width: 250px; height: 149px;\" width=\"1555\" class=\"smush-dimensions lazyload\" src=\"data:image\/svg+xml;base64,PHN2ZyB3aWR0aD0iMSIgaGVpZ2h0PSIxIiB4bWxucz0iaHR0cDovL3d3dy53My5vcmcvMjAwMC9zdmciPjwvc3ZnPg==\" \/><\/p>\n<p>Pablo Stucky et Danielle Gonzales              <\/p>\n<p><em>\u2014Communiqu\u00e9 de la Conf\u00e9rence Mennonite Mondiale<\/em><\/p>\n","protected":false},"excerpt":{"rendered":"<p>NULL<\/p>\n","protected":false},"author":1,"featured_media":88220,"comment_status":"closed","ping_status":"closed","sticky":false,"template":"","format":"standard","meta":{"_acf_changed":false,"footnotes":""},"categories":[7],"tags":[277],"network":[],"eventcategory":[1500],"class_list":["post-9825","post","type-post","status-publish","format-standard","has-post-thumbnail","hentry","category-non-classifiee","tag-regional-representatives","eventcategory-anabaptist-world-fellowship-sunday-fr"],"acf":[],"yoast_head":"<!-- This site is optimized with the Yoast SEO plugin v27.5 - https:\/\/yoast.com\/product\/yoast-seo-wordpress\/ -->\n<title>C\u00e9l\u00e9bration et bienvenue : Dimanche de la Fraternit\u00e9 Mondiale et changements dans l&#039;\u00e9quipe de la CMM - Mennonite World Conference<\/title>\n<meta name=\"robots\" content=\"index, follow, max-snippet:-1, max-image-preview:large, max-video-preview:-1\" \/>\n<link rel=\"canonical\" href=\"https:\/\/mwc-cmm.org\/en\/stories\/celebration-and-welcome-world-fellowship-sunday-and-mwc-team-changes\/\" \/>\n<meta property=\"og:locale\" content=\"fr_FR\" \/>\n<meta property=\"og:type\" content=\"article\" \/>\n<meta property=\"og:title\" content=\"C\u00e9l\u00e9bration et bienvenue : Dimanche de la Fraternit\u00e9 Mondiale et changements dans l&#039;\u00e9quipe de la CMM - Mennonite World Conference\" \/>\n<meta property=\"og:description\" content=\"NULL\" \/>\n<meta property=\"og:url\" content=\"https:\/\/mwc-cmm.org\/en\/stories\/celebration-and-welcome-world-fellowship-sunday-and-mwc-team-changes\/\" \/>\n<meta property=\"og:site_name\" content=\"Mennonite World Conference\" \/>\n<meta property=\"article:publisher\" content=\"https:\/\/www.facebook.com\/MennoniteWorldConference\" \/>\n<meta property=\"article:published_time\" content=\"2016-09-29T00:00:00+00:00\" \/>\n<meta property=\"article:modified_time\" content=\"2024-12-10T17:14:21+00:00\" \/>\n<meta property=\"og:image\" content=\"https:\/\/mwc-cmm.org\/wp-content\/uploads\/2024\/11\/wfs_viering_palermo_2_edited-2-scaled.jpg\" \/>\n\t<meta property=\"og:image:width\" content=\"2560\" \/>\n\t<meta property=\"og:image:height\" content=\"1372\" \/>\n\t<meta property=\"og:image:type\" content=\"image\/jpeg\" \/>\n<meta name=\"author\" content=\"mennworldcon\" \/>\n<script type=\"application\/ld+json\" class=\"yoast-schema-graph\">{\"@context\":\"https:\\\/\\\/schema.org\",\"@graph\":[{\"@type\":\"Article\",\"@id\":\"https:\\\/\\\/mwc-cmm.org\\\/en\\\/stories\\\/celebration-and-welcome-world-fellowship-sunday-and-mwc-team-changes\\\/#article\",\"isPartOf\":{\"@id\":\"https:\\\/\\\/mwc-cmm.org\\\/en\\\/stories\\\/celebration-and-welcome-world-fellowship-sunday-and-mwc-team-changes\\\/\"},\"author\":{\"name\":\"mennworldcon\",\"@id\":\"https:\\\/\\\/mwc-cmm.org\\\/en\\\/#\\\/schema\\\/person\\\/11f6ae0d7d1868ba20a1cc27f067c836\"},\"headline\":\"C\u00e9l\u00e9bration et bienvenue : Dimanche de la Fraternit\u00e9 Mondiale et changements dans l&rsquo;\u00e9quipe de la CMM\",\"datePublished\":\"2016-09-29T00:00:00+00:00\",\"dateModified\":\"2024-12-10T17:14:21+00:00\",\"mainEntityOfPage\":{\"@id\":\"https:\\\/\\\/mwc-cmm.org\\\/en\\\/stories\\\/celebration-and-welcome-world-fellowship-sunday-and-mwc-team-changes\\\/\"},\"wordCount\":712,\"publisher\":{\"@id\":\"https:\\\/\\\/mwc-cmm.org\\\/en\\\/#organization\"},\"image\":{\"@id\":\"https:\\\/\\\/mwc-cmm.org\\\/en\\\/stories\\\/celebration-and-welcome-world-fellowship-sunday-and-mwc-team-changes\\\/#primaryimage\"},\"thumbnailUrl\":\"https:\\\/\\\/mwc-cmm.org\\\/wp-content\\\/uploads\\\/2024\\\/11\\\/wfs_viering_palermo_2_edited-2-scaled.jpg\",\"keywords\":[\"regional representatives\"],\"articleSection\":[\"Non classifi\u00e9(e)\"],\"inLanguage\":\"fr-FR\"},{\"@type\":\"WebPage\",\"@id\":\"https:\\\/\\\/mwc-cmm.org\\\/en\\\/stories\\\/celebration-and-welcome-world-fellowship-sunday-and-mwc-team-changes\\\/\",\"url\":\"https:\\\/\\\/mwc-cmm.org\\\/en\\\/stories\\\/celebration-and-welcome-world-fellowship-sunday-and-mwc-team-changes\\\/\",\"name\":\"C\u00e9l\u00e9bration et bienvenue : Dimanche de la Fraternit\u00e9 Mondiale et changements dans l'\u00e9quipe de la CMM - Mennonite World Conference\",\"isPartOf\":{\"@id\":\"https:\\\/\\\/mwc-cmm.org\\\/en\\\/#website\"},\"primaryImageOfPage\":{\"@id\":\"https:\\\/\\\/mwc-cmm.org\\\/en\\\/stories\\\/celebration-and-welcome-world-fellowship-sunday-and-mwc-team-changes\\\/#primaryimage\"},\"image\":{\"@id\":\"https:\\\/\\\/mwc-cmm.org\\\/en\\\/stories\\\/celebration-and-welcome-world-fellowship-sunday-and-mwc-team-changes\\\/#primaryimage\"},\"thumbnailUrl\":\"https:\\\/\\\/mwc-cmm.org\\\/wp-content\\\/uploads\\\/2024\\\/11\\\/wfs_viering_palermo_2_edited-2-scaled.jpg\",\"datePublished\":\"2016-09-29T00:00:00+00:00\",\"dateModified\":\"2024-12-10T17:14:21+00:00\",\"breadcrumb\":{\"@id\":\"https:\\\/\\\/mwc-cmm.org\\\/en\\\/stories\\\/celebration-and-welcome-world-fellowship-sunday-and-mwc-team-changes\\\/#breadcrumb\"},\"inLanguage\":\"fr-FR\",\"potentialAction\":[{\"@type\":\"ReadAction\",\"target\":[\"https:\\\/\\\/mwc-cmm.org\\\/en\\\/stories\\\/celebration-and-welcome-world-fellowship-sunday-and-mwc-team-changes\\\/\"]}]},{\"@type\":\"ImageObject\",\"inLanguage\":\"fr-FR\",\"@id\":\"https:\\\/\\\/mwc-cmm.org\\\/en\\\/stories\\\/celebration-and-welcome-world-fellowship-sunday-and-mwc-team-changes\\\/#primaryimage\",\"url\":\"https:\\\/\\\/mwc-cmm.org\\\/wp-content\\\/uploads\\\/2024\\\/11\\\/wfs_viering_palermo_2_edited-2-scaled.jpg\",\"contentUrl\":\"https:\\\/\\\/mwc-cmm.org\\\/wp-content\\\/uploads\\\/2024\\\/11\\\/wfs_viering_palermo_2_edited-2-scaled.jpg\",\"width\":2560,\"height\":1372},{\"@type\":\"BreadcrumbList\",\"@id\":\"https:\\\/\\\/mwc-cmm.org\\\/en\\\/stories\\\/celebration-and-welcome-world-fellowship-sunday-and-mwc-team-changes\\\/#breadcrumb\",\"itemListElement\":[{\"@type\":\"ListItem\",\"position\":1,\"name\":\"Home\",\"item\":\"https:\\\/\\\/mwc-cmm.org\\\/fr\\\/\"},{\"@type\":\"ListItem\",\"position\":2,\"name\":\"C\u00e9l\u00e9bration et bienvenue : Dimanche de la Fraternit\u00e9 Mondiale et changements dans l&#8217;\u00e9quipe de la CMM\"}]},{\"@type\":\"WebSite\",\"@id\":\"https:\\\/\\\/mwc-cmm.org\\\/en\\\/#website\",\"url\":\"https:\\\/\\\/mwc-cmm.org\\\/en\\\/\",\"name\":\"Mennonite World Conference\",\"description\":\"A communion of Anabaptist-related churches\",\"publisher\":{\"@id\":\"https:\\\/\\\/mwc-cmm.org\\\/en\\\/#organization\"},\"alternateName\":\"MWC\",\"potentialAction\":[{\"@type\":\"SearchAction\",\"target\":{\"@type\":\"EntryPoint\",\"urlTemplate\":\"https:\\\/\\\/mwc-cmm.org\\\/en\\\/?s={search_term_string}\"},\"query-input\":{\"@type\":\"PropertyValueSpecification\",\"valueRequired\":true,\"valueName\":\"search_term_string\"}}],\"inLanguage\":\"fr-FR\"},{\"@type\":\"Organization\",\"@id\":\"https:\\\/\\\/mwc-cmm.org\\\/en\\\/#organization\",\"name\":\"Mennonite World Conference\",\"alternateName\":\"MWC\",\"url\":\"https:\\\/\\\/mwc-cmm.org\\\/en\\\/\",\"logo\":{\"@type\":\"ImageObject\",\"inLanguage\":\"fr-FR\",\"@id\":\"https:\\\/\\\/mwc-cmm.org\\\/en\\\/#\\\/schema\\\/logo\\\/image\\\/\",\"url\":\"https:\\\/\\\/mwc-cmm.org\\\/wp-content\\\/uploads\\\/2026\\\/01\\\/MWC_Sig_Blue_Horiz_webheader1-logo.svg\",\"contentUrl\":\"https:\\\/\\\/mwc-cmm.org\\\/wp-content\\\/uploads\\\/2026\\\/01\\\/MWC_Sig_Blue_Horiz_webheader1-logo.svg\",\"width\":786,\"height\":82,\"caption\":\"Mennonite World Conference\"},\"image\":{\"@id\":\"https:\\\/\\\/mwc-cmm.org\\\/en\\\/#\\\/schema\\\/logo\\\/image\\\/\"},\"sameAs\":[\"https:\\\/\\\/www.facebook.com\\\/MennoniteWorldConference\",\"https:\\\/\\\/www.linkedin.com\\\/company\\\/mennonite-world-conference-mwc\\\/\",\"https:\\\/\\\/www.instagram.com\\\/mwcmm\\\/\",\"https:\\\/\\\/www.youtube.com\\\/user\\\/mwccmm\",\"https:\\\/\\\/bsky.app\\\/profile\\\/mwcmm.bsky.social\"]},{\"@type\":\"Person\",\"@id\":\"https:\\\/\\\/mwc-cmm.org\\\/en\\\/#\\\/schema\\\/person\\\/11f6ae0d7d1868ba20a1cc27f067c836\",\"name\":\"mennworldcon\",\"image\":{\"@type\":\"ImageObject\",\"inLanguage\":\"fr-FR\",\"@id\":\"https:\\\/\\\/secure.gravatar.com\\\/avatar\\\/06fdc0dc81c157dfdb82ec42f252178a22307808988d22c043f9eb96f1e0fe80?s=96&d=mm&r=g\",\"url\":\"https:\\\/\\\/secure.gravatar.com\\\/avatar\\\/06fdc0dc81c157dfdb82ec42f252178a22307808988d22c043f9eb96f1e0fe80?s=96&d=mm&r=g\",\"contentUrl\":\"https:\\\/\\\/secure.gravatar.com\\\/avatar\\\/06fdc0dc81c157dfdb82ec42f252178a22307808988d22c043f9eb96f1e0fe80?s=96&d=mm&r=g\",\"caption\":\"mennworldcon\"},\"sameAs\":[\"https:\\\/\\\/mwc-cmm.org\"],\"url\":\"https:\\\/\\\/mwc-cmm.org\\\/fr\\\/stories\\\/author\\\/mennworldcon\\\/\"}]}<\/script>\n<!-- \/ Yoast SEO plugin. -->","yoast_head_json":{"title":"C\u00e9l\u00e9bration et bienvenue : Dimanche de la Fraternit\u00e9 Mondiale et changements dans l'\u00e9quipe de la CMM - Mennonite World Conference","robots":{"index":"index","follow":"follow","max-snippet":"max-snippet:-1","max-image-preview":"max-image-preview:large","max-video-preview":"max-video-preview:-1"},"canonical":"https:\/\/mwc-cmm.org\/en\/stories\/celebration-and-welcome-world-fellowship-sunday-and-mwc-team-changes\/","og_locale":"fr_FR","og_type":"article","og_title":"C\u00e9l\u00e9bration et bienvenue : Dimanche de la Fraternit\u00e9 Mondiale et changements dans l'\u00e9quipe de la CMM - Mennonite World Conference","og_description":"NULL","og_url":"https:\/\/mwc-cmm.org\/en\/stories\/celebration-and-welcome-world-fellowship-sunday-and-mwc-team-changes\/","og_site_name":"Mennonite World Conference","article_publisher":"https:\/\/www.facebook.com\/MennoniteWorldConference","article_published_time":"2016-09-29T00:00:00+00:00","article_modified_time":"2024-12-10T17:14:21+00:00","og_image":[{"width":2560,"height":1372,"url":"https:\/\/mwc-cmm.org\/wp-content\/uploads\/2024\/11\/wfs_viering_palermo_2_edited-2-scaled.jpg","type":"image\/jpeg"}],"author":"mennworldcon","schema":{"@context":"https:\/\/schema.org","@graph":[{"@type":"Article","@id":"https:\/\/mwc-cmm.org\/en\/stories\/celebration-and-welcome-world-fellowship-sunday-and-mwc-team-changes\/#article","isPartOf":{"@id":"https:\/\/mwc-cmm.org\/en\/stories\/celebration-and-welcome-world-fellowship-sunday-and-mwc-team-changes\/"},"author":{"name":"mennworldcon","@id":"https:\/\/mwc-cmm.org\/en\/#\/schema\/person\/11f6ae0d7d1868ba20a1cc27f067c836"},"headline":"C\u00e9l\u00e9bration et bienvenue : Dimanche de la Fraternit\u00e9 Mondiale et changements dans l&rsquo;\u00e9quipe de la CMM","datePublished":"2016-09-29T00:00:00+00:00","dateModified":"2024-12-10T17:14:21+00:00","mainEntityOfPage":{"@id":"https:\/\/mwc-cmm.org\/en\/stories\/celebration-and-welcome-world-fellowship-sunday-and-mwc-team-changes\/"},"wordCount":712,"publisher":{"@id":"https:\/\/mwc-cmm.org\/en\/#organization"},"image":{"@id":"https:\/\/mwc-cmm.org\/en\/stories\/celebration-and-welcome-world-fellowship-sunday-and-mwc-team-changes\/#primaryimage"},"thumbnailUrl":"https:\/\/mwc-cmm.org\/wp-content\/uploads\/2024\/11\/wfs_viering_palermo_2_edited-2-scaled.jpg","keywords":["regional representatives"],"articleSection":["Non classifi\u00e9(e)"],"inLanguage":"fr-FR"},{"@type":"WebPage","@id":"https:\/\/mwc-cmm.org\/en\/stories\/celebration-and-welcome-world-fellowship-sunday-and-mwc-team-changes\/","url":"https:\/\/mwc-cmm.org\/en\/stories\/celebration-and-welcome-world-fellowship-sunday-and-mwc-team-changes\/","name":"C\u00e9l\u00e9bration et bienvenue : Dimanche de la Fraternit\u00e9 Mondiale et changements dans l'\u00e9quipe de la CMM - Mennonite World Conference","isPartOf":{"@id":"https:\/\/mwc-cmm.org\/en\/#website"},"primaryImageOfPage":{"@id":"https:\/\/mwc-cmm.org\/en\/stories\/celebration-and-welcome-world-fellowship-sunday-and-mwc-team-changes\/#primaryimage"},"image":{"@id":"https:\/\/mwc-cmm.org\/en\/stories\/celebration-and-welcome-world-fellowship-sunday-and-mwc-team-changes\/#primaryimage"},"thumbnailUrl":"https:\/\/mwc-cmm.org\/wp-content\/uploads\/2024\/11\/wfs_viering_palermo_2_edited-2-scaled.jpg","datePublished":"2016-09-29T00:00:00+00:00","dateModified":"2024-12-10T17:14:21+00:00","breadcrumb":{"@id":"https:\/\/mwc-cmm.org\/en\/stories\/celebration-and-welcome-world-fellowship-sunday-and-mwc-team-changes\/#breadcrumb"},"inLanguage":"fr-FR","potentialAction":[{"@type":"ReadAction","target":["https:\/\/mwc-cmm.org\/en\/stories\/celebration-and-welcome-world-fellowship-sunday-and-mwc-team-changes\/"]}]},{"@type":"ImageObject","inLanguage":"fr-FR","@id":"https:\/\/mwc-cmm.org\/en\/stories\/celebration-and-welcome-world-fellowship-sunday-and-mwc-team-changes\/#primaryimage","url":"https:\/\/mwc-cmm.org\/wp-content\/uploads\/2024\/11\/wfs_viering_palermo_2_edited-2-scaled.jpg","contentUrl":"https:\/\/mwc-cmm.org\/wp-content\/uploads\/2024\/11\/wfs_viering_palermo_2_edited-2-scaled.jpg","width":2560,"height":1372},{"@type":"BreadcrumbList","@id":"https:\/\/mwc-cmm.org\/en\/stories\/celebration-and-welcome-world-fellowship-sunday-and-mwc-team-changes\/#breadcrumb","itemListElement":[{"@type":"ListItem","position":1,"name":"Home","item":"https:\/\/mwc-cmm.org\/fr\/"},{"@type":"ListItem","position":2,"name":"C\u00e9l\u00e9bration et bienvenue : Dimanche de la Fraternit\u00e9 Mondiale et changements dans l&#8217;\u00e9quipe de la CMM"}]},{"@type":"WebSite","@id":"https:\/\/mwc-cmm.org\/en\/#website","url":"https:\/\/mwc-cmm.org\/en\/","name":"Mennonite World Conference","description":"A communion of Anabaptist-related churches","publisher":{"@id":"https:\/\/mwc-cmm.org\/en\/#organization"},"alternateName":"MWC","potentialAction":[{"@type":"SearchAction","target":{"@type":"EntryPoint","urlTemplate":"https:\/\/mwc-cmm.org\/en\/?s={search_term_string}"},"query-input":{"@type":"PropertyValueSpecification","valueRequired":true,"valueName":"search_term_string"}}],"inLanguage":"fr-FR"},{"@type":"Organization","@id":"https:\/\/mwc-cmm.org\/en\/#organization","name":"Mennonite World Conference","alternateName":"MWC","url":"https:\/\/mwc-cmm.org\/en\/","logo":{"@type":"ImageObject","inLanguage":"fr-FR","@id":"https:\/\/mwc-cmm.org\/en\/#\/schema\/logo\/image\/","url":"https:\/\/mwc-cmm.org\/wp-content\/uploads\/2026\/01\/MWC_Sig_Blue_Horiz_webheader1-logo.svg","contentUrl":"https:\/\/mwc-cmm.org\/wp-content\/uploads\/2026\/01\/MWC_Sig_Blue_Horiz_webheader1-logo.svg","width":786,"height":82,"caption":"Mennonite World Conference"},"image":{"@id":"https:\/\/mwc-cmm.org\/en\/#\/schema\/logo\/image\/"},"sameAs":["https:\/\/www.facebook.com\/MennoniteWorldConference","https:\/\/www.linkedin.com\/company\/mennonite-world-conference-mwc\/","https:\/\/www.instagram.com\/mwcmm\/","https:\/\/www.youtube.com\/user\/mwccmm","https:\/\/bsky.app\/profile\/mwcmm.bsky.social"]},{"@type":"Person","@id":"https:\/\/mwc-cmm.org\/en\/#\/schema\/person\/11f6ae0d7d1868ba20a1cc27f067c836","name":"mennworldcon","image":{"@type":"ImageObject","inLanguage":"fr-FR","@id":"https:\/\/secure.gravatar.com\/avatar\/06fdc0dc81c157dfdb82ec42f252178a22307808988d22c043f9eb96f1e0fe80?s=96&d=mm&r=g","url":"https:\/\/secure.gravatar.com\/avatar\/06fdc0dc81c157dfdb82ec42f252178a22307808988d22c043f9eb96f1e0fe80?s=96&d=mm&r=g","contentUrl":"https:\/\/secure.gravatar.com\/avatar\/06fdc0dc81c157dfdb82ec42f252178a22307808988d22c043f9eb96f1e0fe80?s=96&d=mm&r=g","caption":"mennworldcon"},"sameAs":["https:\/\/mwc-cmm.org"],"url":"https:\/\/mwc-cmm.org\/fr\/stories\/author\/mennworldcon\/"}]}},"_links":{"self":[{"href":"https:\/\/mwc-cmm.org\/fr\/wp-json\/wp\/v2\/posts\/9825","targetHints":{"allow":["GET"]}}],"collection":[{"href":"https:\/\/mwc-cmm.org\/fr\/wp-json\/wp\/v2\/posts"}],"about":[{"href":"https:\/\/mwc-cmm.org\/fr\/wp-json\/wp\/v2\/types\/post"}],"author":[{"embeddable":true,"href":"https:\/\/mwc-cmm.org\/fr\/wp-json\/wp\/v2\/users\/1"}],"replies":[{"embeddable":true,"href":"https:\/\/mwc-cmm.org\/fr\/wp-json\/wp\/v2\/comments?post=9825"}],"version-history":[{"count":0,"href":"https:\/\/mwc-cmm.org\/fr\/wp-json\/wp\/v2\/posts\/9825\/revisions"}],"wp:featuredmedia":[{"embeddable":true,"href":"https:\/\/mwc-cmm.org\/fr\/wp-json\/wp\/v2\/media\/88220"}],"wp:attachment":[{"href":"https:\/\/mwc-cmm.org\/fr\/wp-json\/wp\/v2\/media?parent=9825"}],"wp:term":[{"taxonomy":"category","embeddable":true,"href":"https:\/\/mwc-cmm.org\/fr\/wp-json\/wp\/v2\/categories?post=9825"},{"taxonomy":"post_tag","embeddable":true,"href":"https:\/\/mwc-cmm.org\/fr\/wp-json\/wp\/v2\/tags?post=9825"},{"taxonomy":"network","embeddable":true,"href":"https:\/\/mwc-cmm.org\/fr\/wp-json\/wp\/v2\/network?post=9825"},{"taxonomy":"eventcategory","embeddable":true,"href":"https:\/\/mwc-cmm.org\/fr\/wp-json\/wp\/v2\/eventcategory?post=9825"}],"curies":[{"name":"wp","href":"https:\/\/api.w.org\/{rel}","templated":true}]}}