{"id":9824,"date":"2016-09-26T00:00:00","date_gmt":"2016-09-26T00:00:00","guid":{"rendered":"https:\/\/mwc-cmm.org\/we-need-each-other-4\/"},"modified":"2024-12-10T17:14:21","modified_gmt":"2024-12-10T17:14:21","slug":"we-need-each-other-4","status":"publish","type":"post","link":"https:\/\/mwc-cmm.org\/fr\/stories\/we-need-each-other-4\/","title":{"rendered":"Nous avons besoin les uns des autres"},"content":{"rendered":"<p align=\"left\"><strong><em>KyongJung Kim, repr\u00e9sentant r\u00e9gional de la CMM, rend visite aux \u00e9glises anabaptistes\/mennonites du Japon, 1-18 juillet 2016<\/em><\/strong><\/p>\n<p align=\"left\">Ce fut un grand privil\u00e8ge, entant que repr\u00e9sentant r\u00e9gional de la Conf\u00e9rence Mennonite Mondiale (CMM),  de pouvoir rendre visite aux \u00e9glises membres du Nord-Est de l&rsquo;Asie. Alors que je pr\u00e9voyais d&rsquo;aller au Japon, je priais pour que cela se fasse si telle \u00e9tait le d\u00e9sir de Dieu. En peu de temps, les \u00e9glises japonaises ouvr\u00e8rent leurs portes une \u00e0 une. (Au Japon, il y a 73 assembl\u00e9es et 2801 membres).<\/p>\n<p align=\"left\">Le but de ma visite \u00e9tait de pr\u00e9senter la CMM et sa relation avec les \u00e9glises membres. Le th\u00e8me g\u00e9n\u00e9ral \u00e9tait \u00ab Nous avons besoin les uns des autres pour grandir ensemble dans le corps du Christ. \u00bb<\/p>\n<p align=\"left\">Le 3 juillet de 2016, \u00e0 <em>Minami Mennonite<\/em> \u00e0 Miyazaki, j&rsquo;ai remarqu\u00e9 que la fleur nationale cor\u00e9enne figurait sur la premi\u00e8re page du programme du culte ce dimanche l\u00e0. La Cor\u00e9e a v\u00e9cu une \u00e9poque douloureuse avec la colonisation japonaise (1940-1945). C\u2019\u00e9tait comme si notre relation avait \u00e9t\u00e9 transform\u00e9e en amiti\u00e9 dans le Seigneur.<\/p>\n<p align=\"left\">Apr\u00e8s le culte, la s\u0153ur du pasteur Syozo Satou m&rsquo;a dit qu&rsquo;elle avait \u00e9t\u00e9 \u00e0 l&rsquo;assembl\u00e9e de la CMM de Winnipeg (1990), et qu&rsquo;ainsi elle se sentait faire partie de la famille de la CMM. Elle demanda pardon pour ce que ses anc\u00eatres japonnais avaient fait aux Cor\u00e9ens durant la colonisation japonaise. J&rsquo;ai appr\u00e9ci\u00e9 son partage sinc\u00e8re et nous sommes pass\u00e9 d&rsquo;un temps de culte \u00e0 un temps de communion fraternelle.<\/p>\n<p align=\"left\">Le 9 juillet, j&rsquo;ai assist\u00e9 \u00e0 la conf\u00e9rence des leaders \u00e0 Hokkaido o\u00f9 nous avons parl\u00e9 de la CMM et de sa relation avec les \u00e9glises membres. Tout au long de la r\u00e9union, j&rsquo;ai pu voir un grand potentiel parmi les jeunes. Certains des jeunes adultes avaient particip\u00e9 \u00e0 l&rsquo;assembl\u00e9e en Pennsylvanie l&rsquo;ann\u00e9e pass\u00e9e ; ils \u00e9taient tr\u00e8s int\u00e9ress\u00e9s par les programmes d\u2019\u00e9changes.<\/p>\n<p align=\"left\">Le 10 juillet, j&rsquo;ai assist\u00e9 \u00e0 un culte et \u00e0 un moment de communion fraternelle \u00e0 Bethel Mennonite, une petite \u00e9glise de maison dans le cente-ville de Sapporo. Au Japon, il semble que beaucoup d\u2019\u00e9glises sont trop petites pour soutenir financi\u00e8rement leur pasteur. Les membres sont encourag\u00e9s \u00e0 participer \u00e0 la vie d&rsquo;\u00e9glise et au travail de l&rsquo;assembl\u00e9e autant que possible. (C&rsquo;est pareil dans mon \u00e9glise \u00e0 ChunCheon, en Cor\u00e9e du Sud.) Chacun a un minist\u00e8re et fait ce qu&rsquo;il peut en fonction de ses dons.<\/p>\n<p align=\"left\">Il est bon que les leaders d&rsquo;\u00e9glise (ou les membres actifs) rendent visite \u00e0 d&rsquo;autres \u00e9glises pour partager des histoires et se donner des id\u00e9es les uns aux autres. La vie d&rsquo;une assembl\u00e9e locale devrait \u00eatre partag\u00e9e avec d&rsquo;autres autant que possible pour fortifier nos \u00e9glises et les encourager \u00e0 grandir ensemble. Les relations d&rsquo;\u00e9glise \u00e0 \u00e9glise nous aideraient aussi \u00e0 trouver de meilleures ressources pour nos g\u00e9n\u00e9rations futures.<\/p>\n<p align=\"left\">Du 11 au 13 juillet, je me suis rendu \u00e0 Osaka o\u00f9 il y a de nombreuses \u00e9glises Fr\u00e8res Mennonite et un s\u00e9minaire. Les Fr\u00e8res Mennonites du Japon sont le plus grand groupe anabaptiste au Japon (63 pour cent), mais ils ne sont pas membres de la CMM. Un pasteur me demanda quelle \u00e9tait la situation para rapport \u00e0 l&rsquo;objection de conscience au service militaire dans les \u00e9glises cor\u00e9ennes. J&rsquo;ai r\u00e9pondu que tous dans mon \u00e9glise n&rsquo;\u00e9taient pas d&rsquo;accord avec la posture de paix de l&rsquo;\u00e9glise. Nous avons des faiblesses tout autant que nous avons des forces. C&rsquo;est pour cela que nous avons besoin les uns des autres. J&rsquo;ai encourag\u00e9 les \u00e9glises fr\u00e8res mennonite \u00e0 interagir avec les autres groupes anabaptistes\/mennonites du Japon d\u2019abord et de construire des liens avec d&rsquo;autres ensuite.<\/p>\n<p align=\"left\">Du 14 au 17 juillet, j&rsquo;ai rencontr\u00e9 des fr\u00e8res et des s\u0153urs dans la r\u00e9gion de Tokyo. Comme dans d&rsquo;autres conf\u00e9rences, ils \u00e9taient tr\u00e8s ouverts \u00e0 tisser des liens avec d&rsquo;autres \u00e9glises.<\/p>\n<p align=\"left\">Qu&rsquo;est ce qui rendrait le tissage de ces liens possible ? Nous avons parl\u00e9 d&rsquo;un certain nombre de choses, entre autres de YAMEN, un programme commun du Comit\u00e9 Central Mennonite et de la CMM. J&rsquo;\u00e9tais content qu&rsquo;ils soient dispos\u00e9s \u00e0 consid\u00e9rer cette possibilit\u00e9. Recevoir et envoyer des b\u00e9n\u00e9voles c&rsquo;est l&rsquo;occasion d&rsquo;apprendre et de cro\u00eetre au travers du partage d\u2019exp\u00e9riences de vie et la possibilit\u00e9 de s&rsquo;impliquer dans l&rsquo;\u0153uvre du corps du Christ au sens large.<\/p>\n<p align=\"left\">Comme d&rsquo;autres \u00e9glises dans le monde, les \u00e9glises japonaises font face \u00e0 de nombreuses difficult\u00e9s. C&rsquo;est notre devoir et notre responsabilit\u00e9 de marcher avec Dieu, non pas tout seul, mais ensemble, avec nos fr\u00e8res et s\u0153urs partout dans le monde.<\/p>\n<p align=\"left\">Sur le chemin du retour, je m\u00e9ditais sur ce que j&rsquo;avais appris ; l&rsquo;essentiel c&rsquo;est la relation en Christ. Merci Seigneur de renouveler nos relations au travers du Christ !<\/p>\n<p align=\"left\"><em>\u2014KyongJung Kim, Repr\u00e9sentant regional, Asie du Nord-Est, Conf\u00e9rence Mennonite Mondiale<\/em><\/p>\n<p align=\"left\">\n","protected":false},"excerpt":{"rendered":"<p>NULL<\/p>\n","protected":false},"author":1,"featured_media":88206,"comment_status":"closed","ping_status":"closed","sticky":false,"template":"","format":"standard","meta":{"_acf_changed":false,"footnotes":""},"categories":[7],"tags":[],"network":[],"eventcategory":[],"class_list":["post-9824","post","type-post","status-publish","format-standard","has-post-thumbnail","hentry","category-non-classifiee"],"acf":[],"yoast_head":"<!-- This site is optimized with the Yoast SEO plugin v27.5 - https:\/\/yoast.com\/product\/yoast-seo-wordpress\/ -->\n<title>Nous avons besoin les uns des autres - Mennonite World Conference<\/title>\n<meta name=\"robots\" content=\"index, follow, max-snippet:-1, max-image-preview:large, max-video-preview:-1\" \/>\n<link rel=\"canonical\" href=\"https:\/\/mwc-cmm.org\/en\/stories\/we-need-each-other\/\" \/>\n<meta property=\"og:locale\" content=\"fr_FR\" \/>\n<meta property=\"og:type\" content=\"article\" \/>\n<meta property=\"og:title\" content=\"Nous avons besoin les uns des autres - Mennonite World Conference\" \/>\n<meta property=\"og:description\" content=\"NULL\" \/>\n<meta property=\"og:url\" content=\"https:\/\/mwc-cmm.org\/en\/stories\/we-need-each-other\/\" \/>\n<meta property=\"og:site_name\" content=\"Mennonite World Conference\" \/>\n<meta property=\"article:publisher\" content=\"https:\/\/www.facebook.com\/MennoniteWorldConference\" \/>\n<meta property=\"article:published_time\" content=\"2016-09-26T00:00:00+00:00\" \/>\n<meta property=\"article:modified_time\" content=\"2024-12-10T17:14:21+00:00\" \/>\n<meta property=\"og:image\" content=\"https:\/\/mwc-cmm.org\/wp-content\/uploads\/2024\/11\/kyongjung_kim_-_img_2980-small.jpg\" \/>\n\t<meta property=\"og:image:width\" content=\"1500\" \/>\n\t<meta property=\"og:image:height\" content=\"1125\" \/>\n\t<meta property=\"og:image:type\" content=\"image\/jpeg\" \/>\n<meta name=\"author\" content=\"mennworldcon\" \/>\n<script type=\"application\/ld+json\" class=\"yoast-schema-graph\">{\"@context\":\"https:\\\/\\\/schema.org\",\"@graph\":[{\"@type\":\"Article\",\"@id\":\"https:\\\/\\\/mwc-cmm.org\\\/en\\\/stories\\\/we-need-each-other\\\/#article\",\"isPartOf\":{\"@id\":\"https:\\\/\\\/mwc-cmm.org\\\/en\\\/stories\\\/we-need-each-other\\\/\"},\"author\":{\"name\":\"mennworldcon\",\"@id\":\"https:\\\/\\\/mwc-cmm.org\\\/en\\\/#\\\/schema\\\/person\\\/11f6ae0d7d1868ba20a1cc27f067c836\"},\"headline\":\"Nous avons besoin les uns des autres\",\"datePublished\":\"2016-09-26T00:00:00+00:00\",\"dateModified\":\"2024-12-10T17:14:21+00:00\",\"mainEntityOfPage\":{\"@id\":\"https:\\\/\\\/mwc-cmm.org\\\/en\\\/stories\\\/we-need-each-other\\\/\"},\"wordCount\":873,\"publisher\":{\"@id\":\"https:\\\/\\\/mwc-cmm.org\\\/en\\\/#organization\"},\"image\":{\"@id\":\"https:\\\/\\\/mwc-cmm.org\\\/en\\\/stories\\\/we-need-each-other\\\/#primaryimage\"},\"thumbnailUrl\":\"https:\\\/\\\/mwc-cmm.org\\\/wp-content\\\/uploads\\\/2024\\\/11\\\/kyongjung_kim_-_img_2980-small.jpg\",\"articleSection\":[\"Non classifi\u00e9(e)\"],\"inLanguage\":\"fr-FR\"},{\"@type\":\"WebPage\",\"@id\":\"https:\\\/\\\/mwc-cmm.org\\\/en\\\/stories\\\/we-need-each-other\\\/\",\"url\":\"https:\\\/\\\/mwc-cmm.org\\\/en\\\/stories\\\/we-need-each-other\\\/\",\"name\":\"Nous avons besoin les uns des autres - Mennonite World Conference\",\"isPartOf\":{\"@id\":\"https:\\\/\\\/mwc-cmm.org\\\/en\\\/#website\"},\"primaryImageOfPage\":{\"@id\":\"https:\\\/\\\/mwc-cmm.org\\\/en\\\/stories\\\/we-need-each-other\\\/#primaryimage\"},\"image\":{\"@id\":\"https:\\\/\\\/mwc-cmm.org\\\/en\\\/stories\\\/we-need-each-other\\\/#primaryimage\"},\"thumbnailUrl\":\"https:\\\/\\\/mwc-cmm.org\\\/wp-content\\\/uploads\\\/2024\\\/11\\\/kyongjung_kim_-_img_2980-small.jpg\",\"datePublished\":\"2016-09-26T00:00:00+00:00\",\"dateModified\":\"2024-12-10T17:14:21+00:00\",\"breadcrumb\":{\"@id\":\"https:\\\/\\\/mwc-cmm.org\\\/en\\\/stories\\\/we-need-each-other\\\/#breadcrumb\"},\"inLanguage\":\"fr-FR\",\"potentialAction\":[{\"@type\":\"ReadAction\",\"target\":[\"https:\\\/\\\/mwc-cmm.org\\\/en\\\/stories\\\/we-need-each-other\\\/\"]}]},{\"@type\":\"ImageObject\",\"inLanguage\":\"fr-FR\",\"@id\":\"https:\\\/\\\/mwc-cmm.org\\\/en\\\/stories\\\/we-need-each-other\\\/#primaryimage\",\"url\":\"https:\\\/\\\/mwc-cmm.org\\\/wp-content\\\/uploads\\\/2024\\\/11\\\/kyongjung_kim_-_img_2980-small.jpg\",\"contentUrl\":\"https:\\\/\\\/mwc-cmm.org\\\/wp-content\\\/uploads\\\/2024\\\/11\\\/kyongjung_kim_-_img_2980-small.jpg\",\"width\":1500,\"height\":1125},{\"@type\":\"BreadcrumbList\",\"@id\":\"https:\\\/\\\/mwc-cmm.org\\\/en\\\/stories\\\/we-need-each-other\\\/#breadcrumb\",\"itemListElement\":[{\"@type\":\"ListItem\",\"position\":1,\"name\":\"Home\",\"item\":\"https:\\\/\\\/mwc-cmm.org\\\/fr\\\/\"},{\"@type\":\"ListItem\",\"position\":2,\"name\":\"Nous avons besoin les uns des autres\"}]},{\"@type\":\"WebSite\",\"@id\":\"https:\\\/\\\/mwc-cmm.org\\\/en\\\/#website\",\"url\":\"https:\\\/\\\/mwc-cmm.org\\\/en\\\/\",\"name\":\"Mennonite World Conference\",\"description\":\"A communion of Anabaptist-related churches\",\"publisher\":{\"@id\":\"https:\\\/\\\/mwc-cmm.org\\\/en\\\/#organization\"},\"alternateName\":\"MWC\",\"potentialAction\":[{\"@type\":\"SearchAction\",\"target\":{\"@type\":\"EntryPoint\",\"urlTemplate\":\"https:\\\/\\\/mwc-cmm.org\\\/en\\\/?s={search_term_string}\"},\"query-input\":{\"@type\":\"PropertyValueSpecification\",\"valueRequired\":true,\"valueName\":\"search_term_string\"}}],\"inLanguage\":\"fr-FR\"},{\"@type\":\"Organization\",\"@id\":\"https:\\\/\\\/mwc-cmm.org\\\/en\\\/#organization\",\"name\":\"Mennonite World Conference\",\"alternateName\":\"MWC\",\"url\":\"https:\\\/\\\/mwc-cmm.org\\\/en\\\/\",\"logo\":{\"@type\":\"ImageObject\",\"inLanguage\":\"fr-FR\",\"@id\":\"https:\\\/\\\/mwc-cmm.org\\\/en\\\/#\\\/schema\\\/logo\\\/image\\\/\",\"url\":\"https:\\\/\\\/mwc-cmm.org\\\/wp-content\\\/uploads\\\/2026\\\/01\\\/MWC_Sig_Blue_Horiz_webheader1-logo.svg\",\"contentUrl\":\"https:\\\/\\\/mwc-cmm.org\\\/wp-content\\\/uploads\\\/2026\\\/01\\\/MWC_Sig_Blue_Horiz_webheader1-logo.svg\",\"width\":786,\"height\":82,\"caption\":\"Mennonite World Conference\"},\"image\":{\"@id\":\"https:\\\/\\\/mwc-cmm.org\\\/en\\\/#\\\/schema\\\/logo\\\/image\\\/\"},\"sameAs\":[\"https:\\\/\\\/www.facebook.com\\\/MennoniteWorldConference\",\"https:\\\/\\\/www.linkedin.com\\\/company\\\/mennonite-world-conference-mwc\\\/\",\"https:\\\/\\\/www.instagram.com\\\/mwcmm\\\/\",\"https:\\\/\\\/www.youtube.com\\\/user\\\/mwccmm\",\"https:\\\/\\\/bsky.app\\\/profile\\\/mwcmm.bsky.social\"]},{\"@type\":\"Person\",\"@id\":\"https:\\\/\\\/mwc-cmm.org\\\/en\\\/#\\\/schema\\\/person\\\/11f6ae0d7d1868ba20a1cc27f067c836\",\"name\":\"mennworldcon\",\"image\":{\"@type\":\"ImageObject\",\"inLanguage\":\"fr-FR\",\"@id\":\"https:\\\/\\\/secure.gravatar.com\\\/avatar\\\/06fdc0dc81c157dfdb82ec42f252178a22307808988d22c043f9eb96f1e0fe80?s=96&d=mm&r=g\",\"url\":\"https:\\\/\\\/secure.gravatar.com\\\/avatar\\\/06fdc0dc81c157dfdb82ec42f252178a22307808988d22c043f9eb96f1e0fe80?s=96&d=mm&r=g\",\"contentUrl\":\"https:\\\/\\\/secure.gravatar.com\\\/avatar\\\/06fdc0dc81c157dfdb82ec42f252178a22307808988d22c043f9eb96f1e0fe80?s=96&d=mm&r=g\",\"caption\":\"mennworldcon\"},\"sameAs\":[\"https:\\\/\\\/mwc-cmm.org\"],\"url\":\"https:\\\/\\\/mwc-cmm.org\\\/fr\\\/stories\\\/author\\\/mennworldcon\\\/\"}]}<\/script>\n<!-- \/ Yoast SEO plugin. -->","yoast_head_json":{"title":"Nous avons besoin les uns des autres - Mennonite World Conference","robots":{"index":"index","follow":"follow","max-snippet":"max-snippet:-1","max-image-preview":"max-image-preview:large","max-video-preview":"max-video-preview:-1"},"canonical":"https:\/\/mwc-cmm.org\/en\/stories\/we-need-each-other\/","og_locale":"fr_FR","og_type":"article","og_title":"Nous avons besoin les uns des autres - Mennonite World Conference","og_description":"NULL","og_url":"https:\/\/mwc-cmm.org\/en\/stories\/we-need-each-other\/","og_site_name":"Mennonite World Conference","article_publisher":"https:\/\/www.facebook.com\/MennoniteWorldConference","article_published_time":"2016-09-26T00:00:00+00:00","article_modified_time":"2024-12-10T17:14:21+00:00","og_image":[{"width":1500,"height":1125,"url":"https:\/\/mwc-cmm.org\/wp-content\/uploads\/2024\/11\/kyongjung_kim_-_img_2980-small.jpg","type":"image\/jpeg"}],"author":"mennworldcon","schema":{"@context":"https:\/\/schema.org","@graph":[{"@type":"Article","@id":"https:\/\/mwc-cmm.org\/en\/stories\/we-need-each-other\/#article","isPartOf":{"@id":"https:\/\/mwc-cmm.org\/en\/stories\/we-need-each-other\/"},"author":{"name":"mennworldcon","@id":"https:\/\/mwc-cmm.org\/en\/#\/schema\/person\/11f6ae0d7d1868ba20a1cc27f067c836"},"headline":"Nous avons besoin les uns des autres","datePublished":"2016-09-26T00:00:00+00:00","dateModified":"2024-12-10T17:14:21+00:00","mainEntityOfPage":{"@id":"https:\/\/mwc-cmm.org\/en\/stories\/we-need-each-other\/"},"wordCount":873,"publisher":{"@id":"https:\/\/mwc-cmm.org\/en\/#organization"},"image":{"@id":"https:\/\/mwc-cmm.org\/en\/stories\/we-need-each-other\/#primaryimage"},"thumbnailUrl":"https:\/\/mwc-cmm.org\/wp-content\/uploads\/2024\/11\/kyongjung_kim_-_img_2980-small.jpg","articleSection":["Non classifi\u00e9(e)"],"inLanguage":"fr-FR"},{"@type":"WebPage","@id":"https:\/\/mwc-cmm.org\/en\/stories\/we-need-each-other\/","url":"https:\/\/mwc-cmm.org\/en\/stories\/we-need-each-other\/","name":"Nous avons besoin les uns des autres - Mennonite World Conference","isPartOf":{"@id":"https:\/\/mwc-cmm.org\/en\/#website"},"primaryImageOfPage":{"@id":"https:\/\/mwc-cmm.org\/en\/stories\/we-need-each-other\/#primaryimage"},"image":{"@id":"https:\/\/mwc-cmm.org\/en\/stories\/we-need-each-other\/#primaryimage"},"thumbnailUrl":"https:\/\/mwc-cmm.org\/wp-content\/uploads\/2024\/11\/kyongjung_kim_-_img_2980-small.jpg","datePublished":"2016-09-26T00:00:00+00:00","dateModified":"2024-12-10T17:14:21+00:00","breadcrumb":{"@id":"https:\/\/mwc-cmm.org\/en\/stories\/we-need-each-other\/#breadcrumb"},"inLanguage":"fr-FR","potentialAction":[{"@type":"ReadAction","target":["https:\/\/mwc-cmm.org\/en\/stories\/we-need-each-other\/"]}]},{"@type":"ImageObject","inLanguage":"fr-FR","@id":"https:\/\/mwc-cmm.org\/en\/stories\/we-need-each-other\/#primaryimage","url":"https:\/\/mwc-cmm.org\/wp-content\/uploads\/2024\/11\/kyongjung_kim_-_img_2980-small.jpg","contentUrl":"https:\/\/mwc-cmm.org\/wp-content\/uploads\/2024\/11\/kyongjung_kim_-_img_2980-small.jpg","width":1500,"height":1125},{"@type":"BreadcrumbList","@id":"https:\/\/mwc-cmm.org\/en\/stories\/we-need-each-other\/#breadcrumb","itemListElement":[{"@type":"ListItem","position":1,"name":"Home","item":"https:\/\/mwc-cmm.org\/fr\/"},{"@type":"ListItem","position":2,"name":"Nous avons besoin les uns des autres"}]},{"@type":"WebSite","@id":"https:\/\/mwc-cmm.org\/en\/#website","url":"https:\/\/mwc-cmm.org\/en\/","name":"Mennonite World Conference","description":"A communion of Anabaptist-related churches","publisher":{"@id":"https:\/\/mwc-cmm.org\/en\/#organization"},"alternateName":"MWC","potentialAction":[{"@type":"SearchAction","target":{"@type":"EntryPoint","urlTemplate":"https:\/\/mwc-cmm.org\/en\/?s={search_term_string}"},"query-input":{"@type":"PropertyValueSpecification","valueRequired":true,"valueName":"search_term_string"}}],"inLanguage":"fr-FR"},{"@type":"Organization","@id":"https:\/\/mwc-cmm.org\/en\/#organization","name":"Mennonite World Conference","alternateName":"MWC","url":"https:\/\/mwc-cmm.org\/en\/","logo":{"@type":"ImageObject","inLanguage":"fr-FR","@id":"https:\/\/mwc-cmm.org\/en\/#\/schema\/logo\/image\/","url":"https:\/\/mwc-cmm.org\/wp-content\/uploads\/2026\/01\/MWC_Sig_Blue_Horiz_webheader1-logo.svg","contentUrl":"https:\/\/mwc-cmm.org\/wp-content\/uploads\/2026\/01\/MWC_Sig_Blue_Horiz_webheader1-logo.svg","width":786,"height":82,"caption":"Mennonite World Conference"},"image":{"@id":"https:\/\/mwc-cmm.org\/en\/#\/schema\/logo\/image\/"},"sameAs":["https:\/\/www.facebook.com\/MennoniteWorldConference","https:\/\/www.linkedin.com\/company\/mennonite-world-conference-mwc\/","https:\/\/www.instagram.com\/mwcmm\/","https:\/\/www.youtube.com\/user\/mwccmm","https:\/\/bsky.app\/profile\/mwcmm.bsky.social"]},{"@type":"Person","@id":"https:\/\/mwc-cmm.org\/en\/#\/schema\/person\/11f6ae0d7d1868ba20a1cc27f067c836","name":"mennworldcon","image":{"@type":"ImageObject","inLanguage":"fr-FR","@id":"https:\/\/secure.gravatar.com\/avatar\/06fdc0dc81c157dfdb82ec42f252178a22307808988d22c043f9eb96f1e0fe80?s=96&d=mm&r=g","url":"https:\/\/secure.gravatar.com\/avatar\/06fdc0dc81c157dfdb82ec42f252178a22307808988d22c043f9eb96f1e0fe80?s=96&d=mm&r=g","contentUrl":"https:\/\/secure.gravatar.com\/avatar\/06fdc0dc81c157dfdb82ec42f252178a22307808988d22c043f9eb96f1e0fe80?s=96&d=mm&r=g","caption":"mennworldcon"},"sameAs":["https:\/\/mwc-cmm.org"],"url":"https:\/\/mwc-cmm.org\/fr\/stories\/author\/mennworldcon\/"}]}},"_links":{"self":[{"href":"https:\/\/mwc-cmm.org\/fr\/wp-json\/wp\/v2\/posts\/9824","targetHints":{"allow":["GET"]}}],"collection":[{"href":"https:\/\/mwc-cmm.org\/fr\/wp-json\/wp\/v2\/posts"}],"about":[{"href":"https:\/\/mwc-cmm.org\/fr\/wp-json\/wp\/v2\/types\/post"}],"author":[{"embeddable":true,"href":"https:\/\/mwc-cmm.org\/fr\/wp-json\/wp\/v2\/users\/1"}],"replies":[{"embeddable":true,"href":"https:\/\/mwc-cmm.org\/fr\/wp-json\/wp\/v2\/comments?post=9824"}],"version-history":[{"count":0,"href":"https:\/\/mwc-cmm.org\/fr\/wp-json\/wp\/v2\/posts\/9824\/revisions"}],"wp:featuredmedia":[{"embeddable":true,"href":"https:\/\/mwc-cmm.org\/fr\/wp-json\/wp\/v2\/media\/88206"}],"wp:attachment":[{"href":"https:\/\/mwc-cmm.org\/fr\/wp-json\/wp\/v2\/media?parent=9824"}],"wp:term":[{"taxonomy":"category","embeddable":true,"href":"https:\/\/mwc-cmm.org\/fr\/wp-json\/wp\/v2\/categories?post=9824"},{"taxonomy":"post_tag","embeddable":true,"href":"https:\/\/mwc-cmm.org\/fr\/wp-json\/wp\/v2\/tags?post=9824"},{"taxonomy":"network","embeddable":true,"href":"https:\/\/mwc-cmm.org\/fr\/wp-json\/wp\/v2\/network?post=9824"},{"taxonomy":"eventcategory","embeddable":true,"href":"https:\/\/mwc-cmm.org\/fr\/wp-json\/wp\/v2\/eventcategory?post=9824"}],"curies":[{"name":"wp","href":"https:\/\/api.w.org\/{rel}","templated":true}]}}