{"id":9823,"date":"2016-09-21T00:00:00","date_gmt":"2016-09-21T00:00:00","guid":{"rendered":"https:\/\/mwc-cmm.org\/unity-in-the-global-family-4\/"},"modified":"2024-12-10T17:14:20","modified_gmt":"2024-12-10T17:14:20","slug":"unity-in-the-global-family-4","status":"publish","type":"post","link":"https:\/\/mwc-cmm.org\/fr\/stories\/unity-in-the-global-family-4\/","title":{"rendered":"Unit\u00e9 dans la famille mondiale"},"content":{"rendered":"<hr \/>\n<div class=\"OutlineElement Ltr SCX58710275\" style=\"margin: 0px; padding: 0px; -webkit-user-select: text; -webkit-user-drag: none; -webkit-tap-highlight-color: transparent; overflow: visible; cursor: text; clear: both; position: relative; direction: ltr; font-family: \"Segoe UI\", Tahoma, Verdana, sans-serif; font-size: 8px;\">\n<p class=\"Paragraph SCX58710275\" paraeid=\"{e8c2d9bf-b5e9-4433-afa4-4b64e07655de}{157}\" paraid=\"283943987\" style=\"margin: 0px; padding: 0px; -webkit-user-select: text; -webkit-user-drag: none; -webkit-tap-highlight-color: transparent; word-wrap: break-word; vertical-align: baseline; background-color: transparent; color: windowtext; font-size: 6pt;\"><span style=\"font-family:arial,helvetica,sans-serif;\"><span style=\"font-size:14px;\"><em style=\"font-family: Helvetica, Arial, \"Nimbus Sans L\", sans-serif; font-size: 15px;\">Comme les quatre cavit\u00e9s du c\u0153ur, les quatre commissions de la CMM servent la communaut\u00e9 mondiale des \u00e9glises anabaptistes dans les domaines suivants : diacres, foi et vie, paix et mission. Les commissions pr\u00e9parent du mat\u00e9riel \u00e0 l\u2019intention du Conseil G\u00e9n\u00e9ral, donnent des conseils et proposent des ressources aux \u00e9glises membres et facilitent le travail des r\u00e9seaux ou des fraternit\u00e9s de la CMM qui \u0153uvrent ensemble sur des questions et des pr\u00e9occupations d\u2019int\u00e9r\u00eat commun. Ci-dessous, une des commissions communique un message de leur minist\u00e8re.<\/em><\/span><\/span><\/p>\n<hr \/>\n<p style=\"color: rgb(0, 0, 0); font-family: \"Times New Roman\"; font-size: medium;\"><span style=\"font-family:arial,helvetica,sans-serif;\"><span style=\"font-size:14px;\"><strong>Commission Mission<\/strong><\/span><\/span><\/p>\n<p style=\"color: rgb(0, 0, 0); font-family: \"Times New Roman\"; font-size: medium;\"><span style=\"font-family:arial,helvetica,sans-serif;\"><span style=\"font-size:14px;\">Le but de la Commission Mission de la CMM est de cr\u00e9er et de construire un nouveau partenariat international de la mission au sein d&rsquo;un corps du Christ qui s&rsquo;\u00e9tend sur tous les continents. Nous voulons un partenariat qui soit enracin\u00e9 dans l&rsquo;amour mutuel, bas\u00e9 sur la soumission mutuelle et qui participe au partage \u00e9conomique tout en refusant le paternalisme ou la d\u00e9pendance malsaine.<\/span><\/span><\/p>\n<p style=\"color: rgb(0, 0, 0); font-family: \"Times New Roman\"; font-size: medium;\"><span style=\"font-family:arial,helvetica,sans-serif;\"><span style=\"font-size:14px;\">Et nous recherchons cela non seulement comme une d\u00e9monstration de notre unit\u00e9 en Christ, mais aussi pour le bien de la mission de Dieu dans le monde entier.<\/span><\/span><\/p>\n<p style=\"color: rgb(0, 0, 0); font-family: \"Times New Roman\"; font-size: medium;\"><span style=\"font-family:arial,helvetica,sans-serif;\"><span style=\"font-size:14px;\"><strong>L&rsquo;histoire est un guide<\/strong><\/span><\/span><\/p>\n<p style=\"color: rgb(0, 0, 0); font-family: \"Times New Roman\"; font-size: medium;\"><span style=\"font-family:arial,helvetica,sans-serif;\"><span style=\"font-size:14px;\">La Bible relate les actes d&rsquo;amour de Dieu envers la cr\u00e9ation et le r\u00f4le r\u00e9dempteur de Dieu au travers de l&rsquo;histoire. En cons\u00e9quence de la r\u00e9bellion et du p\u00e9ch\u00e9 humain, le monde que Dieu a voulu bon est d\u00e9form\u00e9 et d\u00e9truit. La peur, l&rsquo;orgueil, l&rsquo;avarice et l&rsquo;ambition \u00e9go\u00efste ont amen\u00e9 \u00e0 la s\u00e9paration d&rsquo;avec Dieu et \u00e0 l&rsquo;isolement entre les hommes. Les cons\u00e9quences de cet isolement sont la haine, la violence, la guerre, l&rsquo;oppression et l&rsquo;injustice.<\/span><\/span><\/p>\n<p style=\"color: rgb(0, 0, 0); font-family: \"Times New Roman\"; font-size: medium;\"><span style=\"font-family:arial,helvetica,sans-serif;\"><span style=\"font-size:14px;\">Le dessin de Dieu, r\u00e9v\u00e9l\u00e9 au travers de J\u00e9sus, est de mettre un terme \u00e0 la haine et \u00e0 la peur, \u00e0 la pauvret\u00e9 et \u00e0 l&rsquo;injustice et de cr\u00e9er une nouvelle famille form\u00e9e de toutes les cultures, de toutes les langues, et de toutes les ethnicit\u00e9s.<\/span><\/span><\/p>\n<p style=\"color: rgb(0, 0, 0); font-family: \"Times New Roman\"; font-size: medium;\"><span style=\"font-family:arial,helvetica,sans-serif;\"><span style=\"font-size:14px;\">Apr\u00e8s l\u2019ascension du Christ, l&rsquo;\u00e9glise fut constitu\u00e9e par l&rsquo;Esprit de Dieu pour proclamer et incarner la bonne nouvelle que, par la vie, la mort et la r\u00e9surrection de J\u00e9sus, Dieu est r\u00e9concili\u00e9 avec toute l&rsquo;humanit\u00e9 et que toute la cr\u00e9ation est restaur\u00e9e. La diversit\u00e9, c&rsquo;est la richesse que Dieu nous offre en cadeau.<\/span><\/span><\/p>\n<p style=\"color: rgb(0, 0, 0); font-family: \"Times New Roman\"; font-size: medium;\"><span style=\"font-family:arial,helvetica,sans-serif;\"><span style=\"font-size:14px;\"><strong>La source in\u00e9puisable de notre mission<\/strong><\/span><\/span><\/p>\n<p style=\"color: rgb(0, 0, 0); font-family: \"Times New Roman\"; font-size: medium;\"><span style=\"font-family:arial,helvetica,sans-serif;\"><span style=\"font-size:14px;\">La promesse de Dieu de b\u00e9nir toutes les nations sur la terre est la source de notre mission. L&rsquo;intention de Dieu est de cr\u00e9er un peuple form\u00e9 de chaque tribu et nation et qui refl\u00e8te la gloire de Dieu par son unit\u00e9. En suivant Dieu, nous rejetons le d\u00e9mon du racisme et de la fiert\u00e9 ethnocentrique.<\/span><\/span><\/p>\n<p style=\"color: rgb(0, 0, 0); font-family: \"Times New Roman\"; font-size: medium;\"><span style=\"font-family:arial,helvetica,sans-serif;\"><span style=\"font-size:14px;\">La mission de l&rsquo;\u00e9glise de J\u00e9sus Christ demande que nous agissions avec justice et gr\u00e2ce, et que nous traitions avec respect, dignit\u00e9 et compassion toute personne et tout groupe \u00e0 cause de la valeur qu&rsquo;ils ont aux yeux de Dieu. Cela nous engage aussi \u00e0 d\u00e9noncer et \u00e0 r\u00e9sister contre chaque syst\u00e8me et chaque acte qui exploite ceux qui sont pauvres, faibles et vuln\u00e9rables.<\/span><\/span><\/p>\n<p style=\"color: rgb(0, 0, 0); font-family: \"Times New Roman\"; font-size: medium;\"><span style=\"font-family:arial,helvetica,sans-serif;\"><span style=\"font-size:14px;\">Nous croyons que l&rsquo;unit\u00e9 est un don de l&rsquo;Esprit, elle ne vient pas de nous. En m\u00eame temps, nous voyons la pr\u00e9servation de notre unit\u00e9 visible comme une expression concr\u00e8te de l&rsquo;amour et donc<\/span><\/span><\/p>\n<p style=\"color: rgb(0, 0, 0); font-family: \"Times New Roman\"; font-size: medium;\"><span style=\"font-family:arial,helvetica,sans-serif;\"><span style=\"font-size:14px;\">comme une dimension primordiale de notre mission. Lorsque J\u00e9sus prie pour l&rsquo;unit\u00e9 de ses disciples et leur ordonne de s&rsquo;aimer les uns les autres, c&rsquo;est pour le bien de la mission de Dieu (\u00ab et qu\u2019ainsi le monde puisse conna\u00eetre que c\u2019est toi [le P\u00e8re] qui m\u2019as envoy\u00e9 \u00bb [Jean 17:23]).<\/span><\/span><\/p>\n<p style=\"color: rgb(0, 0, 0); font-family: \"Times New Roman\"; font-size: medium;\"><span style=\"font-family:arial,helvetica,sans-serif;\"><span style=\"font-size:14px;\">Il n&rsquo;y a pas de demonstration plus puissante de l&rsquo;authenticit\u00e9 de la bonne nouvelle que lorsque les disciples de J\u00e9sus se r\u00e9concilient et sont unis dans l&rsquo;amour au del\u00e0 des barri\u00e8res des ethnies, de la couleur de peau, du sexe, des classes sociales, des statuts \u00e9conomiques, des appartenances politiques ou du pays d&rsquo;origine. De la m\u00eame fa\u00e7on, il y a peu de choses qui d\u00e9truisent notre cr\u00e9dibilit\u00e9 et notre t\u00e9moignage autant que lorsque, nous chr\u00e9tiens, nous nous isolons les uns des autres et nous tol\u00e9rons ou intensifions les divisions entre nous.<\/span><\/span><\/p>\n<p style=\"color: rgb(0, 0, 0); font-family: \"Times New Roman\"; font-size: medium;\"><span style=\"font-family:arial,helvetica,sans-serif;\"><span style=\"font-size:14px;\"><strong>Le d\u00e9fi de la diff\u00e9rence<\/strong><\/span><\/span><\/p>\n<p style=\"color: rgb(0, 0, 0); font-family: \"Times New Roman\"; font-size: medium;\"><span style=\"font-family:arial,helvetica,sans-serif;\"><span style=\"font-size:14px;\">Un des d\u00e9fis que l&rsquo;on rencontre dans la communaut\u00e9 mondiale est celui de g\u00e9rer nos diff\u00e9rences. Le canon biblique nous donne des pistes pour savoir comment garder un \u00e9quilibre entre unit\u00e9 et diversit\u00e9. Un des aspects essentiels de notre Bible est le m\u00e9lange de genres litt\u00e9raires et, tout \u00e0 la fois, le maintient d&rsquo;une unit\u00e9 et d&rsquo;une coh\u00e9rence. Elle contient des documents l\u00e9gaux, des g\u00e9n\u00e9alogies, des notes historiques, des r\u00e9cits de voyages, etc., ainsi qu&rsquo;une diversit\u00e9 d&rsquo;auteurs, de sujets, de styles et d\u2019\u00e9poques.<\/span><\/span><\/p>\n<p style=\"color: rgb(0, 0, 0); font-family: \"Times New Roman\"; font-size: medium;\"><span style=\"font-family:arial,helvetica,sans-serif;\"><span style=\"font-size:14px;\">Notre Bible permet cette diversit\u00e9 au sein de l&rsquo;unit\u00e9. La compilation du canon biblique est la d\u00e9monstration que, guid\u00e9e par l&rsquo;Esprit Saint, l&rsquo;\u00e9glise primitive a choisit de garder les quatre \u00e9vangiles, chacun avec un ton distinct et particulier.<\/span><\/span><\/p>\n<p style=\"color: rgb(0, 0, 0); font-family: \"Times New Roman\"; font-size: medium;\"><span style=\"font-family:arial,helvetica,sans-serif;\"><span style=\"font-size:14px;\">L&rsquo;image du diapason est une autre m\u00e9taphore de la diversit\u00e9. Cet instrument sert \u00e0 harmoniser l&rsquo;orchestre (une vari\u00e9t\u00e9 d&rsquo;instruments, de sons et de timbres) \u00e0 une note sp\u00e9cifique. La pr\u00e9sence du diapason n&rsquo;efface pas les diff\u00e9rences des instruments de musique, mais elle accorde les notes pour que ces instruments disparates puissent jouer ensemble un air magnifique.<\/span><\/span><\/p>\n<p style=\"color: rgb(0, 0, 0); font-family: \"Times New Roman\"; font-size: medium;\"><span style=\"font-family:arial,helvetica,sans-serif;\"><span style=\"font-size:14px;\">Entant que communaut\u00e9s de foi, notre devoir est de partager l&rsquo;amour r\u00e9dempteur de notre Dieu. Le Christ est notre diapason. Lorsque nous nous accordons sur le Christ, il est plus facile de distinguer les choses non-essentielles qui nous divisent. Ainsi, nous construisons le royaume de Dieu au milieu de la diversit\u00e9.<\/span><\/span><\/p>\n<p style=\"color: rgb(0, 0, 0); font-family: \"Times New Roman\"; font-size: medium;\"><span style=\"font-family:arial,helvetica,sans-serif;\"><span style=\"font-size:14px;\">Atteindre notre objectif requiert un engagement in\u00e9branlable \u00e0 \u00eatre honn\u00eate et solidaire. Dans un esprit d&rsquo;amour et de pardon, nous devons parler honn\u00eatement les uns avec les autres des obstacles \u00e0 la communaut\u00e9 authentique. L&rsquo;amour mutuel demande aussi une solidarit\u00e9 des uns envers les autres. Nous devons \u00eatre pr\u00eats \u00e0 partager les luttes et la souffrance des uns et des autres, et d\u00e9sireux d&rsquo;offrir notre soutient, nos pri\u00e8res et notre accompagnement dans les d\u00e9fis que nous affrontons alors que nous vivons l\u2019\u00e9vangile.<\/span><\/span><\/p>\n<p style=\"color: rgb(0, 0, 0); font-family: \"Times New Roman\"; font-size: medium;\"><span style=\"font-family:arial,helvetica,sans-serif;\"><span style=\"font-size:14px;\">Alors, pourquoi le travail de la Commission Mission est-il important ?<\/span><\/span><\/p>\n<p style=\"color: rgb(0, 0, 0); font-family: \"Times New Roman\"; font-size: medium;\"><span style=\"font-family:arial,helvetica,sans-serif;\"><span style=\"font-size:14px;\">Il est important parce que, entant que corps du Christ, l&rsquo;\u00e9glise est la bonne nouvelle de Dieu dans un monde bris\u00e9 et en souffrance. Dans son livre, The Gospel in a Pluralist Society*, Lesslie Newbigin d\u00e9crit l&rsquo;\u00e9glise comme un \u00ab signe, un instrument et un avant-gout \u00bb du royaume de Dieu. Devant un monde qui nous regarde, nous sommes appel\u00e9s, au travers de notre unit\u00e9, de notre amour et de notre partage, \u00e0 \u00eatre le reflet de la r\u00e9conciliation que Dieu a accompli en Jesus Christ. Nous ne vivons plus pour nous-m\u00eame, mais pour le monde que Dieu aime et cherche \u00e0 b\u00e9nir \u00e0 travers nous (Gen\u00e8se 12 :3).<\/span><\/span><\/p>\n<p style=\"color: rgb(0, 0, 0); font-family: \"Times New Roman\"; font-size: medium;\"><span style=\"font-family:arial,helvetica,sans-serif;\"><span style=\"font-size:14px;\"><em>\u201a\u00c4\u00eeStanley W. Green et Rafael Zaracho, pr\u00e9sidente et secretaire de la Commission Mission de la CMM<\/em><\/span><\/span><\/p>\n<p style=\"color: rgb(0, 0, 0); font-family: \"Times New Roman\"; font-size: medium;\"><span style=\"font-family:arial,helvetica,sans-serif;\"><span style=\"font-size:14px;\">*(Eerdmans, 1989, p. 233)<\/span><\/span><\/p>\n<\/div>\n<div>\u00ac\u2020<\/div>\n<div>\n<table border=\"0\" cellpadding=\"1\" cellspacing=\"1\">\n<tbody>\n<tr>\n<td>\n<p><img decoding=\"async\" alt=\"\" data-src=\"https:\/\/mwc-cmm.org\/wp-content\/uploads\/2024\/10\/rafael_zaracho2foll.jpg\" style=\"--smush-image-width: 269px; --smush-image-aspect-ratio: 269\/315;width: 130px; height: 152px; border-width: 1px; border-style: solid;\" width=\"269\" class=\"smush-dimensions lazyload\" src=\"data:image\/svg+xml;base64,PHN2ZyB3aWR0aD0iMSIgaGVpZ2h0PSIxIiB4bWxucz0iaHR0cDovL3d3dy53My5vcmcvMjAwMC9zdmciPjwvc3ZnPg==\" \/><\/p>\n<p style=\"text-align: center;\"><span style=\"font-family:arial,helvetica,sans-serif;\">Rafael Zaracho<\/span><\/p>\n<\/td>\n<td>\n<p><img decoding=\"async\" alt=\"\" data-src=\"https:\/\/mwc-cmm.org\/wp-content\/uploads\/2024\/10\/stanely_green_fol_920_0.jpg\" style=\"--smush-image-width: 1656px; --smush-image-aspect-ratio: 1656\/2000;width: 120px; height: 145px; border-width: 1px; border-style: solid; margin-right: 150px; margin-left: 150px;\" width=\"1656\" class=\"smush-dimensions lazyload\" src=\"data:image\/svg+xml;base64,PHN2ZyB3aWR0aD0iMSIgaGVpZ2h0PSIxIiB4bWxucz0iaHR0cDovL3d3dy53My5vcmcvMjAwMC9zdmciPjwvc3ZnPg==\" \/><\/p>\n<p style=\"text-align: center;\"><span style=\"font-family:arial,helvetica,sans-serif;\">Stanley W. Green<\/span><\/p>\n<\/td>\n<\/tr>\n<\/tbody>\n<\/table>\n<\/div>\n<p>\u00ac\u2020<\/p>\n","protected":false},"excerpt":{"rendered":"<p>NULL<\/p>\n","protected":false},"author":1,"featured_media":64879,"comment_status":"closed","ping_status":"closed","sticky":false,"template":"","format":"standard","meta":{"_acf_changed":false,"footnotes":""},"categories":[7],"tags":[408],"network":[1279],"eventcategory":[],"class_list":["post-9823","post","type-post","status-publish","format-standard","has-post-thumbnail","hentry","category-non-classifiee","tag-mission-fr","network-mission-commission-fr"],"acf":[],"yoast_head":"<!-- This site is optimized with the Yoast SEO plugin v27.5 - https:\/\/yoast.com\/product\/yoast-seo-wordpress\/ -->\n<title>Unit\u00e9 dans la famille mondiale - Mennonite World Conference<\/title>\n<meta name=\"robots\" content=\"index, follow, max-snippet:-1, max-image-preview:large, max-video-preview:-1\" \/>\n<link rel=\"canonical\" href=\"https:\/\/mwc-cmm.org\/en\/stories\/unity-in-the-global-family\/\" \/>\n<meta property=\"og:locale\" content=\"fr_FR\" \/>\n<meta property=\"og:type\" content=\"article\" \/>\n<meta property=\"og:title\" content=\"Unit\u00e9 dans la famille mondiale - Mennonite World Conference\" \/>\n<meta property=\"og:description\" content=\"NULL\" \/>\n<meta property=\"og:url\" content=\"https:\/\/mwc-cmm.org\/en\/stories\/unity-in-the-global-family\/\" \/>\n<meta property=\"og:site_name\" content=\"Mennonite World Conference\" \/>\n<meta property=\"article:publisher\" content=\"https:\/\/www.facebook.com\/MennoniteWorldConference\" \/>\n<meta property=\"article:published_time\" content=\"2016-09-21T00:00:00+00:00\" \/>\n<meta property=\"article:modified_time\" content=\"2024-12-10T17:14:20+00:00\" \/>\n<meta property=\"og:image\" content=\"https:\/\/mwc-cmm.org\/wp-content\/uploads\/2024\/11\/assemblyorchestrafol920_edited-5-scaled.jpg\" \/>\n\t<meta property=\"og:image:width\" content=\"2560\" \/>\n\t<meta property=\"og:image:height\" content=\"1708\" \/>\n\t<meta property=\"og:image:type\" content=\"image\/jpeg\" \/>\n<meta name=\"author\" content=\"mennworldcon\" \/>\n<script type=\"application\/ld+json\" class=\"yoast-schema-graph\">{\"@context\":\"https:\\\/\\\/schema.org\",\"@graph\":[{\"@type\":\"Article\",\"@id\":\"https:\\\/\\\/mwc-cmm.org\\\/en\\\/stories\\\/unity-in-the-global-family\\\/#article\",\"isPartOf\":{\"@id\":\"https:\\\/\\\/mwc-cmm.org\\\/en\\\/stories\\\/unity-in-the-global-family\\\/\"},\"author\":{\"name\":\"mennworldcon\",\"@id\":\"https:\\\/\\\/mwc-cmm.org\\\/en\\\/#\\\/schema\\\/person\\\/11f6ae0d7d1868ba20a1cc27f067c836\"},\"headline\":\"Unit\u00e9 dans la famille mondiale\",\"datePublished\":\"2016-09-21T00:00:00+00:00\",\"dateModified\":\"2024-12-10T17:14:20+00:00\",\"mainEntityOfPage\":{\"@id\":\"https:\\\/\\\/mwc-cmm.org\\\/en\\\/stories\\\/unity-in-the-global-family\\\/\"},\"wordCount\":1253,\"publisher\":{\"@id\":\"https:\\\/\\\/mwc-cmm.org\\\/en\\\/#organization\"},\"image\":{\"@id\":\"https:\\\/\\\/mwc-cmm.org\\\/en\\\/stories\\\/unity-in-the-global-family\\\/#primaryimage\"},\"thumbnailUrl\":\"https:\\\/\\\/mwc-cmm.org\\\/wp-content\\\/uploads\\\/2024\\\/11\\\/assemblyorchestrafol920_edited-5-scaled.jpg\",\"keywords\":[\"mission\"],\"articleSection\":[\"Non classifi\u00e9(e)\"],\"inLanguage\":\"fr-FR\"},{\"@type\":\"WebPage\",\"@id\":\"https:\\\/\\\/mwc-cmm.org\\\/en\\\/stories\\\/unity-in-the-global-family\\\/\",\"url\":\"https:\\\/\\\/mwc-cmm.org\\\/en\\\/stories\\\/unity-in-the-global-family\\\/\",\"name\":\"Unit\u00e9 dans la famille mondiale - Mennonite World Conference\",\"isPartOf\":{\"@id\":\"https:\\\/\\\/mwc-cmm.org\\\/en\\\/#website\"},\"primaryImageOfPage\":{\"@id\":\"https:\\\/\\\/mwc-cmm.org\\\/en\\\/stories\\\/unity-in-the-global-family\\\/#primaryimage\"},\"image\":{\"@id\":\"https:\\\/\\\/mwc-cmm.org\\\/en\\\/stories\\\/unity-in-the-global-family\\\/#primaryimage\"},\"thumbnailUrl\":\"https:\\\/\\\/mwc-cmm.org\\\/wp-content\\\/uploads\\\/2024\\\/11\\\/assemblyorchestrafol920_edited-5-scaled.jpg\",\"datePublished\":\"2016-09-21T00:00:00+00:00\",\"dateModified\":\"2024-12-10T17:14:20+00:00\",\"breadcrumb\":{\"@id\":\"https:\\\/\\\/mwc-cmm.org\\\/en\\\/stories\\\/unity-in-the-global-family\\\/#breadcrumb\"},\"inLanguage\":\"fr-FR\",\"potentialAction\":[{\"@type\":\"ReadAction\",\"target\":[\"https:\\\/\\\/mwc-cmm.org\\\/en\\\/stories\\\/unity-in-the-global-family\\\/\"]}]},{\"@type\":\"ImageObject\",\"inLanguage\":\"fr-FR\",\"@id\":\"https:\\\/\\\/mwc-cmm.org\\\/en\\\/stories\\\/unity-in-the-global-family\\\/#primaryimage\",\"url\":\"https:\\\/\\\/mwc-cmm.org\\\/wp-content\\\/uploads\\\/2024\\\/11\\\/assemblyorchestrafol920_edited-5-scaled.jpg\",\"contentUrl\":\"https:\\\/\\\/mwc-cmm.org\\\/wp-content\\\/uploads\\\/2024\\\/11\\\/assemblyorchestrafol920_edited-5-scaled.jpg\",\"width\":2560,\"height\":1708},{\"@type\":\"BreadcrumbList\",\"@id\":\"https:\\\/\\\/mwc-cmm.org\\\/en\\\/stories\\\/unity-in-the-global-family\\\/#breadcrumb\",\"itemListElement\":[{\"@type\":\"ListItem\",\"position\":1,\"name\":\"Home\",\"item\":\"https:\\\/\\\/mwc-cmm.org\\\/fr\\\/\"},{\"@type\":\"ListItem\",\"position\":2,\"name\":\"Unit\u00e9 dans la famille mondiale\"}]},{\"@type\":\"WebSite\",\"@id\":\"https:\\\/\\\/mwc-cmm.org\\\/en\\\/#website\",\"url\":\"https:\\\/\\\/mwc-cmm.org\\\/en\\\/\",\"name\":\"Mennonite World Conference\",\"description\":\"A communion of Anabaptist-related churches\",\"publisher\":{\"@id\":\"https:\\\/\\\/mwc-cmm.org\\\/en\\\/#organization\"},\"alternateName\":\"MWC\",\"potentialAction\":[{\"@type\":\"SearchAction\",\"target\":{\"@type\":\"EntryPoint\",\"urlTemplate\":\"https:\\\/\\\/mwc-cmm.org\\\/en\\\/?s={search_term_string}\"},\"query-input\":{\"@type\":\"PropertyValueSpecification\",\"valueRequired\":true,\"valueName\":\"search_term_string\"}}],\"inLanguage\":\"fr-FR\"},{\"@type\":\"Organization\",\"@id\":\"https:\\\/\\\/mwc-cmm.org\\\/en\\\/#organization\",\"name\":\"Mennonite World Conference\",\"alternateName\":\"MWC\",\"url\":\"https:\\\/\\\/mwc-cmm.org\\\/en\\\/\",\"logo\":{\"@type\":\"ImageObject\",\"inLanguage\":\"fr-FR\",\"@id\":\"https:\\\/\\\/mwc-cmm.org\\\/en\\\/#\\\/schema\\\/logo\\\/image\\\/\",\"url\":\"https:\\\/\\\/mwc-cmm.org\\\/wp-content\\\/uploads\\\/2026\\\/01\\\/MWC_Sig_Blue_Horiz_webheader1-logo.svg\",\"contentUrl\":\"https:\\\/\\\/mwc-cmm.org\\\/wp-content\\\/uploads\\\/2026\\\/01\\\/MWC_Sig_Blue_Horiz_webheader1-logo.svg\",\"width\":786,\"height\":82,\"caption\":\"Mennonite World Conference\"},\"image\":{\"@id\":\"https:\\\/\\\/mwc-cmm.org\\\/en\\\/#\\\/schema\\\/logo\\\/image\\\/\"},\"sameAs\":[\"https:\\\/\\\/www.facebook.com\\\/MennoniteWorldConference\",\"https:\\\/\\\/www.linkedin.com\\\/company\\\/mennonite-world-conference-mwc\\\/\",\"https:\\\/\\\/www.instagram.com\\\/mwcmm\\\/\",\"https:\\\/\\\/www.youtube.com\\\/user\\\/mwccmm\",\"https:\\\/\\\/bsky.app\\\/profile\\\/mwcmm.bsky.social\"]},{\"@type\":\"Person\",\"@id\":\"https:\\\/\\\/mwc-cmm.org\\\/en\\\/#\\\/schema\\\/person\\\/11f6ae0d7d1868ba20a1cc27f067c836\",\"name\":\"mennworldcon\",\"image\":{\"@type\":\"ImageObject\",\"inLanguage\":\"fr-FR\",\"@id\":\"https:\\\/\\\/secure.gravatar.com\\\/avatar\\\/06fdc0dc81c157dfdb82ec42f252178a22307808988d22c043f9eb96f1e0fe80?s=96&d=mm&r=g\",\"url\":\"https:\\\/\\\/secure.gravatar.com\\\/avatar\\\/06fdc0dc81c157dfdb82ec42f252178a22307808988d22c043f9eb96f1e0fe80?s=96&d=mm&r=g\",\"contentUrl\":\"https:\\\/\\\/secure.gravatar.com\\\/avatar\\\/06fdc0dc81c157dfdb82ec42f252178a22307808988d22c043f9eb96f1e0fe80?s=96&d=mm&r=g\",\"caption\":\"mennworldcon\"},\"sameAs\":[\"https:\\\/\\\/mwc-cmm.org\"],\"url\":\"https:\\\/\\\/mwc-cmm.org\\\/fr\\\/stories\\\/author\\\/mennworldcon\\\/\"}]}<\/script>\n<!-- \/ Yoast SEO plugin. -->","yoast_head_json":{"title":"Unit\u00e9 dans la famille mondiale - Mennonite World Conference","robots":{"index":"index","follow":"follow","max-snippet":"max-snippet:-1","max-image-preview":"max-image-preview:large","max-video-preview":"max-video-preview:-1"},"canonical":"https:\/\/mwc-cmm.org\/en\/stories\/unity-in-the-global-family\/","og_locale":"fr_FR","og_type":"article","og_title":"Unit\u00e9 dans la famille mondiale - Mennonite World Conference","og_description":"NULL","og_url":"https:\/\/mwc-cmm.org\/en\/stories\/unity-in-the-global-family\/","og_site_name":"Mennonite World Conference","article_publisher":"https:\/\/www.facebook.com\/MennoniteWorldConference","article_published_time":"2016-09-21T00:00:00+00:00","article_modified_time":"2024-12-10T17:14:20+00:00","og_image":[{"width":2560,"height":1708,"url":"https:\/\/mwc-cmm.org\/wp-content\/uploads\/2024\/11\/assemblyorchestrafol920_edited-5-scaled.jpg","type":"image\/jpeg"}],"author":"mennworldcon","schema":{"@context":"https:\/\/schema.org","@graph":[{"@type":"Article","@id":"https:\/\/mwc-cmm.org\/en\/stories\/unity-in-the-global-family\/#article","isPartOf":{"@id":"https:\/\/mwc-cmm.org\/en\/stories\/unity-in-the-global-family\/"},"author":{"name":"mennworldcon","@id":"https:\/\/mwc-cmm.org\/en\/#\/schema\/person\/11f6ae0d7d1868ba20a1cc27f067c836"},"headline":"Unit\u00e9 dans la famille mondiale","datePublished":"2016-09-21T00:00:00+00:00","dateModified":"2024-12-10T17:14:20+00:00","mainEntityOfPage":{"@id":"https:\/\/mwc-cmm.org\/en\/stories\/unity-in-the-global-family\/"},"wordCount":1253,"publisher":{"@id":"https:\/\/mwc-cmm.org\/en\/#organization"},"image":{"@id":"https:\/\/mwc-cmm.org\/en\/stories\/unity-in-the-global-family\/#primaryimage"},"thumbnailUrl":"https:\/\/mwc-cmm.org\/wp-content\/uploads\/2024\/11\/assemblyorchestrafol920_edited-5-scaled.jpg","keywords":["mission"],"articleSection":["Non classifi\u00e9(e)"],"inLanguage":"fr-FR"},{"@type":"WebPage","@id":"https:\/\/mwc-cmm.org\/en\/stories\/unity-in-the-global-family\/","url":"https:\/\/mwc-cmm.org\/en\/stories\/unity-in-the-global-family\/","name":"Unit\u00e9 dans la famille mondiale - Mennonite World Conference","isPartOf":{"@id":"https:\/\/mwc-cmm.org\/en\/#website"},"primaryImageOfPage":{"@id":"https:\/\/mwc-cmm.org\/en\/stories\/unity-in-the-global-family\/#primaryimage"},"image":{"@id":"https:\/\/mwc-cmm.org\/en\/stories\/unity-in-the-global-family\/#primaryimage"},"thumbnailUrl":"https:\/\/mwc-cmm.org\/wp-content\/uploads\/2024\/11\/assemblyorchestrafol920_edited-5-scaled.jpg","datePublished":"2016-09-21T00:00:00+00:00","dateModified":"2024-12-10T17:14:20+00:00","breadcrumb":{"@id":"https:\/\/mwc-cmm.org\/en\/stories\/unity-in-the-global-family\/#breadcrumb"},"inLanguage":"fr-FR","potentialAction":[{"@type":"ReadAction","target":["https:\/\/mwc-cmm.org\/en\/stories\/unity-in-the-global-family\/"]}]},{"@type":"ImageObject","inLanguage":"fr-FR","@id":"https:\/\/mwc-cmm.org\/en\/stories\/unity-in-the-global-family\/#primaryimage","url":"https:\/\/mwc-cmm.org\/wp-content\/uploads\/2024\/11\/assemblyorchestrafol920_edited-5-scaled.jpg","contentUrl":"https:\/\/mwc-cmm.org\/wp-content\/uploads\/2024\/11\/assemblyorchestrafol920_edited-5-scaled.jpg","width":2560,"height":1708},{"@type":"BreadcrumbList","@id":"https:\/\/mwc-cmm.org\/en\/stories\/unity-in-the-global-family\/#breadcrumb","itemListElement":[{"@type":"ListItem","position":1,"name":"Home","item":"https:\/\/mwc-cmm.org\/fr\/"},{"@type":"ListItem","position":2,"name":"Unit\u00e9 dans la famille mondiale"}]},{"@type":"WebSite","@id":"https:\/\/mwc-cmm.org\/en\/#website","url":"https:\/\/mwc-cmm.org\/en\/","name":"Mennonite World Conference","description":"A communion of Anabaptist-related churches","publisher":{"@id":"https:\/\/mwc-cmm.org\/en\/#organization"},"alternateName":"MWC","potentialAction":[{"@type":"SearchAction","target":{"@type":"EntryPoint","urlTemplate":"https:\/\/mwc-cmm.org\/en\/?s={search_term_string}"},"query-input":{"@type":"PropertyValueSpecification","valueRequired":true,"valueName":"search_term_string"}}],"inLanguage":"fr-FR"},{"@type":"Organization","@id":"https:\/\/mwc-cmm.org\/en\/#organization","name":"Mennonite World Conference","alternateName":"MWC","url":"https:\/\/mwc-cmm.org\/en\/","logo":{"@type":"ImageObject","inLanguage":"fr-FR","@id":"https:\/\/mwc-cmm.org\/en\/#\/schema\/logo\/image\/","url":"https:\/\/mwc-cmm.org\/wp-content\/uploads\/2026\/01\/MWC_Sig_Blue_Horiz_webheader1-logo.svg","contentUrl":"https:\/\/mwc-cmm.org\/wp-content\/uploads\/2026\/01\/MWC_Sig_Blue_Horiz_webheader1-logo.svg","width":786,"height":82,"caption":"Mennonite World Conference"},"image":{"@id":"https:\/\/mwc-cmm.org\/en\/#\/schema\/logo\/image\/"},"sameAs":["https:\/\/www.facebook.com\/MennoniteWorldConference","https:\/\/www.linkedin.com\/company\/mennonite-world-conference-mwc\/","https:\/\/www.instagram.com\/mwcmm\/","https:\/\/www.youtube.com\/user\/mwccmm","https:\/\/bsky.app\/profile\/mwcmm.bsky.social"]},{"@type":"Person","@id":"https:\/\/mwc-cmm.org\/en\/#\/schema\/person\/11f6ae0d7d1868ba20a1cc27f067c836","name":"mennworldcon","image":{"@type":"ImageObject","inLanguage":"fr-FR","@id":"https:\/\/secure.gravatar.com\/avatar\/06fdc0dc81c157dfdb82ec42f252178a22307808988d22c043f9eb96f1e0fe80?s=96&d=mm&r=g","url":"https:\/\/secure.gravatar.com\/avatar\/06fdc0dc81c157dfdb82ec42f252178a22307808988d22c043f9eb96f1e0fe80?s=96&d=mm&r=g","contentUrl":"https:\/\/secure.gravatar.com\/avatar\/06fdc0dc81c157dfdb82ec42f252178a22307808988d22c043f9eb96f1e0fe80?s=96&d=mm&r=g","caption":"mennworldcon"},"sameAs":["https:\/\/mwc-cmm.org"],"url":"https:\/\/mwc-cmm.org\/fr\/stories\/author\/mennworldcon\/"}]}},"_links":{"self":[{"href":"https:\/\/mwc-cmm.org\/fr\/wp-json\/wp\/v2\/posts\/9823","targetHints":{"allow":["GET"]}}],"collection":[{"href":"https:\/\/mwc-cmm.org\/fr\/wp-json\/wp\/v2\/posts"}],"about":[{"href":"https:\/\/mwc-cmm.org\/fr\/wp-json\/wp\/v2\/types\/post"}],"author":[{"embeddable":true,"href":"https:\/\/mwc-cmm.org\/fr\/wp-json\/wp\/v2\/users\/1"}],"replies":[{"embeddable":true,"href":"https:\/\/mwc-cmm.org\/fr\/wp-json\/wp\/v2\/comments?post=9823"}],"version-history":[{"count":0,"href":"https:\/\/mwc-cmm.org\/fr\/wp-json\/wp\/v2\/posts\/9823\/revisions"}],"wp:featuredmedia":[{"embeddable":true,"href":"https:\/\/mwc-cmm.org\/fr\/wp-json\/wp\/v2\/media\/64879"}],"wp:attachment":[{"href":"https:\/\/mwc-cmm.org\/fr\/wp-json\/wp\/v2\/media?parent=9823"}],"wp:term":[{"taxonomy":"category","embeddable":true,"href":"https:\/\/mwc-cmm.org\/fr\/wp-json\/wp\/v2\/categories?post=9823"},{"taxonomy":"post_tag","embeddable":true,"href":"https:\/\/mwc-cmm.org\/fr\/wp-json\/wp\/v2\/tags?post=9823"},{"taxonomy":"network","embeddable":true,"href":"https:\/\/mwc-cmm.org\/fr\/wp-json\/wp\/v2\/network?post=9823"},{"taxonomy":"eventcategory","embeddable":true,"href":"https:\/\/mwc-cmm.org\/fr\/wp-json\/wp\/v2\/eventcategory?post=9823"}],"curies":[{"name":"wp","href":"https:\/\/api.w.org\/{rel}","templated":true}]}}