{"id":9815,"date":"2016-08-02T00:00:00","date_gmt":"2016-08-02T00:00:00","guid":{"rendered":"https:\/\/mwc-cmm.org\/a-life-with-no-sin-4\/"},"modified":"2024-12-10T17:14:17","modified_gmt":"2024-12-10T17:14:17","slug":"a-life-with-no-sin-4","status":"publish","type":"post","link":"https:\/\/mwc-cmm.org\/fr\/stories\/a-life-with-no-sin-4\/","title":{"rendered":"Une vie sans p\u00e9ch\u00e9"},"content":{"rendered":"<p>Qu\u2019\u00e9voque pour vous le mot <em>hospitalit\u00e9 <\/em>? Moi, ce mot me rappelle une visite sur un autre continent.<\/p>\n<p>Je pensais que les Colombiens \u00e9taient hospitaliers jusqu\u2019au jour o\u00f9 j\u2019ai \u00e9t\u00e9 accueilli par une famille dans un autre pays. C\u2019\u00e9tait tout simplement incroyable : la quantit\u00e9 et la qualit\u00e9 des aliments qu\u2019ils m\u2019ont offerts, leurs efforts pour que je me sente bien accueilli, chaque d\u00e9tail de ma chambre, leurs questions, leur respect et leur d\u00e9sir de me donner tout ce dont je pouvais avoir besoin.<\/p>\n<p>Cependant, plus que toute autre chose, c\u2019est leur attitude qui m\u2019a touch\u00e9. Avec une grande g\u00e9n\u00e9rosit\u00e9, ils \u00e9taient pr\u00eats \u00e0 tout moment \u00e0 servir leurs invit\u00e9s.<\/p>\n<p>L\u2019hospitalit\u00e9 est la capacit\u00e9 de pr\u00eater attention \u00e0 un invit\u00e9. C\u2019est tr\u00e8s difficile parce que nous sommes pr\u00e9occup\u00e9s par nos propres besoins. Nos pr\u00e9occupations nous emp\u00eachent de tourner notre attention vers les autres. Si le p\u00e9ch\u00e9 est la focalisation de l\u2019\u00e2me sur elle-m\u00eame, comme le dit Augustin d\u2019Hippone, alors une vie sans p\u00e9ch\u00e9 est une vie tourn\u00e9e vers les autres. En d\u2019autres termes, vivre l\u2019hospitalit\u00e9 c\u2019est vivre sans p\u00e9ch\u00e9.<\/p>\n<p>J\u00e9sus en est le meilleur exemple. Par sa vie et sa mort sur la croix, Dieu entre dans le monde des humains. Avec compassion, il dirige son attention sur les autres plut\u00f4t que sur lui-m\u00eame. C\u2019est par la souffrance de J\u00e9sus que Dieu partage le fait d\u2019\u00eatre mortel, la fragilit\u00e9 et la vuln\u00e9rabilit\u00e9 de l\u2019humanit\u00e9. Et, dans l\u2019Apocalypse, J\u00e9sus partage sa gloire avec la multitude de toutes les nations qui viennent l\u2019adorer.<\/p>\n<p>L\u2019attention que porte J\u00e9sus aux autres leur apporte la gu\u00e9rison, qu\u2019ils soient maltrait\u00e9s, qu\u2019ils connaissent la douleur ou la souffrance. Ni l\u2019injustice de ses blessures, ni la r\u00e9alit\u00e9 de son triomphe final et de sa seigneurie ne le conduisent \u00e0 se pr\u00e9occuper de lui-m\u00eame. Il est l\u00e0 pour r\u00e9conforter, conseiller et guider les autres. J\u00e9sus est venu pour servir, non pour \u00eatre servi \u2013 et ce, m\u00eame dans sa gloire.<\/p>\n<p>Aujourd\u2019hui, nous sommes confront\u00e9s \u00e0 la crise des r\u00e9fugi\u00e9s dans le monde entier : notre appel \u00e0 exercer l\u2019hospitalit\u00e9 en tant que corps du Christ nous invite \u00e0 r\u00e9v\u00e9ler la pr\u00e9sence de Dieu au sein de la souffrance et de la douleur. C\u2019est un appel \u00e0 apporter espoir, gu\u00e9rison, accompagnement et soins. C\u2019est un appel \u00e0 tourner notre attention vers ceux qui sont pers\u00e9cut\u00e9s, malades et sans toit. M\u00eame si nous avons des probl\u00e8mes personnels, l\u2019appel \u00e0 servir les autres demeure. Ind\u00e9pendamment de notre pauvret\u00e9, de notre manque de ressources, de nos d\u00e9saccords, de nos conflits, de nos projets et de nos plans, l\u2019appel \u00e0 s\u2019occuper des autres demeure.<\/p>\n<p>C\u2019est la raison pour laquelle ce num\u00e9ro de <em>Courier \/ Correo \/ Courrier<\/em> aborde ce sujet.<\/p>\n<p>Si j\u2019avais \u00e9t\u00e9 si bien re\u00e7u par cette famille, ce n\u2019\u00e9tait pas seulement en raison de leur culture, mais aussi parce que c\u2019est ainsi qu\u2019elle avait compris la vie avec le Christ.<\/p>\n<p>Que Dieu conduise notre communaut\u00e9 mondiale \u00e0 r\u00e9pondre aux autres avec la m\u00eame attitude, faisant l\u2019exp\u00e9rience de Dieu r\u00e9v\u00e9l\u00e9 par notre Seigneur J\u00e9sus-Christ !<\/p>\n<p><em>\u2014C\u00e9sar Garc\u00eda, secr\u00e9taire g\u00e9n\u00e9ral de la CMM, travaille \u00e0 son si\u00e8ge \u00e0 Bogot\u00e1 (Colombie).<\/em><\/p>\n<p><em>Cet article est paru pour la premi\u00e8re fois dans le num\u00e9ro d&rsquo;avril 2016 de Courier\/Correo\/Courrier. <\/em><\/p><\/p>\n","protected":false},"excerpt":{"rendered":"<p>NULL<\/p>\n","protected":false},"author":1,"featured_media":88094,"comment_status":"closed","ping_status":"closed","sticky":false,"template":"","format":"standard","meta":{"_acf_changed":false,"footnotes":""},"categories":[7],"tags":[],"network":[1307],"eventcategory":[],"class_list":["post-9815","post","type-post","status-publish","format-standard","has-post-thumbnail","hentry","category-non-classifiee","network-courier-fr"],"acf":[],"yoast_head":"<!-- This site is optimized with the Yoast SEO plugin v27.5 - https:\/\/yoast.com\/product\/yoast-seo-wordpress\/ -->\n<title>Une vie sans p\u00e9ch\u00e9 - Mennonite World Conference<\/title>\n<meta name=\"robots\" content=\"index, follow, max-snippet:-1, max-image-preview:large, max-video-preview:-1\" \/>\n<link rel=\"canonical\" href=\"https:\/\/mwc-cmm.org\/en\/stories\/life-no-sin\/\" \/>\n<meta property=\"og:locale\" content=\"fr_FR\" \/>\n<meta property=\"og:type\" content=\"article\" \/>\n<meta property=\"og:title\" content=\"Une vie sans p\u00e9ch\u00e9 - Mennonite World Conference\" \/>\n<meta property=\"og:description\" content=\"NULL\" \/>\n<meta property=\"og:url\" content=\"https:\/\/mwc-cmm.org\/en\/stories\/life-no-sin\/\" \/>\n<meta property=\"og:site_name\" content=\"Mennonite World Conference\" \/>\n<meta property=\"article:publisher\" content=\"https:\/\/www.facebook.com\/MennoniteWorldConference\" \/>\n<meta property=\"article:published_time\" content=\"2016-08-02T00:00:00+00:00\" \/>\n<meta property=\"article:modified_time\" content=\"2024-12-10T17:14:17+00:00\" \/>\n<meta property=\"og:image\" content=\"https:\/\/mwc-cmm.org\/wp-content\/uploads\/2024\/11\/10931701_825128657544199_2368497617102013607_o.jpg\" \/>\n\t<meta property=\"og:image:width\" content=\"2048\" \/>\n\t<meta property=\"og:image:height\" content=\"1366\" \/>\n\t<meta property=\"og:image:type\" content=\"image\/jpeg\" \/>\n<meta name=\"author\" content=\"mennworldcon\" \/>\n<script type=\"application\/ld+json\" class=\"yoast-schema-graph\">{\"@context\":\"https:\\\/\\\/schema.org\",\"@graph\":[{\"@type\":\"Article\",\"@id\":\"https:\\\/\\\/mwc-cmm.org\\\/en\\\/stories\\\/life-no-sin\\\/#article\",\"isPartOf\":{\"@id\":\"https:\\\/\\\/mwc-cmm.org\\\/en\\\/stories\\\/life-no-sin\\\/\"},\"author\":{\"name\":\"mennworldcon\",\"@id\":\"https:\\\/\\\/mwc-cmm.org\\\/en\\\/#\\\/schema\\\/person\\\/11f6ae0d7d1868ba20a1cc27f067c836\"},\"headline\":\"Une vie sans p\u00e9ch\u00e9\",\"datePublished\":\"2016-08-02T00:00:00+00:00\",\"dateModified\":\"2024-12-10T17:14:17+00:00\",\"mainEntityOfPage\":{\"@id\":\"https:\\\/\\\/mwc-cmm.org\\\/en\\\/stories\\\/life-no-sin\\\/\"},\"wordCount\":615,\"publisher\":{\"@id\":\"https:\\\/\\\/mwc-cmm.org\\\/en\\\/#organization\"},\"image\":{\"@id\":\"https:\\\/\\\/mwc-cmm.org\\\/en\\\/stories\\\/life-no-sin\\\/#primaryimage\"},\"thumbnailUrl\":\"https:\\\/\\\/mwc-cmm.org\\\/wp-content\\\/uploads\\\/2024\\\/11\\\/10931701_825128657544199_2368497617102013607_o.jpg\",\"articleSection\":[\"Non classifi\u00e9(e)\"],\"inLanguage\":\"fr-FR\"},{\"@type\":\"WebPage\",\"@id\":\"https:\\\/\\\/mwc-cmm.org\\\/en\\\/stories\\\/life-no-sin\\\/\",\"url\":\"https:\\\/\\\/mwc-cmm.org\\\/en\\\/stories\\\/life-no-sin\\\/\",\"name\":\"Une vie sans p\u00e9ch\u00e9 - Mennonite World Conference\",\"isPartOf\":{\"@id\":\"https:\\\/\\\/mwc-cmm.org\\\/en\\\/#website\"},\"primaryImageOfPage\":{\"@id\":\"https:\\\/\\\/mwc-cmm.org\\\/en\\\/stories\\\/life-no-sin\\\/#primaryimage\"},\"image\":{\"@id\":\"https:\\\/\\\/mwc-cmm.org\\\/en\\\/stories\\\/life-no-sin\\\/#primaryimage\"},\"thumbnailUrl\":\"https:\\\/\\\/mwc-cmm.org\\\/wp-content\\\/uploads\\\/2024\\\/11\\\/10931701_825128657544199_2368497617102013607_o.jpg\",\"datePublished\":\"2016-08-02T00:00:00+00:00\",\"dateModified\":\"2024-12-10T17:14:17+00:00\",\"breadcrumb\":{\"@id\":\"https:\\\/\\\/mwc-cmm.org\\\/en\\\/stories\\\/life-no-sin\\\/#breadcrumb\"},\"inLanguage\":\"fr-FR\",\"potentialAction\":[{\"@type\":\"ReadAction\",\"target\":[\"https:\\\/\\\/mwc-cmm.org\\\/en\\\/stories\\\/life-no-sin\\\/\"]}]},{\"@type\":\"ImageObject\",\"inLanguage\":\"fr-FR\",\"@id\":\"https:\\\/\\\/mwc-cmm.org\\\/en\\\/stories\\\/life-no-sin\\\/#primaryimage\",\"url\":\"https:\\\/\\\/mwc-cmm.org\\\/wp-content\\\/uploads\\\/2024\\\/11\\\/10931701_825128657544199_2368497617102013607_o.jpg\",\"contentUrl\":\"https:\\\/\\\/mwc-cmm.org\\\/wp-content\\\/uploads\\\/2024\\\/11\\\/10931701_825128657544199_2368497617102013607_o.jpg\",\"width\":2048,\"height\":1366},{\"@type\":\"BreadcrumbList\",\"@id\":\"https:\\\/\\\/mwc-cmm.org\\\/en\\\/stories\\\/life-no-sin\\\/#breadcrumb\",\"itemListElement\":[{\"@type\":\"ListItem\",\"position\":1,\"name\":\"Home\",\"item\":\"https:\\\/\\\/mwc-cmm.org\\\/fr\\\/\"},{\"@type\":\"ListItem\",\"position\":2,\"name\":\"Une vie sans p\u00e9ch\u00e9\"}]},{\"@type\":\"WebSite\",\"@id\":\"https:\\\/\\\/mwc-cmm.org\\\/en\\\/#website\",\"url\":\"https:\\\/\\\/mwc-cmm.org\\\/en\\\/\",\"name\":\"Mennonite World Conference\",\"description\":\"A communion of Anabaptist-related churches\",\"publisher\":{\"@id\":\"https:\\\/\\\/mwc-cmm.org\\\/en\\\/#organization\"},\"alternateName\":\"MWC\",\"potentialAction\":[{\"@type\":\"SearchAction\",\"target\":{\"@type\":\"EntryPoint\",\"urlTemplate\":\"https:\\\/\\\/mwc-cmm.org\\\/en\\\/?s={search_term_string}\"},\"query-input\":{\"@type\":\"PropertyValueSpecification\",\"valueRequired\":true,\"valueName\":\"search_term_string\"}}],\"inLanguage\":\"fr-FR\"},{\"@type\":\"Organization\",\"@id\":\"https:\\\/\\\/mwc-cmm.org\\\/en\\\/#organization\",\"name\":\"Mennonite World Conference\",\"alternateName\":\"MWC\",\"url\":\"https:\\\/\\\/mwc-cmm.org\\\/en\\\/\",\"logo\":{\"@type\":\"ImageObject\",\"inLanguage\":\"fr-FR\",\"@id\":\"https:\\\/\\\/mwc-cmm.org\\\/en\\\/#\\\/schema\\\/logo\\\/image\\\/\",\"url\":\"https:\\\/\\\/mwc-cmm.org\\\/wp-content\\\/uploads\\\/2026\\\/01\\\/MWC_Sig_Blue_Horiz_webheader1-logo.svg\",\"contentUrl\":\"https:\\\/\\\/mwc-cmm.org\\\/wp-content\\\/uploads\\\/2026\\\/01\\\/MWC_Sig_Blue_Horiz_webheader1-logo.svg\",\"width\":786,\"height\":82,\"caption\":\"Mennonite World Conference\"},\"image\":{\"@id\":\"https:\\\/\\\/mwc-cmm.org\\\/en\\\/#\\\/schema\\\/logo\\\/image\\\/\"},\"sameAs\":[\"https:\\\/\\\/www.facebook.com\\\/MennoniteWorldConference\",\"https:\\\/\\\/www.linkedin.com\\\/company\\\/mennonite-world-conference-mwc\\\/\",\"https:\\\/\\\/www.instagram.com\\\/mwcmm\\\/\",\"https:\\\/\\\/www.youtube.com\\\/user\\\/mwccmm\",\"https:\\\/\\\/bsky.app\\\/profile\\\/mwcmm.bsky.social\"]},{\"@type\":\"Person\",\"@id\":\"https:\\\/\\\/mwc-cmm.org\\\/en\\\/#\\\/schema\\\/person\\\/11f6ae0d7d1868ba20a1cc27f067c836\",\"name\":\"mennworldcon\",\"image\":{\"@type\":\"ImageObject\",\"inLanguage\":\"fr-FR\",\"@id\":\"https:\\\/\\\/secure.gravatar.com\\\/avatar\\\/06fdc0dc81c157dfdb82ec42f252178a22307808988d22c043f9eb96f1e0fe80?s=96&d=mm&r=g\",\"url\":\"https:\\\/\\\/secure.gravatar.com\\\/avatar\\\/06fdc0dc81c157dfdb82ec42f252178a22307808988d22c043f9eb96f1e0fe80?s=96&d=mm&r=g\",\"contentUrl\":\"https:\\\/\\\/secure.gravatar.com\\\/avatar\\\/06fdc0dc81c157dfdb82ec42f252178a22307808988d22c043f9eb96f1e0fe80?s=96&d=mm&r=g\",\"caption\":\"mennworldcon\"},\"sameAs\":[\"https:\\\/\\\/mwc-cmm.org\"],\"url\":\"https:\\\/\\\/mwc-cmm.org\\\/fr\\\/stories\\\/author\\\/mennworldcon\\\/\"}]}<\/script>\n<!-- \/ Yoast SEO plugin. -->","yoast_head_json":{"title":"Une vie sans p\u00e9ch\u00e9 - Mennonite World Conference","robots":{"index":"index","follow":"follow","max-snippet":"max-snippet:-1","max-image-preview":"max-image-preview:large","max-video-preview":"max-video-preview:-1"},"canonical":"https:\/\/mwc-cmm.org\/en\/stories\/life-no-sin\/","og_locale":"fr_FR","og_type":"article","og_title":"Une vie sans p\u00e9ch\u00e9 - Mennonite World Conference","og_description":"NULL","og_url":"https:\/\/mwc-cmm.org\/en\/stories\/life-no-sin\/","og_site_name":"Mennonite World Conference","article_publisher":"https:\/\/www.facebook.com\/MennoniteWorldConference","article_published_time":"2016-08-02T00:00:00+00:00","article_modified_time":"2024-12-10T17:14:17+00:00","og_image":[{"width":2048,"height":1366,"url":"https:\/\/mwc-cmm.org\/wp-content\/uploads\/2024\/11\/10931701_825128657544199_2368497617102013607_o.jpg","type":"image\/jpeg"}],"author":"mennworldcon","schema":{"@context":"https:\/\/schema.org","@graph":[{"@type":"Article","@id":"https:\/\/mwc-cmm.org\/en\/stories\/life-no-sin\/#article","isPartOf":{"@id":"https:\/\/mwc-cmm.org\/en\/stories\/life-no-sin\/"},"author":{"name":"mennworldcon","@id":"https:\/\/mwc-cmm.org\/en\/#\/schema\/person\/11f6ae0d7d1868ba20a1cc27f067c836"},"headline":"Une vie sans p\u00e9ch\u00e9","datePublished":"2016-08-02T00:00:00+00:00","dateModified":"2024-12-10T17:14:17+00:00","mainEntityOfPage":{"@id":"https:\/\/mwc-cmm.org\/en\/stories\/life-no-sin\/"},"wordCount":615,"publisher":{"@id":"https:\/\/mwc-cmm.org\/en\/#organization"},"image":{"@id":"https:\/\/mwc-cmm.org\/en\/stories\/life-no-sin\/#primaryimage"},"thumbnailUrl":"https:\/\/mwc-cmm.org\/wp-content\/uploads\/2024\/11\/10931701_825128657544199_2368497617102013607_o.jpg","articleSection":["Non classifi\u00e9(e)"],"inLanguage":"fr-FR"},{"@type":"WebPage","@id":"https:\/\/mwc-cmm.org\/en\/stories\/life-no-sin\/","url":"https:\/\/mwc-cmm.org\/en\/stories\/life-no-sin\/","name":"Une vie sans p\u00e9ch\u00e9 - Mennonite World Conference","isPartOf":{"@id":"https:\/\/mwc-cmm.org\/en\/#website"},"primaryImageOfPage":{"@id":"https:\/\/mwc-cmm.org\/en\/stories\/life-no-sin\/#primaryimage"},"image":{"@id":"https:\/\/mwc-cmm.org\/en\/stories\/life-no-sin\/#primaryimage"},"thumbnailUrl":"https:\/\/mwc-cmm.org\/wp-content\/uploads\/2024\/11\/10931701_825128657544199_2368497617102013607_o.jpg","datePublished":"2016-08-02T00:00:00+00:00","dateModified":"2024-12-10T17:14:17+00:00","breadcrumb":{"@id":"https:\/\/mwc-cmm.org\/en\/stories\/life-no-sin\/#breadcrumb"},"inLanguage":"fr-FR","potentialAction":[{"@type":"ReadAction","target":["https:\/\/mwc-cmm.org\/en\/stories\/life-no-sin\/"]}]},{"@type":"ImageObject","inLanguage":"fr-FR","@id":"https:\/\/mwc-cmm.org\/en\/stories\/life-no-sin\/#primaryimage","url":"https:\/\/mwc-cmm.org\/wp-content\/uploads\/2024\/11\/10931701_825128657544199_2368497617102013607_o.jpg","contentUrl":"https:\/\/mwc-cmm.org\/wp-content\/uploads\/2024\/11\/10931701_825128657544199_2368497617102013607_o.jpg","width":2048,"height":1366},{"@type":"BreadcrumbList","@id":"https:\/\/mwc-cmm.org\/en\/stories\/life-no-sin\/#breadcrumb","itemListElement":[{"@type":"ListItem","position":1,"name":"Home","item":"https:\/\/mwc-cmm.org\/fr\/"},{"@type":"ListItem","position":2,"name":"Une vie sans p\u00e9ch\u00e9"}]},{"@type":"WebSite","@id":"https:\/\/mwc-cmm.org\/en\/#website","url":"https:\/\/mwc-cmm.org\/en\/","name":"Mennonite World Conference","description":"A communion of Anabaptist-related churches","publisher":{"@id":"https:\/\/mwc-cmm.org\/en\/#organization"},"alternateName":"MWC","potentialAction":[{"@type":"SearchAction","target":{"@type":"EntryPoint","urlTemplate":"https:\/\/mwc-cmm.org\/en\/?s={search_term_string}"},"query-input":{"@type":"PropertyValueSpecification","valueRequired":true,"valueName":"search_term_string"}}],"inLanguage":"fr-FR"},{"@type":"Organization","@id":"https:\/\/mwc-cmm.org\/en\/#organization","name":"Mennonite World Conference","alternateName":"MWC","url":"https:\/\/mwc-cmm.org\/en\/","logo":{"@type":"ImageObject","inLanguage":"fr-FR","@id":"https:\/\/mwc-cmm.org\/en\/#\/schema\/logo\/image\/","url":"https:\/\/mwc-cmm.org\/wp-content\/uploads\/2026\/01\/MWC_Sig_Blue_Horiz_webheader1-logo.svg","contentUrl":"https:\/\/mwc-cmm.org\/wp-content\/uploads\/2026\/01\/MWC_Sig_Blue_Horiz_webheader1-logo.svg","width":786,"height":82,"caption":"Mennonite World Conference"},"image":{"@id":"https:\/\/mwc-cmm.org\/en\/#\/schema\/logo\/image\/"},"sameAs":["https:\/\/www.facebook.com\/MennoniteWorldConference","https:\/\/www.linkedin.com\/company\/mennonite-world-conference-mwc\/","https:\/\/www.instagram.com\/mwcmm\/","https:\/\/www.youtube.com\/user\/mwccmm","https:\/\/bsky.app\/profile\/mwcmm.bsky.social"]},{"@type":"Person","@id":"https:\/\/mwc-cmm.org\/en\/#\/schema\/person\/11f6ae0d7d1868ba20a1cc27f067c836","name":"mennworldcon","image":{"@type":"ImageObject","inLanguage":"fr-FR","@id":"https:\/\/secure.gravatar.com\/avatar\/06fdc0dc81c157dfdb82ec42f252178a22307808988d22c043f9eb96f1e0fe80?s=96&d=mm&r=g","url":"https:\/\/secure.gravatar.com\/avatar\/06fdc0dc81c157dfdb82ec42f252178a22307808988d22c043f9eb96f1e0fe80?s=96&d=mm&r=g","contentUrl":"https:\/\/secure.gravatar.com\/avatar\/06fdc0dc81c157dfdb82ec42f252178a22307808988d22c043f9eb96f1e0fe80?s=96&d=mm&r=g","caption":"mennworldcon"},"sameAs":["https:\/\/mwc-cmm.org"],"url":"https:\/\/mwc-cmm.org\/fr\/stories\/author\/mennworldcon\/"}]}},"_links":{"self":[{"href":"https:\/\/mwc-cmm.org\/fr\/wp-json\/wp\/v2\/posts\/9815","targetHints":{"allow":["GET"]}}],"collection":[{"href":"https:\/\/mwc-cmm.org\/fr\/wp-json\/wp\/v2\/posts"}],"about":[{"href":"https:\/\/mwc-cmm.org\/fr\/wp-json\/wp\/v2\/types\/post"}],"author":[{"embeddable":true,"href":"https:\/\/mwc-cmm.org\/fr\/wp-json\/wp\/v2\/users\/1"}],"replies":[{"embeddable":true,"href":"https:\/\/mwc-cmm.org\/fr\/wp-json\/wp\/v2\/comments?post=9815"}],"version-history":[{"count":0,"href":"https:\/\/mwc-cmm.org\/fr\/wp-json\/wp\/v2\/posts\/9815\/revisions"}],"wp:featuredmedia":[{"embeddable":true,"href":"https:\/\/mwc-cmm.org\/fr\/wp-json\/wp\/v2\/media\/88094"}],"wp:attachment":[{"href":"https:\/\/mwc-cmm.org\/fr\/wp-json\/wp\/v2\/media?parent=9815"}],"wp:term":[{"taxonomy":"category","embeddable":true,"href":"https:\/\/mwc-cmm.org\/fr\/wp-json\/wp\/v2\/categories?post=9815"},{"taxonomy":"post_tag","embeddable":true,"href":"https:\/\/mwc-cmm.org\/fr\/wp-json\/wp\/v2\/tags?post=9815"},{"taxonomy":"network","embeddable":true,"href":"https:\/\/mwc-cmm.org\/fr\/wp-json\/wp\/v2\/network?post=9815"},{"taxonomy":"eventcategory","embeddable":true,"href":"https:\/\/mwc-cmm.org\/fr\/wp-json\/wp\/v2\/eventcategory?post=9815"}],"curies":[{"name":"wp","href":"https:\/\/api.w.org\/{rel}","templated":true}]}}