{"id":9811,"date":"2016-07-22T00:00:00","date_gmt":"2016-07-22T00:00:00","guid":{"rendered":"https:\/\/mwc-cmm.org\/reconciling-the-radical-reformation-4\/"},"modified":"2024-12-10T17:14:15","modified_gmt":"2024-12-10T17:14:15","slug":"reconciling-the-radical-reformation-4","status":"publish","type":"post","link":"https:\/\/mwc-cmm.org\/fr\/stories\/reconciling-the-radical-reformation-4\/","title":{"rendered":"R\u00e9conciliation avec la r\u00e9forme radicale"},"content":{"rendered":"<p><em>Rapport sur le th\u00e8me <\/em>Porter du Fruit<em>, du Groupe de Travail de la F\u00e9d\u00e9ration Luth\u00e9rienne Mondiale qui fait suite \u00e0 \u00ab l\u2019Action Mennonite \u00bb de la onzi\u00e8me assembl\u00e9e de la FLM en 2010.<\/em><\/p>\n<p>Bogot\u00e1 (Colombie) \u2013 Le processus de r\u00e9conciliation entre la F\u00e9d\u00e9ration Luth\u00e9rienne Mondiale et le Conf\u00e9rence Mennonite Mondiale a cr\u00e9\u00e9 un terrain fertile pour la collaboration. Un rapport qui r\u00e9sume l\u2019action FLM-CMM de r\u00e9conciliation avec les Mennonites \u00e0 propos des condamnations dans la Confession d\u2019Augsbourg a pour but d\u2019aider les \u00e9glises membres de la FLM, les pasteurs, les s\u00e9minaires et les assembl\u00e9es \u00e0 \u00ab mettre en place l\u2019engagement de la FLM en enseignant diff\u00e9remment l\u2019histoire anabaptiste, en particulier par rapport \u00e0 la mani\u00e8re dont les anabaptistes sont d\u00e9crits dans la Confession d\u2019Augsbourg. \u00bb<\/p>\n<p>\u00ab Les graines de la r\u00e9conciliation sem\u00e9es il y a plus de 30 ans et qui ont fleuries durant la c\u00e9l\u00e9bration de r\u00e9conciliation \u00e0 Stuttgart en 2010, portent r\u00e9ellement leur fruit maintenant, \u00bb dit John D. Roth, repr\u00e9sentant de la CMM, membre du Groupe de Travail du FLM et auteur du document. \u00ab Les pasteurs mennonites et luth\u00e9riens et les responsables d\u2019\u00e9glise trouveront de nombreuses id\u00e9es pour dialoguer entres eux \u00e0 un niveau local. \u00bb<\/p>\n<p>Le processus s\u2019inspire des dialogues entam\u00e9s \u00e0 l\u2019occasion de la c\u00e9l\u00e9bration du 450 \u00e8me anniversaire de la Confession d\u2019Augsbourg. \u00ca partir de la constatation que \u00ab les diff\u00e9rences th\u00e9ologiques historiques ne pouvaient pas \u00eatre examin\u00e9es constructivement avant que les blessures du pass\u00e9 ne soit directement nomm\u00e9es, \u00bb la FLM commence un processus de r\u00e9conciliation en 2003. Le travail principal de la commission d\u2019\u00e9tude consistait \u00e0 \u00ab \u00e9crire une histoire commune des relations douloureuses au seizi\u00e8me si\u00e8cle. \u00bb Le processus fut \u00ab en lui m\u00eame un acte \u0153cum\u00e9nique et donc contribua d\u00e9j\u00e0 \u00e0 la r\u00e9conciliation. \u00bb<\/p>\n<p>Les deux groupes ont reconnu \u00ab un devoir des communaut\u00e9s et des individus de reconna\u00eetre lorsqu\u2019ils ont besoin de repentance et de pardon sinc\u00e8re. \u00bb<\/p>\n<p>\u00ab La t\u00e2che de ce Groupe de Travail fut de r\u00e9pondre aux engagements (l\u2019enseignement des confessions luth\u00e9riennes, l\u2019exploration de th\u00e8mes non-r\u00e9solus, l\u2019approfondissement des relations au travers de la pri\u00e8re commune et l\u2019\u00e9tude de la paix) &#8230; avec la certitude que ce travail de l\u2019Esprit n\u2019en a pas fini avec nos \u00e9glises, \u00bb dit le rapport.<\/p>\n<p>Un des \u00ab fruits \u00bb de ce travail est le dialogue sur le bapt\u00eame ; lorsque la CMM fut invit\u00e9e par le Conseil Pontifical pour la Promotion de l&rsquo;Unit\u00e9 des Chr\u00e9tiens, elle sugg\u00e9ra que la FLM soit aussi invit\u00e9e.<\/p>\n<p><em>Porter du Fruit<\/em> explore une autre diff\u00e9rence historique, l\u2019autorit\u00e9 civile et la participation chr\u00e9tienne \u00e0 la guerre au travers d\u2019un dialogue honn\u00eate et respectueux entre repr\u00e9sentants mennonites et luth\u00e9riens.<\/p>\n<p>\u00ab Un travail dur, parfois m\u00eame douloureux, de r\u00e9-\u00e9valuation du pass\u00e9 a ouvert le chemin vers de nouvelles relations, \u00bb d\u00e9clare le rapport. \u00ab Des arbres d\u2019espoir ont \u00e9t\u00e9 plant\u00e9s. Maintenant, c\u2019est le moment de s\u2019assurer que les fruits continuent d\u2019\u00eatre nourris et r\u00e9colt\u00e9s. \u00bb<\/p>\n<p>Il y a cinq-cent ans, les Anabaptistes et les Luth\u00e9riens g\u00e9raient diff\u00e9remment la pression des gouvernements et pouvoirs politiques et ceci permit que des condamnations soit \u00e9mises de la part de uns sur les autres, dit Alfred Neufeld, pr\u00e9sident de la Commission Foi et Vie. \u00ab Mais c\u2019est de l\u2019histoire ancienne. Aujourd\u2019hui, l\u2019\u00e9glise mondiale du Christ (Mennonites et Luth\u00e9riens inclus) se rend compte que l\u2019\u00e9glise est appel\u00e9e a proclamer la v\u00e9rit\u00e9 face aux pouvoirs. Cette perspective mondiale et transnationale nous lib\u00e8re et nous permet de rester unis. \u00bb <\/p>\n<p>En parlant du processus durant un \u00e9v\u00e9nement de la FLM en Indiana, aux \u00c9tats-Unis, le pr\u00e9sident de la CMM, Nelson Kraybill dit : \u00ab Maintenant, c\u2019est notre devoir- celui des pasteurs comme vous et moi, des dirigeants \u00e0 tous les niveaux de nos \u00e9glises et des groupes r\u00e9gionales- de nous r\u00e9soudre \u00e0 nous aimer et \u00e0 nous respecter les uns les autres et \u00e0 trouver des mani\u00e8res de collaborer pour la construction de la paix et la proclamation de la bonne nouvelle. \u00bb<\/p>\n<p><a href=\"https:\/\/www.lutheranworld.org\/sites\/default\/files\/dtpw-lutheran-mennonites_2016.pdf\">Cliquez ici<\/a> pour voir le rapport int\u00e9gral de la FLM, Porter du Fruit en anglais.<\/p>\n<p><em>Communiqu\u00e9 de la Conf\u00e9rence Mennonite Mondiale <\/em><\/p><\/p>\n","protected":false},"excerpt":{"rendered":"<p>NULL<\/p>\n","protected":false},"author":1,"featured_media":88038,"comment_status":"closed","ping_status":"closed","sticky":false,"template":"","format":"standard","meta":{"_acf_changed":false,"footnotes":""},"categories":[7],"tags":[],"network":[1272],"eventcategory":[],"class_list":["post-9811","post","type-post","status-publish","format-standard","has-post-thumbnail","hentry","category-non-classifiee","network-faith-and-life-commission-fr"],"acf":[],"yoast_head":"<!-- This site is optimized with the Yoast SEO plugin v27.5 - https:\/\/yoast.com\/product\/yoast-seo-wordpress\/ -->\n<title>R\u00e9conciliation avec la r\u00e9forme radicale - Mennonite World Conference<\/title>\n<meta name=\"robots\" content=\"index, follow, max-snippet:-1, max-image-preview:large, max-video-preview:-1\" \/>\n<link rel=\"canonical\" href=\"https:\/\/mwc-cmm.org\/fr\/stories\/reconciling-the-radical-reformation-4\/\" \/>\n<meta property=\"og:locale\" content=\"fr_FR\" \/>\n<meta property=\"og:type\" content=\"article\" \/>\n<meta property=\"og:title\" content=\"R\u00e9conciliation avec la r\u00e9forme radicale - Mennonite World Conference\" \/>\n<meta property=\"og:description\" content=\"NULL\" \/>\n<meta property=\"og:url\" content=\"https:\/\/mwc-cmm.org\/fr\/stories\/reconciling-the-radical-reformation-4\/\" \/>\n<meta property=\"og:site_name\" content=\"Mennonite World Conference\" \/>\n<meta property=\"article:publisher\" content=\"https:\/\/www.facebook.com\/MennoniteWorldConference\" \/>\n<meta property=\"article:published_time\" content=\"2016-07-22T00:00:00+00:00\" \/>\n<meta property=\"article:modified_time\" content=\"2024-12-10T17:14:15+00:00\" \/>\n<meta property=\"og:image\" content=\"https:\/\/mwc-cmm.org\/wp-content\/uploads\/2024\/11\/paraguay_asuncion_mennonite_world_conference-lowell_brown-15_jul_200_030_-_small.jpg\" \/>\n\t<meta property=\"og:image:width\" content=\"800\" \/>\n\t<meta property=\"og:image:height\" content=\"533\" \/>\n\t<meta property=\"og:image:type\" content=\"image\/jpeg\" \/>\n<meta name=\"author\" content=\"mennworldcon\" \/>\n<script type=\"application\/ld+json\" class=\"yoast-schema-graph\">{\"@context\":\"https:\\\/\\\/schema.org\",\"@graph\":[{\"@type\":\"Article\",\"@id\":\"https:\\\/\\\/mwc-cmm.org\\\/fr\\\/stories\\\/reconciling-the-radical-reformation-4\\\/#article\",\"isPartOf\":{\"@id\":\"https:\\\/\\\/mwc-cmm.org\\\/fr\\\/stories\\\/reconciling-the-radical-reformation-4\\\/\"},\"author\":{\"name\":\"mennworldcon\",\"@id\":\"https:\\\/\\\/mwc-cmm.org\\\/en\\\/#\\\/schema\\\/person\\\/11f6ae0d7d1868ba20a1cc27f067c836\"},\"headline\":\"R\u00e9conciliation avec la r\u00e9forme radicale\",\"datePublished\":\"2016-07-22T00:00:00+00:00\",\"dateModified\":\"2024-12-10T17:14:15+00:00\",\"mainEntityOfPage\":{\"@id\":\"https:\\\/\\\/mwc-cmm.org\\\/fr\\\/stories\\\/reconciling-the-radical-reformation-4\\\/\"},\"wordCount\":749,\"publisher\":{\"@id\":\"https:\\\/\\\/mwc-cmm.org\\\/en\\\/#organization\"},\"image\":{\"@id\":\"https:\\\/\\\/mwc-cmm.org\\\/fr\\\/stories\\\/reconciling-the-radical-reformation-4\\\/#primaryimage\"},\"thumbnailUrl\":\"https:\\\/\\\/mwc-cmm.org\\\/wp-content\\\/uploads\\\/2024\\\/11\\\/paraguay_asuncion_mennonite_world_conference-lowell_brown-15_jul_200_030_-_small.jpg\",\"articleSection\":[\"Non classifi\u00e9(e)\"],\"inLanguage\":\"fr-FR\"},{\"@type\":\"WebPage\",\"@id\":\"https:\\\/\\\/mwc-cmm.org\\\/fr\\\/stories\\\/reconciling-the-radical-reformation-4\\\/\",\"url\":\"https:\\\/\\\/mwc-cmm.org\\\/fr\\\/stories\\\/reconciling-the-radical-reformation-4\\\/\",\"name\":\"R\u00e9conciliation avec la r\u00e9forme radicale - Mennonite World Conference\",\"isPartOf\":{\"@id\":\"https:\\\/\\\/mwc-cmm.org\\\/en\\\/#website\"},\"primaryImageOfPage\":{\"@id\":\"https:\\\/\\\/mwc-cmm.org\\\/fr\\\/stories\\\/reconciling-the-radical-reformation-4\\\/#primaryimage\"},\"image\":{\"@id\":\"https:\\\/\\\/mwc-cmm.org\\\/fr\\\/stories\\\/reconciling-the-radical-reformation-4\\\/#primaryimage\"},\"thumbnailUrl\":\"https:\\\/\\\/mwc-cmm.org\\\/wp-content\\\/uploads\\\/2024\\\/11\\\/paraguay_asuncion_mennonite_world_conference-lowell_brown-15_jul_200_030_-_small.jpg\",\"datePublished\":\"2016-07-22T00:00:00+00:00\",\"dateModified\":\"2024-12-10T17:14:15+00:00\",\"breadcrumb\":{\"@id\":\"https:\\\/\\\/mwc-cmm.org\\\/fr\\\/stories\\\/reconciling-the-radical-reformation-4\\\/#breadcrumb\"},\"inLanguage\":\"fr-FR\",\"potentialAction\":[{\"@type\":\"ReadAction\",\"target\":[\"https:\\\/\\\/mwc-cmm.org\\\/fr\\\/stories\\\/reconciling-the-radical-reformation-4\\\/\"]}]},{\"@type\":\"ImageObject\",\"inLanguage\":\"fr-FR\",\"@id\":\"https:\\\/\\\/mwc-cmm.org\\\/fr\\\/stories\\\/reconciling-the-radical-reformation-4\\\/#primaryimage\",\"url\":\"https:\\\/\\\/mwc-cmm.org\\\/wp-content\\\/uploads\\\/2024\\\/11\\\/paraguay_asuncion_mennonite_world_conference-lowell_brown-15_jul_200_030_-_small.jpg\",\"contentUrl\":\"https:\\\/\\\/mwc-cmm.org\\\/wp-content\\\/uploads\\\/2024\\\/11\\\/paraguay_asuncion_mennonite_world_conference-lowell_brown-15_jul_200_030_-_small.jpg\",\"width\":800,\"height\":533},{\"@type\":\"BreadcrumbList\",\"@id\":\"https:\\\/\\\/mwc-cmm.org\\\/fr\\\/stories\\\/reconciling-the-radical-reformation-4\\\/#breadcrumb\",\"itemListElement\":[{\"@type\":\"ListItem\",\"position\":1,\"name\":\"Home\",\"item\":\"https:\\\/\\\/mwc-cmm.org\\\/fr\\\/\"},{\"@type\":\"ListItem\",\"position\":2,\"name\":\"R\u00e9conciliation avec la r\u00e9forme radicale\"}]},{\"@type\":\"WebSite\",\"@id\":\"https:\\\/\\\/mwc-cmm.org\\\/en\\\/#website\",\"url\":\"https:\\\/\\\/mwc-cmm.org\\\/en\\\/\",\"name\":\"Mennonite World Conference\",\"description\":\"A communion of Anabaptist-related churches\",\"publisher\":{\"@id\":\"https:\\\/\\\/mwc-cmm.org\\\/en\\\/#organization\"},\"alternateName\":\"MWC\",\"potentialAction\":[{\"@type\":\"SearchAction\",\"target\":{\"@type\":\"EntryPoint\",\"urlTemplate\":\"https:\\\/\\\/mwc-cmm.org\\\/en\\\/?s={search_term_string}\"},\"query-input\":{\"@type\":\"PropertyValueSpecification\",\"valueRequired\":true,\"valueName\":\"search_term_string\"}}],\"inLanguage\":\"fr-FR\"},{\"@type\":\"Organization\",\"@id\":\"https:\\\/\\\/mwc-cmm.org\\\/en\\\/#organization\",\"name\":\"Mennonite World Conference\",\"alternateName\":\"MWC\",\"url\":\"https:\\\/\\\/mwc-cmm.org\\\/en\\\/\",\"logo\":{\"@type\":\"ImageObject\",\"inLanguage\":\"fr-FR\",\"@id\":\"https:\\\/\\\/mwc-cmm.org\\\/en\\\/#\\\/schema\\\/logo\\\/image\\\/\",\"url\":\"https:\\\/\\\/mwc-cmm.org\\\/wp-content\\\/uploads\\\/2026\\\/01\\\/MWC_Sig_Blue_Horiz_webheader1-logo.svg\",\"contentUrl\":\"https:\\\/\\\/mwc-cmm.org\\\/wp-content\\\/uploads\\\/2026\\\/01\\\/MWC_Sig_Blue_Horiz_webheader1-logo.svg\",\"width\":786,\"height\":82,\"caption\":\"Mennonite World Conference\"},\"image\":{\"@id\":\"https:\\\/\\\/mwc-cmm.org\\\/en\\\/#\\\/schema\\\/logo\\\/image\\\/\"},\"sameAs\":[\"https:\\\/\\\/www.facebook.com\\\/MennoniteWorldConference\",\"https:\\\/\\\/www.linkedin.com\\\/company\\\/mennonite-world-conference-mwc\\\/\",\"https:\\\/\\\/www.instagram.com\\\/mwcmm\\\/\",\"https:\\\/\\\/www.youtube.com\\\/user\\\/mwccmm\",\"https:\\\/\\\/bsky.app\\\/profile\\\/mwcmm.bsky.social\"]},{\"@type\":\"Person\",\"@id\":\"https:\\\/\\\/mwc-cmm.org\\\/en\\\/#\\\/schema\\\/person\\\/11f6ae0d7d1868ba20a1cc27f067c836\",\"name\":\"mennworldcon\",\"image\":{\"@type\":\"ImageObject\",\"inLanguage\":\"fr-FR\",\"@id\":\"https:\\\/\\\/secure.gravatar.com\\\/avatar\\\/06fdc0dc81c157dfdb82ec42f252178a22307808988d22c043f9eb96f1e0fe80?s=96&d=mm&r=g\",\"url\":\"https:\\\/\\\/secure.gravatar.com\\\/avatar\\\/06fdc0dc81c157dfdb82ec42f252178a22307808988d22c043f9eb96f1e0fe80?s=96&d=mm&r=g\",\"contentUrl\":\"https:\\\/\\\/secure.gravatar.com\\\/avatar\\\/06fdc0dc81c157dfdb82ec42f252178a22307808988d22c043f9eb96f1e0fe80?s=96&d=mm&r=g\",\"caption\":\"mennworldcon\"},\"sameAs\":[\"https:\\\/\\\/mwc-cmm.org\"],\"url\":\"https:\\\/\\\/mwc-cmm.org\\\/fr\\\/stories\\\/author\\\/mennworldcon\\\/\"}]}<\/script>\n<!-- \/ Yoast SEO plugin. -->","yoast_head_json":{"title":"R\u00e9conciliation avec la r\u00e9forme radicale - Mennonite World Conference","robots":{"index":"index","follow":"follow","max-snippet":"max-snippet:-1","max-image-preview":"max-image-preview:large","max-video-preview":"max-video-preview:-1"},"canonical":"https:\/\/mwc-cmm.org\/fr\/stories\/reconciling-the-radical-reformation-4\/","og_locale":"fr_FR","og_type":"article","og_title":"R\u00e9conciliation avec la r\u00e9forme radicale - Mennonite World Conference","og_description":"NULL","og_url":"https:\/\/mwc-cmm.org\/fr\/stories\/reconciling-the-radical-reformation-4\/","og_site_name":"Mennonite World Conference","article_publisher":"https:\/\/www.facebook.com\/MennoniteWorldConference","article_published_time":"2016-07-22T00:00:00+00:00","article_modified_time":"2024-12-10T17:14:15+00:00","og_image":[{"width":800,"height":533,"url":"https:\/\/mwc-cmm.org\/wp-content\/uploads\/2024\/11\/paraguay_asuncion_mennonite_world_conference-lowell_brown-15_jul_200_030_-_small.jpg","type":"image\/jpeg"}],"author":"mennworldcon","schema":{"@context":"https:\/\/schema.org","@graph":[{"@type":"Article","@id":"https:\/\/mwc-cmm.org\/fr\/stories\/reconciling-the-radical-reformation-4\/#article","isPartOf":{"@id":"https:\/\/mwc-cmm.org\/fr\/stories\/reconciling-the-radical-reformation-4\/"},"author":{"name":"mennworldcon","@id":"https:\/\/mwc-cmm.org\/en\/#\/schema\/person\/11f6ae0d7d1868ba20a1cc27f067c836"},"headline":"R\u00e9conciliation avec la r\u00e9forme radicale","datePublished":"2016-07-22T00:00:00+00:00","dateModified":"2024-12-10T17:14:15+00:00","mainEntityOfPage":{"@id":"https:\/\/mwc-cmm.org\/fr\/stories\/reconciling-the-radical-reformation-4\/"},"wordCount":749,"publisher":{"@id":"https:\/\/mwc-cmm.org\/en\/#organization"},"image":{"@id":"https:\/\/mwc-cmm.org\/fr\/stories\/reconciling-the-radical-reformation-4\/#primaryimage"},"thumbnailUrl":"https:\/\/mwc-cmm.org\/wp-content\/uploads\/2024\/11\/paraguay_asuncion_mennonite_world_conference-lowell_brown-15_jul_200_030_-_small.jpg","articleSection":["Non classifi\u00e9(e)"],"inLanguage":"fr-FR"},{"@type":"WebPage","@id":"https:\/\/mwc-cmm.org\/fr\/stories\/reconciling-the-radical-reformation-4\/","url":"https:\/\/mwc-cmm.org\/fr\/stories\/reconciling-the-radical-reformation-4\/","name":"R\u00e9conciliation avec la r\u00e9forme radicale - Mennonite World Conference","isPartOf":{"@id":"https:\/\/mwc-cmm.org\/en\/#website"},"primaryImageOfPage":{"@id":"https:\/\/mwc-cmm.org\/fr\/stories\/reconciling-the-radical-reformation-4\/#primaryimage"},"image":{"@id":"https:\/\/mwc-cmm.org\/fr\/stories\/reconciling-the-radical-reformation-4\/#primaryimage"},"thumbnailUrl":"https:\/\/mwc-cmm.org\/wp-content\/uploads\/2024\/11\/paraguay_asuncion_mennonite_world_conference-lowell_brown-15_jul_200_030_-_small.jpg","datePublished":"2016-07-22T00:00:00+00:00","dateModified":"2024-12-10T17:14:15+00:00","breadcrumb":{"@id":"https:\/\/mwc-cmm.org\/fr\/stories\/reconciling-the-radical-reformation-4\/#breadcrumb"},"inLanguage":"fr-FR","potentialAction":[{"@type":"ReadAction","target":["https:\/\/mwc-cmm.org\/fr\/stories\/reconciling-the-radical-reformation-4\/"]}]},{"@type":"ImageObject","inLanguage":"fr-FR","@id":"https:\/\/mwc-cmm.org\/fr\/stories\/reconciling-the-radical-reformation-4\/#primaryimage","url":"https:\/\/mwc-cmm.org\/wp-content\/uploads\/2024\/11\/paraguay_asuncion_mennonite_world_conference-lowell_brown-15_jul_200_030_-_small.jpg","contentUrl":"https:\/\/mwc-cmm.org\/wp-content\/uploads\/2024\/11\/paraguay_asuncion_mennonite_world_conference-lowell_brown-15_jul_200_030_-_small.jpg","width":800,"height":533},{"@type":"BreadcrumbList","@id":"https:\/\/mwc-cmm.org\/fr\/stories\/reconciling-the-radical-reformation-4\/#breadcrumb","itemListElement":[{"@type":"ListItem","position":1,"name":"Home","item":"https:\/\/mwc-cmm.org\/fr\/"},{"@type":"ListItem","position":2,"name":"R\u00e9conciliation avec la r\u00e9forme radicale"}]},{"@type":"WebSite","@id":"https:\/\/mwc-cmm.org\/en\/#website","url":"https:\/\/mwc-cmm.org\/en\/","name":"Mennonite World Conference","description":"A communion of Anabaptist-related churches","publisher":{"@id":"https:\/\/mwc-cmm.org\/en\/#organization"},"alternateName":"MWC","potentialAction":[{"@type":"SearchAction","target":{"@type":"EntryPoint","urlTemplate":"https:\/\/mwc-cmm.org\/en\/?s={search_term_string}"},"query-input":{"@type":"PropertyValueSpecification","valueRequired":true,"valueName":"search_term_string"}}],"inLanguage":"fr-FR"},{"@type":"Organization","@id":"https:\/\/mwc-cmm.org\/en\/#organization","name":"Mennonite World Conference","alternateName":"MWC","url":"https:\/\/mwc-cmm.org\/en\/","logo":{"@type":"ImageObject","inLanguage":"fr-FR","@id":"https:\/\/mwc-cmm.org\/en\/#\/schema\/logo\/image\/","url":"https:\/\/mwc-cmm.org\/wp-content\/uploads\/2026\/01\/MWC_Sig_Blue_Horiz_webheader1-logo.svg","contentUrl":"https:\/\/mwc-cmm.org\/wp-content\/uploads\/2026\/01\/MWC_Sig_Blue_Horiz_webheader1-logo.svg","width":786,"height":82,"caption":"Mennonite World Conference"},"image":{"@id":"https:\/\/mwc-cmm.org\/en\/#\/schema\/logo\/image\/"},"sameAs":["https:\/\/www.facebook.com\/MennoniteWorldConference","https:\/\/www.linkedin.com\/company\/mennonite-world-conference-mwc\/","https:\/\/www.instagram.com\/mwcmm\/","https:\/\/www.youtube.com\/user\/mwccmm","https:\/\/bsky.app\/profile\/mwcmm.bsky.social"]},{"@type":"Person","@id":"https:\/\/mwc-cmm.org\/en\/#\/schema\/person\/11f6ae0d7d1868ba20a1cc27f067c836","name":"mennworldcon","image":{"@type":"ImageObject","inLanguage":"fr-FR","@id":"https:\/\/secure.gravatar.com\/avatar\/06fdc0dc81c157dfdb82ec42f252178a22307808988d22c043f9eb96f1e0fe80?s=96&d=mm&r=g","url":"https:\/\/secure.gravatar.com\/avatar\/06fdc0dc81c157dfdb82ec42f252178a22307808988d22c043f9eb96f1e0fe80?s=96&d=mm&r=g","contentUrl":"https:\/\/secure.gravatar.com\/avatar\/06fdc0dc81c157dfdb82ec42f252178a22307808988d22c043f9eb96f1e0fe80?s=96&d=mm&r=g","caption":"mennworldcon"},"sameAs":["https:\/\/mwc-cmm.org"],"url":"https:\/\/mwc-cmm.org\/fr\/stories\/author\/mennworldcon\/"}]}},"_links":{"self":[{"href":"https:\/\/mwc-cmm.org\/fr\/wp-json\/wp\/v2\/posts\/9811","targetHints":{"allow":["GET"]}}],"collection":[{"href":"https:\/\/mwc-cmm.org\/fr\/wp-json\/wp\/v2\/posts"}],"about":[{"href":"https:\/\/mwc-cmm.org\/fr\/wp-json\/wp\/v2\/types\/post"}],"author":[{"embeddable":true,"href":"https:\/\/mwc-cmm.org\/fr\/wp-json\/wp\/v2\/users\/1"}],"replies":[{"embeddable":true,"href":"https:\/\/mwc-cmm.org\/fr\/wp-json\/wp\/v2\/comments?post=9811"}],"version-history":[{"count":0,"href":"https:\/\/mwc-cmm.org\/fr\/wp-json\/wp\/v2\/posts\/9811\/revisions"}],"wp:featuredmedia":[{"embeddable":true,"href":"https:\/\/mwc-cmm.org\/fr\/wp-json\/wp\/v2\/media\/88038"}],"wp:attachment":[{"href":"https:\/\/mwc-cmm.org\/fr\/wp-json\/wp\/v2\/media?parent=9811"}],"wp:term":[{"taxonomy":"category","embeddable":true,"href":"https:\/\/mwc-cmm.org\/fr\/wp-json\/wp\/v2\/categories?post=9811"},{"taxonomy":"post_tag","embeddable":true,"href":"https:\/\/mwc-cmm.org\/fr\/wp-json\/wp\/v2\/tags?post=9811"},{"taxonomy":"network","embeddable":true,"href":"https:\/\/mwc-cmm.org\/fr\/wp-json\/wp\/v2\/network?post=9811"},{"taxonomy":"eventcategory","embeddable":true,"href":"https:\/\/mwc-cmm.org\/fr\/wp-json\/wp\/v2\/eventcategory?post=9811"}],"curies":[{"name":"wp","href":"https:\/\/api.w.org\/{rel}","templated":true}]}}