{"id":9798,"date":"2016-05-19T00:00:00","date_gmt":"2016-05-19T00:00:00","guid":{"rendered":"https:\/\/mwc-cmm.org\/global-young-adult-advocates-at-un-with-mcc-4\/"},"modified":"2024-12-10T17:14:11","modified_gmt":"2024-12-10T17:14:11","slug":"global-young-adult-advocates-at-un-with-mcc-4","status":"publish","type":"post","link":"https:\/\/mwc-cmm.org\/fr\/stories\/global-young-adult-advocates-at-un-with-mcc-4\/","title":{"rendered":"Un jeune adulte poursuit des actions de plaidoyer aux Nations Unies avec le MCC"},"content":{"rendered":"<p>New York (\u00c9.-U.) \u2013 Juan Sebasti\u00e1n Pacheco Lozano est particuli\u00e8rement qualifi\u00e9 pour le poste de<a href=\"http:\/\/mcc.org\/get-involved\/serve\/volunteer\/ivep\"> International Volunteer Exchange Program (IVEP)<\/a> cette ann\u00e9e comme stagiaire de la Conf\u00e9rence Mennonite Mondiale au bureau du Comit\u00e9 central mennonite (MCC) \u00e0 l\u2019ONU.<\/p>\n<p>De 2011 \u00e0 2013, Juan Sebasti\u00e1n Pacheco Lozano a appris \u00e0 aborder les questions de la violence, de la pauvret\u00e9 et de l\u2019oppression lorsqu\u2019il \u00e9tait un des dix participants nationaux et internationaux du programme du MCC, <a href=\"http:\/\/mcc.org\/get-involved\/serve\/volunteer\/seed\/fr\">Seed<\/a>, en Colombie.<\/p>\n<p>\u00c2g\u00e9 de 36 ans, Juan Sebasti\u00e1n Pacheco Lozano, membre de l\u2019\u00c9glise mennonite Teusaquillo \u00e0 Bogot\u00e1, a travaill\u00e9 en partenariat avec les \u00c9glises des fr\u00e8res mennonites en Colombie et avec des organisations locales \u00e0 but non lucratif.<\/p>\n<p>Juan Sebasti\u00e1n Pacheco Lozano dit que le programme Seed lui a donn\u00e9 la possibilit\u00e9 d\u2019apprendre de personnes d\u2019horizons divers sur les plans politique, th\u00e9ologique et culturel et de collaborer avec elles. Ces personnes lui ont enseign\u00e9 comment les \u00e9glises locales peuvent \u00eatre des forces positives pour le changement dans leur collectivit\u00e9.<\/p>\n<p>Il apporte maintenant toute cette exp\u00e9rience locale sur la sc\u00e8ne mondiale.<\/p>\n<p>\u00ca l\u2019ONU, Juan Sebasti\u00e1n Pacheco Lozano travaille sur des questions qui ont un impact direct sur ses concitoyens colombiens, notamment la s\u00e9curit\u00e9 dans les mines, la qualit\u00e9 de l\u2019eau et le syst\u00e8me sanitaire, et sur des questions qui refl\u00e8tent les priorit\u00e9s des partenaires mondiaux du MCC dans d\u2019autres r\u00e9gions du monde.<\/p>\n<p>\u00ab Nos participants du programme IVEP font entendre la voix du Sud dans notre travail \u00e0 l\u2019ONU \u00bb, dit Doug Hostetter, directeur du bureau du MCC \u00e0 l\u2019ONU. \u00ab Ils ont la passion du travail pour la paix et la justice dans leurs contextes locaux. \u00bb<\/p>\n<p>Les stagiaires au bureau de l\u2019ONU sont s\u00e9lectionn\u00e9s au sein des \u00e9glises membres de la CMM en Am\u00e9rique latine, en Afrique et en Asie. Le MCC accepte actuellement les candidatures pour un stagiaire en provenance d\u2019Asie pour la p\u00e9riode de 2017-2018.<\/p>\n<p>Pacheco Lozano dit que le moment fort de son travail \u00e0 l\u2019ONU, jusqu\u2019\u00e0 maintenant, fut le privil\u00e8ge d\u2019entendre le pr\u00e9sident colombien Juan Manuel Santos parler des pourparlers de paix entre le gouvernement et le groupe rebelle Les Forces arm\u00e9es r\u00e9volutionnaires de Colombie (FARC) lors de l\u2019Assembl\u00e9e g\u00e9n\u00e9rale en septembre 2015.<\/p>\n<p>Juan Sebasti\u00e1n Pacheco Lozano \u00e9coutait avec un sentiment d\u2019espoir renouvel\u00e9 pendant que le pr\u00e9sident de son pays d\u00e9crivait les nouvelles avanc\u00e9es du processus et qu\u2019il d\u00e9clarait \u00ab La Colombie est sur le chemin de la paix. \u00bb<\/p>\n<p>Quant \u00e0 Tigist Tesfaye Gelagle, participante d\u2019IVEP (2008\u20132009), son service au bureau du<\/p>\n<p>MCC \u00e0 l\u2019ONU a fa\u00e7onn\u00e9 sa carri\u00e8re et l\u2019a encourag\u00e9e \u00e0 occuper des postes de direction au sein de la communaut\u00e9 de la CMM.<\/p>\n<p>\u00ca son retour au pays, en \u00c9thiopie, elle a servi avec des organisations internationales \u00e0 but non lucratif dont Mennonite Economic Development Associates (MEDA). Inspir\u00e9e par son exp\u00e9rience \u00e0 l\u2019ONU, elle a \u00e9tudi\u00e9 et obtenu une ma\u00eetrise en d\u00e9veloppement \u00e9conomique en 2013; elle poursuit maintenant des \u00e9tudes sup\u00e9rieures en \u00e9tudes bibliques et en th\u00e9ologie.<\/p>\n<p>Elle a servi comme repr\u00e9sentante africaine au Comit\u00e9 des Jeunes Anabaptistes de la CMM (2011-2015) et est aujourd\u2019hui mentor pour le pr\u00e9sent comit\u00e9. Elle a \u00e9t\u00e9 une des conf\u00e9renci\u00e8res des Jeunes Anabaptistes \u00e0 Pennsylvania 2015.<\/p>\n<\/p>\n<p><em>Article par Rachel Sommer, MCC<\/em><\/p>\n<p><em>Un communiqu\u00e9 de presse commun de la Conf\u00e9rence Mennonite Mondiale et du Comit\u00e9 central menn<\/em>onite.<\/p><\/p>\n","protected":false},"excerpt":{"rendered":"<p>NULL<\/p>\n","protected":false},"author":1,"featured_media":87898,"comment_status":"closed","ping_status":"closed","sticky":false,"template":"","format":"standard","meta":{"_acf_changed":false,"footnotes":""},"categories":[7],"tags":[1148,396,1132],"network":[1285],"eventcategory":[],"class_list":["post-9798","post","type-post","status-publish","format-standard","has-post-thumbnail","hentry","category-non-classifiee","tag-jeunes","tag-yabs-fr","tag-young-people-fr","network-young-anabaptists-fr"],"acf":[],"yoast_head":"<!-- This site is optimized with the Yoast SEO plugin v27.2 - https:\/\/yoast.com\/product\/yoast-seo-wordpress\/ -->\n<title>Un jeune adulte poursuit des actions de plaidoyer aux Nations Unies avec le MCC - Mennonite World Conference<\/title>\n<meta name=\"robots\" content=\"index, follow, max-snippet:-1, max-image-preview:large, max-video-preview:-1\" \/>\n<link rel=\"canonical\" href=\"https:\/\/mwc-cmm.org\/en\/stories\/global-young-adult-advocates-at-un-with-mcc\/\" \/>\n<meta property=\"og:locale\" content=\"fr_FR\" \/>\n<meta property=\"og:type\" content=\"article\" \/>\n<meta property=\"og:title\" content=\"Un jeune adulte poursuit des actions de plaidoyer aux Nations Unies avec le MCC - Mennonite World Conference\" \/>\n<meta property=\"og:description\" content=\"NULL\" \/>\n<meta property=\"og:url\" content=\"https:\/\/mwc-cmm.org\/en\/stories\/global-young-adult-advocates-at-un-with-mcc\/\" \/>\n<meta property=\"og:site_name\" content=\"Mennonite World Conference\" \/>\n<meta property=\"article:publisher\" content=\"https:\/\/www.facebook.com\/MennoniteWorldConference\" \/>\n<meta property=\"article:published_time\" content=\"2016-05-19T00:00:00+00:00\" \/>\n<meta property=\"article:modified_time\" content=\"2024-12-10T17:14:11+00:00\" \/>\n<meta property=\"og:image\" content=\"https:\/\/mwc-cmm.org\/wp-content\/uploads\/2024\/11\/img_4387-001-scaled.jpg\" \/>\n\t<meta property=\"og:image:width\" content=\"1942\" \/>\n\t<meta property=\"og:image:height\" content=\"2560\" \/>\n\t<meta property=\"og:image:type\" content=\"image\/jpeg\" \/>\n<meta name=\"author\" content=\"mennworldcon\" \/>\n<script type=\"application\/ld+json\" class=\"yoast-schema-graph\">{\"@context\":\"https:\/\/schema.org\",\"@graph\":[{\"@type\":\"Article\",\"@id\":\"https:\/\/mwc-cmm.org\/en\/stories\/global-young-adult-advocates-at-un-with-mcc\/#article\",\"isPartOf\":{\"@id\":\"https:\/\/mwc-cmm.org\/en\/stories\/global-young-adult-advocates-at-un-with-mcc\/\"},\"author\":{\"name\":\"mennworldcon\",\"@id\":\"https:\/\/mwc-cmm.org\/en\/#\/schema\/person\/11f6ae0d7d1868ba20a1cc27f067c836\"},\"headline\":\"Un jeune adulte poursuit des actions de plaidoyer aux Nations Unies avec le MCC\",\"datePublished\":\"2016-05-19T00:00:00+00:00\",\"dateModified\":\"2024-12-10T17:14:11+00:00\",\"mainEntityOfPage\":{\"@id\":\"https:\/\/mwc-cmm.org\/en\/stories\/global-young-adult-advocates-at-un-with-mcc\/\"},\"wordCount\":600,\"publisher\":{\"@id\":\"https:\/\/mwc-cmm.org\/en\/#organization\"},\"image\":{\"@id\":\"https:\/\/mwc-cmm.org\/en\/stories\/global-young-adult-advocates-at-un-with-mcc\/#primaryimage\"},\"thumbnailUrl\":\"https:\/\/mwc-cmm.org\/wp-content\/uploads\/2024\/11\/img_4387-001-scaled.jpg\",\"keywords\":[\"jeunes\",\"YABs\",\"young people\"],\"articleSection\":[\"Non classifi\u00e9(e)\"],\"inLanguage\":\"fr-FR\"},{\"@type\":\"WebPage\",\"@id\":\"https:\/\/mwc-cmm.org\/en\/stories\/global-young-adult-advocates-at-un-with-mcc\/\",\"url\":\"https:\/\/mwc-cmm.org\/en\/stories\/global-young-adult-advocates-at-un-with-mcc\/\",\"name\":\"Un jeune adulte poursuit des actions de plaidoyer aux Nations Unies avec le MCC - Mennonite World Conference\",\"isPartOf\":{\"@id\":\"https:\/\/mwc-cmm.org\/en\/#website\"},\"primaryImageOfPage\":{\"@id\":\"https:\/\/mwc-cmm.org\/en\/stories\/global-young-adult-advocates-at-un-with-mcc\/#primaryimage\"},\"image\":{\"@id\":\"https:\/\/mwc-cmm.org\/en\/stories\/global-young-adult-advocates-at-un-with-mcc\/#primaryimage\"},\"thumbnailUrl\":\"https:\/\/mwc-cmm.org\/wp-content\/uploads\/2024\/11\/img_4387-001-scaled.jpg\",\"datePublished\":\"2016-05-19T00:00:00+00:00\",\"dateModified\":\"2024-12-10T17:14:11+00:00\",\"breadcrumb\":{\"@id\":\"https:\/\/mwc-cmm.org\/en\/stories\/global-young-adult-advocates-at-un-with-mcc\/#breadcrumb\"},\"inLanguage\":\"fr-FR\",\"potentialAction\":[{\"@type\":\"ReadAction\",\"target\":[\"https:\/\/mwc-cmm.org\/en\/stories\/global-young-adult-advocates-at-un-with-mcc\/\"]}]},{\"@type\":\"ImageObject\",\"inLanguage\":\"fr-FR\",\"@id\":\"https:\/\/mwc-cmm.org\/en\/stories\/global-young-adult-advocates-at-un-with-mcc\/#primaryimage\",\"url\":\"https:\/\/mwc-cmm.org\/wp-content\/uploads\/2024\/11\/img_4387-001-scaled.jpg\",\"contentUrl\":\"https:\/\/mwc-cmm.org\/wp-content\/uploads\/2024\/11\/img_4387-001-scaled.jpg\",\"width\":1942,\"height\":2560},{\"@type\":\"BreadcrumbList\",\"@id\":\"https:\/\/mwc-cmm.org\/en\/stories\/global-young-adult-advocates-at-un-with-mcc\/#breadcrumb\",\"itemListElement\":[{\"@type\":\"ListItem\",\"position\":1,\"name\":\"Home\",\"item\":\"https:\/\/mwc-cmm.org\/fr\/\"},{\"@type\":\"ListItem\",\"position\":2,\"name\":\"Un jeune adulte poursuit des actions de plaidoyer aux Nations Unies avec le MCC\"}]},{\"@type\":\"WebSite\",\"@id\":\"https:\/\/mwc-cmm.org\/en\/#website\",\"url\":\"https:\/\/mwc-cmm.org\/en\/\",\"name\":\"Mennonite World Conference\",\"description\":\"A communion of Anabaptist-related churches\",\"publisher\":{\"@id\":\"https:\/\/mwc-cmm.org\/en\/#organization\"},\"alternateName\":\"MWC\",\"potentialAction\":[{\"@type\":\"SearchAction\",\"target\":{\"@type\":\"EntryPoint\",\"urlTemplate\":\"https:\/\/mwc-cmm.org\/en\/?s={search_term_string}\"},\"query-input\":{\"@type\":\"PropertyValueSpecification\",\"valueRequired\":true,\"valueName\":\"search_term_string\"}}],\"inLanguage\":\"fr-FR\"},{\"@type\":\"Organization\",\"@id\":\"https:\/\/mwc-cmm.org\/en\/#organization\",\"name\":\"Mennonite World Conference\",\"alternateName\":\"MWC\",\"url\":\"https:\/\/mwc-cmm.org\/en\/\",\"logo\":{\"@type\":\"ImageObject\",\"inLanguage\":\"fr-FR\",\"@id\":\"https:\/\/mwc-cmm.org\/en\/#\/schema\/logo\/image\/\",\"url\":\"https:\/\/mwc-cmm.org\/wp-content\/uploads\/2026\/01\/MWC_Sig_Blue_Horiz_webheader1-logo.svg\",\"contentUrl\":\"https:\/\/mwc-cmm.org\/wp-content\/uploads\/2026\/01\/MWC_Sig_Blue_Horiz_webheader1-logo.svg\",\"width\":786,\"height\":82,\"caption\":\"Mennonite World Conference\"},\"image\":{\"@id\":\"https:\/\/mwc-cmm.org\/en\/#\/schema\/logo\/image\/\"},\"sameAs\":[\"https:\/\/www.facebook.com\/MennoniteWorldConference\",\"https:\/\/www.linkedin.com\/company\/mennonite-world-conference-mwc\/\",\"https:\/\/www.instagram.com\/mwcmm\/\",\"https:\/\/www.youtube.com\/user\/mwccmm\",\"https:\/\/bsky.app\/profile\/mwcmm.bsky.social\"]},{\"@type\":\"Person\",\"@id\":\"https:\/\/mwc-cmm.org\/en\/#\/schema\/person\/11f6ae0d7d1868ba20a1cc27f067c836\",\"name\":\"mennworldcon\",\"image\":{\"@type\":\"ImageObject\",\"inLanguage\":\"fr-FR\",\"@id\":\"https:\/\/secure.gravatar.com\/avatar\/06fdc0dc81c157dfdb82ec42f252178a22307808988d22c043f9eb96f1e0fe80?s=96&d=mm&r=g\",\"url\":\"https:\/\/secure.gravatar.com\/avatar\/06fdc0dc81c157dfdb82ec42f252178a22307808988d22c043f9eb96f1e0fe80?s=96&d=mm&r=g\",\"contentUrl\":\"https:\/\/secure.gravatar.com\/avatar\/06fdc0dc81c157dfdb82ec42f252178a22307808988d22c043f9eb96f1e0fe80?s=96&d=mm&r=g\",\"caption\":\"mennworldcon\"},\"sameAs\":[\"https:\/\/mwc-cmm.org\"],\"url\":\"https:\/\/mwc-cmm.org\/fr\/stories\/author\/mennworldcon\/\"}]}<\/script>\n<!-- \/ Yoast SEO plugin. -->","yoast_head_json":{"title":"Un jeune adulte poursuit des actions de plaidoyer aux Nations Unies avec le MCC - Mennonite World Conference","robots":{"index":"index","follow":"follow","max-snippet":"max-snippet:-1","max-image-preview":"max-image-preview:large","max-video-preview":"max-video-preview:-1"},"canonical":"https:\/\/mwc-cmm.org\/en\/stories\/global-young-adult-advocates-at-un-with-mcc\/","og_locale":"fr_FR","og_type":"article","og_title":"Un jeune adulte poursuit des actions de plaidoyer aux Nations Unies avec le MCC - Mennonite World Conference","og_description":"NULL","og_url":"https:\/\/mwc-cmm.org\/en\/stories\/global-young-adult-advocates-at-un-with-mcc\/","og_site_name":"Mennonite World Conference","article_publisher":"https:\/\/www.facebook.com\/MennoniteWorldConference","article_published_time":"2016-05-19T00:00:00+00:00","article_modified_time":"2024-12-10T17:14:11+00:00","og_image":[{"width":1942,"height":2560,"url":"https:\/\/mwc-cmm.org\/wp-content\/uploads\/2024\/11\/img_4387-001-scaled.jpg","type":"image\/jpeg"}],"author":"mennworldcon","schema":{"@context":"https:\/\/schema.org","@graph":[{"@type":"Article","@id":"https:\/\/mwc-cmm.org\/en\/stories\/global-young-adult-advocates-at-un-with-mcc\/#article","isPartOf":{"@id":"https:\/\/mwc-cmm.org\/en\/stories\/global-young-adult-advocates-at-un-with-mcc\/"},"author":{"name":"mennworldcon","@id":"https:\/\/mwc-cmm.org\/en\/#\/schema\/person\/11f6ae0d7d1868ba20a1cc27f067c836"},"headline":"Un jeune adulte poursuit des actions de plaidoyer aux Nations Unies avec le MCC","datePublished":"2016-05-19T00:00:00+00:00","dateModified":"2024-12-10T17:14:11+00:00","mainEntityOfPage":{"@id":"https:\/\/mwc-cmm.org\/en\/stories\/global-young-adult-advocates-at-un-with-mcc\/"},"wordCount":600,"publisher":{"@id":"https:\/\/mwc-cmm.org\/en\/#organization"},"image":{"@id":"https:\/\/mwc-cmm.org\/en\/stories\/global-young-adult-advocates-at-un-with-mcc\/#primaryimage"},"thumbnailUrl":"https:\/\/mwc-cmm.org\/wp-content\/uploads\/2024\/11\/img_4387-001-scaled.jpg","keywords":["jeunes","YABs","young people"],"articleSection":["Non classifi\u00e9(e)"],"inLanguage":"fr-FR"},{"@type":"WebPage","@id":"https:\/\/mwc-cmm.org\/en\/stories\/global-young-adult-advocates-at-un-with-mcc\/","url":"https:\/\/mwc-cmm.org\/en\/stories\/global-young-adult-advocates-at-un-with-mcc\/","name":"Un jeune adulte poursuit des actions de plaidoyer aux Nations Unies avec le MCC - Mennonite World Conference","isPartOf":{"@id":"https:\/\/mwc-cmm.org\/en\/#website"},"primaryImageOfPage":{"@id":"https:\/\/mwc-cmm.org\/en\/stories\/global-young-adult-advocates-at-un-with-mcc\/#primaryimage"},"image":{"@id":"https:\/\/mwc-cmm.org\/en\/stories\/global-young-adult-advocates-at-un-with-mcc\/#primaryimage"},"thumbnailUrl":"https:\/\/mwc-cmm.org\/wp-content\/uploads\/2024\/11\/img_4387-001-scaled.jpg","datePublished":"2016-05-19T00:00:00+00:00","dateModified":"2024-12-10T17:14:11+00:00","breadcrumb":{"@id":"https:\/\/mwc-cmm.org\/en\/stories\/global-young-adult-advocates-at-un-with-mcc\/#breadcrumb"},"inLanguage":"fr-FR","potentialAction":[{"@type":"ReadAction","target":["https:\/\/mwc-cmm.org\/en\/stories\/global-young-adult-advocates-at-un-with-mcc\/"]}]},{"@type":"ImageObject","inLanguage":"fr-FR","@id":"https:\/\/mwc-cmm.org\/en\/stories\/global-young-adult-advocates-at-un-with-mcc\/#primaryimage","url":"https:\/\/mwc-cmm.org\/wp-content\/uploads\/2024\/11\/img_4387-001-scaled.jpg","contentUrl":"https:\/\/mwc-cmm.org\/wp-content\/uploads\/2024\/11\/img_4387-001-scaled.jpg","width":1942,"height":2560},{"@type":"BreadcrumbList","@id":"https:\/\/mwc-cmm.org\/en\/stories\/global-young-adult-advocates-at-un-with-mcc\/#breadcrumb","itemListElement":[{"@type":"ListItem","position":1,"name":"Home","item":"https:\/\/mwc-cmm.org\/fr\/"},{"@type":"ListItem","position":2,"name":"Un jeune adulte poursuit des actions de plaidoyer aux Nations Unies avec le MCC"}]},{"@type":"WebSite","@id":"https:\/\/mwc-cmm.org\/en\/#website","url":"https:\/\/mwc-cmm.org\/en\/","name":"Mennonite World Conference","description":"A communion of Anabaptist-related churches","publisher":{"@id":"https:\/\/mwc-cmm.org\/en\/#organization"},"alternateName":"MWC","potentialAction":[{"@type":"SearchAction","target":{"@type":"EntryPoint","urlTemplate":"https:\/\/mwc-cmm.org\/en\/?s={search_term_string}"},"query-input":{"@type":"PropertyValueSpecification","valueRequired":true,"valueName":"search_term_string"}}],"inLanguage":"fr-FR"},{"@type":"Organization","@id":"https:\/\/mwc-cmm.org\/en\/#organization","name":"Mennonite World Conference","alternateName":"MWC","url":"https:\/\/mwc-cmm.org\/en\/","logo":{"@type":"ImageObject","inLanguage":"fr-FR","@id":"https:\/\/mwc-cmm.org\/en\/#\/schema\/logo\/image\/","url":"https:\/\/mwc-cmm.org\/wp-content\/uploads\/2026\/01\/MWC_Sig_Blue_Horiz_webheader1-logo.svg","contentUrl":"https:\/\/mwc-cmm.org\/wp-content\/uploads\/2026\/01\/MWC_Sig_Blue_Horiz_webheader1-logo.svg","width":786,"height":82,"caption":"Mennonite World Conference"},"image":{"@id":"https:\/\/mwc-cmm.org\/en\/#\/schema\/logo\/image\/"},"sameAs":["https:\/\/www.facebook.com\/MennoniteWorldConference","https:\/\/www.linkedin.com\/company\/mennonite-world-conference-mwc\/","https:\/\/www.instagram.com\/mwcmm\/","https:\/\/www.youtube.com\/user\/mwccmm","https:\/\/bsky.app\/profile\/mwcmm.bsky.social"]},{"@type":"Person","@id":"https:\/\/mwc-cmm.org\/en\/#\/schema\/person\/11f6ae0d7d1868ba20a1cc27f067c836","name":"mennworldcon","image":{"@type":"ImageObject","inLanguage":"fr-FR","@id":"https:\/\/secure.gravatar.com\/avatar\/06fdc0dc81c157dfdb82ec42f252178a22307808988d22c043f9eb96f1e0fe80?s=96&d=mm&r=g","url":"https:\/\/secure.gravatar.com\/avatar\/06fdc0dc81c157dfdb82ec42f252178a22307808988d22c043f9eb96f1e0fe80?s=96&d=mm&r=g","contentUrl":"https:\/\/secure.gravatar.com\/avatar\/06fdc0dc81c157dfdb82ec42f252178a22307808988d22c043f9eb96f1e0fe80?s=96&d=mm&r=g","caption":"mennworldcon"},"sameAs":["https:\/\/mwc-cmm.org"],"url":"https:\/\/mwc-cmm.org\/fr\/stories\/author\/mennworldcon\/"}]}},"_links":{"self":[{"href":"https:\/\/mwc-cmm.org\/fr\/wp-json\/wp\/v2\/posts\/9798","targetHints":{"allow":["GET"]}}],"collection":[{"href":"https:\/\/mwc-cmm.org\/fr\/wp-json\/wp\/v2\/posts"}],"about":[{"href":"https:\/\/mwc-cmm.org\/fr\/wp-json\/wp\/v2\/types\/post"}],"author":[{"embeddable":true,"href":"https:\/\/mwc-cmm.org\/fr\/wp-json\/wp\/v2\/users\/1"}],"replies":[{"embeddable":true,"href":"https:\/\/mwc-cmm.org\/fr\/wp-json\/wp\/v2\/comments?post=9798"}],"version-history":[{"count":0,"href":"https:\/\/mwc-cmm.org\/fr\/wp-json\/wp\/v2\/posts\/9798\/revisions"}],"wp:featuredmedia":[{"embeddable":true,"href":"https:\/\/mwc-cmm.org\/fr\/wp-json\/wp\/v2\/media\/87898"}],"wp:attachment":[{"href":"https:\/\/mwc-cmm.org\/fr\/wp-json\/wp\/v2\/media?parent=9798"}],"wp:term":[{"taxonomy":"category","embeddable":true,"href":"https:\/\/mwc-cmm.org\/fr\/wp-json\/wp\/v2\/categories?post=9798"},{"taxonomy":"post_tag","embeddable":true,"href":"https:\/\/mwc-cmm.org\/fr\/wp-json\/wp\/v2\/tags?post=9798"},{"taxonomy":"network","embeddable":true,"href":"https:\/\/mwc-cmm.org\/fr\/wp-json\/wp\/v2\/network?post=9798"},{"taxonomy":"eventcategory","embeddable":true,"href":"https:\/\/mwc-cmm.org\/fr\/wp-json\/wp\/v2\/eventcategory?post=9798"}],"curies":[{"name":"wp","href":"https:\/\/api.w.org\/{rel}","templated":true}]}}