{"id":9789,"date":"2016-04-27T00:00:00","date_gmt":"2016-04-27T00:00:00","guid":{"rendered":"https:\/\/mwc-cmm.org\/recognizing-our-interconnectedness-4\/"},"modified":"2024-12-10T17:14:06","modified_gmt":"2024-12-10T17:14:06","slug":"recognizing-our-interconnectedness-4","status":"publish","type":"post","link":"https:\/\/mwc-cmm.org\/fr\/stories\/recognizing-our-interconnectedness-4\/","title":{"rendered":"Reconna\u00eetre notre interd\u00e9pendance"},"content":{"rendered":"<hr \/>\n<p><em>Comme les quatre cavit\u00e9s du c\u0153ur, les quatre commissions de la CMM servent la communaut\u00e9 mondiale des \u00e9glises anabaptistes dans les domaines suivants : diacres, foi et vie, paix et mission. Les commissions pr\u00e9parent du mat\u00e9riel \u00e0 l\u2019intention du Conseil G\u00e9n\u00e9ral, donnent des conseils et proposent des ressources aux \u00e9glises membres et facilitent le travail des r\u00e9seaux ou des fraternit\u00e9s de la CMM qui \u0153uvrent ensemble sur des questions et des pr\u00e9occupations d\u2019int\u00e9r\u00eat commun. Ci-dessous, une des commissions communique un message de leur minist\u00e8re.<\/em><\/p>\n<hr \/>\n<p>Il existe un terme sud-africain qui fut d\u00e9terminant dans le parcours difficile de ce peuple \u00e0 la recherche de r\u00e9conciliation :<em> ubuntu<\/em>. Les langues occidentales n\u2019ont pas d\u2019\u00e9quivalent pour <em>ubuntu<\/em>, un mot qui exprime l\u2019essence de l\u2019humanit\u00e9 et son interd\u00e9pendance. Ce terme est devenu, en quelque sorte, une fa\u00e7on abr\u00e9g\u00e9e d\u2019exprimer le proverbe zoulou <em>umuntu ngumuntu ngabantu<\/em>, traduit approximativement par \u00ab une personne est une personne \u00e0 cause des autres personnes \u00bb. Ce qui affecte l\u2019un affecte l\u2019autre, et c\u2019est important car notre humanit\u00e9 \u2013 notre \u00eatre \u2013 d\u00e9pend de l\u2019autre.<\/p>\n<p>Ces notions vont \u00e0 l\u2019encontre de l\u2019individualisme occidental. Elles permettent d\u2019imaginer diff\u00e9remment le comment vivre et le comment interagir avec l\u2019autre. Si nous voyons les autres au-del\u00e0 de nous-m\u00eames, nous pouvons explorer des mani\u00e8res de parler, de marcher l\u2019un avec l\u2019autre dans notre qu\u00eate commune d\u2019humanit\u00e9 et de dignit\u00e9.<\/p>\n<p>Nos s\u0153urs et nos fr\u00e8res autochtones australiens nous le rappellent bien : \u00ab Si vous venez ici pour m\u2019aider, vous perdez votre temps. Si vous venez parce que votre lib\u00e9ration d\u00e9pend de la mienne, travaillons ensemble. \u00bb<\/p>\n<p>Comme anabaptistes, nous avons une pr\u00e9occupation historique et permanente \u00e0 l\u2019\u00e9gard de la paix (<em>shalom<\/em>), qui est \u00e9troitement li\u00e9e \u00e0 des questions de justice. En tant que disciples du Christ qui voient la paix comme \u00e9vangile, nous avons un lourd fardeau quoique n\u00e9cessaire : nous devons marcher les uns avec les autres quand nous t\u00e9moignons ensemble du Royaume de paix de Dieu sur terre. En effet, comme la citation ci-dessus le souligne, notre qu\u00eate de paix et de justice dans notre monde d\u00e9pend de notre marche avec l&rsquo;autre, de l&rsquo;autre c\u00f4t\u00e9 de la rue jusqu\u2019\u00e0 l\u2019autre bout du monde. Aimer notre prochain comme nous-m\u00eames comme J\u00e9sus l\u2019a enseign\u00e9 est le fondement sur lequel on construit une perspective <em>ubuntu<\/em>.<\/p>\n<p>Malheureusement, la r\u00e9alit\u00e9 actuelle en Afrique du Sud nous enseigne aussi ce qui se passe quand nous ne r\u00e9ussissons pas \u00e0 reconna\u00eetre ensemble notre humanit\u00e9 commune et interd\u00e9pendante. La cupidit\u00e9, l\u2019abus de pouvoir, le racisme et l\u2019\u00e9go\u00efsme commencent \u00e0 ronger et \u00e0 dissoudre la communaut\u00e9. Les personnes qui sont privil\u00e9gi\u00e9es et \u00e0 l\u2019aise ont tendance \u00e0 oublier les personnes qui souffrent. Puis rapidement, comme Ca\u00efn, nous oublions d\u2019\u00eatre le gardien de notre fr\u00e8re (et de notre s\u0153ur!) (Gen\u00e8se 4,9).<\/p>\n<p>Si nous sommes s\u00e9rieusement int\u00e9ress\u00e9s \u00e0 rechercher la justice et \u00e0 incarner la paix dans notre monde, alors nous sommes charg\u00e9s en tant qu\u2019\u00c9glise, peuple \u00ab appel\u00e9 \u00bb, \u00e0 rechercher le Royaume de paix de Dieu et \u00e0 marcher avec les autres dans cette poursuite. Comme nous le rappellent nos s\u0153urs et nos fr\u00e8res sud-africains, c\u2019est la fa\u00e7on de mieux comprendre notre identit\u00e9 et notre \u00eatre profond.<\/p>\n<p>Souvenons-nous de cela quand nous marchons avec Dieu et avec les autres.<\/p>\n<p><em>\u2014Andrew Suderman, secr\u00e9taire de la Commission Paix de la Conf\u00e9rence Mennonite Mondiale<\/em><\/p><\/p>\n","protected":false},"excerpt":{"rendered":"<p>NULL<\/p>\n","protected":false},"author":1,"featured_media":87800,"comment_status":"closed","ping_status":"closed","sticky":false,"template":"","format":"standard","meta":{"_acf_changed":false,"footnotes":""},"categories":[7],"tags":[],"network":[1254],"eventcategory":[],"class_list":["post-9789","post","type-post","status-publish","format-standard","has-post-thumbnail","hentry","category-non-classifiee","network-peace-commission-fr"],"acf":[],"yoast_head":"<!-- This site is optimized with the Yoast SEO plugin v27.5 - https:\/\/yoast.com\/product\/yoast-seo-wordpress\/ -->\n<title>Reconna\u00eetre notre interd\u00e9pendance - Mennonite World Conference<\/title>\n<meta name=\"robots\" content=\"index, follow, max-snippet:-1, max-image-preview:large, max-video-preview:-1\" \/>\n<link rel=\"canonical\" href=\"https:\/\/mwc-cmm.org\/en\/stories\/recognizing-our-interconnectedness\/\" \/>\n<meta property=\"og:locale\" content=\"fr_FR\" \/>\n<meta property=\"og:type\" content=\"article\" \/>\n<meta property=\"og:title\" content=\"Reconna\u00eetre notre interd\u00e9pendance - Mennonite World Conference\" \/>\n<meta property=\"og:description\" content=\"NULL\" \/>\n<meta property=\"og:url\" content=\"https:\/\/mwc-cmm.org\/en\/stories\/recognizing-our-interconnectedness\/\" \/>\n<meta property=\"og:site_name\" content=\"Mennonite World Conference\" \/>\n<meta property=\"article:publisher\" content=\"https:\/\/www.facebook.com\/MennoniteWorldConference\" \/>\n<meta property=\"article:published_time\" content=\"2016-04-27T00:00:00+00:00\" \/>\n<meta property=\"article:modified_time\" content=\"2024-12-10T17:14:06+00:00\" \/>\n<meta property=\"og:image\" content=\"https:\/\/mwc-cmm.org\/wp-content\/uploads\/2024\/11\/fol_edited-1-scaled.jpg\" \/>\n\t<meta property=\"og:image:width\" content=\"2560\" \/>\n\t<meta property=\"og:image:height\" content=\"1707\" \/>\n\t<meta property=\"og:image:type\" content=\"image\/jpeg\" \/>\n<meta name=\"author\" content=\"mennworldcon\" \/>\n<script type=\"application\/ld+json\" class=\"yoast-schema-graph\">{\"@context\":\"https:\\\/\\\/schema.org\",\"@graph\":[{\"@type\":\"Article\",\"@id\":\"https:\\\/\\\/mwc-cmm.org\\\/en\\\/stories\\\/recognizing-our-interconnectedness\\\/#article\",\"isPartOf\":{\"@id\":\"https:\\\/\\\/mwc-cmm.org\\\/en\\\/stories\\\/recognizing-our-interconnectedness\\\/\"},\"author\":{\"name\":\"mennworldcon\",\"@id\":\"https:\\\/\\\/mwc-cmm.org\\\/en\\\/#\\\/schema\\\/person\\\/11f6ae0d7d1868ba20a1cc27f067c836\"},\"headline\":\"Reconna\u00eetre notre interd\u00e9pendance\",\"datePublished\":\"2016-04-27T00:00:00+00:00\",\"dateModified\":\"2024-12-10T17:14:06+00:00\",\"mainEntityOfPage\":{\"@id\":\"https:\\\/\\\/mwc-cmm.org\\\/en\\\/stories\\\/recognizing-our-interconnectedness\\\/\"},\"wordCount\":612,\"publisher\":{\"@id\":\"https:\\\/\\\/mwc-cmm.org\\\/en\\\/#organization\"},\"image\":{\"@id\":\"https:\\\/\\\/mwc-cmm.org\\\/en\\\/stories\\\/recognizing-our-interconnectedness\\\/#primaryimage\"},\"thumbnailUrl\":\"https:\\\/\\\/mwc-cmm.org\\\/wp-content\\\/uploads\\\/2024\\\/11\\\/fol_edited-1-scaled.jpg\",\"articleSection\":[\"Non classifi\u00e9(e)\"],\"inLanguage\":\"fr-FR\"},{\"@type\":\"WebPage\",\"@id\":\"https:\\\/\\\/mwc-cmm.org\\\/en\\\/stories\\\/recognizing-our-interconnectedness\\\/\",\"url\":\"https:\\\/\\\/mwc-cmm.org\\\/en\\\/stories\\\/recognizing-our-interconnectedness\\\/\",\"name\":\"Reconna\u00eetre notre interd\u00e9pendance - Mennonite World Conference\",\"isPartOf\":{\"@id\":\"https:\\\/\\\/mwc-cmm.org\\\/en\\\/#website\"},\"primaryImageOfPage\":{\"@id\":\"https:\\\/\\\/mwc-cmm.org\\\/en\\\/stories\\\/recognizing-our-interconnectedness\\\/#primaryimage\"},\"image\":{\"@id\":\"https:\\\/\\\/mwc-cmm.org\\\/en\\\/stories\\\/recognizing-our-interconnectedness\\\/#primaryimage\"},\"thumbnailUrl\":\"https:\\\/\\\/mwc-cmm.org\\\/wp-content\\\/uploads\\\/2024\\\/11\\\/fol_edited-1-scaled.jpg\",\"datePublished\":\"2016-04-27T00:00:00+00:00\",\"dateModified\":\"2024-12-10T17:14:06+00:00\",\"breadcrumb\":{\"@id\":\"https:\\\/\\\/mwc-cmm.org\\\/en\\\/stories\\\/recognizing-our-interconnectedness\\\/#breadcrumb\"},\"inLanguage\":\"fr-FR\",\"potentialAction\":[{\"@type\":\"ReadAction\",\"target\":[\"https:\\\/\\\/mwc-cmm.org\\\/en\\\/stories\\\/recognizing-our-interconnectedness\\\/\"]}]},{\"@type\":\"ImageObject\",\"inLanguage\":\"fr-FR\",\"@id\":\"https:\\\/\\\/mwc-cmm.org\\\/en\\\/stories\\\/recognizing-our-interconnectedness\\\/#primaryimage\",\"url\":\"https:\\\/\\\/mwc-cmm.org\\\/wp-content\\\/uploads\\\/2024\\\/11\\\/fol_edited-1-scaled.jpg\",\"contentUrl\":\"https:\\\/\\\/mwc-cmm.org\\\/wp-content\\\/uploads\\\/2024\\\/11\\\/fol_edited-1-scaled.jpg\",\"width\":2560,\"height\":1707},{\"@type\":\"BreadcrumbList\",\"@id\":\"https:\\\/\\\/mwc-cmm.org\\\/en\\\/stories\\\/recognizing-our-interconnectedness\\\/#breadcrumb\",\"itemListElement\":[{\"@type\":\"ListItem\",\"position\":1,\"name\":\"Home\",\"item\":\"https:\\\/\\\/mwc-cmm.org\\\/fr\\\/\"},{\"@type\":\"ListItem\",\"position\":2,\"name\":\"Reconna\u00eetre notre interd\u00e9pendance\"}]},{\"@type\":\"WebSite\",\"@id\":\"https:\\\/\\\/mwc-cmm.org\\\/en\\\/#website\",\"url\":\"https:\\\/\\\/mwc-cmm.org\\\/en\\\/\",\"name\":\"Mennonite World Conference\",\"description\":\"A communion of Anabaptist-related churches\",\"publisher\":{\"@id\":\"https:\\\/\\\/mwc-cmm.org\\\/en\\\/#organization\"},\"alternateName\":\"MWC\",\"potentialAction\":[{\"@type\":\"SearchAction\",\"target\":{\"@type\":\"EntryPoint\",\"urlTemplate\":\"https:\\\/\\\/mwc-cmm.org\\\/en\\\/?s={search_term_string}\"},\"query-input\":{\"@type\":\"PropertyValueSpecification\",\"valueRequired\":true,\"valueName\":\"search_term_string\"}}],\"inLanguage\":\"fr-FR\"},{\"@type\":\"Organization\",\"@id\":\"https:\\\/\\\/mwc-cmm.org\\\/en\\\/#organization\",\"name\":\"Mennonite World Conference\",\"alternateName\":\"MWC\",\"url\":\"https:\\\/\\\/mwc-cmm.org\\\/en\\\/\",\"logo\":{\"@type\":\"ImageObject\",\"inLanguage\":\"fr-FR\",\"@id\":\"https:\\\/\\\/mwc-cmm.org\\\/en\\\/#\\\/schema\\\/logo\\\/image\\\/\",\"url\":\"https:\\\/\\\/mwc-cmm.org\\\/wp-content\\\/uploads\\\/2026\\\/01\\\/MWC_Sig_Blue_Horiz_webheader1-logo.svg\",\"contentUrl\":\"https:\\\/\\\/mwc-cmm.org\\\/wp-content\\\/uploads\\\/2026\\\/01\\\/MWC_Sig_Blue_Horiz_webheader1-logo.svg\",\"width\":786,\"height\":82,\"caption\":\"Mennonite World Conference\"},\"image\":{\"@id\":\"https:\\\/\\\/mwc-cmm.org\\\/en\\\/#\\\/schema\\\/logo\\\/image\\\/\"},\"sameAs\":[\"https:\\\/\\\/www.facebook.com\\\/MennoniteWorldConference\",\"https:\\\/\\\/www.linkedin.com\\\/company\\\/mennonite-world-conference-mwc\\\/\",\"https:\\\/\\\/www.instagram.com\\\/mwcmm\\\/\",\"https:\\\/\\\/www.youtube.com\\\/user\\\/mwccmm\",\"https:\\\/\\\/bsky.app\\\/profile\\\/mwcmm.bsky.social\"]},{\"@type\":\"Person\",\"@id\":\"https:\\\/\\\/mwc-cmm.org\\\/en\\\/#\\\/schema\\\/person\\\/11f6ae0d7d1868ba20a1cc27f067c836\",\"name\":\"mennworldcon\",\"image\":{\"@type\":\"ImageObject\",\"inLanguage\":\"fr-FR\",\"@id\":\"https:\\\/\\\/secure.gravatar.com\\\/avatar\\\/06fdc0dc81c157dfdb82ec42f252178a22307808988d22c043f9eb96f1e0fe80?s=96&d=mm&r=g\",\"url\":\"https:\\\/\\\/secure.gravatar.com\\\/avatar\\\/06fdc0dc81c157dfdb82ec42f252178a22307808988d22c043f9eb96f1e0fe80?s=96&d=mm&r=g\",\"contentUrl\":\"https:\\\/\\\/secure.gravatar.com\\\/avatar\\\/06fdc0dc81c157dfdb82ec42f252178a22307808988d22c043f9eb96f1e0fe80?s=96&d=mm&r=g\",\"caption\":\"mennworldcon\"},\"sameAs\":[\"https:\\\/\\\/mwc-cmm.org\"],\"url\":\"https:\\\/\\\/mwc-cmm.org\\\/fr\\\/stories\\\/author\\\/mennworldcon\\\/\"}]}<\/script>\n<!-- \/ Yoast SEO plugin. -->","yoast_head_json":{"title":"Reconna\u00eetre notre interd\u00e9pendance - Mennonite World Conference","robots":{"index":"index","follow":"follow","max-snippet":"max-snippet:-1","max-image-preview":"max-image-preview:large","max-video-preview":"max-video-preview:-1"},"canonical":"https:\/\/mwc-cmm.org\/en\/stories\/recognizing-our-interconnectedness\/","og_locale":"fr_FR","og_type":"article","og_title":"Reconna\u00eetre notre interd\u00e9pendance - Mennonite World Conference","og_description":"NULL","og_url":"https:\/\/mwc-cmm.org\/en\/stories\/recognizing-our-interconnectedness\/","og_site_name":"Mennonite World Conference","article_publisher":"https:\/\/www.facebook.com\/MennoniteWorldConference","article_published_time":"2016-04-27T00:00:00+00:00","article_modified_time":"2024-12-10T17:14:06+00:00","og_image":[{"width":2560,"height":1707,"url":"https:\/\/mwc-cmm.org\/wp-content\/uploads\/2024\/11\/fol_edited-1-scaled.jpg","type":"image\/jpeg"}],"author":"mennworldcon","schema":{"@context":"https:\/\/schema.org","@graph":[{"@type":"Article","@id":"https:\/\/mwc-cmm.org\/en\/stories\/recognizing-our-interconnectedness\/#article","isPartOf":{"@id":"https:\/\/mwc-cmm.org\/en\/stories\/recognizing-our-interconnectedness\/"},"author":{"name":"mennworldcon","@id":"https:\/\/mwc-cmm.org\/en\/#\/schema\/person\/11f6ae0d7d1868ba20a1cc27f067c836"},"headline":"Reconna\u00eetre notre interd\u00e9pendance","datePublished":"2016-04-27T00:00:00+00:00","dateModified":"2024-12-10T17:14:06+00:00","mainEntityOfPage":{"@id":"https:\/\/mwc-cmm.org\/en\/stories\/recognizing-our-interconnectedness\/"},"wordCount":612,"publisher":{"@id":"https:\/\/mwc-cmm.org\/en\/#organization"},"image":{"@id":"https:\/\/mwc-cmm.org\/en\/stories\/recognizing-our-interconnectedness\/#primaryimage"},"thumbnailUrl":"https:\/\/mwc-cmm.org\/wp-content\/uploads\/2024\/11\/fol_edited-1-scaled.jpg","articleSection":["Non classifi\u00e9(e)"],"inLanguage":"fr-FR"},{"@type":"WebPage","@id":"https:\/\/mwc-cmm.org\/en\/stories\/recognizing-our-interconnectedness\/","url":"https:\/\/mwc-cmm.org\/en\/stories\/recognizing-our-interconnectedness\/","name":"Reconna\u00eetre notre interd\u00e9pendance - Mennonite World Conference","isPartOf":{"@id":"https:\/\/mwc-cmm.org\/en\/#website"},"primaryImageOfPage":{"@id":"https:\/\/mwc-cmm.org\/en\/stories\/recognizing-our-interconnectedness\/#primaryimage"},"image":{"@id":"https:\/\/mwc-cmm.org\/en\/stories\/recognizing-our-interconnectedness\/#primaryimage"},"thumbnailUrl":"https:\/\/mwc-cmm.org\/wp-content\/uploads\/2024\/11\/fol_edited-1-scaled.jpg","datePublished":"2016-04-27T00:00:00+00:00","dateModified":"2024-12-10T17:14:06+00:00","breadcrumb":{"@id":"https:\/\/mwc-cmm.org\/en\/stories\/recognizing-our-interconnectedness\/#breadcrumb"},"inLanguage":"fr-FR","potentialAction":[{"@type":"ReadAction","target":["https:\/\/mwc-cmm.org\/en\/stories\/recognizing-our-interconnectedness\/"]}]},{"@type":"ImageObject","inLanguage":"fr-FR","@id":"https:\/\/mwc-cmm.org\/en\/stories\/recognizing-our-interconnectedness\/#primaryimage","url":"https:\/\/mwc-cmm.org\/wp-content\/uploads\/2024\/11\/fol_edited-1-scaled.jpg","contentUrl":"https:\/\/mwc-cmm.org\/wp-content\/uploads\/2024\/11\/fol_edited-1-scaled.jpg","width":2560,"height":1707},{"@type":"BreadcrumbList","@id":"https:\/\/mwc-cmm.org\/en\/stories\/recognizing-our-interconnectedness\/#breadcrumb","itemListElement":[{"@type":"ListItem","position":1,"name":"Home","item":"https:\/\/mwc-cmm.org\/fr\/"},{"@type":"ListItem","position":2,"name":"Reconna\u00eetre notre interd\u00e9pendance"}]},{"@type":"WebSite","@id":"https:\/\/mwc-cmm.org\/en\/#website","url":"https:\/\/mwc-cmm.org\/en\/","name":"Mennonite World Conference","description":"A communion of Anabaptist-related churches","publisher":{"@id":"https:\/\/mwc-cmm.org\/en\/#organization"},"alternateName":"MWC","potentialAction":[{"@type":"SearchAction","target":{"@type":"EntryPoint","urlTemplate":"https:\/\/mwc-cmm.org\/en\/?s={search_term_string}"},"query-input":{"@type":"PropertyValueSpecification","valueRequired":true,"valueName":"search_term_string"}}],"inLanguage":"fr-FR"},{"@type":"Organization","@id":"https:\/\/mwc-cmm.org\/en\/#organization","name":"Mennonite World Conference","alternateName":"MWC","url":"https:\/\/mwc-cmm.org\/en\/","logo":{"@type":"ImageObject","inLanguage":"fr-FR","@id":"https:\/\/mwc-cmm.org\/en\/#\/schema\/logo\/image\/","url":"https:\/\/mwc-cmm.org\/wp-content\/uploads\/2026\/01\/MWC_Sig_Blue_Horiz_webheader1-logo.svg","contentUrl":"https:\/\/mwc-cmm.org\/wp-content\/uploads\/2026\/01\/MWC_Sig_Blue_Horiz_webheader1-logo.svg","width":786,"height":82,"caption":"Mennonite World Conference"},"image":{"@id":"https:\/\/mwc-cmm.org\/en\/#\/schema\/logo\/image\/"},"sameAs":["https:\/\/www.facebook.com\/MennoniteWorldConference","https:\/\/www.linkedin.com\/company\/mennonite-world-conference-mwc\/","https:\/\/www.instagram.com\/mwcmm\/","https:\/\/www.youtube.com\/user\/mwccmm","https:\/\/bsky.app\/profile\/mwcmm.bsky.social"]},{"@type":"Person","@id":"https:\/\/mwc-cmm.org\/en\/#\/schema\/person\/11f6ae0d7d1868ba20a1cc27f067c836","name":"mennworldcon","image":{"@type":"ImageObject","inLanguage":"fr-FR","@id":"https:\/\/secure.gravatar.com\/avatar\/06fdc0dc81c157dfdb82ec42f252178a22307808988d22c043f9eb96f1e0fe80?s=96&d=mm&r=g","url":"https:\/\/secure.gravatar.com\/avatar\/06fdc0dc81c157dfdb82ec42f252178a22307808988d22c043f9eb96f1e0fe80?s=96&d=mm&r=g","contentUrl":"https:\/\/secure.gravatar.com\/avatar\/06fdc0dc81c157dfdb82ec42f252178a22307808988d22c043f9eb96f1e0fe80?s=96&d=mm&r=g","caption":"mennworldcon"},"sameAs":["https:\/\/mwc-cmm.org"],"url":"https:\/\/mwc-cmm.org\/fr\/stories\/author\/mennworldcon\/"}]}},"_links":{"self":[{"href":"https:\/\/mwc-cmm.org\/fr\/wp-json\/wp\/v2\/posts\/9789","targetHints":{"allow":["GET"]}}],"collection":[{"href":"https:\/\/mwc-cmm.org\/fr\/wp-json\/wp\/v2\/posts"}],"about":[{"href":"https:\/\/mwc-cmm.org\/fr\/wp-json\/wp\/v2\/types\/post"}],"author":[{"embeddable":true,"href":"https:\/\/mwc-cmm.org\/fr\/wp-json\/wp\/v2\/users\/1"}],"replies":[{"embeddable":true,"href":"https:\/\/mwc-cmm.org\/fr\/wp-json\/wp\/v2\/comments?post=9789"}],"version-history":[{"count":0,"href":"https:\/\/mwc-cmm.org\/fr\/wp-json\/wp\/v2\/posts\/9789\/revisions"}],"wp:featuredmedia":[{"embeddable":true,"href":"https:\/\/mwc-cmm.org\/fr\/wp-json\/wp\/v2\/media\/87800"}],"wp:attachment":[{"href":"https:\/\/mwc-cmm.org\/fr\/wp-json\/wp\/v2\/media?parent=9789"}],"wp:term":[{"taxonomy":"category","embeddable":true,"href":"https:\/\/mwc-cmm.org\/fr\/wp-json\/wp\/v2\/categories?post=9789"},{"taxonomy":"post_tag","embeddable":true,"href":"https:\/\/mwc-cmm.org\/fr\/wp-json\/wp\/v2\/tags?post=9789"},{"taxonomy":"network","embeddable":true,"href":"https:\/\/mwc-cmm.org\/fr\/wp-json\/wp\/v2\/network?post=9789"},{"taxonomy":"eventcategory","embeddable":true,"href":"https:\/\/mwc-cmm.org\/fr\/wp-json\/wp\/v2\/eventcategory?post=9789"}],"curies":[{"name":"wp","href":"https:\/\/api.w.org\/{rel}","templated":true}]}}