{"id":9785,"date":"2016-05-19T00:00:00","date_gmt":"2016-05-19T00:00:00","guid":{"rendered":"https:\/\/mwc-cmm.org\/what-i-found-at-pa-2015-and-will-take-home-with-me-4\/"},"modified":"2024-12-10T17:14:05","modified_gmt":"2024-12-10T17:14:05","slug":"what-i-found-at-pa-2015-and-will-take-home-with-me-4","status":"publish","type":"post","link":"https:\/\/mwc-cmm.org\/fr\/stories\/what-i-found-at-pa-2015-and-will-take-home-with-me-4\/","title":{"rendered":"PA 2015 : ce que je ram\u00e8ne chez moi"},"content":{"rendered":"<p><u><strong><img decoding=\"async\" alt=\"\" data-src=\"https:\/\/mwc-cmm.org\/wp-content\/uploads\/2024\/10\/paulushartono.jpg\" style=\"--smush-image-width: 397px; --smush-image-aspect-ratio: 397\/397;width: 120px; height: 120px; border-width: 1px; border-style: solid; margin-left: 5px; margin-right: 5px; float: left;\" width=\"397\" class=\"smush-dimensions lazyload\" src=\"data:image\/svg+xml;base64,PHN2ZyB3aWR0aD0iMSIgaGVpZ2h0PSIxIiB4bWxucz0iaHR0cDovL3d3dy53My5vcmcvMjAwMC9zdmciPjwvc3ZnPg==\" \/>Paulus Hartono (Indon\u00e9sie)<\/strong><\/u><\/p>\n<p>\u00catre m\u00eal\u00e9 \u00e0 la foule pr\u00e9sente \u00e0 PA 2015 a fait r\u00e9fl\u00e9chir Paulus Hartono (Indon\u00e9sie) sur les d\u00e9buts de sa vie et sur le peu de chances qu\u2019il avait de se trouver \u00e0 Harrisburg\u2026<\/p>\n<p>\u00c9lev\u00e9 dans une famille bouddhiste, Paulus est maintenant pasteur mennonite et il est tr\u00e8s engag\u00e9 pour la paix \u00e0 Solo, Surakarta, au centre de Java (Indon\u00e9sie), o\u00f9 la communaut\u00e9 musulmane est importante.<\/p>\n<p>\u00ab \u00ca l&rsquo;\u00e9cole primaire, on m\u2019a enseign\u00e9 l&rsquo;islam. Mes amis allaient \u00e0 la mosqu\u00e9e, alors j\u2019y suis aussi all\u00e9, et finalement je suis devenu imam. Je me rends compte maintenant que je ressentais l&rsquo;appel \u00e0 \u00eatre pasteur, mais je ne connaissais pas J\u00e9sus.<\/p>\n<p>Quand je suis devenu chr\u00e9tien et que j\u2019ai \u00e9t\u00e9 baptis\u00e9 en 1984, j\u2019ai pris le nom de Paulus. \u00bb<\/p>\n<p><strong>Engagement pour la paix<\/strong><\/p>\n<p>D\u00e8s ses d\u00e9buts en tant que pasteur, l&rsquo;engagement de Paulus a \u00e9t\u00e9 clair : \u00ab Notre assembl\u00e9e a d\u00e9marr\u00e9 en 1994 avec 40 membres et la vision d&rsquo;\u00eatre une \u00e9glise de paix \u00bb.<\/p>\n<p>Des organisations mennonites nord-am\u00e9ricaines lui ont donn\u00e9 des id\u00e9es pour mettre sa vision en pratique. \u00ab En 1997, j&rsquo;ai d\u00e9couvert le travail de secours, d\u2019aide et de d\u00e9veloppement du Mennonite Central Committee. En m\u00eame temps, j\u2019ai \u00e9t\u00e9 influenc\u00e9 par le t\u00e9moignage et la mission mondiale de Eastern Mennonite Missions.<\/p>\n<p>J\u2019ai appris l\u2019existence de Mennonite Disaster Service en 2002. Et en 2005, peu de temps apr\u00e8s que le tsunami ait frapp\u00e9 l&rsquo;Indon\u00e9sie, notre \u00e9glise a commenc\u00e9 Indonesia MDS, Mennonite Diakonia Service. Nous associons t\u00e9moignage, secours, d\u00e9veloppement et transformation des conflits.<\/p>\n<p>En 2007, j\u2019ai suivi la formation sur la transformation des conflits et la gu\u00e9rison des traumatismes, propos\u00e9e par l\u2019Eastern Mennonite University. Nous avons adapt\u00e9 ces id\u00e9es pour l&rsquo;Indon\u00e9sie et nous les associons \u00e0 notre travail de t\u00e9moignage et de d\u00e9veloppement \u00bb.<\/p>\n<p><strong>\u00c9crire l&rsquo;\u00e9vangile avec nos vies<\/strong><\/p>\n<p>\u00ab Maintenant, en 2015, il y a deux paroisses mennonites \u00e0 Solo, 400 membres en tout. Nos \u00e9glises mennonites travaillent activement \u00e0 la r\u00e9conciliation entre musulmans et chr\u00e9tiens. Nous avons beaucoup de relations avec nos voisins musulmans, dont un groupe musulman radical, qui participe \u00e0 un cours que nous proposons sur la transformation des conflits et le secours aux sinistr\u00e9s.<\/p>\n<p>Le pr\u00e9sident de l&rsquo;Indon\u00e9sie cherche actuellement la r\u00e9conciliation avec la Papouasie, une partie de notre pays o\u00f9 les mennonites ont mis en place un programme de transformation des conflits et de gu\u00e9rison des traumatismes. Il nous a demand\u00e9 de l\u2019aider \u00e0 travailler sur ce dossier de mani\u00e8re pacifique.<\/p>\n<p>Je pense que l&rsquo;\u00c9glise doit d\u00e9velopper des relations avec les musulmans afin qu&rsquo;ils puissent lire l&rsquo;\u00e9vangile dans nos vies.<\/p>\n<p>Paulus a anim\u00e9 deux ateliers \u00e0 PA 2015 : \u2018\u2019Marcher\u2019 dans la Trag\u00e9die : l&rsquo;\u00c9glise mondiale r\u00e9pond aux catastrophes naturelles\u2019 et \u2018Pratiques et Dialogue interreligieux sur la Paix en Indon\u00e9sie\u2019.<\/p>\n<p>\u00catre ici, rencontrer de nombreux pasteurs dans une atmosph\u00e8re spirituelle, m&rsquo;a donn\u00e9 beaucoup de courage \u00bb dit Paulus tranquillement.<\/p>\n<p><u><strong><img decoding=\"async\" alt=\"\" data-src=\"https:\/\/mwc-cmm.org\/wp-content\/uploads\/2024\/10\/barbara_hege-galle.jpg\" style=\"--smush-image-width: 413px; --smush-image-aspect-ratio: 413\/413;width: 120px; height: 120px; border-width: 1px; border-style: solid; margin-left: 5px; margin-right: 5px; float: left;\" width=\"413\" class=\"smush-dimensions lazyload\" src=\"data:image\/svg+xml;base64,PHN2ZyB3aWR0aD0iMSIgaGVpZ2h0PSIxIiB4bWxucz0iaHR0cDovL3d3dy53My5vcmcvMjAwMC9zdmciPjwvc3ZnPg==\" \/>Barbara Hege-Galle, Allemagne<\/strong><\/u><\/p>\n<p>La premi\u00e8re fois que Barbara Hege-Galle, de Bammental (Allemagne), a assist\u00e9 \u00e0 un Rassemblement de la CMM, c\u2019\u00e9tait en 1984 \u00e0 Strasbourg (France), o\u00f9 elle a dirig\u00e9 le programme des enfants. Mais elle \u00e9tait si prise par ses responsabilit\u00e9s qu&rsquo;elle n\u2019a eu qu\u2019une petite id\u00e9e de la partie concernant les adultes.<\/p>\n<p>\u00ab J\u2019ai d\u00e9cid\u00e9 d&rsquo;aller au Rassemblement suivant, en 1990 \u00e0 Winnipeg (Manitoba, Canada), pour participer, et apr\u00e8s cela, j\u2019ai su que ce ne serait pas mon dernier Rassemblement ! \u00bb<\/p>\n<p>Depuis lors, Barbara a particip\u00e9 \u00e0 la CMM de plusieurs fa\u00e7ons : en tant que membre du Conseil G\u00e9n\u00e9ral, de la Commission Diacres, du comit\u00e9 de coordination du R\u00e9seau Anabaptiste Mondial d\u2019Entraide, et maintenant en tant que membre de la Commission Mission.<\/p>\n<p>Barbara est directrice ex\u00e9cutive de Christliche Dienste, un programme mennonite d\u2019entraide, parrain\u00e9 par les \u00e9glises mennonites d\u2019Allemagne. Elle fait aussi partie de l&rsquo;\u00e9quipe de direction de l&rsquo;assembl\u00e9e mennonite de Bammental, o\u00f9 elle a \u00e9t\u00e9 ordonn\u00e9e pr\u00e9dicatrice.<\/p>\n<p><strong>Au-del\u00e0 des assembl\u00e9es locales<\/strong><\/p>\n<p>Pourquoi ne veut-elle pas manquer un Rassemblement de la CMM ? \u00ab Parce que ce rendez-vous mondial nous permet de d\u00e9passer notre vision de l\u2019assembl\u00e9e locale. Cette rencontre me motive.<\/p>\n<p>Cette fois-ci, j\u2019ai \u00e9t\u00e9 vraiment encourag\u00e9e \u00e0 me concentrer sur nos sp\u00e9cificit\u00e9s anabaptistes ; non parce que c\u2019est notre tradition particuli\u00e8re, mais parce que c\u2019est ce que nous croyons. En J\u00e9sus nous avons la paix. S\u2019il peut donner force et courage \u00e0 quelqu\u2019un comme Paulus Hartono, nous pouvons tous faire plus que simplement \u00eatre tranquillement membre d&rsquo;une paroisse qui ne fait pas de bruit.<\/p>\n<p>Dans mon travail, j\u2019ai maintenant des partenaires dans d&rsquo;autres pays \u2013 et je les rencontre ici. En Allemagne, nous travaillons avec ces fr\u00e8res et s\u0153urs quand je place des jeunes de 18 \u00e0 20 ans pour faire un travail b\u00e9n\u00e9vole dans leurs pays. \u00bb<\/p>\n<p><strong>Spiritualit\u00e9 communautaire<\/strong><\/p>\n<p>Que ram\u00e8ne Barbara chez elle ? \u00ab Quand j\u2019aurai un sermon \u00e0 faire, j\u2019int\u00e9grerai certaines de mes exp\u00e9riences. Je ne sais pas encore comment. Les classes bibliques de notre paroisse pourront aussi en b\u00e9n\u00e9ficier.<\/p>\n<p>Un de nos responsables est tr\u00e8s attach\u00e9 \u00e0 la pratique et \u00e0 l&rsquo;enseignement de la m\u00e9ditation, en particulier concernant ce que Dieu dit \u00e0 chacun. Mais certains disent que c\u2019est une approche trop individualiste et que nous avons besoin de quelque chose de plus communautaire.<\/p>\n<p>Ici, \u00e0 PA 2015, je commence \u00e0 entrevoir ce dont nous pourrions avoir besoin. Ce n\u2019est qu\u2019une id\u00e9e \u00e0 ce point. J\u2019aime cette place donn\u00e9e \u00e0 la m\u00e9ditation, mais ce n\u2019est pas la seule forme de spiritualit\u00e9. Je m\u2019en suis souvenue ici. \u00bb<\/p>\n<p><strong><u><img decoding=\"async\" alt=\"\" data-src=\"\/sites\/default\/files\/website_files\/mg-dsc_0323_mthokozisi_ncube_0.jpg\" style=\"width: 131px; height: 150px; border-width: 1px; border-style: solid; margin-left: 5px; margin-right: 5px; float: left;\" src=\"data:image\/svg+xml;base64,PHN2ZyB3aWR0aD0iMSIgaGVpZ2h0PSIxIiB4bWxucz0iaHR0cDovL3d3dy53My5vcmcvMjAwMC9zdmciPjwvc3ZnPg==\" class=\"lazyload\" \/>Mthokozisi Ncube et Morgen Moyo (Zimbabwe)<\/u><\/strong><\/p>\n<p>C\u2019\u00e9tait la premi\u00e8re fois que ces deux administrateurs d&rsquo;\u00e9coles secondaires du Zimbabwe (fr\u00e8res en Christ) participaient \u00e0 un Rassemblement de la CMM.<\/p>\n<p>Mthokozisi Ncube, de l&rsquo;\u00c9cole biblique Eiluphileni, est venu pour \u00ab la communion fraternelle et pour d\u00e9couvrir ce que font les autres. Je ne suis pas seulement zimbabw\u00e9en, je suis anabaptiste et je fais partie d&rsquo;une famille internationale. Je voulais m\u2019asseoir avec mes fr\u00e8res et s\u0153urs et conna\u00eetre leurs exp\u00e9riences et la mani\u00e8re dont Dieu agit dans leur vie. \u00bb<\/p>\n<p>Les Groupes d&rsquo;Amiti\u00e9 [qui se r\u00e9unissaient tous les jours apr\u00e8s le culte du matin] sont un bon moyen pour apprendre \u00e0 conna\u00eetre les autres. Nous nous sommes fait des amis. Nous avons \u00e9chang\u00e9 nos adresses \u00e9lectroniques. Nous esp\u00e9rons d\u00e9velopper cette communion.<\/p>\n<p>J\u2019ai \u00e9t\u00e9 encourag\u00e9 \u00e0 m\u2019engager davantage dans la mission, et \u00e0 \u00eatre en paix avec moi-m\u00eame et ma famille, ceux avec qui je vis. Voil\u00e0 ce que je ram\u00e8ne chez moi.<\/p>\n<p>Oh, et j\u2019ai entendu que douter n\u2019est pas toujours mauvais ! Cela peut \u00eatre utile \u00bb. (\u2018En marche avec des doutes et des convictions\u2019 \u00e9tait le th\u00e8me du 22 juillet.)<\/p>\n<p><strong><img decoding=\"async\" alt=\"\" data-src=\"https:\/\/mwc-cmm.org\/wp-content\/uploads\/2024\/10\/morgen_moyo.jpg\" style=\"--smush-image-width: 1817px; --smush-image-aspect-ratio: 1817\/1817;width: 120px; height: 120px; border-width: 1px; border-style: solid; margin-left: 5px; margin-right: 5px; float: left;\" width=\"1817\" class=\"smush-dimensions lazyload\" src=\"data:image\/svg+xml;base64,PHN2ZyB3aWR0aD0iMSIgaGVpZ2h0PSIxIiB4bWxucz0iaHR0cDovL3d3dy53My5vcmcvMjAwMC9zdmciPjwvc3ZnPg==\" \/>Interagir et apprendre<\/strong><\/p>\n<p>Morgen Moyo est le principal de l\u2019\u00e9cole secondaire de Mtshabezi. \u00ca PA 2015, il a \u00e9t\u00e9 vraiment b\u00e9ni par les chants. \u00ab Je d\u00e9sirais savoir comment les autres louent [Dieu]. Je voulais apprendre d&rsquo;eux. J\u2019en ai eu l&rsquo;occasion ici, dans notre Groupe d&rsquo;Amiti\u00e9. J\u2019ai particip\u00e9 et appris \u00bb.<\/p>\n<p>Mthokozisi rajoute \u00ab Et j\u2019ai vraiment appr\u00e9ci\u00e9 les jeunes intervenants lors des cultes. C\u2019est une id\u00e9e que je ram\u00e8nerai chez nous. \u00bb<\/p>\n<p><strong>Unit\u00e9 d&rsquo;esprit<\/strong><\/p>\n<p>J\u2019ai d\u00e9couvert quelque chose d&rsquo;autre : quand nous nous promenions dans les rues de Harrisburg, personne ne nous saluait. Mais chaque fois que nous entrions dans la salle \u00e0 manger de PA 2015, on nous regardait, nous souriait et nous accueillait. Toujours. Je ne me sentais pas diff\u00e9rent. Nous \u00e9tions unis.<\/p>\n<p>En fait, une chose que je n&rsquo;ai pas aim\u00e9e, c\u2019\u00e9tait, en entrant dans les toilettes du b\u221a\u00a2timent, de me voir dans les grands miroirs. Alors, je voyais que j\u2019\u00e9tais diff\u00e9rent. Je ne le sentais pas le reste du temps ! \u00bb<\/p>\n<p><strong>C\u00e9l\u00e9brer les diff\u00e9rences<\/strong><\/p>\n<p>Morgen a une suggestion pour les futurs Rassemblements. \u00ab Pourquoi ne pas offrir des repas de diff\u00e9rentes cultures pendant la semaine ? La journ\u00e9e de l&rsquo;Afrique, on pourrait avoir de la nourriture africaine, et ainsi de suite. C\u2019est peut-\u00eatre \u00eatre difficile \u00e0 faire, mais pourquoi pas ?!<\/p>\n<p>La planification et l&rsquo;organisation de cet \u00e9v\u00e9nement \u00e9taient tr\u00e8s bonnes. Nous avons tout particuli\u00e8rement appr\u00e9ci\u00e9 qu\u2019il n\u2019y ait pas de \u2018glamour\u2019. \u00bb<\/p>\n<p>Mais pour Mthokozisi, les in\u00e9galit\u00e9s dans le monde ont refait surface en pensant \u00e0 son retour chez lui. \u00ab Chez nous, les courriels n\u2019arrivent pas souvent, ni les appels t\u00e9l\u00e9phoniques. \u00ca la campagne, c\u2019est difficile de recevoir des messages. Nous esp\u00e9rons que nos nouvelles amiti\u00e9s et connexions dureront quand m\u00eame \u00bb.<\/p>\n<p><u><strong><img decoding=\"async\" alt=\"\" data-src=\"https:\/\/mwc-cmm.org\/wp-content\/uploads\/2024\/10\/todd-friesen.jpg\" style=\"--smush-image-width: 1197px; --smush-image-aspect-ratio: 1197\/1197;width: 120px; height: 120px; border-width: 1px; border-style: solid; margin-left: 5px; margin-right: 5px; float: left;\" width=\"1197\" class=\"smush-dimensions lazyload\" src=\"data:image\/svg+xml;base64,PHN2ZyB3aWR0aD0iMSIgaGVpZ2h0PSIxIiB4bWxucz0iaHR0cDovL3d3dy53My5vcmcvMjAwMC9zdmciPjwvc3ZnPg==\" \/>Todd Friesen, \u00c9tats-Unis <\/strong><\/u><\/p>\n<p>Todd Friesen est pasteur de l\u2019assembl\u00e9e mennonite de East Chestnut Street \u00e0 Lancaster, (Pennsylvanie, \u00c9tats-Unis). Un mois apr\u00e8s PA 2015, il r\u00e9fl\u00e9chit sur l&rsquo;exp\u00e9rience d&rsquo;assister au Rassemblement pendant toute une semaine.<\/p>\n<p>\u00ab Que seraient nos paroisses \u2013 et nos jeunes \u2013 sans ces aper\u00e7us du corps mondial du Christ, et sans l&rsquo;exp\u00e9rience de faire partie de quelque chose de beaucoup plus grand que notre assembl\u00e9e locale ?<\/p>\n<p>Une semaine comme celle-ci fait \u00e9clater notre provincialisme et notre sentiment am\u00e9ricain d&rsquo;exceptionnalisme. Cet \u00e9v\u00e9nement est une sorte de vaccination contre ces comportements, m\u00eame si nous n\u2019y sommes pas toujours sensibles. \u00bb<\/p>\n<p><strong>Impact sur les jeunes<\/strong><\/p>\n<p>\u00ab Nous ne pouvons pas minimiser l\u2019\u00e9norme impact formateur de ces Rassemblements sur nos jeunes. J\u2019ai assist\u00e9 au Rassemblement \u00e0 Strasbourg en 1984 quand j\u2019avais 20 ans. Le chant et la louange m\u2019ont fait une impression profonde. Je suis tellement reconnaissant que notre paroisse ait permis [financi\u00e8rement] \u00e0 notre groupe de jeunes de participer \u00e0 PA 2015. Cela a \u00e9t\u00e9 une exp\u00e9rience fantastique pour eux !<\/p>\n<p><strong>Se frotter aux r\u00e9alit\u00e9s \u00e9ternelles<\/strong><\/p>\n<p>\u00ab J\u2019aime la fa\u00e7on dont nous avons voyag\u00e9 d&rsquo;un continent \u00e0 l\u2019autre pendant les cultes matin et soir. Les cieux seront plus riches et plus diversifi\u00e9s que nous ne l\u2019imaginons. Par cette exp\u00e9rience de l&rsquo;\u00c9glise mondiale, nous nous sommes frott\u00e9s aux r\u00e9alit\u00e9s \u00e9ternelles.<\/p>\n<p>Certains d&rsquo;entre nous sont all\u00e9s \u00e0 Kansas City [lieu de la rencontre de Mennonite Church USA 2015] : pourquoi PA 2015 semble si diff\u00e9rent ? \u00ca PA 2015, l&rsquo;accent \u00e9tait mis sur l\u2019adoration, nos t\u00e9moignages, la communion fraternelle et le service. Nous \u00e9tions l\u00e0 tout simplement pour \u00eatre ensemble autour du Christ, le centre.<\/p>\n<p>Et j\u2019ai appris que dans notre grande diversit\u00e9, il est probablement pr\u00e9f\u00e9rable de commencer par louer Dieu ensemble, servir les autres et parler de son v\u00e9cu, plut\u221a\u00a5t que de se focaliser sur nos diff\u00e9rences ou de d\u00e9battre sur nos points de d\u00e9saccord \u00bb.<\/p>\n<p><strong>Ce qui fait encore \u00e9cho en moi<\/strong><\/p>\n<p>\u00ab Les voix des jeunes orateurs lors des cultes du matin ne me quitteront pas.<\/p>\n<p>J\u2019ai entendu des id\u00e9es nouvelles, et riches, sur certains passages de l&rsquo;\u00c9criture.<\/p>\n<p>Nous \u00e9tions si heureux d&rsquo;accueillir des personnes d\u2019autres pays dans notre assembl\u00e9e, dimanche, le dernier jour du PA 2015. De cette mani\u00e8re, nous pouvions tous \u2013 y compris ceux qui n\u2019avaient pas assist\u00e9 \u00e0 l\u2019Assembl\u00e9e R\u00e9unie \u2013 nous rendre compte que chaque croyant a quelque chose de pr\u00e9cieux \u00e0 partager et que nous avions tous des pr\u00e9jug\u00e9s profond\u00e9ment ancr\u00e9s \u00e0 surmonter \u00bb.<\/p>\n<p><strong>Un don durable<\/strong><\/p>\n<p>\u00ab Ma communion avec ces croyants d\u2019ailleurs a fait d&rsquo;eux mes interlocuteurs spirituels et \u00e9motionnels, m\u00eame si je ne continue pas \u00e0 parler avec eux. J\u2019ai souvent en t\u00eate ce qu&rsquo;ils pensent, ce qu&rsquo;ils diraient ou feraient, et je peux m\u2019en inspirer \u00bb.<\/p>\n<p><em>Phyllis Pellman Good est \u00e9crivaine et consultante pour la CMM.<\/em><\/p>\n<p><em>Photos de Paulus, Barbara, Mthokozisi et Morgen de Merle Good. Photo de Todd Friesen de Marilyn High.<\/em><\/p>\n<p>\u00ac\u2020<\/p>\n<p>\u00ac\u2020<\/p>\n","protected":false},"excerpt":{"rendered":"<p>NULL<\/p>\n","protected":false},"author":1,"featured_media":87744,"comment_status":"closed","ping_status":"closed","sticky":false,"template":"","format":"standard","meta":{"_acf_changed":false,"footnotes":""},"categories":[7],"tags":[1553,1893],"network":[1307],"eventcategory":[],"class_list":["post-9785","post","type-post","status-publish","format-standard","has-post-thumbnail","hentry","category-non-classifiee","tag-assemblee-2","tag-pa2015","network-courier-fr"],"acf":[],"yoast_head":"<!-- This site is optimized with the Yoast SEO plugin v27.5 - https:\/\/yoast.com\/product\/yoast-seo-wordpress\/ -->\n<title>PA 2015 : ce que je ram\u00e8ne chez moi - Mennonite World Conference<\/title>\n<meta name=\"robots\" content=\"index, follow, max-snippet:-1, max-image-preview:large, max-video-preview:-1\" \/>\n<link rel=\"canonical\" href=\"https:\/\/mwc-cmm.org\/fr\/stories\/what-i-found-at-pa-2015-and-will-take-home-with-me-4\/\" \/>\n<meta property=\"og:locale\" content=\"fr_FR\" \/>\n<meta property=\"og:type\" content=\"article\" \/>\n<meta property=\"og:title\" content=\"PA 2015 : ce que je ram\u00e8ne chez moi - Mennonite World Conference\" \/>\n<meta property=\"og:description\" content=\"NULL\" \/>\n<meta property=\"og:url\" content=\"https:\/\/mwc-cmm.org\/fr\/stories\/what-i-found-at-pa-2015-and-will-take-home-with-me-4\/\" \/>\n<meta property=\"og:site_name\" content=\"Mennonite World Conference\" \/>\n<meta property=\"article:publisher\" content=\"https:\/\/www.facebook.com\/MennoniteWorldConference\" \/>\n<meta property=\"article:published_time\" content=\"2016-05-19T00:00:00+00:00\" \/>\n<meta property=\"article:modified_time\" content=\"2024-12-10T17:14:05+00:00\" \/>\n<meta property=\"og:image\" content=\"https:\/\/mwc-cmm.org\/wp-content\/uploads\/2024\/11\/20150723_heiki_martin_0278.jpg\" \/>\n\t<meta property=\"og:image:width\" content=\"1200\" \/>\n\t<meta property=\"og:image:height\" content=\"800\" \/>\n\t<meta property=\"og:image:type\" content=\"image\/jpeg\" \/>\n<meta name=\"author\" content=\"mennworldcon\" \/>\n<script type=\"application\/ld+json\" class=\"yoast-schema-graph\">{\"@context\":\"https:\\\/\\\/schema.org\",\"@graph\":[{\"@type\":\"Article\",\"@id\":\"https:\\\/\\\/mwc-cmm.org\\\/fr\\\/stories\\\/what-i-found-at-pa-2015-and-will-take-home-with-me-4\\\/#article\",\"isPartOf\":{\"@id\":\"https:\\\/\\\/mwc-cmm.org\\\/fr\\\/stories\\\/what-i-found-at-pa-2015-and-will-take-home-with-me-4\\\/\"},\"author\":{\"name\":\"mennworldcon\",\"@id\":\"https:\\\/\\\/mwc-cmm.org\\\/en\\\/#\\\/schema\\\/person\\\/11f6ae0d7d1868ba20a1cc27f067c836\"},\"headline\":\"PA 2015 : ce que je ram\u00e8ne chez moi\",\"datePublished\":\"2016-05-19T00:00:00+00:00\",\"dateModified\":\"2024-12-10T17:14:05+00:00\",\"mainEntityOfPage\":{\"@id\":\"https:\\\/\\\/mwc-cmm.org\\\/fr\\\/stories\\\/what-i-found-at-pa-2015-and-will-take-home-with-me-4\\\/\"},\"wordCount\":2034,\"publisher\":{\"@id\":\"https:\\\/\\\/mwc-cmm.org\\\/en\\\/#organization\"},\"image\":{\"@id\":\"https:\\\/\\\/mwc-cmm.org\\\/fr\\\/stories\\\/what-i-found-at-pa-2015-and-will-take-home-with-me-4\\\/#primaryimage\"},\"thumbnailUrl\":\"https:\\\/\\\/mwc-cmm.org\\\/wp-content\\\/uploads\\\/2024\\\/11\\\/20150723_heiki_martin_0278.jpg\",\"keywords\":[\"Assembl\u00e9e\",\"PA2015\"],\"articleSection\":[\"Non classifi\u00e9(e)\"],\"inLanguage\":\"fr-FR\"},{\"@type\":\"WebPage\",\"@id\":\"https:\\\/\\\/mwc-cmm.org\\\/fr\\\/stories\\\/what-i-found-at-pa-2015-and-will-take-home-with-me-4\\\/\",\"url\":\"https:\\\/\\\/mwc-cmm.org\\\/fr\\\/stories\\\/what-i-found-at-pa-2015-and-will-take-home-with-me-4\\\/\",\"name\":\"PA 2015 : ce que je ram\u00e8ne chez moi - Mennonite World Conference\",\"isPartOf\":{\"@id\":\"https:\\\/\\\/mwc-cmm.org\\\/en\\\/#website\"},\"primaryImageOfPage\":{\"@id\":\"https:\\\/\\\/mwc-cmm.org\\\/fr\\\/stories\\\/what-i-found-at-pa-2015-and-will-take-home-with-me-4\\\/#primaryimage\"},\"image\":{\"@id\":\"https:\\\/\\\/mwc-cmm.org\\\/fr\\\/stories\\\/what-i-found-at-pa-2015-and-will-take-home-with-me-4\\\/#primaryimage\"},\"thumbnailUrl\":\"https:\\\/\\\/mwc-cmm.org\\\/wp-content\\\/uploads\\\/2024\\\/11\\\/20150723_heiki_martin_0278.jpg\",\"datePublished\":\"2016-05-19T00:00:00+00:00\",\"dateModified\":\"2024-12-10T17:14:05+00:00\",\"breadcrumb\":{\"@id\":\"https:\\\/\\\/mwc-cmm.org\\\/fr\\\/stories\\\/what-i-found-at-pa-2015-and-will-take-home-with-me-4\\\/#breadcrumb\"},\"inLanguage\":\"fr-FR\",\"potentialAction\":[{\"@type\":\"ReadAction\",\"target\":[\"https:\\\/\\\/mwc-cmm.org\\\/fr\\\/stories\\\/what-i-found-at-pa-2015-and-will-take-home-with-me-4\\\/\"]}]},{\"@type\":\"ImageObject\",\"inLanguage\":\"fr-FR\",\"@id\":\"https:\\\/\\\/mwc-cmm.org\\\/fr\\\/stories\\\/what-i-found-at-pa-2015-and-will-take-home-with-me-4\\\/#primaryimage\",\"url\":\"https:\\\/\\\/mwc-cmm.org\\\/wp-content\\\/uploads\\\/2024\\\/11\\\/20150723_heiki_martin_0278.jpg\",\"contentUrl\":\"https:\\\/\\\/mwc-cmm.org\\\/wp-content\\\/uploads\\\/2024\\\/11\\\/20150723_heiki_martin_0278.jpg\",\"width\":1200,\"height\":800},{\"@type\":\"BreadcrumbList\",\"@id\":\"https:\\\/\\\/mwc-cmm.org\\\/fr\\\/stories\\\/what-i-found-at-pa-2015-and-will-take-home-with-me-4\\\/#breadcrumb\",\"itemListElement\":[{\"@type\":\"ListItem\",\"position\":1,\"name\":\"Home\",\"item\":\"https:\\\/\\\/mwc-cmm.org\\\/fr\\\/\"},{\"@type\":\"ListItem\",\"position\":2,\"name\":\"PA 2015 : ce que je ram\u00e8ne chez moi\"}]},{\"@type\":\"WebSite\",\"@id\":\"https:\\\/\\\/mwc-cmm.org\\\/en\\\/#website\",\"url\":\"https:\\\/\\\/mwc-cmm.org\\\/en\\\/\",\"name\":\"Mennonite World Conference\",\"description\":\"A communion of Anabaptist-related churches\",\"publisher\":{\"@id\":\"https:\\\/\\\/mwc-cmm.org\\\/en\\\/#organization\"},\"alternateName\":\"MWC\",\"potentialAction\":[{\"@type\":\"SearchAction\",\"target\":{\"@type\":\"EntryPoint\",\"urlTemplate\":\"https:\\\/\\\/mwc-cmm.org\\\/en\\\/?s={search_term_string}\"},\"query-input\":{\"@type\":\"PropertyValueSpecification\",\"valueRequired\":true,\"valueName\":\"search_term_string\"}}],\"inLanguage\":\"fr-FR\"},{\"@type\":\"Organization\",\"@id\":\"https:\\\/\\\/mwc-cmm.org\\\/en\\\/#organization\",\"name\":\"Mennonite World Conference\",\"alternateName\":\"MWC\",\"url\":\"https:\\\/\\\/mwc-cmm.org\\\/en\\\/\",\"logo\":{\"@type\":\"ImageObject\",\"inLanguage\":\"fr-FR\",\"@id\":\"https:\\\/\\\/mwc-cmm.org\\\/en\\\/#\\\/schema\\\/logo\\\/image\\\/\",\"url\":\"https:\\\/\\\/mwc-cmm.org\\\/wp-content\\\/uploads\\\/2026\\\/01\\\/MWC_Sig_Blue_Horiz_webheader1-logo.svg\",\"contentUrl\":\"https:\\\/\\\/mwc-cmm.org\\\/wp-content\\\/uploads\\\/2026\\\/01\\\/MWC_Sig_Blue_Horiz_webheader1-logo.svg\",\"width\":786,\"height\":82,\"caption\":\"Mennonite World Conference\"},\"image\":{\"@id\":\"https:\\\/\\\/mwc-cmm.org\\\/en\\\/#\\\/schema\\\/logo\\\/image\\\/\"},\"sameAs\":[\"https:\\\/\\\/www.facebook.com\\\/MennoniteWorldConference\",\"https:\\\/\\\/www.linkedin.com\\\/company\\\/mennonite-world-conference-mwc\\\/\",\"https:\\\/\\\/www.instagram.com\\\/mwcmm\\\/\",\"https:\\\/\\\/www.youtube.com\\\/user\\\/mwccmm\",\"https:\\\/\\\/bsky.app\\\/profile\\\/mwcmm.bsky.social\"]},{\"@type\":\"Person\",\"@id\":\"https:\\\/\\\/mwc-cmm.org\\\/en\\\/#\\\/schema\\\/person\\\/11f6ae0d7d1868ba20a1cc27f067c836\",\"name\":\"mennworldcon\",\"image\":{\"@type\":\"ImageObject\",\"inLanguage\":\"fr-FR\",\"@id\":\"https:\\\/\\\/secure.gravatar.com\\\/avatar\\\/06fdc0dc81c157dfdb82ec42f252178a22307808988d22c043f9eb96f1e0fe80?s=96&d=mm&r=g\",\"url\":\"https:\\\/\\\/secure.gravatar.com\\\/avatar\\\/06fdc0dc81c157dfdb82ec42f252178a22307808988d22c043f9eb96f1e0fe80?s=96&d=mm&r=g\",\"contentUrl\":\"https:\\\/\\\/secure.gravatar.com\\\/avatar\\\/06fdc0dc81c157dfdb82ec42f252178a22307808988d22c043f9eb96f1e0fe80?s=96&d=mm&r=g\",\"caption\":\"mennworldcon\"},\"sameAs\":[\"https:\\\/\\\/mwc-cmm.org\"],\"url\":\"https:\\\/\\\/mwc-cmm.org\\\/fr\\\/stories\\\/author\\\/mennworldcon\\\/\"}]}<\/script>\n<!-- \/ Yoast SEO plugin. -->","yoast_head_json":{"title":"PA 2015 : ce que je ram\u00e8ne chez moi - Mennonite World Conference","robots":{"index":"index","follow":"follow","max-snippet":"max-snippet:-1","max-image-preview":"max-image-preview:large","max-video-preview":"max-video-preview:-1"},"canonical":"https:\/\/mwc-cmm.org\/fr\/stories\/what-i-found-at-pa-2015-and-will-take-home-with-me-4\/","og_locale":"fr_FR","og_type":"article","og_title":"PA 2015 : ce que je ram\u00e8ne chez moi - Mennonite World Conference","og_description":"NULL","og_url":"https:\/\/mwc-cmm.org\/fr\/stories\/what-i-found-at-pa-2015-and-will-take-home-with-me-4\/","og_site_name":"Mennonite World Conference","article_publisher":"https:\/\/www.facebook.com\/MennoniteWorldConference","article_published_time":"2016-05-19T00:00:00+00:00","article_modified_time":"2024-12-10T17:14:05+00:00","og_image":[{"width":1200,"height":800,"url":"https:\/\/mwc-cmm.org\/wp-content\/uploads\/2024\/11\/20150723_heiki_martin_0278.jpg","type":"image\/jpeg"}],"author":"mennworldcon","schema":{"@context":"https:\/\/schema.org","@graph":[{"@type":"Article","@id":"https:\/\/mwc-cmm.org\/fr\/stories\/what-i-found-at-pa-2015-and-will-take-home-with-me-4\/#article","isPartOf":{"@id":"https:\/\/mwc-cmm.org\/fr\/stories\/what-i-found-at-pa-2015-and-will-take-home-with-me-4\/"},"author":{"name":"mennworldcon","@id":"https:\/\/mwc-cmm.org\/en\/#\/schema\/person\/11f6ae0d7d1868ba20a1cc27f067c836"},"headline":"PA 2015 : ce que je ram\u00e8ne chez moi","datePublished":"2016-05-19T00:00:00+00:00","dateModified":"2024-12-10T17:14:05+00:00","mainEntityOfPage":{"@id":"https:\/\/mwc-cmm.org\/fr\/stories\/what-i-found-at-pa-2015-and-will-take-home-with-me-4\/"},"wordCount":2034,"publisher":{"@id":"https:\/\/mwc-cmm.org\/en\/#organization"},"image":{"@id":"https:\/\/mwc-cmm.org\/fr\/stories\/what-i-found-at-pa-2015-and-will-take-home-with-me-4\/#primaryimage"},"thumbnailUrl":"https:\/\/mwc-cmm.org\/wp-content\/uploads\/2024\/11\/20150723_heiki_martin_0278.jpg","keywords":["Assembl\u00e9e","PA2015"],"articleSection":["Non classifi\u00e9(e)"],"inLanguage":"fr-FR"},{"@type":"WebPage","@id":"https:\/\/mwc-cmm.org\/fr\/stories\/what-i-found-at-pa-2015-and-will-take-home-with-me-4\/","url":"https:\/\/mwc-cmm.org\/fr\/stories\/what-i-found-at-pa-2015-and-will-take-home-with-me-4\/","name":"PA 2015 : ce que je ram\u00e8ne chez moi - Mennonite World Conference","isPartOf":{"@id":"https:\/\/mwc-cmm.org\/en\/#website"},"primaryImageOfPage":{"@id":"https:\/\/mwc-cmm.org\/fr\/stories\/what-i-found-at-pa-2015-and-will-take-home-with-me-4\/#primaryimage"},"image":{"@id":"https:\/\/mwc-cmm.org\/fr\/stories\/what-i-found-at-pa-2015-and-will-take-home-with-me-4\/#primaryimage"},"thumbnailUrl":"https:\/\/mwc-cmm.org\/wp-content\/uploads\/2024\/11\/20150723_heiki_martin_0278.jpg","datePublished":"2016-05-19T00:00:00+00:00","dateModified":"2024-12-10T17:14:05+00:00","breadcrumb":{"@id":"https:\/\/mwc-cmm.org\/fr\/stories\/what-i-found-at-pa-2015-and-will-take-home-with-me-4\/#breadcrumb"},"inLanguage":"fr-FR","potentialAction":[{"@type":"ReadAction","target":["https:\/\/mwc-cmm.org\/fr\/stories\/what-i-found-at-pa-2015-and-will-take-home-with-me-4\/"]}]},{"@type":"ImageObject","inLanguage":"fr-FR","@id":"https:\/\/mwc-cmm.org\/fr\/stories\/what-i-found-at-pa-2015-and-will-take-home-with-me-4\/#primaryimage","url":"https:\/\/mwc-cmm.org\/wp-content\/uploads\/2024\/11\/20150723_heiki_martin_0278.jpg","contentUrl":"https:\/\/mwc-cmm.org\/wp-content\/uploads\/2024\/11\/20150723_heiki_martin_0278.jpg","width":1200,"height":800},{"@type":"BreadcrumbList","@id":"https:\/\/mwc-cmm.org\/fr\/stories\/what-i-found-at-pa-2015-and-will-take-home-with-me-4\/#breadcrumb","itemListElement":[{"@type":"ListItem","position":1,"name":"Home","item":"https:\/\/mwc-cmm.org\/fr\/"},{"@type":"ListItem","position":2,"name":"PA 2015 : ce que je ram\u00e8ne chez moi"}]},{"@type":"WebSite","@id":"https:\/\/mwc-cmm.org\/en\/#website","url":"https:\/\/mwc-cmm.org\/en\/","name":"Mennonite World Conference","description":"A communion of Anabaptist-related churches","publisher":{"@id":"https:\/\/mwc-cmm.org\/en\/#organization"},"alternateName":"MWC","potentialAction":[{"@type":"SearchAction","target":{"@type":"EntryPoint","urlTemplate":"https:\/\/mwc-cmm.org\/en\/?s={search_term_string}"},"query-input":{"@type":"PropertyValueSpecification","valueRequired":true,"valueName":"search_term_string"}}],"inLanguage":"fr-FR"},{"@type":"Organization","@id":"https:\/\/mwc-cmm.org\/en\/#organization","name":"Mennonite World Conference","alternateName":"MWC","url":"https:\/\/mwc-cmm.org\/en\/","logo":{"@type":"ImageObject","inLanguage":"fr-FR","@id":"https:\/\/mwc-cmm.org\/en\/#\/schema\/logo\/image\/","url":"https:\/\/mwc-cmm.org\/wp-content\/uploads\/2026\/01\/MWC_Sig_Blue_Horiz_webheader1-logo.svg","contentUrl":"https:\/\/mwc-cmm.org\/wp-content\/uploads\/2026\/01\/MWC_Sig_Blue_Horiz_webheader1-logo.svg","width":786,"height":82,"caption":"Mennonite World Conference"},"image":{"@id":"https:\/\/mwc-cmm.org\/en\/#\/schema\/logo\/image\/"},"sameAs":["https:\/\/www.facebook.com\/MennoniteWorldConference","https:\/\/www.linkedin.com\/company\/mennonite-world-conference-mwc\/","https:\/\/www.instagram.com\/mwcmm\/","https:\/\/www.youtube.com\/user\/mwccmm","https:\/\/bsky.app\/profile\/mwcmm.bsky.social"]},{"@type":"Person","@id":"https:\/\/mwc-cmm.org\/en\/#\/schema\/person\/11f6ae0d7d1868ba20a1cc27f067c836","name":"mennworldcon","image":{"@type":"ImageObject","inLanguage":"fr-FR","@id":"https:\/\/secure.gravatar.com\/avatar\/06fdc0dc81c157dfdb82ec42f252178a22307808988d22c043f9eb96f1e0fe80?s=96&d=mm&r=g","url":"https:\/\/secure.gravatar.com\/avatar\/06fdc0dc81c157dfdb82ec42f252178a22307808988d22c043f9eb96f1e0fe80?s=96&d=mm&r=g","contentUrl":"https:\/\/secure.gravatar.com\/avatar\/06fdc0dc81c157dfdb82ec42f252178a22307808988d22c043f9eb96f1e0fe80?s=96&d=mm&r=g","caption":"mennworldcon"},"sameAs":["https:\/\/mwc-cmm.org"],"url":"https:\/\/mwc-cmm.org\/fr\/stories\/author\/mennworldcon\/"}]}},"_links":{"self":[{"href":"https:\/\/mwc-cmm.org\/fr\/wp-json\/wp\/v2\/posts\/9785","targetHints":{"allow":["GET"]}}],"collection":[{"href":"https:\/\/mwc-cmm.org\/fr\/wp-json\/wp\/v2\/posts"}],"about":[{"href":"https:\/\/mwc-cmm.org\/fr\/wp-json\/wp\/v2\/types\/post"}],"author":[{"embeddable":true,"href":"https:\/\/mwc-cmm.org\/fr\/wp-json\/wp\/v2\/users\/1"}],"replies":[{"embeddable":true,"href":"https:\/\/mwc-cmm.org\/fr\/wp-json\/wp\/v2\/comments?post=9785"}],"version-history":[{"count":0,"href":"https:\/\/mwc-cmm.org\/fr\/wp-json\/wp\/v2\/posts\/9785\/revisions"}],"wp:featuredmedia":[{"embeddable":true,"href":"https:\/\/mwc-cmm.org\/fr\/wp-json\/wp\/v2\/media\/87744"}],"wp:attachment":[{"href":"https:\/\/mwc-cmm.org\/fr\/wp-json\/wp\/v2\/media?parent=9785"}],"wp:term":[{"taxonomy":"category","embeddable":true,"href":"https:\/\/mwc-cmm.org\/fr\/wp-json\/wp\/v2\/categories?post=9785"},{"taxonomy":"post_tag","embeddable":true,"href":"https:\/\/mwc-cmm.org\/fr\/wp-json\/wp\/v2\/tags?post=9785"},{"taxonomy":"network","embeddable":true,"href":"https:\/\/mwc-cmm.org\/fr\/wp-json\/wp\/v2\/network?post=9785"},{"taxonomy":"eventcategory","embeddable":true,"href":"https:\/\/mwc-cmm.org\/fr\/wp-json\/wp\/v2\/eventcategory?post=9785"}],"curies":[{"name":"wp","href":"https:\/\/api.w.org\/{rel}","templated":true}]}}