{"id":9772,"date":"2015-12-31T00:00:00","date_gmt":"2015-12-31T00:00:00","guid":{"rendered":"https:\/\/mwc-cmm.org\/prayer-transcends-barriers-4\/"},"modified":"2024-12-10T17:13:59","modified_gmt":"2024-12-10T17:13:59","slug":"prayer-transcends-barriers-4","status":"publish","type":"post","link":"https:\/\/mwc-cmm.org\/fr\/stories\/prayer-transcends-barriers-4\/","title":{"rendered":"La pri\u00e8re transcende les obstacles"},"content":{"rendered":"<p><strong>Le r\u00e9seau de pri\u00e8re du Rassemblement a mis la famille anabaptiste en relation les uns avec les autres et avec Dieu. <\/strong><\/p>\n<p>Winnipeg (Canada) \u2013 \u00ab Quand les gens se r\u00e9unissaient dans la chambre de pri\u00e8re, souvent les mots n\u2019\u00e9taient pas n\u00e9cessaires \u00bb, dit Joanne H. Dietzel, coordonnatrice de la Conf\u00e9rence mennonite de Lancaster. \u00ab Une pri\u00e8re, un toucher, un papier mouchoir les larmes, un sourire \u2013 tout transcendait les barri\u00e8res de la langue et \u00e9difiait le corps de Christ. \u00bb<\/p>\n<p>La Conf\u00e9rence Mennonite Mondiale est un r\u00e9seau mondial d\u2019\u00e9glises dont la principale rencontre face-\u00e0-face a lieu \u00e0 tous les six ans. Avec la c\u00e9l\u00e9bration annuelle du Dimanche de la Fraternit\u00e9 Mondiale en janvier, la pri\u00e8re est un autre moyen pour les membres de rester en contact dans l\u2019entretemps.<\/p>\n<p>\u00ab C\u2019est parfois difficile de comprendre toute la dynamique de ce qui se passe dans d\u2019autres parties du monde; mais par la pri\u00e8re, nous devenons un corps \u00bb, dit Joanne H. Dietzel.<\/p>\n<p>Joanne H. Dietzel a coordonn\u00e9 le r\u00e9seau de pri\u00e8re au Rassemblement PA 2015 de la Conf\u00e9rence Mennonite Mondiale \u00e0 Harrisburg en Pennsylvanie (\u00c9.-U.). Une ann\u00e9e avant l\u2019\u00e9v\u00e9nement, elle a constitu\u00e9 une \u00e9quipe de sept personnes, en plus des membres du personnel de la CMM, Lynn Roth et Rebecca Pereverzoff, qui se sont rencontr\u00e9s sur une base mensuelle pour planifier et prier.<\/p>\n<p>Ils ont organis\u00e9 une chambre de pri\u00e8re pendant le Rassemblement (confin\u00e9e au niveau sup\u00e9rieur au Complexe du Champ de Foire, c\u00f4t\u00e9 Maclay Street entre la salle d\u2019exposition des courtepointes et la salle des cercles d\u2019amiti\u00e9); ils ont mis sur pied un r\u00e9seau mondial d\u2019anabaptistes qui ont pri\u00e9 pour la pr\u00e9paration de l\u2019\u00e9v\u00e9nement et pour se soutenir les uns les autres en esprit.<\/p>\n<p>Quelque 250 personnes de partout dans le monde se sont inscrites pour recevoir des rappels par courriels, dont une douzaine demandant chacun une correspondance en espagnol et en fran\u00e7ais.<\/p>\n<p>Diff\u00e9rents sujets \u00e9taient choisis chaque mois (ex. : inscriptions, visas et Dimanche de la Fraternit\u00e9 Mondiale) et chaque jour de la semaine (ex. : hospitalit\u00e9\/communion fraternelle, s\u00e9curit\u00e9\/voyage\/sant\u00e9, Sommet Mondial de la Jeunesse\/jeunes\/enfants, sagesse et discernement). Joanne H. Dietzel a fait circuler des sujets de pri\u00e8res recueillis aupr\u00e8s du personnel et des coordonnateurs de la CMM, mais elle a aussi re\u00e7u des requ\u00eates des personnes inscrites sur la liste, souvent pour l\u2019autorisation de voyager ou la gu\u00e9rison de maladies.<\/p>\n<p>Pendant le Rassemblement, la chambre de pri\u00e8re \u00e9tait un endroit reposant \u00ab loin du bruit et de l\u2019agitation du Rassemblement \u00bb, dit Joanne H. Dietzel.<\/p>\n<p>Des gens de tout \u00e2ge arr\u00eataient pour un court moment ou pour des heures. \u00ab J\u2019ai \u00e9t\u00e9 b\u00e9nie par le nombre de jeunes adultes qui sont venus \u00bb, ajoute Joanne H. Dietzel, sp\u00e9cifiant que plusieurs participants aux matin\u00e9es journali\u00e8res de pri\u00e8re \u00e9taient de jeunes adultes.<\/p>\n<p>Des b\u00e9n\u00e9voles \u00e9taient disponibles pour prier avec ceux et celles qui le souhaitaient. Des visiteurs ont particip\u00e9 \u00e0 une des six stations d\u2019activit\u00e9s qui offraient des moyens cr\u00e9atifs de prier (ex. : coloriage) ou des outils pour la m\u00e9ditation ou la contemplation (ex. : petite fontaine).<\/p>\n<p>Plusieurs ont d\u00e9pos\u00e9 leurs pri\u00e8res et ont allum\u00e9 une bougie \u00e0 pile sur une grande carte du monde (pr\u00eat\u00e9e par Rosedale Bible Missions) de 24\u2019 X 40\u2019 (7,3m X 12m), \u00e9tal\u00e9e sur le sol. Ils ont pri\u00e9 pour l\u2019unit\u00e9 chr\u00e9tienne, ont nomm\u00e9 des amis en besoin de gu\u00e9rison, ont pri\u00e9 pour une rencontre transformatrice avec J\u00e9sus, ils ont demand\u00e9 la gu\u00e9rison \u00e0 cause du colonialisme, de la violence et de la corruption dans des r\u00e9gions sp\u00e9cifiques, ils ont abord\u00e9 des sujets comme le changement climatique, la violence sexuelle, et autres.<\/p>\n<p>\u00ab Un groupe d\u2019enfants est venu un apr\u00e8s-midi et ont \u00e9crit de courtes pri\u00e8res magnifiques, et les ont d\u00e9pos\u00e9 sur la carte du monde \u00bb, raconte Joanne H. Dietzel.<\/p>\n<p>Environ 161 visiteurs ont \u00e9crit leur nom dans le registre des visiteurs de la chambre de pri\u00e8re, mais plusieurs autres sont venus sans signer le registre.<\/p>\n<p>\u00ab Ici en Am\u00e9rique du Nord, nous pouvons apprendre beaucoup de nos fr\u00e8res et s\u0153urs du monde au sujet de la pri\u00e8re \u00bb, dit Joanne H. Dietzel. Elle se rappelle de plusieurs femmes de l\u2019Indon\u00e9sie qui sont venues chaque jour prier \u00e0 voix haute, \u00e0 genoux.<\/p>\n<p>\u00ab J\u2019ai \u00e9t\u00e9 vraiment b\u00e9nie par les contacts cr\u00e9\u00e9s avec les fr\u00e8res et s\u0153urs de partout dans le monde gr\u00e2ce au temps pass\u00e9 ensemble dans la chambre de pri\u00e8re. M\u00eame si nous ne pouvions pas toujours nous comprendre, nous sommes venus ensemble au pied de la croix sachant que nous avions tous besoin de la gr\u00e2ce et de la mis\u00e9ricorde de Dieu.<\/p>\n<p><em>\u2014 Communiqu\u00e9 de la CMM par Karla Braun<\/em><\/p>\n<p><a href=\"https:\/\/www.mwc-cmm.org\/article\/dimanche-fraternite-mondiale?language=fr\">Cliquez ici<\/a> pour t\u00e9l\u00e9charger le mat\u00e9riel du Dimanche de la Fraternit\u00e9 Mondiale, une autre fa\u00e7on de transcender la langue et la distance et d\u2019entrer en contact avec les fr\u00e8res et s\u0153urs anabaptistes et avec Dieu, au moyen de la pri\u00e8re et du culte.<\/p>\n<p><strong>Exemples de pri\u00e8res laiss\u00e9es sur la carte du monde<\/strong><\/p>\n<p>R\u00e9pands d\u2019en haut, \u00d4 Cieux, et que les nuages d\u00e9versent la justice. Que la terre s\u2019ouvre, que le salut porte du fruit et que la justice jaillisse.<\/p>\n<p>\u00c9ternel des arm\u00e9es, tu as martel\u00e9 les \u00e9p\u00e9es du puissant pour en faire des socs. Tu appelles ton peuple \u00e0 faire de m\u00eame.<\/p>\n<p>Dieu m\u00e8re, tes enfants sont dynamiques, rayonnants, cr\u00e9atifs et d\u00e9bordants. Ils sont ton image. Que ta lumi\u00e8re luise dans le c\u0153ur, l\u2019esprit, la pens\u00e9e et le corps de tes enfants. <\/p>\n<p><a href=\"\/sites\/default\/files\/prayer_2.jpg\"><img decoding=\"async\" alt=\"\" data-src=\"\/sites\/default\/files\/prayer_2.jpg\" style=\"width: 150px; height: 200px; border-width: 1px; border-style: solid; margin-left: 10px; margin-right: 10px;\" src=\"data:image\/svg+xml;base64,PHN2ZyB3aWR0aD0iMSIgaGVpZ2h0PSIxIiB4bWxucz0iaHR0cDovL3d3dy53My5vcmcvMjAwMC9zdmciPjwvc3ZnPg==\" class=\"lazyload\" \/><\/a><a href=\"\/sites\/default\/files\/prayer_3.jpg\"><img decoding=\"async\" alt=\"\" data-src=\"\/sites\/default\/files\/prayer_3.jpg\" style=\"width: 150px; height: 200px; border-width: 1px; border-style: solid; margin-left: 10px; margin-right: 10px;\" src=\"data:image\/svg+xml;base64,PHN2ZyB3aWR0aD0iMSIgaGVpZ2h0PSIxIiB4bWxucz0iaHR0cDovL3d3dy53My5vcmcvMjAwMC9zdmciPjwvc3ZnPg==\" class=\"lazyload\" \/><\/a><\/p>\n<p><span style=\"font-size: 11px;\">Six stations d\u2019activit\u00e9s dans la chambre de pri\u00e8re au Rassemblement ont offert des moyens cr\u00e9atifs de se recueillir devant Dieu.  Photos par Kristina Toews<\/span><\/p>\n<p><span style=\"font-size:11px;\"><a href=\"https:\/\/mwc-cmm.org\/wp-content\/uploads\/2024\/10\/prayers_4_1.jpg\" data-lbwps-width=\"2000\" data-lbwps-height=\"1500\" data-lbwps-srcsmall=\"https:\/\/mwc-cmm.org\/wp-content\/uploads\/2024\/10\/prayers_4_1-300x225.jpg\"><img decoding=\"async\" alt=\"\" data-src=\"https:\/\/mwc-cmm.org\/wp-content\/uploads\/2024\/10\/prayers_4_1.jpg\" style=\"--smush-image-width: 2000px; --smush-image-aspect-ratio: 2000\/1500;width: 200px; height: 150px; border-width: 1px; border-style: solid; margin-left: 5px; margin-right: 5px; float: left;\" width=\"2000\" class=\"smush-dimensions lazyload\" src=\"data:image\/svg+xml;base64,PHN2ZyB3aWR0aD0iMSIgaGVpZ2h0PSIxIiB4bWxucz0iaHR0cDovL3d3dy53My5vcmcvMjAwMC9zdmciPjwvc3ZnPg==\" \/><\/a><\/span><\/p>\n<\/p>\n<\/p>\n<\/p>\n<p><span style=\"font-size:11px;\">\u00ab R\u00e9pands d\u2019en haut, \u00d4 Cieux, et que les nuages d\u00e9versent la justice. Que la terre s\u2019ouvre, que le salut porte du fruit et que la justice jaillisse. \u00bb Les visiteurs ont laiss\u00e9 des pri\u00e8res \u00e9crites comme celle-ci et ont allum\u00e9 une bougie \u00e0 pile sur une grande carte du monde dans la chambre de pri\u00e8re du Rassemblement.  <\/span><span style=\"font-size: 11px;\">Photo par Kristina Toews<\/span><\/p>\n<p><span style=\"font-size:11px;\"><a href=\"\/sites\/default\/files\/website_files\/prayer_1.jpg\"><em>Cliquez ici<\/em><\/a><em> pour voir une version en haute r\u00e9solution de la photo de couverture. Cliquez sur les autres photos pour voir les versions en haute resolution.<\/em><\/span><\/p><\/p>\n","protected":false},"excerpt":{"rendered":"<p>NULL<\/p>\n","protected":false},"author":1,"featured_media":87576,"comment_status":"closed","ping_status":"closed","sticky":false,"template":"","format":"standard","meta":{"_acf_changed":false,"footnotes":""},"categories":[7],"tags":[],"network":[],"eventcategory":[],"class_list":["post-9772","post","type-post","status-publish","format-standard","has-post-thumbnail","hentry","category-non-classifiee"],"acf":[],"yoast_head":"<!-- This site is optimized with the Yoast SEO plugin v27.5 - https:\/\/yoast.com\/product\/yoast-seo-wordpress\/ -->\n<title>La pri\u00e8re transcende les obstacles - Mennonite World Conference<\/title>\n<meta name=\"robots\" content=\"index, follow, max-snippet:-1, max-image-preview:large, max-video-preview:-1\" \/>\n<link rel=\"canonical\" href=\"https:\/\/mwc-cmm.org\/en\/stories\/prayer-transcends-barriers\/\" \/>\n<meta property=\"og:locale\" content=\"fr_FR\" \/>\n<meta property=\"og:type\" content=\"article\" \/>\n<meta property=\"og:title\" content=\"La pri\u00e8re transcende les obstacles - Mennonite World Conference\" \/>\n<meta property=\"og:description\" content=\"NULL\" \/>\n<meta property=\"og:url\" content=\"https:\/\/mwc-cmm.org\/en\/stories\/prayer-transcends-barriers\/\" \/>\n<meta property=\"og:site_name\" content=\"Mennonite World Conference\" \/>\n<meta property=\"article:publisher\" content=\"https:\/\/www.facebook.com\/MennoniteWorldConference\" \/>\n<meta property=\"article:published_time\" content=\"2015-12-31T00:00:00+00:00\" \/>\n<meta property=\"article:modified_time\" content=\"2024-12-10T17:13:59+00:00\" \/>\n<meta property=\"og:image\" content=\"https:\/\/mwc-cmm.org\/wp-content\/uploads\/2024\/11\/prayer_1-scaled.jpg\" \/>\n\t<meta property=\"og:image:width\" content=\"2560\" \/>\n\t<meta property=\"og:image:height\" content=\"1920\" \/>\n\t<meta property=\"og:image:type\" content=\"image\/jpeg\" \/>\n<meta name=\"author\" content=\"mennworldcon\" \/>\n<script type=\"application\/ld+json\" class=\"yoast-schema-graph\">{\"@context\":\"https:\\\/\\\/schema.org\",\"@graph\":[{\"@type\":\"Article\",\"@id\":\"https:\\\/\\\/mwc-cmm.org\\\/en\\\/stories\\\/prayer-transcends-barriers\\\/#article\",\"isPartOf\":{\"@id\":\"https:\\\/\\\/mwc-cmm.org\\\/en\\\/stories\\\/prayer-transcends-barriers\\\/\"},\"author\":{\"name\":\"mennworldcon\",\"@id\":\"https:\\\/\\\/mwc-cmm.org\\\/en\\\/#\\\/schema\\\/person\\\/11f6ae0d7d1868ba20a1cc27f067c836\"},\"headline\":\"La pri\u00e8re transcende les obstacles\",\"datePublished\":\"2015-12-31T00:00:00+00:00\",\"dateModified\":\"2024-12-10T17:13:59+00:00\",\"mainEntityOfPage\":{\"@id\":\"https:\\\/\\\/mwc-cmm.org\\\/en\\\/stories\\\/prayer-transcends-barriers\\\/\"},\"wordCount\":1112,\"publisher\":{\"@id\":\"https:\\\/\\\/mwc-cmm.org\\\/en\\\/#organization\"},\"image\":{\"@id\":\"https:\\\/\\\/mwc-cmm.org\\\/en\\\/stories\\\/prayer-transcends-barriers\\\/#primaryimage\"},\"thumbnailUrl\":\"https:\\\/\\\/mwc-cmm.org\\\/wp-content\\\/uploads\\\/2024\\\/11\\\/prayer_1-scaled.jpg\",\"articleSection\":[\"Non classifi\u00e9(e)\"],\"inLanguage\":\"fr-FR\"},{\"@type\":\"WebPage\",\"@id\":\"https:\\\/\\\/mwc-cmm.org\\\/en\\\/stories\\\/prayer-transcends-barriers\\\/\",\"url\":\"https:\\\/\\\/mwc-cmm.org\\\/en\\\/stories\\\/prayer-transcends-barriers\\\/\",\"name\":\"La pri\u00e8re transcende les obstacles - Mennonite World Conference\",\"isPartOf\":{\"@id\":\"https:\\\/\\\/mwc-cmm.org\\\/en\\\/#website\"},\"primaryImageOfPage\":{\"@id\":\"https:\\\/\\\/mwc-cmm.org\\\/en\\\/stories\\\/prayer-transcends-barriers\\\/#primaryimage\"},\"image\":{\"@id\":\"https:\\\/\\\/mwc-cmm.org\\\/en\\\/stories\\\/prayer-transcends-barriers\\\/#primaryimage\"},\"thumbnailUrl\":\"https:\\\/\\\/mwc-cmm.org\\\/wp-content\\\/uploads\\\/2024\\\/11\\\/prayer_1-scaled.jpg\",\"datePublished\":\"2015-12-31T00:00:00+00:00\",\"dateModified\":\"2024-12-10T17:13:59+00:00\",\"breadcrumb\":{\"@id\":\"https:\\\/\\\/mwc-cmm.org\\\/en\\\/stories\\\/prayer-transcends-barriers\\\/#breadcrumb\"},\"inLanguage\":\"fr-FR\",\"potentialAction\":[{\"@type\":\"ReadAction\",\"target\":[\"https:\\\/\\\/mwc-cmm.org\\\/en\\\/stories\\\/prayer-transcends-barriers\\\/\"]}]},{\"@type\":\"ImageObject\",\"inLanguage\":\"fr-FR\",\"@id\":\"https:\\\/\\\/mwc-cmm.org\\\/en\\\/stories\\\/prayer-transcends-barriers\\\/#primaryimage\",\"url\":\"https:\\\/\\\/mwc-cmm.org\\\/wp-content\\\/uploads\\\/2024\\\/11\\\/prayer_1-scaled.jpg\",\"contentUrl\":\"https:\\\/\\\/mwc-cmm.org\\\/wp-content\\\/uploads\\\/2024\\\/11\\\/prayer_1-scaled.jpg\",\"width\":2560,\"height\":1920},{\"@type\":\"BreadcrumbList\",\"@id\":\"https:\\\/\\\/mwc-cmm.org\\\/en\\\/stories\\\/prayer-transcends-barriers\\\/#breadcrumb\",\"itemListElement\":[{\"@type\":\"ListItem\",\"position\":1,\"name\":\"Home\",\"item\":\"https:\\\/\\\/mwc-cmm.org\\\/fr\\\/\"},{\"@type\":\"ListItem\",\"position\":2,\"name\":\"La pri\u00e8re transcende les obstacles\"}]},{\"@type\":\"WebSite\",\"@id\":\"https:\\\/\\\/mwc-cmm.org\\\/en\\\/#website\",\"url\":\"https:\\\/\\\/mwc-cmm.org\\\/en\\\/\",\"name\":\"Mennonite World Conference\",\"description\":\"A communion of Anabaptist-related churches\",\"publisher\":{\"@id\":\"https:\\\/\\\/mwc-cmm.org\\\/en\\\/#organization\"},\"alternateName\":\"MWC\",\"potentialAction\":[{\"@type\":\"SearchAction\",\"target\":{\"@type\":\"EntryPoint\",\"urlTemplate\":\"https:\\\/\\\/mwc-cmm.org\\\/en\\\/?s={search_term_string}\"},\"query-input\":{\"@type\":\"PropertyValueSpecification\",\"valueRequired\":true,\"valueName\":\"search_term_string\"}}],\"inLanguage\":\"fr-FR\"},{\"@type\":\"Organization\",\"@id\":\"https:\\\/\\\/mwc-cmm.org\\\/en\\\/#organization\",\"name\":\"Mennonite World Conference\",\"alternateName\":\"MWC\",\"url\":\"https:\\\/\\\/mwc-cmm.org\\\/en\\\/\",\"logo\":{\"@type\":\"ImageObject\",\"inLanguage\":\"fr-FR\",\"@id\":\"https:\\\/\\\/mwc-cmm.org\\\/en\\\/#\\\/schema\\\/logo\\\/image\\\/\",\"url\":\"https:\\\/\\\/mwc-cmm.org\\\/wp-content\\\/uploads\\\/2026\\\/01\\\/MWC_Sig_Blue_Horiz_webheader1-logo.svg\",\"contentUrl\":\"https:\\\/\\\/mwc-cmm.org\\\/wp-content\\\/uploads\\\/2026\\\/01\\\/MWC_Sig_Blue_Horiz_webheader1-logo.svg\",\"width\":786,\"height\":82,\"caption\":\"Mennonite World Conference\"},\"image\":{\"@id\":\"https:\\\/\\\/mwc-cmm.org\\\/en\\\/#\\\/schema\\\/logo\\\/image\\\/\"},\"sameAs\":[\"https:\\\/\\\/www.facebook.com\\\/MennoniteWorldConference\",\"https:\\\/\\\/www.linkedin.com\\\/company\\\/mennonite-world-conference-mwc\\\/\",\"https:\\\/\\\/www.instagram.com\\\/mwcmm\\\/\",\"https:\\\/\\\/www.youtube.com\\\/user\\\/mwccmm\",\"https:\\\/\\\/bsky.app\\\/profile\\\/mwcmm.bsky.social\"]},{\"@type\":\"Person\",\"@id\":\"https:\\\/\\\/mwc-cmm.org\\\/en\\\/#\\\/schema\\\/person\\\/11f6ae0d7d1868ba20a1cc27f067c836\",\"name\":\"mennworldcon\",\"image\":{\"@type\":\"ImageObject\",\"inLanguage\":\"fr-FR\",\"@id\":\"https:\\\/\\\/secure.gravatar.com\\\/avatar\\\/06fdc0dc81c157dfdb82ec42f252178a22307808988d22c043f9eb96f1e0fe80?s=96&d=mm&r=g\",\"url\":\"https:\\\/\\\/secure.gravatar.com\\\/avatar\\\/06fdc0dc81c157dfdb82ec42f252178a22307808988d22c043f9eb96f1e0fe80?s=96&d=mm&r=g\",\"contentUrl\":\"https:\\\/\\\/secure.gravatar.com\\\/avatar\\\/06fdc0dc81c157dfdb82ec42f252178a22307808988d22c043f9eb96f1e0fe80?s=96&d=mm&r=g\",\"caption\":\"mennworldcon\"},\"sameAs\":[\"https:\\\/\\\/mwc-cmm.org\"],\"url\":\"https:\\\/\\\/mwc-cmm.org\\\/fr\\\/stories\\\/author\\\/mennworldcon\\\/\"}]}<\/script>\n<!-- \/ Yoast SEO plugin. -->","yoast_head_json":{"title":"La pri\u00e8re transcende les obstacles - Mennonite World Conference","robots":{"index":"index","follow":"follow","max-snippet":"max-snippet:-1","max-image-preview":"max-image-preview:large","max-video-preview":"max-video-preview:-1"},"canonical":"https:\/\/mwc-cmm.org\/en\/stories\/prayer-transcends-barriers\/","og_locale":"fr_FR","og_type":"article","og_title":"La pri\u00e8re transcende les obstacles - Mennonite World Conference","og_description":"NULL","og_url":"https:\/\/mwc-cmm.org\/en\/stories\/prayer-transcends-barriers\/","og_site_name":"Mennonite World Conference","article_publisher":"https:\/\/www.facebook.com\/MennoniteWorldConference","article_published_time":"2015-12-31T00:00:00+00:00","article_modified_time":"2024-12-10T17:13:59+00:00","og_image":[{"width":2560,"height":1920,"url":"https:\/\/mwc-cmm.org\/wp-content\/uploads\/2024\/11\/prayer_1-scaled.jpg","type":"image\/jpeg"}],"author":"mennworldcon","schema":{"@context":"https:\/\/schema.org","@graph":[{"@type":"Article","@id":"https:\/\/mwc-cmm.org\/en\/stories\/prayer-transcends-barriers\/#article","isPartOf":{"@id":"https:\/\/mwc-cmm.org\/en\/stories\/prayer-transcends-barriers\/"},"author":{"name":"mennworldcon","@id":"https:\/\/mwc-cmm.org\/en\/#\/schema\/person\/11f6ae0d7d1868ba20a1cc27f067c836"},"headline":"La pri\u00e8re transcende les obstacles","datePublished":"2015-12-31T00:00:00+00:00","dateModified":"2024-12-10T17:13:59+00:00","mainEntityOfPage":{"@id":"https:\/\/mwc-cmm.org\/en\/stories\/prayer-transcends-barriers\/"},"wordCount":1112,"publisher":{"@id":"https:\/\/mwc-cmm.org\/en\/#organization"},"image":{"@id":"https:\/\/mwc-cmm.org\/en\/stories\/prayer-transcends-barriers\/#primaryimage"},"thumbnailUrl":"https:\/\/mwc-cmm.org\/wp-content\/uploads\/2024\/11\/prayer_1-scaled.jpg","articleSection":["Non classifi\u00e9(e)"],"inLanguage":"fr-FR"},{"@type":"WebPage","@id":"https:\/\/mwc-cmm.org\/en\/stories\/prayer-transcends-barriers\/","url":"https:\/\/mwc-cmm.org\/en\/stories\/prayer-transcends-barriers\/","name":"La pri\u00e8re transcende les obstacles - Mennonite World Conference","isPartOf":{"@id":"https:\/\/mwc-cmm.org\/en\/#website"},"primaryImageOfPage":{"@id":"https:\/\/mwc-cmm.org\/en\/stories\/prayer-transcends-barriers\/#primaryimage"},"image":{"@id":"https:\/\/mwc-cmm.org\/en\/stories\/prayer-transcends-barriers\/#primaryimage"},"thumbnailUrl":"https:\/\/mwc-cmm.org\/wp-content\/uploads\/2024\/11\/prayer_1-scaled.jpg","datePublished":"2015-12-31T00:00:00+00:00","dateModified":"2024-12-10T17:13:59+00:00","breadcrumb":{"@id":"https:\/\/mwc-cmm.org\/en\/stories\/prayer-transcends-barriers\/#breadcrumb"},"inLanguage":"fr-FR","potentialAction":[{"@type":"ReadAction","target":["https:\/\/mwc-cmm.org\/en\/stories\/prayer-transcends-barriers\/"]}]},{"@type":"ImageObject","inLanguage":"fr-FR","@id":"https:\/\/mwc-cmm.org\/en\/stories\/prayer-transcends-barriers\/#primaryimage","url":"https:\/\/mwc-cmm.org\/wp-content\/uploads\/2024\/11\/prayer_1-scaled.jpg","contentUrl":"https:\/\/mwc-cmm.org\/wp-content\/uploads\/2024\/11\/prayer_1-scaled.jpg","width":2560,"height":1920},{"@type":"BreadcrumbList","@id":"https:\/\/mwc-cmm.org\/en\/stories\/prayer-transcends-barriers\/#breadcrumb","itemListElement":[{"@type":"ListItem","position":1,"name":"Home","item":"https:\/\/mwc-cmm.org\/fr\/"},{"@type":"ListItem","position":2,"name":"La pri\u00e8re transcende les obstacles"}]},{"@type":"WebSite","@id":"https:\/\/mwc-cmm.org\/en\/#website","url":"https:\/\/mwc-cmm.org\/en\/","name":"Mennonite World Conference","description":"A communion of Anabaptist-related churches","publisher":{"@id":"https:\/\/mwc-cmm.org\/en\/#organization"},"alternateName":"MWC","potentialAction":[{"@type":"SearchAction","target":{"@type":"EntryPoint","urlTemplate":"https:\/\/mwc-cmm.org\/en\/?s={search_term_string}"},"query-input":{"@type":"PropertyValueSpecification","valueRequired":true,"valueName":"search_term_string"}}],"inLanguage":"fr-FR"},{"@type":"Organization","@id":"https:\/\/mwc-cmm.org\/en\/#organization","name":"Mennonite World Conference","alternateName":"MWC","url":"https:\/\/mwc-cmm.org\/en\/","logo":{"@type":"ImageObject","inLanguage":"fr-FR","@id":"https:\/\/mwc-cmm.org\/en\/#\/schema\/logo\/image\/","url":"https:\/\/mwc-cmm.org\/wp-content\/uploads\/2026\/01\/MWC_Sig_Blue_Horiz_webheader1-logo.svg","contentUrl":"https:\/\/mwc-cmm.org\/wp-content\/uploads\/2026\/01\/MWC_Sig_Blue_Horiz_webheader1-logo.svg","width":786,"height":82,"caption":"Mennonite World Conference"},"image":{"@id":"https:\/\/mwc-cmm.org\/en\/#\/schema\/logo\/image\/"},"sameAs":["https:\/\/www.facebook.com\/MennoniteWorldConference","https:\/\/www.linkedin.com\/company\/mennonite-world-conference-mwc\/","https:\/\/www.instagram.com\/mwcmm\/","https:\/\/www.youtube.com\/user\/mwccmm","https:\/\/bsky.app\/profile\/mwcmm.bsky.social"]},{"@type":"Person","@id":"https:\/\/mwc-cmm.org\/en\/#\/schema\/person\/11f6ae0d7d1868ba20a1cc27f067c836","name":"mennworldcon","image":{"@type":"ImageObject","inLanguage":"fr-FR","@id":"https:\/\/secure.gravatar.com\/avatar\/06fdc0dc81c157dfdb82ec42f252178a22307808988d22c043f9eb96f1e0fe80?s=96&d=mm&r=g","url":"https:\/\/secure.gravatar.com\/avatar\/06fdc0dc81c157dfdb82ec42f252178a22307808988d22c043f9eb96f1e0fe80?s=96&d=mm&r=g","contentUrl":"https:\/\/secure.gravatar.com\/avatar\/06fdc0dc81c157dfdb82ec42f252178a22307808988d22c043f9eb96f1e0fe80?s=96&d=mm&r=g","caption":"mennworldcon"},"sameAs":["https:\/\/mwc-cmm.org"],"url":"https:\/\/mwc-cmm.org\/fr\/stories\/author\/mennworldcon\/"}]}},"_links":{"self":[{"href":"https:\/\/mwc-cmm.org\/fr\/wp-json\/wp\/v2\/posts\/9772","targetHints":{"allow":["GET"]}}],"collection":[{"href":"https:\/\/mwc-cmm.org\/fr\/wp-json\/wp\/v2\/posts"}],"about":[{"href":"https:\/\/mwc-cmm.org\/fr\/wp-json\/wp\/v2\/types\/post"}],"author":[{"embeddable":true,"href":"https:\/\/mwc-cmm.org\/fr\/wp-json\/wp\/v2\/users\/1"}],"replies":[{"embeddable":true,"href":"https:\/\/mwc-cmm.org\/fr\/wp-json\/wp\/v2\/comments?post=9772"}],"version-history":[{"count":0,"href":"https:\/\/mwc-cmm.org\/fr\/wp-json\/wp\/v2\/posts\/9772\/revisions"}],"wp:featuredmedia":[{"embeddable":true,"href":"https:\/\/mwc-cmm.org\/fr\/wp-json\/wp\/v2\/media\/87576"}],"wp:attachment":[{"href":"https:\/\/mwc-cmm.org\/fr\/wp-json\/wp\/v2\/media?parent=9772"}],"wp:term":[{"taxonomy":"category","embeddable":true,"href":"https:\/\/mwc-cmm.org\/fr\/wp-json\/wp\/v2\/categories?post=9772"},{"taxonomy":"post_tag","embeddable":true,"href":"https:\/\/mwc-cmm.org\/fr\/wp-json\/wp\/v2\/tags?post=9772"},{"taxonomy":"network","embeddable":true,"href":"https:\/\/mwc-cmm.org\/fr\/wp-json\/wp\/v2\/network?post=9772"},{"taxonomy":"eventcategory","embeddable":true,"href":"https:\/\/mwc-cmm.org\/fr\/wp-json\/wp\/v2\/eventcategory?post=9772"}],"curies":[{"name":"wp","href":"https:\/\/api.w.org\/{rel}","templated":true}]}}