{"id":9759,"date":"2016-05-19T00:00:00","date_gmt":"2016-05-19T00:00:00","guid":{"rendered":"https:\/\/mwc-cmm.org\/evening-sermons-from-pa-2015-4\/"},"modified":"2026-03-31T18:21:23","modified_gmt":"2026-03-31T18:21:23","slug":"evening-sermons-from-pa-2015-4","status":"publish","type":"post","link":"https:\/\/mwc-cmm.org\/fr\/stories\/evening-sermons-from-pa-2015-4\/","title":{"rendered":"Pr\u00e9dications soir\u00e9es &#8211; PA 2015"},"content":{"rendered":"\n<p>Lire les textes complets des predications de PA 2015 de C\u00e9sar Garc\u00eda, Yukari Kaga, Nzuzi Mukwa, Wieteke van der Molen et Bruxy Cavey. Ces textes peuvent aussi servir de resources pour vous aider \u00e0 pr\u00e9parer le <a href=\"https:\/\/mwc-cmm.org\/fr\/dimanche-de-la-fraternite-anabaptiste-mondiale\/\" type=\"page\" id=\"11477\" target=\"_blank\" rel=\"noreferrer noopener\">Dimanche de la Fraternit\u00e9 Mondiale<\/a> dans votre \u00e9glise.<\/p>\n\n\n\n<h2 class=\"wp-block-heading\"><strong>Pr\u00e9dications soir\u00e9es &#8211; PA 2015<\/strong><\/h2>\n\n\n\n<h3 class=\"wp-block-heading\"><strong>En marche avec Dieu\u00a0<\/strong><\/h3>\n\n\n\n<p><em>(C\u00e9sar Garc\u00eda, Colombia)<\/em><\/p>\n\n\n\n<p>Ils ont d\u00e9couvert que l&rsquo;unit\u00e9 n&rsquo;\u00e9tait pas de l\u2019ordre du miracle ; elle se construit au long du chemin. Cette unit\u00e9 m\u00e8ne \u00e0 une transformation accessible seulement dans la communaut\u00e9..&nbsp;<\/p>\n\n\n\n<div class=\"wp-block-buttons is-layout-flex wp-block-buttons-is-layout-flex\">\n<div class=\"wp-block-button\"><a class=\"wp-block-button__link wp-element-button\" href=\"https:\/\/mwc-cmm.org\/fr\/stories\/en-marche-avec-dieu\/\" target=\"_blank\" rel=\"noreferrer noopener\">Lire la suite\u00a0<\/a><\/div>\n<\/div>\n\n\n\n<h3 class=\"wp-block-heading\"><strong>En marche avec des doutes et des convictions\u00a0<\/strong><\/h3>\n\n\n\n<p><em>(Yukari Kaga, Japon)<\/em><\/p>\n\n\n\n<p>C\u2019est l\u2019\u0153uvre de la grande puissance de Dieu. Et Dieu utilise cette puissance pour prot\u00e9ger notre foi du danger et restaurer notre confiance en sa grande mis\u00e9ricorde<span style=\"color: #000000; font-size: 15px;\">.<\/span><\/p>\n\n\n\n<div class=\"wp-block-buttons is-layout-flex wp-block-buttons-is-layout-flex\">\n<div class=\"wp-block-button\"><a class=\"wp-block-button__link wp-element-button\" href=\"https:\/\/mwc-cmm.org\/fr\/stories\/en-marche-avec-doubtes-convictions\/\" target=\"_blank\" rel=\"noreferrer noopener\">Lire la suite <\/a><\/div>\n<\/div>\n\n\n\n<h3 class=\"wp-block-heading\"><strong>En marche avec des conflits et vers la r\u00e9conciliation<\/strong><\/h3>\n\n\n\n<p><em>(Nzuzi Mukwa, RD Congo)<\/em><\/p>\n\n\n\n<p>Nous devons \u00eatre un phare et porter l\u2019espoir. Nous devons rendre ce t\u00e9moignage : \u00ab Dieu \u00e9tait en Christ, r\u00e9conciliant les hommes avec lui-m\u00eame \u00bb. La croix et la r\u00e9surrection du Christ nous octroient l\u2019autorit\u00e9 pour affronter les puissances d\u00e9moniaques du mal qui aggravent les conflits humains.<\/p>\n\n\n\n<div class=\"wp-block-buttons is-layout-flex wp-block-buttons-is-layout-flex\">\n<div class=\"wp-block-button\"><a class=\"wp-block-button__link wp-element-button\" href=\"https:\/\/mwc-cmm.org\/fr\/stories\/en-marche-avec-conflits-vers-reconciliation\/\" target=\"_blank\" rel=\"noreferrer noopener\">Lire la suite<\/a><\/div>\n<\/div>\n\n\n\n<h3 class=\"wp-block-heading\"><strong>En marche avec autonomie et en communaut<\/strong><\/h3>\n\n\n\n<p><em>(Wieteke van der Molen,\u00a0Les Pays-Bas)<\/em><\/p>\n\n\n\n<p>Dans la communaut\u00e9, nous ne pouvons \u00eatre seul. L&rsquo;int\u00e9r\u00eat du groupe entre en conflit avec celui de l&rsquo;individu. Et cela provoque des frictions, des souffrances et des frustrations. Mais il n\u2019y a pas d&rsquo;autre voie. \u00catre humain, c\u2019est faire partie d&rsquo;une communaut\u00e9. Nous ne pouvons pas survivre par nous-m\u00eames.&nbsp;<\/p>\n\n\n\n<div class=\"wp-block-buttons is-layout-flex wp-block-buttons-is-layout-flex\">\n<div class=\"wp-block-button\"><a class=\"wp-block-button__link wp-element-button\" href=\"https:\/\/mwc-cmm.org\/fr\/stories\/en-marche-avec-autonomie-communaut\/\">Lire la suite<\/a><\/div>\n<\/div>\n\n\n\n<h3 class=\"wp-block-heading\"><strong>En marche en recevant et en donnant<\/strong><\/h3>\n\n\n\n<p><em>(Bruxy Cavey, Canada)<\/em><\/p>\n\n\n\n<p>Nous sommes une \u00e9glise de paix parce que nous sommes d&rsquo;abord et avant tout l\u2019\u00e9glise de J\u00e9sus, et J\u00e9sus nous conduit sur le chemin de la paix. La justice est importante pour nous parce que J\u00e9sus est important et qu\u2019il se soucie de la justice.&nbsp;<\/p>\n\n\n\n<div class=\"wp-block-buttons is-layout-flex wp-block-buttons-is-layout-flex\">\n<div class=\"wp-block-button\"><a class=\"wp-block-button__link wp-element-button\" href=\"https:\/\/mwc-cmm.org\/fr\/stories\/en-marche-en-recevant-et-en-donnant\/\" target=\"_blank\" rel=\"noreferrer noopener\">Lire la suite<\/a><\/div>\n<\/div>\n","protected":false},"excerpt":{"rendered":"<p>Lire les textes complets des predications de PA 2015 de C\u00e9sar Garc\u00eda, Yukari Kaga, Nzuzi Mukwa, Wieteke van der Molen et Bruxy Cavey. Ces textes peuvent aussi servir de resources pour vous aider \u00e0 pr\u00e9parer le Dimanche de la Fraternit\u00e9 Mondiale dans votre \u00e9glise. Pr\u00e9dications soir\u00e9es &#8211; PA 2015 En marche avec Dieu\u00a0 (C\u00e9sar Garc\u00eda, [&hellip;]<\/p>\n","protected":false},"author":1,"featured_media":87394,"comment_status":"closed","ping_status":"closed","sticky":false,"template":"","format":"standard","meta":{"_acf_changed":false,"footnotes":""},"categories":[7],"tags":[1553,406,1893],"network":[1307],"eventcategory":[],"class_list":["post-9759","post","type-post","status-publish","format-standard","has-post-thumbnail","hentry","category-non-classifiee","tag-assemblee-2","tag-cesar-garcia-fr","tag-pa2015","network-courier-fr"],"acf":[],"yoast_head":"<!-- This site is optimized with the Yoast SEO plugin v27.5 - https:\/\/yoast.com\/product\/yoast-seo-wordpress\/ -->\n<title>Pr\u00e9dications soir\u00e9es - PA 2015 - Mennonite World Conference<\/title>\n<meta name=\"robots\" content=\"index, follow, max-snippet:-1, max-image-preview:large, max-video-preview:-1\" \/>\n<link rel=\"canonical\" href=\"https:\/\/mwc-cmm.org\/fr\/stories\/evening-sermons-from-pa-2015-4\/\" \/>\n<meta property=\"og:locale\" content=\"fr_FR\" \/>\n<meta property=\"og:type\" content=\"article\" \/>\n<meta property=\"og:title\" content=\"Pr\u00e9dications soir\u00e9es - PA 2015 - Mennonite World Conference\" \/>\n<meta property=\"og:description\" content=\"Lire les textes complets des predications de PA 2015 de C\u00e9sar Garc\u00eda, Yukari Kaga, Nzuzi Mukwa, Wieteke van der Molen et Bruxy Cavey. Ces textes peuvent aussi servir de resources pour vous aider \u00e0 pr\u00e9parer le Dimanche de la Fraternit\u00e9 Mondiale dans votre \u00e9glise. Pr\u00e9dications soir\u00e9es &#8211; PA 2015 En marche avec Dieu\u00a0 (C\u00e9sar Garc\u00eda, [&hellip;]\" \/>\n<meta property=\"og:url\" content=\"https:\/\/mwc-cmm.org\/fr\/stories\/evening-sermons-from-pa-2015-4\/\" \/>\n<meta property=\"og:site_name\" content=\"Mennonite World Conference\" \/>\n<meta property=\"article:publisher\" content=\"https:\/\/www.facebook.com\/MennoniteWorldConference\" \/>\n<meta property=\"article:published_time\" content=\"2016-05-19T00:00:00+00:00\" \/>\n<meta property=\"article:modified_time\" content=\"2026-03-31T18:21:23+00:00\" \/>\n<meta property=\"og:image\" content=\"https:\/\/mwc-cmm.org\/wp-content\/uploads\/2024\/11\/feautres_1.jpg\" \/>\n\t<meta property=\"og:image:width\" content=\"1200\" \/>\n\t<meta property=\"og:image:height\" content=\"591\" \/>\n\t<meta property=\"og:image:type\" content=\"image\/jpeg\" \/>\n<meta name=\"author\" content=\"mennworldcon\" \/>\n<script type=\"application\/ld+json\" class=\"yoast-schema-graph\">{\"@context\":\"https:\\\/\\\/schema.org\",\"@graph\":[{\"@type\":\"Article\",\"@id\":\"https:\\\/\\\/mwc-cmm.org\\\/fr\\\/stories\\\/evening-sermons-from-pa-2015-4\\\/#article\",\"isPartOf\":{\"@id\":\"https:\\\/\\\/mwc-cmm.org\\\/fr\\\/stories\\\/evening-sermons-from-pa-2015-4\\\/\"},\"author\":{\"name\":\"mennworldcon\",\"@id\":\"https:\\\/\\\/mwc-cmm.org\\\/en\\\/#\\\/schema\\\/person\\\/11f6ae0d7d1868ba20a1cc27f067c836\"},\"headline\":\"Pr\u00e9dications soir\u00e9es &#8211; PA 2015\",\"datePublished\":\"2016-05-19T00:00:00+00:00\",\"dateModified\":\"2026-03-31T18:21:23+00:00\",\"mainEntityOfPage\":{\"@id\":\"https:\\\/\\\/mwc-cmm.org\\\/fr\\\/stories\\\/evening-sermons-from-pa-2015-4\\\/\"},\"wordCount\":356,\"publisher\":{\"@id\":\"https:\\\/\\\/mwc-cmm.org\\\/en\\\/#organization\"},\"image\":{\"@id\":\"https:\\\/\\\/mwc-cmm.org\\\/fr\\\/stories\\\/evening-sermons-from-pa-2015-4\\\/#primaryimage\"},\"thumbnailUrl\":\"https:\\\/\\\/mwc-cmm.org\\\/wp-content\\\/uploads\\\/2024\\\/11\\\/feautres_1.jpg\",\"keywords\":[\"Assembl\u00e9e\",\"C\u00e9sar Garc\u00eda\",\"PA2015\"],\"articleSection\":[\"Non classifi\u00e9(e)\"],\"inLanguage\":\"fr-FR\"},{\"@type\":\"WebPage\",\"@id\":\"https:\\\/\\\/mwc-cmm.org\\\/fr\\\/stories\\\/evening-sermons-from-pa-2015-4\\\/\",\"url\":\"https:\\\/\\\/mwc-cmm.org\\\/fr\\\/stories\\\/evening-sermons-from-pa-2015-4\\\/\",\"name\":\"Pr\u00e9dications soir\u00e9es - PA 2015 - Mennonite World Conference\",\"isPartOf\":{\"@id\":\"https:\\\/\\\/mwc-cmm.org\\\/en\\\/#website\"},\"primaryImageOfPage\":{\"@id\":\"https:\\\/\\\/mwc-cmm.org\\\/fr\\\/stories\\\/evening-sermons-from-pa-2015-4\\\/#primaryimage\"},\"image\":{\"@id\":\"https:\\\/\\\/mwc-cmm.org\\\/fr\\\/stories\\\/evening-sermons-from-pa-2015-4\\\/#primaryimage\"},\"thumbnailUrl\":\"https:\\\/\\\/mwc-cmm.org\\\/wp-content\\\/uploads\\\/2024\\\/11\\\/feautres_1.jpg\",\"datePublished\":\"2016-05-19T00:00:00+00:00\",\"dateModified\":\"2026-03-31T18:21:23+00:00\",\"breadcrumb\":{\"@id\":\"https:\\\/\\\/mwc-cmm.org\\\/fr\\\/stories\\\/evening-sermons-from-pa-2015-4\\\/#breadcrumb\"},\"inLanguage\":\"fr-FR\",\"potentialAction\":[{\"@type\":\"ReadAction\",\"target\":[\"https:\\\/\\\/mwc-cmm.org\\\/fr\\\/stories\\\/evening-sermons-from-pa-2015-4\\\/\"]}]},{\"@type\":\"ImageObject\",\"inLanguage\":\"fr-FR\",\"@id\":\"https:\\\/\\\/mwc-cmm.org\\\/fr\\\/stories\\\/evening-sermons-from-pa-2015-4\\\/#primaryimage\",\"url\":\"https:\\\/\\\/mwc-cmm.org\\\/wp-content\\\/uploads\\\/2024\\\/11\\\/feautres_1.jpg\",\"contentUrl\":\"https:\\\/\\\/mwc-cmm.org\\\/wp-content\\\/uploads\\\/2024\\\/11\\\/feautres_1.jpg\",\"width\":1200,\"height\":591},{\"@type\":\"BreadcrumbList\",\"@id\":\"https:\\\/\\\/mwc-cmm.org\\\/fr\\\/stories\\\/evening-sermons-from-pa-2015-4\\\/#breadcrumb\",\"itemListElement\":[{\"@type\":\"ListItem\",\"position\":1,\"name\":\"Home\",\"item\":\"https:\\\/\\\/mwc-cmm.org\\\/fr\\\/\"},{\"@type\":\"ListItem\",\"position\":2,\"name\":\"Pr\u00e9dications soir\u00e9es &#8211; PA 2015\"}]},{\"@type\":\"WebSite\",\"@id\":\"https:\\\/\\\/mwc-cmm.org\\\/en\\\/#website\",\"url\":\"https:\\\/\\\/mwc-cmm.org\\\/en\\\/\",\"name\":\"Mennonite World Conference\",\"description\":\"A communion of Anabaptist-related churches\",\"publisher\":{\"@id\":\"https:\\\/\\\/mwc-cmm.org\\\/en\\\/#organization\"},\"alternateName\":\"MWC\",\"potentialAction\":[{\"@type\":\"SearchAction\",\"target\":{\"@type\":\"EntryPoint\",\"urlTemplate\":\"https:\\\/\\\/mwc-cmm.org\\\/en\\\/?s={search_term_string}\"},\"query-input\":{\"@type\":\"PropertyValueSpecification\",\"valueRequired\":true,\"valueName\":\"search_term_string\"}}],\"inLanguage\":\"fr-FR\"},{\"@type\":\"Organization\",\"@id\":\"https:\\\/\\\/mwc-cmm.org\\\/en\\\/#organization\",\"name\":\"Mennonite World Conference\",\"alternateName\":\"MWC\",\"url\":\"https:\\\/\\\/mwc-cmm.org\\\/en\\\/\",\"logo\":{\"@type\":\"ImageObject\",\"inLanguage\":\"fr-FR\",\"@id\":\"https:\\\/\\\/mwc-cmm.org\\\/en\\\/#\\\/schema\\\/logo\\\/image\\\/\",\"url\":\"https:\\\/\\\/mwc-cmm.org\\\/wp-content\\\/uploads\\\/2026\\\/01\\\/MWC_Sig_Blue_Horiz_webheader1-logo.svg\",\"contentUrl\":\"https:\\\/\\\/mwc-cmm.org\\\/wp-content\\\/uploads\\\/2026\\\/01\\\/MWC_Sig_Blue_Horiz_webheader1-logo.svg\",\"width\":786,\"height\":82,\"caption\":\"Mennonite World Conference\"},\"image\":{\"@id\":\"https:\\\/\\\/mwc-cmm.org\\\/en\\\/#\\\/schema\\\/logo\\\/image\\\/\"},\"sameAs\":[\"https:\\\/\\\/www.facebook.com\\\/MennoniteWorldConference\",\"https:\\\/\\\/www.linkedin.com\\\/company\\\/mennonite-world-conference-mwc\\\/\",\"https:\\\/\\\/www.instagram.com\\\/mwcmm\\\/\",\"https:\\\/\\\/www.youtube.com\\\/user\\\/mwccmm\",\"https:\\\/\\\/bsky.app\\\/profile\\\/mwcmm.bsky.social\"]},{\"@type\":\"Person\",\"@id\":\"https:\\\/\\\/mwc-cmm.org\\\/en\\\/#\\\/schema\\\/person\\\/11f6ae0d7d1868ba20a1cc27f067c836\",\"name\":\"mennworldcon\",\"image\":{\"@type\":\"ImageObject\",\"inLanguage\":\"fr-FR\",\"@id\":\"https:\\\/\\\/secure.gravatar.com\\\/avatar\\\/06fdc0dc81c157dfdb82ec42f252178a22307808988d22c043f9eb96f1e0fe80?s=96&d=mm&r=g\",\"url\":\"https:\\\/\\\/secure.gravatar.com\\\/avatar\\\/06fdc0dc81c157dfdb82ec42f252178a22307808988d22c043f9eb96f1e0fe80?s=96&d=mm&r=g\",\"contentUrl\":\"https:\\\/\\\/secure.gravatar.com\\\/avatar\\\/06fdc0dc81c157dfdb82ec42f252178a22307808988d22c043f9eb96f1e0fe80?s=96&d=mm&r=g\",\"caption\":\"mennworldcon\"},\"sameAs\":[\"https:\\\/\\\/mwc-cmm.org\"],\"url\":\"https:\\\/\\\/mwc-cmm.org\\\/fr\\\/stories\\\/author\\\/mennworldcon\\\/\"}]}<\/script>\n<!-- \/ Yoast SEO plugin. -->","yoast_head_json":{"title":"Pr\u00e9dications soir\u00e9es - PA 2015 - Mennonite World Conference","robots":{"index":"index","follow":"follow","max-snippet":"max-snippet:-1","max-image-preview":"max-image-preview:large","max-video-preview":"max-video-preview:-1"},"canonical":"https:\/\/mwc-cmm.org\/fr\/stories\/evening-sermons-from-pa-2015-4\/","og_locale":"fr_FR","og_type":"article","og_title":"Pr\u00e9dications soir\u00e9es - PA 2015 - Mennonite World Conference","og_description":"Lire les textes complets des predications de PA 2015 de C\u00e9sar Garc\u00eda, Yukari Kaga, Nzuzi Mukwa, Wieteke van der Molen et Bruxy Cavey. Ces textes peuvent aussi servir de resources pour vous aider \u00e0 pr\u00e9parer le Dimanche de la Fraternit\u00e9 Mondiale dans votre \u00e9glise. Pr\u00e9dications soir\u00e9es &#8211; PA 2015 En marche avec Dieu\u00a0 (C\u00e9sar Garc\u00eda, [&hellip;]","og_url":"https:\/\/mwc-cmm.org\/fr\/stories\/evening-sermons-from-pa-2015-4\/","og_site_name":"Mennonite World Conference","article_publisher":"https:\/\/www.facebook.com\/MennoniteWorldConference","article_published_time":"2016-05-19T00:00:00+00:00","article_modified_time":"2026-03-31T18:21:23+00:00","og_image":[{"width":1200,"height":591,"url":"https:\/\/mwc-cmm.org\/wp-content\/uploads\/2024\/11\/feautres_1.jpg","type":"image\/jpeg"}],"author":"mennworldcon","schema":{"@context":"https:\/\/schema.org","@graph":[{"@type":"Article","@id":"https:\/\/mwc-cmm.org\/fr\/stories\/evening-sermons-from-pa-2015-4\/#article","isPartOf":{"@id":"https:\/\/mwc-cmm.org\/fr\/stories\/evening-sermons-from-pa-2015-4\/"},"author":{"name":"mennworldcon","@id":"https:\/\/mwc-cmm.org\/en\/#\/schema\/person\/11f6ae0d7d1868ba20a1cc27f067c836"},"headline":"Pr\u00e9dications soir\u00e9es &#8211; PA 2015","datePublished":"2016-05-19T00:00:00+00:00","dateModified":"2026-03-31T18:21:23+00:00","mainEntityOfPage":{"@id":"https:\/\/mwc-cmm.org\/fr\/stories\/evening-sermons-from-pa-2015-4\/"},"wordCount":356,"publisher":{"@id":"https:\/\/mwc-cmm.org\/en\/#organization"},"image":{"@id":"https:\/\/mwc-cmm.org\/fr\/stories\/evening-sermons-from-pa-2015-4\/#primaryimage"},"thumbnailUrl":"https:\/\/mwc-cmm.org\/wp-content\/uploads\/2024\/11\/feautres_1.jpg","keywords":["Assembl\u00e9e","C\u00e9sar Garc\u00eda","PA2015"],"articleSection":["Non classifi\u00e9(e)"],"inLanguage":"fr-FR"},{"@type":"WebPage","@id":"https:\/\/mwc-cmm.org\/fr\/stories\/evening-sermons-from-pa-2015-4\/","url":"https:\/\/mwc-cmm.org\/fr\/stories\/evening-sermons-from-pa-2015-4\/","name":"Pr\u00e9dications soir\u00e9es - PA 2015 - Mennonite World Conference","isPartOf":{"@id":"https:\/\/mwc-cmm.org\/en\/#website"},"primaryImageOfPage":{"@id":"https:\/\/mwc-cmm.org\/fr\/stories\/evening-sermons-from-pa-2015-4\/#primaryimage"},"image":{"@id":"https:\/\/mwc-cmm.org\/fr\/stories\/evening-sermons-from-pa-2015-4\/#primaryimage"},"thumbnailUrl":"https:\/\/mwc-cmm.org\/wp-content\/uploads\/2024\/11\/feautres_1.jpg","datePublished":"2016-05-19T00:00:00+00:00","dateModified":"2026-03-31T18:21:23+00:00","breadcrumb":{"@id":"https:\/\/mwc-cmm.org\/fr\/stories\/evening-sermons-from-pa-2015-4\/#breadcrumb"},"inLanguage":"fr-FR","potentialAction":[{"@type":"ReadAction","target":["https:\/\/mwc-cmm.org\/fr\/stories\/evening-sermons-from-pa-2015-4\/"]}]},{"@type":"ImageObject","inLanguage":"fr-FR","@id":"https:\/\/mwc-cmm.org\/fr\/stories\/evening-sermons-from-pa-2015-4\/#primaryimage","url":"https:\/\/mwc-cmm.org\/wp-content\/uploads\/2024\/11\/feautres_1.jpg","contentUrl":"https:\/\/mwc-cmm.org\/wp-content\/uploads\/2024\/11\/feautres_1.jpg","width":1200,"height":591},{"@type":"BreadcrumbList","@id":"https:\/\/mwc-cmm.org\/fr\/stories\/evening-sermons-from-pa-2015-4\/#breadcrumb","itemListElement":[{"@type":"ListItem","position":1,"name":"Home","item":"https:\/\/mwc-cmm.org\/fr\/"},{"@type":"ListItem","position":2,"name":"Pr\u00e9dications soir\u00e9es &#8211; PA 2015"}]},{"@type":"WebSite","@id":"https:\/\/mwc-cmm.org\/en\/#website","url":"https:\/\/mwc-cmm.org\/en\/","name":"Mennonite World Conference","description":"A communion of Anabaptist-related churches","publisher":{"@id":"https:\/\/mwc-cmm.org\/en\/#organization"},"alternateName":"MWC","potentialAction":[{"@type":"SearchAction","target":{"@type":"EntryPoint","urlTemplate":"https:\/\/mwc-cmm.org\/en\/?s={search_term_string}"},"query-input":{"@type":"PropertyValueSpecification","valueRequired":true,"valueName":"search_term_string"}}],"inLanguage":"fr-FR"},{"@type":"Organization","@id":"https:\/\/mwc-cmm.org\/en\/#organization","name":"Mennonite World Conference","alternateName":"MWC","url":"https:\/\/mwc-cmm.org\/en\/","logo":{"@type":"ImageObject","inLanguage":"fr-FR","@id":"https:\/\/mwc-cmm.org\/en\/#\/schema\/logo\/image\/","url":"https:\/\/mwc-cmm.org\/wp-content\/uploads\/2026\/01\/MWC_Sig_Blue_Horiz_webheader1-logo.svg","contentUrl":"https:\/\/mwc-cmm.org\/wp-content\/uploads\/2026\/01\/MWC_Sig_Blue_Horiz_webheader1-logo.svg","width":786,"height":82,"caption":"Mennonite World Conference"},"image":{"@id":"https:\/\/mwc-cmm.org\/en\/#\/schema\/logo\/image\/"},"sameAs":["https:\/\/www.facebook.com\/MennoniteWorldConference","https:\/\/www.linkedin.com\/company\/mennonite-world-conference-mwc\/","https:\/\/www.instagram.com\/mwcmm\/","https:\/\/www.youtube.com\/user\/mwccmm","https:\/\/bsky.app\/profile\/mwcmm.bsky.social"]},{"@type":"Person","@id":"https:\/\/mwc-cmm.org\/en\/#\/schema\/person\/11f6ae0d7d1868ba20a1cc27f067c836","name":"mennworldcon","image":{"@type":"ImageObject","inLanguage":"fr-FR","@id":"https:\/\/secure.gravatar.com\/avatar\/06fdc0dc81c157dfdb82ec42f252178a22307808988d22c043f9eb96f1e0fe80?s=96&d=mm&r=g","url":"https:\/\/secure.gravatar.com\/avatar\/06fdc0dc81c157dfdb82ec42f252178a22307808988d22c043f9eb96f1e0fe80?s=96&d=mm&r=g","contentUrl":"https:\/\/secure.gravatar.com\/avatar\/06fdc0dc81c157dfdb82ec42f252178a22307808988d22c043f9eb96f1e0fe80?s=96&d=mm&r=g","caption":"mennworldcon"},"sameAs":["https:\/\/mwc-cmm.org"],"url":"https:\/\/mwc-cmm.org\/fr\/stories\/author\/mennworldcon\/"}]}},"_links":{"self":[{"href":"https:\/\/mwc-cmm.org\/fr\/wp-json\/wp\/v2\/posts\/9759","targetHints":{"allow":["GET"]}}],"collection":[{"href":"https:\/\/mwc-cmm.org\/fr\/wp-json\/wp\/v2\/posts"}],"about":[{"href":"https:\/\/mwc-cmm.org\/fr\/wp-json\/wp\/v2\/types\/post"}],"author":[{"embeddable":true,"href":"https:\/\/mwc-cmm.org\/fr\/wp-json\/wp\/v2\/users\/1"}],"replies":[{"embeddable":true,"href":"https:\/\/mwc-cmm.org\/fr\/wp-json\/wp\/v2\/comments?post=9759"}],"version-history":[{"count":0,"href":"https:\/\/mwc-cmm.org\/fr\/wp-json\/wp\/v2\/posts\/9759\/revisions"}],"wp:featuredmedia":[{"embeddable":true,"href":"https:\/\/mwc-cmm.org\/fr\/wp-json\/wp\/v2\/media\/87394"}],"wp:attachment":[{"href":"https:\/\/mwc-cmm.org\/fr\/wp-json\/wp\/v2\/media?parent=9759"}],"wp:term":[{"taxonomy":"category","embeddable":true,"href":"https:\/\/mwc-cmm.org\/fr\/wp-json\/wp\/v2\/categories?post=9759"},{"taxonomy":"post_tag","embeddable":true,"href":"https:\/\/mwc-cmm.org\/fr\/wp-json\/wp\/v2\/tags?post=9759"},{"taxonomy":"network","embeddable":true,"href":"https:\/\/mwc-cmm.org\/fr\/wp-json\/wp\/v2\/network?post=9759"},{"taxonomy":"eventcategory","embeddable":true,"href":"https:\/\/mwc-cmm.org\/fr\/wp-json\/wp\/v2\/eventcategory?post=9759"}],"curies":[{"name":"wp","href":"https:\/\/api.w.org\/{rel}","templated":true}]}}