{"id":9755,"date":"2016-05-19T00:00:00","date_gmt":"2016-05-19T00:00:00","guid":{"rendered":"https:\/\/mwc-cmm.org\/walking-in-doubt-and-conviction-4\/"},"modified":"2026-03-31T18:06:18","modified_gmt":"2026-03-31T18:06:18","slug":"en-marche-avec-doubtes-convictions","status":"publish","type":"post","link":"https:\/\/mwc-cmm.org\/fr\/stories\/en-marche-avec-doubtes-convictions\/","title":{"rendered":"En marche avec des doutes et des convictions"},"content":{"rendered":"\n<h2 class=\"wp-block-heading\"><strong>La compassion du Saint-Esprit&nbsp;: \u2018d\u00e9froisser nos c\u0153urs frip\u00e9s\u2019&nbsp;?<\/strong><\/h2>\n\n\n\n<p>\u2018B\u00e9ni soit le Dieu et P\u00e8re de notre Seigneur J\u00e9sus-Christ\u2019 (1 Pierre 1.3). Pierre commence cette lettre par des louanges, en c\u00e9l\u00e9brant la Gloire de Dieu. Ces louanges sont une expression d\u2019adoration. Ces mots sont tr\u00e8s souvent utilis\u00e9s comme doxologie pour b\u00e9nir Dieu, en particulier dans les psaumes. Les premi\u00e8res \u00e9glises d\u2019Asie Mineure pouvaient facilement comprendre que Pierre commence ainsi sa lettre.<\/p>\n\n\n\n<p>Mais cela me semble un peu \u00e9trange. D\u2019apr\u00e8s le contexte de cette lettre, les chr\u00e9tiens des \u00e9glises d\u2019Asie Mineure se trouvaient dans une situation p\u00e9rilleuse. Ils risquaient leur vie \u00e0 cause d\u2019une pers\u00e9cution mondiale. Pierre a \u00e9crit cette lettre pour des chr\u00e9tiens vivant dans des circonstances aussi terribles. Mais je me demande : comment louer le Seigneur lorsque l\u2019on vit dans de telles situations ? Comment Pierre le pouvait-il ? Comment les membres de l&rsquo;\u00e9glise primitive comprenaient-ils cette lettre ?<\/p>\n\n\n\n<h3 class=\"wp-block-heading\"><strong>Vivre dans une situation dangereuse<\/strong><\/h3>\n\n\n\n<p>Il est certain que Pierre a \u00e9crit cette lettre \u00e0 des chr\u00e9tiens. Il leur faisait confiance et avait un grand respect pour eux. Pierre devait conna\u00eetre leur situation et en \u00eatre tr\u00e8s malheureux. Sa lettre leur a probablement rappel\u00e9 que le peuple \u00e9lu de Dieu est \u2018purifi\u00e9s par l&rsquo;aspersion de son sang\u2019 (1 Pierre 1.2).<\/p>\n\n\n\n<p>Pierre savait donc que ses lecteurs connaissaient la signification du sang dans la r\u00e9alit\u00e9 pr\u00e9sente, parce que tant de gens mouraient. Et maintenant aussi, tant de gens meurent.<\/p>\n\n\n\n<p>Lorsque nous sommes confront\u00e9s \u00e0 une r\u00e9alit\u00e9 que nous ne pouvons changer, nous devons lutter. Nous nous accrochons \u00e0 notre foi, mais c\u2019est une lutte. Et cela provoque en nous des sentiments de malaise, d&rsquo;anxi\u00e9t\u00e9 ou de peur. Nous sommes d\u00e9prim\u00e9s et nos c\u0153urs se serrent. Nous sommes terrifi\u00e9s.<\/p>\n\n\n\n<p>Cela arrive \u00e0 tout le monde, surtout lorsque nous traversons des temps particuli\u00e8rement \u00e9prouvants. Cette \u00e9poque est tr\u00e8s difficile \u00e0 vivre parce qu\u2019elle nous interpelle. Des questions nous am\u00e8nent \u00e0 douter, et le doute nous fait perdre nos convictions. Alors, nous sommes d\u00e9prim\u00e9s et nous nous apitoyons sur nous-m\u00eame. La crainte nous envahit.<\/p>\n\n\n\n<h3 class=\"wp-block-heading\"><strong>\u2018D\u00e9froisser un c\u0153ur frip\u00e9\u2019 <\/strong><\/h3>\n\n\n\n<p>Cependant, la Bible dit&nbsp;\u2018dans sa grande compassion\u2019. Le caract\u00e8re japonais Kanji pour le mot \u2018compassion\u2019 (\u00e0 l&rsquo;origine un pictogramme du caract\u00e8re chinois) montre quelqu&rsquo;un qui \u2018repasse\u2019 ou \u2018d\u00e9froisse\u2019 un c\u0153ur frip\u00e9 avec un ancien fer \u00e0 repasser (pas le fer \u00e9lectrique moderne que nous utilisons maintenant). Utilisant l\u2019ancien fer \u00e0 repasser, quelqu&rsquo;un \u2018d\u00e9froisse notre c\u0153ur frip\u00e9\u2019 \u00e0 temp\u00e9rature mod\u00e9r\u00e9e. Le fer n\u2019est ni trop chaud, ni trop froid, mais exactement \u00e0 la bonne temp\u00e9rature. Le c\u0153ur gu\u00e9rit et il est restaur\u00e9. C\u2019est l&rsquo;\u0153uvre du Saint-Esprit, le Consolateur.<\/p>\n\n\n\n<p>Dieu a fait cela pour nous et continue de le faire. Et ce Dieu a ressuscit\u00e9 J\u00e9sus d&rsquo;entre les morts.<\/p>\n\n\n\n<p>Ce passage de 2 Pierre nous dit qu\u2019\u00e0 cette \u00e9poque, tant de personnes mouraient. Et aujourd\u2019hui c\u2019est toujours le cas. J\u00e9sus est mort, comme nous mourons tous, mais il a remport\u00e9 la victoire totale sur la mort (1 Corinthiens 15.54-55).<\/p>\n\n\n\n<p>C\u2019est l\u2019\u0153uvre de la grande puissance de Dieu. Et Dieu utilise cette puissance pour prot\u00e9ger notre foi du danger et restaurer notre confiance en sa grande mis\u00e9ricorde.<\/p>\n\n\n\n<p>Parfois, nous disons que nous avons la foi. Mais la foi n\u2019est pas inn\u00e9e. La foi vient de l&rsquo;ext\u00e9rieur, nous devons l\u2019int\u00e9grer dans nos vies.<\/p>\n\n\n\n<p>Dieu nous fait comprendre que nous avons tous \u00e9t\u00e9 r\u00e9g\u00e9n\u00e9r\u00e9s en croyant que J\u00e9sus Christ est ressuscit\u00e9. Avec la puissance ultime de Dieu, nous pouvons croire \u00e0 nouveau avec une esp\u00e9rance vivante gr\u00e2ce \u00e0 la r\u00e9surrection. Et dans cette esp\u00e9rance vivante, il y a une vie qui donne la vraie vie.<\/p>\n\n\n\n<h3 class=\"wp-block-heading\"><strong>La lumi\u00e8re de notre esp\u00e9rance vivante<\/strong><\/h3>\n\n\n\n<p>Pierre veut partager cette joie du salut afin que les autres aussi puissent \u00eatre sauv\u00e9s dans la lumi\u00e8re de cette esp\u00e9rance vivante. Il sait bien \u00e0 quel point il \u00e9tait malheureux. Par le sang de Christ, Pierre a d\u00e9couvert quelque chose dont il n\u2019avait aucune id\u00e9e. Gr\u00e2ce \u00e0 la r\u00e9surrection, Peter a \u00e9t\u00e9 r\u00e9g\u00e9n\u00e9r\u00e9. C\u2019est ce qu\u2019il a d\u00e9couvert. Tout ce qu\u2019il lui reste \u00e0 faire est de vivre dans la lumi\u00e8re de cette esp\u00e9rance vivante. Telle est notre esp\u00e9rance chr\u00e9tienne&nbsp;: le salut qui sera r\u00e9v\u00e9l\u00e9 dans les derniers temps.<\/p>\n\n\n\n<p>Donc, Pierre pouvait louer Dieu. Il nous semble l\u2019entendre chanter d\u2019une voix forte, les larmes aux yeux. M\u00eame si Dieu nous fait traverser des \u00e9preuves, nous pouvons aussi le louer.<\/p>\n\n\n\n<p>Bien s\u00fbr, nos nombreuses \u00e9preuves peuvent nous faire tr\u00e9bucher, et parfois tomber. Mais notre foi ne meurt jamais \u00e0 cause du bouclier de Dieu. Rien ne peut d\u00e9truire le bouclier de Dieu. \u2018Dieu lui-m\u00eame essuiera toute larme de leurs yeux\u2019 (Apocalypse 7.17).<\/p>\n\n\n\n<p>Il nous semble entendre des voix joyeuses dans cette lettre. Et maintenant, nous pouvons aussi \u00e9lever nos voix ensemble. Nous suivons notre Seigneur J\u00e9sus Christ en chantant ses louanges.<\/p>\n\n\n\n<p class=\"rteindent1\">P\u00e8re c\u00e9leste, Seigneur,<\/p>\n\n\n\n<p class=\"rteindent1\">Aie piti\u00e9 de ce monde,<\/p>\n\n\n\n<p class=\"rteindent1\">Par ton amour fid\u00e8le et ta grande mis\u00e9ricorde.<\/p>\n\n\n\n<p class=\"rteindent1\">Restaure en nous la joie de ton salut, et garde en nous un esprit bien dispos\u00e9<\/p>\n\n\n\n<p class=\"rteindent1\">Marchons \u00e0 nouveau dans une esp\u00e9rance vivante en disciples de J\u00e9sus notre Seigneur.<\/p>\n\n\n\n<p class=\"rteindent1\">Amen.<\/p>\n\n\n\n<p><em>Yukari Kaga (Japon) a parl\u00e9 mercredi soir, le 22 juillet 2015, lors du 16e Rassemblement. Yukari est pasteure de plusieurs petites assembl\u00e9es mennonites \u00e0 Hokkaido. Elle est directrice du <\/em>Peace Mission Center <em>et travaille au <\/em>Mennonite Education and Research Center <em>au Japon.<\/em><\/p>\n\n\n\n<hr class=\"wp-block-separator has-alpha-channel-opacity\"\/>\n\n\n<div style=\"font-style:normal;font-weight:200\" class=\"taxonomy-post_tag has-link-color wp-elements-c156640d9bee56933ae7a5b97a71238b wp-block-post-terms has-text-color has-gray-color\"><a href=\"https:\/\/mwc-cmm.org\/fr\/stories\/tag\/asie-et-pacifique\/\" rel=\"tag\">Asie et Pacifique<\/a><span class=\"wp-block-post-terms__separator\">, <\/span><a href=\"https:\/\/mwc-cmm.org\/fr\/stories\/tag\/assemblee-2\/\" rel=\"tag\">Assembl\u00e9e<\/a><span class=\"wp-block-post-terms__separator\">, <\/span><a href=\"https:\/\/mwc-cmm.org\/fr\/stories\/tag\/cesar-garcia-fr\/\" rel=\"tag\">C\u00e9sar Garc\u00eda<\/a><span class=\"wp-block-post-terms__separator\">, <\/span><a href=\"https:\/\/mwc-cmm.org\/fr\/stories\/tag\/courier-fr\/\" rel=\"tag\">Courier<\/a><span class=\"wp-block-post-terms__separator\">, <\/span><a href=\"https:\/\/mwc-cmm.org\/fr\/stories\/tag\/pa-2015-fr\/\" rel=\"tag\">PA 2015<\/a><span class=\"wp-block-post-terms__separator\">, <\/span><a href=\"https:\/\/mwc-cmm.org\/fr\/stories\/tag\/pa2015\/\" rel=\"tag\">PA2015<\/a><\/div>","protected":false},"excerpt":{"rendered":"<p>La compassion du Saint-Esprit&nbsp;: \u2018d\u00e9froisser nos c\u0153urs frip\u00e9s\u2019&nbsp;? \u2018B\u00e9ni soit le Dieu et P\u00e8re de notre Seigneur J\u00e9sus-Christ\u2019 (1 Pierre 1.3). Pierre commence cette lettre par des louanges, en c\u00e9l\u00e9brant la Gloire de Dieu. Ces louanges sont une expression d\u2019adoration. Ces mots sont tr\u00e8s souvent utilis\u00e9s comme doxologie pour b\u00e9nir Dieu, en particulier dans les [&hellip;]<\/p>\n","protected":false},"author":1,"featured_media":87338,"comment_status":"closed","ping_status":"closed","sticky":false,"template":"","format":"standard","meta":{"_acf_changed":false,"footnotes":""},"categories":[7],"tags":[1535,1553,406,407,1046,1893],"network":[1307],"eventcategory":[],"class_list":["post-9755","post","type-post","status-publish","format-standard","has-post-thumbnail","hentry","category-non-classifiee","tag-asie-et-pacifique","tag-assemblee-2","tag-cesar-garcia-fr","tag-courier-fr","tag-pa-2015-fr","tag-pa2015","network-courier-fr"],"acf":[],"yoast_head":"<!-- This site is optimized with the Yoast SEO plugin v27.5 - https:\/\/yoast.com\/product\/yoast-seo-wordpress\/ -->\n<title>En marche avec des doutes et des convictions - Mennonite World Conference<\/title>\n<meta name=\"robots\" content=\"index, follow, max-snippet:-1, max-image-preview:large, max-video-preview:-1\" \/>\n<link rel=\"canonical\" href=\"https:\/\/mwc-cmm.org\/fr\/stories\/en-marche-avec-doubtes-convictions\/\" \/>\n<meta property=\"og:locale\" content=\"fr_FR\" \/>\n<meta property=\"og:type\" content=\"article\" \/>\n<meta property=\"og:title\" content=\"En marche avec des doutes et des convictions - Mennonite World Conference\" \/>\n<meta property=\"og:description\" content=\"La compassion du Saint-Esprit&nbsp;: \u2018d\u00e9froisser nos c\u0153urs frip\u00e9s\u2019&nbsp;? \u2018B\u00e9ni soit le Dieu et P\u00e8re de notre Seigneur J\u00e9sus-Christ\u2019 (1 Pierre 1.3). Pierre commence cette lettre par des louanges, en c\u00e9l\u00e9brant la Gloire de Dieu. Ces louanges sont une expression d\u2019adoration. Ces mots sont tr\u00e8s souvent utilis\u00e9s comme doxologie pour b\u00e9nir Dieu, en particulier dans les [&hellip;]\" \/>\n<meta property=\"og:url\" content=\"https:\/\/mwc-cmm.org\/fr\/stories\/en-marche-avec-doubtes-convictions\/\" \/>\n<meta property=\"og:site_name\" content=\"Mennonite World Conference\" \/>\n<meta property=\"article:publisher\" content=\"https:\/\/www.facebook.com\/MennoniteWorldConference\" \/>\n<meta property=\"article:published_time\" content=\"2016-05-19T00:00:00+00:00\" \/>\n<meta property=\"article:modified_time\" content=\"2026-03-31T18:06:18+00:00\" \/>\n<meta property=\"og:image\" content=\"https:\/\/mwc-cmm.org\/wp-content\/uploads\/2024\/11\/20150722_jonathoncharles_1635_editd_edited-2.jpg\" \/>\n\t<meta property=\"og:image:width\" content=\"1200\" \/>\n\t<meta property=\"og:image:height\" content=\"713\" \/>\n\t<meta property=\"og:image:type\" content=\"image\/jpeg\" \/>\n<meta name=\"author\" content=\"mennworldcon\" \/>\n<script type=\"application\/ld+json\" class=\"yoast-schema-graph\">{\"@context\":\"https:\\\/\\\/schema.org\",\"@graph\":[{\"@type\":\"Article\",\"@id\":\"https:\\\/\\\/mwc-cmm.org\\\/fr\\\/stories\\\/en-marche-avec-doubtes-convictions\\\/#article\",\"isPartOf\":{\"@id\":\"https:\\\/\\\/mwc-cmm.org\\\/fr\\\/stories\\\/en-marche-avec-doubtes-convictions\\\/\"},\"author\":{\"name\":\"mennworldcon\",\"@id\":\"https:\\\/\\\/mwc-cmm.org\\\/en\\\/#\\\/schema\\\/person\\\/11f6ae0d7d1868ba20a1cc27f067c836\"},\"headline\":\"En marche avec des doutes et des convictions\",\"datePublished\":\"2016-05-19T00:00:00+00:00\",\"dateModified\":\"2026-03-31T18:06:18+00:00\",\"mainEntityOfPage\":{\"@id\":\"https:\\\/\\\/mwc-cmm.org\\\/fr\\\/stories\\\/en-marche-avec-doubtes-convictions\\\/\"},\"wordCount\":989,\"publisher\":{\"@id\":\"https:\\\/\\\/mwc-cmm.org\\\/en\\\/#organization\"},\"image\":{\"@id\":\"https:\\\/\\\/mwc-cmm.org\\\/fr\\\/stories\\\/en-marche-avec-doubtes-convictions\\\/#primaryimage\"},\"thumbnailUrl\":\"https:\\\/\\\/mwc-cmm.org\\\/wp-content\\\/uploads\\\/2024\\\/11\\\/20150722_jonathoncharles_1635_editd_edited-2.jpg\",\"keywords\":[\"Asie et Pacifique\",\"Assembl\u00e9e\",\"C\u00e9sar Garc\u00eda\",\"Courier\",\"PA 2015\",\"PA2015\"],\"articleSection\":[\"Non classifi\u00e9(e)\"],\"inLanguage\":\"fr-FR\"},{\"@type\":\"WebPage\",\"@id\":\"https:\\\/\\\/mwc-cmm.org\\\/fr\\\/stories\\\/en-marche-avec-doubtes-convictions\\\/\",\"url\":\"https:\\\/\\\/mwc-cmm.org\\\/fr\\\/stories\\\/en-marche-avec-doubtes-convictions\\\/\",\"name\":\"En marche avec des doutes et des convictions - Mennonite World Conference\",\"isPartOf\":{\"@id\":\"https:\\\/\\\/mwc-cmm.org\\\/en\\\/#website\"},\"primaryImageOfPage\":{\"@id\":\"https:\\\/\\\/mwc-cmm.org\\\/fr\\\/stories\\\/en-marche-avec-doubtes-convictions\\\/#primaryimage\"},\"image\":{\"@id\":\"https:\\\/\\\/mwc-cmm.org\\\/fr\\\/stories\\\/en-marche-avec-doubtes-convictions\\\/#primaryimage\"},\"thumbnailUrl\":\"https:\\\/\\\/mwc-cmm.org\\\/wp-content\\\/uploads\\\/2024\\\/11\\\/20150722_jonathoncharles_1635_editd_edited-2.jpg\",\"datePublished\":\"2016-05-19T00:00:00+00:00\",\"dateModified\":\"2026-03-31T18:06:18+00:00\",\"breadcrumb\":{\"@id\":\"https:\\\/\\\/mwc-cmm.org\\\/fr\\\/stories\\\/en-marche-avec-doubtes-convictions\\\/#breadcrumb\"},\"inLanguage\":\"fr-FR\",\"potentialAction\":[{\"@type\":\"ReadAction\",\"target\":[\"https:\\\/\\\/mwc-cmm.org\\\/fr\\\/stories\\\/en-marche-avec-doubtes-convictions\\\/\"]}]},{\"@type\":\"ImageObject\",\"inLanguage\":\"fr-FR\",\"@id\":\"https:\\\/\\\/mwc-cmm.org\\\/fr\\\/stories\\\/en-marche-avec-doubtes-convictions\\\/#primaryimage\",\"url\":\"https:\\\/\\\/mwc-cmm.org\\\/wp-content\\\/uploads\\\/2024\\\/11\\\/20150722_jonathoncharles_1635_editd_edited-2.jpg\",\"contentUrl\":\"https:\\\/\\\/mwc-cmm.org\\\/wp-content\\\/uploads\\\/2024\\\/11\\\/20150722_jonathoncharles_1635_editd_edited-2.jpg\",\"width\":1200,\"height\":713},{\"@type\":\"BreadcrumbList\",\"@id\":\"https:\\\/\\\/mwc-cmm.org\\\/fr\\\/stories\\\/en-marche-avec-doubtes-convictions\\\/#breadcrumb\",\"itemListElement\":[{\"@type\":\"ListItem\",\"position\":1,\"name\":\"Home\",\"item\":\"https:\\\/\\\/mwc-cmm.org\\\/fr\\\/\"},{\"@type\":\"ListItem\",\"position\":2,\"name\":\"En marche avec des doutes et des convictions\"}]},{\"@type\":\"WebSite\",\"@id\":\"https:\\\/\\\/mwc-cmm.org\\\/en\\\/#website\",\"url\":\"https:\\\/\\\/mwc-cmm.org\\\/en\\\/\",\"name\":\"Mennonite World Conference\",\"description\":\"A communion of Anabaptist-related churches\",\"publisher\":{\"@id\":\"https:\\\/\\\/mwc-cmm.org\\\/en\\\/#organization\"},\"alternateName\":\"MWC\",\"potentialAction\":[{\"@type\":\"SearchAction\",\"target\":{\"@type\":\"EntryPoint\",\"urlTemplate\":\"https:\\\/\\\/mwc-cmm.org\\\/en\\\/?s={search_term_string}\"},\"query-input\":{\"@type\":\"PropertyValueSpecification\",\"valueRequired\":true,\"valueName\":\"search_term_string\"}}],\"inLanguage\":\"fr-FR\"},{\"@type\":\"Organization\",\"@id\":\"https:\\\/\\\/mwc-cmm.org\\\/en\\\/#organization\",\"name\":\"Mennonite World Conference\",\"alternateName\":\"MWC\",\"url\":\"https:\\\/\\\/mwc-cmm.org\\\/en\\\/\",\"logo\":{\"@type\":\"ImageObject\",\"inLanguage\":\"fr-FR\",\"@id\":\"https:\\\/\\\/mwc-cmm.org\\\/en\\\/#\\\/schema\\\/logo\\\/image\\\/\",\"url\":\"https:\\\/\\\/mwc-cmm.org\\\/wp-content\\\/uploads\\\/2026\\\/01\\\/MWC_Sig_Blue_Horiz_webheader1-logo.svg\",\"contentUrl\":\"https:\\\/\\\/mwc-cmm.org\\\/wp-content\\\/uploads\\\/2026\\\/01\\\/MWC_Sig_Blue_Horiz_webheader1-logo.svg\",\"width\":786,\"height\":82,\"caption\":\"Mennonite World Conference\"},\"image\":{\"@id\":\"https:\\\/\\\/mwc-cmm.org\\\/en\\\/#\\\/schema\\\/logo\\\/image\\\/\"},\"sameAs\":[\"https:\\\/\\\/www.facebook.com\\\/MennoniteWorldConference\",\"https:\\\/\\\/www.linkedin.com\\\/company\\\/mennonite-world-conference-mwc\\\/\",\"https:\\\/\\\/www.instagram.com\\\/mwcmm\\\/\",\"https:\\\/\\\/www.youtube.com\\\/user\\\/mwccmm\",\"https:\\\/\\\/bsky.app\\\/profile\\\/mwcmm.bsky.social\"]},{\"@type\":\"Person\",\"@id\":\"https:\\\/\\\/mwc-cmm.org\\\/en\\\/#\\\/schema\\\/person\\\/11f6ae0d7d1868ba20a1cc27f067c836\",\"name\":\"mennworldcon\",\"image\":{\"@type\":\"ImageObject\",\"inLanguage\":\"fr-FR\",\"@id\":\"https:\\\/\\\/secure.gravatar.com\\\/avatar\\\/06fdc0dc81c157dfdb82ec42f252178a22307808988d22c043f9eb96f1e0fe80?s=96&d=mm&r=g\",\"url\":\"https:\\\/\\\/secure.gravatar.com\\\/avatar\\\/06fdc0dc81c157dfdb82ec42f252178a22307808988d22c043f9eb96f1e0fe80?s=96&d=mm&r=g\",\"contentUrl\":\"https:\\\/\\\/secure.gravatar.com\\\/avatar\\\/06fdc0dc81c157dfdb82ec42f252178a22307808988d22c043f9eb96f1e0fe80?s=96&d=mm&r=g\",\"caption\":\"mennworldcon\"},\"sameAs\":[\"https:\\\/\\\/mwc-cmm.org\"],\"url\":\"https:\\\/\\\/mwc-cmm.org\\\/fr\\\/stories\\\/author\\\/mennworldcon\\\/\"}]}<\/script>\n<!-- \/ Yoast SEO plugin. -->","yoast_head_json":{"title":"En marche avec des doutes et des convictions - Mennonite World Conference","robots":{"index":"index","follow":"follow","max-snippet":"max-snippet:-1","max-image-preview":"max-image-preview:large","max-video-preview":"max-video-preview:-1"},"canonical":"https:\/\/mwc-cmm.org\/fr\/stories\/en-marche-avec-doubtes-convictions\/","og_locale":"fr_FR","og_type":"article","og_title":"En marche avec des doutes et des convictions - Mennonite World Conference","og_description":"La compassion du Saint-Esprit&nbsp;: \u2018d\u00e9froisser nos c\u0153urs frip\u00e9s\u2019&nbsp;? \u2018B\u00e9ni soit le Dieu et P\u00e8re de notre Seigneur J\u00e9sus-Christ\u2019 (1 Pierre 1.3). Pierre commence cette lettre par des louanges, en c\u00e9l\u00e9brant la Gloire de Dieu. Ces louanges sont une expression d\u2019adoration. Ces mots sont tr\u00e8s souvent utilis\u00e9s comme doxologie pour b\u00e9nir Dieu, en particulier dans les [&hellip;]","og_url":"https:\/\/mwc-cmm.org\/fr\/stories\/en-marche-avec-doubtes-convictions\/","og_site_name":"Mennonite World Conference","article_publisher":"https:\/\/www.facebook.com\/MennoniteWorldConference","article_published_time":"2016-05-19T00:00:00+00:00","article_modified_time":"2026-03-31T18:06:18+00:00","og_image":[{"width":1200,"height":713,"url":"https:\/\/mwc-cmm.org\/wp-content\/uploads\/2024\/11\/20150722_jonathoncharles_1635_editd_edited-2.jpg","type":"image\/jpeg"}],"author":"mennworldcon","schema":{"@context":"https:\/\/schema.org","@graph":[{"@type":"Article","@id":"https:\/\/mwc-cmm.org\/fr\/stories\/en-marche-avec-doubtes-convictions\/#article","isPartOf":{"@id":"https:\/\/mwc-cmm.org\/fr\/stories\/en-marche-avec-doubtes-convictions\/"},"author":{"name":"mennworldcon","@id":"https:\/\/mwc-cmm.org\/en\/#\/schema\/person\/11f6ae0d7d1868ba20a1cc27f067c836"},"headline":"En marche avec des doutes et des convictions","datePublished":"2016-05-19T00:00:00+00:00","dateModified":"2026-03-31T18:06:18+00:00","mainEntityOfPage":{"@id":"https:\/\/mwc-cmm.org\/fr\/stories\/en-marche-avec-doubtes-convictions\/"},"wordCount":989,"publisher":{"@id":"https:\/\/mwc-cmm.org\/en\/#organization"},"image":{"@id":"https:\/\/mwc-cmm.org\/fr\/stories\/en-marche-avec-doubtes-convictions\/#primaryimage"},"thumbnailUrl":"https:\/\/mwc-cmm.org\/wp-content\/uploads\/2024\/11\/20150722_jonathoncharles_1635_editd_edited-2.jpg","keywords":["Asie et Pacifique","Assembl\u00e9e","C\u00e9sar Garc\u00eda","Courier","PA 2015","PA2015"],"articleSection":["Non classifi\u00e9(e)"],"inLanguage":"fr-FR"},{"@type":"WebPage","@id":"https:\/\/mwc-cmm.org\/fr\/stories\/en-marche-avec-doubtes-convictions\/","url":"https:\/\/mwc-cmm.org\/fr\/stories\/en-marche-avec-doubtes-convictions\/","name":"En marche avec des doutes et des convictions - Mennonite World Conference","isPartOf":{"@id":"https:\/\/mwc-cmm.org\/en\/#website"},"primaryImageOfPage":{"@id":"https:\/\/mwc-cmm.org\/fr\/stories\/en-marche-avec-doubtes-convictions\/#primaryimage"},"image":{"@id":"https:\/\/mwc-cmm.org\/fr\/stories\/en-marche-avec-doubtes-convictions\/#primaryimage"},"thumbnailUrl":"https:\/\/mwc-cmm.org\/wp-content\/uploads\/2024\/11\/20150722_jonathoncharles_1635_editd_edited-2.jpg","datePublished":"2016-05-19T00:00:00+00:00","dateModified":"2026-03-31T18:06:18+00:00","breadcrumb":{"@id":"https:\/\/mwc-cmm.org\/fr\/stories\/en-marche-avec-doubtes-convictions\/#breadcrumb"},"inLanguage":"fr-FR","potentialAction":[{"@type":"ReadAction","target":["https:\/\/mwc-cmm.org\/fr\/stories\/en-marche-avec-doubtes-convictions\/"]}]},{"@type":"ImageObject","inLanguage":"fr-FR","@id":"https:\/\/mwc-cmm.org\/fr\/stories\/en-marche-avec-doubtes-convictions\/#primaryimage","url":"https:\/\/mwc-cmm.org\/wp-content\/uploads\/2024\/11\/20150722_jonathoncharles_1635_editd_edited-2.jpg","contentUrl":"https:\/\/mwc-cmm.org\/wp-content\/uploads\/2024\/11\/20150722_jonathoncharles_1635_editd_edited-2.jpg","width":1200,"height":713},{"@type":"BreadcrumbList","@id":"https:\/\/mwc-cmm.org\/fr\/stories\/en-marche-avec-doubtes-convictions\/#breadcrumb","itemListElement":[{"@type":"ListItem","position":1,"name":"Home","item":"https:\/\/mwc-cmm.org\/fr\/"},{"@type":"ListItem","position":2,"name":"En marche avec des doutes et des convictions"}]},{"@type":"WebSite","@id":"https:\/\/mwc-cmm.org\/en\/#website","url":"https:\/\/mwc-cmm.org\/en\/","name":"Mennonite World Conference","description":"A communion of Anabaptist-related churches","publisher":{"@id":"https:\/\/mwc-cmm.org\/en\/#organization"},"alternateName":"MWC","potentialAction":[{"@type":"SearchAction","target":{"@type":"EntryPoint","urlTemplate":"https:\/\/mwc-cmm.org\/en\/?s={search_term_string}"},"query-input":{"@type":"PropertyValueSpecification","valueRequired":true,"valueName":"search_term_string"}}],"inLanguage":"fr-FR"},{"@type":"Organization","@id":"https:\/\/mwc-cmm.org\/en\/#organization","name":"Mennonite World Conference","alternateName":"MWC","url":"https:\/\/mwc-cmm.org\/en\/","logo":{"@type":"ImageObject","inLanguage":"fr-FR","@id":"https:\/\/mwc-cmm.org\/en\/#\/schema\/logo\/image\/","url":"https:\/\/mwc-cmm.org\/wp-content\/uploads\/2026\/01\/MWC_Sig_Blue_Horiz_webheader1-logo.svg","contentUrl":"https:\/\/mwc-cmm.org\/wp-content\/uploads\/2026\/01\/MWC_Sig_Blue_Horiz_webheader1-logo.svg","width":786,"height":82,"caption":"Mennonite World Conference"},"image":{"@id":"https:\/\/mwc-cmm.org\/en\/#\/schema\/logo\/image\/"},"sameAs":["https:\/\/www.facebook.com\/MennoniteWorldConference","https:\/\/www.linkedin.com\/company\/mennonite-world-conference-mwc\/","https:\/\/www.instagram.com\/mwcmm\/","https:\/\/www.youtube.com\/user\/mwccmm","https:\/\/bsky.app\/profile\/mwcmm.bsky.social"]},{"@type":"Person","@id":"https:\/\/mwc-cmm.org\/en\/#\/schema\/person\/11f6ae0d7d1868ba20a1cc27f067c836","name":"mennworldcon","image":{"@type":"ImageObject","inLanguage":"fr-FR","@id":"https:\/\/secure.gravatar.com\/avatar\/06fdc0dc81c157dfdb82ec42f252178a22307808988d22c043f9eb96f1e0fe80?s=96&d=mm&r=g","url":"https:\/\/secure.gravatar.com\/avatar\/06fdc0dc81c157dfdb82ec42f252178a22307808988d22c043f9eb96f1e0fe80?s=96&d=mm&r=g","contentUrl":"https:\/\/secure.gravatar.com\/avatar\/06fdc0dc81c157dfdb82ec42f252178a22307808988d22c043f9eb96f1e0fe80?s=96&d=mm&r=g","caption":"mennworldcon"},"sameAs":["https:\/\/mwc-cmm.org"],"url":"https:\/\/mwc-cmm.org\/fr\/stories\/author\/mennworldcon\/"}]}},"_links":{"self":[{"href":"https:\/\/mwc-cmm.org\/fr\/wp-json\/wp\/v2\/posts\/9755","targetHints":{"allow":["GET"]}}],"collection":[{"href":"https:\/\/mwc-cmm.org\/fr\/wp-json\/wp\/v2\/posts"}],"about":[{"href":"https:\/\/mwc-cmm.org\/fr\/wp-json\/wp\/v2\/types\/post"}],"author":[{"embeddable":true,"href":"https:\/\/mwc-cmm.org\/fr\/wp-json\/wp\/v2\/users\/1"}],"replies":[{"embeddable":true,"href":"https:\/\/mwc-cmm.org\/fr\/wp-json\/wp\/v2\/comments?post=9755"}],"version-history":[{"count":0,"href":"https:\/\/mwc-cmm.org\/fr\/wp-json\/wp\/v2\/posts\/9755\/revisions"}],"wp:featuredmedia":[{"embeddable":true,"href":"https:\/\/mwc-cmm.org\/fr\/wp-json\/wp\/v2\/media\/87338"}],"wp:attachment":[{"href":"https:\/\/mwc-cmm.org\/fr\/wp-json\/wp\/v2\/media?parent=9755"}],"wp:term":[{"taxonomy":"category","embeddable":true,"href":"https:\/\/mwc-cmm.org\/fr\/wp-json\/wp\/v2\/categories?post=9755"},{"taxonomy":"post_tag","embeddable":true,"href":"https:\/\/mwc-cmm.org\/fr\/wp-json\/wp\/v2\/tags?post=9755"},{"taxonomy":"network","embeddable":true,"href":"https:\/\/mwc-cmm.org\/fr\/wp-json\/wp\/v2\/network?post=9755"},{"taxonomy":"eventcategory","embeddable":true,"href":"https:\/\/mwc-cmm.org\/fr\/wp-json\/wp\/v2\/eventcategory?post=9755"}],"curies":[{"name":"wp","href":"https:\/\/api.w.org\/{rel}","templated":true}]}}