{"id":9753,"date":"2015-11-23T00:00:00","date_gmt":"2015-11-23T00:00:00","guid":{"rendered":"https:\/\/mwc-cmm.org\/god-will-show-you-the-way-4\/"},"modified":"2024-12-10T17:13:49","modified_gmt":"2024-12-10T17:13:49","slug":"god-will-show-you-the-way-4","status":"publish","type":"post","link":"https:\/\/mwc-cmm.org\/fr\/stories\/god-will-show-you-the-way-4\/","title":{"rendered":"Dieu vous montrera le chemin"},"content":{"rendered":"<p><strong>Une \u00e9glise mennonite n\u00e9erlandaise accueille des toxicomanes et des sans-abris gr\u00e2ce \u00e0 sa distribution de repas<\/strong><\/p>\n<p>La vie ne s\u2019est pas d\u00e9roul\u00e9e comme pr\u00e9vu pour Max Tauran, client de Doperse Dis (une initiative de distribution de repas, depuis trois ans, dans une ville du nord des Pays-Bas). Lors d\u2019un d\u00eener de financement, il a dit \u00e0 l\u2019auditoire que \u00ab [La vie] est all\u00e9e comme elle est venue\u2026 [y inclus] le chaos, les erreurs, la souffrance et le chagrin. \u00bb Pendant six ann\u00e9es et demie, il a \u00e9t\u00e9 un sans-abri.  <\/p>\n<p>Doperse Dis, c\u2019est un repas mensuel pr\u00e9par\u00e9 par Doopsgezinde Gemeente Groningen (\u00c9glise mennonite Groningen) au Pays-Bas pour les sans-abris. \u00ab Un repas chaud, une maison chaude, un accueil chaleureux \u00bb est  le slogan de l\u2019initiative.<\/p>\n<p>Tous les troisi\u00e8mes jeudis du mois, quelque vingt b\u00e9n\u00e9voles pr\u00e9parent un repas trois services (soupe, entr\u00e9e, dessert) pour 80 personnes. Un b\u00e9n\u00e9vole sert une table de 5 \u00e0 6 invit\u00e9s. \u00ab L\u2019aspect social est aussi important que la nourriture \u00bb dit l\u2019organisateur Pijke Vossestein.<\/p>\n<p>\u00ab La conversation et l\u2019attention des b\u00e9n\u00e9voles ne sont pas tout, dit Max Tauran, c\u2019est la combinaison d\u2019amour, de consid\u00e9ration et de chaleur que l\u2019on \u00e9prouve en tant que personne sans-abri qui nous donne l\u2019occasion d\u2019\u00eatre humain et de se sentir ainsi. \u00bb<\/p>\n<p>Officiellement, il y a plus de 800 sans-abris \u00e0 Groningen, une ville qui compte 200 000 habitants. Les organismes sociaux de la r\u00e9gion rapportent que les distributions r\u00e9guli\u00e8res de repas pour les sans-abris sont rares. Doperse Dis est n\u00e9 du d\u00e9sir de Pijke Vossestein \u00ab d\u2019accomplir quelque chose \u00e0 cause de ma foi\u2026 d\u2019aller de l\u2019avant. \u00bb<\/p>\n<p>Pijke Vossestein et ses co\u00e9quipiers Annie et Anton van Til cuisinaient d\u00e9j\u00e0 le repas communautaire Mennomaaltij une fois par mois, si bien que servir un d\u00eener aux plus d\u00e9munis leur a sembl\u00e9 un service naturel pour r\u00e9pondre aux besoins.<\/p>\n<p>\u00ab On ne devrait pas avoir peur de faire le travail de Dieu, m\u00eame quand \u00e7a signifie d\u2019accueillir des toxicomanes \u00bb, dit Pijke Vossestein. \u00ab Mettez-vous \u00e0 l\u2019\u0153uvre, ayez confiance en les personnes avec qui vous travaillez et Dieu vous montrera le chemin. \u00bb<\/p>\n<p>Doperse Dis re\u00e7oit des dons priv\u00e9s et des contributions de quelques \u00e9glises. Chaque ann\u00e9e, des politiciens locaux, des professeurs d\u2019universit\u00e9 et des membres d\u2019\u00e9glises assistent au luxueux d\u00eener de financement qui aide \u00e0 financer ce minist\u00e8re. Des b\u00e9n\u00e9ficiaires comme Max Taulan y racontent leur histoire.<\/p>\n<p>\u00ab Un peu d\u2019amour \u00e0 une fleur fl\u00e9trie peut lui donner la force de se redresser \u00bb, raconte Max Tauran au groupe. Les b\u00e9n\u00e9voles \u00e0 Doperse Dis \u00ab m\u2019ont donn\u00e9 la force et le courage de suivre un meilleur chemin. \u00bb<\/p>\n<p>\u00ab J\u2019ai appris que si vous traitez les gens avec gentillesse et que vous les voyez r\u00e9ellement comme des enfants de Dieu, presque tous, sauf quelques exceptions, se comporteront en cons\u00e9quence \u00bb, dit Pijke Vossestein.<\/p>\n<hr \/>\n<p><strong>Sint Pannekoek<\/strong><\/p>\n<p>Un jour de f\u00eate fictive a migr\u00e9 d&rsquo;une bande dessin\u00e9e d\u2019un journal jusque dans les rues de Rotterdam, et r\u00e9cemment, de Groningen, une ville du nord des Pays-Bas. Sint Pannekoek (jour de la Saint Pancake), est un jour f\u00e9ri\u00e9, le 29 novembre, qui propage de la chaleur, remplit l\u2019estomac et fait de l\u2019\u00e9tranger un voisin.<\/p>\n<p>Inspir\u00e9 du personnage du grand-p\u00e8re qui demande des cr\u00eapes dans la bande dessin\u00e9e intitul\u00e9e Jan, Jans en de kinderen, les \u00e9tudiants et les citoyens de Rotterdam c\u00e9l\u00e8brent ce festival invent\u00e9 en faisant, en offrant et en mangeant les traditionnelles cr\u00eapes n\u00e9erlandaises.<\/p>\n<p>L\u2019id\u00e9e a r\u00e9cemment \u00e9t\u00e9 adopt\u00e9e \u00e0 Groningen. L\u2019ann\u00e9e derni\u00e8re, Jacob Kikkert de l\u2019\u00e9glise mennonite et le chef Pijke Vossestein du programme \u00e0 caract\u00e8re social de l\u2019\u00e9glise, Doperse Dis, ont brav\u00e9 le temps froid du mois de novembre et ont cuit et distribu\u00e9 des cr\u00eapes aux passants de la rue. Des clients de Doperse Dis ont aussi pris part \u00e0 l\u2019\u00e9v\u00e9nement que ce soit pour recevoir ou donner.<\/p>\n<p>Jacob Kikkert et Pijke Vossestein se pr\u00e9parent pour l\u2019\u00e9v\u00e9nement encore cette ann\u00e9e. <\/p>\n<hr \/>\n<p><strong>Pri\u00e8res de Doopsgezinde Gemeente Groningen<\/strong><\/p>\n<p>Nous prions pour le bien-\u00eatre des personnes sans domicile fixe dans les refuges, sous les porches et dans la rue; perdues, invisibles, n\u00e9glig\u00e9es, affam\u00e9es et bless\u00e9es sur le plan affectif. \u00ca Groningen, pr\u00e8s de 1 500 personnes sont enregistr\u00e9es dans des refuges comme sans-abri. Merci pour le minist\u00e8re de Doperse Dis qui fournit un repas chaud et l\u2019amiti\u00e9 \u00e0 ceux et celles qui n\u2019ont pas de r\u00e9seau de soutien sur lequel ils peuvent compter. \u00ca l\u2019approche de l\u2019hiver, nous avons besoin de gants, de chaussettes et de chapeaux. En raison de notre condition humaine, nous avons besoin de gu\u00e9rison et de communaut\u00e9. Seigneur, \u00e9quipe ton \u00e9glise pour rencontrer les besoins de nos concitoyens.<\/p>\n<p>Nous d\u00e9plorons la violence et la crise au Moyen-Orient, en Afrique et en Europe. Nous prions pour tous les r\u00e9fugi\u00e9s, les personnes qui ont perdu leur maison, qui souffrent et qui ne savent pas vers qui se tourner. Nous sommes profond\u00e9ment pr\u00e9occup\u00e9s par la situation des personnes qui demandent l\u2019asile aux Pays-Bas. Nos gouvernements ont tendance \u00e0 fermer les fronti\u00e8res et \u00e0 arr\u00eater le flux grandissant de r\u00e9fugi\u00e9s. Nous sentons que notre responsabilit\u00e9 morale nous appelle \u00e0 agir : \u00e9viter le fardeau et la peine associ\u00e9s \u00e0 l\u2019accueil des r\u00e9fugi\u00e9s signifie le refus de regarder la violence et l\u2019injustice comme une probl\u00e8me commun. Notre foi en Dieu qui veut l\u2019unit\u00e9 pour l\u2019humanit\u00e9 nous pousse \u00e0 rejeter l\u2019inaction et \u00e0 se ranger du c\u00f4t\u00e9 des r\u00e9fugi\u00e9s. Nous prions pour le courage et la sagesse afin d\u2019encourager les collectivit\u00e9s locales \u00e0 faire face \u00e0 leurs responsabilit\u00e9s. Nous louons Dieu pour la capacit\u00e9 des communaut\u00e9s de foi \u00e0 offrir le soutien, les pri\u00e8res, l\u2019amiti\u00e9 et l\u2019accueil provenant de nos convictions. <\/p><\/p>\n","protected":false},"excerpt":{"rendered":"<p>NULL<\/p>\n","protected":false},"author":1,"featured_media":87310,"comment_status":"closed","ping_status":"closed","sticky":false,"template":"","format":"standard","meta":{"_acf_changed":false,"footnotes":""},"categories":[7],"tags":[],"network":[],"eventcategory":[],"class_list":["post-9753","post","type-post","status-publish","format-standard","has-post-thumbnail","hentry","category-non-classifiee"],"acf":[],"yoast_head":"<!-- This site is optimized with the Yoast SEO plugin v27.2 - https:\/\/yoast.com\/product\/yoast-seo-wordpress\/ -->\n<title>Dieu vous montrera le chemin - Mennonite World Conference<\/title>\n<meta name=\"robots\" content=\"index, follow, max-snippet:-1, max-image-preview:large, max-video-preview:-1\" \/>\n<link rel=\"canonical\" href=\"https:\/\/mwc-cmm.org\/en\/stories\/god-will-show-you-way\/\" \/>\n<meta property=\"og:locale\" content=\"fr_FR\" \/>\n<meta property=\"og:type\" content=\"article\" \/>\n<meta property=\"og:title\" content=\"Dieu vous montrera le chemin - Mennonite World Conference\" \/>\n<meta property=\"og:description\" content=\"NULL\" \/>\n<meta property=\"og:url\" content=\"https:\/\/mwc-cmm.org\/en\/stories\/god-will-show-you-way\/\" \/>\n<meta property=\"og:site_name\" content=\"Mennonite World Conference\" \/>\n<meta property=\"article:publisher\" content=\"https:\/\/www.facebook.com\/MennoniteWorldConference\" \/>\n<meta property=\"article:published_time\" content=\"2015-11-23T00:00:00+00:00\" \/>\n<meta property=\"article:modified_time\" content=\"2024-12-10T17:13:49+00:00\" \/>\n<meta property=\"og:image\" content=\"https:\/\/mwc-cmm.org\/wp-content\/uploads\/2024\/11\/max_with_pancake_edited.jpg\" \/>\n\t<meta property=\"og:image:width\" content=\"1000\" \/>\n\t<meta property=\"og:image:height\" content=\"666\" \/>\n\t<meta property=\"og:image:type\" content=\"image\/jpeg\" \/>\n<meta name=\"author\" content=\"mennworldcon\" \/>\n<script type=\"application\/ld+json\" class=\"yoast-schema-graph\">{\"@context\":\"https:\/\/schema.org\",\"@graph\":[{\"@type\":\"Article\",\"@id\":\"https:\/\/mwc-cmm.org\/en\/stories\/god-will-show-you-way\/#article\",\"isPartOf\":{\"@id\":\"https:\/\/mwc-cmm.org\/en\/stories\/god-will-show-you-way\/\"},\"author\":{\"name\":\"mennworldcon\",\"@id\":\"https:\/\/mwc-cmm.org\/en\/#\/schema\/person\/11f6ae0d7d1868ba20a1cc27f067c836\"},\"headline\":\"Dieu vous montrera le chemin\",\"datePublished\":\"2015-11-23T00:00:00+00:00\",\"dateModified\":\"2024-12-10T17:13:49+00:00\",\"mainEntityOfPage\":{\"@id\":\"https:\/\/mwc-cmm.org\/en\/stories\/god-will-show-you-way\/\"},\"wordCount\":1028,\"publisher\":{\"@id\":\"https:\/\/mwc-cmm.org\/en\/#organization\"},\"image\":{\"@id\":\"https:\/\/mwc-cmm.org\/en\/stories\/god-will-show-you-way\/#primaryimage\"},\"thumbnailUrl\":\"https:\/\/mwc-cmm.org\/wp-content\/uploads\/2024\/11\/max_with_pancake_edited.jpg\",\"articleSection\":[\"Non classifi\u00e9(e)\"],\"inLanguage\":\"fr-FR\"},{\"@type\":\"WebPage\",\"@id\":\"https:\/\/mwc-cmm.org\/en\/stories\/god-will-show-you-way\/\",\"url\":\"https:\/\/mwc-cmm.org\/en\/stories\/god-will-show-you-way\/\",\"name\":\"Dieu vous montrera le chemin - Mennonite World Conference\",\"isPartOf\":{\"@id\":\"https:\/\/mwc-cmm.org\/en\/#website\"},\"primaryImageOfPage\":{\"@id\":\"https:\/\/mwc-cmm.org\/en\/stories\/god-will-show-you-way\/#primaryimage\"},\"image\":{\"@id\":\"https:\/\/mwc-cmm.org\/en\/stories\/god-will-show-you-way\/#primaryimage\"},\"thumbnailUrl\":\"https:\/\/mwc-cmm.org\/wp-content\/uploads\/2024\/11\/max_with_pancake_edited.jpg\",\"datePublished\":\"2015-11-23T00:00:00+00:00\",\"dateModified\":\"2024-12-10T17:13:49+00:00\",\"breadcrumb\":{\"@id\":\"https:\/\/mwc-cmm.org\/en\/stories\/god-will-show-you-way\/#breadcrumb\"},\"inLanguage\":\"fr-FR\",\"potentialAction\":[{\"@type\":\"ReadAction\",\"target\":[\"https:\/\/mwc-cmm.org\/en\/stories\/god-will-show-you-way\/\"]}]},{\"@type\":\"ImageObject\",\"inLanguage\":\"fr-FR\",\"@id\":\"https:\/\/mwc-cmm.org\/en\/stories\/god-will-show-you-way\/#primaryimage\",\"url\":\"https:\/\/mwc-cmm.org\/wp-content\/uploads\/2024\/11\/max_with_pancake_edited.jpg\",\"contentUrl\":\"https:\/\/mwc-cmm.org\/wp-content\/uploads\/2024\/11\/max_with_pancake_edited.jpg\",\"width\":1000,\"height\":666},{\"@type\":\"BreadcrumbList\",\"@id\":\"https:\/\/mwc-cmm.org\/en\/stories\/god-will-show-you-way\/#breadcrumb\",\"itemListElement\":[{\"@type\":\"ListItem\",\"position\":1,\"name\":\"Home\",\"item\":\"https:\/\/mwc-cmm.org\/fr\/\"},{\"@type\":\"ListItem\",\"position\":2,\"name\":\"Dieu vous montrera le chemin\"}]},{\"@type\":\"WebSite\",\"@id\":\"https:\/\/mwc-cmm.org\/en\/#website\",\"url\":\"https:\/\/mwc-cmm.org\/en\/\",\"name\":\"Mennonite World Conference\",\"description\":\"A communion of Anabaptist-related churches\",\"publisher\":{\"@id\":\"https:\/\/mwc-cmm.org\/en\/#organization\"},\"alternateName\":\"MWC\",\"potentialAction\":[{\"@type\":\"SearchAction\",\"target\":{\"@type\":\"EntryPoint\",\"urlTemplate\":\"https:\/\/mwc-cmm.org\/en\/?s={search_term_string}\"},\"query-input\":{\"@type\":\"PropertyValueSpecification\",\"valueRequired\":true,\"valueName\":\"search_term_string\"}}],\"inLanguage\":\"fr-FR\"},{\"@type\":\"Organization\",\"@id\":\"https:\/\/mwc-cmm.org\/en\/#organization\",\"name\":\"Mennonite World Conference\",\"alternateName\":\"MWC\",\"url\":\"https:\/\/mwc-cmm.org\/en\/\",\"logo\":{\"@type\":\"ImageObject\",\"inLanguage\":\"fr-FR\",\"@id\":\"https:\/\/mwc-cmm.org\/en\/#\/schema\/logo\/image\/\",\"url\":\"https:\/\/mwc-cmm.org\/wp-content\/uploads\/2026\/01\/MWC_Sig_Blue_Horiz_webheader1-logo.svg\",\"contentUrl\":\"https:\/\/mwc-cmm.org\/wp-content\/uploads\/2026\/01\/MWC_Sig_Blue_Horiz_webheader1-logo.svg\",\"width\":786,\"height\":82,\"caption\":\"Mennonite World Conference\"},\"image\":{\"@id\":\"https:\/\/mwc-cmm.org\/en\/#\/schema\/logo\/image\/\"},\"sameAs\":[\"https:\/\/www.facebook.com\/MennoniteWorldConference\",\"https:\/\/www.linkedin.com\/company\/mennonite-world-conference-mwc\/\",\"https:\/\/www.instagram.com\/mwcmm\/\",\"https:\/\/www.youtube.com\/user\/mwccmm\",\"https:\/\/bsky.app\/profile\/mwcmm.bsky.social\"]},{\"@type\":\"Person\",\"@id\":\"https:\/\/mwc-cmm.org\/en\/#\/schema\/person\/11f6ae0d7d1868ba20a1cc27f067c836\",\"name\":\"mennworldcon\",\"image\":{\"@type\":\"ImageObject\",\"inLanguage\":\"fr-FR\",\"@id\":\"https:\/\/secure.gravatar.com\/avatar\/06fdc0dc81c157dfdb82ec42f252178a22307808988d22c043f9eb96f1e0fe80?s=96&d=mm&r=g\",\"url\":\"https:\/\/secure.gravatar.com\/avatar\/06fdc0dc81c157dfdb82ec42f252178a22307808988d22c043f9eb96f1e0fe80?s=96&d=mm&r=g\",\"contentUrl\":\"https:\/\/secure.gravatar.com\/avatar\/06fdc0dc81c157dfdb82ec42f252178a22307808988d22c043f9eb96f1e0fe80?s=96&d=mm&r=g\",\"caption\":\"mennworldcon\"},\"sameAs\":[\"https:\/\/mwc-cmm.org\"],\"url\":\"https:\/\/mwc-cmm.org\/fr\/stories\/author\/mennworldcon\/\"}]}<\/script>\n<!-- \/ Yoast SEO plugin. -->","yoast_head_json":{"title":"Dieu vous montrera le chemin - Mennonite World Conference","robots":{"index":"index","follow":"follow","max-snippet":"max-snippet:-1","max-image-preview":"max-image-preview:large","max-video-preview":"max-video-preview:-1"},"canonical":"https:\/\/mwc-cmm.org\/en\/stories\/god-will-show-you-way\/","og_locale":"fr_FR","og_type":"article","og_title":"Dieu vous montrera le chemin - Mennonite World Conference","og_description":"NULL","og_url":"https:\/\/mwc-cmm.org\/en\/stories\/god-will-show-you-way\/","og_site_name":"Mennonite World Conference","article_publisher":"https:\/\/www.facebook.com\/MennoniteWorldConference","article_published_time":"2015-11-23T00:00:00+00:00","article_modified_time":"2024-12-10T17:13:49+00:00","og_image":[{"width":1000,"height":666,"url":"https:\/\/mwc-cmm.org\/wp-content\/uploads\/2024\/11\/max_with_pancake_edited.jpg","type":"image\/jpeg"}],"author":"mennworldcon","schema":{"@context":"https:\/\/schema.org","@graph":[{"@type":"Article","@id":"https:\/\/mwc-cmm.org\/en\/stories\/god-will-show-you-way\/#article","isPartOf":{"@id":"https:\/\/mwc-cmm.org\/en\/stories\/god-will-show-you-way\/"},"author":{"name":"mennworldcon","@id":"https:\/\/mwc-cmm.org\/en\/#\/schema\/person\/11f6ae0d7d1868ba20a1cc27f067c836"},"headline":"Dieu vous montrera le chemin","datePublished":"2015-11-23T00:00:00+00:00","dateModified":"2024-12-10T17:13:49+00:00","mainEntityOfPage":{"@id":"https:\/\/mwc-cmm.org\/en\/stories\/god-will-show-you-way\/"},"wordCount":1028,"publisher":{"@id":"https:\/\/mwc-cmm.org\/en\/#organization"},"image":{"@id":"https:\/\/mwc-cmm.org\/en\/stories\/god-will-show-you-way\/#primaryimage"},"thumbnailUrl":"https:\/\/mwc-cmm.org\/wp-content\/uploads\/2024\/11\/max_with_pancake_edited.jpg","articleSection":["Non classifi\u00e9(e)"],"inLanguage":"fr-FR"},{"@type":"WebPage","@id":"https:\/\/mwc-cmm.org\/en\/stories\/god-will-show-you-way\/","url":"https:\/\/mwc-cmm.org\/en\/stories\/god-will-show-you-way\/","name":"Dieu vous montrera le chemin - Mennonite World Conference","isPartOf":{"@id":"https:\/\/mwc-cmm.org\/en\/#website"},"primaryImageOfPage":{"@id":"https:\/\/mwc-cmm.org\/en\/stories\/god-will-show-you-way\/#primaryimage"},"image":{"@id":"https:\/\/mwc-cmm.org\/en\/stories\/god-will-show-you-way\/#primaryimage"},"thumbnailUrl":"https:\/\/mwc-cmm.org\/wp-content\/uploads\/2024\/11\/max_with_pancake_edited.jpg","datePublished":"2015-11-23T00:00:00+00:00","dateModified":"2024-12-10T17:13:49+00:00","breadcrumb":{"@id":"https:\/\/mwc-cmm.org\/en\/stories\/god-will-show-you-way\/#breadcrumb"},"inLanguage":"fr-FR","potentialAction":[{"@type":"ReadAction","target":["https:\/\/mwc-cmm.org\/en\/stories\/god-will-show-you-way\/"]}]},{"@type":"ImageObject","inLanguage":"fr-FR","@id":"https:\/\/mwc-cmm.org\/en\/stories\/god-will-show-you-way\/#primaryimage","url":"https:\/\/mwc-cmm.org\/wp-content\/uploads\/2024\/11\/max_with_pancake_edited.jpg","contentUrl":"https:\/\/mwc-cmm.org\/wp-content\/uploads\/2024\/11\/max_with_pancake_edited.jpg","width":1000,"height":666},{"@type":"BreadcrumbList","@id":"https:\/\/mwc-cmm.org\/en\/stories\/god-will-show-you-way\/#breadcrumb","itemListElement":[{"@type":"ListItem","position":1,"name":"Home","item":"https:\/\/mwc-cmm.org\/fr\/"},{"@type":"ListItem","position":2,"name":"Dieu vous montrera le chemin"}]},{"@type":"WebSite","@id":"https:\/\/mwc-cmm.org\/en\/#website","url":"https:\/\/mwc-cmm.org\/en\/","name":"Mennonite World Conference","description":"A communion of Anabaptist-related churches","publisher":{"@id":"https:\/\/mwc-cmm.org\/en\/#organization"},"alternateName":"MWC","potentialAction":[{"@type":"SearchAction","target":{"@type":"EntryPoint","urlTemplate":"https:\/\/mwc-cmm.org\/en\/?s={search_term_string}"},"query-input":{"@type":"PropertyValueSpecification","valueRequired":true,"valueName":"search_term_string"}}],"inLanguage":"fr-FR"},{"@type":"Organization","@id":"https:\/\/mwc-cmm.org\/en\/#organization","name":"Mennonite World Conference","alternateName":"MWC","url":"https:\/\/mwc-cmm.org\/en\/","logo":{"@type":"ImageObject","inLanguage":"fr-FR","@id":"https:\/\/mwc-cmm.org\/en\/#\/schema\/logo\/image\/","url":"https:\/\/mwc-cmm.org\/wp-content\/uploads\/2026\/01\/MWC_Sig_Blue_Horiz_webheader1-logo.svg","contentUrl":"https:\/\/mwc-cmm.org\/wp-content\/uploads\/2026\/01\/MWC_Sig_Blue_Horiz_webheader1-logo.svg","width":786,"height":82,"caption":"Mennonite World Conference"},"image":{"@id":"https:\/\/mwc-cmm.org\/en\/#\/schema\/logo\/image\/"},"sameAs":["https:\/\/www.facebook.com\/MennoniteWorldConference","https:\/\/www.linkedin.com\/company\/mennonite-world-conference-mwc\/","https:\/\/www.instagram.com\/mwcmm\/","https:\/\/www.youtube.com\/user\/mwccmm","https:\/\/bsky.app\/profile\/mwcmm.bsky.social"]},{"@type":"Person","@id":"https:\/\/mwc-cmm.org\/en\/#\/schema\/person\/11f6ae0d7d1868ba20a1cc27f067c836","name":"mennworldcon","image":{"@type":"ImageObject","inLanguage":"fr-FR","@id":"https:\/\/secure.gravatar.com\/avatar\/06fdc0dc81c157dfdb82ec42f252178a22307808988d22c043f9eb96f1e0fe80?s=96&d=mm&r=g","url":"https:\/\/secure.gravatar.com\/avatar\/06fdc0dc81c157dfdb82ec42f252178a22307808988d22c043f9eb96f1e0fe80?s=96&d=mm&r=g","contentUrl":"https:\/\/secure.gravatar.com\/avatar\/06fdc0dc81c157dfdb82ec42f252178a22307808988d22c043f9eb96f1e0fe80?s=96&d=mm&r=g","caption":"mennworldcon"},"sameAs":["https:\/\/mwc-cmm.org"],"url":"https:\/\/mwc-cmm.org\/fr\/stories\/author\/mennworldcon\/"}]}},"_links":{"self":[{"href":"https:\/\/mwc-cmm.org\/fr\/wp-json\/wp\/v2\/posts\/9753","targetHints":{"allow":["GET"]}}],"collection":[{"href":"https:\/\/mwc-cmm.org\/fr\/wp-json\/wp\/v2\/posts"}],"about":[{"href":"https:\/\/mwc-cmm.org\/fr\/wp-json\/wp\/v2\/types\/post"}],"author":[{"embeddable":true,"href":"https:\/\/mwc-cmm.org\/fr\/wp-json\/wp\/v2\/users\/1"}],"replies":[{"embeddable":true,"href":"https:\/\/mwc-cmm.org\/fr\/wp-json\/wp\/v2\/comments?post=9753"}],"version-history":[{"count":0,"href":"https:\/\/mwc-cmm.org\/fr\/wp-json\/wp\/v2\/posts\/9753\/revisions"}],"wp:featuredmedia":[{"embeddable":true,"href":"https:\/\/mwc-cmm.org\/fr\/wp-json\/wp\/v2\/media\/87310"}],"wp:attachment":[{"href":"https:\/\/mwc-cmm.org\/fr\/wp-json\/wp\/v2\/media?parent=9753"}],"wp:term":[{"taxonomy":"category","embeddable":true,"href":"https:\/\/mwc-cmm.org\/fr\/wp-json\/wp\/v2\/categories?post=9753"},{"taxonomy":"post_tag","embeddable":true,"href":"https:\/\/mwc-cmm.org\/fr\/wp-json\/wp\/v2\/tags?post=9753"},{"taxonomy":"network","embeddable":true,"href":"https:\/\/mwc-cmm.org\/fr\/wp-json\/wp\/v2\/network?post=9753"},{"taxonomy":"eventcategory","embeddable":true,"href":"https:\/\/mwc-cmm.org\/fr\/wp-json\/wp\/v2\/eventcategory?post=9753"}],"curies":[{"name":"wp","href":"https:\/\/api.w.org\/{rel}","templated":true}]}}