{"id":9752,"date":"2016-05-19T00:00:00","date_gmt":"2016-05-19T00:00:00","guid":{"rendered":"https:\/\/mwc-cmm.org\/walking-with-god-4\/"},"modified":"2026-03-31T18:00:21","modified_gmt":"2026-03-31T18:00:21","slug":"en-marche-avec-dieu","status":"publish","type":"post","link":"https:\/\/mwc-cmm.org\/fr\/stories\/en-marche-avec-dieu\/","title":{"rendered":"En marche avec Dieu"},"content":{"rendered":"\n<p>J\u2019avais 17 ans quand un capitaine de l&rsquo;arm\u00e9e m&rsquo;a demand\u00e9 \u00ab&nbsp;Que feriez-vous si notre bataillon \u00e9tait attaqu\u00e9 cette nuit&nbsp;? Que feriez-vous si quelqu&rsquo;un venait et vous tirait dessus&nbsp;?&nbsp;\u00bb<\/p>\n\n\n\n<p>\u00ab&nbsp;Je prierais&nbsp;\u00bb ai-je r\u00e9pondu.<\/p>\n\n\n\n<p>Alors, j\u2019ai senti une vive douleur \u00e0 la t\u00eate. Le capitaine m&rsquo;avait frapp\u00e9 avec un instrument en fibre de verre utilis\u00e9 pour jouer de la lyre. La douleur \u00e9tait intense.<\/p>\n\n\n\n<p>Le capitaine m&rsquo;a demand\u00e9 \u00e0 nouveau \u00ab&nbsp;Que feriez-vous si quelqu&rsquo;un vous attaquait&nbsp;?&nbsp;\u00bb Je lui ai dit \u00ab&nbsp;je ne me d\u00e9fendrais pas&nbsp;\u00bb.<\/p>\n\n\n\n<p>Il m&rsquo;a frapp\u00e9 \u00e0 nouveau et m\u2019a demand\u00e9 \u00ab&nbsp;Pourquoi \u00eates-vous chr\u00e9tien&nbsp;? Vous ne voulez pas d\u00e9fendre votre pays&nbsp;?&nbsp;\u00bb \u00ab&nbsp;Ma r\u00e9ponse a \u00e9t\u00e9 \u00ab Je suis un disciple du Christ parce que j&rsquo;ai trouv\u00e9 la vie en Lui&nbsp;\u00bb.<\/p>\n\n\n\n<p>\u00ab&nbsp;Pourquoi ai-je r\u00e9pondu ainsi&nbsp;? J\u2019avais juste 17 ans, et j\u2019\u00e9tais rempli de doutes. En fait, je traversais une crise spirituelle au point d\u2019avoir presque perdu la foi. J&rsquo;avais quitt\u00e9 mon \u00e9glise, et je n\u2019avais pas de convictions anabaptistes. Le service militaire \u00e9tait obligatoire en Colombie, et mes convictions chr\u00e9tiennes n\u2019\u00e9taient pas assez fortes pour que je sois pr\u00eat \u00e0 aller en prison.<\/p>\n\n\n\n<h2 class=\"wp-block-heading\"><strong>En marche en apprenant<\/strong><\/h2>\n\n\n\n<p>Je pense que la raison pour laquelle j\u2019ai eu le courage de r\u00e9pondre de cette fa\u00e7on se trouve dans Luc 24. Deux disciples sont sur la route d&rsquo;Emma\u00fcs apr\u00e8s la mort et la r\u00e9surrection du Christ. \u2018Marcher\u2019 dans l&rsquo;\u00e9vangile de Luc a une signification sp\u00e9ciale : c\u2019est un mode de vie ou un comportement. Dans cet \u00e9vangile, \u2018marcher\u2019 est li\u00e9e au discipulat.<\/p>\n\n\n\n<p>Dans Luc, on apprend de nombreuses le\u00e7ons tout en marchant. Ici, les deux disciples discutent et ils ne sont pas d&rsquo;accord. J\u00e9sus les rejoint au milieu de la discussion et leur demande \u00ab&nbsp;De quoi discutez-vous en marchant&nbsp;?&nbsp;\u00bb Dans la langue originale, le verset 15 indique qu&rsquo;il y avait une forte divergence d&rsquo;opinion entre les deux disciples.<\/p>\n\n\n\n<h2 class=\"wp-block-heading\"><strong>En marche malgr\u00e9 les d\u00e9saccords<\/strong><\/h2>\n\n\n\n<p>Est-il possible de marcher ensemble si nous sommes en d\u00e9saccord&nbsp;? Est-il possible de vivre dans une communaut\u00e9 aussi diverse que la n\u00f4tre&nbsp;?<\/p>\n\n\n\n<p>Lorsque nous regardons la carte de la CMM, nous voyons imm\u00e9diatement que le mouvement anabaptiste est r\u00e9pandu dans le monde entier. Est-il possible de marcher ensemble dans notre communaut\u00e9 mondiale, alors que nous avons tant de diff\u00e9rences culturelles, th\u00e9ologiques et eccl\u00e9siologiques&nbsp;?<\/p>\n\n\n\n<p>Dans Luc, les deux disciples qui avaient quitt\u00e9 J\u00e9rusalem \u00e9taient en profond d\u00e9saccord. Ils en \u00e9taient probablement au point de se demander si cela valait la peine de continuer ensemble. Mais ce n\u2019est pas ainsi que J\u00e9sus voulait que ses disciples quittent J\u00e9rusalem.<\/p>\n\n\n\n<p>Si nous sommes divis\u00e9s en quittant J\u00e9rusalem nous ne pouvons pas r\u00e9pondre \u00e0 notre mission ou \u00e0 notre appel. J\u00e9sus voulait que ses disciples quittent J\u00e9rusalem remplis de l&rsquo;Esprit pour t\u00e9moigner. C\u2019est pourquoi les deux disciples ont d\u00fb retourner \u00e0 J\u00e9rusalem.<\/p>\n\n\n\n<p>\u00ab&nbsp;Si vous voulez arriver rapidement, marchez seul&nbsp;; si vous voulez aller loin, marchez avec d\u2019autres \u00bb, dit un proverbe africain. C\u2019est ce que les disciples ont d\u00e9couvert sur le chemin d&rsquo;Emma\u00fcs. C\u2019est \u00e0 la fin de leur marche ensemble, malgr\u00e9 leurs diff\u00e9rences, au moment de c\u00e9l\u00e9brer la communion, que les yeux des disciples se sont ouverts et qu\u2019ils ont compris (Luc&nbsp;24.30-31). Si bien qu\u2019ils sont retourn\u00e9s \u00e0 J\u00e9rusalem dans l&rsquo;unit\u00e9.<\/p>\n\n\n\n<h2 class=\"wp-block-heading\"><strong>Marcher de diverses mani\u00e8res<\/strong><\/h2>\n\n\n\n<p>Il y a diff\u00e9rentes le\u00e7ons \u00e0 tirer du th\u00e8me de notre Rassemblement \u2018En marche avec Dieu\u2019. Ce que signifie marcher avec Dieu est diff\u00e9rent dans chaque langue.<\/p>\n\n\n\n<p>En anglais, \u2018<em>walking<\/em>\u2019 est une action continue. C\u2019est un processus sans fin, un engagement pour toute notre vie. Quand nous marchons avec Dieu, nous devons constamment nous demander \u00ab&nbsp;Que laissons-nous&nbsp;? Que devons-nous emporter&nbsp;?&nbsp;\u00bb<\/p>\n\n\n\n<p>En espagnol, \u2018<em>Caminemos<\/em>\u2019 est une invitation. Une invitation \u00e0 abandonner nos craintes, \u00e0 ouvrir nos c\u0153urs et \u00e0 devenir vuln\u00e9rable. Il faut de la patience&nbsp;: nous devons attendre ceux qui sont moins rapides ou fatigu\u00e9s. Si nous agissons de mani\u00e8re individualiste et ind\u00e9pendante, pensant que nous n\u2019avons pas besoin d&rsquo;aide, nous serons tent\u00e9s de suivre des chemins diff\u00e9rents. Cependant, l&rsquo;invitation \u00e0 marcher ensemble demeure.<\/p>\n\n\n\n<p>En fran\u00e7ais, \u2018en marche\u2019, c\u2019est s\u2019investir compl\u00e8tement dans la marche. Il y aura certainement des tensions avec d\u2019autres marcheurs, ce qui causera des sentiments mitig\u00e9s. Mais, si nous marchons vraiment engag\u00e9s pour Dieu et pour les autres, les tensions ou les probl\u00e8mes qui peuvent survenir nous transformeront. Si nous ne marchons pas dans un engagement total, ces m\u00eames tensions ou probl\u00e8mes conduiront \u00e0 la division.<\/p>\n\n\n\n<p>Le reste de la phrase&nbsp;: \u2018<em>with God <\/em>\/ <em>con Dios <\/em>\/ avec Dieu\u2019 se r\u00e9f\u00e8re \u00e0 la communion avec Dieu. Il est impossible de marcher ensemble si nous ne marchons pas avec Dieu.<\/p>\n\n\n\n<p>Les disciples sur la route d&rsquo;Emma\u00fcs marchaient ensemble malgr\u00e9 leurs diff\u00e9rences parce que Dieu \u00e9tait pr\u00e9sent. Ils ont d\u00e9couvert que l&rsquo;unit\u00e9 n&rsquo;\u00e9tait pas de l\u2019ordre du miracle&nbsp;; elle se construit au long du chemin. Cette unit\u00e9 m\u00e8ne \u00e0 une transformation accessible seulement dans la communaut\u00e9.<\/p>\n\n\n\n<p>Chaque jour, pendant ce Rassemblement, nous allons r\u00e9fl\u00e9chir sur ce dont nous faisons l\u2019exp\u00e9rience en marchant avec Dieu.<\/p>\n\n\n\n<p>Comme les disciples l\u2019ont s\u00fbrement v\u00e9cu sur la route d&rsquo;Emma\u00fcs, il y aura des temps de doute et des temps o\u00f9 nous serons s\u00fbrs d\u2019\u00eatre sur la bonne voie.<\/p>\n\n\n\n<p>Il y aura des temps de conflits et des temps de r\u00e9conciliations.<\/p>\n\n\n\n<p>Il y aura des temps o\u00f9 nous voudrons marcher seul, autonomes, et il y aura des temps o\u00f9 nous reconnaitrons notre besoin de marcher en communaut\u00e9.<\/p>\n\n\n\n<p>Il y aura des temps o\u00f9 nous aurons besoin d&rsquo;aide et des temps o\u00f9 nous serons pr\u00eats \u00e0 aider.<\/p>\n\n\n\n<p>C\u2019est la vie du disciple. C\u2019est un processus&nbsp;; nous n\u2019avons pas encore atteint notre objectif, mais nous avan\u00e7ons.<\/p>\n\n\n\n<p>Ce passage m\u2019aide \u00e0 comprendre pourquoi j\u2019ai r\u00e9pondu au capitaine de cette mani\u00e8re. \u00c0 c\u00f4t\u00e9 de moi, il y avait quatre autres soldats qui \u00e9taient aussi chr\u00e9tiens. Ils n\u2019\u00e9taient pas mennonites ou anabaptistes. Mais quand le capitaine leur a pos\u00e9 la m\u00eame question, ils ont r\u00e9pondu qu&rsquo;ils ne faisaient qu&rsquo;ob\u00e9ir \u00e0 J\u00e9sus et n\u2019\u00e9taient pas pr\u00eats \u00e0 tuer pour se d\u00e9fendre.<\/p>\n\n\n\n<p>Certains de ces amis ont \u00e9t\u00e9 terrass\u00e9s par la douleur des coups. J\u2019ai pu r\u00e9pondre comme je l&rsquo;ai fait parce qu\u2019avec eux j&rsquo;avais trouv\u00e9 une nouvelle communaut\u00e9. Quatre amis avec qui j\u2019\u00e9tais pr\u00eat \u00e0 marcher dans la souffrance, la violence et la pers\u00e9cution. Quatre amis \u00e0 qui je pouvais dire \u00ab&nbsp;Marchons avec Dieu&nbsp;\u00bb malgr\u00e9 nos diff\u00e9rences. Et ce soir, je voudrais vous dire \u2018En marche avec Dieu&nbsp;!\u2019 Cette semaine et dans les ann\u00e9es \u00e0 venir, marchons ensemble&nbsp;!&nbsp;\u00bb<\/p>\n\n\n\n<p><em>C\u00e9sar Garc\u00eda est intervenu mardi soir, 21 juillet 2015, lors du 16e Rassemblement. Il est secr\u00e9taire g\u00e9n\u00e9ral de la Conf\u00e9rence Mennonite Mondiale. Il vit \u00e0 Bogot\u00e1 (Colombie).<\/em><\/p>\n\n\n\n<hr class=\"wp-block-separator has-alpha-channel-opacity\"\/>\n\n\n<div style=\"font-style:normal;font-weight:200\" class=\"taxonomy-post_tag has-link-color wp-elements-c156640d9bee56933ae7a5b97a71238b wp-block-post-terms has-text-color has-gray-color\"><a href=\"https:\/\/mwc-cmm.org\/fr\/stories\/tag\/assemblee-2\/\" rel=\"tag\">Assembl\u00e9e<\/a><span class=\"wp-block-post-terms__separator\">, <\/span><a href=\"https:\/\/mwc-cmm.org\/fr\/stories\/tag\/cesar-garcia-fr\/\" rel=\"tag\">C\u00e9sar Garc\u00eda<\/a><span class=\"wp-block-post-terms__separator\">, <\/span><a href=\"https:\/\/mwc-cmm.org\/fr\/stories\/tag\/pa2015\/\" rel=\"tag\">PA2015<\/a><\/div>\n\n\n<p>&nbsp;<\/p>\n\n\n\n<p>&nbsp;<\/p>\n\n\n\n<p>&nbsp;<\/p>\n\n\n\n<p>&nbsp;<\/p>\n\n\n\n<p>&nbsp;<\/p>\n\n\n\n<p>&nbsp;<\/p>\n\n\n\n<p>&nbsp;<\/p>\n\n\n\n<p>&nbsp;<\/p>\n","protected":false},"excerpt":{"rendered":"<p>J\u2019avais 17 ans quand un capitaine de l&rsquo;arm\u00e9e m&rsquo;a demand\u00e9 \u00ab&nbsp;Que feriez-vous si notre bataillon \u00e9tait attaqu\u00e9 cette nuit&nbsp;? Que feriez-vous si quelqu&rsquo;un venait et vous tirait dessus&nbsp;?&nbsp;\u00bb \u00ab&nbsp;Je prierais&nbsp;\u00bb ai-je r\u00e9pondu. Alors, j\u2019ai senti une vive douleur \u00e0 la t\u00eate. Le capitaine m&rsquo;avait frapp\u00e9 avec un instrument en fibre de verre utilis\u00e9 pour jouer [&hellip;]<\/p>\n","protected":false},"author":1,"featured_media":87296,"comment_status":"closed","ping_status":"closed","sticky":false,"template":"","format":"standard","meta":{"_acf_changed":false,"footnotes":""},"categories":[7],"tags":[1553,406,1893],"network":[1307],"eventcategory":[299],"class_list":["post-9752","post","type-post","status-publish","format-standard","has-post-thumbnail","hentry","category-non-classifiee","tag-assemblee-2","tag-cesar-garcia-fr","tag-pa2015","network-courier-fr","eventcategory-assembly"],"acf":[],"yoast_head":"<!-- This site is optimized with the Yoast SEO plugin v27.5 - https:\/\/yoast.com\/product\/yoast-seo-wordpress\/ -->\n<title>En marche avec Dieu - Mennonite World Conference<\/title>\n<meta name=\"robots\" content=\"index, follow, max-snippet:-1, max-image-preview:large, max-video-preview:-1\" \/>\n<link rel=\"canonical\" href=\"https:\/\/mwc-cmm.org\/fr\/stories\/en-marche-avec-dieu\/\" \/>\n<meta property=\"og:locale\" content=\"fr_FR\" \/>\n<meta property=\"og:type\" content=\"article\" \/>\n<meta property=\"og:title\" content=\"En marche avec Dieu - Mennonite World Conference\" \/>\n<meta property=\"og:description\" content=\"J\u2019avais 17 ans quand un capitaine de l&rsquo;arm\u00e9e m&rsquo;a demand\u00e9 \u00ab&nbsp;Que feriez-vous si notre bataillon \u00e9tait attaqu\u00e9 cette nuit&nbsp;? Que feriez-vous si quelqu&rsquo;un venait et vous tirait dessus&nbsp;?&nbsp;\u00bb \u00ab&nbsp;Je prierais&nbsp;\u00bb ai-je r\u00e9pondu. Alors, j\u2019ai senti une vive douleur \u00e0 la t\u00eate. Le capitaine m&rsquo;avait frapp\u00e9 avec un instrument en fibre de verre utilis\u00e9 pour jouer [&hellip;]\" \/>\n<meta property=\"og:url\" content=\"https:\/\/mwc-cmm.org\/fr\/stories\/en-marche-avec-dieu\/\" \/>\n<meta property=\"og:site_name\" content=\"Mennonite World Conference\" \/>\n<meta property=\"article:publisher\" content=\"https:\/\/www.facebook.com\/MennoniteWorldConference\" \/>\n<meta property=\"article:published_time\" content=\"2016-05-19T00:00:00+00:00\" \/>\n<meta property=\"article:modified_time\" content=\"2026-03-31T18:00:21+00:00\" \/>\n<meta property=\"og:image\" content=\"https:\/\/mwc-cmm.org\/wp-content\/uploads\/2024\/11\/20150721_jonathoncharles_0470.jpg\" \/>\n\t<meta property=\"og:image:width\" content=\"1200\" \/>\n\t<meta property=\"og:image:height\" content=\"800\" \/>\n\t<meta property=\"og:image:type\" content=\"image\/jpeg\" \/>\n<meta name=\"author\" content=\"mennworldcon\" \/>\n<script type=\"application\/ld+json\" class=\"yoast-schema-graph\">{\"@context\":\"https:\\\/\\\/schema.org\",\"@graph\":[{\"@type\":\"Article\",\"@id\":\"https:\\\/\\\/mwc-cmm.org\\\/fr\\\/stories\\\/en-marche-avec-dieu\\\/#article\",\"isPartOf\":{\"@id\":\"https:\\\/\\\/mwc-cmm.org\\\/fr\\\/stories\\\/en-marche-avec-dieu\\\/\"},\"author\":{\"name\":\"mennworldcon\",\"@id\":\"https:\\\/\\\/mwc-cmm.org\\\/en\\\/#\\\/schema\\\/person\\\/11f6ae0d7d1868ba20a1cc27f067c836\"},\"headline\":\"En marche avec Dieu\",\"datePublished\":\"2016-05-19T00:00:00+00:00\",\"dateModified\":\"2026-03-31T18:00:21+00:00\",\"mainEntityOfPage\":{\"@id\":\"https:\\\/\\\/mwc-cmm.org\\\/fr\\\/stories\\\/en-marche-avec-dieu\\\/\"},\"wordCount\":1268,\"publisher\":{\"@id\":\"https:\\\/\\\/mwc-cmm.org\\\/en\\\/#organization\"},\"image\":{\"@id\":\"https:\\\/\\\/mwc-cmm.org\\\/fr\\\/stories\\\/en-marche-avec-dieu\\\/#primaryimage\"},\"thumbnailUrl\":\"https:\\\/\\\/mwc-cmm.org\\\/wp-content\\\/uploads\\\/2024\\\/11\\\/20150721_jonathoncharles_0470.jpg\",\"keywords\":[\"Assembl\u00e9e\",\"C\u00e9sar Garc\u00eda\",\"PA2015\"],\"articleSection\":[\"Non classifi\u00e9(e)\"],\"inLanguage\":\"fr-FR\"},{\"@type\":\"WebPage\",\"@id\":\"https:\\\/\\\/mwc-cmm.org\\\/fr\\\/stories\\\/en-marche-avec-dieu\\\/\",\"url\":\"https:\\\/\\\/mwc-cmm.org\\\/fr\\\/stories\\\/en-marche-avec-dieu\\\/\",\"name\":\"En marche avec Dieu - Mennonite World Conference\",\"isPartOf\":{\"@id\":\"https:\\\/\\\/mwc-cmm.org\\\/en\\\/#website\"},\"primaryImageOfPage\":{\"@id\":\"https:\\\/\\\/mwc-cmm.org\\\/fr\\\/stories\\\/en-marche-avec-dieu\\\/#primaryimage\"},\"image\":{\"@id\":\"https:\\\/\\\/mwc-cmm.org\\\/fr\\\/stories\\\/en-marche-avec-dieu\\\/#primaryimage\"},\"thumbnailUrl\":\"https:\\\/\\\/mwc-cmm.org\\\/wp-content\\\/uploads\\\/2024\\\/11\\\/20150721_jonathoncharles_0470.jpg\",\"datePublished\":\"2016-05-19T00:00:00+00:00\",\"dateModified\":\"2026-03-31T18:00:21+00:00\",\"breadcrumb\":{\"@id\":\"https:\\\/\\\/mwc-cmm.org\\\/fr\\\/stories\\\/en-marche-avec-dieu\\\/#breadcrumb\"},\"inLanguage\":\"fr-FR\",\"potentialAction\":[{\"@type\":\"ReadAction\",\"target\":[\"https:\\\/\\\/mwc-cmm.org\\\/fr\\\/stories\\\/en-marche-avec-dieu\\\/\"]}]},{\"@type\":\"ImageObject\",\"inLanguage\":\"fr-FR\",\"@id\":\"https:\\\/\\\/mwc-cmm.org\\\/fr\\\/stories\\\/en-marche-avec-dieu\\\/#primaryimage\",\"url\":\"https:\\\/\\\/mwc-cmm.org\\\/wp-content\\\/uploads\\\/2024\\\/11\\\/20150721_jonathoncharles_0470.jpg\",\"contentUrl\":\"https:\\\/\\\/mwc-cmm.org\\\/wp-content\\\/uploads\\\/2024\\\/11\\\/20150721_jonathoncharles_0470.jpg\",\"width\":1200,\"height\":800},{\"@type\":\"BreadcrumbList\",\"@id\":\"https:\\\/\\\/mwc-cmm.org\\\/fr\\\/stories\\\/en-marche-avec-dieu\\\/#breadcrumb\",\"itemListElement\":[{\"@type\":\"ListItem\",\"position\":1,\"name\":\"Home\",\"item\":\"https:\\\/\\\/mwc-cmm.org\\\/fr\\\/\"},{\"@type\":\"ListItem\",\"position\":2,\"name\":\"En marche avec Dieu\"}]},{\"@type\":\"WebSite\",\"@id\":\"https:\\\/\\\/mwc-cmm.org\\\/en\\\/#website\",\"url\":\"https:\\\/\\\/mwc-cmm.org\\\/en\\\/\",\"name\":\"Mennonite World Conference\",\"description\":\"A communion of Anabaptist-related churches\",\"publisher\":{\"@id\":\"https:\\\/\\\/mwc-cmm.org\\\/en\\\/#organization\"},\"alternateName\":\"MWC\",\"potentialAction\":[{\"@type\":\"SearchAction\",\"target\":{\"@type\":\"EntryPoint\",\"urlTemplate\":\"https:\\\/\\\/mwc-cmm.org\\\/en\\\/?s={search_term_string}\"},\"query-input\":{\"@type\":\"PropertyValueSpecification\",\"valueRequired\":true,\"valueName\":\"search_term_string\"}}],\"inLanguage\":\"fr-FR\"},{\"@type\":\"Organization\",\"@id\":\"https:\\\/\\\/mwc-cmm.org\\\/en\\\/#organization\",\"name\":\"Mennonite World Conference\",\"alternateName\":\"MWC\",\"url\":\"https:\\\/\\\/mwc-cmm.org\\\/en\\\/\",\"logo\":{\"@type\":\"ImageObject\",\"inLanguage\":\"fr-FR\",\"@id\":\"https:\\\/\\\/mwc-cmm.org\\\/en\\\/#\\\/schema\\\/logo\\\/image\\\/\",\"url\":\"https:\\\/\\\/mwc-cmm.org\\\/wp-content\\\/uploads\\\/2026\\\/01\\\/MWC_Sig_Blue_Horiz_webheader1-logo.svg\",\"contentUrl\":\"https:\\\/\\\/mwc-cmm.org\\\/wp-content\\\/uploads\\\/2026\\\/01\\\/MWC_Sig_Blue_Horiz_webheader1-logo.svg\",\"width\":786,\"height\":82,\"caption\":\"Mennonite World Conference\"},\"image\":{\"@id\":\"https:\\\/\\\/mwc-cmm.org\\\/en\\\/#\\\/schema\\\/logo\\\/image\\\/\"},\"sameAs\":[\"https:\\\/\\\/www.facebook.com\\\/MennoniteWorldConference\",\"https:\\\/\\\/www.linkedin.com\\\/company\\\/mennonite-world-conference-mwc\\\/\",\"https:\\\/\\\/www.instagram.com\\\/mwcmm\\\/\",\"https:\\\/\\\/www.youtube.com\\\/user\\\/mwccmm\",\"https:\\\/\\\/bsky.app\\\/profile\\\/mwcmm.bsky.social\"]},{\"@type\":\"Person\",\"@id\":\"https:\\\/\\\/mwc-cmm.org\\\/en\\\/#\\\/schema\\\/person\\\/11f6ae0d7d1868ba20a1cc27f067c836\",\"name\":\"mennworldcon\",\"image\":{\"@type\":\"ImageObject\",\"inLanguage\":\"fr-FR\",\"@id\":\"https:\\\/\\\/secure.gravatar.com\\\/avatar\\\/06fdc0dc81c157dfdb82ec42f252178a22307808988d22c043f9eb96f1e0fe80?s=96&d=mm&r=g\",\"url\":\"https:\\\/\\\/secure.gravatar.com\\\/avatar\\\/06fdc0dc81c157dfdb82ec42f252178a22307808988d22c043f9eb96f1e0fe80?s=96&d=mm&r=g\",\"contentUrl\":\"https:\\\/\\\/secure.gravatar.com\\\/avatar\\\/06fdc0dc81c157dfdb82ec42f252178a22307808988d22c043f9eb96f1e0fe80?s=96&d=mm&r=g\",\"caption\":\"mennworldcon\"},\"sameAs\":[\"https:\\\/\\\/mwc-cmm.org\"],\"url\":\"https:\\\/\\\/mwc-cmm.org\\\/fr\\\/stories\\\/author\\\/mennworldcon\\\/\"}]}<\/script>\n<!-- \/ Yoast SEO plugin. -->","yoast_head_json":{"title":"En marche avec Dieu - Mennonite World Conference","robots":{"index":"index","follow":"follow","max-snippet":"max-snippet:-1","max-image-preview":"max-image-preview:large","max-video-preview":"max-video-preview:-1"},"canonical":"https:\/\/mwc-cmm.org\/fr\/stories\/en-marche-avec-dieu\/","og_locale":"fr_FR","og_type":"article","og_title":"En marche avec Dieu - Mennonite World Conference","og_description":"J\u2019avais 17 ans quand un capitaine de l&rsquo;arm\u00e9e m&rsquo;a demand\u00e9 \u00ab&nbsp;Que feriez-vous si notre bataillon \u00e9tait attaqu\u00e9 cette nuit&nbsp;? Que feriez-vous si quelqu&rsquo;un venait et vous tirait dessus&nbsp;?&nbsp;\u00bb \u00ab&nbsp;Je prierais&nbsp;\u00bb ai-je r\u00e9pondu. Alors, j\u2019ai senti une vive douleur \u00e0 la t\u00eate. Le capitaine m&rsquo;avait frapp\u00e9 avec un instrument en fibre de verre utilis\u00e9 pour jouer [&hellip;]","og_url":"https:\/\/mwc-cmm.org\/fr\/stories\/en-marche-avec-dieu\/","og_site_name":"Mennonite World Conference","article_publisher":"https:\/\/www.facebook.com\/MennoniteWorldConference","article_published_time":"2016-05-19T00:00:00+00:00","article_modified_time":"2026-03-31T18:00:21+00:00","og_image":[{"width":1200,"height":800,"url":"https:\/\/mwc-cmm.org\/wp-content\/uploads\/2024\/11\/20150721_jonathoncharles_0470.jpg","type":"image\/jpeg"}],"author":"mennworldcon","schema":{"@context":"https:\/\/schema.org","@graph":[{"@type":"Article","@id":"https:\/\/mwc-cmm.org\/fr\/stories\/en-marche-avec-dieu\/#article","isPartOf":{"@id":"https:\/\/mwc-cmm.org\/fr\/stories\/en-marche-avec-dieu\/"},"author":{"name":"mennworldcon","@id":"https:\/\/mwc-cmm.org\/en\/#\/schema\/person\/11f6ae0d7d1868ba20a1cc27f067c836"},"headline":"En marche avec Dieu","datePublished":"2016-05-19T00:00:00+00:00","dateModified":"2026-03-31T18:00:21+00:00","mainEntityOfPage":{"@id":"https:\/\/mwc-cmm.org\/fr\/stories\/en-marche-avec-dieu\/"},"wordCount":1268,"publisher":{"@id":"https:\/\/mwc-cmm.org\/en\/#organization"},"image":{"@id":"https:\/\/mwc-cmm.org\/fr\/stories\/en-marche-avec-dieu\/#primaryimage"},"thumbnailUrl":"https:\/\/mwc-cmm.org\/wp-content\/uploads\/2024\/11\/20150721_jonathoncharles_0470.jpg","keywords":["Assembl\u00e9e","C\u00e9sar Garc\u00eda","PA2015"],"articleSection":["Non classifi\u00e9(e)"],"inLanguage":"fr-FR"},{"@type":"WebPage","@id":"https:\/\/mwc-cmm.org\/fr\/stories\/en-marche-avec-dieu\/","url":"https:\/\/mwc-cmm.org\/fr\/stories\/en-marche-avec-dieu\/","name":"En marche avec Dieu - Mennonite World Conference","isPartOf":{"@id":"https:\/\/mwc-cmm.org\/en\/#website"},"primaryImageOfPage":{"@id":"https:\/\/mwc-cmm.org\/fr\/stories\/en-marche-avec-dieu\/#primaryimage"},"image":{"@id":"https:\/\/mwc-cmm.org\/fr\/stories\/en-marche-avec-dieu\/#primaryimage"},"thumbnailUrl":"https:\/\/mwc-cmm.org\/wp-content\/uploads\/2024\/11\/20150721_jonathoncharles_0470.jpg","datePublished":"2016-05-19T00:00:00+00:00","dateModified":"2026-03-31T18:00:21+00:00","breadcrumb":{"@id":"https:\/\/mwc-cmm.org\/fr\/stories\/en-marche-avec-dieu\/#breadcrumb"},"inLanguage":"fr-FR","potentialAction":[{"@type":"ReadAction","target":["https:\/\/mwc-cmm.org\/fr\/stories\/en-marche-avec-dieu\/"]}]},{"@type":"ImageObject","inLanguage":"fr-FR","@id":"https:\/\/mwc-cmm.org\/fr\/stories\/en-marche-avec-dieu\/#primaryimage","url":"https:\/\/mwc-cmm.org\/wp-content\/uploads\/2024\/11\/20150721_jonathoncharles_0470.jpg","contentUrl":"https:\/\/mwc-cmm.org\/wp-content\/uploads\/2024\/11\/20150721_jonathoncharles_0470.jpg","width":1200,"height":800},{"@type":"BreadcrumbList","@id":"https:\/\/mwc-cmm.org\/fr\/stories\/en-marche-avec-dieu\/#breadcrumb","itemListElement":[{"@type":"ListItem","position":1,"name":"Home","item":"https:\/\/mwc-cmm.org\/fr\/"},{"@type":"ListItem","position":2,"name":"En marche avec Dieu"}]},{"@type":"WebSite","@id":"https:\/\/mwc-cmm.org\/en\/#website","url":"https:\/\/mwc-cmm.org\/en\/","name":"Mennonite World Conference","description":"A communion of Anabaptist-related churches","publisher":{"@id":"https:\/\/mwc-cmm.org\/en\/#organization"},"alternateName":"MWC","potentialAction":[{"@type":"SearchAction","target":{"@type":"EntryPoint","urlTemplate":"https:\/\/mwc-cmm.org\/en\/?s={search_term_string}"},"query-input":{"@type":"PropertyValueSpecification","valueRequired":true,"valueName":"search_term_string"}}],"inLanguage":"fr-FR"},{"@type":"Organization","@id":"https:\/\/mwc-cmm.org\/en\/#organization","name":"Mennonite World Conference","alternateName":"MWC","url":"https:\/\/mwc-cmm.org\/en\/","logo":{"@type":"ImageObject","inLanguage":"fr-FR","@id":"https:\/\/mwc-cmm.org\/en\/#\/schema\/logo\/image\/","url":"https:\/\/mwc-cmm.org\/wp-content\/uploads\/2026\/01\/MWC_Sig_Blue_Horiz_webheader1-logo.svg","contentUrl":"https:\/\/mwc-cmm.org\/wp-content\/uploads\/2026\/01\/MWC_Sig_Blue_Horiz_webheader1-logo.svg","width":786,"height":82,"caption":"Mennonite World Conference"},"image":{"@id":"https:\/\/mwc-cmm.org\/en\/#\/schema\/logo\/image\/"},"sameAs":["https:\/\/www.facebook.com\/MennoniteWorldConference","https:\/\/www.linkedin.com\/company\/mennonite-world-conference-mwc\/","https:\/\/www.instagram.com\/mwcmm\/","https:\/\/www.youtube.com\/user\/mwccmm","https:\/\/bsky.app\/profile\/mwcmm.bsky.social"]},{"@type":"Person","@id":"https:\/\/mwc-cmm.org\/en\/#\/schema\/person\/11f6ae0d7d1868ba20a1cc27f067c836","name":"mennworldcon","image":{"@type":"ImageObject","inLanguage":"fr-FR","@id":"https:\/\/secure.gravatar.com\/avatar\/06fdc0dc81c157dfdb82ec42f252178a22307808988d22c043f9eb96f1e0fe80?s=96&d=mm&r=g","url":"https:\/\/secure.gravatar.com\/avatar\/06fdc0dc81c157dfdb82ec42f252178a22307808988d22c043f9eb96f1e0fe80?s=96&d=mm&r=g","contentUrl":"https:\/\/secure.gravatar.com\/avatar\/06fdc0dc81c157dfdb82ec42f252178a22307808988d22c043f9eb96f1e0fe80?s=96&d=mm&r=g","caption":"mennworldcon"},"sameAs":["https:\/\/mwc-cmm.org"],"url":"https:\/\/mwc-cmm.org\/fr\/stories\/author\/mennworldcon\/"}]}},"_links":{"self":[{"href":"https:\/\/mwc-cmm.org\/fr\/wp-json\/wp\/v2\/posts\/9752","targetHints":{"allow":["GET"]}}],"collection":[{"href":"https:\/\/mwc-cmm.org\/fr\/wp-json\/wp\/v2\/posts"}],"about":[{"href":"https:\/\/mwc-cmm.org\/fr\/wp-json\/wp\/v2\/types\/post"}],"author":[{"embeddable":true,"href":"https:\/\/mwc-cmm.org\/fr\/wp-json\/wp\/v2\/users\/1"}],"replies":[{"embeddable":true,"href":"https:\/\/mwc-cmm.org\/fr\/wp-json\/wp\/v2\/comments?post=9752"}],"version-history":[{"count":0,"href":"https:\/\/mwc-cmm.org\/fr\/wp-json\/wp\/v2\/posts\/9752\/revisions"}],"wp:featuredmedia":[{"embeddable":true,"href":"https:\/\/mwc-cmm.org\/fr\/wp-json\/wp\/v2\/media\/87296"}],"wp:attachment":[{"href":"https:\/\/mwc-cmm.org\/fr\/wp-json\/wp\/v2\/media?parent=9752"}],"wp:term":[{"taxonomy":"category","embeddable":true,"href":"https:\/\/mwc-cmm.org\/fr\/wp-json\/wp\/v2\/categories?post=9752"},{"taxonomy":"post_tag","embeddable":true,"href":"https:\/\/mwc-cmm.org\/fr\/wp-json\/wp\/v2\/tags?post=9752"},{"taxonomy":"network","embeddable":true,"href":"https:\/\/mwc-cmm.org\/fr\/wp-json\/wp\/v2\/network?post=9752"},{"taxonomy":"eventcategory","embeddable":true,"href":"https:\/\/mwc-cmm.org\/fr\/wp-json\/wp\/v2\/eventcategory?post=9752"}],"curies":[{"name":"wp","href":"https:\/\/api.w.org\/{rel}","templated":true}]}}