{"id":9749,"date":"2015-10-27T00:00:00","date_gmt":"2015-10-27T00:00:00","guid":{"rendered":"https:\/\/mwc-cmm.org\/churches-in-latin-america-call-for-prophetic-peace-witness-4\/"},"modified":"2024-12-10T17:13:47","modified_gmt":"2024-12-10T17:13:47","slug":"churches-in-latin-america-call-for-prophetic-peace-witness-4","status":"publish","type":"post","link":"https:\/\/mwc-cmm.org\/fr\/stories\/churches-in-latin-america-call-for-prophetic-peace-witness-4\/","title":{"rendered":"Des \u00e9glises en Am\u00e9rique latine demandent un t\u00e9moignage proph\u00e9tique de paix"},"content":{"rendered":"<p>Pietermaritzburg (Afrique du Sud) \u2013 Quand les \u00e9glises membres de la Conf\u00e9rence Mennonite Mondiale (CMM) ont c\u00e9l\u00e9br\u00e9 le Dimanche de la Paix le 20 septembre 2015, ils ont aussi soulign\u00e9 les moyens par lesquels on poursuit la paix dans leurs collectivit\u00e9s.<\/p>\n<p>En Colombie, les \u00e9glises mennonites et fr\u00e8res mennonites ainsi que les agences du R\u00e9seau Anabaptiste Mondial d\u2019Entraide, Justapaz et Mencoldes, ont r\u00e9fl\u00e9chi \u00e0 la signification de la paix en tant qu\u2019\u00e9vangile. Ils ont c\u00e9l\u00e9br\u00e9 le Dimanche de la Paix de concert avec l\u2019\u00e9v\u00e9nement national <em>Pan y Paz<\/em>  (Pain et Paix) lors duquel plusieurs assembl\u00e9es ont partag\u00e9 du pain et \u00e9chang\u00e9 des b\u00e9n\u00e9dictions dans leur voisinage. <em>Pan y Paz<\/em> invitait les \u00e9glises locales \u00e0 r\u00e9fl\u00e9chir sur la relation entre la justice \u00e9conomique et la paix et appuyait les pourparlers de paix en Colombie avec le th\u00e8me \u00ab Cesser la guerre : agir pour la paix. \u00bb<\/p>\n<p>En Am\u00e9rique centrale, l\u2019Iglesia Evangelica Menonita Hondure\u00f1a, une \u00e9glise membre de la CMM au Honduras, avec Casa Horeb, une assembl\u00e9e mennonite au Guatemala, ont formul\u00e9 des d\u00e9clarations le Dimanche de la Paix sur les d\u00e9fis et les injustices auxquels ils sont pr\u00e9sentement confront\u00e9s.<\/p>\n<p>Iglesia Evangelica Menonita Hondure\u00f1a nous rappelle que dans la mesure o\u00f9 certaines personnes vivent dans la pauvret\u00e9 tandis que d&rsquo;autres ne se pr\u00e9occupent pas de leur cupidit\u00e9, leur pays sera toujours en besoin de paix. Ils observent que les autorit\u00e9s au pouvoir incarnent des valeurs diff\u00e9rentes de celles du Royaume de Dieu.<\/p>\n<p>\u00ab Nous faisons remarquer l\u2019incapacit\u00e9 de la classe dirigeante dans sa responsabilit\u00e9 de rendre la justice, et l&rsquo;application de processus in\u00e9galitaires, rigides et malveillantes. \u00ca ce jour, la militarisation d&rsquo;une soci\u00e9t\u00e9 comme une alternative pour assurer la s\u00e9curit\u00e9 ne r\u00e9pond pas aux attentes de la population, et les d\u00e9c\u00e8s que l\u2019on continue de compter sur une base quotidienne sont des cons\u00e9quences directes. Au lieu de chercher des solutions r\u00e9elles \u00e0 la crise \u00e9conomique, on offre des actions populistes qui ne sont pas une r\u00e9ponse aux immenses besoins de la majorit\u00e9. \u00bb<\/p>\n<p><img decoding=\"async\" alt=\"\" data-src=\"\/sites\/default\/files\/website_files\/pan_edited_fr.jpg\" style=\"width: 200px; height: 150px; border-width: 1px; border-style: solid; margin: 10px 5px; float: right;\" src=\"data:image\/svg+xml;base64,PHN2ZyB3aWR0aD0iMSIgaGVpZ2h0PSIxIiB4bWxucz0iaHR0cDovL3d3dy53My5vcmcvMjAwMC9zdmciPjwvc3ZnPg==\" class=\"lazyload\" \/>Et pourtant, nos fr\u00e8res et s\u0153urs honduriens continuent de travailler pour une paix holistique en cherchant \u00e0 participer au Royaume de Dieu et \u00e0 se laisser guider par ses valeurs.<\/p>\n<p>\u00ab Sur le plan historique, nous sommes une \u00e9glise de paix et de non-violence, fond\u00e9e sur les valeurs du Royaume de Dieu telles que l\u2019amour, la justice, la paix, le pardon et la r\u00e9conciliation. Nous croyons \u00e0 la transformation des conflits par un dialogue sinc\u00e8re et juste, et \u00e0 la promotion du respect des droits de la personne. \u00bb<\/p>\n<p>Casa Horeb a aussi formul\u00e9 une d\u00e9claration sur le besoin de rendre le Royaume de Dieu apparent, \u00e0 la fois dans le monde et dans le contexte guat\u00e9malt\u00e8que.  \u00ab C\u2019est humblement que nous exprimons notre appel, fond\u00e9 sur les revendications radicales du Royaume de Dieu, en particulier dans ce pays qui se consid\u00e8re comme chr\u00e9tien: l&rsquo;amour qui nous fait voir les uns les autres comme des voisins, la justice qui exige que nous soyons des b\u00e2tisseurs du bien-\u00eatre, et la paix qui nous pousse \u00e0 vivre une vie de service (non pour un avantage \u00e9go\u00efste, pour s\u2019en prendre au patrimoine de tout un chacun ou avoir recours au cynisme pour se justifier). \u00bb <\/p>\n<p>La paix s\u2019accomplit quand nous faisons des efforts d\u00e9lib\u00e9r\u00e9s pour vivre en bonne relation avec l&rsquo;autre, avec Dieu et avec la cr\u00e9ation. Nos s\u0153urs et fr\u00e8res de la Colombie, du Honduras et du Guatemala nous rappellent cependant qu\u2019aussi longtemps que les gens continueront de souffrir, que l\u2019injustice se produira, que la corruption volera ceux et celles dans le besoin et que les gens continueront de croire que la violence apportera le <em>shalom<\/em> dont le monde a d\u00e9sesp\u00e9r\u00e9ment besoin, nous serons toujours en manque de bonnes relations.<\/p>\n<p>Par cons\u00e9quent, nos s\u0153urs et nos fr\u00e8res du Honduras nous appellent \u00e0 l\u2019action : \u00ab \u00ca tous les membres de l\u2019Iglesia Evang\u00e9lica Menonita Hondure\u00f1a, \u00e0 tous nos fr\u00e8res et s\u0153urs mennonites dans le monde, \u00e0 toutes nos \u00e9glises s\u0153urs avec qui nous partageons l\u2019honneur, la soumission et l\u2019ob\u00e9issance au nom de J\u00e9sus-Christ, de d\u00e9clarer un jour de je\u00fbne et de pri\u00e8re pour notre pays, et demander \u00e0 notre Seigneur de nous guider vers une v\u00e9ritable transformation sociale, de lib\u00e9rer notre peuple de l\u2019injustice sociale, de la corruption et de l\u2019impunit\u00e9. \u00bb<\/p>\n<p>Notre mission d\u2019\u00eatre des artisans de paix et d\u2019accomplir la paix de Dieu se poursuit. Puissions-nous tenir compte de l\u2019appel de nos s\u0153urs et de nos fr\u00e8res.<\/p>\n<\/p>\n<p><em>\u2014Andrew Suderman, secr\u00e9taire de la Commission Paix de la CMM<\/em><\/p>\n<\/p>\n<p>Pour voir la d\u00e9claration int\u00e9grale de l\u2019Iglesia Evang\u00e9lica Menonita Hondure\u00f1a, <a href=\"\/sites\/default\/files\/website_files\/pronunciamiento_-_iemh_septb._2015_en-final.pdf\">cliquez ici<\/a> pour la version anglaise, et <a href=\"\/sites\/default\/files\/website_files\/pronunciamiento_-_iemh_septb._2015.pdf\">ici<\/a> pour la version espagnole<\/p>\n<p>Pour voir la d\u00e9claration int\u00e9grale de Casa Horeb, une assembl\u00e9e mennonite du Guatemala, <a href=\"\/sites\/default\/files\/website_files\/pronunciamiento_horeb_en-final.pdf\">cliquez ici<\/a> pour la version anglaise, et <a href=\"\/sites\/default\/files\/website_files\/pronunciamiento_horeb-es_final.pdf\">ici<\/a> pour la version espagnole.<\/p>\n<p>Pour voir une vid\u00e9o de <em>Pan y Paz<\/em> en Colombie, <a href=\"https:\/\/www.youtube.com\/watch?v=KD71XuuLtw4\">cliquez ici<\/a>.<\/p><\/p>\n","protected":false},"excerpt":{"rendered":"<p>NULL<\/p>\n","protected":false},"author":1,"featured_media":87254,"comment_status":"closed","ping_status":"closed","sticky":false,"template":"","format":"standard","meta":{"_acf_changed":false,"footnotes":""},"categories":[7],"tags":[],"network":[1254],"eventcategory":[],"class_list":["post-9749","post","type-post","status-publish","format-standard","has-post-thumbnail","hentry","category-non-classifiee","network-peace-commission-fr"],"acf":[],"yoast_head":"<!-- This site is optimized with the Yoast SEO plugin v27.2 - https:\/\/yoast.com\/product\/yoast-seo-wordpress\/ -->\n<title>Des \u00e9glises en Am\u00e9rique latine demandent un t\u00e9moignage proph\u00e9tique de paix - Mennonite World Conference<\/title>\n<meta name=\"robots\" content=\"index, follow, max-snippet:-1, max-image-preview:large, max-video-preview:-1\" \/>\n<link rel=\"canonical\" href=\"https:\/\/mwc-cmm.org\/en\/stories\/churches-in-latin-america-call-for-prophetic-peace-witness\/\" \/>\n<meta property=\"og:locale\" content=\"fr_FR\" \/>\n<meta property=\"og:type\" content=\"article\" \/>\n<meta property=\"og:title\" content=\"Des \u00e9glises en Am\u00e9rique latine demandent un t\u00e9moignage proph\u00e9tique de paix - Mennonite World Conference\" \/>\n<meta property=\"og:description\" content=\"NULL\" \/>\n<meta property=\"og:url\" content=\"https:\/\/mwc-cmm.org\/en\/stories\/churches-in-latin-america-call-for-prophetic-peace-witness\/\" \/>\n<meta property=\"og:site_name\" content=\"Mennonite World Conference\" \/>\n<meta property=\"article:publisher\" content=\"https:\/\/www.facebook.com\/MennoniteWorldConference\" \/>\n<meta property=\"article:published_time\" content=\"2015-10-27T00:00:00+00:00\" \/>\n<meta property=\"article:modified_time\" content=\"2024-12-10T17:13:47+00:00\" \/>\n<meta property=\"og:image\" content=\"https:\/\/mwc-cmm.org\/wp-content\/uploads\/2024\/11\/pan_ypas_riacha.jpg\" \/>\n\t<meta property=\"og:image:width\" content=\"650\" \/>\n\t<meta property=\"og:image:height\" content=\"450\" \/>\n\t<meta property=\"og:image:type\" content=\"image\/jpeg\" \/>\n<meta name=\"author\" content=\"mennworldcon\" \/>\n<script type=\"application\/ld+json\" class=\"yoast-schema-graph\">{\"@context\":\"https:\/\/schema.org\",\"@graph\":[{\"@type\":\"Article\",\"@id\":\"https:\/\/mwc-cmm.org\/en\/stories\/churches-in-latin-america-call-for-prophetic-peace-witness\/#article\",\"isPartOf\":{\"@id\":\"https:\/\/mwc-cmm.org\/en\/stories\/churches-in-latin-america-call-for-prophetic-peace-witness\/\"},\"author\":{\"name\":\"mennworldcon\",\"@id\":\"https:\/\/mwc-cmm.org\/en\/#\/schema\/person\/11f6ae0d7d1868ba20a1cc27f067c836\"},\"headline\":\"Des \u00e9glises en Am\u00e9rique latine demandent un t\u00e9moignage proph\u00e9tique de paix\",\"datePublished\":\"2015-10-27T00:00:00+00:00\",\"dateModified\":\"2024-12-10T17:13:47+00:00\",\"mainEntityOfPage\":{\"@id\":\"https:\/\/mwc-cmm.org\/en\/stories\/churches-in-latin-america-call-for-prophetic-peace-witness\/\"},\"wordCount\":903,\"publisher\":{\"@id\":\"https:\/\/mwc-cmm.org\/en\/#organization\"},\"image\":{\"@id\":\"https:\/\/mwc-cmm.org\/en\/stories\/churches-in-latin-america-call-for-prophetic-peace-witness\/#primaryimage\"},\"thumbnailUrl\":\"https:\/\/mwc-cmm.org\/wp-content\/uploads\/2024\/11\/pan_ypas_riacha.jpg\",\"articleSection\":[\"Non classifi\u00e9(e)\"],\"inLanguage\":\"fr-FR\"},{\"@type\":\"WebPage\",\"@id\":\"https:\/\/mwc-cmm.org\/en\/stories\/churches-in-latin-america-call-for-prophetic-peace-witness\/\",\"url\":\"https:\/\/mwc-cmm.org\/en\/stories\/churches-in-latin-america-call-for-prophetic-peace-witness\/\",\"name\":\"Des \u00e9glises en Am\u00e9rique latine demandent un t\u00e9moignage proph\u00e9tique de paix - Mennonite World Conference\",\"isPartOf\":{\"@id\":\"https:\/\/mwc-cmm.org\/en\/#website\"},\"primaryImageOfPage\":{\"@id\":\"https:\/\/mwc-cmm.org\/en\/stories\/churches-in-latin-america-call-for-prophetic-peace-witness\/#primaryimage\"},\"image\":{\"@id\":\"https:\/\/mwc-cmm.org\/en\/stories\/churches-in-latin-america-call-for-prophetic-peace-witness\/#primaryimage\"},\"thumbnailUrl\":\"https:\/\/mwc-cmm.org\/wp-content\/uploads\/2024\/11\/pan_ypas_riacha.jpg\",\"datePublished\":\"2015-10-27T00:00:00+00:00\",\"dateModified\":\"2024-12-10T17:13:47+00:00\",\"breadcrumb\":{\"@id\":\"https:\/\/mwc-cmm.org\/en\/stories\/churches-in-latin-america-call-for-prophetic-peace-witness\/#breadcrumb\"},\"inLanguage\":\"fr-FR\",\"potentialAction\":[{\"@type\":\"ReadAction\",\"target\":[\"https:\/\/mwc-cmm.org\/en\/stories\/churches-in-latin-america-call-for-prophetic-peace-witness\/\"]}]},{\"@type\":\"ImageObject\",\"inLanguage\":\"fr-FR\",\"@id\":\"https:\/\/mwc-cmm.org\/en\/stories\/churches-in-latin-america-call-for-prophetic-peace-witness\/#primaryimage\",\"url\":\"https:\/\/mwc-cmm.org\/wp-content\/uploads\/2024\/11\/pan_ypas_riacha.jpg\",\"contentUrl\":\"https:\/\/mwc-cmm.org\/wp-content\/uploads\/2024\/11\/pan_ypas_riacha.jpg\",\"width\":650,\"height\":450},{\"@type\":\"BreadcrumbList\",\"@id\":\"https:\/\/mwc-cmm.org\/en\/stories\/churches-in-latin-america-call-for-prophetic-peace-witness\/#breadcrumb\",\"itemListElement\":[{\"@type\":\"ListItem\",\"position\":1,\"name\":\"Home\",\"item\":\"https:\/\/mwc-cmm.org\/fr\/\"},{\"@type\":\"ListItem\",\"position\":2,\"name\":\"Des \u00e9glises en Am\u00e9rique latine demandent un t\u00e9moignage proph\u00e9tique de paix\"}]},{\"@type\":\"WebSite\",\"@id\":\"https:\/\/mwc-cmm.org\/en\/#website\",\"url\":\"https:\/\/mwc-cmm.org\/en\/\",\"name\":\"Mennonite World Conference\",\"description\":\"A communion of Anabaptist-related churches\",\"publisher\":{\"@id\":\"https:\/\/mwc-cmm.org\/en\/#organization\"},\"alternateName\":\"MWC\",\"potentialAction\":[{\"@type\":\"SearchAction\",\"target\":{\"@type\":\"EntryPoint\",\"urlTemplate\":\"https:\/\/mwc-cmm.org\/en\/?s={search_term_string}\"},\"query-input\":{\"@type\":\"PropertyValueSpecification\",\"valueRequired\":true,\"valueName\":\"search_term_string\"}}],\"inLanguage\":\"fr-FR\"},{\"@type\":\"Organization\",\"@id\":\"https:\/\/mwc-cmm.org\/en\/#organization\",\"name\":\"Mennonite World Conference\",\"alternateName\":\"MWC\",\"url\":\"https:\/\/mwc-cmm.org\/en\/\",\"logo\":{\"@type\":\"ImageObject\",\"inLanguage\":\"fr-FR\",\"@id\":\"https:\/\/mwc-cmm.org\/en\/#\/schema\/logo\/image\/\",\"url\":\"https:\/\/mwc-cmm.org\/wp-content\/uploads\/2026\/01\/MWC_Sig_Blue_Horiz_webheader1-logo.svg\",\"contentUrl\":\"https:\/\/mwc-cmm.org\/wp-content\/uploads\/2026\/01\/MWC_Sig_Blue_Horiz_webheader1-logo.svg\",\"width\":786,\"height\":82,\"caption\":\"Mennonite World Conference\"},\"image\":{\"@id\":\"https:\/\/mwc-cmm.org\/en\/#\/schema\/logo\/image\/\"},\"sameAs\":[\"https:\/\/www.facebook.com\/MennoniteWorldConference\",\"https:\/\/www.linkedin.com\/company\/mennonite-world-conference-mwc\/\",\"https:\/\/www.instagram.com\/mwcmm\/\",\"https:\/\/www.youtube.com\/user\/mwccmm\",\"https:\/\/bsky.app\/profile\/mwcmm.bsky.social\"]},{\"@type\":\"Person\",\"@id\":\"https:\/\/mwc-cmm.org\/en\/#\/schema\/person\/11f6ae0d7d1868ba20a1cc27f067c836\",\"name\":\"mennworldcon\",\"image\":{\"@type\":\"ImageObject\",\"inLanguage\":\"fr-FR\",\"@id\":\"https:\/\/secure.gravatar.com\/avatar\/06fdc0dc81c157dfdb82ec42f252178a22307808988d22c043f9eb96f1e0fe80?s=96&d=mm&r=g\",\"url\":\"https:\/\/secure.gravatar.com\/avatar\/06fdc0dc81c157dfdb82ec42f252178a22307808988d22c043f9eb96f1e0fe80?s=96&d=mm&r=g\",\"contentUrl\":\"https:\/\/secure.gravatar.com\/avatar\/06fdc0dc81c157dfdb82ec42f252178a22307808988d22c043f9eb96f1e0fe80?s=96&d=mm&r=g\",\"caption\":\"mennworldcon\"},\"sameAs\":[\"https:\/\/mwc-cmm.org\"],\"url\":\"https:\/\/mwc-cmm.org\/fr\/stories\/author\/mennworldcon\/\"}]}<\/script>\n<!-- \/ Yoast SEO plugin. -->","yoast_head_json":{"title":"Des \u00e9glises en Am\u00e9rique latine demandent un t\u00e9moignage proph\u00e9tique de paix - Mennonite World Conference","robots":{"index":"index","follow":"follow","max-snippet":"max-snippet:-1","max-image-preview":"max-image-preview:large","max-video-preview":"max-video-preview:-1"},"canonical":"https:\/\/mwc-cmm.org\/en\/stories\/churches-in-latin-america-call-for-prophetic-peace-witness\/","og_locale":"fr_FR","og_type":"article","og_title":"Des \u00e9glises en Am\u00e9rique latine demandent un t\u00e9moignage proph\u00e9tique de paix - Mennonite World Conference","og_description":"NULL","og_url":"https:\/\/mwc-cmm.org\/en\/stories\/churches-in-latin-america-call-for-prophetic-peace-witness\/","og_site_name":"Mennonite World Conference","article_publisher":"https:\/\/www.facebook.com\/MennoniteWorldConference","article_published_time":"2015-10-27T00:00:00+00:00","article_modified_time":"2024-12-10T17:13:47+00:00","og_image":[{"width":650,"height":450,"url":"https:\/\/mwc-cmm.org\/wp-content\/uploads\/2024\/11\/pan_ypas_riacha.jpg","type":"image\/jpeg"}],"author":"mennworldcon","schema":{"@context":"https:\/\/schema.org","@graph":[{"@type":"Article","@id":"https:\/\/mwc-cmm.org\/en\/stories\/churches-in-latin-america-call-for-prophetic-peace-witness\/#article","isPartOf":{"@id":"https:\/\/mwc-cmm.org\/en\/stories\/churches-in-latin-america-call-for-prophetic-peace-witness\/"},"author":{"name":"mennworldcon","@id":"https:\/\/mwc-cmm.org\/en\/#\/schema\/person\/11f6ae0d7d1868ba20a1cc27f067c836"},"headline":"Des \u00e9glises en Am\u00e9rique latine demandent un t\u00e9moignage proph\u00e9tique de paix","datePublished":"2015-10-27T00:00:00+00:00","dateModified":"2024-12-10T17:13:47+00:00","mainEntityOfPage":{"@id":"https:\/\/mwc-cmm.org\/en\/stories\/churches-in-latin-america-call-for-prophetic-peace-witness\/"},"wordCount":903,"publisher":{"@id":"https:\/\/mwc-cmm.org\/en\/#organization"},"image":{"@id":"https:\/\/mwc-cmm.org\/en\/stories\/churches-in-latin-america-call-for-prophetic-peace-witness\/#primaryimage"},"thumbnailUrl":"https:\/\/mwc-cmm.org\/wp-content\/uploads\/2024\/11\/pan_ypas_riacha.jpg","articleSection":["Non classifi\u00e9(e)"],"inLanguage":"fr-FR"},{"@type":"WebPage","@id":"https:\/\/mwc-cmm.org\/en\/stories\/churches-in-latin-america-call-for-prophetic-peace-witness\/","url":"https:\/\/mwc-cmm.org\/en\/stories\/churches-in-latin-america-call-for-prophetic-peace-witness\/","name":"Des \u00e9glises en Am\u00e9rique latine demandent un t\u00e9moignage proph\u00e9tique de paix - Mennonite World Conference","isPartOf":{"@id":"https:\/\/mwc-cmm.org\/en\/#website"},"primaryImageOfPage":{"@id":"https:\/\/mwc-cmm.org\/en\/stories\/churches-in-latin-america-call-for-prophetic-peace-witness\/#primaryimage"},"image":{"@id":"https:\/\/mwc-cmm.org\/en\/stories\/churches-in-latin-america-call-for-prophetic-peace-witness\/#primaryimage"},"thumbnailUrl":"https:\/\/mwc-cmm.org\/wp-content\/uploads\/2024\/11\/pan_ypas_riacha.jpg","datePublished":"2015-10-27T00:00:00+00:00","dateModified":"2024-12-10T17:13:47+00:00","breadcrumb":{"@id":"https:\/\/mwc-cmm.org\/en\/stories\/churches-in-latin-america-call-for-prophetic-peace-witness\/#breadcrumb"},"inLanguage":"fr-FR","potentialAction":[{"@type":"ReadAction","target":["https:\/\/mwc-cmm.org\/en\/stories\/churches-in-latin-america-call-for-prophetic-peace-witness\/"]}]},{"@type":"ImageObject","inLanguage":"fr-FR","@id":"https:\/\/mwc-cmm.org\/en\/stories\/churches-in-latin-america-call-for-prophetic-peace-witness\/#primaryimage","url":"https:\/\/mwc-cmm.org\/wp-content\/uploads\/2024\/11\/pan_ypas_riacha.jpg","contentUrl":"https:\/\/mwc-cmm.org\/wp-content\/uploads\/2024\/11\/pan_ypas_riacha.jpg","width":650,"height":450},{"@type":"BreadcrumbList","@id":"https:\/\/mwc-cmm.org\/en\/stories\/churches-in-latin-america-call-for-prophetic-peace-witness\/#breadcrumb","itemListElement":[{"@type":"ListItem","position":1,"name":"Home","item":"https:\/\/mwc-cmm.org\/fr\/"},{"@type":"ListItem","position":2,"name":"Des \u00e9glises en Am\u00e9rique latine demandent un t\u00e9moignage proph\u00e9tique de paix"}]},{"@type":"WebSite","@id":"https:\/\/mwc-cmm.org\/en\/#website","url":"https:\/\/mwc-cmm.org\/en\/","name":"Mennonite World Conference","description":"A communion of Anabaptist-related churches","publisher":{"@id":"https:\/\/mwc-cmm.org\/en\/#organization"},"alternateName":"MWC","potentialAction":[{"@type":"SearchAction","target":{"@type":"EntryPoint","urlTemplate":"https:\/\/mwc-cmm.org\/en\/?s={search_term_string}"},"query-input":{"@type":"PropertyValueSpecification","valueRequired":true,"valueName":"search_term_string"}}],"inLanguage":"fr-FR"},{"@type":"Organization","@id":"https:\/\/mwc-cmm.org\/en\/#organization","name":"Mennonite World Conference","alternateName":"MWC","url":"https:\/\/mwc-cmm.org\/en\/","logo":{"@type":"ImageObject","inLanguage":"fr-FR","@id":"https:\/\/mwc-cmm.org\/en\/#\/schema\/logo\/image\/","url":"https:\/\/mwc-cmm.org\/wp-content\/uploads\/2026\/01\/MWC_Sig_Blue_Horiz_webheader1-logo.svg","contentUrl":"https:\/\/mwc-cmm.org\/wp-content\/uploads\/2026\/01\/MWC_Sig_Blue_Horiz_webheader1-logo.svg","width":786,"height":82,"caption":"Mennonite World Conference"},"image":{"@id":"https:\/\/mwc-cmm.org\/en\/#\/schema\/logo\/image\/"},"sameAs":["https:\/\/www.facebook.com\/MennoniteWorldConference","https:\/\/www.linkedin.com\/company\/mennonite-world-conference-mwc\/","https:\/\/www.instagram.com\/mwcmm\/","https:\/\/www.youtube.com\/user\/mwccmm","https:\/\/bsky.app\/profile\/mwcmm.bsky.social"]},{"@type":"Person","@id":"https:\/\/mwc-cmm.org\/en\/#\/schema\/person\/11f6ae0d7d1868ba20a1cc27f067c836","name":"mennworldcon","image":{"@type":"ImageObject","inLanguage":"fr-FR","@id":"https:\/\/secure.gravatar.com\/avatar\/06fdc0dc81c157dfdb82ec42f252178a22307808988d22c043f9eb96f1e0fe80?s=96&d=mm&r=g","url":"https:\/\/secure.gravatar.com\/avatar\/06fdc0dc81c157dfdb82ec42f252178a22307808988d22c043f9eb96f1e0fe80?s=96&d=mm&r=g","contentUrl":"https:\/\/secure.gravatar.com\/avatar\/06fdc0dc81c157dfdb82ec42f252178a22307808988d22c043f9eb96f1e0fe80?s=96&d=mm&r=g","caption":"mennworldcon"},"sameAs":["https:\/\/mwc-cmm.org"],"url":"https:\/\/mwc-cmm.org\/fr\/stories\/author\/mennworldcon\/"}]}},"_links":{"self":[{"href":"https:\/\/mwc-cmm.org\/fr\/wp-json\/wp\/v2\/posts\/9749","targetHints":{"allow":["GET"]}}],"collection":[{"href":"https:\/\/mwc-cmm.org\/fr\/wp-json\/wp\/v2\/posts"}],"about":[{"href":"https:\/\/mwc-cmm.org\/fr\/wp-json\/wp\/v2\/types\/post"}],"author":[{"embeddable":true,"href":"https:\/\/mwc-cmm.org\/fr\/wp-json\/wp\/v2\/users\/1"}],"replies":[{"embeddable":true,"href":"https:\/\/mwc-cmm.org\/fr\/wp-json\/wp\/v2\/comments?post=9749"}],"version-history":[{"count":0,"href":"https:\/\/mwc-cmm.org\/fr\/wp-json\/wp\/v2\/posts\/9749\/revisions"}],"wp:featuredmedia":[{"embeddable":true,"href":"https:\/\/mwc-cmm.org\/fr\/wp-json\/wp\/v2\/media\/87254"}],"wp:attachment":[{"href":"https:\/\/mwc-cmm.org\/fr\/wp-json\/wp\/v2\/media?parent=9749"}],"wp:term":[{"taxonomy":"category","embeddable":true,"href":"https:\/\/mwc-cmm.org\/fr\/wp-json\/wp\/v2\/categories?post=9749"},{"taxonomy":"post_tag","embeddable":true,"href":"https:\/\/mwc-cmm.org\/fr\/wp-json\/wp\/v2\/tags?post=9749"},{"taxonomy":"network","embeddable":true,"href":"https:\/\/mwc-cmm.org\/fr\/wp-json\/wp\/v2\/network?post=9749"},{"taxonomy":"eventcategory","embeddable":true,"href":"https:\/\/mwc-cmm.org\/fr\/wp-json\/wp\/v2\/eventcategory?post=9749"}],"curies":[{"name":"wp","href":"https:\/\/api.w.org\/{rel}","templated":true}]}}