{"id":9747,"date":"2015-10-27T00:00:00","date_gmt":"2015-10-27T00:00:00","guid":{"rendered":"https:\/\/mwc-cmm.org\/a-deeper-shade-of-green-waste-reduction-measures-at-pa-2015-4\/"},"modified":"2024-12-10T17:13:45","modified_gmt":"2024-12-10T17:13:45","slug":"a-deeper-shade-of-green-waste-reduction-measures-at-pa-2015-4","status":"publish","type":"post","link":"https:\/\/mwc-cmm.org\/fr\/stories\/a-deeper-shade-of-green-waste-reduction-measures-at-pa-2015-4\/","title":{"rendered":"Une teinte plus fonc\u00e9e de vert : mesures de r\u00e9duction des d\u00e9chets \u00e0 PA 2015"},"content":{"rendered":"<p>Winnipeg, Canada <span style=\"color: rgb(0, 0, 0); font-family: Helvetica, Arial, 'Nimbus Sans L', sans-serif; font-size: 15px; line-height: 19.005px;\">\u2013 <\/span>Les \u00e9v\u00e9nements de masse peuvent laisser derri\u00e8re eux une montagne de d\u00e9chets. Mais au 16e Rassemblement de la Conf\u00e9rence Mennonite Mondiale, du 21 au 26 juillet 2015, la gestion des d\u00e9chets fut en quelque sorte une forme d\u2019adoration \u00e0 Dieu le Cr\u00e9ateur.<\/p>\n<p>Les organisateurs du Rassemblement \u00ab ont d\u00e9cid\u00e9 tr\u00e8s t\u00f4t qu\u2019ils feraient tout leur possible pour organiser un \u00e9v\u00e9nement respectueux de l\u2019environnement dans la mesure o\u00f9 c\u2019\u00e9tait \u00e9conomiquement possible \u00bb, dit le coordonnateur national Howard Good,<\/p>\n<p><strong>De l\u2019air frais<\/strong><br \/>L\u2019emplacement choisi, le Complexe du Champ de Foire, dispose d\u2019un vaste plan de recyclage, d\u2019une \u00e9olienne de 1,8 kW, d\u2019un syst\u00e8me de production d\u2019\u00e9nergie solaire photovolta\u00efque de 125 kW et d\u2019un r\u00e9servoir de r\u00e9cup\u00e9ration d\u2019eau de pluie de 30 000 gallons qui capte l\u2019eau de la toiture.<\/p>\n<p>La responsable des \u00e9v\u00e9nements internationaux de la CMM, Liesa Unger, a travaill\u00e9 avec l\u2019\u00e9quipe d\u2019ing\u00e9nierie de la climatisation \u00ab pour cr\u00e9er un environnement o\u00f9 des personnes de diff\u00e9rents continents puissent se sentir bien. \u00bb Soucieux des invit\u00e9s qui quittaient un b\u00e2timent frais puis entraient dans l\u2019air chaud de la Pennsylvanie, on a r\u00e9duit de moiti\u00e9 le nombre de ventilateurs et on a fait monter la temp\u00e9rature int\u00e9rieure de plusieurs degr\u00e9s.<\/p>\n<p>Des navettes ont transport\u00e9 les invit\u00e9s entre les lieux d\u2019h\u00e9bergement et des \u00e9v\u00e9nements de la convention pour r\u00e9duire l\u2019usage d\u2019automobiles priv\u00e9es.<\/p>\n<p>Chaque personne inscrite a re\u00e7u une bouteille d\u2019eau en aluminium portant le logo de la CMM et pouvant \u00eatre remplie \u00e0 une des 125 fontaines d\u2019eau potable accessibles dans le b\u00e2timent afin de remplacer les bouteilles d\u2019eau jetables.<\/p>\n<p>Mais Howard Good et son \u00e9quipe sont all\u00e9s encore plus loin.<\/p>\n<p><strong>Pas de gaspillage de d\u00e9chets alimentaires<\/strong><br \/>Avec les encouragements du Mennonite Creation Care Network (MCCN- R\u00e9seau mennonite pour la protection de la Cr\u00e9ation), le comit\u00e9 organisateur a fait une d\u00e9pense suppl\u00e9mentaire afin d\u2019assurer que tous les couverts, les assiettes, les serviettes, les tasses ainsi que les restes de nourriture des 39 000 repas soient enti\u00e8rement compostables \u00e0 un co\u00fbt approximatif de 0,60 $ par repas.<\/p>\n<p>M\u00eame les coupes pour la c\u00e9l\u00e9bration du repas du Seigneur le vendredi \u00e9taient compostables.<\/p>\n<p>\u00ab R\u00e9partie sur 39 000 repas, la d\u00e9pense n\u2019\u00e9tait pas si importante \u00bb, dit Howard Good. Des \u00e9conomies dans d\u2019autres domaines ont permis d&rsquo;att\u00e9nuer la hausse des co\u00fbts encourus par les mesures de durabilit\u00e9. Trente b\u00e9n\u00e9voles le midi et 40 b\u00e9n\u00e9voles le soir ont grossi les rangs du personnel du restaurateur Centerplate. Et des agriculteurs mennonites de la r\u00e9gion ont donn\u00e9 de la nourriture \u00e0 l\u2019entreprise de restauration ou en ont vendu \u00e0 prix r\u00e9duits.<\/p>\n<p>Au cours de la semaine, au Complexe du Champ de Foire, la Soci\u00e9t\u00e9 de r\u00e9cup\u00e9ration environnementale a transport\u00e9 presque que 4,25 tonnes de d\u00e9chets jusqu\u2019\u00e0 Oregon Dairy Organics, une soci\u00e9t\u00e9 s\u0153ur de Lancaster County Farm and Supermarket. \u00ca cet endroit, les d\u00e9chets ont \u00e9t\u00e9 d\u00e9chiquet\u00e9s et m\u00e9lang\u00e9s \u00e0 du fumier, puis r\u00e9guli\u00e8rement retourn\u00e9s. Apr\u00e8s trois mois, le compost a \u00e9t\u00e9 m\u00e9lang\u00e9 \u00e0 de la terre pour un usage en am\u00e9nagement paysager et pour le contr\u00f4le de l\u2019\u00e9rosion.<\/p>\n<p>On a rencontr\u00e9 quelques difficult\u00e9s pendant le processus. \u00ab Nous avons d\u00e9couvert que les personnes m\u00e9langeaient les d\u00e9chets r\u00e9guliers avec les d\u00e9chets compostables beaucoup plus facilement que nous l\u2019avions imagin\u00e9 \u00bb, dit Howard Good. Des d\u00e9chets recyclables ont aussi \u00e9t\u00e9 trouv\u00e9 dans les r\u00e9ceptacles \u00e0 compost. Un conteneur, refus\u00e9 en raison de sa teneur trop \u00e9lev\u00e9e en mati\u00e8res non compostables, a d\u00fb \u00eatre incin\u00e9r\u00e9.<\/p>\n<p><strong><img decoding=\"async\" alt=\"\" data-src=\"\/sites\/default\/files\/website_files\/depper_green_fr.jpg\" style=\"width: 200px; height: 133px; border-width: 1px; border-style: solid; margin: 5px 10px; float: right;\" src=\"data:image\/svg+xml;base64,PHN2ZyB3aWR0aD0iMSIgaGVpZ2h0PSIxIiB4bWxucz0iaHR0cDovL3d3dy53My5vcmcvMjAwMC9zdmciPjwvc3ZnPg==\" class=\"lazyload\" \/>\u00c9duquer les convives<\/strong><br \/>\u00ab Au d\u00e9part, le tri n\u2019a pas \u00e9t\u00e9 ais\u00e9 pour les convives \u00bb, raconte Marlisa Yoder Bontrager. Elle et cinq membres de sa famille se sont port\u00e9s b\u00e9n\u00e9voles \u00e0 des stations de collecte des d\u00e9chets pendant les repas du Rassemblement pour aider les convives \u00e0 trier leurs ordures et les \u00e9l\u00e9ments compostables.<\/p>\n<p>L\u2019\u00e9quipe du Rassemblement a aussi produit davantage de panneaux de signalisation et une vid\u00e9o explicative pour aider les convives \u00e0 d\u00e9terminer quels \u00e9l\u00e9ments \u00e9taient recyclables, compostables ou simplement jetables.<\/p>\n<p>\u00ab Une fois qu\u2019ils ont compris le processus, plusieurs ont exprim\u00e9 du soulagement et de l\u2019appr\u00e9ciation parce que leurs d\u00e9chets n\u2019allaient pas se retrouver dans un site d\u2019enfouissement \u00bb, dit Marlisa Yoder Bontrager.<\/p>\n<p><strong>Coop\u00e9ration<\/strong><br \/>La coop\u00e9ration de la direction du Complexe du Champ de Foire a \u00e9t\u00e9 la cl\u00e9 du succ\u00e8s de l\u2019ambitieux projet de r\u00e9duction des d\u00e9chets, dit Howard Good.         <\/p>\n<p>Sharon Altland, directrice g\u00e9n\u00e9rale du Complexe du Champ de Foire, dit qu\u2019ils font de leur mieux pour r\u00e9pondre aux demandes de leurs clients. Centerplate, l\u2019entreprise de restauration du Complexe a eu recours \u00e0 son vaste r\u00e9seau de services alimentaires pour trouver un fournisseur fiable capable de r\u00e9pondre aux besoins de la CMM.<\/p>\n<p>Le Complexe donnait d\u00e9j\u00e0 la priorit\u00e9 aux initiatives vertes, mais \u00ab travailler avec la Conf\u00e9rence Mennonite Mondiale a ouvert la porte \u00e0 d\u2019autres conversations \u00bb, dit Sharon Altland. \u00ab Nous travaillons \u00e0 prendre des mesures pour r\u00e9duire les d\u00e9chets alimentaires et nous sommes en conversation avec les fournisseurs de services alimentaires pour la 100e foire agricole afin qu\u2019ils collectent les d\u00e9chets de pr\u00e9paration. \u00bb<\/p>\n<p>\u00ab Le fait que 4,25 tonnes de d\u00e9chets alimentaires ne soient pas all\u00e9es dans l\u2019incin\u00e9rateur est un immense accomplissement \u00bb, dit Sharon Altland.<\/p>\n<p>\u00ab [Les organisateurs du Rassemblement] ont \u00e9t\u00e9 pr\u00eats \u00e0 s\u2019attaquer au foss\u00e9 qui existe parfois entre les meilleurs pratiques environnementales et la commodit\u00e9 \u2013 puis ont rendu les choses possibles pour un grand rassemblement \u00bb, dit Marlisa Yoder Bontrager qui est \u00e9galement membre du conseil d\u2019administration du MCCN. \u00ab  Ils ont mis en pratique un engagement important : honorer notre promesse de prendre soin de la cr\u00e9ation de Dieu comme un \u00e9l\u00e9ment essentiel de la bonne nouvelle de J\u00e9sus-Christ. \u00bb<\/p>\n<p>\u00ab M\u00eame si le choix d\u2019\u00eatre responsable peut signifier des co\u00fbts plus \u00e9lev\u00e9s, une bonne planification dans d\u2019autres domaines peut le rendre accessible \u00bb, conclut Howard Good.<\/p>\n<p><em>\u2014Communiqu\u00e9 de presse de la CMM par Karla Braun<\/em><\/p><\/p>\n","protected":false},"excerpt":{"rendered":"<p>NULL<\/p>\n","protected":false},"author":1,"featured_media":87226,"comment_status":"closed","ping_status":"closed","sticky":false,"template":"","format":"standard","meta":{"_acf_changed":false,"footnotes":""},"categories":[7],"tags":[1553,1893],"network":[],"eventcategory":[1494],"class_list":["post-9747","post","type-post","status-publish","format-standard","has-post-thumbnail","hentry","category-non-classifiee","tag-assemblee-2","tag-pa2015","eventcategory-assembly-fr"],"acf":[],"yoast_head":"<!-- This site is optimized with the Yoast SEO plugin v27.2 - https:\/\/yoast.com\/product\/yoast-seo-wordpress\/ -->\n<title>Une teinte plus fonc\u00e9e de vert : mesures de r\u00e9duction des d\u00e9chets \u00e0 PA 2015 - Mennonite World Conference<\/title>\n<meta name=\"robots\" content=\"index, follow, max-snippet:-1, max-image-preview:large, max-video-preview:-1\" \/>\n<link rel=\"canonical\" href=\"https:\/\/mwc-cmm.org\/en\/stories\/a-deeper-shade-of-green-waste-reduction-measures-at-pa-2015\/\" \/>\n<meta property=\"og:locale\" content=\"fr_FR\" \/>\n<meta property=\"og:type\" content=\"article\" \/>\n<meta property=\"og:title\" content=\"Une teinte plus fonc\u00e9e de vert : mesures de r\u00e9duction des d\u00e9chets \u00e0 PA 2015 - Mennonite World Conference\" \/>\n<meta property=\"og:description\" content=\"NULL\" \/>\n<meta property=\"og:url\" content=\"https:\/\/mwc-cmm.org\/en\/stories\/a-deeper-shade-of-green-waste-reduction-measures-at-pa-2015\/\" \/>\n<meta property=\"og:site_name\" content=\"Mennonite World Conference\" \/>\n<meta property=\"article:publisher\" content=\"https:\/\/www.facebook.com\/MennoniteWorldConference\" \/>\n<meta property=\"article:published_time\" content=\"2015-10-27T00:00:00+00:00\" \/>\n<meta property=\"article:modified_time\" content=\"2024-12-10T17:13:45+00:00\" \/>\n<meta property=\"og:image\" content=\"https:\/\/mwc-cmm.org\/wp-content\/uploads\/2024\/11\/edited_composing_photo_edited-1-scaled.jpg\" \/>\n\t<meta property=\"og:image:width\" content=\"2560\" \/>\n\t<meta property=\"og:image:height\" content=\"2359\" \/>\n\t<meta property=\"og:image:type\" content=\"image\/jpeg\" \/>\n<meta name=\"author\" content=\"mennworldcon\" \/>\n<script type=\"application\/ld+json\" class=\"yoast-schema-graph\">{\"@context\":\"https:\/\/schema.org\",\"@graph\":[{\"@type\":\"Article\",\"@id\":\"https:\/\/mwc-cmm.org\/en\/stories\/a-deeper-shade-of-green-waste-reduction-measures-at-pa-2015\/#article\",\"isPartOf\":{\"@id\":\"https:\/\/mwc-cmm.org\/en\/stories\/a-deeper-shade-of-green-waste-reduction-measures-at-pa-2015\/\"},\"author\":{\"name\":\"mennworldcon\",\"@id\":\"https:\/\/mwc-cmm.org\/en\/#\/schema\/person\/11f6ae0d7d1868ba20a1cc27f067c836\"},\"headline\":\"Une teinte plus fonc\u00e9e de vert : mesures de r\u00e9duction des d\u00e9chets \u00e0 PA 2015\",\"datePublished\":\"2015-10-27T00:00:00+00:00\",\"dateModified\":\"2024-12-10T17:13:45+00:00\",\"mainEntityOfPage\":{\"@id\":\"https:\/\/mwc-cmm.org\/en\/stories\/a-deeper-shade-of-green-waste-reduction-measures-at-pa-2015\/\"},\"wordCount\":1084,\"publisher\":{\"@id\":\"https:\/\/mwc-cmm.org\/en\/#organization\"},\"image\":{\"@id\":\"https:\/\/mwc-cmm.org\/en\/stories\/a-deeper-shade-of-green-waste-reduction-measures-at-pa-2015\/#primaryimage\"},\"thumbnailUrl\":\"https:\/\/mwc-cmm.org\/wp-content\/uploads\/2024\/11\/edited_composing_photo_edited-1-scaled.jpg\",\"keywords\":[\"Assembl\u00e9e\",\"PA2015\"],\"articleSection\":[\"Non classifi\u00e9(e)\"],\"inLanguage\":\"fr-FR\"},{\"@type\":\"WebPage\",\"@id\":\"https:\/\/mwc-cmm.org\/en\/stories\/a-deeper-shade-of-green-waste-reduction-measures-at-pa-2015\/\",\"url\":\"https:\/\/mwc-cmm.org\/en\/stories\/a-deeper-shade-of-green-waste-reduction-measures-at-pa-2015\/\",\"name\":\"Une teinte plus fonc\u00e9e de vert : mesures de r\u00e9duction des d\u00e9chets \u00e0 PA 2015 - Mennonite World Conference\",\"isPartOf\":{\"@id\":\"https:\/\/mwc-cmm.org\/en\/#website\"},\"primaryImageOfPage\":{\"@id\":\"https:\/\/mwc-cmm.org\/en\/stories\/a-deeper-shade-of-green-waste-reduction-measures-at-pa-2015\/#primaryimage\"},\"image\":{\"@id\":\"https:\/\/mwc-cmm.org\/en\/stories\/a-deeper-shade-of-green-waste-reduction-measures-at-pa-2015\/#primaryimage\"},\"thumbnailUrl\":\"https:\/\/mwc-cmm.org\/wp-content\/uploads\/2024\/11\/edited_composing_photo_edited-1-scaled.jpg\",\"datePublished\":\"2015-10-27T00:00:00+00:00\",\"dateModified\":\"2024-12-10T17:13:45+00:00\",\"breadcrumb\":{\"@id\":\"https:\/\/mwc-cmm.org\/en\/stories\/a-deeper-shade-of-green-waste-reduction-measures-at-pa-2015\/#breadcrumb\"},\"inLanguage\":\"fr-FR\",\"potentialAction\":[{\"@type\":\"ReadAction\",\"target\":[\"https:\/\/mwc-cmm.org\/en\/stories\/a-deeper-shade-of-green-waste-reduction-measures-at-pa-2015\/\"]}]},{\"@type\":\"ImageObject\",\"inLanguage\":\"fr-FR\",\"@id\":\"https:\/\/mwc-cmm.org\/en\/stories\/a-deeper-shade-of-green-waste-reduction-measures-at-pa-2015\/#primaryimage\",\"url\":\"https:\/\/mwc-cmm.org\/wp-content\/uploads\/2024\/11\/edited_composing_photo_edited-1-scaled.jpg\",\"contentUrl\":\"https:\/\/mwc-cmm.org\/wp-content\/uploads\/2024\/11\/edited_composing_photo_edited-1-scaled.jpg\",\"width\":2560,\"height\":2359},{\"@type\":\"BreadcrumbList\",\"@id\":\"https:\/\/mwc-cmm.org\/en\/stories\/a-deeper-shade-of-green-waste-reduction-measures-at-pa-2015\/#breadcrumb\",\"itemListElement\":[{\"@type\":\"ListItem\",\"position\":1,\"name\":\"Home\",\"item\":\"https:\/\/mwc-cmm.org\/fr\/\"},{\"@type\":\"ListItem\",\"position\":2,\"name\":\"Une teinte plus fonc\u00e9e de vert : mesures de r\u00e9duction des d\u00e9chets \u00e0 PA 2015\"}]},{\"@type\":\"WebSite\",\"@id\":\"https:\/\/mwc-cmm.org\/en\/#website\",\"url\":\"https:\/\/mwc-cmm.org\/en\/\",\"name\":\"Mennonite World Conference\",\"description\":\"A communion of Anabaptist-related churches\",\"publisher\":{\"@id\":\"https:\/\/mwc-cmm.org\/en\/#organization\"},\"alternateName\":\"MWC\",\"potentialAction\":[{\"@type\":\"SearchAction\",\"target\":{\"@type\":\"EntryPoint\",\"urlTemplate\":\"https:\/\/mwc-cmm.org\/en\/?s={search_term_string}\"},\"query-input\":{\"@type\":\"PropertyValueSpecification\",\"valueRequired\":true,\"valueName\":\"search_term_string\"}}],\"inLanguage\":\"fr-FR\"},{\"@type\":\"Organization\",\"@id\":\"https:\/\/mwc-cmm.org\/en\/#organization\",\"name\":\"Mennonite World Conference\",\"alternateName\":\"MWC\",\"url\":\"https:\/\/mwc-cmm.org\/en\/\",\"logo\":{\"@type\":\"ImageObject\",\"inLanguage\":\"fr-FR\",\"@id\":\"https:\/\/mwc-cmm.org\/en\/#\/schema\/logo\/image\/\",\"url\":\"https:\/\/mwc-cmm.org\/wp-content\/uploads\/2026\/01\/MWC_Sig_Blue_Horiz_webheader1-logo.svg\",\"contentUrl\":\"https:\/\/mwc-cmm.org\/wp-content\/uploads\/2026\/01\/MWC_Sig_Blue_Horiz_webheader1-logo.svg\",\"width\":786,\"height\":82,\"caption\":\"Mennonite World Conference\"},\"image\":{\"@id\":\"https:\/\/mwc-cmm.org\/en\/#\/schema\/logo\/image\/\"},\"sameAs\":[\"https:\/\/www.facebook.com\/MennoniteWorldConference\",\"https:\/\/www.linkedin.com\/company\/mennonite-world-conference-mwc\/\",\"https:\/\/www.instagram.com\/mwcmm\/\",\"https:\/\/www.youtube.com\/user\/mwccmm\",\"https:\/\/bsky.app\/profile\/mwcmm.bsky.social\"]},{\"@type\":\"Person\",\"@id\":\"https:\/\/mwc-cmm.org\/en\/#\/schema\/person\/11f6ae0d7d1868ba20a1cc27f067c836\",\"name\":\"mennworldcon\",\"image\":{\"@type\":\"ImageObject\",\"inLanguage\":\"fr-FR\",\"@id\":\"https:\/\/secure.gravatar.com\/avatar\/06fdc0dc81c157dfdb82ec42f252178a22307808988d22c043f9eb96f1e0fe80?s=96&d=mm&r=g\",\"url\":\"https:\/\/secure.gravatar.com\/avatar\/06fdc0dc81c157dfdb82ec42f252178a22307808988d22c043f9eb96f1e0fe80?s=96&d=mm&r=g\",\"contentUrl\":\"https:\/\/secure.gravatar.com\/avatar\/06fdc0dc81c157dfdb82ec42f252178a22307808988d22c043f9eb96f1e0fe80?s=96&d=mm&r=g\",\"caption\":\"mennworldcon\"},\"sameAs\":[\"https:\/\/mwc-cmm.org\"],\"url\":\"https:\/\/mwc-cmm.org\/fr\/stories\/author\/mennworldcon\/\"}]}<\/script>\n<!-- \/ Yoast SEO plugin. -->","yoast_head_json":{"title":"Une teinte plus fonc\u00e9e de vert : mesures de r\u00e9duction des d\u00e9chets \u00e0 PA 2015 - Mennonite World Conference","robots":{"index":"index","follow":"follow","max-snippet":"max-snippet:-1","max-image-preview":"max-image-preview:large","max-video-preview":"max-video-preview:-1"},"canonical":"https:\/\/mwc-cmm.org\/en\/stories\/a-deeper-shade-of-green-waste-reduction-measures-at-pa-2015\/","og_locale":"fr_FR","og_type":"article","og_title":"Une teinte plus fonc\u00e9e de vert : mesures de r\u00e9duction des d\u00e9chets \u00e0 PA 2015 - Mennonite World Conference","og_description":"NULL","og_url":"https:\/\/mwc-cmm.org\/en\/stories\/a-deeper-shade-of-green-waste-reduction-measures-at-pa-2015\/","og_site_name":"Mennonite World Conference","article_publisher":"https:\/\/www.facebook.com\/MennoniteWorldConference","article_published_time":"2015-10-27T00:00:00+00:00","article_modified_time":"2024-12-10T17:13:45+00:00","og_image":[{"width":2560,"height":2359,"url":"https:\/\/mwc-cmm.org\/wp-content\/uploads\/2024\/11\/edited_composing_photo_edited-1-scaled.jpg","type":"image\/jpeg"}],"author":"mennworldcon","schema":{"@context":"https:\/\/schema.org","@graph":[{"@type":"Article","@id":"https:\/\/mwc-cmm.org\/en\/stories\/a-deeper-shade-of-green-waste-reduction-measures-at-pa-2015\/#article","isPartOf":{"@id":"https:\/\/mwc-cmm.org\/en\/stories\/a-deeper-shade-of-green-waste-reduction-measures-at-pa-2015\/"},"author":{"name":"mennworldcon","@id":"https:\/\/mwc-cmm.org\/en\/#\/schema\/person\/11f6ae0d7d1868ba20a1cc27f067c836"},"headline":"Une teinte plus fonc\u00e9e de vert : mesures de r\u00e9duction des d\u00e9chets \u00e0 PA 2015","datePublished":"2015-10-27T00:00:00+00:00","dateModified":"2024-12-10T17:13:45+00:00","mainEntityOfPage":{"@id":"https:\/\/mwc-cmm.org\/en\/stories\/a-deeper-shade-of-green-waste-reduction-measures-at-pa-2015\/"},"wordCount":1084,"publisher":{"@id":"https:\/\/mwc-cmm.org\/en\/#organization"},"image":{"@id":"https:\/\/mwc-cmm.org\/en\/stories\/a-deeper-shade-of-green-waste-reduction-measures-at-pa-2015\/#primaryimage"},"thumbnailUrl":"https:\/\/mwc-cmm.org\/wp-content\/uploads\/2024\/11\/edited_composing_photo_edited-1-scaled.jpg","keywords":["Assembl\u00e9e","PA2015"],"articleSection":["Non classifi\u00e9(e)"],"inLanguage":"fr-FR"},{"@type":"WebPage","@id":"https:\/\/mwc-cmm.org\/en\/stories\/a-deeper-shade-of-green-waste-reduction-measures-at-pa-2015\/","url":"https:\/\/mwc-cmm.org\/en\/stories\/a-deeper-shade-of-green-waste-reduction-measures-at-pa-2015\/","name":"Une teinte plus fonc\u00e9e de vert : mesures de r\u00e9duction des d\u00e9chets \u00e0 PA 2015 - Mennonite World Conference","isPartOf":{"@id":"https:\/\/mwc-cmm.org\/en\/#website"},"primaryImageOfPage":{"@id":"https:\/\/mwc-cmm.org\/en\/stories\/a-deeper-shade-of-green-waste-reduction-measures-at-pa-2015\/#primaryimage"},"image":{"@id":"https:\/\/mwc-cmm.org\/en\/stories\/a-deeper-shade-of-green-waste-reduction-measures-at-pa-2015\/#primaryimage"},"thumbnailUrl":"https:\/\/mwc-cmm.org\/wp-content\/uploads\/2024\/11\/edited_composing_photo_edited-1-scaled.jpg","datePublished":"2015-10-27T00:00:00+00:00","dateModified":"2024-12-10T17:13:45+00:00","breadcrumb":{"@id":"https:\/\/mwc-cmm.org\/en\/stories\/a-deeper-shade-of-green-waste-reduction-measures-at-pa-2015\/#breadcrumb"},"inLanguage":"fr-FR","potentialAction":[{"@type":"ReadAction","target":["https:\/\/mwc-cmm.org\/en\/stories\/a-deeper-shade-of-green-waste-reduction-measures-at-pa-2015\/"]}]},{"@type":"ImageObject","inLanguage":"fr-FR","@id":"https:\/\/mwc-cmm.org\/en\/stories\/a-deeper-shade-of-green-waste-reduction-measures-at-pa-2015\/#primaryimage","url":"https:\/\/mwc-cmm.org\/wp-content\/uploads\/2024\/11\/edited_composing_photo_edited-1-scaled.jpg","contentUrl":"https:\/\/mwc-cmm.org\/wp-content\/uploads\/2024\/11\/edited_composing_photo_edited-1-scaled.jpg","width":2560,"height":2359},{"@type":"BreadcrumbList","@id":"https:\/\/mwc-cmm.org\/en\/stories\/a-deeper-shade-of-green-waste-reduction-measures-at-pa-2015\/#breadcrumb","itemListElement":[{"@type":"ListItem","position":1,"name":"Home","item":"https:\/\/mwc-cmm.org\/fr\/"},{"@type":"ListItem","position":2,"name":"Une teinte plus fonc\u00e9e de vert : mesures de r\u00e9duction des d\u00e9chets \u00e0 PA 2015"}]},{"@type":"WebSite","@id":"https:\/\/mwc-cmm.org\/en\/#website","url":"https:\/\/mwc-cmm.org\/en\/","name":"Mennonite World Conference","description":"A communion of Anabaptist-related churches","publisher":{"@id":"https:\/\/mwc-cmm.org\/en\/#organization"},"alternateName":"MWC","potentialAction":[{"@type":"SearchAction","target":{"@type":"EntryPoint","urlTemplate":"https:\/\/mwc-cmm.org\/en\/?s={search_term_string}"},"query-input":{"@type":"PropertyValueSpecification","valueRequired":true,"valueName":"search_term_string"}}],"inLanguage":"fr-FR"},{"@type":"Organization","@id":"https:\/\/mwc-cmm.org\/en\/#organization","name":"Mennonite World Conference","alternateName":"MWC","url":"https:\/\/mwc-cmm.org\/en\/","logo":{"@type":"ImageObject","inLanguage":"fr-FR","@id":"https:\/\/mwc-cmm.org\/en\/#\/schema\/logo\/image\/","url":"https:\/\/mwc-cmm.org\/wp-content\/uploads\/2026\/01\/MWC_Sig_Blue_Horiz_webheader1-logo.svg","contentUrl":"https:\/\/mwc-cmm.org\/wp-content\/uploads\/2026\/01\/MWC_Sig_Blue_Horiz_webheader1-logo.svg","width":786,"height":82,"caption":"Mennonite World Conference"},"image":{"@id":"https:\/\/mwc-cmm.org\/en\/#\/schema\/logo\/image\/"},"sameAs":["https:\/\/www.facebook.com\/MennoniteWorldConference","https:\/\/www.linkedin.com\/company\/mennonite-world-conference-mwc\/","https:\/\/www.instagram.com\/mwcmm\/","https:\/\/www.youtube.com\/user\/mwccmm","https:\/\/bsky.app\/profile\/mwcmm.bsky.social"]},{"@type":"Person","@id":"https:\/\/mwc-cmm.org\/en\/#\/schema\/person\/11f6ae0d7d1868ba20a1cc27f067c836","name":"mennworldcon","image":{"@type":"ImageObject","inLanguage":"fr-FR","@id":"https:\/\/secure.gravatar.com\/avatar\/06fdc0dc81c157dfdb82ec42f252178a22307808988d22c043f9eb96f1e0fe80?s=96&d=mm&r=g","url":"https:\/\/secure.gravatar.com\/avatar\/06fdc0dc81c157dfdb82ec42f252178a22307808988d22c043f9eb96f1e0fe80?s=96&d=mm&r=g","contentUrl":"https:\/\/secure.gravatar.com\/avatar\/06fdc0dc81c157dfdb82ec42f252178a22307808988d22c043f9eb96f1e0fe80?s=96&d=mm&r=g","caption":"mennworldcon"},"sameAs":["https:\/\/mwc-cmm.org"],"url":"https:\/\/mwc-cmm.org\/fr\/stories\/author\/mennworldcon\/"}]}},"_links":{"self":[{"href":"https:\/\/mwc-cmm.org\/fr\/wp-json\/wp\/v2\/posts\/9747","targetHints":{"allow":["GET"]}}],"collection":[{"href":"https:\/\/mwc-cmm.org\/fr\/wp-json\/wp\/v2\/posts"}],"about":[{"href":"https:\/\/mwc-cmm.org\/fr\/wp-json\/wp\/v2\/types\/post"}],"author":[{"embeddable":true,"href":"https:\/\/mwc-cmm.org\/fr\/wp-json\/wp\/v2\/users\/1"}],"replies":[{"embeddable":true,"href":"https:\/\/mwc-cmm.org\/fr\/wp-json\/wp\/v2\/comments?post=9747"}],"version-history":[{"count":0,"href":"https:\/\/mwc-cmm.org\/fr\/wp-json\/wp\/v2\/posts\/9747\/revisions"}],"wp:featuredmedia":[{"embeddable":true,"href":"https:\/\/mwc-cmm.org\/fr\/wp-json\/wp\/v2\/media\/87226"}],"wp:attachment":[{"href":"https:\/\/mwc-cmm.org\/fr\/wp-json\/wp\/v2\/media?parent=9747"}],"wp:term":[{"taxonomy":"category","embeddable":true,"href":"https:\/\/mwc-cmm.org\/fr\/wp-json\/wp\/v2\/categories?post=9747"},{"taxonomy":"post_tag","embeddable":true,"href":"https:\/\/mwc-cmm.org\/fr\/wp-json\/wp\/v2\/tags?post=9747"},{"taxonomy":"network","embeddable":true,"href":"https:\/\/mwc-cmm.org\/fr\/wp-json\/wp\/v2\/network?post=9747"},{"taxonomy":"eventcategory","embeddable":true,"href":"https:\/\/mwc-cmm.org\/fr\/wp-json\/wp\/v2\/eventcategory?post=9747"}],"curies":[{"name":"wp","href":"https:\/\/api.w.org\/{rel}","templated":true}]}}