{"id":9735,"date":"2015-08-25T00:00:00","date_gmt":"2015-08-25T00:00:00","guid":{"rendered":"https:\/\/mwc-cmm.org\/it-is-like-a-village-in-africa-4\/"},"modified":"2024-12-10T17:13:41","modified_gmt":"2024-12-10T17:13:41","slug":"it-is-like-a-village-in-africa-4","status":"publish","type":"post","link":"https:\/\/mwc-cmm.org\/fr\/stories\/it-is-like-a-village-in-africa-4\/","title":{"rendered":"\u00ab\u00a0C\u2019est comme un village en Afrique\u00a0\u00bb"},"content":{"rendered":"<p><strong>Le Village de l\u2019\u00c9glise Mondiale est comme un march\u00e9 d\u2019histoires et d\u2019\u00e9changes<\/strong><\/p>\n<p>Harrisburg, Pennsylvanie (\u00c9.-U.) \u2013 \u00ab Je ne connais pas d\u2019autres endroits avec autant de parties du monde en un seul endroit \u00bb, dit Donella M. Clemens de l\u2019\u00c9glise mennonite Perkasie en Pennsylvanie tout en regardant entrer et sortir les gens des \u00ab places du march\u00e9 \u00bb du Village de l\u2019\u00c9glise Mondiale.<\/p>\n<p>Ici, le th\u00e8me de PA 2015, \u00ab En marche avec Dieu \u00bb, se manifeste par des r\u00e9cits d\u2019histoires, des expositions culturelles et des chants de partout dans le monde.<\/p>\n<p>Les histoires de la migration mennonite t\u00e9moignent de la direction de Dieu dans les nouvelles sph\u00e8res d\u2019apprentissage au fur et \u00e0 mesure que le peuple de Dieu marche avec Dieu.<\/p>\n<p>Des r\u00e9cits de service et de mission dans d\u2019autres pays montrent la volont\u00e9 anabaptiste de marcher dans l\u2019inconnu avec assurance et confiance.<\/p>\n<p>Il y a aussi des histoires de souffrance et de gu\u00e9rison. La photo et les chaussures d\u2019un jeune homme qui a perdu la vie au Moyen-Orient sont tout aussi poignantes que les histoires piqu\u00e9es sur des pi\u00e8ces de tissu.<\/p>\n<p>\u00ab C\u2019est une merveilleuse id\u00e9e d\u2019avoir ce bel endroit o\u00f9 les gens peuvent venir et se d\u00e9tendre avec des amis \u00bb, dit Siaka Traore du Burkina Faso. \u00ab C\u2019est comme un village [en Afrique]. C\u2019est inspirant de voir des personnes \u00e2g\u00e9es raconter des histoires. M\u00eame si on ne peut pas faire du commerce ici, on a l\u2019impression d\u2019\u00eatre sur la place du march\u00e9. \u00bb<\/p>\n<p>\u00ab Les prestations sont meilleures que je l\u2019avais pr\u00e9vu \u00bb, dit Andra Geiser, coordonnatrice des activit\u00e9s de la sc\u00e8ne. La diversit\u00e9 des dons et des talents des personnes est un vrai cadeau de Dieu. \u00bb<\/p>\n<p>Jusqu\u2019\u00e0 36 personnes se sont inscrites pour raconter, pendant 25 minutes, leurs exp\u00e9riences devant une petite foule sous la tente des r\u00e9cits d\u2019histoire.<\/p>\n<p>\u00ab Nous avons entendu des histoires extraordinaires de conversion et de transformation de tous les continents \u00bb, dit Lynn A. Miller, coordonnateur des r\u00e9cits d\u2019histoire.<\/p>\n<p>Vikal Rao, coordonnateur g\u00e9n\u00e9ral de toutes les activit\u00e9s et expositions du Village de l\u2019\u00c9glise Mondiale, remercie et loue Dieu d\u2019avoir tout r\u00e9uni ensemble.<\/p>\n<p><em>Doris Dube est du Zimbabwe.<\/em><\/p>\n<hr \/>\n<p>*Pour plus d\u2019histoires, d\u2019images et de vid\u00e9os, visitez <a href=\"http:\/\/pa2015.mwc-cmm.org\/fr\/\"><strong><u>pa2015.mwc-cmm.org<\/u><\/strong><\/a>. Le site Web contient aussi des ressources utiles pour votre \u00e9glise qui proviennent des ateliers de PA 2015, tels des fichiers t\u00e9l\u00e9chargeables, des diapositives Power Point et des fiches d\u2019information.<\/p>\n<div> <\/div>\n","protected":false},"excerpt":{"rendered":"<p>NULL<\/p>\n","protected":false},"author":1,"featured_media":87058,"comment_status":"closed","ping_status":"closed","sticky":false,"template":"","format":"standard","meta":{"_acf_changed":false,"footnotes":""},"categories":[7],"tags":[1553,1893],"network":[],"eventcategory":[1494],"class_list":["post-9735","post","type-post","status-publish","format-standard","has-post-thumbnail","hentry","category-non-classifiee","tag-assemblee-2","tag-pa2015","eventcategory-assembly-fr"],"acf":[],"yoast_head":"<!-- This site is optimized with the Yoast SEO plugin v27.2 - https:\/\/yoast.com\/product\/yoast-seo-wordpress\/ -->\n<title>\u00ab\u00a0C\u2019est comme un village en Afrique\u00a0\u00bb - Mennonite World Conference<\/title>\n<meta name=\"robots\" content=\"index, follow, max-snippet:-1, max-image-preview:large, max-video-preview:-1\" \/>\n<link rel=\"canonical\" href=\"https:\/\/mwc-cmm.org\/en\/stories\/it-is-like-a-village-in-africa\/\" \/>\n<meta property=\"og:locale\" content=\"fr_FR\" \/>\n<meta property=\"og:type\" content=\"article\" \/>\n<meta property=\"og:title\" content=\"\u00ab\u00a0C\u2019est comme un village en Afrique\u00a0\u00bb - Mennonite World Conference\" \/>\n<meta property=\"og:description\" content=\"NULL\" \/>\n<meta property=\"og:url\" content=\"https:\/\/mwc-cmm.org\/en\/stories\/it-is-like-a-village-in-africa\/\" \/>\n<meta property=\"og:site_name\" content=\"Mennonite World Conference\" \/>\n<meta property=\"article:publisher\" content=\"https:\/\/www.facebook.com\/MennoniteWorldConference\" \/>\n<meta property=\"article:published_time\" content=\"2015-08-25T00:00:00+00:00\" \/>\n<meta property=\"article:modified_time\" content=\"2024-12-10T17:13:41+00:00\" \/>\n<meta property=\"og:image\" content=\"https:\/\/mwc-cmm.org\/wp-content\/uploads\/2024\/11\/20150723_jonathoncharles_2660-scaled.jpg\" \/>\n\t<meta property=\"og:image:width\" content=\"2560\" \/>\n\t<meta property=\"og:image:height\" content=\"1707\" \/>\n\t<meta property=\"og:image:type\" content=\"image\/jpeg\" \/>\n<meta name=\"author\" content=\"mennworldcon\" \/>\n<script type=\"application\/ld+json\" class=\"yoast-schema-graph\">{\"@context\":\"https:\/\/schema.org\",\"@graph\":[{\"@type\":\"Article\",\"@id\":\"https:\/\/mwc-cmm.org\/en\/stories\/it-is-like-a-village-in-africa\/#article\",\"isPartOf\":{\"@id\":\"https:\/\/mwc-cmm.org\/en\/stories\/it-is-like-a-village-in-africa\/\"},\"author\":{\"name\":\"mennworldcon\",\"@id\":\"https:\/\/mwc-cmm.org\/en\/#\/schema\/person\/11f6ae0d7d1868ba20a1cc27f067c836\"},\"headline\":\"\u00ab\u00a0C\u2019est comme un village en Afrique\u00a0\u00bb\",\"datePublished\":\"2015-08-25T00:00:00+00:00\",\"dateModified\":\"2024-12-10T17:13:41+00:00\",\"mainEntityOfPage\":{\"@id\":\"https:\/\/mwc-cmm.org\/en\/stories\/it-is-like-a-village-in-africa\/\"},\"wordCount\":435,\"publisher\":{\"@id\":\"https:\/\/mwc-cmm.org\/en\/#organization\"},\"image\":{\"@id\":\"https:\/\/mwc-cmm.org\/en\/stories\/it-is-like-a-village-in-africa\/#primaryimage\"},\"thumbnailUrl\":\"https:\/\/mwc-cmm.org\/wp-content\/uploads\/2024\/11\/20150723_jonathoncharles_2660-scaled.jpg\",\"keywords\":[\"Assembl\u00e9e\",\"PA2015\"],\"articleSection\":[\"Non classifi\u00e9(e)\"],\"inLanguage\":\"fr-FR\"},{\"@type\":\"WebPage\",\"@id\":\"https:\/\/mwc-cmm.org\/en\/stories\/it-is-like-a-village-in-africa\/\",\"url\":\"https:\/\/mwc-cmm.org\/en\/stories\/it-is-like-a-village-in-africa\/\",\"name\":\"\u00ab\u00a0C\u2019est comme un village en Afrique\u00a0\u00bb - Mennonite World Conference\",\"isPartOf\":{\"@id\":\"https:\/\/mwc-cmm.org\/en\/#website\"},\"primaryImageOfPage\":{\"@id\":\"https:\/\/mwc-cmm.org\/en\/stories\/it-is-like-a-village-in-africa\/#primaryimage\"},\"image\":{\"@id\":\"https:\/\/mwc-cmm.org\/en\/stories\/it-is-like-a-village-in-africa\/#primaryimage\"},\"thumbnailUrl\":\"https:\/\/mwc-cmm.org\/wp-content\/uploads\/2024\/11\/20150723_jonathoncharles_2660-scaled.jpg\",\"datePublished\":\"2015-08-25T00:00:00+00:00\",\"dateModified\":\"2024-12-10T17:13:41+00:00\",\"breadcrumb\":{\"@id\":\"https:\/\/mwc-cmm.org\/en\/stories\/it-is-like-a-village-in-africa\/#breadcrumb\"},\"inLanguage\":\"fr-FR\",\"potentialAction\":[{\"@type\":\"ReadAction\",\"target\":[\"https:\/\/mwc-cmm.org\/en\/stories\/it-is-like-a-village-in-africa\/\"]}]},{\"@type\":\"ImageObject\",\"inLanguage\":\"fr-FR\",\"@id\":\"https:\/\/mwc-cmm.org\/en\/stories\/it-is-like-a-village-in-africa\/#primaryimage\",\"url\":\"https:\/\/mwc-cmm.org\/wp-content\/uploads\/2024\/11\/20150723_jonathoncharles_2660-scaled.jpg\",\"contentUrl\":\"https:\/\/mwc-cmm.org\/wp-content\/uploads\/2024\/11\/20150723_jonathoncharles_2660-scaled.jpg\",\"width\":2560,\"height\":1707},{\"@type\":\"BreadcrumbList\",\"@id\":\"https:\/\/mwc-cmm.org\/en\/stories\/it-is-like-a-village-in-africa\/#breadcrumb\",\"itemListElement\":[{\"@type\":\"ListItem\",\"position\":1,\"name\":\"Home\",\"item\":\"https:\/\/mwc-cmm.org\/fr\/\"},{\"@type\":\"ListItem\",\"position\":2,\"name\":\"\u00ab\u00a0C\u2019est comme un village en Afrique\u00a0\u00bb\"}]},{\"@type\":\"WebSite\",\"@id\":\"https:\/\/mwc-cmm.org\/en\/#website\",\"url\":\"https:\/\/mwc-cmm.org\/en\/\",\"name\":\"Mennonite World Conference\",\"description\":\"A communion of Anabaptist-related churches\",\"publisher\":{\"@id\":\"https:\/\/mwc-cmm.org\/en\/#organization\"},\"alternateName\":\"MWC\",\"potentialAction\":[{\"@type\":\"SearchAction\",\"target\":{\"@type\":\"EntryPoint\",\"urlTemplate\":\"https:\/\/mwc-cmm.org\/en\/?s={search_term_string}\"},\"query-input\":{\"@type\":\"PropertyValueSpecification\",\"valueRequired\":true,\"valueName\":\"search_term_string\"}}],\"inLanguage\":\"fr-FR\"},{\"@type\":\"Organization\",\"@id\":\"https:\/\/mwc-cmm.org\/en\/#organization\",\"name\":\"Mennonite World Conference\",\"alternateName\":\"MWC\",\"url\":\"https:\/\/mwc-cmm.org\/en\/\",\"logo\":{\"@type\":\"ImageObject\",\"inLanguage\":\"fr-FR\",\"@id\":\"https:\/\/mwc-cmm.org\/en\/#\/schema\/logo\/image\/\",\"url\":\"https:\/\/mwc-cmm.org\/wp-content\/uploads\/2026\/01\/MWC_Sig_Blue_Horiz_webheader1-logo.svg\",\"contentUrl\":\"https:\/\/mwc-cmm.org\/wp-content\/uploads\/2026\/01\/MWC_Sig_Blue_Horiz_webheader1-logo.svg\",\"width\":786,\"height\":82,\"caption\":\"Mennonite World Conference\"},\"image\":{\"@id\":\"https:\/\/mwc-cmm.org\/en\/#\/schema\/logo\/image\/\"},\"sameAs\":[\"https:\/\/www.facebook.com\/MennoniteWorldConference\",\"https:\/\/www.linkedin.com\/company\/mennonite-world-conference-mwc\/\",\"https:\/\/www.instagram.com\/mwcmm\/\",\"https:\/\/www.youtube.com\/user\/mwccmm\",\"https:\/\/bsky.app\/profile\/mwcmm.bsky.social\"]},{\"@type\":\"Person\",\"@id\":\"https:\/\/mwc-cmm.org\/en\/#\/schema\/person\/11f6ae0d7d1868ba20a1cc27f067c836\",\"name\":\"mennworldcon\",\"image\":{\"@type\":\"ImageObject\",\"inLanguage\":\"fr-FR\",\"@id\":\"https:\/\/secure.gravatar.com\/avatar\/06fdc0dc81c157dfdb82ec42f252178a22307808988d22c043f9eb96f1e0fe80?s=96&d=mm&r=g\",\"url\":\"https:\/\/secure.gravatar.com\/avatar\/06fdc0dc81c157dfdb82ec42f252178a22307808988d22c043f9eb96f1e0fe80?s=96&d=mm&r=g\",\"contentUrl\":\"https:\/\/secure.gravatar.com\/avatar\/06fdc0dc81c157dfdb82ec42f252178a22307808988d22c043f9eb96f1e0fe80?s=96&d=mm&r=g\",\"caption\":\"mennworldcon\"},\"sameAs\":[\"https:\/\/mwc-cmm.org\"],\"url\":\"https:\/\/mwc-cmm.org\/fr\/stories\/author\/mennworldcon\/\"}]}<\/script>\n<!-- \/ Yoast SEO plugin. -->","yoast_head_json":{"title":"\u00ab\u00a0C\u2019est comme un village en Afrique\u00a0\u00bb - Mennonite World Conference","robots":{"index":"index","follow":"follow","max-snippet":"max-snippet:-1","max-image-preview":"max-image-preview:large","max-video-preview":"max-video-preview:-1"},"canonical":"https:\/\/mwc-cmm.org\/en\/stories\/it-is-like-a-village-in-africa\/","og_locale":"fr_FR","og_type":"article","og_title":"\u00ab\u00a0C\u2019est comme un village en Afrique\u00a0\u00bb - Mennonite World Conference","og_description":"NULL","og_url":"https:\/\/mwc-cmm.org\/en\/stories\/it-is-like-a-village-in-africa\/","og_site_name":"Mennonite World Conference","article_publisher":"https:\/\/www.facebook.com\/MennoniteWorldConference","article_published_time":"2015-08-25T00:00:00+00:00","article_modified_time":"2024-12-10T17:13:41+00:00","og_image":[{"width":2560,"height":1707,"url":"https:\/\/mwc-cmm.org\/wp-content\/uploads\/2024\/11\/20150723_jonathoncharles_2660-scaled.jpg","type":"image\/jpeg"}],"author":"mennworldcon","schema":{"@context":"https:\/\/schema.org","@graph":[{"@type":"Article","@id":"https:\/\/mwc-cmm.org\/en\/stories\/it-is-like-a-village-in-africa\/#article","isPartOf":{"@id":"https:\/\/mwc-cmm.org\/en\/stories\/it-is-like-a-village-in-africa\/"},"author":{"name":"mennworldcon","@id":"https:\/\/mwc-cmm.org\/en\/#\/schema\/person\/11f6ae0d7d1868ba20a1cc27f067c836"},"headline":"\u00ab\u00a0C\u2019est comme un village en Afrique\u00a0\u00bb","datePublished":"2015-08-25T00:00:00+00:00","dateModified":"2024-12-10T17:13:41+00:00","mainEntityOfPage":{"@id":"https:\/\/mwc-cmm.org\/en\/stories\/it-is-like-a-village-in-africa\/"},"wordCount":435,"publisher":{"@id":"https:\/\/mwc-cmm.org\/en\/#organization"},"image":{"@id":"https:\/\/mwc-cmm.org\/en\/stories\/it-is-like-a-village-in-africa\/#primaryimage"},"thumbnailUrl":"https:\/\/mwc-cmm.org\/wp-content\/uploads\/2024\/11\/20150723_jonathoncharles_2660-scaled.jpg","keywords":["Assembl\u00e9e","PA2015"],"articleSection":["Non classifi\u00e9(e)"],"inLanguage":"fr-FR"},{"@type":"WebPage","@id":"https:\/\/mwc-cmm.org\/en\/stories\/it-is-like-a-village-in-africa\/","url":"https:\/\/mwc-cmm.org\/en\/stories\/it-is-like-a-village-in-africa\/","name":"\u00ab\u00a0C\u2019est comme un village en Afrique\u00a0\u00bb - Mennonite World Conference","isPartOf":{"@id":"https:\/\/mwc-cmm.org\/en\/#website"},"primaryImageOfPage":{"@id":"https:\/\/mwc-cmm.org\/en\/stories\/it-is-like-a-village-in-africa\/#primaryimage"},"image":{"@id":"https:\/\/mwc-cmm.org\/en\/stories\/it-is-like-a-village-in-africa\/#primaryimage"},"thumbnailUrl":"https:\/\/mwc-cmm.org\/wp-content\/uploads\/2024\/11\/20150723_jonathoncharles_2660-scaled.jpg","datePublished":"2015-08-25T00:00:00+00:00","dateModified":"2024-12-10T17:13:41+00:00","breadcrumb":{"@id":"https:\/\/mwc-cmm.org\/en\/stories\/it-is-like-a-village-in-africa\/#breadcrumb"},"inLanguage":"fr-FR","potentialAction":[{"@type":"ReadAction","target":["https:\/\/mwc-cmm.org\/en\/stories\/it-is-like-a-village-in-africa\/"]}]},{"@type":"ImageObject","inLanguage":"fr-FR","@id":"https:\/\/mwc-cmm.org\/en\/stories\/it-is-like-a-village-in-africa\/#primaryimage","url":"https:\/\/mwc-cmm.org\/wp-content\/uploads\/2024\/11\/20150723_jonathoncharles_2660-scaled.jpg","contentUrl":"https:\/\/mwc-cmm.org\/wp-content\/uploads\/2024\/11\/20150723_jonathoncharles_2660-scaled.jpg","width":2560,"height":1707},{"@type":"BreadcrumbList","@id":"https:\/\/mwc-cmm.org\/en\/stories\/it-is-like-a-village-in-africa\/#breadcrumb","itemListElement":[{"@type":"ListItem","position":1,"name":"Home","item":"https:\/\/mwc-cmm.org\/fr\/"},{"@type":"ListItem","position":2,"name":"\u00ab\u00a0C\u2019est comme un village en Afrique\u00a0\u00bb"}]},{"@type":"WebSite","@id":"https:\/\/mwc-cmm.org\/en\/#website","url":"https:\/\/mwc-cmm.org\/en\/","name":"Mennonite World Conference","description":"A communion of Anabaptist-related churches","publisher":{"@id":"https:\/\/mwc-cmm.org\/en\/#organization"},"alternateName":"MWC","potentialAction":[{"@type":"SearchAction","target":{"@type":"EntryPoint","urlTemplate":"https:\/\/mwc-cmm.org\/en\/?s={search_term_string}"},"query-input":{"@type":"PropertyValueSpecification","valueRequired":true,"valueName":"search_term_string"}}],"inLanguage":"fr-FR"},{"@type":"Organization","@id":"https:\/\/mwc-cmm.org\/en\/#organization","name":"Mennonite World Conference","alternateName":"MWC","url":"https:\/\/mwc-cmm.org\/en\/","logo":{"@type":"ImageObject","inLanguage":"fr-FR","@id":"https:\/\/mwc-cmm.org\/en\/#\/schema\/logo\/image\/","url":"https:\/\/mwc-cmm.org\/wp-content\/uploads\/2026\/01\/MWC_Sig_Blue_Horiz_webheader1-logo.svg","contentUrl":"https:\/\/mwc-cmm.org\/wp-content\/uploads\/2026\/01\/MWC_Sig_Blue_Horiz_webheader1-logo.svg","width":786,"height":82,"caption":"Mennonite World Conference"},"image":{"@id":"https:\/\/mwc-cmm.org\/en\/#\/schema\/logo\/image\/"},"sameAs":["https:\/\/www.facebook.com\/MennoniteWorldConference","https:\/\/www.linkedin.com\/company\/mennonite-world-conference-mwc\/","https:\/\/www.instagram.com\/mwcmm\/","https:\/\/www.youtube.com\/user\/mwccmm","https:\/\/bsky.app\/profile\/mwcmm.bsky.social"]},{"@type":"Person","@id":"https:\/\/mwc-cmm.org\/en\/#\/schema\/person\/11f6ae0d7d1868ba20a1cc27f067c836","name":"mennworldcon","image":{"@type":"ImageObject","inLanguage":"fr-FR","@id":"https:\/\/secure.gravatar.com\/avatar\/06fdc0dc81c157dfdb82ec42f252178a22307808988d22c043f9eb96f1e0fe80?s=96&d=mm&r=g","url":"https:\/\/secure.gravatar.com\/avatar\/06fdc0dc81c157dfdb82ec42f252178a22307808988d22c043f9eb96f1e0fe80?s=96&d=mm&r=g","contentUrl":"https:\/\/secure.gravatar.com\/avatar\/06fdc0dc81c157dfdb82ec42f252178a22307808988d22c043f9eb96f1e0fe80?s=96&d=mm&r=g","caption":"mennworldcon"},"sameAs":["https:\/\/mwc-cmm.org"],"url":"https:\/\/mwc-cmm.org\/fr\/stories\/author\/mennworldcon\/"}]}},"_links":{"self":[{"href":"https:\/\/mwc-cmm.org\/fr\/wp-json\/wp\/v2\/posts\/9735","targetHints":{"allow":["GET"]}}],"collection":[{"href":"https:\/\/mwc-cmm.org\/fr\/wp-json\/wp\/v2\/posts"}],"about":[{"href":"https:\/\/mwc-cmm.org\/fr\/wp-json\/wp\/v2\/types\/post"}],"author":[{"embeddable":true,"href":"https:\/\/mwc-cmm.org\/fr\/wp-json\/wp\/v2\/users\/1"}],"replies":[{"embeddable":true,"href":"https:\/\/mwc-cmm.org\/fr\/wp-json\/wp\/v2\/comments?post=9735"}],"version-history":[{"count":0,"href":"https:\/\/mwc-cmm.org\/fr\/wp-json\/wp\/v2\/posts\/9735\/revisions"}],"wp:featuredmedia":[{"embeddable":true,"href":"https:\/\/mwc-cmm.org\/fr\/wp-json\/wp\/v2\/media\/87058"}],"wp:attachment":[{"href":"https:\/\/mwc-cmm.org\/fr\/wp-json\/wp\/v2\/media?parent=9735"}],"wp:term":[{"taxonomy":"category","embeddable":true,"href":"https:\/\/mwc-cmm.org\/fr\/wp-json\/wp\/v2\/categories?post=9735"},{"taxonomy":"post_tag","embeddable":true,"href":"https:\/\/mwc-cmm.org\/fr\/wp-json\/wp\/v2\/tags?post=9735"},{"taxonomy":"network","embeddable":true,"href":"https:\/\/mwc-cmm.org\/fr\/wp-json\/wp\/v2\/network?post=9735"},{"taxonomy":"eventcategory","embeddable":true,"href":"https:\/\/mwc-cmm.org\/fr\/wp-json\/wp\/v2\/eventcategory?post=9735"}],"curies":[{"name":"wp","href":"https:\/\/api.w.org\/{rel}","templated":true}]}}