{"id":9733,"date":"2015-08-18T00:00:00","date_gmt":"2015-08-18T00:00:00","guid":{"rendered":"https:\/\/mwc-cmm.org\/general-council-fosters-interdependence-in-global-communion-4\/"},"modified":"2024-12-10T17:13:41","modified_gmt":"2024-12-10T17:13:41","slug":"general-council-fosters-interdependence-in-global-communion-4","status":"publish","type":"post","link":"https:\/\/mwc-cmm.org\/fr\/stories\/general-council-fosters-interdependence-in-global-communion-4\/","title":{"rendered":"Le Conseil g\u00e9n\u00e9ral favorise l&rsquo;interd\u00e9pendance dans la communion mondiale"},"content":{"rendered":"<p>Harrisburg, Pennsylvanie \u2013 Pendant quatre jours de r\u00e9unions, juste avant le Rassemblement de la CMM (juillet 21-26), le Conseil g\u00e9n\u00e9ral a fait des pas de plus sur le chemin vers l&rsquo;interd\u00e9pendance dans la communion mondiale.<\/p>\n<p>\u00ab Alors que je travaillais \u00e0 l\u2019implantation d&rsquo;une nouvelle paroisse \u00e0 Bogota, \u00bb a comment\u00e9 C\u00e9sar Garc\u00eda, secr\u00e9taire g\u00e9n\u00e9ral de la CMM, \u00ab je r\u00eavais du jour o\u00f9 elle serait assez mature pour devenir ind\u00e9pendante, autonome et capable de se reproduire &#8230;. Un peu plus tard, j\u2019ai entendu que, outre ces trois caract\u00e9ristiques, une assembl\u00e9e arrive \u00e0 maturit\u00e9 quand elle est aussi en mesure de d\u00e9finir sa propre th\u00e9ologie \u00bb.<\/p>\n<p>\u00ab Cependant, il m&rsquo;a fallu de nombreuses ann\u00e9es pour d\u00e9couvrir ce qui est \u00e9vident dans le processus de d\u00e9veloppement de tout organisme vivant. On n\u2019atteint pas la vraie maturit\u00e9 quand on est ind\u00e9pendant dans tous les domaines de la vie, mais quand on est capable de donner et de recevoir, de partager avec les autres ce que l&rsquo;on a, et quand on peut appr\u00e9cier ce que les autres peuvent apporter&#8230; en d&rsquo;autres termes, lorsque l\u2019on est interd\u00e9pendant. \u00bb<\/p>\n<p>120 repr\u00e9sentants d&rsquo;\u00c9glises membres de la CMM du monde entier participaient \u00e0 la r\u00e9union du Conseil G\u00e9n\u00e9ral. Pendant la moiti\u00e9 du temps, les participants ont apport\u00e9 des t\u00e9moignages et ont r\u00e9fl\u00e9chi sur les th\u00e8mes de l&rsquo;unit\u00e9 et de la diversit\u00e9.<\/p>\n<p>Alfred Neufeld (Paraguay) a tir\u00e9 les le\u00e7ons de quatre domaines historiques de conflit : l&rsquo;\u00e9glise ethnique et l\u2019\u00e9glise missionnaire ; le militarisme; la g\u00e9n\u00e9ration \u00e9mergente et celle qui quitte [l\u2019\u00e9glise]; le renouveau pi\u00e9tiste et le lib\u00e9ralisme \u00e9clair\u00e9.<\/p>\n<p>Fernando Enns (Allemagne) a m\u00e9dit\u00e9 sur la diff\u00e9rence entre l&rsquo;unit\u00e9 \u2018\u00e0 bon march\u00e9\u2019 et l\u2019unit\u00e9 \u2018co\u00fbteuse\u2019. \u00ab Ce ne sont pas nous qui cr\u00e9ons l&rsquo;unit\u00e9, elle est cr\u00e9\u00e9e en entrant dans la relation d&rsquo;amour de Dieu. La difficult\u00e9 est de d\u00e9terminer les limites de la diversit\u00e9. La seule justification aux divisions, est lorsque la seigneurie du Christ est mise en question. \u00bb Il a exhort\u00e9 la tol\u00e9rance des diff\u00e9rences concernant la plupart des autres questions.<\/p>\n<p>Martin Junge, le secr\u00e9taire g\u00e9n\u00e9ral de la F\u00e9d\u00e9ration Luth\u00e9rienne Mondiale, a soulign\u00e9 que l&rsquo;\u00c9glise est toujours \u00e0 la fois locale et mondiale. \u00ab Mettre uniquement l\u2019accent sur le local (contextualit\u00e9) en ignorant le mondial (universalit\u00e9) conduit au provincialisme Et l\u2019accent sur le mondial sans l\u2019aspect local conduit \u00e0 l&rsquo;imp\u00e9rialisme. \u00bb a t-il d\u00e9clar\u00e9.<\/p>\n<p>Les membres du Conseil g\u00e9n\u00e9ral ont entendu des t\u00e9moignages d&rsquo;Ukraine, du Zimbabwe, du Panama, d&rsquo;Angola, du Venezuela, d&rsquo;Inde, de Cor\u00e9e du Sud et d&rsquo;autres pays. Le th\u00e8me constant \u00e9tait la gratitude pour les pri\u00e8res et les manifestations de solidarit\u00e9 des autres \u00e9glises membres de la CMM.<\/p>\n<p>Lors de ses s\u00e9ances de travail, le Conseil G\u00e9n\u00e9ral a cherch\u00e9 \u00e0 renforcer les structures qui permettent d\u2019avoir des relations mondiales.<\/p>\n<p>C\u00e9sar Garc\u00eda pense que la CMM \u00ab veut d\u00e9velopper une structure mondiale qui, comme le squelette d&rsquo;un organisme vivant, facilite la croissance et le d\u00e9veloppement de cet organisation interd\u00e9pendante que nous appelons la CMM, sans la noyer dans une institutionnalisation excessive&#8230; La structure que la CMM a d\u00e9velopp\u00e9 cherche \u00e0 \u00e9viter la tentation d&rsquo;\u00eatre rigide et exactement semblable dans chaque contexte local. Nous cherchons \u00e0 \u00eatre sensible \u00e0 la r\u00e9alit\u00e9 de nos paroisses dans chaque r\u00e9gion, nous adaptant aux diff\u00e9rentes r\u00e9alit\u00e9s auxquelles la communaut\u00e9 est confront\u00e9e. \u00bb<\/p>\n<p>Chacune des quatre commissions de la CMM \u2013 Foi et Vie, Mission, Paix, Diacres \u2013mises en place depuis seulement six ans, a fait un rapport sur sa vision et son travail : de nombreux engagements avec des fonds limit\u00e9s.<\/p>\n<p>Il a aussi \u00e9t\u00e9 mentionn\u00e9 que les relations entre les \u00e9glises membres ont \u00e9t\u00e9 am\u00e9lior\u00e9es par le travail des repr\u00e9sentants r\u00e9gionaux sur chaque continent. En fonction de la disponibilit\u00e9 financi\u00e8re, des repr\u00e9sentants r\u00e9gionaux suppl\u00e9mentaires seront nomm\u00e9es en Afrique et en Am\u00e9rique latine.<\/p>\n<p>Pour financer le travail de la CMM, il est demand\u00e9 \u00e0 chaque \u00e9glise membre de verser sa \u2018part \u00e9quitable\u2019 bas\u00e9e sur la parit\u00e9 du pouvoir d&rsquo;achat dans chaque pays. Toutes les contributions des individus et des paroisses des \u00e9glises membres de la CMM entrent dans la part \u00e9quitable.<\/p>\n<p>Lors d\u2019une soir\u00e9e, le Conseil G\u00e9n\u00e9ral a exprim\u00e9 son appr\u00e9ciation envers Danisa Ndlovu (Zimbabwe), qui termine son mandat de six ans comme pr\u00e9sident de la CMM. Le nouveau pr\u00e9sident, Nelson Kraybill (\u00c9tats-Unis) a commenc\u00e9 son mandat imm\u00e9diatement apr\u00e8s le Rassemblement. Le Conseil G\u00e9n\u00e9ral a \u00e9galement \u00e9lu Rebecca Osiro (Kenya) vice-pr\u00e9sidente de la CMM, qui succ\u00e8de \u00e0 Janet Plenert (Canada).<\/p>\n<p>Ron Rempel, Communiqu\u00e9 de presse<\/p><\/p>\n","protected":false},"excerpt":{"rendered":"<p>NULL<\/p>\n","protected":false},"author":1,"featured_media":87030,"comment_status":"closed","ping_status":"closed","sticky":false,"template":"","format":"standard","meta":{"_acf_changed":false,"footnotes":""},"categories":[7],"tags":[746],"network":[],"eventcategory":[],"class_list":["post-9733","post","type-post","status-publish","format-standard","has-post-thumbnail","hentry","category-non-classifiee","tag-conseil-general"],"acf":[],"yoast_head":"<!-- This site is optimized with the Yoast SEO plugin v27.2 - https:\/\/yoast.com\/product\/yoast-seo-wordpress\/ -->\n<title>Le Conseil g\u00e9n\u00e9ral favorise l&#039;interd\u00e9pendance dans la communion mondiale - Mennonite World Conference<\/title>\n<meta name=\"robots\" content=\"index, follow, max-snippet:-1, max-image-preview:large, max-video-preview:-1\" \/>\n<link rel=\"canonical\" href=\"https:\/\/mwc-cmm.org\/en\/stories\/general-council-fosters-interdependence-global-communion\/\" \/>\n<meta property=\"og:locale\" content=\"fr_FR\" \/>\n<meta property=\"og:type\" content=\"article\" \/>\n<meta property=\"og:title\" content=\"Le Conseil g\u00e9n\u00e9ral favorise l&#039;interd\u00e9pendance dans la communion mondiale - Mennonite World Conference\" \/>\n<meta property=\"og:description\" content=\"NULL\" \/>\n<meta property=\"og:url\" content=\"https:\/\/mwc-cmm.org\/en\/stories\/general-council-fosters-interdependence-global-communion\/\" \/>\n<meta property=\"og:site_name\" content=\"Mennonite World Conference\" \/>\n<meta property=\"article:publisher\" content=\"https:\/\/www.facebook.com\/MennoniteWorldConference\" \/>\n<meta property=\"article:published_time\" content=\"2015-08-18T00:00:00+00:00\" \/>\n<meta property=\"article:modified_time\" content=\"2024-12-10T17:13:41+00:00\" \/>\n<meta property=\"og:image\" content=\"https:\/\/mwc-cmm.org\/wp-content\/uploads\/2024\/11\/mwc_executive_committee_2015-web_edit.jpg\" \/>\n\t<meta property=\"og:image:width\" content=\"800\" \/>\n\t<meta property=\"og:image:height\" content=\"536\" \/>\n\t<meta property=\"og:image:type\" content=\"image\/jpeg\" \/>\n<meta name=\"author\" content=\"mennworldcon\" \/>\n<script type=\"application\/ld+json\" class=\"yoast-schema-graph\">{\"@context\":\"https:\/\/schema.org\",\"@graph\":[{\"@type\":\"Article\",\"@id\":\"https:\/\/mwc-cmm.org\/en\/stories\/general-council-fosters-interdependence-global-communion\/#article\",\"isPartOf\":{\"@id\":\"https:\/\/mwc-cmm.org\/en\/stories\/general-council-fosters-interdependence-global-communion\/\"},\"author\":{\"name\":\"mennworldcon\",\"@id\":\"https:\/\/mwc-cmm.org\/en\/#\/schema\/person\/11f6ae0d7d1868ba20a1cc27f067c836\"},\"headline\":\"Le Conseil g\u00e9n\u00e9ral favorise l&rsquo;interd\u00e9pendance dans la communion mondiale\",\"datePublished\":\"2015-08-18T00:00:00+00:00\",\"dateModified\":\"2024-12-10T17:13:41+00:00\",\"mainEntityOfPage\":{\"@id\":\"https:\/\/mwc-cmm.org\/en\/stories\/general-council-fosters-interdependence-global-communion\/\"},\"wordCount\":843,\"publisher\":{\"@id\":\"https:\/\/mwc-cmm.org\/en\/#organization\"},\"image\":{\"@id\":\"https:\/\/mwc-cmm.org\/en\/stories\/general-council-fosters-interdependence-global-communion\/#primaryimage\"},\"thumbnailUrl\":\"https:\/\/mwc-cmm.org\/wp-content\/uploads\/2024\/11\/mwc_executive_committee_2015-web_edit.jpg\",\"keywords\":[\"Conseil G\u00e9n\u00e9ral\"],\"articleSection\":[\"Non classifi\u00e9(e)\"],\"inLanguage\":\"fr-FR\"},{\"@type\":\"WebPage\",\"@id\":\"https:\/\/mwc-cmm.org\/en\/stories\/general-council-fosters-interdependence-global-communion\/\",\"url\":\"https:\/\/mwc-cmm.org\/en\/stories\/general-council-fosters-interdependence-global-communion\/\",\"name\":\"Le Conseil g\u00e9n\u00e9ral favorise l'interd\u00e9pendance dans la communion mondiale - Mennonite World Conference\",\"isPartOf\":{\"@id\":\"https:\/\/mwc-cmm.org\/en\/#website\"},\"primaryImageOfPage\":{\"@id\":\"https:\/\/mwc-cmm.org\/en\/stories\/general-council-fosters-interdependence-global-communion\/#primaryimage\"},\"image\":{\"@id\":\"https:\/\/mwc-cmm.org\/en\/stories\/general-council-fosters-interdependence-global-communion\/#primaryimage\"},\"thumbnailUrl\":\"https:\/\/mwc-cmm.org\/wp-content\/uploads\/2024\/11\/mwc_executive_committee_2015-web_edit.jpg\",\"datePublished\":\"2015-08-18T00:00:00+00:00\",\"dateModified\":\"2024-12-10T17:13:41+00:00\",\"breadcrumb\":{\"@id\":\"https:\/\/mwc-cmm.org\/en\/stories\/general-council-fosters-interdependence-global-communion\/#breadcrumb\"},\"inLanguage\":\"fr-FR\",\"potentialAction\":[{\"@type\":\"ReadAction\",\"target\":[\"https:\/\/mwc-cmm.org\/en\/stories\/general-council-fosters-interdependence-global-communion\/\"]}]},{\"@type\":\"ImageObject\",\"inLanguage\":\"fr-FR\",\"@id\":\"https:\/\/mwc-cmm.org\/en\/stories\/general-council-fosters-interdependence-global-communion\/#primaryimage\",\"url\":\"https:\/\/mwc-cmm.org\/wp-content\/uploads\/2024\/11\/mwc_executive_committee_2015-web_edit.jpg\",\"contentUrl\":\"https:\/\/mwc-cmm.org\/wp-content\/uploads\/2024\/11\/mwc_executive_committee_2015-web_edit.jpg\",\"width\":800,\"height\":536},{\"@type\":\"BreadcrumbList\",\"@id\":\"https:\/\/mwc-cmm.org\/en\/stories\/general-council-fosters-interdependence-global-communion\/#breadcrumb\",\"itemListElement\":[{\"@type\":\"ListItem\",\"position\":1,\"name\":\"Home\",\"item\":\"https:\/\/mwc-cmm.org\/fr\/\"},{\"@type\":\"ListItem\",\"position\":2,\"name\":\"Le Conseil g\u00e9n\u00e9ral favorise l&#8217;interd\u00e9pendance dans la communion mondiale\"}]},{\"@type\":\"WebSite\",\"@id\":\"https:\/\/mwc-cmm.org\/en\/#website\",\"url\":\"https:\/\/mwc-cmm.org\/en\/\",\"name\":\"Mennonite World Conference\",\"description\":\"A communion of Anabaptist-related churches\",\"publisher\":{\"@id\":\"https:\/\/mwc-cmm.org\/en\/#organization\"},\"alternateName\":\"MWC\",\"potentialAction\":[{\"@type\":\"SearchAction\",\"target\":{\"@type\":\"EntryPoint\",\"urlTemplate\":\"https:\/\/mwc-cmm.org\/en\/?s={search_term_string}\"},\"query-input\":{\"@type\":\"PropertyValueSpecification\",\"valueRequired\":true,\"valueName\":\"search_term_string\"}}],\"inLanguage\":\"fr-FR\"},{\"@type\":\"Organization\",\"@id\":\"https:\/\/mwc-cmm.org\/en\/#organization\",\"name\":\"Mennonite World Conference\",\"alternateName\":\"MWC\",\"url\":\"https:\/\/mwc-cmm.org\/en\/\",\"logo\":{\"@type\":\"ImageObject\",\"inLanguage\":\"fr-FR\",\"@id\":\"https:\/\/mwc-cmm.org\/en\/#\/schema\/logo\/image\/\",\"url\":\"https:\/\/mwc-cmm.org\/wp-content\/uploads\/2026\/01\/MWC_Sig_Blue_Horiz_webheader1-logo.svg\",\"contentUrl\":\"https:\/\/mwc-cmm.org\/wp-content\/uploads\/2026\/01\/MWC_Sig_Blue_Horiz_webheader1-logo.svg\",\"width\":786,\"height\":82,\"caption\":\"Mennonite World Conference\"},\"image\":{\"@id\":\"https:\/\/mwc-cmm.org\/en\/#\/schema\/logo\/image\/\"},\"sameAs\":[\"https:\/\/www.facebook.com\/MennoniteWorldConference\",\"https:\/\/www.linkedin.com\/company\/mennonite-world-conference-mwc\/\",\"https:\/\/www.instagram.com\/mwcmm\/\",\"https:\/\/www.youtube.com\/user\/mwccmm\",\"https:\/\/bsky.app\/profile\/mwcmm.bsky.social\"]},{\"@type\":\"Person\",\"@id\":\"https:\/\/mwc-cmm.org\/en\/#\/schema\/person\/11f6ae0d7d1868ba20a1cc27f067c836\",\"name\":\"mennworldcon\",\"image\":{\"@type\":\"ImageObject\",\"inLanguage\":\"fr-FR\",\"@id\":\"https:\/\/secure.gravatar.com\/avatar\/06fdc0dc81c157dfdb82ec42f252178a22307808988d22c043f9eb96f1e0fe80?s=96&d=mm&r=g\",\"url\":\"https:\/\/secure.gravatar.com\/avatar\/06fdc0dc81c157dfdb82ec42f252178a22307808988d22c043f9eb96f1e0fe80?s=96&d=mm&r=g\",\"contentUrl\":\"https:\/\/secure.gravatar.com\/avatar\/06fdc0dc81c157dfdb82ec42f252178a22307808988d22c043f9eb96f1e0fe80?s=96&d=mm&r=g\",\"caption\":\"mennworldcon\"},\"sameAs\":[\"https:\/\/mwc-cmm.org\"],\"url\":\"https:\/\/mwc-cmm.org\/fr\/stories\/author\/mennworldcon\/\"}]}<\/script>\n<!-- \/ Yoast SEO plugin. -->","yoast_head_json":{"title":"Le Conseil g\u00e9n\u00e9ral favorise l'interd\u00e9pendance dans la communion mondiale - Mennonite World Conference","robots":{"index":"index","follow":"follow","max-snippet":"max-snippet:-1","max-image-preview":"max-image-preview:large","max-video-preview":"max-video-preview:-1"},"canonical":"https:\/\/mwc-cmm.org\/en\/stories\/general-council-fosters-interdependence-global-communion\/","og_locale":"fr_FR","og_type":"article","og_title":"Le Conseil g\u00e9n\u00e9ral favorise l'interd\u00e9pendance dans la communion mondiale - Mennonite World Conference","og_description":"NULL","og_url":"https:\/\/mwc-cmm.org\/en\/stories\/general-council-fosters-interdependence-global-communion\/","og_site_name":"Mennonite World Conference","article_publisher":"https:\/\/www.facebook.com\/MennoniteWorldConference","article_published_time":"2015-08-18T00:00:00+00:00","article_modified_time":"2024-12-10T17:13:41+00:00","og_image":[{"width":800,"height":536,"url":"https:\/\/mwc-cmm.org\/wp-content\/uploads\/2024\/11\/mwc_executive_committee_2015-web_edit.jpg","type":"image\/jpeg"}],"author":"mennworldcon","schema":{"@context":"https:\/\/schema.org","@graph":[{"@type":"Article","@id":"https:\/\/mwc-cmm.org\/en\/stories\/general-council-fosters-interdependence-global-communion\/#article","isPartOf":{"@id":"https:\/\/mwc-cmm.org\/en\/stories\/general-council-fosters-interdependence-global-communion\/"},"author":{"name":"mennworldcon","@id":"https:\/\/mwc-cmm.org\/en\/#\/schema\/person\/11f6ae0d7d1868ba20a1cc27f067c836"},"headline":"Le Conseil g\u00e9n\u00e9ral favorise l&rsquo;interd\u00e9pendance dans la communion mondiale","datePublished":"2015-08-18T00:00:00+00:00","dateModified":"2024-12-10T17:13:41+00:00","mainEntityOfPage":{"@id":"https:\/\/mwc-cmm.org\/en\/stories\/general-council-fosters-interdependence-global-communion\/"},"wordCount":843,"publisher":{"@id":"https:\/\/mwc-cmm.org\/en\/#organization"},"image":{"@id":"https:\/\/mwc-cmm.org\/en\/stories\/general-council-fosters-interdependence-global-communion\/#primaryimage"},"thumbnailUrl":"https:\/\/mwc-cmm.org\/wp-content\/uploads\/2024\/11\/mwc_executive_committee_2015-web_edit.jpg","keywords":["Conseil G\u00e9n\u00e9ral"],"articleSection":["Non classifi\u00e9(e)"],"inLanguage":"fr-FR"},{"@type":"WebPage","@id":"https:\/\/mwc-cmm.org\/en\/stories\/general-council-fosters-interdependence-global-communion\/","url":"https:\/\/mwc-cmm.org\/en\/stories\/general-council-fosters-interdependence-global-communion\/","name":"Le Conseil g\u00e9n\u00e9ral favorise l'interd\u00e9pendance dans la communion mondiale - Mennonite World Conference","isPartOf":{"@id":"https:\/\/mwc-cmm.org\/en\/#website"},"primaryImageOfPage":{"@id":"https:\/\/mwc-cmm.org\/en\/stories\/general-council-fosters-interdependence-global-communion\/#primaryimage"},"image":{"@id":"https:\/\/mwc-cmm.org\/en\/stories\/general-council-fosters-interdependence-global-communion\/#primaryimage"},"thumbnailUrl":"https:\/\/mwc-cmm.org\/wp-content\/uploads\/2024\/11\/mwc_executive_committee_2015-web_edit.jpg","datePublished":"2015-08-18T00:00:00+00:00","dateModified":"2024-12-10T17:13:41+00:00","breadcrumb":{"@id":"https:\/\/mwc-cmm.org\/en\/stories\/general-council-fosters-interdependence-global-communion\/#breadcrumb"},"inLanguage":"fr-FR","potentialAction":[{"@type":"ReadAction","target":["https:\/\/mwc-cmm.org\/en\/stories\/general-council-fosters-interdependence-global-communion\/"]}]},{"@type":"ImageObject","inLanguage":"fr-FR","@id":"https:\/\/mwc-cmm.org\/en\/stories\/general-council-fosters-interdependence-global-communion\/#primaryimage","url":"https:\/\/mwc-cmm.org\/wp-content\/uploads\/2024\/11\/mwc_executive_committee_2015-web_edit.jpg","contentUrl":"https:\/\/mwc-cmm.org\/wp-content\/uploads\/2024\/11\/mwc_executive_committee_2015-web_edit.jpg","width":800,"height":536},{"@type":"BreadcrumbList","@id":"https:\/\/mwc-cmm.org\/en\/stories\/general-council-fosters-interdependence-global-communion\/#breadcrumb","itemListElement":[{"@type":"ListItem","position":1,"name":"Home","item":"https:\/\/mwc-cmm.org\/fr\/"},{"@type":"ListItem","position":2,"name":"Le Conseil g\u00e9n\u00e9ral favorise l&#8217;interd\u00e9pendance dans la communion mondiale"}]},{"@type":"WebSite","@id":"https:\/\/mwc-cmm.org\/en\/#website","url":"https:\/\/mwc-cmm.org\/en\/","name":"Mennonite World Conference","description":"A communion of Anabaptist-related churches","publisher":{"@id":"https:\/\/mwc-cmm.org\/en\/#organization"},"alternateName":"MWC","potentialAction":[{"@type":"SearchAction","target":{"@type":"EntryPoint","urlTemplate":"https:\/\/mwc-cmm.org\/en\/?s={search_term_string}"},"query-input":{"@type":"PropertyValueSpecification","valueRequired":true,"valueName":"search_term_string"}}],"inLanguage":"fr-FR"},{"@type":"Organization","@id":"https:\/\/mwc-cmm.org\/en\/#organization","name":"Mennonite World Conference","alternateName":"MWC","url":"https:\/\/mwc-cmm.org\/en\/","logo":{"@type":"ImageObject","inLanguage":"fr-FR","@id":"https:\/\/mwc-cmm.org\/en\/#\/schema\/logo\/image\/","url":"https:\/\/mwc-cmm.org\/wp-content\/uploads\/2026\/01\/MWC_Sig_Blue_Horiz_webheader1-logo.svg","contentUrl":"https:\/\/mwc-cmm.org\/wp-content\/uploads\/2026\/01\/MWC_Sig_Blue_Horiz_webheader1-logo.svg","width":786,"height":82,"caption":"Mennonite World Conference"},"image":{"@id":"https:\/\/mwc-cmm.org\/en\/#\/schema\/logo\/image\/"},"sameAs":["https:\/\/www.facebook.com\/MennoniteWorldConference","https:\/\/www.linkedin.com\/company\/mennonite-world-conference-mwc\/","https:\/\/www.instagram.com\/mwcmm\/","https:\/\/www.youtube.com\/user\/mwccmm","https:\/\/bsky.app\/profile\/mwcmm.bsky.social"]},{"@type":"Person","@id":"https:\/\/mwc-cmm.org\/en\/#\/schema\/person\/11f6ae0d7d1868ba20a1cc27f067c836","name":"mennworldcon","image":{"@type":"ImageObject","inLanguage":"fr-FR","@id":"https:\/\/secure.gravatar.com\/avatar\/06fdc0dc81c157dfdb82ec42f252178a22307808988d22c043f9eb96f1e0fe80?s=96&d=mm&r=g","url":"https:\/\/secure.gravatar.com\/avatar\/06fdc0dc81c157dfdb82ec42f252178a22307808988d22c043f9eb96f1e0fe80?s=96&d=mm&r=g","contentUrl":"https:\/\/secure.gravatar.com\/avatar\/06fdc0dc81c157dfdb82ec42f252178a22307808988d22c043f9eb96f1e0fe80?s=96&d=mm&r=g","caption":"mennworldcon"},"sameAs":["https:\/\/mwc-cmm.org"],"url":"https:\/\/mwc-cmm.org\/fr\/stories\/author\/mennworldcon\/"}]}},"_links":{"self":[{"href":"https:\/\/mwc-cmm.org\/fr\/wp-json\/wp\/v2\/posts\/9733","targetHints":{"allow":["GET"]}}],"collection":[{"href":"https:\/\/mwc-cmm.org\/fr\/wp-json\/wp\/v2\/posts"}],"about":[{"href":"https:\/\/mwc-cmm.org\/fr\/wp-json\/wp\/v2\/types\/post"}],"author":[{"embeddable":true,"href":"https:\/\/mwc-cmm.org\/fr\/wp-json\/wp\/v2\/users\/1"}],"replies":[{"embeddable":true,"href":"https:\/\/mwc-cmm.org\/fr\/wp-json\/wp\/v2\/comments?post=9733"}],"version-history":[{"count":0,"href":"https:\/\/mwc-cmm.org\/fr\/wp-json\/wp\/v2\/posts\/9733\/revisions"}],"wp:featuredmedia":[{"embeddable":true,"href":"https:\/\/mwc-cmm.org\/fr\/wp-json\/wp\/v2\/media\/87030"}],"wp:attachment":[{"href":"https:\/\/mwc-cmm.org\/fr\/wp-json\/wp\/v2\/media?parent=9733"}],"wp:term":[{"taxonomy":"category","embeddable":true,"href":"https:\/\/mwc-cmm.org\/fr\/wp-json\/wp\/v2\/categories?post=9733"},{"taxonomy":"post_tag","embeddable":true,"href":"https:\/\/mwc-cmm.org\/fr\/wp-json\/wp\/v2\/tags?post=9733"},{"taxonomy":"network","embeddable":true,"href":"https:\/\/mwc-cmm.org\/fr\/wp-json\/wp\/v2\/network?post=9733"},{"taxonomy":"eventcategory","embeddable":true,"href":"https:\/\/mwc-cmm.org\/fr\/wp-json\/wp\/v2\/eventcategory?post=9733"}],"curies":[{"name":"wp","href":"https:\/\/api.w.org\/{rel}","templated":true}]}}