{"id":9731,"date":"2015-08-25T00:00:00","date_gmt":"2015-08-25T00:00:00","guid":{"rendered":"https:\/\/mwc-cmm.org\/leadership-changes-announced-for-three-mwc-commissions-4\/"},"modified":"2024-12-10T17:13:40","modified_gmt":"2024-12-10T17:13:40","slug":"leadership-changes-announced-for-three-mwc-commissions-4","status":"publish","type":"post","link":"https:\/\/mwc-cmm.org\/fr\/stories\/leadership-changes-announced-for-three-mwc-commissions-4\/","title":{"rendered":"Changements \u00e0 la direction de trois commissions de la CMM"},"content":{"rendered":"<p>Bogot\u00e1, Colombie \u2013 Durant les r\u00e9unions qui ont pr\u00e9c\u00e9d\u00e9 le Rassemblement du 21 au 26 juillet, la Conf\u00e9rence Mennonite Mondiale a annonc\u00e9 les changements apport\u00e9s \u00e0 la direction de trois de ses commissions.<\/p>\n<p>\u00ab Les transitions sont une partie tr\u00e8s importante du fonctionnement des organismes vivants \u00bb commente C\u00e9sar Garc\u00eda, le secr\u00e9taire g\u00e9n\u00e9ral de la CMM. \u00ab Notre corps humain, par exemple, doit renouveler ses cellules pour rester en sant\u00e9. De la m\u00eame mani\u00e8re, la constitution de la CMM a \u00e9tabli des modalit\u00e9s pour certains postes de leadership afin de garder le corps de l\u2019\u00c9glise mondiale en sant\u00e9 et le renouveler avec un nouveau leadership et une nouvelle vision. C\u2019est une b\u00e9n\u00e9diction quand des dirigeants remplissent une fonction de service et qu\u2019ils sont pr\u00eats \u00e0 passer \u00e0 de nouveaux postes de service. \u00bb<\/p>\n<p>Joji Pantoja a \u00e9t\u00e9 nomm\u00e9e pr\u00e9sidente de la Commission Paix. Joji et son \u00e9poux Dann, originaires du Canada, sont des missionnaires aux Philippines o\u00f9 ils travaillent \u00e0 des projets de paix. \u00ca la pr\u00e9sidence, elle succ\u00e8de \u00e0 Paulus Widjaja de l\u2019Indon\u00e9sie.<\/p>\n<p>Andrew Suderman a \u00e9t\u00e9 nomm\u00e9 secr\u00e9taire de la Commission Paix. Andrew et son \u00e9pouse Karen, originaires du Canada, dirigent un r\u00e9seau anabaptiste et un centre de ressources en Afrique du Sud. Comme secr\u00e9taire de la Commission, il succ\u00e8de \u00e0 Robert J. Suderman. <\/p>\n<p>Stanley Green, des \u00c9tats-Unis, a \u00e9t\u00e9 nomm\u00e9 pr\u00e9sident de la Commission Mission. Stanley Green est le directeur g\u00e9n\u00e9ral de <em>Mennonite Mission Network<\/em>, l\u2019agence missionnaire de <em>Mennonite Church<\/em> \u00c9tats-Unis. \u00ca la pr\u00e9sidence, il succ\u00e8de \u00e0 Richard Showalter des \u00c9tats-Unis.<\/p>\n<p>Siaka Traor\u00e9, du Burkina Faso, a \u00e9t\u00e9 nomm\u00e9 pr\u00e9sident de la Commission Diacres. Siaka Traor\u00e9 est le pr\u00e9sident de l\u2019\u00c9glise \u00e9vang\u00e9lique mennonite du Burkina Faso. \u00ca la pr\u00e9sidence, il succ\u00e8de \u00e0 Cynthia Peacock de l\u2019Inde. Henk Stenvers, des Pays-Bas, continue comme secr\u00e9taire de la commission.<\/p>\n<p>Alfred Neufeld, du Paraguay, continue comme pr\u00e9sident de la Commission Foi et Vie, et John Roth, des \u00c9tats-Unis, comme secr\u00e9taire.<\/p>\n<p>\u00ab Je d\u00e9sire exprimer ma gratitude pour les ann\u00e9es de service o\u00f9 Paulus, Richard et Cynthia ont servi b\u00e9n\u00e9volement \u00e0 titre de pr\u00e9sidents de commission et pour l\u2019excellent travail que Robert a accompli en tant que secr\u00e9taire de la Commission Paix \u00bb, dit C\u00e9sar Garc\u00eda. \u00ab Ces leaders ont contribu\u00e9 \u00e0 la bonne sant\u00e9 du corps de la CMM. Ils l\u2019ont fait durant leurs ann\u00e9es de service et durant cette p\u00e9riode de transition. Je prie pour que les nouveaux leaders de nos commissions soient encourag\u00e9s et inspir\u00e9s par leurs pr\u00e9d\u00e9cesseurs au cours de leur minist\u00e8re mondial. \u00bb<\/p>\n<p><em>Communiqu\u00e9 de la Conf\u00e9rence Mennonite Mondiale<\/em><\/p>\n<p>Photos : <a href=\"\/sites\/default\/files\/website_files\/stanley_green.jpg\">Stanley Green<\/a>, <a href=\"\/sites\/default\/files\/website_files\/joji_pantoga.jpg\">Joji Pantoja<\/a>, <a href=\"\/sites\/default\/files\/website_files\/andrew_suderman.jpg\">Andrew Suderman<\/a>, <a href=\"\/sites\/default\/files\/website_files\/siaka_traore2.jpg\">Siaka Traor\u00e9<\/a><\/p>\n","protected":false},"excerpt":{"rendered":"<p>NULL<\/p>\n","protected":false},"author":1,"featured_media":87002,"comment_status":"closed","ping_status":"closed","sticky":false,"template":"","format":"standard","meta":{"_acf_changed":false,"footnotes":""},"categories":[7],"tags":[],"network":[],"eventcategory":[],"class_list":["post-9731","post","type-post","status-publish","format-standard","has-post-thumbnail","hentry","category-non-classifiee"],"acf":[],"yoast_head":"<!-- This site is optimized with the Yoast SEO plugin v27.2 - https:\/\/yoast.com\/product\/yoast-seo-wordpress\/ -->\n<title>Changements \u00e0 la direction de trois commissions de la CMM - Mennonite World Conference<\/title>\n<meta name=\"robots\" content=\"index, follow, max-snippet:-1, max-image-preview:large, max-video-preview:-1\" \/>\n<link rel=\"canonical\" href=\"https:\/\/mwc-cmm.org\/en\/stories\/leadership-changes-announced-three-mwc-commissions\/\" \/>\n<meta property=\"og:locale\" content=\"fr_FR\" \/>\n<meta property=\"og:type\" content=\"article\" \/>\n<meta property=\"og:title\" content=\"Changements \u00e0 la direction de trois commissions de la CMM - Mennonite World Conference\" \/>\n<meta property=\"og:description\" content=\"NULL\" \/>\n<meta property=\"og:url\" content=\"https:\/\/mwc-cmm.org\/en\/stories\/leadership-changes-announced-three-mwc-commissions\/\" \/>\n<meta property=\"og:site_name\" content=\"Mennonite World Conference\" \/>\n<meta property=\"article:publisher\" content=\"https:\/\/www.facebook.com\/MennoniteWorldConference\" \/>\n<meta property=\"article:published_time\" content=\"2015-08-25T00:00:00+00:00\" \/>\n<meta property=\"article:modified_time\" content=\"2024-12-10T17:13:40+00:00\" \/>\n<meta property=\"og:image\" content=\"https:\/\/mwc-cmm.org\/wp-content\/uploads\/2024\/11\/commission_changes_2015_opt-new_edit.jpg\" \/>\n\t<meta property=\"og:image:width\" content=\"850\" \/>\n\t<meta property=\"og:image:height\" content=\"311\" \/>\n\t<meta property=\"og:image:type\" content=\"image\/jpeg\" \/>\n<meta name=\"author\" content=\"mennworldcon\" \/>\n<script type=\"application\/ld+json\" class=\"yoast-schema-graph\">{\"@context\":\"https:\/\/schema.org\",\"@graph\":[{\"@type\":\"Article\",\"@id\":\"https:\/\/mwc-cmm.org\/en\/stories\/leadership-changes-announced-three-mwc-commissions\/#article\",\"isPartOf\":{\"@id\":\"https:\/\/mwc-cmm.org\/en\/stories\/leadership-changes-announced-three-mwc-commissions\/\"},\"author\":{\"name\":\"mennworldcon\",\"@id\":\"https:\/\/mwc-cmm.org\/en\/#\/schema\/person\/11f6ae0d7d1868ba20a1cc27f067c836\"},\"headline\":\"Changements \u00e0 la direction de trois commissions de la CMM\",\"datePublished\":\"2015-08-25T00:00:00+00:00\",\"dateModified\":\"2024-12-10T17:13:40+00:00\",\"mainEntityOfPage\":{\"@id\":\"https:\/\/mwc-cmm.org\/en\/stories\/leadership-changes-announced-three-mwc-commissions\/\"},\"wordCount\":480,\"publisher\":{\"@id\":\"https:\/\/mwc-cmm.org\/en\/#organization\"},\"image\":{\"@id\":\"https:\/\/mwc-cmm.org\/en\/stories\/leadership-changes-announced-three-mwc-commissions\/#primaryimage\"},\"thumbnailUrl\":\"https:\/\/mwc-cmm.org\/wp-content\/uploads\/2024\/11\/commission_changes_2015_opt-new_edit.jpg\",\"articleSection\":[\"Non classifi\u00e9(e)\"],\"inLanguage\":\"fr-FR\"},{\"@type\":\"WebPage\",\"@id\":\"https:\/\/mwc-cmm.org\/en\/stories\/leadership-changes-announced-three-mwc-commissions\/\",\"url\":\"https:\/\/mwc-cmm.org\/en\/stories\/leadership-changes-announced-three-mwc-commissions\/\",\"name\":\"Changements \u00e0 la direction de trois commissions de la CMM - Mennonite World Conference\",\"isPartOf\":{\"@id\":\"https:\/\/mwc-cmm.org\/en\/#website\"},\"primaryImageOfPage\":{\"@id\":\"https:\/\/mwc-cmm.org\/en\/stories\/leadership-changes-announced-three-mwc-commissions\/#primaryimage\"},\"image\":{\"@id\":\"https:\/\/mwc-cmm.org\/en\/stories\/leadership-changes-announced-three-mwc-commissions\/#primaryimage\"},\"thumbnailUrl\":\"https:\/\/mwc-cmm.org\/wp-content\/uploads\/2024\/11\/commission_changes_2015_opt-new_edit.jpg\",\"datePublished\":\"2015-08-25T00:00:00+00:00\",\"dateModified\":\"2024-12-10T17:13:40+00:00\",\"breadcrumb\":{\"@id\":\"https:\/\/mwc-cmm.org\/en\/stories\/leadership-changes-announced-three-mwc-commissions\/#breadcrumb\"},\"inLanguage\":\"fr-FR\",\"potentialAction\":[{\"@type\":\"ReadAction\",\"target\":[\"https:\/\/mwc-cmm.org\/en\/stories\/leadership-changes-announced-three-mwc-commissions\/\"]}]},{\"@type\":\"ImageObject\",\"inLanguage\":\"fr-FR\",\"@id\":\"https:\/\/mwc-cmm.org\/en\/stories\/leadership-changes-announced-three-mwc-commissions\/#primaryimage\",\"url\":\"https:\/\/mwc-cmm.org\/wp-content\/uploads\/2024\/11\/commission_changes_2015_opt-new_edit.jpg\",\"contentUrl\":\"https:\/\/mwc-cmm.org\/wp-content\/uploads\/2024\/11\/commission_changes_2015_opt-new_edit.jpg\",\"width\":850,\"height\":311},{\"@type\":\"BreadcrumbList\",\"@id\":\"https:\/\/mwc-cmm.org\/en\/stories\/leadership-changes-announced-three-mwc-commissions\/#breadcrumb\",\"itemListElement\":[{\"@type\":\"ListItem\",\"position\":1,\"name\":\"Home\",\"item\":\"https:\/\/mwc-cmm.org\/fr\/\"},{\"@type\":\"ListItem\",\"position\":2,\"name\":\"Changements \u00e0 la direction de trois commissions de la CMM\"}]},{\"@type\":\"WebSite\",\"@id\":\"https:\/\/mwc-cmm.org\/en\/#website\",\"url\":\"https:\/\/mwc-cmm.org\/en\/\",\"name\":\"Mennonite World Conference\",\"description\":\"A communion of Anabaptist-related churches\",\"publisher\":{\"@id\":\"https:\/\/mwc-cmm.org\/en\/#organization\"},\"alternateName\":\"MWC\",\"potentialAction\":[{\"@type\":\"SearchAction\",\"target\":{\"@type\":\"EntryPoint\",\"urlTemplate\":\"https:\/\/mwc-cmm.org\/en\/?s={search_term_string}\"},\"query-input\":{\"@type\":\"PropertyValueSpecification\",\"valueRequired\":true,\"valueName\":\"search_term_string\"}}],\"inLanguage\":\"fr-FR\"},{\"@type\":\"Organization\",\"@id\":\"https:\/\/mwc-cmm.org\/en\/#organization\",\"name\":\"Mennonite World Conference\",\"alternateName\":\"MWC\",\"url\":\"https:\/\/mwc-cmm.org\/en\/\",\"logo\":{\"@type\":\"ImageObject\",\"inLanguage\":\"fr-FR\",\"@id\":\"https:\/\/mwc-cmm.org\/en\/#\/schema\/logo\/image\/\",\"url\":\"https:\/\/mwc-cmm.org\/wp-content\/uploads\/2026\/01\/MWC_Sig_Blue_Horiz_webheader1-logo.svg\",\"contentUrl\":\"https:\/\/mwc-cmm.org\/wp-content\/uploads\/2026\/01\/MWC_Sig_Blue_Horiz_webheader1-logo.svg\",\"width\":786,\"height\":82,\"caption\":\"Mennonite World Conference\"},\"image\":{\"@id\":\"https:\/\/mwc-cmm.org\/en\/#\/schema\/logo\/image\/\"},\"sameAs\":[\"https:\/\/www.facebook.com\/MennoniteWorldConference\",\"https:\/\/www.linkedin.com\/company\/mennonite-world-conference-mwc\/\",\"https:\/\/www.instagram.com\/mwcmm\/\",\"https:\/\/www.youtube.com\/user\/mwccmm\",\"https:\/\/bsky.app\/profile\/mwcmm.bsky.social\"]},{\"@type\":\"Person\",\"@id\":\"https:\/\/mwc-cmm.org\/en\/#\/schema\/person\/11f6ae0d7d1868ba20a1cc27f067c836\",\"name\":\"mennworldcon\",\"image\":{\"@type\":\"ImageObject\",\"inLanguage\":\"fr-FR\",\"@id\":\"https:\/\/secure.gravatar.com\/avatar\/06fdc0dc81c157dfdb82ec42f252178a22307808988d22c043f9eb96f1e0fe80?s=96&d=mm&r=g\",\"url\":\"https:\/\/secure.gravatar.com\/avatar\/06fdc0dc81c157dfdb82ec42f252178a22307808988d22c043f9eb96f1e0fe80?s=96&d=mm&r=g\",\"contentUrl\":\"https:\/\/secure.gravatar.com\/avatar\/06fdc0dc81c157dfdb82ec42f252178a22307808988d22c043f9eb96f1e0fe80?s=96&d=mm&r=g\",\"caption\":\"mennworldcon\"},\"sameAs\":[\"https:\/\/mwc-cmm.org\"],\"url\":\"https:\/\/mwc-cmm.org\/fr\/stories\/author\/mennworldcon\/\"}]}<\/script>\n<!-- \/ Yoast SEO plugin. -->","yoast_head_json":{"title":"Changements \u00e0 la direction de trois commissions de la CMM - Mennonite World Conference","robots":{"index":"index","follow":"follow","max-snippet":"max-snippet:-1","max-image-preview":"max-image-preview:large","max-video-preview":"max-video-preview:-1"},"canonical":"https:\/\/mwc-cmm.org\/en\/stories\/leadership-changes-announced-three-mwc-commissions\/","og_locale":"fr_FR","og_type":"article","og_title":"Changements \u00e0 la direction de trois commissions de la CMM - Mennonite World Conference","og_description":"NULL","og_url":"https:\/\/mwc-cmm.org\/en\/stories\/leadership-changes-announced-three-mwc-commissions\/","og_site_name":"Mennonite World Conference","article_publisher":"https:\/\/www.facebook.com\/MennoniteWorldConference","article_published_time":"2015-08-25T00:00:00+00:00","article_modified_time":"2024-12-10T17:13:40+00:00","og_image":[{"width":850,"height":311,"url":"https:\/\/mwc-cmm.org\/wp-content\/uploads\/2024\/11\/commission_changes_2015_opt-new_edit.jpg","type":"image\/jpeg"}],"author":"mennworldcon","schema":{"@context":"https:\/\/schema.org","@graph":[{"@type":"Article","@id":"https:\/\/mwc-cmm.org\/en\/stories\/leadership-changes-announced-three-mwc-commissions\/#article","isPartOf":{"@id":"https:\/\/mwc-cmm.org\/en\/stories\/leadership-changes-announced-three-mwc-commissions\/"},"author":{"name":"mennworldcon","@id":"https:\/\/mwc-cmm.org\/en\/#\/schema\/person\/11f6ae0d7d1868ba20a1cc27f067c836"},"headline":"Changements \u00e0 la direction de trois commissions de la CMM","datePublished":"2015-08-25T00:00:00+00:00","dateModified":"2024-12-10T17:13:40+00:00","mainEntityOfPage":{"@id":"https:\/\/mwc-cmm.org\/en\/stories\/leadership-changes-announced-three-mwc-commissions\/"},"wordCount":480,"publisher":{"@id":"https:\/\/mwc-cmm.org\/en\/#organization"},"image":{"@id":"https:\/\/mwc-cmm.org\/en\/stories\/leadership-changes-announced-three-mwc-commissions\/#primaryimage"},"thumbnailUrl":"https:\/\/mwc-cmm.org\/wp-content\/uploads\/2024\/11\/commission_changes_2015_opt-new_edit.jpg","articleSection":["Non classifi\u00e9(e)"],"inLanguage":"fr-FR"},{"@type":"WebPage","@id":"https:\/\/mwc-cmm.org\/en\/stories\/leadership-changes-announced-three-mwc-commissions\/","url":"https:\/\/mwc-cmm.org\/en\/stories\/leadership-changes-announced-three-mwc-commissions\/","name":"Changements \u00e0 la direction de trois commissions de la CMM - Mennonite World Conference","isPartOf":{"@id":"https:\/\/mwc-cmm.org\/en\/#website"},"primaryImageOfPage":{"@id":"https:\/\/mwc-cmm.org\/en\/stories\/leadership-changes-announced-three-mwc-commissions\/#primaryimage"},"image":{"@id":"https:\/\/mwc-cmm.org\/en\/stories\/leadership-changes-announced-three-mwc-commissions\/#primaryimage"},"thumbnailUrl":"https:\/\/mwc-cmm.org\/wp-content\/uploads\/2024\/11\/commission_changes_2015_opt-new_edit.jpg","datePublished":"2015-08-25T00:00:00+00:00","dateModified":"2024-12-10T17:13:40+00:00","breadcrumb":{"@id":"https:\/\/mwc-cmm.org\/en\/stories\/leadership-changes-announced-three-mwc-commissions\/#breadcrumb"},"inLanguage":"fr-FR","potentialAction":[{"@type":"ReadAction","target":["https:\/\/mwc-cmm.org\/en\/stories\/leadership-changes-announced-three-mwc-commissions\/"]}]},{"@type":"ImageObject","inLanguage":"fr-FR","@id":"https:\/\/mwc-cmm.org\/en\/stories\/leadership-changes-announced-three-mwc-commissions\/#primaryimage","url":"https:\/\/mwc-cmm.org\/wp-content\/uploads\/2024\/11\/commission_changes_2015_opt-new_edit.jpg","contentUrl":"https:\/\/mwc-cmm.org\/wp-content\/uploads\/2024\/11\/commission_changes_2015_opt-new_edit.jpg","width":850,"height":311},{"@type":"BreadcrumbList","@id":"https:\/\/mwc-cmm.org\/en\/stories\/leadership-changes-announced-three-mwc-commissions\/#breadcrumb","itemListElement":[{"@type":"ListItem","position":1,"name":"Home","item":"https:\/\/mwc-cmm.org\/fr\/"},{"@type":"ListItem","position":2,"name":"Changements \u00e0 la direction de trois commissions de la CMM"}]},{"@type":"WebSite","@id":"https:\/\/mwc-cmm.org\/en\/#website","url":"https:\/\/mwc-cmm.org\/en\/","name":"Mennonite World Conference","description":"A communion of Anabaptist-related churches","publisher":{"@id":"https:\/\/mwc-cmm.org\/en\/#organization"},"alternateName":"MWC","potentialAction":[{"@type":"SearchAction","target":{"@type":"EntryPoint","urlTemplate":"https:\/\/mwc-cmm.org\/en\/?s={search_term_string}"},"query-input":{"@type":"PropertyValueSpecification","valueRequired":true,"valueName":"search_term_string"}}],"inLanguage":"fr-FR"},{"@type":"Organization","@id":"https:\/\/mwc-cmm.org\/en\/#organization","name":"Mennonite World Conference","alternateName":"MWC","url":"https:\/\/mwc-cmm.org\/en\/","logo":{"@type":"ImageObject","inLanguage":"fr-FR","@id":"https:\/\/mwc-cmm.org\/en\/#\/schema\/logo\/image\/","url":"https:\/\/mwc-cmm.org\/wp-content\/uploads\/2026\/01\/MWC_Sig_Blue_Horiz_webheader1-logo.svg","contentUrl":"https:\/\/mwc-cmm.org\/wp-content\/uploads\/2026\/01\/MWC_Sig_Blue_Horiz_webheader1-logo.svg","width":786,"height":82,"caption":"Mennonite World Conference"},"image":{"@id":"https:\/\/mwc-cmm.org\/en\/#\/schema\/logo\/image\/"},"sameAs":["https:\/\/www.facebook.com\/MennoniteWorldConference","https:\/\/www.linkedin.com\/company\/mennonite-world-conference-mwc\/","https:\/\/www.instagram.com\/mwcmm\/","https:\/\/www.youtube.com\/user\/mwccmm","https:\/\/bsky.app\/profile\/mwcmm.bsky.social"]},{"@type":"Person","@id":"https:\/\/mwc-cmm.org\/en\/#\/schema\/person\/11f6ae0d7d1868ba20a1cc27f067c836","name":"mennworldcon","image":{"@type":"ImageObject","inLanguage":"fr-FR","@id":"https:\/\/secure.gravatar.com\/avatar\/06fdc0dc81c157dfdb82ec42f252178a22307808988d22c043f9eb96f1e0fe80?s=96&d=mm&r=g","url":"https:\/\/secure.gravatar.com\/avatar\/06fdc0dc81c157dfdb82ec42f252178a22307808988d22c043f9eb96f1e0fe80?s=96&d=mm&r=g","contentUrl":"https:\/\/secure.gravatar.com\/avatar\/06fdc0dc81c157dfdb82ec42f252178a22307808988d22c043f9eb96f1e0fe80?s=96&d=mm&r=g","caption":"mennworldcon"},"sameAs":["https:\/\/mwc-cmm.org"],"url":"https:\/\/mwc-cmm.org\/fr\/stories\/author\/mennworldcon\/"}]}},"_links":{"self":[{"href":"https:\/\/mwc-cmm.org\/fr\/wp-json\/wp\/v2\/posts\/9731","targetHints":{"allow":["GET"]}}],"collection":[{"href":"https:\/\/mwc-cmm.org\/fr\/wp-json\/wp\/v2\/posts"}],"about":[{"href":"https:\/\/mwc-cmm.org\/fr\/wp-json\/wp\/v2\/types\/post"}],"author":[{"embeddable":true,"href":"https:\/\/mwc-cmm.org\/fr\/wp-json\/wp\/v2\/users\/1"}],"replies":[{"embeddable":true,"href":"https:\/\/mwc-cmm.org\/fr\/wp-json\/wp\/v2\/comments?post=9731"}],"version-history":[{"count":0,"href":"https:\/\/mwc-cmm.org\/fr\/wp-json\/wp\/v2\/posts\/9731\/revisions"}],"wp:featuredmedia":[{"embeddable":true,"href":"https:\/\/mwc-cmm.org\/fr\/wp-json\/wp\/v2\/media\/87002"}],"wp:attachment":[{"href":"https:\/\/mwc-cmm.org\/fr\/wp-json\/wp\/v2\/media?parent=9731"}],"wp:term":[{"taxonomy":"category","embeddable":true,"href":"https:\/\/mwc-cmm.org\/fr\/wp-json\/wp\/v2\/categories?post=9731"},{"taxonomy":"post_tag","embeddable":true,"href":"https:\/\/mwc-cmm.org\/fr\/wp-json\/wp\/v2\/tags?post=9731"},{"taxonomy":"network","embeddable":true,"href":"https:\/\/mwc-cmm.org\/fr\/wp-json\/wp\/v2\/network?post=9731"},{"taxonomy":"eventcategory","embeddable":true,"href":"https:\/\/mwc-cmm.org\/fr\/wp-json\/wp\/v2\/eventcategory?post=9731"}],"curies":[{"name":"wp","href":"https:\/\/api.w.org\/{rel}","templated":true}]}}