{"id":9730,"date":"2015-08-15T00:00:00","date_gmt":"2015-08-15T00:00:00","guid":{"rendered":"https:\/\/mwc-cmm.org\/changes-in-mwc-communication-team-4\/"},"modified":"2024-12-10T17:13:39","modified_gmt":"2024-12-10T17:13:39","slug":"changes-in-mwc-communication-team-4","status":"publish","type":"post","link":"https:\/\/mwc-cmm.org\/fr\/stories\/changes-in-mwc-communication-team-4\/","title":{"rendered":"Changements au sein de l\u2019\u00e9quipe de communication de la CMM"},"content":{"rendered":"<p>Bogot\u00e1, Colombie \u2013 Des changements s\u2019amorcent au sein de l\u2019\u00e9quipe de communication de la Conf\u00e9rence Mennonite Mondiale avec des nominations ou transitions de trois membres du personnel.<\/p>\n<p>\u00ca la mi-juillet 2015, Karla Braun a commenc\u00e9 un travail \u00e0 mi-temps de r\u00e9dactrice. Elle occupe le poste de r\u00e9dactrice en chef de <em>Courier\/Correo\/Courrier<\/em> et de r\u00e9dactrice pour d\u2019autres communications de la CMM.<\/p>\n<p>Karla Braun a \u00e9t\u00e9 r\u00e9dactrice adjointe au <em>Mennonite Brethren Herald<\/em> bas\u00e9 \u00e0 Winnipeg au Manitoba (Canada) au cours des sept derni\u00e8res ann\u00e9es.  Elle est titulaire d\u2019un dipl\u00f4me universitaire en anglais avec une concentration en linguistique et a suivi des cours de deuxi\u00e8me cycle en th\u00e9ologie.<\/p>\n<p>Karla Braun succ\u00e8de \u00e0 Devin Manzullo-Thomas des Etats-Unis, r\u00e9dacteur pour la CMM depuis janvier 2013. Devin a \u00e9t\u00e9 nomm\u00e9 \u00e0 un poste \u00e0 plein temps au Messiah College, une \u00e9cole affili\u00e9e \u00e0 l\u2019\u00c9glise des Fr\u00e8res en Christ \u00e0 Mechanicsburg en Pennsylvanie et d\u00e9butera des \u00e9tudes de doctorat en septembre. <\/p>\n<p>Le 1<sup>er<\/sup> septembre 2015, Kristina Toews, de Colombie, assumera la fonction de responsable de la communication, une fonction qui comprend la supervision de la strat\u00e9gie de communication de la CMM et la coordination de toutes les communications imprim\u00e9es et \u00e9lectroniques. Elle succ\u00e8dera \u00e0 Ron Rempel du Canada qui prend sa retraite et qui occupait cette fonction depuis janvier 2012. <\/p>\n<p>Kristina Toews, originaire d\u2019Abbotsford en Colombie Britannique, a v\u00e9cu \u00e0 Bogot\u00e1 en Colombie et a travaill\u00e9 au service des communications Web depuis f\u00e9vrier 2013. \u00ca ce poste elle a mis en place et a d\u00e9velopp\u00e9 une strat\u00e9gie de communication de la CMM dans les m\u00e9dias sociaux tels Facebook, Instagram et Twitter. Kristina Toews d\u00e9tient aussi un dipl\u00f4me d\u2019\u00e9tudes universitaires en \u00e9tudes bibliques.<\/p>\n<p>Aar\u00f3n Gonz\u00e1lez, du Costa Rica, remplacera Kristina Toews et g\u00e8rera la pr\u00e9sence de la CMM sur le Web et les m\u00e9dias sociaux. Il a r\u00e9cemment servi comme membre du personnel du Rassemblement de la CMM \u00e0 Akron en Pennsylvanie (\u00c9.-U.). Dans son nouveau poste, il travaillera au bureau de la CMM \u00e0 Bogot\u00e1.<\/p>\n<p>Aar\u00f3n Gonz\u00e1lez a servi dans son \u00e9glise locale, l\u2019\u00c9glise mennonite Buenas Nuevas au Costa Rica, et avec le Comit\u00e9 central mennonite et la CMM comme participant du programme YAMEN! au Cambodge.<\/p>\n<p>\u00ab La communication et la communaut\u00e9 ne sont pas seulement des mots associ\u00e9s en raison de leur \u00e9tymologie, mais aussi \u00e0 cause de leur impact sur l\u2019\u00eatre humain \u00bb, dit le secr\u00e9taire g\u00e9n\u00e9ral C\u00e9sar Garc\u00eda. \u00ab Sans communication, il n\u2019y a pas de possibilit\u00e9s de partager nos joies et nos tristesses, de trouver l\u2019espoir dans la souffrance, de b\u00e2tir une communaut\u00e9. C\u2019est la raison pour laquelle la communication est plus qu\u2019une carri\u00e8re ou un service dans une institution. C\u2019est un minist\u00e8re. C\u2019est un minist\u00e8re tr\u00e8s important pour notre famille de foi anabaptiste mondiale. \u00bb<\/p>\n<p>Il ajoute : \u00ab Je d\u00e9sire exprimer ma gratitude \u00e0 Devin et \u00e0 Ron pour le minist\u00e8re qu\u2019ils ont d\u00e9velopp\u00e9 \u00e0 la CMM. La communication a jou\u00e9 un r\u00f4le crucial au sein de notre famille mondiale au cours des derni\u00e8res ann\u00e9es. Sous la direction de Ron, la communication de la CMM a progress\u00e9 vers de nouvelles phases et a atteint la maturit\u00e9 que nous avons besoin pour continuer \u00e0 grandir et faciliter la communication parmi nos membres. Nous prions que Dieu guide et b\u00e9nisse ces leaders qui entament une nouvelle \u00e9tape de leur vie. \u00bb <\/p>\n<p><em>Communiqu\u00e9 de la Conf\u00e9rence Mennonite Mondiale<\/em><\/p>\n<p>Photos: <a href=\"\/sites\/default\/files\/website_files\/kristina_toews.jpg\">Kristina Toews<\/a>, <a href=\"\/sites\/default\/files\/website_files\/karla_braun.jpg\">Karla Braun<\/a>, <a href=\"\/sites\/default\/files\/website_files\/aaron_gonzalez.jpg\">Aar\u00f3n Gonz\u00e1lez<\/a><\/p><\/p>\n","protected":false},"excerpt":{"rendered":"<p>NULL<\/p>\n","protected":false},"author":1,"featured_media":86988,"comment_status":"closed","ping_status":"closed","sticky":false,"template":"","format":"standard","meta":{"_acf_changed":false,"footnotes":""},"categories":[7],"tags":[],"network":[],"eventcategory":[],"class_list":["post-9730","post","type-post","status-publish","format-standard","has-post-thumbnail","hentry","category-non-classifiee"],"acf":[],"yoast_head":"<!-- This site is optimized with the Yoast SEO plugin v27.2 - https:\/\/yoast.com\/product\/yoast-seo-wordpress\/ -->\n<title>Changements au sein de l\u2019\u00e9quipe de communication de la CMM - Mennonite World Conference<\/title>\n<meta name=\"robots\" content=\"index, follow, max-snippet:-1, max-image-preview:large, max-video-preview:-1\" \/>\n<link rel=\"canonical\" href=\"https:\/\/mwc-cmm.org\/en\/stories\/changes-mwc-communication-team\/\" \/>\n<meta property=\"og:locale\" content=\"fr_FR\" \/>\n<meta property=\"og:type\" content=\"article\" \/>\n<meta property=\"og:title\" content=\"Changements au sein de l\u2019\u00e9quipe de communication de la CMM - Mennonite World Conference\" \/>\n<meta property=\"og:description\" content=\"NULL\" \/>\n<meta property=\"og:url\" content=\"https:\/\/mwc-cmm.org\/en\/stories\/changes-mwc-communication-team\/\" \/>\n<meta property=\"og:site_name\" content=\"Mennonite World Conference\" \/>\n<meta property=\"article:publisher\" content=\"https:\/\/www.facebook.com\/MennoniteWorldConference\" \/>\n<meta property=\"article:published_time\" content=\"2015-08-15T00:00:00+00:00\" \/>\n<meta property=\"article:modified_time\" content=\"2024-12-10T17:13:39+00:00\" \/>\n<meta property=\"og:image\" content=\"https:\/\/mwc-cmm.org\/wp-content\/uploads\/2024\/11\/3_staff_pic.jpg\" \/>\n\t<meta property=\"og:image:width\" content=\"923\" \/>\n\t<meta property=\"og:image:height\" content=\"418\" \/>\n\t<meta property=\"og:image:type\" content=\"image\/jpeg\" \/>\n<meta name=\"author\" content=\"mennworldcon\" \/>\n<script type=\"application\/ld+json\" class=\"yoast-schema-graph\">{\"@context\":\"https:\/\/schema.org\",\"@graph\":[{\"@type\":\"Article\",\"@id\":\"https:\/\/mwc-cmm.org\/en\/stories\/changes-mwc-communication-team\/#article\",\"isPartOf\":{\"@id\":\"https:\/\/mwc-cmm.org\/en\/stories\/changes-mwc-communication-team\/\"},\"author\":{\"name\":\"mennworldcon\",\"@id\":\"https:\/\/mwc-cmm.org\/en\/#\/schema\/person\/11f6ae0d7d1868ba20a1cc27f067c836\"},\"headline\":\"Changements au sein de l\u2019\u00e9quipe de communication de la CMM\",\"datePublished\":\"2015-08-15T00:00:00+00:00\",\"dateModified\":\"2024-12-10T17:13:39+00:00\",\"mainEntityOfPage\":{\"@id\":\"https:\/\/mwc-cmm.org\/en\/stories\/changes-mwc-communication-team\/\"},\"wordCount\":614,\"publisher\":{\"@id\":\"https:\/\/mwc-cmm.org\/en\/#organization\"},\"image\":{\"@id\":\"https:\/\/mwc-cmm.org\/en\/stories\/changes-mwc-communication-team\/#primaryimage\"},\"thumbnailUrl\":\"https:\/\/mwc-cmm.org\/wp-content\/uploads\/2024\/11\/3_staff_pic.jpg\",\"articleSection\":[\"Non classifi\u00e9(e)\"],\"inLanguage\":\"fr-FR\"},{\"@type\":\"WebPage\",\"@id\":\"https:\/\/mwc-cmm.org\/en\/stories\/changes-mwc-communication-team\/\",\"url\":\"https:\/\/mwc-cmm.org\/en\/stories\/changes-mwc-communication-team\/\",\"name\":\"Changements au sein de l\u2019\u00e9quipe de communication de la CMM - Mennonite World Conference\",\"isPartOf\":{\"@id\":\"https:\/\/mwc-cmm.org\/en\/#website\"},\"primaryImageOfPage\":{\"@id\":\"https:\/\/mwc-cmm.org\/en\/stories\/changes-mwc-communication-team\/#primaryimage\"},\"image\":{\"@id\":\"https:\/\/mwc-cmm.org\/en\/stories\/changes-mwc-communication-team\/#primaryimage\"},\"thumbnailUrl\":\"https:\/\/mwc-cmm.org\/wp-content\/uploads\/2024\/11\/3_staff_pic.jpg\",\"datePublished\":\"2015-08-15T00:00:00+00:00\",\"dateModified\":\"2024-12-10T17:13:39+00:00\",\"breadcrumb\":{\"@id\":\"https:\/\/mwc-cmm.org\/en\/stories\/changes-mwc-communication-team\/#breadcrumb\"},\"inLanguage\":\"fr-FR\",\"potentialAction\":[{\"@type\":\"ReadAction\",\"target\":[\"https:\/\/mwc-cmm.org\/en\/stories\/changes-mwc-communication-team\/\"]}]},{\"@type\":\"ImageObject\",\"inLanguage\":\"fr-FR\",\"@id\":\"https:\/\/mwc-cmm.org\/en\/stories\/changes-mwc-communication-team\/#primaryimage\",\"url\":\"https:\/\/mwc-cmm.org\/wp-content\/uploads\/2024\/11\/3_staff_pic.jpg\",\"contentUrl\":\"https:\/\/mwc-cmm.org\/wp-content\/uploads\/2024\/11\/3_staff_pic.jpg\",\"width\":923,\"height\":418},{\"@type\":\"BreadcrumbList\",\"@id\":\"https:\/\/mwc-cmm.org\/en\/stories\/changes-mwc-communication-team\/#breadcrumb\",\"itemListElement\":[{\"@type\":\"ListItem\",\"position\":1,\"name\":\"Home\",\"item\":\"https:\/\/mwc-cmm.org\/fr\/\"},{\"@type\":\"ListItem\",\"position\":2,\"name\":\"Changements au sein de l\u2019\u00e9quipe de communication de la CMM\"}]},{\"@type\":\"WebSite\",\"@id\":\"https:\/\/mwc-cmm.org\/en\/#website\",\"url\":\"https:\/\/mwc-cmm.org\/en\/\",\"name\":\"Mennonite World Conference\",\"description\":\"A communion of Anabaptist-related churches\",\"publisher\":{\"@id\":\"https:\/\/mwc-cmm.org\/en\/#organization\"},\"alternateName\":\"MWC\",\"potentialAction\":[{\"@type\":\"SearchAction\",\"target\":{\"@type\":\"EntryPoint\",\"urlTemplate\":\"https:\/\/mwc-cmm.org\/en\/?s={search_term_string}\"},\"query-input\":{\"@type\":\"PropertyValueSpecification\",\"valueRequired\":true,\"valueName\":\"search_term_string\"}}],\"inLanguage\":\"fr-FR\"},{\"@type\":\"Organization\",\"@id\":\"https:\/\/mwc-cmm.org\/en\/#organization\",\"name\":\"Mennonite World Conference\",\"alternateName\":\"MWC\",\"url\":\"https:\/\/mwc-cmm.org\/en\/\",\"logo\":{\"@type\":\"ImageObject\",\"inLanguage\":\"fr-FR\",\"@id\":\"https:\/\/mwc-cmm.org\/en\/#\/schema\/logo\/image\/\",\"url\":\"https:\/\/mwc-cmm.org\/wp-content\/uploads\/2026\/01\/MWC_Sig_Blue_Horiz_webheader1-logo.svg\",\"contentUrl\":\"https:\/\/mwc-cmm.org\/wp-content\/uploads\/2026\/01\/MWC_Sig_Blue_Horiz_webheader1-logo.svg\",\"width\":786,\"height\":82,\"caption\":\"Mennonite World Conference\"},\"image\":{\"@id\":\"https:\/\/mwc-cmm.org\/en\/#\/schema\/logo\/image\/\"},\"sameAs\":[\"https:\/\/www.facebook.com\/MennoniteWorldConference\",\"https:\/\/www.linkedin.com\/company\/mennonite-world-conference-mwc\/\",\"https:\/\/www.instagram.com\/mwcmm\/\",\"https:\/\/www.youtube.com\/user\/mwccmm\",\"https:\/\/bsky.app\/profile\/mwcmm.bsky.social\"]},{\"@type\":\"Person\",\"@id\":\"https:\/\/mwc-cmm.org\/en\/#\/schema\/person\/11f6ae0d7d1868ba20a1cc27f067c836\",\"name\":\"mennworldcon\",\"image\":{\"@type\":\"ImageObject\",\"inLanguage\":\"fr-FR\",\"@id\":\"https:\/\/secure.gravatar.com\/avatar\/06fdc0dc81c157dfdb82ec42f252178a22307808988d22c043f9eb96f1e0fe80?s=96&d=mm&r=g\",\"url\":\"https:\/\/secure.gravatar.com\/avatar\/06fdc0dc81c157dfdb82ec42f252178a22307808988d22c043f9eb96f1e0fe80?s=96&d=mm&r=g\",\"contentUrl\":\"https:\/\/secure.gravatar.com\/avatar\/06fdc0dc81c157dfdb82ec42f252178a22307808988d22c043f9eb96f1e0fe80?s=96&d=mm&r=g\",\"caption\":\"mennworldcon\"},\"sameAs\":[\"https:\/\/mwc-cmm.org\"],\"url\":\"https:\/\/mwc-cmm.org\/fr\/stories\/author\/mennworldcon\/\"}]}<\/script>\n<!-- \/ Yoast SEO plugin. -->","yoast_head_json":{"title":"Changements au sein de l\u2019\u00e9quipe de communication de la CMM - Mennonite World Conference","robots":{"index":"index","follow":"follow","max-snippet":"max-snippet:-1","max-image-preview":"max-image-preview:large","max-video-preview":"max-video-preview:-1"},"canonical":"https:\/\/mwc-cmm.org\/en\/stories\/changes-mwc-communication-team\/","og_locale":"fr_FR","og_type":"article","og_title":"Changements au sein de l\u2019\u00e9quipe de communication de la CMM - Mennonite World Conference","og_description":"NULL","og_url":"https:\/\/mwc-cmm.org\/en\/stories\/changes-mwc-communication-team\/","og_site_name":"Mennonite World Conference","article_publisher":"https:\/\/www.facebook.com\/MennoniteWorldConference","article_published_time":"2015-08-15T00:00:00+00:00","article_modified_time":"2024-12-10T17:13:39+00:00","og_image":[{"width":923,"height":418,"url":"https:\/\/mwc-cmm.org\/wp-content\/uploads\/2024\/11\/3_staff_pic.jpg","type":"image\/jpeg"}],"author":"mennworldcon","schema":{"@context":"https:\/\/schema.org","@graph":[{"@type":"Article","@id":"https:\/\/mwc-cmm.org\/en\/stories\/changes-mwc-communication-team\/#article","isPartOf":{"@id":"https:\/\/mwc-cmm.org\/en\/stories\/changes-mwc-communication-team\/"},"author":{"name":"mennworldcon","@id":"https:\/\/mwc-cmm.org\/en\/#\/schema\/person\/11f6ae0d7d1868ba20a1cc27f067c836"},"headline":"Changements au sein de l\u2019\u00e9quipe de communication de la CMM","datePublished":"2015-08-15T00:00:00+00:00","dateModified":"2024-12-10T17:13:39+00:00","mainEntityOfPage":{"@id":"https:\/\/mwc-cmm.org\/en\/stories\/changes-mwc-communication-team\/"},"wordCount":614,"publisher":{"@id":"https:\/\/mwc-cmm.org\/en\/#organization"},"image":{"@id":"https:\/\/mwc-cmm.org\/en\/stories\/changes-mwc-communication-team\/#primaryimage"},"thumbnailUrl":"https:\/\/mwc-cmm.org\/wp-content\/uploads\/2024\/11\/3_staff_pic.jpg","articleSection":["Non classifi\u00e9(e)"],"inLanguage":"fr-FR"},{"@type":"WebPage","@id":"https:\/\/mwc-cmm.org\/en\/stories\/changes-mwc-communication-team\/","url":"https:\/\/mwc-cmm.org\/en\/stories\/changes-mwc-communication-team\/","name":"Changements au sein de l\u2019\u00e9quipe de communication de la CMM - Mennonite World Conference","isPartOf":{"@id":"https:\/\/mwc-cmm.org\/en\/#website"},"primaryImageOfPage":{"@id":"https:\/\/mwc-cmm.org\/en\/stories\/changes-mwc-communication-team\/#primaryimage"},"image":{"@id":"https:\/\/mwc-cmm.org\/en\/stories\/changes-mwc-communication-team\/#primaryimage"},"thumbnailUrl":"https:\/\/mwc-cmm.org\/wp-content\/uploads\/2024\/11\/3_staff_pic.jpg","datePublished":"2015-08-15T00:00:00+00:00","dateModified":"2024-12-10T17:13:39+00:00","breadcrumb":{"@id":"https:\/\/mwc-cmm.org\/en\/stories\/changes-mwc-communication-team\/#breadcrumb"},"inLanguage":"fr-FR","potentialAction":[{"@type":"ReadAction","target":["https:\/\/mwc-cmm.org\/en\/stories\/changes-mwc-communication-team\/"]}]},{"@type":"ImageObject","inLanguage":"fr-FR","@id":"https:\/\/mwc-cmm.org\/en\/stories\/changes-mwc-communication-team\/#primaryimage","url":"https:\/\/mwc-cmm.org\/wp-content\/uploads\/2024\/11\/3_staff_pic.jpg","contentUrl":"https:\/\/mwc-cmm.org\/wp-content\/uploads\/2024\/11\/3_staff_pic.jpg","width":923,"height":418},{"@type":"BreadcrumbList","@id":"https:\/\/mwc-cmm.org\/en\/stories\/changes-mwc-communication-team\/#breadcrumb","itemListElement":[{"@type":"ListItem","position":1,"name":"Home","item":"https:\/\/mwc-cmm.org\/fr\/"},{"@type":"ListItem","position":2,"name":"Changements au sein de l\u2019\u00e9quipe de communication de la CMM"}]},{"@type":"WebSite","@id":"https:\/\/mwc-cmm.org\/en\/#website","url":"https:\/\/mwc-cmm.org\/en\/","name":"Mennonite World Conference","description":"A communion of Anabaptist-related churches","publisher":{"@id":"https:\/\/mwc-cmm.org\/en\/#organization"},"alternateName":"MWC","potentialAction":[{"@type":"SearchAction","target":{"@type":"EntryPoint","urlTemplate":"https:\/\/mwc-cmm.org\/en\/?s={search_term_string}"},"query-input":{"@type":"PropertyValueSpecification","valueRequired":true,"valueName":"search_term_string"}}],"inLanguage":"fr-FR"},{"@type":"Organization","@id":"https:\/\/mwc-cmm.org\/en\/#organization","name":"Mennonite World Conference","alternateName":"MWC","url":"https:\/\/mwc-cmm.org\/en\/","logo":{"@type":"ImageObject","inLanguage":"fr-FR","@id":"https:\/\/mwc-cmm.org\/en\/#\/schema\/logo\/image\/","url":"https:\/\/mwc-cmm.org\/wp-content\/uploads\/2026\/01\/MWC_Sig_Blue_Horiz_webheader1-logo.svg","contentUrl":"https:\/\/mwc-cmm.org\/wp-content\/uploads\/2026\/01\/MWC_Sig_Blue_Horiz_webheader1-logo.svg","width":786,"height":82,"caption":"Mennonite World Conference"},"image":{"@id":"https:\/\/mwc-cmm.org\/en\/#\/schema\/logo\/image\/"},"sameAs":["https:\/\/www.facebook.com\/MennoniteWorldConference","https:\/\/www.linkedin.com\/company\/mennonite-world-conference-mwc\/","https:\/\/www.instagram.com\/mwcmm\/","https:\/\/www.youtube.com\/user\/mwccmm","https:\/\/bsky.app\/profile\/mwcmm.bsky.social"]},{"@type":"Person","@id":"https:\/\/mwc-cmm.org\/en\/#\/schema\/person\/11f6ae0d7d1868ba20a1cc27f067c836","name":"mennworldcon","image":{"@type":"ImageObject","inLanguage":"fr-FR","@id":"https:\/\/secure.gravatar.com\/avatar\/06fdc0dc81c157dfdb82ec42f252178a22307808988d22c043f9eb96f1e0fe80?s=96&d=mm&r=g","url":"https:\/\/secure.gravatar.com\/avatar\/06fdc0dc81c157dfdb82ec42f252178a22307808988d22c043f9eb96f1e0fe80?s=96&d=mm&r=g","contentUrl":"https:\/\/secure.gravatar.com\/avatar\/06fdc0dc81c157dfdb82ec42f252178a22307808988d22c043f9eb96f1e0fe80?s=96&d=mm&r=g","caption":"mennworldcon"},"sameAs":["https:\/\/mwc-cmm.org"],"url":"https:\/\/mwc-cmm.org\/fr\/stories\/author\/mennworldcon\/"}]}},"_links":{"self":[{"href":"https:\/\/mwc-cmm.org\/fr\/wp-json\/wp\/v2\/posts\/9730","targetHints":{"allow":["GET"]}}],"collection":[{"href":"https:\/\/mwc-cmm.org\/fr\/wp-json\/wp\/v2\/posts"}],"about":[{"href":"https:\/\/mwc-cmm.org\/fr\/wp-json\/wp\/v2\/types\/post"}],"author":[{"embeddable":true,"href":"https:\/\/mwc-cmm.org\/fr\/wp-json\/wp\/v2\/users\/1"}],"replies":[{"embeddable":true,"href":"https:\/\/mwc-cmm.org\/fr\/wp-json\/wp\/v2\/comments?post=9730"}],"version-history":[{"count":0,"href":"https:\/\/mwc-cmm.org\/fr\/wp-json\/wp\/v2\/posts\/9730\/revisions"}],"wp:featuredmedia":[{"embeddable":true,"href":"https:\/\/mwc-cmm.org\/fr\/wp-json\/wp\/v2\/media\/86988"}],"wp:attachment":[{"href":"https:\/\/mwc-cmm.org\/fr\/wp-json\/wp\/v2\/media?parent=9730"}],"wp:term":[{"taxonomy":"category","embeddable":true,"href":"https:\/\/mwc-cmm.org\/fr\/wp-json\/wp\/v2\/categories?post=9730"},{"taxonomy":"post_tag","embeddable":true,"href":"https:\/\/mwc-cmm.org\/fr\/wp-json\/wp\/v2\/tags?post=9730"},{"taxonomy":"network","embeddable":true,"href":"https:\/\/mwc-cmm.org\/fr\/wp-json\/wp\/v2\/network?post=9730"},{"taxonomy":"eventcategory","embeddable":true,"href":"https:\/\/mwc-cmm.org\/fr\/wp-json\/wp\/v2\/eventcategory?post=9730"}],"curies":[{"name":"wp","href":"https:\/\/api.w.org\/{rel}","templated":true}]}}