{"id":9705,"date":"2015-04-20T00:00:00","date_gmt":"2015-04-20T00:00:00","guid":{"rendered":"https:\/\/mwc-cmm.org\/pa-2015-to-include-art-exhibits-and-workshops-4\/"},"modified":"2024-12-10T17:13:27","modified_gmt":"2024-12-10T17:13:27","slug":"pa-2015-to-include-art-exhibits-and-workshops-4","status":"publish","type":"post","link":"https:\/\/mwc-cmm.org\/fr\/stories\/pa-2015-to-include-art-exhibits-and-workshops-4\/","title":{"rendered":"PA 2015 : expositions d\u2019art et ateliers"},"content":{"rendered":"<p>Harrisburg, Pennsylvanie \u2013 Les arts seront pr\u00e9sent\u00e9s de diverses fa\u00e7ons \u00e0 PA 2015, le Rassemblement de la Conf\u00e9rence Mennonite Mondiale, qui aura lieu \u00e0 Harrisburg du 21 au 26 juillet. Pour information, visitez <a href=\"http:\/\/www.mwc-cmm.org\/cmm-lart\">www.mwc-cmm.org\/cmm-lart<\/a>.<\/p>\n<p>Une exposition-concours d\u2019\u0153uvres contemporaines par des artistes de tous \u00e2ges et de toutes traditions se tiendra dans la galerie centrale. Le jur\u00e9 sera Theodore Prescott, sculpteur et auteur qui a enseign\u00e9 au Messiah College et contribu\u00e9 \u00e0 la fondation de CIVA (Christians in the Visual Arts \u2013 les chr\u00e9tiens dans les arts visuels).<\/p>\n<p>La date limite pour soumettre des \u0153uvres \u00e0 l\u2019exposition-concours est le 30 avril.  <\/p>\n<p>Une deuxi\u00e8me galerie d\u2019art pr\u00e9sentera des collections sp\u00e9ciales sur l\u2019histoire des anabaptistes. Parmi les collections d\u2019art, il y aura l\u2019artiste-conservateur Ray Dirks, illustrant le courage et la foi des femmes mennonites apr\u00e8s la r\u00e9volution russe; des gravures \u00e0 partir de plaques de cuivre utilis\u00e9es pour la production originale du <em>Miroir des Martyrs<\/em>; les photographies de 100 femmes \u00e2g\u00e9es de 1 \u00e0 100 ans par Molly Kraybill; les photographies de Howard Zehr illustrant la vie des victimes \u00e0 la suite d\u2019un traumatisme caus\u00e9 par un crime; des artistes de Community Mennonite Church \u00e0 Lancaster repr\u00e9sentant des interpr\u00e9tations du chemin de la croix.<\/p>\n<p>Dans une exposition \u00e0 l\u2019\u00e9tage sup\u00e9rieure de l\u2019aire du Village de l\u2019\u00c9glise Mondiale, des \u00e9glises pr\u00e9senteront leurs banni\u00e8res, tapisseries, panneaux et autres pi\u00e8ces d\u2019art liturgique.<\/p>\n<p>De plus, durant le Rassemblement, les \u0153uvres r\u00e9alis\u00e9es par les enfants durant leurs propres programmes seront expos\u00e9es dans l\u2019ar\u00e8ne des enfants.<\/p>\n<p>En plus de ces expositions, il y aura plusieurs ateliers sur le th\u00e8me de l\u2019art.<\/p><\/p>\n","protected":false},"excerpt":{"rendered":"<p>NULL<\/p>\n","protected":false},"author":1,"featured_media":86708,"comment_status":"closed","ping_status":"closed","sticky":false,"template":"","format":"standard","meta":{"_acf_changed":false,"footnotes":""},"categories":[7],"tags":[1553,1893],"network":[],"eventcategory":[1494],"class_list":["post-9705","post","type-post","status-publish","format-standard","has-post-thumbnail","hentry","category-non-classifiee","tag-assemblee-2","tag-pa2015","eventcategory-assembly-fr"],"acf":[],"yoast_head":"<!-- This site is optimized with the Yoast SEO plugin v27.2 - https:\/\/yoast.com\/product\/yoast-seo-wordpress\/ -->\n<title>PA 2015 : expositions d\u2019art et ateliers - Mennonite World Conference<\/title>\n<meta name=\"robots\" content=\"index, follow, max-snippet:-1, max-image-preview:large, max-video-preview:-1\" \/>\n<link rel=\"canonical\" href=\"https:\/\/mwc-cmm.org\/en\/stories\/pa-2015-to-include-art-exhibits-and-workshops\/\" \/>\n<meta property=\"og:locale\" content=\"fr_FR\" \/>\n<meta property=\"og:type\" content=\"article\" \/>\n<meta property=\"og:title\" content=\"PA 2015 : expositions d\u2019art et ateliers - Mennonite World Conference\" \/>\n<meta property=\"og:description\" content=\"NULL\" \/>\n<meta property=\"og:url\" content=\"https:\/\/mwc-cmm.org\/en\/stories\/pa-2015-to-include-art-exhibits-and-workshops\/\" \/>\n<meta property=\"og:site_name\" content=\"Mennonite World Conference\" \/>\n<meta property=\"article:publisher\" content=\"https:\/\/www.facebook.com\/MennoniteWorldConference\" \/>\n<meta property=\"article:published_time\" content=\"2015-04-20T00:00:00+00:00\" \/>\n<meta property=\"article:modified_time\" content=\"2024-12-10T17:13:27+00:00\" \/>\n<meta property=\"og:image\" content=\"https:\/\/mwc-cmm.org\/wp-content\/uploads\/2024\/11\/mwc_art_exhibit_half_cover.png\" \/>\n\t<meta property=\"og:image:width\" content=\"2570\" \/>\n\t<meta property=\"og:image:height\" content=\"1642\" \/>\n\t<meta property=\"og:image:type\" content=\"image\/png\" \/>\n<meta name=\"author\" content=\"mennworldcon\" \/>\n<script type=\"application\/ld+json\" class=\"yoast-schema-graph\">{\"@context\":\"https:\/\/schema.org\",\"@graph\":[{\"@type\":\"Article\",\"@id\":\"https:\/\/mwc-cmm.org\/en\/stories\/pa-2015-to-include-art-exhibits-and-workshops\/#article\",\"isPartOf\":{\"@id\":\"https:\/\/mwc-cmm.org\/en\/stories\/pa-2015-to-include-art-exhibits-and-workshops\/\"},\"author\":{\"name\":\"mennworldcon\",\"@id\":\"https:\/\/mwc-cmm.org\/en\/#\/schema\/person\/11f6ae0d7d1868ba20a1cc27f067c836\"},\"headline\":\"PA 2015 : expositions d\u2019art et ateliers\",\"datePublished\":\"2015-04-20T00:00:00+00:00\",\"dateModified\":\"2024-12-10T17:13:27+00:00\",\"mainEntityOfPage\":{\"@id\":\"https:\/\/mwc-cmm.org\/en\/stories\/pa-2015-to-include-art-exhibits-and-workshops\/\"},\"wordCount\":289,\"publisher\":{\"@id\":\"https:\/\/mwc-cmm.org\/en\/#organization\"},\"image\":{\"@id\":\"https:\/\/mwc-cmm.org\/en\/stories\/pa-2015-to-include-art-exhibits-and-workshops\/#primaryimage\"},\"thumbnailUrl\":\"https:\/\/mwc-cmm.org\/wp-content\/uploads\/2024\/11\/mwc_art_exhibit_half_cover.png\",\"keywords\":[\"Assembl\u00e9e\",\"PA2015\"],\"articleSection\":[\"Non classifi\u00e9(e)\"],\"inLanguage\":\"fr-FR\"},{\"@type\":\"WebPage\",\"@id\":\"https:\/\/mwc-cmm.org\/en\/stories\/pa-2015-to-include-art-exhibits-and-workshops\/\",\"url\":\"https:\/\/mwc-cmm.org\/en\/stories\/pa-2015-to-include-art-exhibits-and-workshops\/\",\"name\":\"PA 2015 : expositions d\u2019art et ateliers - Mennonite World Conference\",\"isPartOf\":{\"@id\":\"https:\/\/mwc-cmm.org\/en\/#website\"},\"primaryImageOfPage\":{\"@id\":\"https:\/\/mwc-cmm.org\/en\/stories\/pa-2015-to-include-art-exhibits-and-workshops\/#primaryimage\"},\"image\":{\"@id\":\"https:\/\/mwc-cmm.org\/en\/stories\/pa-2015-to-include-art-exhibits-and-workshops\/#primaryimage\"},\"thumbnailUrl\":\"https:\/\/mwc-cmm.org\/wp-content\/uploads\/2024\/11\/mwc_art_exhibit_half_cover.png\",\"datePublished\":\"2015-04-20T00:00:00+00:00\",\"dateModified\":\"2024-12-10T17:13:27+00:00\",\"breadcrumb\":{\"@id\":\"https:\/\/mwc-cmm.org\/en\/stories\/pa-2015-to-include-art-exhibits-and-workshops\/#breadcrumb\"},\"inLanguage\":\"fr-FR\",\"potentialAction\":[{\"@type\":\"ReadAction\",\"target\":[\"https:\/\/mwc-cmm.org\/en\/stories\/pa-2015-to-include-art-exhibits-and-workshops\/\"]}]},{\"@type\":\"ImageObject\",\"inLanguage\":\"fr-FR\",\"@id\":\"https:\/\/mwc-cmm.org\/en\/stories\/pa-2015-to-include-art-exhibits-and-workshops\/#primaryimage\",\"url\":\"https:\/\/mwc-cmm.org\/wp-content\/uploads\/2024\/11\/mwc_art_exhibit_half_cover.png\",\"contentUrl\":\"https:\/\/mwc-cmm.org\/wp-content\/uploads\/2024\/11\/mwc_art_exhibit_half_cover.png\",\"width\":2570,\"height\":1642},{\"@type\":\"BreadcrumbList\",\"@id\":\"https:\/\/mwc-cmm.org\/en\/stories\/pa-2015-to-include-art-exhibits-and-workshops\/#breadcrumb\",\"itemListElement\":[{\"@type\":\"ListItem\",\"position\":1,\"name\":\"Home\",\"item\":\"https:\/\/mwc-cmm.org\/fr\/\"},{\"@type\":\"ListItem\",\"position\":2,\"name\":\"PA 2015 : expositions d\u2019art et ateliers\"}]},{\"@type\":\"WebSite\",\"@id\":\"https:\/\/mwc-cmm.org\/en\/#website\",\"url\":\"https:\/\/mwc-cmm.org\/en\/\",\"name\":\"Mennonite World Conference\",\"description\":\"A communion of Anabaptist-related churches\",\"publisher\":{\"@id\":\"https:\/\/mwc-cmm.org\/en\/#organization\"},\"alternateName\":\"MWC\",\"potentialAction\":[{\"@type\":\"SearchAction\",\"target\":{\"@type\":\"EntryPoint\",\"urlTemplate\":\"https:\/\/mwc-cmm.org\/en\/?s={search_term_string}\"},\"query-input\":{\"@type\":\"PropertyValueSpecification\",\"valueRequired\":true,\"valueName\":\"search_term_string\"}}],\"inLanguage\":\"fr-FR\"},{\"@type\":\"Organization\",\"@id\":\"https:\/\/mwc-cmm.org\/en\/#organization\",\"name\":\"Mennonite World Conference\",\"alternateName\":\"MWC\",\"url\":\"https:\/\/mwc-cmm.org\/en\/\",\"logo\":{\"@type\":\"ImageObject\",\"inLanguage\":\"fr-FR\",\"@id\":\"https:\/\/mwc-cmm.org\/en\/#\/schema\/logo\/image\/\",\"url\":\"https:\/\/mwc-cmm.org\/wp-content\/uploads\/2026\/01\/MWC_Sig_Blue_Horiz_webheader1-logo.svg\",\"contentUrl\":\"https:\/\/mwc-cmm.org\/wp-content\/uploads\/2026\/01\/MWC_Sig_Blue_Horiz_webheader1-logo.svg\",\"width\":786,\"height\":82,\"caption\":\"Mennonite World Conference\"},\"image\":{\"@id\":\"https:\/\/mwc-cmm.org\/en\/#\/schema\/logo\/image\/\"},\"sameAs\":[\"https:\/\/www.facebook.com\/MennoniteWorldConference\",\"https:\/\/www.linkedin.com\/company\/mennonite-world-conference-mwc\/\",\"https:\/\/www.instagram.com\/mwcmm\/\",\"https:\/\/www.youtube.com\/user\/mwccmm\",\"https:\/\/bsky.app\/profile\/mwcmm.bsky.social\"]},{\"@type\":\"Person\",\"@id\":\"https:\/\/mwc-cmm.org\/en\/#\/schema\/person\/11f6ae0d7d1868ba20a1cc27f067c836\",\"name\":\"mennworldcon\",\"image\":{\"@type\":\"ImageObject\",\"inLanguage\":\"fr-FR\",\"@id\":\"https:\/\/secure.gravatar.com\/avatar\/06fdc0dc81c157dfdb82ec42f252178a22307808988d22c043f9eb96f1e0fe80?s=96&d=mm&r=g\",\"url\":\"https:\/\/secure.gravatar.com\/avatar\/06fdc0dc81c157dfdb82ec42f252178a22307808988d22c043f9eb96f1e0fe80?s=96&d=mm&r=g\",\"contentUrl\":\"https:\/\/secure.gravatar.com\/avatar\/06fdc0dc81c157dfdb82ec42f252178a22307808988d22c043f9eb96f1e0fe80?s=96&d=mm&r=g\",\"caption\":\"mennworldcon\"},\"sameAs\":[\"https:\/\/mwc-cmm.org\"],\"url\":\"https:\/\/mwc-cmm.org\/fr\/stories\/author\/mennworldcon\/\"}]}<\/script>\n<!-- \/ Yoast SEO plugin. -->","yoast_head_json":{"title":"PA 2015 : expositions d\u2019art et ateliers - Mennonite World Conference","robots":{"index":"index","follow":"follow","max-snippet":"max-snippet:-1","max-image-preview":"max-image-preview:large","max-video-preview":"max-video-preview:-1"},"canonical":"https:\/\/mwc-cmm.org\/en\/stories\/pa-2015-to-include-art-exhibits-and-workshops\/","og_locale":"fr_FR","og_type":"article","og_title":"PA 2015 : expositions d\u2019art et ateliers - Mennonite World Conference","og_description":"NULL","og_url":"https:\/\/mwc-cmm.org\/en\/stories\/pa-2015-to-include-art-exhibits-and-workshops\/","og_site_name":"Mennonite World Conference","article_publisher":"https:\/\/www.facebook.com\/MennoniteWorldConference","article_published_time":"2015-04-20T00:00:00+00:00","article_modified_time":"2024-12-10T17:13:27+00:00","og_image":[{"width":2570,"height":1642,"url":"https:\/\/mwc-cmm.org\/wp-content\/uploads\/2024\/11\/mwc_art_exhibit_half_cover.png","type":"image\/png"}],"author":"mennworldcon","schema":{"@context":"https:\/\/schema.org","@graph":[{"@type":"Article","@id":"https:\/\/mwc-cmm.org\/en\/stories\/pa-2015-to-include-art-exhibits-and-workshops\/#article","isPartOf":{"@id":"https:\/\/mwc-cmm.org\/en\/stories\/pa-2015-to-include-art-exhibits-and-workshops\/"},"author":{"name":"mennworldcon","@id":"https:\/\/mwc-cmm.org\/en\/#\/schema\/person\/11f6ae0d7d1868ba20a1cc27f067c836"},"headline":"PA 2015 : expositions d\u2019art et ateliers","datePublished":"2015-04-20T00:00:00+00:00","dateModified":"2024-12-10T17:13:27+00:00","mainEntityOfPage":{"@id":"https:\/\/mwc-cmm.org\/en\/stories\/pa-2015-to-include-art-exhibits-and-workshops\/"},"wordCount":289,"publisher":{"@id":"https:\/\/mwc-cmm.org\/en\/#organization"},"image":{"@id":"https:\/\/mwc-cmm.org\/en\/stories\/pa-2015-to-include-art-exhibits-and-workshops\/#primaryimage"},"thumbnailUrl":"https:\/\/mwc-cmm.org\/wp-content\/uploads\/2024\/11\/mwc_art_exhibit_half_cover.png","keywords":["Assembl\u00e9e","PA2015"],"articleSection":["Non classifi\u00e9(e)"],"inLanguage":"fr-FR"},{"@type":"WebPage","@id":"https:\/\/mwc-cmm.org\/en\/stories\/pa-2015-to-include-art-exhibits-and-workshops\/","url":"https:\/\/mwc-cmm.org\/en\/stories\/pa-2015-to-include-art-exhibits-and-workshops\/","name":"PA 2015 : expositions d\u2019art et ateliers - Mennonite World Conference","isPartOf":{"@id":"https:\/\/mwc-cmm.org\/en\/#website"},"primaryImageOfPage":{"@id":"https:\/\/mwc-cmm.org\/en\/stories\/pa-2015-to-include-art-exhibits-and-workshops\/#primaryimage"},"image":{"@id":"https:\/\/mwc-cmm.org\/en\/stories\/pa-2015-to-include-art-exhibits-and-workshops\/#primaryimage"},"thumbnailUrl":"https:\/\/mwc-cmm.org\/wp-content\/uploads\/2024\/11\/mwc_art_exhibit_half_cover.png","datePublished":"2015-04-20T00:00:00+00:00","dateModified":"2024-12-10T17:13:27+00:00","breadcrumb":{"@id":"https:\/\/mwc-cmm.org\/en\/stories\/pa-2015-to-include-art-exhibits-and-workshops\/#breadcrumb"},"inLanguage":"fr-FR","potentialAction":[{"@type":"ReadAction","target":["https:\/\/mwc-cmm.org\/en\/stories\/pa-2015-to-include-art-exhibits-and-workshops\/"]}]},{"@type":"ImageObject","inLanguage":"fr-FR","@id":"https:\/\/mwc-cmm.org\/en\/stories\/pa-2015-to-include-art-exhibits-and-workshops\/#primaryimage","url":"https:\/\/mwc-cmm.org\/wp-content\/uploads\/2024\/11\/mwc_art_exhibit_half_cover.png","contentUrl":"https:\/\/mwc-cmm.org\/wp-content\/uploads\/2024\/11\/mwc_art_exhibit_half_cover.png","width":2570,"height":1642},{"@type":"BreadcrumbList","@id":"https:\/\/mwc-cmm.org\/en\/stories\/pa-2015-to-include-art-exhibits-and-workshops\/#breadcrumb","itemListElement":[{"@type":"ListItem","position":1,"name":"Home","item":"https:\/\/mwc-cmm.org\/fr\/"},{"@type":"ListItem","position":2,"name":"PA 2015 : expositions d\u2019art et ateliers"}]},{"@type":"WebSite","@id":"https:\/\/mwc-cmm.org\/en\/#website","url":"https:\/\/mwc-cmm.org\/en\/","name":"Mennonite World Conference","description":"A communion of Anabaptist-related churches","publisher":{"@id":"https:\/\/mwc-cmm.org\/en\/#organization"},"alternateName":"MWC","potentialAction":[{"@type":"SearchAction","target":{"@type":"EntryPoint","urlTemplate":"https:\/\/mwc-cmm.org\/en\/?s={search_term_string}"},"query-input":{"@type":"PropertyValueSpecification","valueRequired":true,"valueName":"search_term_string"}}],"inLanguage":"fr-FR"},{"@type":"Organization","@id":"https:\/\/mwc-cmm.org\/en\/#organization","name":"Mennonite World Conference","alternateName":"MWC","url":"https:\/\/mwc-cmm.org\/en\/","logo":{"@type":"ImageObject","inLanguage":"fr-FR","@id":"https:\/\/mwc-cmm.org\/en\/#\/schema\/logo\/image\/","url":"https:\/\/mwc-cmm.org\/wp-content\/uploads\/2026\/01\/MWC_Sig_Blue_Horiz_webheader1-logo.svg","contentUrl":"https:\/\/mwc-cmm.org\/wp-content\/uploads\/2026\/01\/MWC_Sig_Blue_Horiz_webheader1-logo.svg","width":786,"height":82,"caption":"Mennonite World Conference"},"image":{"@id":"https:\/\/mwc-cmm.org\/en\/#\/schema\/logo\/image\/"},"sameAs":["https:\/\/www.facebook.com\/MennoniteWorldConference","https:\/\/www.linkedin.com\/company\/mennonite-world-conference-mwc\/","https:\/\/www.instagram.com\/mwcmm\/","https:\/\/www.youtube.com\/user\/mwccmm","https:\/\/bsky.app\/profile\/mwcmm.bsky.social"]},{"@type":"Person","@id":"https:\/\/mwc-cmm.org\/en\/#\/schema\/person\/11f6ae0d7d1868ba20a1cc27f067c836","name":"mennworldcon","image":{"@type":"ImageObject","inLanguage":"fr-FR","@id":"https:\/\/secure.gravatar.com\/avatar\/06fdc0dc81c157dfdb82ec42f252178a22307808988d22c043f9eb96f1e0fe80?s=96&d=mm&r=g","url":"https:\/\/secure.gravatar.com\/avatar\/06fdc0dc81c157dfdb82ec42f252178a22307808988d22c043f9eb96f1e0fe80?s=96&d=mm&r=g","contentUrl":"https:\/\/secure.gravatar.com\/avatar\/06fdc0dc81c157dfdb82ec42f252178a22307808988d22c043f9eb96f1e0fe80?s=96&d=mm&r=g","caption":"mennworldcon"},"sameAs":["https:\/\/mwc-cmm.org"],"url":"https:\/\/mwc-cmm.org\/fr\/stories\/author\/mennworldcon\/"}]}},"_links":{"self":[{"href":"https:\/\/mwc-cmm.org\/fr\/wp-json\/wp\/v2\/posts\/9705","targetHints":{"allow":["GET"]}}],"collection":[{"href":"https:\/\/mwc-cmm.org\/fr\/wp-json\/wp\/v2\/posts"}],"about":[{"href":"https:\/\/mwc-cmm.org\/fr\/wp-json\/wp\/v2\/types\/post"}],"author":[{"embeddable":true,"href":"https:\/\/mwc-cmm.org\/fr\/wp-json\/wp\/v2\/users\/1"}],"replies":[{"embeddable":true,"href":"https:\/\/mwc-cmm.org\/fr\/wp-json\/wp\/v2\/comments?post=9705"}],"version-history":[{"count":0,"href":"https:\/\/mwc-cmm.org\/fr\/wp-json\/wp\/v2\/posts\/9705\/revisions"}],"wp:featuredmedia":[{"embeddable":true,"href":"https:\/\/mwc-cmm.org\/fr\/wp-json\/wp\/v2\/media\/86708"}],"wp:attachment":[{"href":"https:\/\/mwc-cmm.org\/fr\/wp-json\/wp\/v2\/media?parent=9705"}],"wp:term":[{"taxonomy":"category","embeddable":true,"href":"https:\/\/mwc-cmm.org\/fr\/wp-json\/wp\/v2\/categories?post=9705"},{"taxonomy":"post_tag","embeddable":true,"href":"https:\/\/mwc-cmm.org\/fr\/wp-json\/wp\/v2\/tags?post=9705"},{"taxonomy":"network","embeddable":true,"href":"https:\/\/mwc-cmm.org\/fr\/wp-json\/wp\/v2\/network?post=9705"},{"taxonomy":"eventcategory","embeddable":true,"href":"https:\/\/mwc-cmm.org\/fr\/wp-json\/wp\/v2\/eventcategory?post=9705"}],"curies":[{"name":"wp","href":"https:\/\/api.w.org\/{rel}","templated":true}]}}