{"id":9704,"date":"2015-04-17T00:00:00","date_gmt":"2015-04-17T00:00:00","guid":{"rendered":"https:\/\/mwc-cmm.org\/being-peacemakers-after-charlie-hebdo-attacks-in-france-4\/"},"modified":"2024-12-10T17:13:27","modified_gmt":"2024-12-10T17:13:27","slug":"being-peacemakers-after-charlie-hebdo-attacks-in-france-4","status":"publish","type":"post","link":"https:\/\/mwc-cmm.org\/fr\/stories\/being-peacemakers-after-charlie-hebdo-attacks-in-france-4\/","title":{"rendered":"Apr\u00e8s les attentats Charlie Hebdo en France, \u00eatre artisans de paix"},"content":{"rendered":"<p style=\"margin-left:5.6pt;\">Ingersheim, France \u2013 Notre pays, toute la population et nous-m\u00eames sommes sous le choc des \u00e9v\u00e9nements r\u00e9cents, \u00e0 savoir l\u2019agression terroriste contre les journalistes de Charlie Hebdo, les forces de l&rsquo;ordre et des Fran\u00e7ais de confession juive, \u00e0 Paris, Porte de Vincennes. Les sentiments des uns et des autres vont de la col\u00e8re contre les agissements commis et contre leurs auteurs, \u00e0 la peur devant l\u2019ins\u00e9curit\u00e9 et l\u2019\u00e9volution de la situation, en passant par la tristesse, le malaise ou encore la perplexit\u00e9.<\/p>\n<p>Nous pensons aux personnes d\u00e9c\u00e9d\u00e9es et prions ensemble pour toutes les familles et les proches touch\u00e9s. Nous sommes dans le deuil. Les rassemblements qui ont eu lieu dans beaucoup de villes ont pu t\u00e9moigner de la volont\u00e9 de vouloir vivre ensemble de mani\u00e8re paisible. L&rsquo;indignation est compr\u00e9hensible et doit encourager \u00e0 refuser l&rsquo;indiff\u00e9rence devant d&rsquo;autres trag\u00e9dies travers le monde.<\/p>\n<p>Ce drame devrait aussi nous pousser tous \u00e0 nous interroger sur l&rsquo;\u00e9tat de notre pays, sur les causes profondes qui  conduisent \u00e0  l&rsquo;extr\u00e9misme de certains : sentiment d&rsquo;abandon de populations d\u00e9favoris\u00e9es, absence de rep\u00e8res constructifs, affaiblissement du lien social, interventions militaires, etc.<\/p>\n<p>Au-del\u00e0 des faits, nous pouvons redouter les cons\u00e9quences dans le pays : m\u00e9fiance, tensions, voire passages \u00e0 l&rsquo;acte envers les uns ou les autres, politique s\u00e9curitaire, diabolisation des ennemis. Ce climat risque de faire le jeu de partis semant la haine envers les \u00e9trangers et nos compatriotes musulmans.<\/p>\n<p>Face \u00e0 cette situation d\u00e9grad\u00e9e, les chr\u00e9tiens et les \u00c9glises sont appel\u00e9s \u00e0 r\u00e9pondre \u00e0 la mani\u00e8re de Celui qui est leur Seigneur. \u00ca la haine, J\u00e9sus a r\u00e9pondu par l\u2019amour, \u00e0 la violence, il a r\u00e9pondu par la non-violence, \u00e0 l\u2019exclusion, il a r\u00e9pondu par la main tendue, aux massacres, il a r\u00e9pondu en appelant \u00e0 la conversion.<\/p>\n<p>C\u2019est la mani\u00e8re d\u2019agir de J\u00e9sus qui doit nous guider et nous inciter \u00e0 r\u00e9pondre au mal par la pratique du bien. Prenons l\u2019initiative de manifester le respect, l\u2019amiti\u00e9 et l\u2019hospitalit\u00e9. Refusons de r\u00e9pandre mensonges et clich\u00e9s destructeurs, d\u00e9non\u00e7ons l\u2019incitation aux pr\u00e9jug\u00e9s, aux amalgames et \u00e0 la peur teint\u00e9e de racisme. Collaborons avec d&rsquo;autres pour favoriser la paix sociale.<\/p>\n<p>Prenons des initiatives pour rejoindre les populations qui se sentent exclues, en particulier les jeunes, et ouvrons des dialogues avec nos compatriotes juifs et musulmans pour un r\u00e9el vivre-ensemble dans la cit\u00e9.<\/p>\n<p>Dans le contexte actuel, l&rsquo;ensemble des \u00c9glises et des chr\u00e9tiens sont appel\u00e9s d\u2019une mani\u00e8re nouvelle \u00e0 devenir artisans de paix et de justice.<\/p>\n<p><em>16 janvier 2015 communiqu\u00e9<\/em><em> des \u00c9glises<\/em><em> \u00c9vang\u00e9liques Mennonites de France, sign\u00e9 par<\/em><em> le pr\u00e9sident et les membres de son Bureau, la Commission Foi et Vie, la Commission de R\u00e9flexion pour la Paix<\/em><\/p>\n","protected":false},"excerpt":{"rendered":"<p>NULL<\/p>\n","protected":false},"author":1,"featured_media":91034,"comment_status":"closed","ping_status":"closed","sticky":false,"template":"","format":"standard","meta":{"_acf_changed":false,"footnotes":""},"categories":[7],"tags":[],"network":[],"eventcategory":[],"class_list":["post-9704","post","type-post","status-publish","format-standard","has-post-thumbnail","hentry","category-non-classifiee"],"acf":[],"yoast_head":"<!-- This site is optimized with the Yoast SEO plugin v27.2 - https:\/\/yoast.com\/product\/yoast-seo-wordpress\/ -->\n<title>Apr\u00e8s les attentats Charlie Hebdo en France, \u00eatre artisans de paix - Mennonite World Conference<\/title>\n<meta name=\"robots\" content=\"index, follow, max-snippet:-1, max-image-preview:large, max-video-preview:-1\" \/>\n<link rel=\"canonical\" href=\"https:\/\/mwc-cmm.org\/en\/stories\/being-peacemakers-after-charlie-hebdo-attacks-france\/\" \/>\n<meta property=\"og:locale\" content=\"fr_FR\" \/>\n<meta property=\"og:type\" content=\"article\" \/>\n<meta property=\"og:title\" content=\"Apr\u00e8s les attentats Charlie Hebdo en France, \u00eatre artisans de paix - Mennonite World Conference\" \/>\n<meta property=\"og:description\" content=\"NULL\" \/>\n<meta property=\"og:url\" content=\"https:\/\/mwc-cmm.org\/en\/stories\/being-peacemakers-after-charlie-hebdo-attacks-france\/\" \/>\n<meta property=\"og:site_name\" content=\"Mennonite World Conference\" \/>\n<meta property=\"article:publisher\" content=\"https:\/\/www.facebook.com\/MennoniteWorldConference\" \/>\n<meta property=\"article:published_time\" content=\"2015-04-17T00:00:00+00:00\" \/>\n<meta property=\"article:modified_time\" content=\"2024-12-10T17:13:27+00:00\" \/>\n<meta property=\"og:image\" content=\"https:\/\/mwc-cmm.org\/wp-content\/uploads\/2024\/11\/img_6825-scaled.jpg\" \/>\n\t<meta property=\"og:image:width\" content=\"2560\" \/>\n\t<meta property=\"og:image:height\" content=\"1707\" \/>\n\t<meta property=\"og:image:type\" content=\"image\/jpeg\" \/>\n<meta name=\"author\" content=\"mennworldcon\" \/>\n<script type=\"application\/ld+json\" class=\"yoast-schema-graph\">{\"@context\":\"https:\/\/schema.org\",\"@graph\":[{\"@type\":\"Article\",\"@id\":\"https:\/\/mwc-cmm.org\/en\/stories\/being-peacemakers-after-charlie-hebdo-attacks-france\/#article\",\"isPartOf\":{\"@id\":\"https:\/\/mwc-cmm.org\/en\/stories\/being-peacemakers-after-charlie-hebdo-attacks-france\/\"},\"author\":{\"name\":\"mennworldcon\",\"@id\":\"https:\/\/mwc-cmm.org\/en\/#\/schema\/person\/11f6ae0d7d1868ba20a1cc27f067c836\"},\"headline\":\"Apr\u00e8s les attentats Charlie Hebdo en France, \u00eatre artisans de paix\",\"datePublished\":\"2015-04-17T00:00:00+00:00\",\"dateModified\":\"2024-12-10T17:13:27+00:00\",\"mainEntityOfPage\":{\"@id\":\"https:\/\/mwc-cmm.org\/en\/stories\/being-peacemakers-after-charlie-hebdo-attacks-france\/\"},\"wordCount\":498,\"publisher\":{\"@id\":\"https:\/\/mwc-cmm.org\/en\/#organization\"},\"image\":{\"@id\":\"https:\/\/mwc-cmm.org\/en\/stories\/being-peacemakers-after-charlie-hebdo-attacks-france\/#primaryimage\"},\"thumbnailUrl\":\"https:\/\/mwc-cmm.org\/wp-content\/uploads\/2024\/11\/img_6825-scaled.jpg\",\"articleSection\":[\"Non classifi\u00e9(e)\"],\"inLanguage\":\"fr-FR\"},{\"@type\":\"WebPage\",\"@id\":\"https:\/\/mwc-cmm.org\/en\/stories\/being-peacemakers-after-charlie-hebdo-attacks-france\/\",\"url\":\"https:\/\/mwc-cmm.org\/en\/stories\/being-peacemakers-after-charlie-hebdo-attacks-france\/\",\"name\":\"Apr\u00e8s les attentats Charlie Hebdo en France, \u00eatre artisans de paix - Mennonite World Conference\",\"isPartOf\":{\"@id\":\"https:\/\/mwc-cmm.org\/en\/#website\"},\"primaryImageOfPage\":{\"@id\":\"https:\/\/mwc-cmm.org\/en\/stories\/being-peacemakers-after-charlie-hebdo-attacks-france\/#primaryimage\"},\"image\":{\"@id\":\"https:\/\/mwc-cmm.org\/en\/stories\/being-peacemakers-after-charlie-hebdo-attacks-france\/#primaryimage\"},\"thumbnailUrl\":\"https:\/\/mwc-cmm.org\/wp-content\/uploads\/2024\/11\/img_6825-scaled.jpg\",\"datePublished\":\"2015-04-17T00:00:00+00:00\",\"dateModified\":\"2024-12-10T17:13:27+00:00\",\"breadcrumb\":{\"@id\":\"https:\/\/mwc-cmm.org\/en\/stories\/being-peacemakers-after-charlie-hebdo-attacks-france\/#breadcrumb\"},\"inLanguage\":\"fr-FR\",\"potentialAction\":[{\"@type\":\"ReadAction\",\"target\":[\"https:\/\/mwc-cmm.org\/en\/stories\/being-peacemakers-after-charlie-hebdo-attacks-france\/\"]}]},{\"@type\":\"ImageObject\",\"inLanguage\":\"fr-FR\",\"@id\":\"https:\/\/mwc-cmm.org\/en\/stories\/being-peacemakers-after-charlie-hebdo-attacks-france\/#primaryimage\",\"url\":\"https:\/\/mwc-cmm.org\/wp-content\/uploads\/2024\/11\/img_6825-scaled.jpg\",\"contentUrl\":\"https:\/\/mwc-cmm.org\/wp-content\/uploads\/2024\/11\/img_6825-scaled.jpg\",\"width\":2560,\"height\":1707},{\"@type\":\"BreadcrumbList\",\"@id\":\"https:\/\/mwc-cmm.org\/en\/stories\/being-peacemakers-after-charlie-hebdo-attacks-france\/#breadcrumb\",\"itemListElement\":[{\"@type\":\"ListItem\",\"position\":1,\"name\":\"Home\",\"item\":\"https:\/\/mwc-cmm.org\/fr\/\"},{\"@type\":\"ListItem\",\"position\":2,\"name\":\"Apr\u00e8s les attentats Charlie Hebdo en France, \u00eatre artisans de paix\"}]},{\"@type\":\"WebSite\",\"@id\":\"https:\/\/mwc-cmm.org\/en\/#website\",\"url\":\"https:\/\/mwc-cmm.org\/en\/\",\"name\":\"Mennonite World Conference\",\"description\":\"A communion of Anabaptist-related churches\",\"publisher\":{\"@id\":\"https:\/\/mwc-cmm.org\/en\/#organization\"},\"alternateName\":\"MWC\",\"potentialAction\":[{\"@type\":\"SearchAction\",\"target\":{\"@type\":\"EntryPoint\",\"urlTemplate\":\"https:\/\/mwc-cmm.org\/en\/?s={search_term_string}\"},\"query-input\":{\"@type\":\"PropertyValueSpecification\",\"valueRequired\":true,\"valueName\":\"search_term_string\"}}],\"inLanguage\":\"fr-FR\"},{\"@type\":\"Organization\",\"@id\":\"https:\/\/mwc-cmm.org\/en\/#organization\",\"name\":\"Mennonite World Conference\",\"alternateName\":\"MWC\",\"url\":\"https:\/\/mwc-cmm.org\/en\/\",\"logo\":{\"@type\":\"ImageObject\",\"inLanguage\":\"fr-FR\",\"@id\":\"https:\/\/mwc-cmm.org\/en\/#\/schema\/logo\/image\/\",\"url\":\"https:\/\/mwc-cmm.org\/wp-content\/uploads\/2026\/01\/MWC_Sig_Blue_Horiz_webheader1-logo.svg\",\"contentUrl\":\"https:\/\/mwc-cmm.org\/wp-content\/uploads\/2026\/01\/MWC_Sig_Blue_Horiz_webheader1-logo.svg\",\"width\":786,\"height\":82,\"caption\":\"Mennonite World Conference\"},\"image\":{\"@id\":\"https:\/\/mwc-cmm.org\/en\/#\/schema\/logo\/image\/\"},\"sameAs\":[\"https:\/\/www.facebook.com\/MennoniteWorldConference\",\"https:\/\/www.linkedin.com\/company\/mennonite-world-conference-mwc\/\",\"https:\/\/www.instagram.com\/mwcmm\/\",\"https:\/\/www.youtube.com\/user\/mwccmm\",\"https:\/\/bsky.app\/profile\/mwcmm.bsky.social\"]},{\"@type\":\"Person\",\"@id\":\"https:\/\/mwc-cmm.org\/en\/#\/schema\/person\/11f6ae0d7d1868ba20a1cc27f067c836\",\"name\":\"mennworldcon\",\"image\":{\"@type\":\"ImageObject\",\"inLanguage\":\"fr-FR\",\"@id\":\"https:\/\/secure.gravatar.com\/avatar\/06fdc0dc81c157dfdb82ec42f252178a22307808988d22c043f9eb96f1e0fe80?s=96&d=mm&r=g\",\"url\":\"https:\/\/secure.gravatar.com\/avatar\/06fdc0dc81c157dfdb82ec42f252178a22307808988d22c043f9eb96f1e0fe80?s=96&d=mm&r=g\",\"contentUrl\":\"https:\/\/secure.gravatar.com\/avatar\/06fdc0dc81c157dfdb82ec42f252178a22307808988d22c043f9eb96f1e0fe80?s=96&d=mm&r=g\",\"caption\":\"mennworldcon\"},\"sameAs\":[\"https:\/\/mwc-cmm.org\"],\"url\":\"https:\/\/mwc-cmm.org\/fr\/stories\/author\/mennworldcon\/\"}]}<\/script>\n<!-- \/ Yoast SEO plugin. -->","yoast_head_json":{"title":"Apr\u00e8s les attentats Charlie Hebdo en France, \u00eatre artisans de paix - Mennonite World Conference","robots":{"index":"index","follow":"follow","max-snippet":"max-snippet:-1","max-image-preview":"max-image-preview:large","max-video-preview":"max-video-preview:-1"},"canonical":"https:\/\/mwc-cmm.org\/en\/stories\/being-peacemakers-after-charlie-hebdo-attacks-france\/","og_locale":"fr_FR","og_type":"article","og_title":"Apr\u00e8s les attentats Charlie Hebdo en France, \u00eatre artisans de paix - Mennonite World Conference","og_description":"NULL","og_url":"https:\/\/mwc-cmm.org\/en\/stories\/being-peacemakers-after-charlie-hebdo-attacks-france\/","og_site_name":"Mennonite World Conference","article_publisher":"https:\/\/www.facebook.com\/MennoniteWorldConference","article_published_time":"2015-04-17T00:00:00+00:00","article_modified_time":"2024-12-10T17:13:27+00:00","og_image":[{"width":2560,"height":1707,"url":"https:\/\/mwc-cmm.org\/wp-content\/uploads\/2024\/11\/img_6825-scaled.jpg","type":"image\/jpeg"}],"author":"mennworldcon","schema":{"@context":"https:\/\/schema.org","@graph":[{"@type":"Article","@id":"https:\/\/mwc-cmm.org\/en\/stories\/being-peacemakers-after-charlie-hebdo-attacks-france\/#article","isPartOf":{"@id":"https:\/\/mwc-cmm.org\/en\/stories\/being-peacemakers-after-charlie-hebdo-attacks-france\/"},"author":{"name":"mennworldcon","@id":"https:\/\/mwc-cmm.org\/en\/#\/schema\/person\/11f6ae0d7d1868ba20a1cc27f067c836"},"headline":"Apr\u00e8s les attentats Charlie Hebdo en France, \u00eatre artisans de paix","datePublished":"2015-04-17T00:00:00+00:00","dateModified":"2024-12-10T17:13:27+00:00","mainEntityOfPage":{"@id":"https:\/\/mwc-cmm.org\/en\/stories\/being-peacemakers-after-charlie-hebdo-attacks-france\/"},"wordCount":498,"publisher":{"@id":"https:\/\/mwc-cmm.org\/en\/#organization"},"image":{"@id":"https:\/\/mwc-cmm.org\/en\/stories\/being-peacemakers-after-charlie-hebdo-attacks-france\/#primaryimage"},"thumbnailUrl":"https:\/\/mwc-cmm.org\/wp-content\/uploads\/2024\/11\/img_6825-scaled.jpg","articleSection":["Non classifi\u00e9(e)"],"inLanguage":"fr-FR"},{"@type":"WebPage","@id":"https:\/\/mwc-cmm.org\/en\/stories\/being-peacemakers-after-charlie-hebdo-attacks-france\/","url":"https:\/\/mwc-cmm.org\/en\/stories\/being-peacemakers-after-charlie-hebdo-attacks-france\/","name":"Apr\u00e8s les attentats Charlie Hebdo en France, \u00eatre artisans de paix - Mennonite World Conference","isPartOf":{"@id":"https:\/\/mwc-cmm.org\/en\/#website"},"primaryImageOfPage":{"@id":"https:\/\/mwc-cmm.org\/en\/stories\/being-peacemakers-after-charlie-hebdo-attacks-france\/#primaryimage"},"image":{"@id":"https:\/\/mwc-cmm.org\/en\/stories\/being-peacemakers-after-charlie-hebdo-attacks-france\/#primaryimage"},"thumbnailUrl":"https:\/\/mwc-cmm.org\/wp-content\/uploads\/2024\/11\/img_6825-scaled.jpg","datePublished":"2015-04-17T00:00:00+00:00","dateModified":"2024-12-10T17:13:27+00:00","breadcrumb":{"@id":"https:\/\/mwc-cmm.org\/en\/stories\/being-peacemakers-after-charlie-hebdo-attacks-france\/#breadcrumb"},"inLanguage":"fr-FR","potentialAction":[{"@type":"ReadAction","target":["https:\/\/mwc-cmm.org\/en\/stories\/being-peacemakers-after-charlie-hebdo-attacks-france\/"]}]},{"@type":"ImageObject","inLanguage":"fr-FR","@id":"https:\/\/mwc-cmm.org\/en\/stories\/being-peacemakers-after-charlie-hebdo-attacks-france\/#primaryimage","url":"https:\/\/mwc-cmm.org\/wp-content\/uploads\/2024\/11\/img_6825-scaled.jpg","contentUrl":"https:\/\/mwc-cmm.org\/wp-content\/uploads\/2024\/11\/img_6825-scaled.jpg","width":2560,"height":1707},{"@type":"BreadcrumbList","@id":"https:\/\/mwc-cmm.org\/en\/stories\/being-peacemakers-after-charlie-hebdo-attacks-france\/#breadcrumb","itemListElement":[{"@type":"ListItem","position":1,"name":"Home","item":"https:\/\/mwc-cmm.org\/fr\/"},{"@type":"ListItem","position":2,"name":"Apr\u00e8s les attentats Charlie Hebdo en France, \u00eatre artisans de paix"}]},{"@type":"WebSite","@id":"https:\/\/mwc-cmm.org\/en\/#website","url":"https:\/\/mwc-cmm.org\/en\/","name":"Mennonite World Conference","description":"A communion of Anabaptist-related churches","publisher":{"@id":"https:\/\/mwc-cmm.org\/en\/#organization"},"alternateName":"MWC","potentialAction":[{"@type":"SearchAction","target":{"@type":"EntryPoint","urlTemplate":"https:\/\/mwc-cmm.org\/en\/?s={search_term_string}"},"query-input":{"@type":"PropertyValueSpecification","valueRequired":true,"valueName":"search_term_string"}}],"inLanguage":"fr-FR"},{"@type":"Organization","@id":"https:\/\/mwc-cmm.org\/en\/#organization","name":"Mennonite World Conference","alternateName":"MWC","url":"https:\/\/mwc-cmm.org\/en\/","logo":{"@type":"ImageObject","inLanguage":"fr-FR","@id":"https:\/\/mwc-cmm.org\/en\/#\/schema\/logo\/image\/","url":"https:\/\/mwc-cmm.org\/wp-content\/uploads\/2026\/01\/MWC_Sig_Blue_Horiz_webheader1-logo.svg","contentUrl":"https:\/\/mwc-cmm.org\/wp-content\/uploads\/2026\/01\/MWC_Sig_Blue_Horiz_webheader1-logo.svg","width":786,"height":82,"caption":"Mennonite World Conference"},"image":{"@id":"https:\/\/mwc-cmm.org\/en\/#\/schema\/logo\/image\/"},"sameAs":["https:\/\/www.facebook.com\/MennoniteWorldConference","https:\/\/www.linkedin.com\/company\/mennonite-world-conference-mwc\/","https:\/\/www.instagram.com\/mwcmm\/","https:\/\/www.youtube.com\/user\/mwccmm","https:\/\/bsky.app\/profile\/mwcmm.bsky.social"]},{"@type":"Person","@id":"https:\/\/mwc-cmm.org\/en\/#\/schema\/person\/11f6ae0d7d1868ba20a1cc27f067c836","name":"mennworldcon","image":{"@type":"ImageObject","inLanguage":"fr-FR","@id":"https:\/\/secure.gravatar.com\/avatar\/06fdc0dc81c157dfdb82ec42f252178a22307808988d22c043f9eb96f1e0fe80?s=96&d=mm&r=g","url":"https:\/\/secure.gravatar.com\/avatar\/06fdc0dc81c157dfdb82ec42f252178a22307808988d22c043f9eb96f1e0fe80?s=96&d=mm&r=g","contentUrl":"https:\/\/secure.gravatar.com\/avatar\/06fdc0dc81c157dfdb82ec42f252178a22307808988d22c043f9eb96f1e0fe80?s=96&d=mm&r=g","caption":"mennworldcon"},"sameAs":["https:\/\/mwc-cmm.org"],"url":"https:\/\/mwc-cmm.org\/fr\/stories\/author\/mennworldcon\/"}]}},"_links":{"self":[{"href":"https:\/\/mwc-cmm.org\/fr\/wp-json\/wp\/v2\/posts\/9704","targetHints":{"allow":["GET"]}}],"collection":[{"href":"https:\/\/mwc-cmm.org\/fr\/wp-json\/wp\/v2\/posts"}],"about":[{"href":"https:\/\/mwc-cmm.org\/fr\/wp-json\/wp\/v2\/types\/post"}],"author":[{"embeddable":true,"href":"https:\/\/mwc-cmm.org\/fr\/wp-json\/wp\/v2\/users\/1"}],"replies":[{"embeddable":true,"href":"https:\/\/mwc-cmm.org\/fr\/wp-json\/wp\/v2\/comments?post=9704"}],"version-history":[{"count":0,"href":"https:\/\/mwc-cmm.org\/fr\/wp-json\/wp\/v2\/posts\/9704\/revisions"}],"wp:featuredmedia":[{"embeddable":true,"href":"https:\/\/mwc-cmm.org\/fr\/wp-json\/wp\/v2\/media\/91034"}],"wp:attachment":[{"href":"https:\/\/mwc-cmm.org\/fr\/wp-json\/wp\/v2\/media?parent=9704"}],"wp:term":[{"taxonomy":"category","embeddable":true,"href":"https:\/\/mwc-cmm.org\/fr\/wp-json\/wp\/v2\/categories?post=9704"},{"taxonomy":"post_tag","embeddable":true,"href":"https:\/\/mwc-cmm.org\/fr\/wp-json\/wp\/v2\/tags?post=9704"},{"taxonomy":"network","embeddable":true,"href":"https:\/\/mwc-cmm.org\/fr\/wp-json\/wp\/v2\/network?post=9704"},{"taxonomy":"eventcategory","embeddable":true,"href":"https:\/\/mwc-cmm.org\/fr\/wp-json\/wp\/v2\/eventcategory?post=9704"}],"curies":[{"name":"wp","href":"https:\/\/api.w.org\/{rel}","templated":true}]}}