{"id":9702,"date":"2015-05-04T00:00:00","date_gmt":"2015-05-04T00:00:00","guid":{"rendered":"https:\/\/mwc-cmm.org\/panama-mennonites-request-prayer-for-land-struggle-4\/"},"modified":"2024-12-10T17:13:26","modified_gmt":"2024-12-10T17:13:26","slug":"les-mennonites-de-panama-demandent-la-priere-pour-les-revendications","status":"publish","type":"post","link":"https:\/\/mwc-cmm.org\/fr\/stories\/les-mennonites-de-panama-demandent-la-priere-pour-les-revendications\/","title":{"rendered":"Les mennonites de Panama demandent la pri\u00e8re pour les revendications territoriales"},"content":{"rendered":"<p>Panama \u2013 La pri\u00e8re pour les revendications territoriales fut la principale requ\u00eate entendue par une d\u00e9l\u00e9gation de la Conf\u00e9rence Mennonite Mondiale lors d\u2019une visite effectu\u00e9e en f\u00e9vrier 2015 aux responsables d\u2019\u00e9glises et de communaut\u00e9s autochtones au Panama.<\/p>\n<p>Les dirigeants de l\u2019\u00e9glise membre de la CMM, <em>Iglesia Evang\u00e9lica Unida Hermanos Menonitas de Panam\u00e1 <\/em>(\u00c9glise \u00e9vang\u00e9lique unie des fr\u00e8res mennonites du Panama), a invit\u00e9 une d\u00e9l\u00e9gation de la CMM pour l\u2019informer au sujet de la longue lutte men\u00e9e pour l\u2019obtention l\u00e9gale des titres de propri\u00e9t\u00e9, reconnus et effectifs, des territoires ancestraux.<\/p>\n<p>Malgr\u00e9 les garanties constitutionnelles de la propri\u00e9t\u00e9 fonci\u00e8re, le gouvernement fait peu pour emp\u00eacher les colons ill\u00e9gaux de prendre les terres, d\u2019abattre et de vendre des arbres &#8211; en particulier le cocobolo &#8211; et d&rsquo;utiliser les terres pour l&rsquo;\u00e9levage.<\/p>\n<p>La d\u00e9l\u00e9gation, sous les auspices de deux Commissions de la CMM (Paix et Diacres), \u00e9tait constitu\u00e9e de quatre personnes&nbsp;: Joji Pantoja des Philippines, Jack Suderman du Canada, Gladys Siemens du Br\u00e9sil et Henk Stenvers des Pays-Bas.<\/p>\n<p>Dans la ville de Panama, ils ont rencontr\u00e9 toute une journ\u00e9e les responsables d\u2019\u00e9glises qui jouent aussi un r\u00f4le de direction au Congr\u00e8s national du peuple Wounaan. Puis, ils ont visit\u00e9 trois villages par bateau, planifiant les d\u00e9parts et les arriv\u00e9es au rythme de la mar\u00e9e montante des rivi\u00e8res int\u00e9rieures.<\/p>\n<p>Dans chaque village, il y avait un culte en soir\u00e9e et un s\u00e9jour d\u2019une nuit\u00e9e. Le matin, la d\u00e9l\u00e9gation \u00e9coutait des histoires qui montrent que l\u2019empi\u00e8tement sur les terres autochtones fait perdre l\u2019espoir et la patience des villageois qui ont l\u2019impression que leurs appels \u00e0 l&rsquo;aide ne sont pas entendus<\/p>\n<p>La d\u00e9l\u00e9gation a vu \u00e0 plusieurs reprises une foi ferme en la puissance de la pri\u00e8re et le plaidoyer de la communaut\u00e9 de foi mondiale. La pri\u00e8re ci-annex\u00e9e reprend des sujets de pri\u00e8re sp\u00e9cifiques entendus lors des conversations auxquelles la d\u00e9l\u00e9gation a pris part.<\/p>\n<p>\u00ab&nbsp;Ils comprennent \u2013 du moins en partie \u2013 les limites de nos capacit\u00e9s&nbsp;\u00bb, a not\u00e9 Jack Suderman dans l\u2019\u00e9bauche du rapport de la d\u00e9l\u00e9gation. \u00ab&nbsp;Ils comprennent aussi la puissance de Dieu dans la pri\u00e8re du peuple de Dieu. L\u2019id\u00e9e de permettre que leur histoire soit rendue publique est, en soi, le plus grand espoir de ces leaders. Il existe un sentiment profond que la v\u00e9rit\u00e9 l\u2019emportera un jour ou l\u2019autre, mais il faut que les besoins soient expos\u00e9s et rendus publiques.&nbsp;\u00bb<\/p>\n<p>Les responsables d\u2019\u00e9glises ont aussi demand\u00e9 de l\u2019aide pour la formation de leader dans des domaines tels que la r\u00e9solution de conflit, la formation de l\u2019identit\u00e9, la justice r\u00e9paratrice, et les strat\u00e9gies non violentes. De plus, ils ont demand\u00e9 un plaidoyer dans des forums internationaux tels que les Nations Unies, l\u2019Organisation des \u00c9tats am\u00e9ricains, et le gouvernement du Panama.<\/p>\n<p><em>Communiqu\u00e9 de la CMM<\/em><\/p>\n<p>&nbsp;<\/p>\n<h3><span style=\"font-size:14px\">Pri\u00e8re<\/span><\/h3>\n<div>&nbsp;<\/div>\n<div><em>La Commission Diaconie et Paix de l\u2019Iglesia Evang\u00e9lica Unida Hermanos Menonitas de Panam\u00e1 (\u00c9glise \u00e9vang\u00e9lique unie des fr\u00e8res mennonites du Panama) a demand\u00e9 que le peuple de Dieu, partout dans le monde, prononcent cette pri\u00e8re \u00e0 leur sujet. <\/em><\/div>\n<div>&nbsp;&nbsp;&nbsp;&nbsp;&nbsp;&nbsp;&nbsp;&nbsp;&nbsp;&nbsp;&nbsp;&nbsp;&nbsp;&nbsp;&nbsp;&nbsp;&nbsp;&nbsp;&nbsp;&nbsp;&nbsp;&nbsp;&nbsp;&nbsp;&nbsp;&nbsp;&nbsp;&nbsp;&nbsp;&nbsp;&nbsp;&nbsp;&nbsp;&nbsp;&nbsp;&nbsp;&nbsp;&nbsp;&nbsp;&nbsp;&nbsp;&nbsp;&nbsp;&nbsp;&nbsp;&nbsp;&nbsp;&nbsp;&nbsp;&nbsp;&nbsp;&nbsp;&nbsp;&nbsp;&nbsp;&nbsp;&nbsp;&nbsp;&nbsp;&nbsp;&nbsp;&nbsp;&nbsp;&nbsp;&nbsp;&nbsp;&nbsp;&nbsp;&nbsp;&nbsp;&nbsp;&nbsp;&nbsp;&nbsp;&nbsp;&nbsp;&nbsp;&nbsp;&nbsp;&nbsp;&nbsp;&nbsp;&nbsp;&nbsp;&nbsp;&nbsp;&nbsp;&nbsp;&nbsp;&nbsp;<\/div>\n<div>Dieu cr\u00e9ateur de justice, de paix, d\u2019amour et de mis\u00e9ricorde,<\/div>\n<div>&nbsp;<\/div>\n<div>Tu connais les luttes de ton peuple.<\/div>\n<div>Tu connais les luttes du peuple Wounaan au Panama; une lutte de justice li\u00e9e \u00e0 leur domaine ancestral aux prises avec des invasions ininterrompues de ses terres.<\/div>\n<div>&nbsp;<\/div>\n<div>Nous te prions.<\/div>\n<div>Nous d\u00e9plorons la perte actuelle de pr\u00e9cieuses ressources pour le peuple Wounaan.<\/div>\n<div>Nous prions que le gouvernement du Panama puisse agir pour garantir le titre collectif du territoire.&nbsp;<\/div>\n<div>&nbsp;<\/div>\n<div>Nous te prions pour que justice soit faite dans le cas des trois hommes qui ont \u00e9t\u00e9 faussement accus\u00e9s et condamn\u00e9s \u00e0 20 ans d\u2019emprisonnement \u00e0 cause de leur r\u00f4le dans cette revendication territoriale.<\/div>\n<div>&nbsp;<\/div>\n<div>Nous prions pour ta justice dans le processus judiciaire men\u00e9 par l\u2019avocat Leonidas Quir\u00f3z; processus qui semble encore manquer d\u2019\u00e9coute et de c\u0153urs bien dispos\u00e9s pour r\u00e9soudre ces conflits.<\/div>\n<div>&nbsp;<\/div>\n<div>Nous demandons la sagesse et la patience pour les pasteurs locaux et les responsables de la Conf\u00e9rence de l\u2019\u00c9glise \u00e9vang\u00e9lique unie des fr\u00e8res mennonites du Panama.<\/div>\n<div>&nbsp;<\/div>\n<div>Nous rendons gr\u00e2ce pour leur ferme intention de garder cette lutte libre de violence.<\/div>\n<div>Nous rendons gr\u00e2ce pour leurs pr\u00e9occupations \u00e0 l\u2019\u00e9gard de la flore et la faune vivifiantes, cr\u00e9\u00e9es pour assurer la vie des g\u00e9n\u00e9rations \u00e0 venir.<\/div>\n<div>Nous rendons gr\u00e2ce pour leur sagesse et leur patience.<\/div>\n<div>Nous rendons gr\u00e2ce car ils sont ton peuple et tu es leur Dieu.<\/div>\n<div>&nbsp;<\/div>\n<div>Merci Dieu d\u2019\u00e9couter notre lamentation. Merci de conna\u00eetre l\u2019int\u00e9grit\u00e9 de notre c\u0153ur. Merci parce que ta volont\u00e9, c\u2019est le bien de toute la cr\u00e9ation.<\/div>\n<div>&nbsp;<\/div>\n<div>Que ta volont\u00e9 soit faite.<\/div>\n<div>&nbsp;<\/div>\n<div>Amen.<\/div>\n<p>&nbsp;<\/p>\n","protected":false},"excerpt":{"rendered":"<p>Panama \u2013 La pri\u00e8re pour les revendications territoriales fut la principale requ\u00eate entendue par une d\u00e9l\u00e9gation de la Conf\u00e9rence Mennonite Mondiale lors d\u2019une visite effectu\u00e9e en f\u00e9vrier 2015 aux responsables d\u2019\u00e9glises et de communaut\u00e9s autochtones au Panama. Les dirigeants de l\u2019\u00e9glise membre de la CMM, Iglesia Evang\u00e9lica Unida Hermanos Menonitas de Panam\u00e1 (\u00c9glise \u00e9vang\u00e9lique unie [&hellip;]<\/p>\n","protected":false},"author":1,"featured_media":86680,"comment_status":"closed","ping_status":"closed","sticky":false,"template":"","format":"standard","meta":{"_acf_changed":false,"footnotes":""},"categories":[7],"tags":[],"network":[1254],"eventcategory":[],"class_list":["post-9702","post","type-post","status-publish","format-standard","has-post-thumbnail","hentry","category-non-classifiee","network-peace-commission-fr"],"acf":[],"yoast_head":"<!-- This site is optimized with the Yoast SEO plugin v27.5 - https:\/\/yoast.com\/product\/yoast-seo-wordpress\/ -->\n<title>Les mennonites de Panama demandent la pri\u00e8re pour les revendications territoriales - Mennonite World Conference<\/title>\n<meta name=\"robots\" content=\"index, follow, max-snippet:-1, max-image-preview:large, max-video-preview:-1\" \/>\n<link rel=\"canonical\" href=\"https:\/\/mwc-cmm.org\/en\/stories\/panama-mennonites-request-prayer-land-struggle\/\" \/>\n<meta property=\"og:locale\" content=\"fr_FR\" \/>\n<meta property=\"og:type\" content=\"article\" \/>\n<meta property=\"og:title\" content=\"Les mennonites de Panama demandent la pri\u00e8re pour les revendications territoriales - Mennonite World Conference\" \/>\n<meta property=\"og:description\" content=\"Panama \u2013 La pri\u00e8re pour les revendications territoriales fut la principale requ\u00eate entendue par une d\u00e9l\u00e9gation de la Conf\u00e9rence Mennonite Mondiale lors d\u2019une visite effectu\u00e9e en f\u00e9vrier 2015 aux responsables d\u2019\u00e9glises et de communaut\u00e9s autochtones au Panama. Les dirigeants de l\u2019\u00e9glise membre de la CMM, Iglesia Evang\u00e9lica Unida Hermanos Menonitas de Panam\u00e1 (\u00c9glise \u00e9vang\u00e9lique unie [&hellip;]\" \/>\n<meta property=\"og:url\" content=\"https:\/\/mwc-cmm.org\/en\/stories\/panama-mennonites-request-prayer-land-struggle\/\" \/>\n<meta property=\"og:site_name\" content=\"Mennonite World Conference\" \/>\n<meta property=\"article:publisher\" content=\"https:\/\/www.facebook.com\/MennoniteWorldConference\" \/>\n<meta property=\"article:published_time\" content=\"2015-05-04T00:00:00+00:00\" \/>\n<meta property=\"article:modified_time\" content=\"2024-12-10T17:13:26+00:00\" \/>\n<meta property=\"og:image\" content=\"https:\/\/mwc-cmm.org\/wp-content\/uploads\/2024\/11\/panama_photo.jpg\" \/>\n\t<meta property=\"og:image:width\" content=\"576\" \/>\n\t<meta property=\"og:image:height\" content=\"384\" \/>\n\t<meta property=\"og:image:type\" content=\"image\/jpeg\" \/>\n<meta name=\"author\" content=\"mennworldcon\" \/>\n<script type=\"application\/ld+json\" class=\"yoast-schema-graph\">{\"@context\":\"https:\\\/\\\/schema.org\",\"@graph\":[{\"@type\":\"Article\",\"@id\":\"https:\\\/\\\/mwc-cmm.org\\\/en\\\/stories\\\/panama-mennonites-request-prayer-land-struggle\\\/#article\",\"isPartOf\":{\"@id\":\"https:\\\/\\\/mwc-cmm.org\\\/en\\\/stories\\\/panama-mennonites-request-prayer-land-struggle\\\/\"},\"author\":{\"name\":\"mennworldcon\",\"@id\":\"https:\\\/\\\/mwc-cmm.org\\\/en\\\/#\\\/schema\\\/person\\\/11f6ae0d7d1868ba20a1cc27f067c836\"},\"headline\":\"Les mennonites de Panama demandent la pri\u00e8re pour les revendications territoriales\",\"datePublished\":\"2015-05-04T00:00:00+00:00\",\"dateModified\":\"2024-12-10T17:13:26+00:00\",\"mainEntityOfPage\":{\"@id\":\"https:\\\/\\\/mwc-cmm.org\\\/en\\\/stories\\\/panama-mennonites-request-prayer-land-struggle\\\/\"},\"wordCount\":974,\"publisher\":{\"@id\":\"https:\\\/\\\/mwc-cmm.org\\\/en\\\/#organization\"},\"image\":{\"@id\":\"https:\\\/\\\/mwc-cmm.org\\\/en\\\/stories\\\/panama-mennonites-request-prayer-land-struggle\\\/#primaryimage\"},\"thumbnailUrl\":\"https:\\\/\\\/mwc-cmm.org\\\/wp-content\\\/uploads\\\/2024\\\/11\\\/panama_photo.jpg\",\"articleSection\":[\"Non classifi\u00e9(e)\"],\"inLanguage\":\"fr-FR\"},{\"@type\":\"WebPage\",\"@id\":\"https:\\\/\\\/mwc-cmm.org\\\/en\\\/stories\\\/panama-mennonites-request-prayer-land-struggle\\\/\",\"url\":\"https:\\\/\\\/mwc-cmm.org\\\/en\\\/stories\\\/panama-mennonites-request-prayer-land-struggle\\\/\",\"name\":\"Les mennonites de Panama demandent la pri\u00e8re pour les revendications territoriales - Mennonite World Conference\",\"isPartOf\":{\"@id\":\"https:\\\/\\\/mwc-cmm.org\\\/en\\\/#website\"},\"primaryImageOfPage\":{\"@id\":\"https:\\\/\\\/mwc-cmm.org\\\/en\\\/stories\\\/panama-mennonites-request-prayer-land-struggle\\\/#primaryimage\"},\"image\":{\"@id\":\"https:\\\/\\\/mwc-cmm.org\\\/en\\\/stories\\\/panama-mennonites-request-prayer-land-struggle\\\/#primaryimage\"},\"thumbnailUrl\":\"https:\\\/\\\/mwc-cmm.org\\\/wp-content\\\/uploads\\\/2024\\\/11\\\/panama_photo.jpg\",\"datePublished\":\"2015-05-04T00:00:00+00:00\",\"dateModified\":\"2024-12-10T17:13:26+00:00\",\"breadcrumb\":{\"@id\":\"https:\\\/\\\/mwc-cmm.org\\\/en\\\/stories\\\/panama-mennonites-request-prayer-land-struggle\\\/#breadcrumb\"},\"inLanguage\":\"fr-FR\",\"potentialAction\":[{\"@type\":\"ReadAction\",\"target\":[\"https:\\\/\\\/mwc-cmm.org\\\/en\\\/stories\\\/panama-mennonites-request-prayer-land-struggle\\\/\"]}]},{\"@type\":\"ImageObject\",\"inLanguage\":\"fr-FR\",\"@id\":\"https:\\\/\\\/mwc-cmm.org\\\/en\\\/stories\\\/panama-mennonites-request-prayer-land-struggle\\\/#primaryimage\",\"url\":\"https:\\\/\\\/mwc-cmm.org\\\/wp-content\\\/uploads\\\/2024\\\/11\\\/panama_photo.jpg\",\"contentUrl\":\"https:\\\/\\\/mwc-cmm.org\\\/wp-content\\\/uploads\\\/2024\\\/11\\\/panama_photo.jpg\",\"width\":576,\"height\":384},{\"@type\":\"BreadcrumbList\",\"@id\":\"https:\\\/\\\/mwc-cmm.org\\\/en\\\/stories\\\/panama-mennonites-request-prayer-land-struggle\\\/#breadcrumb\",\"itemListElement\":[{\"@type\":\"ListItem\",\"position\":1,\"name\":\"Home\",\"item\":\"https:\\\/\\\/mwc-cmm.org\\\/fr\\\/\"},{\"@type\":\"ListItem\",\"position\":2,\"name\":\"Les mennonites de Panama demandent la pri\u00e8re pour les revendications territoriales\"}]},{\"@type\":\"WebSite\",\"@id\":\"https:\\\/\\\/mwc-cmm.org\\\/en\\\/#website\",\"url\":\"https:\\\/\\\/mwc-cmm.org\\\/en\\\/\",\"name\":\"Mennonite World Conference\",\"description\":\"A communion of Anabaptist-related churches\",\"publisher\":{\"@id\":\"https:\\\/\\\/mwc-cmm.org\\\/en\\\/#organization\"},\"alternateName\":\"MWC\",\"potentialAction\":[{\"@type\":\"SearchAction\",\"target\":{\"@type\":\"EntryPoint\",\"urlTemplate\":\"https:\\\/\\\/mwc-cmm.org\\\/en\\\/?s={search_term_string}\"},\"query-input\":{\"@type\":\"PropertyValueSpecification\",\"valueRequired\":true,\"valueName\":\"search_term_string\"}}],\"inLanguage\":\"fr-FR\"},{\"@type\":\"Organization\",\"@id\":\"https:\\\/\\\/mwc-cmm.org\\\/en\\\/#organization\",\"name\":\"Mennonite World Conference\",\"alternateName\":\"MWC\",\"url\":\"https:\\\/\\\/mwc-cmm.org\\\/en\\\/\",\"logo\":{\"@type\":\"ImageObject\",\"inLanguage\":\"fr-FR\",\"@id\":\"https:\\\/\\\/mwc-cmm.org\\\/en\\\/#\\\/schema\\\/logo\\\/image\\\/\",\"url\":\"https:\\\/\\\/mwc-cmm.org\\\/wp-content\\\/uploads\\\/2026\\\/01\\\/MWC_Sig_Blue_Horiz_webheader1-logo.svg\",\"contentUrl\":\"https:\\\/\\\/mwc-cmm.org\\\/wp-content\\\/uploads\\\/2026\\\/01\\\/MWC_Sig_Blue_Horiz_webheader1-logo.svg\",\"width\":786,\"height\":82,\"caption\":\"Mennonite World Conference\"},\"image\":{\"@id\":\"https:\\\/\\\/mwc-cmm.org\\\/en\\\/#\\\/schema\\\/logo\\\/image\\\/\"},\"sameAs\":[\"https:\\\/\\\/www.facebook.com\\\/MennoniteWorldConference\",\"https:\\\/\\\/www.linkedin.com\\\/company\\\/mennonite-world-conference-mwc\\\/\",\"https:\\\/\\\/www.instagram.com\\\/mwcmm\\\/\",\"https:\\\/\\\/www.youtube.com\\\/user\\\/mwccmm\",\"https:\\\/\\\/bsky.app\\\/profile\\\/mwcmm.bsky.social\"]},{\"@type\":\"Person\",\"@id\":\"https:\\\/\\\/mwc-cmm.org\\\/en\\\/#\\\/schema\\\/person\\\/11f6ae0d7d1868ba20a1cc27f067c836\",\"name\":\"mennworldcon\",\"image\":{\"@type\":\"ImageObject\",\"inLanguage\":\"fr-FR\",\"@id\":\"https:\\\/\\\/secure.gravatar.com\\\/avatar\\\/06fdc0dc81c157dfdb82ec42f252178a22307808988d22c043f9eb96f1e0fe80?s=96&d=mm&r=g\",\"url\":\"https:\\\/\\\/secure.gravatar.com\\\/avatar\\\/06fdc0dc81c157dfdb82ec42f252178a22307808988d22c043f9eb96f1e0fe80?s=96&d=mm&r=g\",\"contentUrl\":\"https:\\\/\\\/secure.gravatar.com\\\/avatar\\\/06fdc0dc81c157dfdb82ec42f252178a22307808988d22c043f9eb96f1e0fe80?s=96&d=mm&r=g\",\"caption\":\"mennworldcon\"},\"sameAs\":[\"https:\\\/\\\/mwc-cmm.org\"],\"url\":\"https:\\\/\\\/mwc-cmm.org\\\/fr\\\/stories\\\/author\\\/mennworldcon\\\/\"}]}<\/script>\n<!-- \/ Yoast SEO plugin. -->","yoast_head_json":{"title":"Les mennonites de Panama demandent la pri\u00e8re pour les revendications territoriales - Mennonite World Conference","robots":{"index":"index","follow":"follow","max-snippet":"max-snippet:-1","max-image-preview":"max-image-preview:large","max-video-preview":"max-video-preview:-1"},"canonical":"https:\/\/mwc-cmm.org\/en\/stories\/panama-mennonites-request-prayer-land-struggle\/","og_locale":"fr_FR","og_type":"article","og_title":"Les mennonites de Panama demandent la pri\u00e8re pour les revendications territoriales - Mennonite World Conference","og_description":"Panama \u2013 La pri\u00e8re pour les revendications territoriales fut la principale requ\u00eate entendue par une d\u00e9l\u00e9gation de la Conf\u00e9rence Mennonite Mondiale lors d\u2019une visite effectu\u00e9e en f\u00e9vrier 2015 aux responsables d\u2019\u00e9glises et de communaut\u00e9s autochtones au Panama. Les dirigeants de l\u2019\u00e9glise membre de la CMM, Iglesia Evang\u00e9lica Unida Hermanos Menonitas de Panam\u00e1 (\u00c9glise \u00e9vang\u00e9lique unie [&hellip;]","og_url":"https:\/\/mwc-cmm.org\/en\/stories\/panama-mennonites-request-prayer-land-struggle\/","og_site_name":"Mennonite World Conference","article_publisher":"https:\/\/www.facebook.com\/MennoniteWorldConference","article_published_time":"2015-05-04T00:00:00+00:00","article_modified_time":"2024-12-10T17:13:26+00:00","og_image":[{"width":576,"height":384,"url":"https:\/\/mwc-cmm.org\/wp-content\/uploads\/2024\/11\/panama_photo.jpg","type":"image\/jpeg"}],"author":"mennworldcon","schema":{"@context":"https:\/\/schema.org","@graph":[{"@type":"Article","@id":"https:\/\/mwc-cmm.org\/en\/stories\/panama-mennonites-request-prayer-land-struggle\/#article","isPartOf":{"@id":"https:\/\/mwc-cmm.org\/en\/stories\/panama-mennonites-request-prayer-land-struggle\/"},"author":{"name":"mennworldcon","@id":"https:\/\/mwc-cmm.org\/en\/#\/schema\/person\/11f6ae0d7d1868ba20a1cc27f067c836"},"headline":"Les mennonites de Panama demandent la pri\u00e8re pour les revendications territoriales","datePublished":"2015-05-04T00:00:00+00:00","dateModified":"2024-12-10T17:13:26+00:00","mainEntityOfPage":{"@id":"https:\/\/mwc-cmm.org\/en\/stories\/panama-mennonites-request-prayer-land-struggle\/"},"wordCount":974,"publisher":{"@id":"https:\/\/mwc-cmm.org\/en\/#organization"},"image":{"@id":"https:\/\/mwc-cmm.org\/en\/stories\/panama-mennonites-request-prayer-land-struggle\/#primaryimage"},"thumbnailUrl":"https:\/\/mwc-cmm.org\/wp-content\/uploads\/2024\/11\/panama_photo.jpg","articleSection":["Non classifi\u00e9(e)"],"inLanguage":"fr-FR"},{"@type":"WebPage","@id":"https:\/\/mwc-cmm.org\/en\/stories\/panama-mennonites-request-prayer-land-struggle\/","url":"https:\/\/mwc-cmm.org\/en\/stories\/panama-mennonites-request-prayer-land-struggle\/","name":"Les mennonites de Panama demandent la pri\u00e8re pour les revendications territoriales - Mennonite World Conference","isPartOf":{"@id":"https:\/\/mwc-cmm.org\/en\/#website"},"primaryImageOfPage":{"@id":"https:\/\/mwc-cmm.org\/en\/stories\/panama-mennonites-request-prayer-land-struggle\/#primaryimage"},"image":{"@id":"https:\/\/mwc-cmm.org\/en\/stories\/panama-mennonites-request-prayer-land-struggle\/#primaryimage"},"thumbnailUrl":"https:\/\/mwc-cmm.org\/wp-content\/uploads\/2024\/11\/panama_photo.jpg","datePublished":"2015-05-04T00:00:00+00:00","dateModified":"2024-12-10T17:13:26+00:00","breadcrumb":{"@id":"https:\/\/mwc-cmm.org\/en\/stories\/panama-mennonites-request-prayer-land-struggle\/#breadcrumb"},"inLanguage":"fr-FR","potentialAction":[{"@type":"ReadAction","target":["https:\/\/mwc-cmm.org\/en\/stories\/panama-mennonites-request-prayer-land-struggle\/"]}]},{"@type":"ImageObject","inLanguage":"fr-FR","@id":"https:\/\/mwc-cmm.org\/en\/stories\/panama-mennonites-request-prayer-land-struggle\/#primaryimage","url":"https:\/\/mwc-cmm.org\/wp-content\/uploads\/2024\/11\/panama_photo.jpg","contentUrl":"https:\/\/mwc-cmm.org\/wp-content\/uploads\/2024\/11\/panama_photo.jpg","width":576,"height":384},{"@type":"BreadcrumbList","@id":"https:\/\/mwc-cmm.org\/en\/stories\/panama-mennonites-request-prayer-land-struggle\/#breadcrumb","itemListElement":[{"@type":"ListItem","position":1,"name":"Home","item":"https:\/\/mwc-cmm.org\/fr\/"},{"@type":"ListItem","position":2,"name":"Les mennonites de Panama demandent la pri\u00e8re pour les revendications territoriales"}]},{"@type":"WebSite","@id":"https:\/\/mwc-cmm.org\/en\/#website","url":"https:\/\/mwc-cmm.org\/en\/","name":"Mennonite World Conference","description":"A communion of Anabaptist-related churches","publisher":{"@id":"https:\/\/mwc-cmm.org\/en\/#organization"},"alternateName":"MWC","potentialAction":[{"@type":"SearchAction","target":{"@type":"EntryPoint","urlTemplate":"https:\/\/mwc-cmm.org\/en\/?s={search_term_string}"},"query-input":{"@type":"PropertyValueSpecification","valueRequired":true,"valueName":"search_term_string"}}],"inLanguage":"fr-FR"},{"@type":"Organization","@id":"https:\/\/mwc-cmm.org\/en\/#organization","name":"Mennonite World Conference","alternateName":"MWC","url":"https:\/\/mwc-cmm.org\/en\/","logo":{"@type":"ImageObject","inLanguage":"fr-FR","@id":"https:\/\/mwc-cmm.org\/en\/#\/schema\/logo\/image\/","url":"https:\/\/mwc-cmm.org\/wp-content\/uploads\/2026\/01\/MWC_Sig_Blue_Horiz_webheader1-logo.svg","contentUrl":"https:\/\/mwc-cmm.org\/wp-content\/uploads\/2026\/01\/MWC_Sig_Blue_Horiz_webheader1-logo.svg","width":786,"height":82,"caption":"Mennonite World Conference"},"image":{"@id":"https:\/\/mwc-cmm.org\/en\/#\/schema\/logo\/image\/"},"sameAs":["https:\/\/www.facebook.com\/MennoniteWorldConference","https:\/\/www.linkedin.com\/company\/mennonite-world-conference-mwc\/","https:\/\/www.instagram.com\/mwcmm\/","https:\/\/www.youtube.com\/user\/mwccmm","https:\/\/bsky.app\/profile\/mwcmm.bsky.social"]},{"@type":"Person","@id":"https:\/\/mwc-cmm.org\/en\/#\/schema\/person\/11f6ae0d7d1868ba20a1cc27f067c836","name":"mennworldcon","image":{"@type":"ImageObject","inLanguage":"fr-FR","@id":"https:\/\/secure.gravatar.com\/avatar\/06fdc0dc81c157dfdb82ec42f252178a22307808988d22c043f9eb96f1e0fe80?s=96&d=mm&r=g","url":"https:\/\/secure.gravatar.com\/avatar\/06fdc0dc81c157dfdb82ec42f252178a22307808988d22c043f9eb96f1e0fe80?s=96&d=mm&r=g","contentUrl":"https:\/\/secure.gravatar.com\/avatar\/06fdc0dc81c157dfdb82ec42f252178a22307808988d22c043f9eb96f1e0fe80?s=96&d=mm&r=g","caption":"mennworldcon"},"sameAs":["https:\/\/mwc-cmm.org"],"url":"https:\/\/mwc-cmm.org\/fr\/stories\/author\/mennworldcon\/"}]}},"_links":{"self":[{"href":"https:\/\/mwc-cmm.org\/fr\/wp-json\/wp\/v2\/posts\/9702","targetHints":{"allow":["GET"]}}],"collection":[{"href":"https:\/\/mwc-cmm.org\/fr\/wp-json\/wp\/v2\/posts"}],"about":[{"href":"https:\/\/mwc-cmm.org\/fr\/wp-json\/wp\/v2\/types\/post"}],"author":[{"embeddable":true,"href":"https:\/\/mwc-cmm.org\/fr\/wp-json\/wp\/v2\/users\/1"}],"replies":[{"embeddable":true,"href":"https:\/\/mwc-cmm.org\/fr\/wp-json\/wp\/v2\/comments?post=9702"}],"version-history":[{"count":0,"href":"https:\/\/mwc-cmm.org\/fr\/wp-json\/wp\/v2\/posts\/9702\/revisions"}],"wp:featuredmedia":[{"embeddable":true,"href":"https:\/\/mwc-cmm.org\/fr\/wp-json\/wp\/v2\/media\/86680"}],"wp:attachment":[{"href":"https:\/\/mwc-cmm.org\/fr\/wp-json\/wp\/v2\/media?parent=9702"}],"wp:term":[{"taxonomy":"category","embeddable":true,"href":"https:\/\/mwc-cmm.org\/fr\/wp-json\/wp\/v2\/categories?post=9702"},{"taxonomy":"post_tag","embeddable":true,"href":"https:\/\/mwc-cmm.org\/fr\/wp-json\/wp\/v2\/tags?post=9702"},{"taxonomy":"network","embeddable":true,"href":"https:\/\/mwc-cmm.org\/fr\/wp-json\/wp\/v2\/network?post=9702"},{"taxonomy":"eventcategory","embeddable":true,"href":"https:\/\/mwc-cmm.org\/fr\/wp-json\/wp\/v2\/eventcategory?post=9702"}],"curies":[{"name":"wp","href":"https:\/\/api.w.org\/{rel}","templated":true}]}}