{"id":9692,"date":"2015-02-13T00:00:00","date_gmt":"2015-02-13T00:00:00","guid":{"rendered":"https:\/\/mwc-cmm.org\/on-the-way-to-pa-2015-neckties-foster-global-connections-4\/"},"modified":"2024-12-10T17:13:23","modified_gmt":"2024-12-10T17:13:23","slug":"on-the-way-to-pa-2015-neckties-foster-global-connections-4","status":"publish","type":"post","link":"https:\/\/mwc-cmm.org\/fr\/stories\/on-the-way-to-pa-2015-neckties-foster-global-connections-4\/","title":{"rendered":"En route vers PA 2015 : Des cravates stimulent des connexions mondiales"},"content":{"rendered":"<p>Akron, Pennsylvanie \u00c9tats-Unis \u2013 Quand des milliers d\u2019anabaptistes de partout dans le monde arriveront \u00e0 Harrisburg en Pennsylvanie en juillet prochain, ils recevront chacun un sac fait \u00e0 la main \u00e0 partir de tissus recycl\u00e9s, confectionn\u00e9s par le Centre des ressources mat\u00e9rielles (MRC) du Comit\u00e9 central mennonite (MCC). Comme l\u2019enthousiasme pour ces sacs cro\u00eet, les tissus proviennent d\u2019endroits plut\u00f4t surprenants.<\/p>\n<p>Apr\u00e8s avoir assist\u00e9 au Rassemblement de 2009 au Paraguay, le personnel du Centre des ressources mat\u00e9rielles a propos\u00e9 de confectionner les sacs-\u00e9v\u00e9nement de Pennsylvania 2015. Les sacs sont faits \u00e0 partir de tissus et de cravates donn\u00e9s selon le mod\u00e8le qu\u2019utilise le MCC pour les trousses scolaires qui sont distribu\u00e9es partout dans le monde \u00e0 des enfants r\u00e9fugi\u00e9s.<\/p>\n<p>\u00ca Krefeld en Allemagne, ville o\u00f9 des tisserands de soie mennonites se sont install\u00e9s il y a des si\u00e8cles, des enfants ont utilis\u00e9 des cravates de soie pour des activit\u00e9s \u00e0 la convention des \u00e9glises mennonites allemandes. Or, il y plusieurs g\u00e9n\u00e9rations, des immigrants de Krefeld ont \u00e9t\u00e9 parmi les premiers colons en Pennsylvanie. Aussit\u00f4t que le rapport s\u2019est fait, les organisateurs de la convention ont spontan\u00e9ment d\u00e9cid\u00e9 de donner les 250 cravates pour la confection des sacs du Rassemblement.<\/p>\n<p>Le ministre Koo Jin Joo, un diplomate sud-cor\u00e9en \u00e0 l\u2019ONU, a visit\u00e9 le Centre des ressources mat\u00e9rielles (MRC) lors d\u2019un voyage dans le comt\u00e9 de Lancaster en Pennsylvanie. Il a \u00e9t\u00e9 impressionn\u00e9 par leur cr\u00e9ativit\u00e9 dans le recyclage des articles. \u00ca son retour \u00e0 la maison, il a parl\u00e9 de la salle de couture du MRC aux membres de son personnel : \u00ab Il y avait une grand-m\u00e8re au Centre qui a dit qu\u2019elle avait besoin de milliers de cravates pour faire les bandouli\u00e8res des sacs qu\u2019ils sont en train de coudre [pour la Conf\u00e9rence Mennonite Mondiale] l\u2019\u00e9t\u00e9 prochain. \u00bb Il a demand\u00e9 aux diplomates et au personnel d\u2019aider. En quelques semaines, il recueillait 34 cravates pour ce projet.<\/p>\n<p>Les b\u00e9n\u00e9voles du MRC ont travaill\u00e9 fort. \u00ca la premi\u00e8re semaine de janvier, 8 000 sacs \u00e9taient confectionn\u00e9s et les b\u00e9n\u00e9voles s\u2019enlignaient pour terminer le reste dans quelques mois. Non seulement les sacs sont faits \u00e0 partir de mat\u00e9riau recycl\u00e9, rapporte Liesa Unger, organisatrice de PA 2015, mais ils auront aussi un autre usage apr\u00e8s le Rassemblement. Les participants pourront rendre leur sac au MCC pour de futures trousses scolaires, permettant ainsi d\u2019en faire un sac enti\u00e8rement recycl\u00e9 et recyclable.<\/p>\n<p><em>Emily Ralph<\/em><\/p>\n<table cellpadding=\"1\" cellspacing=\"1\">\n<tbody>\n<tr>\n<td><a href=\"https:\/\/mwc-cmm.org\/wp-content\/uploads\/2024\/10\/mwc_necktie_photo_2-edit.jpg\" data-lbwps-width=\"800\" data-lbwps-height=\"606\" data-lbwps-srcsmall=\"https:\/\/mwc-cmm.org\/wp-content\/uploads\/2024\/10\/mwc_necktie_photo_2-edit-300x227.jpg\"><img decoding=\"async\" alt=\"\" data-src=\"https:\/\/mwc-cmm.org\/wp-content\/uploads\/2024\/10\/mwc_necktie_photo_2-edit.jpg\" style=\"--smush-image-width: 800px; --smush-image-aspect-ratio: 800\/606;width: 200px; height: 152px;\" width=\"800\" class=\"smush-dimensions lazyload\" src=\"data:image\/svg+xml;base64,PHN2ZyB3aWR0aD0iMSIgaGVpZ2h0PSIxIiB4bWxucz0iaHR0cDovL3d3dy53My5vcmcvMjAwMC9zdmciPjwvc3ZnPg==\" \/><\/a><\/td>\n<td><a href=\"https:\/\/mwc-cmm.org\/wp-content\/uploads\/2024\/10\/mwc_necktie_photo_3-web_edit.jpg\" data-lbwps-width=\"800\" data-lbwps-height=\"711\" data-lbwps-srcsmall=\"https:\/\/mwc-cmm.org\/wp-content\/uploads\/2024\/10\/mwc_necktie_photo_3-web_edit-300x267.jpg\"><img decoding=\"async\" alt=\"\" data-src=\"https:\/\/mwc-cmm.org\/wp-content\/uploads\/2024\/10\/mwc_necktie_photo_3-web_edit.jpg\" style=\"--smush-image-width: 800px; --smush-image-aspect-ratio: 800\/711;width: 200px; height: 178px;\" width=\"800\" class=\"smush-dimensions lazyload\" src=\"data:image\/svg+xml;base64,PHN2ZyB3aWR0aD0iMSIgaGVpZ2h0PSIxIiB4bWxucz0iaHR0cDovL3d3dy53My5vcmcvMjAwMC9zdmciPjwvc3ZnPg==\" \/><\/a><\/td>\n<\/tr>\n<tr>\n<td>\n<p>Le ministre Koo offre des cravates \u00e0 Doug Hostetter, directeur du bureau du MCC \u00e0 l\u2019ONU. Photo par JeaHyun Nham<\/p>\n<\/td>\n<td>\n<p>Liesa Unger avec Mary Martin, b\u00e9n\u00e9vole au Centre des ressources mat\u00e9rielles.  <\/p>\n<\/td>\n<\/tr>\n<\/tbody>\n<\/table>\n","protected":false},"excerpt":{"rendered":"<p>NULL<\/p>\n","protected":false},"author":1,"featured_media":86568,"comment_status":"closed","ping_status":"closed","sticky":false,"template":"","format":"standard","meta":{"_acf_changed":false,"footnotes":""},"categories":[7],"tags":[1553,1893],"network":[],"eventcategory":[1494],"class_list":["post-9692","post","type-post","status-publish","format-standard","has-post-thumbnail","hentry","category-non-classifiee","tag-assemblee-2","tag-pa2015","eventcategory-assembly-fr"],"acf":[],"yoast_head":"<!-- This site is optimized with the Yoast SEO plugin v27.2 - https:\/\/yoast.com\/product\/yoast-seo-wordpress\/ -->\n<title>En route vers PA 2015 : Des cravates stimulent des connexions mondiales - Mennonite World Conference<\/title>\n<meta name=\"robots\" content=\"index, follow, max-snippet:-1, max-image-preview:large, max-video-preview:-1\" \/>\n<link rel=\"canonical\" href=\"https:\/\/mwc-cmm.org\/en\/stories\/on-the-way-to-pa-2015-neckties-foster-global-connections\/\" \/>\n<meta property=\"og:locale\" content=\"fr_FR\" \/>\n<meta property=\"og:type\" content=\"article\" \/>\n<meta property=\"og:title\" content=\"En route vers PA 2015 : Des cravates stimulent des connexions mondiales - Mennonite World Conference\" \/>\n<meta property=\"og:description\" content=\"NULL\" \/>\n<meta property=\"og:url\" content=\"https:\/\/mwc-cmm.org\/en\/stories\/on-the-way-to-pa-2015-neckties-foster-global-connections\/\" \/>\n<meta property=\"og:site_name\" content=\"Mennonite World Conference\" \/>\n<meta property=\"article:publisher\" content=\"https:\/\/www.facebook.com\/MennoniteWorldConference\" \/>\n<meta property=\"article:published_time\" content=\"2015-02-13T00:00:00+00:00\" \/>\n<meta property=\"article:modified_time\" content=\"2024-12-10T17:13:23+00:00\" \/>\n<meta property=\"og:image\" content=\"https:\/\/mwc-cmm.org\/wp-content\/uploads\/2024\/11\/mwc_necktie_photo_1-edit.jpg\" \/>\n\t<meta property=\"og:image:width\" content=\"800\" \/>\n\t<meta property=\"og:image:height\" content=\"810\" \/>\n\t<meta property=\"og:image:type\" content=\"image\/jpeg\" \/>\n<meta name=\"author\" content=\"mennworldcon\" \/>\n<script type=\"application\/ld+json\" class=\"yoast-schema-graph\">{\"@context\":\"https:\/\/schema.org\",\"@graph\":[{\"@type\":\"Article\",\"@id\":\"https:\/\/mwc-cmm.org\/en\/stories\/on-the-way-to-pa-2015-neckties-foster-global-connections\/#article\",\"isPartOf\":{\"@id\":\"https:\/\/mwc-cmm.org\/en\/stories\/on-the-way-to-pa-2015-neckties-foster-global-connections\/\"},\"author\":{\"name\":\"mennworldcon\",\"@id\":\"https:\/\/mwc-cmm.org\/en\/#\/schema\/person\/11f6ae0d7d1868ba20a1cc27f067c836\"},\"headline\":\"En route vers PA 2015 : Des cravates stimulent des connexions mondiales\",\"datePublished\":\"2015-02-13T00:00:00+00:00\",\"dateModified\":\"2024-12-10T17:13:23+00:00\",\"mainEntityOfPage\":{\"@id\":\"https:\/\/mwc-cmm.org\/en\/stories\/on-the-way-to-pa-2015-neckties-foster-global-connections\/\"},\"wordCount\":469,\"publisher\":{\"@id\":\"https:\/\/mwc-cmm.org\/en\/#organization\"},\"image\":{\"@id\":\"https:\/\/mwc-cmm.org\/en\/stories\/on-the-way-to-pa-2015-neckties-foster-global-connections\/#primaryimage\"},\"thumbnailUrl\":\"https:\/\/mwc-cmm.org\/wp-content\/uploads\/2024\/11\/mwc_necktie_photo_1-edit.jpg\",\"keywords\":[\"Assembl\u00e9e\",\"PA2015\"],\"articleSection\":[\"Non classifi\u00e9(e)\"],\"inLanguage\":\"fr-FR\"},{\"@type\":\"WebPage\",\"@id\":\"https:\/\/mwc-cmm.org\/en\/stories\/on-the-way-to-pa-2015-neckties-foster-global-connections\/\",\"url\":\"https:\/\/mwc-cmm.org\/en\/stories\/on-the-way-to-pa-2015-neckties-foster-global-connections\/\",\"name\":\"En route vers PA 2015 : Des cravates stimulent des connexions mondiales - Mennonite World Conference\",\"isPartOf\":{\"@id\":\"https:\/\/mwc-cmm.org\/en\/#website\"},\"primaryImageOfPage\":{\"@id\":\"https:\/\/mwc-cmm.org\/en\/stories\/on-the-way-to-pa-2015-neckties-foster-global-connections\/#primaryimage\"},\"image\":{\"@id\":\"https:\/\/mwc-cmm.org\/en\/stories\/on-the-way-to-pa-2015-neckties-foster-global-connections\/#primaryimage\"},\"thumbnailUrl\":\"https:\/\/mwc-cmm.org\/wp-content\/uploads\/2024\/11\/mwc_necktie_photo_1-edit.jpg\",\"datePublished\":\"2015-02-13T00:00:00+00:00\",\"dateModified\":\"2024-12-10T17:13:23+00:00\",\"breadcrumb\":{\"@id\":\"https:\/\/mwc-cmm.org\/en\/stories\/on-the-way-to-pa-2015-neckties-foster-global-connections\/#breadcrumb\"},\"inLanguage\":\"fr-FR\",\"potentialAction\":[{\"@type\":\"ReadAction\",\"target\":[\"https:\/\/mwc-cmm.org\/en\/stories\/on-the-way-to-pa-2015-neckties-foster-global-connections\/\"]}]},{\"@type\":\"ImageObject\",\"inLanguage\":\"fr-FR\",\"@id\":\"https:\/\/mwc-cmm.org\/en\/stories\/on-the-way-to-pa-2015-neckties-foster-global-connections\/#primaryimage\",\"url\":\"https:\/\/mwc-cmm.org\/wp-content\/uploads\/2024\/11\/mwc_necktie_photo_1-edit.jpg\",\"contentUrl\":\"https:\/\/mwc-cmm.org\/wp-content\/uploads\/2024\/11\/mwc_necktie_photo_1-edit.jpg\",\"width\":800,\"height\":810},{\"@type\":\"BreadcrumbList\",\"@id\":\"https:\/\/mwc-cmm.org\/en\/stories\/on-the-way-to-pa-2015-neckties-foster-global-connections\/#breadcrumb\",\"itemListElement\":[{\"@type\":\"ListItem\",\"position\":1,\"name\":\"Home\",\"item\":\"https:\/\/mwc-cmm.org\/fr\/\"},{\"@type\":\"ListItem\",\"position\":2,\"name\":\"En route vers PA 2015 : Des cravates stimulent des connexions mondiales\"}]},{\"@type\":\"WebSite\",\"@id\":\"https:\/\/mwc-cmm.org\/en\/#website\",\"url\":\"https:\/\/mwc-cmm.org\/en\/\",\"name\":\"Mennonite World Conference\",\"description\":\"A communion of Anabaptist-related churches\",\"publisher\":{\"@id\":\"https:\/\/mwc-cmm.org\/en\/#organization\"},\"alternateName\":\"MWC\",\"potentialAction\":[{\"@type\":\"SearchAction\",\"target\":{\"@type\":\"EntryPoint\",\"urlTemplate\":\"https:\/\/mwc-cmm.org\/en\/?s={search_term_string}\"},\"query-input\":{\"@type\":\"PropertyValueSpecification\",\"valueRequired\":true,\"valueName\":\"search_term_string\"}}],\"inLanguage\":\"fr-FR\"},{\"@type\":\"Organization\",\"@id\":\"https:\/\/mwc-cmm.org\/en\/#organization\",\"name\":\"Mennonite World Conference\",\"alternateName\":\"MWC\",\"url\":\"https:\/\/mwc-cmm.org\/en\/\",\"logo\":{\"@type\":\"ImageObject\",\"inLanguage\":\"fr-FR\",\"@id\":\"https:\/\/mwc-cmm.org\/en\/#\/schema\/logo\/image\/\",\"url\":\"https:\/\/mwc-cmm.org\/wp-content\/uploads\/2026\/01\/MWC_Sig_Blue_Horiz_webheader1-logo.svg\",\"contentUrl\":\"https:\/\/mwc-cmm.org\/wp-content\/uploads\/2026\/01\/MWC_Sig_Blue_Horiz_webheader1-logo.svg\",\"width\":786,\"height\":82,\"caption\":\"Mennonite World Conference\"},\"image\":{\"@id\":\"https:\/\/mwc-cmm.org\/en\/#\/schema\/logo\/image\/\"},\"sameAs\":[\"https:\/\/www.facebook.com\/MennoniteWorldConference\",\"https:\/\/www.linkedin.com\/company\/mennonite-world-conference-mwc\/\",\"https:\/\/www.instagram.com\/mwcmm\/\",\"https:\/\/www.youtube.com\/user\/mwccmm\",\"https:\/\/bsky.app\/profile\/mwcmm.bsky.social\"]},{\"@type\":\"Person\",\"@id\":\"https:\/\/mwc-cmm.org\/en\/#\/schema\/person\/11f6ae0d7d1868ba20a1cc27f067c836\",\"name\":\"mennworldcon\",\"image\":{\"@type\":\"ImageObject\",\"inLanguage\":\"fr-FR\",\"@id\":\"https:\/\/secure.gravatar.com\/avatar\/06fdc0dc81c157dfdb82ec42f252178a22307808988d22c043f9eb96f1e0fe80?s=96&d=mm&r=g\",\"url\":\"https:\/\/secure.gravatar.com\/avatar\/06fdc0dc81c157dfdb82ec42f252178a22307808988d22c043f9eb96f1e0fe80?s=96&d=mm&r=g\",\"contentUrl\":\"https:\/\/secure.gravatar.com\/avatar\/06fdc0dc81c157dfdb82ec42f252178a22307808988d22c043f9eb96f1e0fe80?s=96&d=mm&r=g\",\"caption\":\"mennworldcon\"},\"sameAs\":[\"https:\/\/mwc-cmm.org\"],\"url\":\"https:\/\/mwc-cmm.org\/fr\/stories\/author\/mennworldcon\/\"}]}<\/script>\n<!-- \/ Yoast SEO plugin. -->","yoast_head_json":{"title":"En route vers PA 2015 : Des cravates stimulent des connexions mondiales - Mennonite World Conference","robots":{"index":"index","follow":"follow","max-snippet":"max-snippet:-1","max-image-preview":"max-image-preview:large","max-video-preview":"max-video-preview:-1"},"canonical":"https:\/\/mwc-cmm.org\/en\/stories\/on-the-way-to-pa-2015-neckties-foster-global-connections\/","og_locale":"fr_FR","og_type":"article","og_title":"En route vers PA 2015 : Des cravates stimulent des connexions mondiales - Mennonite World Conference","og_description":"NULL","og_url":"https:\/\/mwc-cmm.org\/en\/stories\/on-the-way-to-pa-2015-neckties-foster-global-connections\/","og_site_name":"Mennonite World Conference","article_publisher":"https:\/\/www.facebook.com\/MennoniteWorldConference","article_published_time":"2015-02-13T00:00:00+00:00","article_modified_time":"2024-12-10T17:13:23+00:00","og_image":[{"width":800,"height":810,"url":"https:\/\/mwc-cmm.org\/wp-content\/uploads\/2024\/11\/mwc_necktie_photo_1-edit.jpg","type":"image\/jpeg"}],"author":"mennworldcon","schema":{"@context":"https:\/\/schema.org","@graph":[{"@type":"Article","@id":"https:\/\/mwc-cmm.org\/en\/stories\/on-the-way-to-pa-2015-neckties-foster-global-connections\/#article","isPartOf":{"@id":"https:\/\/mwc-cmm.org\/en\/stories\/on-the-way-to-pa-2015-neckties-foster-global-connections\/"},"author":{"name":"mennworldcon","@id":"https:\/\/mwc-cmm.org\/en\/#\/schema\/person\/11f6ae0d7d1868ba20a1cc27f067c836"},"headline":"En route vers PA 2015 : Des cravates stimulent des connexions mondiales","datePublished":"2015-02-13T00:00:00+00:00","dateModified":"2024-12-10T17:13:23+00:00","mainEntityOfPage":{"@id":"https:\/\/mwc-cmm.org\/en\/stories\/on-the-way-to-pa-2015-neckties-foster-global-connections\/"},"wordCount":469,"publisher":{"@id":"https:\/\/mwc-cmm.org\/en\/#organization"},"image":{"@id":"https:\/\/mwc-cmm.org\/en\/stories\/on-the-way-to-pa-2015-neckties-foster-global-connections\/#primaryimage"},"thumbnailUrl":"https:\/\/mwc-cmm.org\/wp-content\/uploads\/2024\/11\/mwc_necktie_photo_1-edit.jpg","keywords":["Assembl\u00e9e","PA2015"],"articleSection":["Non classifi\u00e9(e)"],"inLanguage":"fr-FR"},{"@type":"WebPage","@id":"https:\/\/mwc-cmm.org\/en\/stories\/on-the-way-to-pa-2015-neckties-foster-global-connections\/","url":"https:\/\/mwc-cmm.org\/en\/stories\/on-the-way-to-pa-2015-neckties-foster-global-connections\/","name":"En route vers PA 2015 : Des cravates stimulent des connexions mondiales - Mennonite World Conference","isPartOf":{"@id":"https:\/\/mwc-cmm.org\/en\/#website"},"primaryImageOfPage":{"@id":"https:\/\/mwc-cmm.org\/en\/stories\/on-the-way-to-pa-2015-neckties-foster-global-connections\/#primaryimage"},"image":{"@id":"https:\/\/mwc-cmm.org\/en\/stories\/on-the-way-to-pa-2015-neckties-foster-global-connections\/#primaryimage"},"thumbnailUrl":"https:\/\/mwc-cmm.org\/wp-content\/uploads\/2024\/11\/mwc_necktie_photo_1-edit.jpg","datePublished":"2015-02-13T00:00:00+00:00","dateModified":"2024-12-10T17:13:23+00:00","breadcrumb":{"@id":"https:\/\/mwc-cmm.org\/en\/stories\/on-the-way-to-pa-2015-neckties-foster-global-connections\/#breadcrumb"},"inLanguage":"fr-FR","potentialAction":[{"@type":"ReadAction","target":["https:\/\/mwc-cmm.org\/en\/stories\/on-the-way-to-pa-2015-neckties-foster-global-connections\/"]}]},{"@type":"ImageObject","inLanguage":"fr-FR","@id":"https:\/\/mwc-cmm.org\/en\/stories\/on-the-way-to-pa-2015-neckties-foster-global-connections\/#primaryimage","url":"https:\/\/mwc-cmm.org\/wp-content\/uploads\/2024\/11\/mwc_necktie_photo_1-edit.jpg","contentUrl":"https:\/\/mwc-cmm.org\/wp-content\/uploads\/2024\/11\/mwc_necktie_photo_1-edit.jpg","width":800,"height":810},{"@type":"BreadcrumbList","@id":"https:\/\/mwc-cmm.org\/en\/stories\/on-the-way-to-pa-2015-neckties-foster-global-connections\/#breadcrumb","itemListElement":[{"@type":"ListItem","position":1,"name":"Home","item":"https:\/\/mwc-cmm.org\/fr\/"},{"@type":"ListItem","position":2,"name":"En route vers PA 2015 : Des cravates stimulent des connexions mondiales"}]},{"@type":"WebSite","@id":"https:\/\/mwc-cmm.org\/en\/#website","url":"https:\/\/mwc-cmm.org\/en\/","name":"Mennonite World Conference","description":"A communion of Anabaptist-related churches","publisher":{"@id":"https:\/\/mwc-cmm.org\/en\/#organization"},"alternateName":"MWC","potentialAction":[{"@type":"SearchAction","target":{"@type":"EntryPoint","urlTemplate":"https:\/\/mwc-cmm.org\/en\/?s={search_term_string}"},"query-input":{"@type":"PropertyValueSpecification","valueRequired":true,"valueName":"search_term_string"}}],"inLanguage":"fr-FR"},{"@type":"Organization","@id":"https:\/\/mwc-cmm.org\/en\/#organization","name":"Mennonite World Conference","alternateName":"MWC","url":"https:\/\/mwc-cmm.org\/en\/","logo":{"@type":"ImageObject","inLanguage":"fr-FR","@id":"https:\/\/mwc-cmm.org\/en\/#\/schema\/logo\/image\/","url":"https:\/\/mwc-cmm.org\/wp-content\/uploads\/2026\/01\/MWC_Sig_Blue_Horiz_webheader1-logo.svg","contentUrl":"https:\/\/mwc-cmm.org\/wp-content\/uploads\/2026\/01\/MWC_Sig_Blue_Horiz_webheader1-logo.svg","width":786,"height":82,"caption":"Mennonite World Conference"},"image":{"@id":"https:\/\/mwc-cmm.org\/en\/#\/schema\/logo\/image\/"},"sameAs":["https:\/\/www.facebook.com\/MennoniteWorldConference","https:\/\/www.linkedin.com\/company\/mennonite-world-conference-mwc\/","https:\/\/www.instagram.com\/mwcmm\/","https:\/\/www.youtube.com\/user\/mwccmm","https:\/\/bsky.app\/profile\/mwcmm.bsky.social"]},{"@type":"Person","@id":"https:\/\/mwc-cmm.org\/en\/#\/schema\/person\/11f6ae0d7d1868ba20a1cc27f067c836","name":"mennworldcon","image":{"@type":"ImageObject","inLanguage":"fr-FR","@id":"https:\/\/secure.gravatar.com\/avatar\/06fdc0dc81c157dfdb82ec42f252178a22307808988d22c043f9eb96f1e0fe80?s=96&d=mm&r=g","url":"https:\/\/secure.gravatar.com\/avatar\/06fdc0dc81c157dfdb82ec42f252178a22307808988d22c043f9eb96f1e0fe80?s=96&d=mm&r=g","contentUrl":"https:\/\/secure.gravatar.com\/avatar\/06fdc0dc81c157dfdb82ec42f252178a22307808988d22c043f9eb96f1e0fe80?s=96&d=mm&r=g","caption":"mennworldcon"},"sameAs":["https:\/\/mwc-cmm.org"],"url":"https:\/\/mwc-cmm.org\/fr\/stories\/author\/mennworldcon\/"}]}},"_links":{"self":[{"href":"https:\/\/mwc-cmm.org\/fr\/wp-json\/wp\/v2\/posts\/9692","targetHints":{"allow":["GET"]}}],"collection":[{"href":"https:\/\/mwc-cmm.org\/fr\/wp-json\/wp\/v2\/posts"}],"about":[{"href":"https:\/\/mwc-cmm.org\/fr\/wp-json\/wp\/v2\/types\/post"}],"author":[{"embeddable":true,"href":"https:\/\/mwc-cmm.org\/fr\/wp-json\/wp\/v2\/users\/1"}],"replies":[{"embeddable":true,"href":"https:\/\/mwc-cmm.org\/fr\/wp-json\/wp\/v2\/comments?post=9692"}],"version-history":[{"count":0,"href":"https:\/\/mwc-cmm.org\/fr\/wp-json\/wp\/v2\/posts\/9692\/revisions"}],"wp:featuredmedia":[{"embeddable":true,"href":"https:\/\/mwc-cmm.org\/fr\/wp-json\/wp\/v2\/media\/86568"}],"wp:attachment":[{"href":"https:\/\/mwc-cmm.org\/fr\/wp-json\/wp\/v2\/media?parent=9692"}],"wp:term":[{"taxonomy":"category","embeddable":true,"href":"https:\/\/mwc-cmm.org\/fr\/wp-json\/wp\/v2\/categories?post=9692"},{"taxonomy":"post_tag","embeddable":true,"href":"https:\/\/mwc-cmm.org\/fr\/wp-json\/wp\/v2\/tags?post=9692"},{"taxonomy":"network","embeddable":true,"href":"https:\/\/mwc-cmm.org\/fr\/wp-json\/wp\/v2\/network?post=9692"},{"taxonomy":"eventcategory","embeddable":true,"href":"https:\/\/mwc-cmm.org\/fr\/wp-json\/wp\/v2\/eventcategory?post=9692"}],"curies":[{"name":"wp","href":"https:\/\/api.w.org\/{rel}","templated":true}]}}