{"id":9687,"date":"2015-02-03T00:00:00","date_gmt":"2015-02-03T00:00:00","guid":{"rendered":"https:\/\/mwc-cmm.org\/dutch-mennonites-celebrate-25th-anniversary-of-a-home-mission-project-4\/"},"modified":"2024-12-10T17:13:22","modified_gmt":"2024-12-10T17:13:22","slug":"dutch-mennonites-celebrate-25th-anniversary-of-a-home-mission-project-4","status":"publish","type":"post","link":"https:\/\/mwc-cmm.org\/fr\/stories\/dutch-mennonites-celebrate-25th-anniversary-of-a-home-mission-project-4\/","title":{"rendered":"Les mennonites n\u00e9erlandais c\u00e9l\u00e8brent le 25e anniversaire d\u2019un projet missionnaire au pays"},"content":{"rendered":"<p>Almere, Pays-Bas \u2013 Il y a environ 30 ans, la Comit\u00e9 de mission mennonite des Pays-Bas (DZR) qui \u00e9tait exclusivement orient\u00e9 vers des pays outre-mer, a mis sur pied un projet missionnaire sur son propre territoire. Une prise de conscience de la s\u00e9cularisation croissante de la soci\u00e9t\u00e9 n\u00e9erlandaise est \u00e0 l\u2019origine de cette d\u00e9cision<\/p>\n<p>Le projet a d\u00e9but\u00e9 dans une nouvelle ville nomm\u00e9e Almere, construite \u00e0 l\u2019origine pour r\u00e9pondre aux probl\u00e8mes de logement dans Amsterdam et les environs. Le DZR a fond\u00e9 une maison d\u2019accueil dans un quartier pr\u00e8s du centre en d\u00e9veloppement d\u2019Almere. Ce centre de jour, appel\u00e9 Inloophuis de Ruimte, avait l\u2019objectif d\u2019\u00eatre un centre accueillant aux portes grand ouvertes.<\/p>\n<p>Ce devait \u00eatre un endroit o\u00f9 les gens pouvaient ais\u00e9ment et v\u00e9ritablement se rencontrer \u2013 pas une t\u00e2che ais\u00e9e dans un ville comme Almere o\u00f9 tout le monde est relativement un nouvel \u00ab immigrant \u00bb.  \u00ca Inloophuis de Ruimte, ces simples moments de rencontre sont \u00e9lev\u00e9s au statut d\u2019espaces sacr\u00e9s o\u00f9 l\u2019Esprit travaille.<\/p>\n<p>Le DZR a intentionnellement choisi d\u2019ouvrir un centre de jour au lieu de poursuivre un programme d\u2019\u00e9vang\u00e9lisation avec des m\u00e9thodes plus traditionnelles. D\u2019une part, le centre est un programme de sensibilisation, d\u2019autre part, il est une exp\u00e9rience d\u2019apprentissage pour les mennonites n\u00e9erlandais afin d\u2019outiller les assembl\u00e9es mennonites pour \u00eatre en relation avec le \u00ab monde \u00bb qui les entoure.<\/p>\n<p>Au mois de novembre 2014, ce joyeux anniversaire a \u00e9t\u00e9 comm\u00e9mor\u00e9 par une conf\u00e9rence qui voulait jeter un regard \u00e0 la fois reconnaissant et critique sur les 25 derni\u00e8res ann\u00e9es, et regarder vers l\u2019avant avec espoir.<\/p>\n<p>Il n\u2019y avait pas que des mennonites n\u00e9erlandais \u00e0 la conf\u00e9rence, mais \u00e9galement des travailleurs de centres de mission urbaine et d\u2019agences locales de sant\u00e9 et de services sociaux ainsi que des membres d\u2019\u00e9glises d\u2019autres confessions.<\/p>\n<p>Dans une premi\u00e8re pr\u00e9sentation, Stuart Murray, th\u00e9ologien anabaptiste du Royaume-Uni, a esquiss\u00e9 la position \u00e9volutive des \u00e9glises dans la soci\u00e9t\u00e9 \u2013 changer la position d\u2019\u00eatre en marge plut\u00f4t qu\u2019au centre. Il a encourag\u00e9 les \u00e9glises \u00e0 faire preuve d\u2019une plus grande volont\u00e9 \u00e0 s\u2019associer avec les autres au lieu d\u2019agir ind\u00e9pendamment ou d\u2019essayer de tout contr\u00f4ler.<\/p>\n<p>Les \u00e9glises doivent \u00e9galement avoir une id\u00e9e claire de leur motivation : un engagement social valable en lui-m\u00eame et non une couverture pour essayer de convertir les gens. Finalement, les \u00e9glises devraient \u00eatre davantage explicites \u00e0 propos de leur fondement chr\u00e9tien et des convictions qui sous-tendent leurs activit\u00e9s.  <\/p>\n<p>Il a encourag\u00e9 les agences et les conseils locaux \u00e0 se d\u00e9barrasser de leurs suspicions et d\u2019accueillir les \u00e9glises comme des partenaires d\u2019initiatives qui rencontrent des besoins sociaux et qui s\u2019engagent efficacement dans la collectivit\u00e9.<\/p>\n<p>Les partenaires s\u00e9culiers, dit-il, devraient accepter que les chr\u00e9tiens soient motiv\u00e9s par leur foi et qu\u2019ils n\u2019aient pas \u00e0 la cacher ou s\u2019en excuser, cependant cela ne signifie pas que les chr\u00e9tiens utiliseront leurs activit\u00e9s comme un pr\u00e9texte pour faire du pros\u00e9lytisme.<\/p>\n<p>Dans la seconde pr\u00e9sentation, Andries Baart a insist\u00e9 sur l\u2019approche \u00ab \u00eatre une pr\u00e9sence \u00bb pratiqu\u00e9e dans le travail de mission urbaine aux Pays-Bas. Avec cette approche, dit-il, l\u2019accent est mis sur l\u2019importance de cultiver des relations bienveillantes et non sur la r\u00e9solution de probl\u00e8me. \u00ab Essayez de rester pr\u00e8s des gens, concentrez-vous toujours sur les personnes et ne les \u00e9cartez jamais \u00bb, a-t-il maintenu.<\/p>\n<p>Baart a aussi invoqu\u00e9 l\u2019apparente vuln\u00e9rabilit\u00e9 des femmes et des hommes dans la soci\u00e9t\u00e9. Il a propos\u00e9 que le syst\u00e8me de sant\u00e9 agisse d\u2019une mani\u00e8re adapt\u00e9e et relationnelle en tout temps pendant que les intervenants et les b\u00e9n\u00e9ficiaires maintiennent le dialogue sur leurs soins.<\/p>\n<p>La conf\u00e9rence a attir\u00e9 principalement deux groupes de visiteurs : des personnes affili\u00e9es et non affili\u00e9es \u00e0 une \u00e9glise telles que des travailleurs sociaux et des travailleurs en soins de sant\u00e9.<\/p>\n<p><em>D\u2019un article par Gerrit Jan Romeijn<\/em><\/p><\/p>\n","protected":false},"excerpt":{"rendered":"<p>NULL<\/p>\n","protected":false},"author":1,"featured_media":86498,"comment_status":"closed","ping_status":"closed","sticky":false,"template":"","format":"standard","meta":{"_acf_changed":false,"footnotes":""},"categories":[7],"tags":[257],"network":[],"eventcategory":[],"class_list":["post-9687","post","type-post","status-publish","format-standard","has-post-thumbnail","hentry","category-non-classifiee","tag-mission"],"acf":[],"yoast_head":"<!-- This site is optimized with the Yoast SEO plugin v27.2 - https:\/\/yoast.com\/product\/yoast-seo-wordpress\/ -->\n<title>Les mennonites n\u00e9erlandais c\u00e9l\u00e8brent le 25e anniversaire d\u2019un projet missionnaire au pays - Mennonite World Conference<\/title>\n<meta name=\"robots\" content=\"index, follow, max-snippet:-1, max-image-preview:large, max-video-preview:-1\" \/>\n<link rel=\"canonical\" href=\"https:\/\/mwc-cmm.org\/en\/stories\/dutch-mennonites-celebrate-25th-anniversary-home-mission-project\/\" \/>\n<meta property=\"og:locale\" content=\"fr_FR\" \/>\n<meta property=\"og:type\" content=\"article\" \/>\n<meta property=\"og:title\" content=\"Les mennonites n\u00e9erlandais c\u00e9l\u00e8brent le 25e anniversaire d\u2019un projet missionnaire au pays - Mennonite World Conference\" \/>\n<meta property=\"og:description\" content=\"NULL\" \/>\n<meta property=\"og:url\" content=\"https:\/\/mwc-cmm.org\/en\/stories\/dutch-mennonites-celebrate-25th-anniversary-home-mission-project\/\" \/>\n<meta property=\"og:site_name\" content=\"Mennonite World Conference\" \/>\n<meta property=\"article:publisher\" content=\"https:\/\/www.facebook.com\/MennoniteWorldConference\" \/>\n<meta property=\"article:published_time\" content=\"2015-02-03T00:00:00+00:00\" \/>\n<meta property=\"article:modified_time\" content=\"2024-12-10T17:13:22+00:00\" \/>\n<meta property=\"og:image\" content=\"https:\/\/mwc-cmm.org\/wp-content\/uploads\/2024\/11\/caroline_in_t_veld.jpg\" \/>\n\t<meta property=\"og:image:width\" content=\"762\" \/>\n\t<meta property=\"og:image:height\" content=\"774\" \/>\n\t<meta property=\"og:image:type\" content=\"image\/jpeg\" \/>\n<meta name=\"author\" content=\"mennworldcon\" \/>\n<script type=\"application\/ld+json\" class=\"yoast-schema-graph\">{\"@context\":\"https:\/\/schema.org\",\"@graph\":[{\"@type\":\"Article\",\"@id\":\"https:\/\/mwc-cmm.org\/en\/stories\/dutch-mennonites-celebrate-25th-anniversary-home-mission-project\/#article\",\"isPartOf\":{\"@id\":\"https:\/\/mwc-cmm.org\/en\/stories\/dutch-mennonites-celebrate-25th-anniversary-home-mission-project\/\"},\"author\":{\"name\":\"mennworldcon\",\"@id\":\"https:\/\/mwc-cmm.org\/en\/#\/schema\/person\/11f6ae0d7d1868ba20a1cc27f067c836\"},\"headline\":\"Les mennonites n\u00e9erlandais c\u00e9l\u00e8brent le 25e anniversaire d\u2019un projet missionnaire au pays\",\"datePublished\":\"2015-02-03T00:00:00+00:00\",\"dateModified\":\"2024-12-10T17:13:22+00:00\",\"mainEntityOfPage\":{\"@id\":\"https:\/\/mwc-cmm.org\/en\/stories\/dutch-mennonites-celebrate-25th-anniversary-home-mission-project\/\"},\"wordCount\":711,\"publisher\":{\"@id\":\"https:\/\/mwc-cmm.org\/en\/#organization\"},\"image\":{\"@id\":\"https:\/\/mwc-cmm.org\/en\/stories\/dutch-mennonites-celebrate-25th-anniversary-home-mission-project\/#primaryimage\"},\"thumbnailUrl\":\"https:\/\/mwc-cmm.org\/wp-content\/uploads\/2024\/11\/caroline_in_t_veld.jpg\",\"keywords\":[\"mission\"],\"articleSection\":[\"Non classifi\u00e9(e)\"],\"inLanguage\":\"fr-FR\"},{\"@type\":\"WebPage\",\"@id\":\"https:\/\/mwc-cmm.org\/en\/stories\/dutch-mennonites-celebrate-25th-anniversary-home-mission-project\/\",\"url\":\"https:\/\/mwc-cmm.org\/en\/stories\/dutch-mennonites-celebrate-25th-anniversary-home-mission-project\/\",\"name\":\"Les mennonites n\u00e9erlandais c\u00e9l\u00e8brent le 25e anniversaire d\u2019un projet missionnaire au pays - Mennonite World Conference\",\"isPartOf\":{\"@id\":\"https:\/\/mwc-cmm.org\/en\/#website\"},\"primaryImageOfPage\":{\"@id\":\"https:\/\/mwc-cmm.org\/en\/stories\/dutch-mennonites-celebrate-25th-anniversary-home-mission-project\/#primaryimage\"},\"image\":{\"@id\":\"https:\/\/mwc-cmm.org\/en\/stories\/dutch-mennonites-celebrate-25th-anniversary-home-mission-project\/#primaryimage\"},\"thumbnailUrl\":\"https:\/\/mwc-cmm.org\/wp-content\/uploads\/2024\/11\/caroline_in_t_veld.jpg\",\"datePublished\":\"2015-02-03T00:00:00+00:00\",\"dateModified\":\"2024-12-10T17:13:22+00:00\",\"breadcrumb\":{\"@id\":\"https:\/\/mwc-cmm.org\/en\/stories\/dutch-mennonites-celebrate-25th-anniversary-home-mission-project\/#breadcrumb\"},\"inLanguage\":\"fr-FR\",\"potentialAction\":[{\"@type\":\"ReadAction\",\"target\":[\"https:\/\/mwc-cmm.org\/en\/stories\/dutch-mennonites-celebrate-25th-anniversary-home-mission-project\/\"]}]},{\"@type\":\"ImageObject\",\"inLanguage\":\"fr-FR\",\"@id\":\"https:\/\/mwc-cmm.org\/en\/stories\/dutch-mennonites-celebrate-25th-anniversary-home-mission-project\/#primaryimage\",\"url\":\"https:\/\/mwc-cmm.org\/wp-content\/uploads\/2024\/11\/caroline_in_t_veld.jpg\",\"contentUrl\":\"https:\/\/mwc-cmm.org\/wp-content\/uploads\/2024\/11\/caroline_in_t_veld.jpg\",\"width\":762,\"height\":774},{\"@type\":\"BreadcrumbList\",\"@id\":\"https:\/\/mwc-cmm.org\/en\/stories\/dutch-mennonites-celebrate-25th-anniversary-home-mission-project\/#breadcrumb\",\"itemListElement\":[{\"@type\":\"ListItem\",\"position\":1,\"name\":\"Home\",\"item\":\"https:\/\/mwc-cmm.org\/fr\/\"},{\"@type\":\"ListItem\",\"position\":2,\"name\":\"Les mennonites n\u00e9erlandais c\u00e9l\u00e8brent le 25e anniversaire d\u2019un projet missionnaire au pays\"}]},{\"@type\":\"WebSite\",\"@id\":\"https:\/\/mwc-cmm.org\/en\/#website\",\"url\":\"https:\/\/mwc-cmm.org\/en\/\",\"name\":\"Mennonite World Conference\",\"description\":\"A communion of Anabaptist-related churches\",\"publisher\":{\"@id\":\"https:\/\/mwc-cmm.org\/en\/#organization\"},\"alternateName\":\"MWC\",\"potentialAction\":[{\"@type\":\"SearchAction\",\"target\":{\"@type\":\"EntryPoint\",\"urlTemplate\":\"https:\/\/mwc-cmm.org\/en\/?s={search_term_string}\"},\"query-input\":{\"@type\":\"PropertyValueSpecification\",\"valueRequired\":true,\"valueName\":\"search_term_string\"}}],\"inLanguage\":\"fr-FR\"},{\"@type\":\"Organization\",\"@id\":\"https:\/\/mwc-cmm.org\/en\/#organization\",\"name\":\"Mennonite World Conference\",\"alternateName\":\"MWC\",\"url\":\"https:\/\/mwc-cmm.org\/en\/\",\"logo\":{\"@type\":\"ImageObject\",\"inLanguage\":\"fr-FR\",\"@id\":\"https:\/\/mwc-cmm.org\/en\/#\/schema\/logo\/image\/\",\"url\":\"https:\/\/mwc-cmm.org\/wp-content\/uploads\/2026\/01\/MWC_Sig_Blue_Horiz_webheader1-logo.svg\",\"contentUrl\":\"https:\/\/mwc-cmm.org\/wp-content\/uploads\/2026\/01\/MWC_Sig_Blue_Horiz_webheader1-logo.svg\",\"width\":786,\"height\":82,\"caption\":\"Mennonite World Conference\"},\"image\":{\"@id\":\"https:\/\/mwc-cmm.org\/en\/#\/schema\/logo\/image\/\"},\"sameAs\":[\"https:\/\/www.facebook.com\/MennoniteWorldConference\",\"https:\/\/www.linkedin.com\/company\/mennonite-world-conference-mwc\/\",\"https:\/\/www.instagram.com\/mwcmm\/\",\"https:\/\/www.youtube.com\/user\/mwccmm\",\"https:\/\/bsky.app\/profile\/mwcmm.bsky.social\"]},{\"@type\":\"Person\",\"@id\":\"https:\/\/mwc-cmm.org\/en\/#\/schema\/person\/11f6ae0d7d1868ba20a1cc27f067c836\",\"name\":\"mennworldcon\",\"image\":{\"@type\":\"ImageObject\",\"inLanguage\":\"fr-FR\",\"@id\":\"https:\/\/secure.gravatar.com\/avatar\/06fdc0dc81c157dfdb82ec42f252178a22307808988d22c043f9eb96f1e0fe80?s=96&d=mm&r=g\",\"url\":\"https:\/\/secure.gravatar.com\/avatar\/06fdc0dc81c157dfdb82ec42f252178a22307808988d22c043f9eb96f1e0fe80?s=96&d=mm&r=g\",\"contentUrl\":\"https:\/\/secure.gravatar.com\/avatar\/06fdc0dc81c157dfdb82ec42f252178a22307808988d22c043f9eb96f1e0fe80?s=96&d=mm&r=g\",\"caption\":\"mennworldcon\"},\"sameAs\":[\"https:\/\/mwc-cmm.org\"],\"url\":\"https:\/\/mwc-cmm.org\/fr\/stories\/author\/mennworldcon\/\"}]}<\/script>\n<!-- \/ Yoast SEO plugin. -->","yoast_head_json":{"title":"Les mennonites n\u00e9erlandais c\u00e9l\u00e8brent le 25e anniversaire d\u2019un projet missionnaire au pays - Mennonite World Conference","robots":{"index":"index","follow":"follow","max-snippet":"max-snippet:-1","max-image-preview":"max-image-preview:large","max-video-preview":"max-video-preview:-1"},"canonical":"https:\/\/mwc-cmm.org\/en\/stories\/dutch-mennonites-celebrate-25th-anniversary-home-mission-project\/","og_locale":"fr_FR","og_type":"article","og_title":"Les mennonites n\u00e9erlandais c\u00e9l\u00e8brent le 25e anniversaire d\u2019un projet missionnaire au pays - Mennonite World Conference","og_description":"NULL","og_url":"https:\/\/mwc-cmm.org\/en\/stories\/dutch-mennonites-celebrate-25th-anniversary-home-mission-project\/","og_site_name":"Mennonite World Conference","article_publisher":"https:\/\/www.facebook.com\/MennoniteWorldConference","article_published_time":"2015-02-03T00:00:00+00:00","article_modified_time":"2024-12-10T17:13:22+00:00","og_image":[{"width":762,"height":774,"url":"https:\/\/mwc-cmm.org\/wp-content\/uploads\/2024\/11\/caroline_in_t_veld.jpg","type":"image\/jpeg"}],"author":"mennworldcon","schema":{"@context":"https:\/\/schema.org","@graph":[{"@type":"Article","@id":"https:\/\/mwc-cmm.org\/en\/stories\/dutch-mennonites-celebrate-25th-anniversary-home-mission-project\/#article","isPartOf":{"@id":"https:\/\/mwc-cmm.org\/en\/stories\/dutch-mennonites-celebrate-25th-anniversary-home-mission-project\/"},"author":{"name":"mennworldcon","@id":"https:\/\/mwc-cmm.org\/en\/#\/schema\/person\/11f6ae0d7d1868ba20a1cc27f067c836"},"headline":"Les mennonites n\u00e9erlandais c\u00e9l\u00e8brent le 25e anniversaire d\u2019un projet missionnaire au pays","datePublished":"2015-02-03T00:00:00+00:00","dateModified":"2024-12-10T17:13:22+00:00","mainEntityOfPage":{"@id":"https:\/\/mwc-cmm.org\/en\/stories\/dutch-mennonites-celebrate-25th-anniversary-home-mission-project\/"},"wordCount":711,"publisher":{"@id":"https:\/\/mwc-cmm.org\/en\/#organization"},"image":{"@id":"https:\/\/mwc-cmm.org\/en\/stories\/dutch-mennonites-celebrate-25th-anniversary-home-mission-project\/#primaryimage"},"thumbnailUrl":"https:\/\/mwc-cmm.org\/wp-content\/uploads\/2024\/11\/caroline_in_t_veld.jpg","keywords":["mission"],"articleSection":["Non classifi\u00e9(e)"],"inLanguage":"fr-FR"},{"@type":"WebPage","@id":"https:\/\/mwc-cmm.org\/en\/stories\/dutch-mennonites-celebrate-25th-anniversary-home-mission-project\/","url":"https:\/\/mwc-cmm.org\/en\/stories\/dutch-mennonites-celebrate-25th-anniversary-home-mission-project\/","name":"Les mennonites n\u00e9erlandais c\u00e9l\u00e8brent le 25e anniversaire d\u2019un projet missionnaire au pays - Mennonite World Conference","isPartOf":{"@id":"https:\/\/mwc-cmm.org\/en\/#website"},"primaryImageOfPage":{"@id":"https:\/\/mwc-cmm.org\/en\/stories\/dutch-mennonites-celebrate-25th-anniversary-home-mission-project\/#primaryimage"},"image":{"@id":"https:\/\/mwc-cmm.org\/en\/stories\/dutch-mennonites-celebrate-25th-anniversary-home-mission-project\/#primaryimage"},"thumbnailUrl":"https:\/\/mwc-cmm.org\/wp-content\/uploads\/2024\/11\/caroline_in_t_veld.jpg","datePublished":"2015-02-03T00:00:00+00:00","dateModified":"2024-12-10T17:13:22+00:00","breadcrumb":{"@id":"https:\/\/mwc-cmm.org\/en\/stories\/dutch-mennonites-celebrate-25th-anniversary-home-mission-project\/#breadcrumb"},"inLanguage":"fr-FR","potentialAction":[{"@type":"ReadAction","target":["https:\/\/mwc-cmm.org\/en\/stories\/dutch-mennonites-celebrate-25th-anniversary-home-mission-project\/"]}]},{"@type":"ImageObject","inLanguage":"fr-FR","@id":"https:\/\/mwc-cmm.org\/en\/stories\/dutch-mennonites-celebrate-25th-anniversary-home-mission-project\/#primaryimage","url":"https:\/\/mwc-cmm.org\/wp-content\/uploads\/2024\/11\/caroline_in_t_veld.jpg","contentUrl":"https:\/\/mwc-cmm.org\/wp-content\/uploads\/2024\/11\/caroline_in_t_veld.jpg","width":762,"height":774},{"@type":"BreadcrumbList","@id":"https:\/\/mwc-cmm.org\/en\/stories\/dutch-mennonites-celebrate-25th-anniversary-home-mission-project\/#breadcrumb","itemListElement":[{"@type":"ListItem","position":1,"name":"Home","item":"https:\/\/mwc-cmm.org\/fr\/"},{"@type":"ListItem","position":2,"name":"Les mennonites n\u00e9erlandais c\u00e9l\u00e8brent le 25e anniversaire d\u2019un projet missionnaire au pays"}]},{"@type":"WebSite","@id":"https:\/\/mwc-cmm.org\/en\/#website","url":"https:\/\/mwc-cmm.org\/en\/","name":"Mennonite World Conference","description":"A communion of Anabaptist-related churches","publisher":{"@id":"https:\/\/mwc-cmm.org\/en\/#organization"},"alternateName":"MWC","potentialAction":[{"@type":"SearchAction","target":{"@type":"EntryPoint","urlTemplate":"https:\/\/mwc-cmm.org\/en\/?s={search_term_string}"},"query-input":{"@type":"PropertyValueSpecification","valueRequired":true,"valueName":"search_term_string"}}],"inLanguage":"fr-FR"},{"@type":"Organization","@id":"https:\/\/mwc-cmm.org\/en\/#organization","name":"Mennonite World Conference","alternateName":"MWC","url":"https:\/\/mwc-cmm.org\/en\/","logo":{"@type":"ImageObject","inLanguage":"fr-FR","@id":"https:\/\/mwc-cmm.org\/en\/#\/schema\/logo\/image\/","url":"https:\/\/mwc-cmm.org\/wp-content\/uploads\/2026\/01\/MWC_Sig_Blue_Horiz_webheader1-logo.svg","contentUrl":"https:\/\/mwc-cmm.org\/wp-content\/uploads\/2026\/01\/MWC_Sig_Blue_Horiz_webheader1-logo.svg","width":786,"height":82,"caption":"Mennonite World Conference"},"image":{"@id":"https:\/\/mwc-cmm.org\/en\/#\/schema\/logo\/image\/"},"sameAs":["https:\/\/www.facebook.com\/MennoniteWorldConference","https:\/\/www.linkedin.com\/company\/mennonite-world-conference-mwc\/","https:\/\/www.instagram.com\/mwcmm\/","https:\/\/www.youtube.com\/user\/mwccmm","https:\/\/bsky.app\/profile\/mwcmm.bsky.social"]},{"@type":"Person","@id":"https:\/\/mwc-cmm.org\/en\/#\/schema\/person\/11f6ae0d7d1868ba20a1cc27f067c836","name":"mennworldcon","image":{"@type":"ImageObject","inLanguage":"fr-FR","@id":"https:\/\/secure.gravatar.com\/avatar\/06fdc0dc81c157dfdb82ec42f252178a22307808988d22c043f9eb96f1e0fe80?s=96&d=mm&r=g","url":"https:\/\/secure.gravatar.com\/avatar\/06fdc0dc81c157dfdb82ec42f252178a22307808988d22c043f9eb96f1e0fe80?s=96&d=mm&r=g","contentUrl":"https:\/\/secure.gravatar.com\/avatar\/06fdc0dc81c157dfdb82ec42f252178a22307808988d22c043f9eb96f1e0fe80?s=96&d=mm&r=g","caption":"mennworldcon"},"sameAs":["https:\/\/mwc-cmm.org"],"url":"https:\/\/mwc-cmm.org\/fr\/stories\/author\/mennworldcon\/"}]}},"_links":{"self":[{"href":"https:\/\/mwc-cmm.org\/fr\/wp-json\/wp\/v2\/posts\/9687","targetHints":{"allow":["GET"]}}],"collection":[{"href":"https:\/\/mwc-cmm.org\/fr\/wp-json\/wp\/v2\/posts"}],"about":[{"href":"https:\/\/mwc-cmm.org\/fr\/wp-json\/wp\/v2\/types\/post"}],"author":[{"embeddable":true,"href":"https:\/\/mwc-cmm.org\/fr\/wp-json\/wp\/v2\/users\/1"}],"replies":[{"embeddable":true,"href":"https:\/\/mwc-cmm.org\/fr\/wp-json\/wp\/v2\/comments?post=9687"}],"version-history":[{"count":0,"href":"https:\/\/mwc-cmm.org\/fr\/wp-json\/wp\/v2\/posts\/9687\/revisions"}],"wp:featuredmedia":[{"embeddable":true,"href":"https:\/\/mwc-cmm.org\/fr\/wp-json\/wp\/v2\/media\/86498"}],"wp:attachment":[{"href":"https:\/\/mwc-cmm.org\/fr\/wp-json\/wp\/v2\/media?parent=9687"}],"wp:term":[{"taxonomy":"category","embeddable":true,"href":"https:\/\/mwc-cmm.org\/fr\/wp-json\/wp\/v2\/categories?post=9687"},{"taxonomy":"post_tag","embeddable":true,"href":"https:\/\/mwc-cmm.org\/fr\/wp-json\/wp\/v2\/tags?post=9687"},{"taxonomy":"network","embeddable":true,"href":"https:\/\/mwc-cmm.org\/fr\/wp-json\/wp\/v2\/network?post=9687"},{"taxonomy":"eventcategory","embeddable":true,"href":"https:\/\/mwc-cmm.org\/fr\/wp-json\/wp\/v2\/eventcategory?post=9687"}],"curies":[{"name":"wp","href":"https:\/\/api.w.org\/{rel}","templated":true}]}}